{"id":38100,"date":"2019-08-16T12:21:32","date_gmt":"2019-08-16T17:21:32","guid":{"rendered":"http:\/\/www.grieta.org.mx\/?p=38100"},"modified":"2019-08-21T12:39:49","modified_gmt":"2019-08-21T17:39:49","slug":"disculpen-las-molestias-pero-nos-estan-matando-feministas-michoacan","status":"publish","type":"post","link":"https:\/\/www.grieta.org.mx\/index.php\/2019\/08\/16\/disculpen-las-molestias-pero-nos-estan-matando-feministas-michoacan\/","title":{"rendered":"Disculpen las molestias, pero nos est\u00e1n matando: feministas (Michoac\u00e1n)"},"content":{"rendered":"<figure id=\"attachment_38101\" aria-describedby=\"caption-attachment-38101\" style=\"width: 800px\" class=\"wp-caption aligncenter\"><img loading=\"lazy\" decoding=\"async\" data-attachment-id=\"38101\" data-permalink=\"https:\/\/www.grieta.org.mx\/index.php\/2019\/08\/16\/disculpen-las-molestias-pero-nos-estan-matando-feministas-michoacan\/whatsapp-image-2019-08-16-at-8-09-20-pm1-1000x500\/\" data-orig-file=\"https:\/\/www.grieta.org.mx\/wp-content\/uploads\/2019\/08\/WhatsApp-Image-2019-08-16-at-8.09.20-PM1-1000x500.jpeg\" data-orig-size=\"1000,500\" data-comments-opened=\"0\" data-image-meta=\"{&quot;aperture&quot;:&quot;0&quot;,&quot;credit&quot;:&quot;&quot;,&quot;camera&quot;:&quot;&quot;,&quot;caption&quot;:&quot;&quot;,&quot;created_timestamp&quot;:&quot;0&quot;,&quot;copyright&quot;:&quot;&quot;,&quot;focal_length&quot;:&quot;0&quot;,&quot;iso&quot;:&quot;0&quot;,&quot;shutter_speed&quot;:&quot;0&quot;,&quot;title&quot;:&quot;&quot;,&quot;orientation&quot;:&quot;0&quot;}\" data-image-title=\"WhatsApp-Image-2019-08-16-at-8.09.20-PM1-1000&amp;#215;500\" data-image-description=\"\" data-image-caption=\"&lt;p&gt;Foto: Javier Vel\u00e1zquez\/ Contramuro&lt;\/p&gt;\n\" data-medium-file=\"https:\/\/www.grieta.org.mx\/wp-content\/uploads\/2019\/08\/WhatsApp-Image-2019-08-16-at-8.09.20-PM1-1000x500-300x150.jpeg\" data-large-file=\"https:\/\/www.grieta.org.mx\/wp-content\/uploads\/2019\/08\/WhatsApp-Image-2019-08-16-at-8.09.20-PM1-1000x500.jpeg\" class=\"wp-image-38101\" src=\"http:\/\/www.grieta.org.mx\/wp-content\/uploads\/2019\/08\/WhatsApp-Image-2019-08-16-at-8.09.20-PM1-1000x500.jpeg\" alt=\"\" width=\"800\" height=\"400\" srcset=\"https:\/\/www.grieta.org.mx\/wp-content\/uploads\/2019\/08\/WhatsApp-Image-2019-08-16-at-8.09.20-PM1-1000x500.jpeg 1000w, https:\/\/www.grieta.org.mx\/wp-content\/uploads\/2019\/08\/WhatsApp-Image-2019-08-16-at-8.09.20-PM1-1000x500-300x150.jpeg 300w, https:\/\/www.grieta.org.mx\/wp-content\/uploads\/2019\/08\/WhatsApp-Image-2019-08-16-at-8.09.20-PM1-1000x500-768x384.jpeg 768w\" sizes=\"auto, (max-width: 800px) 100vw, 800px\" \/><figcaption id=\"caption-attachment-38101\" class=\"wp-caption-text\">Foto: Javier Vel\u00e1zquez\/ Contramuro<\/figcaption><\/figure>\n<p>Javier Vel\u00e1zquez \/Contramuro, 16 de agosto de 2019<\/p>\n<blockquote><p><strong>M\u00e1s de 100 feministas se manifestaron esta tarde en la plaza Benito Ju\u00e1rez para exigir un alto a los homicidios en contra de ellas<\/strong><\/p><\/blockquote>\n<p>Morelia, Michoac\u00e1n.- Con diversas consignas acerca de las violaciones que han sufrido varias mujeres en el pa\u00eds, en espec\u00edfico los casos en Ciudad de M\u00e9xico, feministas michoacanas exigieron al estado m\u00e1s seguridad, as\u00ed como un alto a \u00e9stos en la plaza Benito Ju\u00e1rez de la capital michoacana.<\/p>\n<p>\u00abQuiero vivir sin miedo\u00bb, \u00abDisculpen las molestias que ocasionamos, pero nos est\u00e1n matando\u00bb, \u00abMachete al machote\u00bb, \u00abQuiero caminar sin miedo\u00bb y \u00abLa polic\u00eda no me cuida, me viola\u00bb fueron algunas de las frases con las que marcharon alrededor de 100 mujeres michoacanas.<\/p>\n<figure id=\"attachment_38102\" aria-describedby=\"caption-attachment-38102\" style=\"width: 800px\" class=\"wp-caption aligncenter\"><img loading=\"lazy\" decoding=\"async\" data-attachment-id=\"38102\" data-permalink=\"https:\/\/www.grieta.org.mx\/index.php\/2019\/08\/16\/disculpen-las-molestias-pero-nos-estan-matando-feministas-michoacan\/whatsapp-image-2019-08-16-at-8-09-22-pm\/\" data-orig-file=\"https:\/\/www.grieta.org.mx\/wp-content\/uploads\/2019\/08\/WhatsApp-Image-2019-08-16-at-8.09.22-PM.jpeg\" data-orig-size=\"1280,960\" data-comments-opened=\"0\" data-image-meta=\"{&quot;aperture&quot;:&quot;0&quot;,&quot;credit&quot;:&quot;&quot;,&quot;camera&quot;:&quot;&quot;,&quot;caption&quot;:&quot;&quot;,&quot;created_timestamp&quot;:&quot;0&quot;,&quot;copyright&quot;:&quot;&quot;,&quot;focal_length&quot;:&quot;0&quot;,&quot;iso&quot;:&quot;0&quot;,&quot;shutter_speed&quot;:&quot;0&quot;,&quot;title&quot;:&quot;&quot;,&quot;orientation&quot;:&quot;0&quot;}\" data-image-title=\"WhatsApp-Image-2019-08-16-at-8.09.22-PM\" data-image-description=\"\" data-image-caption=\"&lt;p&gt;Foto: Javier Vel\u00e1zquez\/ Contramuro&lt;\/p&gt;\n\" data-medium-file=\"https:\/\/www.grieta.org.mx\/wp-content\/uploads\/2019\/08\/WhatsApp-Image-2019-08-16-at-8.09.22-PM-300x225.jpeg\" data-large-file=\"https:\/\/www.grieta.org.mx\/wp-content\/uploads\/2019\/08\/WhatsApp-Image-2019-08-16-at-8.09.22-PM-1024x768.jpeg\" class=\"wp-image-38102\" src=\"http:\/\/www.grieta.org.mx\/wp-content\/uploads\/2019\/08\/WhatsApp-Image-2019-08-16-at-8.09.22-PM-1024x768.jpeg\" alt=\"\" width=\"800\" height=\"600\" srcset=\"https:\/\/www.grieta.org.mx\/wp-content\/uploads\/2019\/08\/WhatsApp-Image-2019-08-16-at-8.09.22-PM-1024x768.jpeg 1024w, https:\/\/www.grieta.org.mx\/wp-content\/uploads\/2019\/08\/WhatsApp-Image-2019-08-16-at-8.09.22-PM-300x225.jpeg 300w, https:\/\/www.grieta.org.mx\/wp-content\/uploads\/2019\/08\/WhatsApp-Image-2019-08-16-at-8.09.22-PM-768x576.jpeg 768w, https:\/\/www.grieta.org.mx\/wp-content\/uploads\/2019\/08\/WhatsApp-Image-2019-08-16-at-8.09.22-PM-667x500.jpeg 667w, https:\/\/www.grieta.org.mx\/wp-content\/uploads\/2019\/08\/WhatsApp-Image-2019-08-16-at-8.09.22-PM.jpeg 1280w\" sizes=\"auto, (max-width: 800px) 100vw, 800px\" \/><figcaption id=\"caption-attachment-38102\" class=\"wp-caption-text\">Foto: Javier Vel\u00e1zquez\/ Contramuro<\/figcaption><\/figure>\n<p>Las feministas denuncian que durante este mes de agosto, mujeres han reportado por lo menos tres violaciones sexuales por parte de elementos policiales de la Ciudad de M\u00e9xico, lo cual ha generado inconformidades y reacciones en una gran cantidad de entidades federativas.<\/p>\n<figure id=\"attachment_38103\" aria-describedby=\"caption-attachment-38103\" style=\"width: 800px\" class=\"wp-caption aligncenter\"><img loading=\"lazy\" decoding=\"async\" data-attachment-id=\"38103\" data-permalink=\"https:\/\/www.grieta.org.mx\/index.php\/2019\/08\/16\/disculpen-las-molestias-pero-nos-estan-matando-feministas-michoacan\/whatsapp-image-2019-08-16-at-8-09-20-pm\/\" data-orig-file=\"https:\/\/www.grieta.org.mx\/wp-content\/uploads\/2019\/08\/WhatsApp-Image-2019-08-16-at-8.09.20-PM.jpeg\" data-orig-size=\"1280,960\" data-comments-opened=\"0\" data-image-meta=\"{&quot;aperture&quot;:&quot;0&quot;,&quot;credit&quot;:&quot;&quot;,&quot;camera&quot;:&quot;&quot;,&quot;caption&quot;:&quot;&quot;,&quot;created_timestamp&quot;:&quot;0&quot;,&quot;copyright&quot;:&quot;&quot;,&quot;focal_length&quot;:&quot;0&quot;,&quot;iso&quot;:&quot;0&quot;,&quot;shutter_speed&quot;:&quot;0&quot;,&quot;title&quot;:&quot;&quot;,&quot;orientation&quot;:&quot;0&quot;}\" data-image-title=\"WhatsApp-Image-2019-08-16-at-8.09.20-PM\" data-image-description=\"\" data-image-caption=\"&lt;p&gt;Foto: Javier Vel\u00e1zquez\/ Contramuro&lt;\/p&gt;\n\" data-medium-file=\"https:\/\/www.grieta.org.mx\/wp-content\/uploads\/2019\/08\/WhatsApp-Image-2019-08-16-at-8.09.20-PM-300x225.jpeg\" data-large-file=\"https:\/\/www.grieta.org.mx\/wp-content\/uploads\/2019\/08\/WhatsApp-Image-2019-08-16-at-8.09.20-PM-1024x768.jpeg\" class=\"wp-image-38103\" src=\"http:\/\/www.grieta.org.mx\/wp-content\/uploads\/2019\/08\/WhatsApp-Image-2019-08-16-at-8.09.20-PM-1024x768.jpeg\" alt=\"\" width=\"800\" height=\"600\" srcset=\"https:\/\/www.grieta.org.mx\/wp-content\/uploads\/2019\/08\/WhatsApp-Image-2019-08-16-at-8.09.20-PM-1024x768.jpeg 1024w, https:\/\/www.grieta.org.mx\/wp-content\/uploads\/2019\/08\/WhatsApp-Image-2019-08-16-at-8.09.20-PM-300x225.jpeg 300w, https:\/\/www.grieta.org.mx\/wp-content\/uploads\/2019\/08\/WhatsApp-Image-2019-08-16-at-8.09.20-PM-768x576.jpeg 768w, https:\/\/www.grieta.org.mx\/wp-content\/uploads\/2019\/08\/WhatsApp-Image-2019-08-16-at-8.09.20-PM-667x500.jpeg 667w, https:\/\/www.grieta.org.mx\/wp-content\/uploads\/2019\/08\/WhatsApp-Image-2019-08-16-at-8.09.20-PM.jpeg 1280w\" sizes=\"auto, (max-width: 800px) 100vw, 800px\" \/><figcaption id=\"caption-attachment-38103\" class=\"wp-caption-text\">Foto: Javier Vel\u00e1zquez\/ Contramuro<\/figcaption><\/figure>\n<p>Seg\u00fan informaci\u00f3n proporcionada por las propias manifestantes cada d\u00eda se registren al menos 9 feminicidios en el pa\u00eds, mientras que en nuestra entidad al menos 53 homicidios se han registrado en el mes de julio en contra de ellas.<\/p>\n<p>Despu\u00e9s las mujeres tomaron la avenida Madero con rumbo a la fuente de las tarascas, esto con el fin de despertar conciencia entre los morelianos y as\u00ed, sumar a m\u00e1s en esta lucha que llamaron de todas.Despu\u00e9s las mujeres tomaron la avenida Madero con rumbo a la fuente de las tarascas, esto con el fin de despertar conciencia entre los morelianos y as\u00ed, sumar a m\u00e1s en esta lucha que llamaron de todas.<\/p>\n<figure id=\"attachment_38104\" aria-describedby=\"caption-attachment-38104\" style=\"width: 800px\" class=\"wp-caption alignnone\"><img loading=\"lazy\" decoding=\"async\" data-attachment-id=\"38104\" data-permalink=\"https:\/\/www.grieta.org.mx\/index.php\/2019\/08\/16\/disculpen-las-molestias-pero-nos-estan-matando-feministas-michoacan\/whatsapp-image-2019-08-16-at-8-09-23-pm1\/\" data-orig-file=\"https:\/\/www.grieta.org.mx\/wp-content\/uploads\/2019\/08\/WhatsApp-Image-2019-08-16-at-8.09.23-PM1.jpeg\" data-orig-size=\"1280,960\" data-comments-opened=\"0\" data-image-meta=\"{&quot;aperture&quot;:&quot;0&quot;,&quot;credit&quot;:&quot;&quot;,&quot;camera&quot;:&quot;&quot;,&quot;caption&quot;:&quot;&quot;,&quot;created_timestamp&quot;:&quot;0&quot;,&quot;copyright&quot;:&quot;&quot;,&quot;focal_length&quot;:&quot;0&quot;,&quot;iso&quot;:&quot;0&quot;,&quot;shutter_speed&quot;:&quot;0&quot;,&quot;title&quot;:&quot;&quot;,&quot;orientation&quot;:&quot;0&quot;}\" data-image-title=\"WhatsApp-Image-2019-08-16-at-8.09.23-PM1\" data-image-description=\"\" data-image-caption=\"&lt;p&gt;Foto: Javier Vel\u00e1zquez\/ Contramuro&lt;\/p&gt;\n\" data-medium-file=\"https:\/\/www.grieta.org.mx\/wp-content\/uploads\/2019\/08\/WhatsApp-Image-2019-08-16-at-8.09.23-PM1-300x225.jpeg\" data-large-file=\"https:\/\/www.grieta.org.mx\/wp-content\/uploads\/2019\/08\/WhatsApp-Image-2019-08-16-at-8.09.23-PM1-1024x768.jpeg\" class=\"wp-image-38104\" src=\"http:\/\/www.grieta.org.mx\/wp-content\/uploads\/2019\/08\/WhatsApp-Image-2019-08-16-at-8.09.23-PM1-1024x768.jpeg\" alt=\"\" width=\"800\" height=\"600\" srcset=\"https:\/\/www.grieta.org.mx\/wp-content\/uploads\/2019\/08\/WhatsApp-Image-2019-08-16-at-8.09.23-PM1-1024x768.jpeg 1024w, https:\/\/www.grieta.org.mx\/wp-content\/uploads\/2019\/08\/WhatsApp-Image-2019-08-16-at-8.09.23-PM1-300x225.jpeg 300w, https:\/\/www.grieta.org.mx\/wp-content\/uploads\/2019\/08\/WhatsApp-Image-2019-08-16-at-8.09.23-PM1-768x576.jpeg 768w, https:\/\/www.grieta.org.mx\/wp-content\/uploads\/2019\/08\/WhatsApp-Image-2019-08-16-at-8.09.23-PM1-667x500.jpeg 667w, https:\/\/www.grieta.org.mx\/wp-content\/uploads\/2019\/08\/WhatsApp-Image-2019-08-16-at-8.09.23-PM1.jpeg 1280w\" sizes=\"auto, (max-width: 800px) 100vw, 800px\" \/><figcaption id=\"caption-attachment-38104\" class=\"wp-caption-text\">Foto: Javier Vel\u00e1zquez\/ Contramuro<\/figcaption><\/figure>\n<p>Se debe recordar que actualmente las feministas utilizan la brillantina morada como s\u00edmbolo de su lucha, esto debido a que el pasado 12 de agosto un grupo de manifestantes feministas lanz\u00f3 este polvo de color brillante sobre la cabeza del secretario de seguridad de la Ciudad de M\u00e9xico, Jes\u00fas Orta Mart\u00ednez, ante la impunidad que prevalece en estos abusos.<\/p>\n<p><a href=\"https:\/\/www.contramuro.com\/disculpen-las-molestias-pero-nos-estan-matando-feministas\/\">https:\/\/www.contramuro.com\/disculpen-las-molestias-pero-nos-estan-matando-feministas\/<\/a><\/p>\n","protected":false},"excerpt":{"rendered":"<p>Javier Vel\u00e1zquez \/Contramuro, 16 de agosto de 2019 M\u00e1s de 100 feministas se manifestaron esta tarde en la plaza Benito Ju\u00e1rez para exigir un alto a los homicidios en contra &hellip; <a href=\"https:\/\/www.grieta.org.mx\/index.php\/2019\/08\/16\/disculpen-las-molestias-pero-nos-estan-matando-feministas-michoacan\/\" class=\"more-link\">Leer m\u00e1s<\/a><\/p>\n","protected":false},"author":2,"featured_media":38101,"comment_status":"closed","ping_status":"closed","sticky":false,"template":"","format":"standard","meta":{"ngg_post_thumbnail":0,"_jetpack_newsletter_access":"","_jetpack_dont_email_post_to_subs":false,"_jetpack_newsletter_tier_id":0,"_jetpack_memberships_contains_paywalled_content":false,"_jetpack_memberships_contains_paid_content":false,"footnotes":""},"categories":[80,84,906,2819,21,991,2690,2247],"tags":[2248,94],"class_list":["post-38100","post","type-post","status-publish","format-standard","has-post-thumbnail","hentry","category-cintillo","category-feminicidios","category-feminicidios-en-michoacan","category-luchas-de-las-mujeres-en-michoacan","category-michoacan","category-movilizaciones-contra-la-violencia-hacia-las-mujeres-en-michoacan","category-resistencias","category-violencia-contra-la-mujeres-en-michoacan","tag-luchas-de-las-mujeres","tag-violencia-contra-mujeres","entry"],"jetpack_featured_media_url":"https:\/\/www.grieta.org.mx\/wp-content\/uploads\/2019\/08\/WhatsApp-Image-2019-08-16-at-8.09.20-PM1-1000x500.jpeg","jetpack_sharing_enabled":true,"jetpack_shortlink":"https:\/\/wp.me\/p7ZJR4-9Uw","jetpack_likes_enabled":false,"jetpack-related-posts":[{"id":60463,"url":"https:\/\/www.grieta.org.mx\/index.php\/2021\/07\/13\/cerraremos-el-ano-con-el-doble-de-mujeres-asesinadas-en-2020-feministas-michoacan\/","url_meta":{"origin":38100,"position":0},"title":"Cerraremos el a\u00f1o con el doble de mujeres asesinadas en 2020: feministas (Michoac\u00e1n)","author":"grieta","date":"13 julio, 2021","format":false,"excerpt":"Por Karla Garc\u00eda - 13 - julio - 2021. CB Televisi\u00f3n. Morelia, Michoac\u00e1n.- A causa de los recientes casos de violencia hacia las mujeres en todo el estado de Michoac\u00e1n, feministas han realizado actividades de protesta en exigencia de una soluci\u00f3n. A trav\u00e9s de un comunicado, las colectivas feministas resaltaron\u2026","rel":"","context":"En &quot;CINTILLO&quot;","block_context":{"text":"CINTILLO","link":"https:\/\/www.grieta.org.mx\/index.php\/category\/cintillo\/"},"img":{"alt_text":"","src":"https:\/\/i0.wp.com\/www.grieta.org.mx\/wp-content\/uploads\/2021\/07\/Captura-de-pantalla-2021-07-15-a-las-18.35.31.png?resize=350%2C200&ssl=1","width":350,"height":200,"srcset":"https:\/\/i0.wp.com\/www.grieta.org.mx\/wp-content\/uploads\/2021\/07\/Captura-de-pantalla-2021-07-15-a-las-18.35.31.png?resize=350%2C200&ssl=1 1x, https:\/\/i0.wp.com\/www.grieta.org.mx\/wp-content\/uploads\/2021\/07\/Captura-de-pantalla-2021-07-15-a-las-18.35.31.png?resize=525%2C300&ssl=1 1.5x, https:\/\/i0.wp.com\/www.grieta.org.mx\/wp-content\/uploads\/2021\/07\/Captura-de-pantalla-2021-07-15-a-las-18.35.31.png?resize=700%2C400&ssl=1 2x, https:\/\/i0.wp.com\/www.grieta.org.mx\/wp-content\/uploads\/2021\/07\/Captura-de-pantalla-2021-07-15-a-las-18.35.31.png?resize=1050%2C600&ssl=1 3x"},"classes":[]},{"id":54697,"url":"https:\/\/www.grieta.org.mx\/index.php\/2020\/11\/03\/demandan-que-el-3-de-noviembre-sea-de-luto-por-victimas-de-feminicidio-michoacan\/","url_meta":{"origin":38100,"position":1},"title":"Demandan que el 3 de noviembre sea de luto por v\u00edctimas de feminicidio  (Michoac\u00e1n)","author":"grieta","date":"3 noviembre, 2020","format":false,"excerpt":"F\u00e1tima Alfaro \/Quadrat\u00edn, 03 de noviembre de 2020 El texto original de este art\u00edculo fue publicado por la Agencia Quadrat\u00edn en la siguiente direcci\u00f3n: https:\/\/www.quadratin.com.mx\/municipios\/morelia\/demandan-que-el-3-de-noviembre-sea-de-luto-por-victimas-de-feminicidio\/ Este contenido se encuentra protegido por la ley. Si lo cita, por favor mencione la fuente y haga un enlace a la nota original de\u2026","rel":"","context":"En &quot;CINTILLO&quot;","block_context":{"text":"CINTILLO","link":"https:\/\/www.grieta.org.mx\/index.php\/category\/cintillo\/"},"img":{"alt_text":"","src":"https:\/\/i0.wp.com\/www.grieta.org.mx\/wp-content\/uploads\/2020\/11\/434343444444444444444-1160x700-1.jpg?resize=350%2C200&ssl=1","width":350,"height":200,"srcset":"https:\/\/i0.wp.com\/www.grieta.org.mx\/wp-content\/uploads\/2020\/11\/434343444444444444444-1160x700-1.jpg?resize=350%2C200&ssl=1 1x, https:\/\/i0.wp.com\/www.grieta.org.mx\/wp-content\/uploads\/2020\/11\/434343444444444444444-1160x700-1.jpg?resize=525%2C300&ssl=1 1.5x, https:\/\/i0.wp.com\/www.grieta.org.mx\/wp-content\/uploads\/2020\/11\/434343444444444444444-1160x700-1.jpg?resize=700%2C400&ssl=1 2x, https:\/\/i0.wp.com\/www.grieta.org.mx\/wp-content\/uploads\/2020\/11\/434343444444444444444-1160x700-1.jpg?resize=1050%2C600&ssl=1 3x"},"classes":[]},{"id":57585,"url":"https:\/\/www.grieta.org.mx\/index.php\/2021\/03\/08\/visten-movimientos-feministas-los-monumentos-de-morelia-michoacan\/","url_meta":{"origin":38100,"position":2},"title":"Visten movimientos feministas los monumentos de Morelia  (Michoac\u00e1n)","author":"grieta","date":"8 marzo, 2021","format":false,"excerpt":"F\u00e1tima Alfaro, Agencia Quadrat\u00edn, 08 de marzo de 2021 MORELIA, Mich., 8 de marzo de 2021.- Monumentos en la zona Centro de Morelia fueron intervenidos este lunes 8 de marzo con los colores representativos de los movimientos feministas, en conmemoraci\u00f3n del D\u00eda Internacional de la Mujer. Cubiertos con mantas verdes,\u2026","rel":"","context":"En &quot;CINTILLO&quot;","block_context":{"text":"CINTILLO","link":"https:\/\/www.grieta.org.mx\/index.php\/category\/cintillo\/"},"img":{"alt_text":"","src":"https:\/\/i0.wp.com\/www.grieta.org.mx\/wp-content\/uploads\/2018\/03\/14524434_1106112876131411_958039263622046936_o.jpg?resize=350%2C200&ssl=1","width":350,"height":200,"srcset":"https:\/\/i0.wp.com\/www.grieta.org.mx\/wp-content\/uploads\/2018\/03\/14524434_1106112876131411_958039263622046936_o.jpg?resize=350%2C200&ssl=1 1x, https:\/\/i0.wp.com\/www.grieta.org.mx\/wp-content\/uploads\/2018\/03\/14524434_1106112876131411_958039263622046936_o.jpg?resize=525%2C300&ssl=1 1.5x, https:\/\/i0.wp.com\/www.grieta.org.mx\/wp-content\/uploads\/2018\/03\/14524434_1106112876131411_958039263622046936_o.jpg?resize=700%2C400&ssl=1 2x"},"classes":[]},{"id":54041,"url":"https:\/\/www.grieta.org.mx\/index.php\/2020\/10\/03\/de-161-asesinadas-en-michoacan-solo-13-fueron-tipificadas-como-feminicidios\/","url_meta":{"origin":38100,"position":3},"title":"De 161 asesinadas en Michoac\u00e1n, s\u00f3lo 13 fueron tipificadas como feminicidios","author":"grieta","date":"3 octubre, 2020","format":false,"excerpt":"Mujeres piden a pol\u00edticos y gobernantes pasar de los mensajes a las acciones a favor del derecho de las mujeres a una vida sin violencia Zuhey Medina | El Sol de Morelia, 03 de octubre de 2020 Morelia, Michoac\u00e1n (OEM Infomex).- En lo que va de este 2020 se han\u2026","rel":"","context":"En &quot;CINTILLO&quot;","block_context":{"text":"CINTILLO","link":"https:\/\/www.grieta.org.mx\/index.php\/category\/cintillo\/"},"img":{"alt_text":"","src":"https:\/\/i0.wp.com\/www.grieta.org.mx\/wp-content\/uploads\/2020\/10\/feministas-1.jpg?resize=350%2C200&ssl=1","width":350,"height":200},"classes":[]},{"id":52056,"url":"https:\/\/www.grieta.org.mx\/index.php\/2020\/06\/26\/sobre-acueducto-feministas-exigen-incluir-feminicidio-en-agenda-federal\/","url_meta":{"origin":38100,"position":4},"title":"Sobre Acueducto, feministas exigen incluir feminicidio en agenda federal","author":"grieta","date":"26 junio, 2020","format":false,"excerpt":"F\u00e1tima Alfaro \/ Quadratin Michoac\u00e1n, 26 de junio de 2020 MORELIA, Mich., 26 de junio de 2020.- Un grupo de mujeres se ha colocado sobre el Acueducto, frente a la sede de la 21 zona militar, en demanda de inclusi\u00f3n del combate contra la violencia feminicida en la agenda federal.\u2026","rel":"","context":"En &quot;CINTILLO&quot;","block_context":{"text":"CINTILLO","link":"https:\/\/www.grieta.org.mx\/index.php\/category\/cintillo\/"},"img":{"alt_text":"","src":"https:\/\/i0.wp.com\/www.grieta.org.mx\/wp-content\/uploads\/2018\/03\/14524434_1106112876131411_958039263622046936_o.jpg?resize=350%2C200&ssl=1","width":350,"height":200,"srcset":"https:\/\/i0.wp.com\/www.grieta.org.mx\/wp-content\/uploads\/2018\/03\/14524434_1106112876131411_958039263622046936_o.jpg?resize=350%2C200&ssl=1 1x, https:\/\/i0.wp.com\/www.grieta.org.mx\/wp-content\/uploads\/2018\/03\/14524434_1106112876131411_958039263622046936_o.jpg?resize=525%2C300&ssl=1 1.5x, https:\/\/i0.wp.com\/www.grieta.org.mx\/wp-content\/uploads\/2018\/03\/14524434_1106112876131411_958039263622046936_o.jpg?resize=700%2C400&ssl=1 2x"},"classes":[]},{"id":44426,"url":"https:\/\/www.grieta.org.mx\/index.php\/2020\/02\/15\/marchan-en-michoacan-por-feminicidio-de-ingrid-n\/","url_meta":{"origin":38100,"position":5},"title":"Marchan en Michoac\u00e1n por feminicidio de Ingrid \u201cN\u201d","author":"grieta","date":"15 febrero, 2020","format":false,"excerpt":"Las manifestantes, se\u00f1alaron que la protesta tambi\u00e9n tuvo por objetivo expresar el hartazgo por los 11 homicidios de mujeres que se registran diariamente en el pa\u00eds El Heraldo de M\u00e9xico. Morelia, Michoac\u00e1n, 15 de febrero de 2020. Colectivos de mujeres feministas marcharon este s\u00e1bado en la ciudad de Morelia, para\u2026","rel":"","context":"En &quot;CINTILLO&quot;","block_context":{"text":"CINTILLO","link":"https:\/\/www.grieta.org.mx\/index.php\/category\/cintillo\/"},"img":{"alt_text":"","src":"https:\/\/i0.wp.com\/www.grieta.org.mx\/wp-content\/uploads\/2020\/02\/marcha_ingrid_feminicidio-640x400.jpg?resize=350%2C200&ssl=1","width":350,"height":200,"srcset":"https:\/\/i0.wp.com\/www.grieta.org.mx\/wp-content\/uploads\/2020\/02\/marcha_ingrid_feminicidio-640x400.jpg?resize=350%2C200&ssl=1 1x, https:\/\/i0.wp.com\/www.grieta.org.mx\/wp-content\/uploads\/2020\/02\/marcha_ingrid_feminicidio-640x400.jpg?resize=525%2C300&ssl=1 1.5x"},"classes":[]}],"_links":{"self":[{"href":"https:\/\/www.grieta.org.mx\/index.php\/wp-json\/wp\/v2\/posts\/38100","targetHints":{"allow":["GET"]}}],"collection":[{"href":"https:\/\/www.grieta.org.mx\/index.php\/wp-json\/wp\/v2\/posts"}],"about":[{"href":"https:\/\/www.grieta.org.mx\/index.php\/wp-json\/wp\/v2\/types\/post"}],"author":[{"embeddable":true,"href":"https:\/\/www.grieta.org.mx\/index.php\/wp-json\/wp\/v2\/users\/2"}],"replies":[{"embeddable":true,"href":"https:\/\/www.grieta.org.mx\/index.php\/wp-json\/wp\/v2\/comments?post=38100"}],"version-history":[{"count":1,"href":"https:\/\/www.grieta.org.mx\/index.php\/wp-json\/wp\/v2\/posts\/38100\/revisions"}],"predecessor-version":[{"id":38106,"href":"https:\/\/www.grieta.org.mx\/index.php\/wp-json\/wp\/v2\/posts\/38100\/revisions\/38106"}],"wp:featuredmedia":[{"embeddable":true,"href":"https:\/\/www.grieta.org.mx\/index.php\/wp-json\/wp\/v2\/media\/38101"}],"wp:attachment":[{"href":"https:\/\/www.grieta.org.mx\/index.php\/wp-json\/wp\/v2\/media?parent=38100"}],"wp:term":[{"taxonomy":"category","embeddable":true,"href":"https:\/\/www.grieta.org.mx\/index.php\/wp-json\/wp\/v2\/categories?post=38100"},{"taxonomy":"post_tag","embeddable":true,"href":"https:\/\/www.grieta.org.mx\/index.php\/wp-json\/wp\/v2\/tags?post=38100"}],"curies":[{"name":"wp","href":"https:\/\/api.w.org\/{rel}","templated":true}]}}