{"id":38053,"date":"2019-08-15T18:21:18","date_gmt":"2019-08-15T23:21:18","guid":{"rendered":"http:\/\/www.grieta.org.mx\/?p=38053"},"modified":"2020-05-14T00:47:32","modified_gmt":"2020-05-14T05:47:32","slug":"traiciona-lopez-obrador-a-chatino-y-mixtecos-al-pretender-imponer-proyecto-hidroelectrico-oaxaca","status":"publish","type":"post","link":"https:\/\/www.grieta.org.mx\/index.php\/2019\/08\/15\/traiciona-lopez-obrador-a-chatino-y-mixtecos-al-pretender-imponer-proyecto-hidroelectrico-oaxaca\/","title":{"rendered":"Traiciona L\u00f3pez Obrador a Chatinos y Mixtecos al pretender imponer proyecto hidroel\u00e9ctrico (Oaxaca)"},"content":{"rendered":"<p>Pedro Mat\u00edas \/ P\u00e1gina 3.<\/p>\n<p><img loading=\"lazy\" decoding=\"async\" data-attachment-id=\"38054\" data-permalink=\"https:\/\/www.grieta.org.mx\/index.php\/2019\/08\/15\/traiciona-lopez-obrador-a-chatino-y-mixtecos-al-pretender-imponer-proyecto-hidroelectrico-oaxaca\/presa-1\/\" data-orig-file=\"https:\/\/www.grieta.org.mx\/wp-content\/uploads\/2019\/08\/presa-1.jpg\" data-orig-size=\"640,480\" data-comments-opened=\"0\" data-image-meta=\"{&quot;aperture&quot;:&quot;0&quot;,&quot;credit&quot;:&quot;&quot;,&quot;camera&quot;:&quot;&quot;,&quot;caption&quot;:&quot;&quot;,&quot;created_timestamp&quot;:&quot;0&quot;,&quot;copyright&quot;:&quot;&quot;,&quot;focal_length&quot;:&quot;0&quot;,&quot;iso&quot;:&quot;0&quot;,&quot;shutter_speed&quot;:&quot;0&quot;,&quot;title&quot;:&quot;&quot;,&quot;orientation&quot;:&quot;1&quot;}\" data-image-title=\"presa-1\" data-image-description=\"\" data-image-caption=\"\" data-medium-file=\"https:\/\/www.grieta.org.mx\/wp-content\/uploads\/2019\/08\/presa-1-300x225.jpg\" data-large-file=\"https:\/\/www.grieta.org.mx\/wp-content\/uploads\/2019\/08\/presa-1.jpg\" class=\"alignleft size-full wp-image-38054\" src=\"http:\/\/www.grieta.org.mx\/wp-content\/uploads\/2019\/08\/presa-1.jpg\" alt=\"\" width=\"640\" height=\"480\" srcset=\"https:\/\/www.grieta.org.mx\/wp-content\/uploads\/2019\/08\/presa-1.jpg 640w, https:\/\/www.grieta.org.mx\/wp-content\/uploads\/2019\/08\/presa-1-300x225.jpg 300w\" sizes=\"auto, (max-width: 640px) 100vw, 640px\" \/><\/p>\n<p>OAXACA, Oax. (pagina3.mx).- Autoridades Chatinas y Mixtecas cuestionaron al presidente Andr\u00e9s Manuel L\u00f3pez Obrador porque \u201cen su discurso dice que esta con los pobres y los ind\u00edgenas, pero en su administraci\u00f3n regatea los derechos de los pueblos originarios y favorece a las empresas\u201d, ahora con un nuevo proyecto Hidroel\u00e9ctrico en el R\u00edo Verde que los pretende despojar de 71 hect\u00e1reas y afectar otras miles.<\/p>\n<p>\u201cNo entendemos porque SEMARNAT defiende decretos de agua de Enrique Pe\u00f1a Nieto y por qu\u00e9 L\u00f3pez Obrador nos traiciona al promover una nueva amenaza contra los pueblos Chatinos, Mixtecos y Afromexicanos con la construcci\u00f3n del nuevo Proyecto Hidroel\u00e9ctrico en el R\u00edo Verde, arrancado por la empresa Generaci\u00f3n Enersi S.A. de C.V.\u201d<\/p>\n<p>En una conferencia de prensa encabezada por los presidentes municipales de Santa Cruz Zenzontepec, Filem\u00f3n Hern\u00e1ndez Bautista y de Santiago Ixtayutla, Miguel Cruz Quiroz, los agentes municipales de San Lucas Atoyaquillo, Benigno Ruiz Cort\u00e9s y Paso de la Reyna, Jamiltepec, Jaime Jim\u00e9nez, as\u00ed como de integrantes del Consejo de Pueblos Unidos en Defensa del R\u00edo Verde, emitieron un pronunciamiento donde rechazan nuevo proyecto hidroel\u00e9ctrico y le exigen a L\u00f3pez Obrador que honre su palabra.<\/p>\n<p>El coraje, la decepci\u00f3n y preocupaci\u00f3n radica en que en el mes de julio recibieron el oficio No. SGPA\/DGIRA\/DG\/04734, fechado el 20 de junio en la Ciudad de M\u00e9xico, de la Subsecretar\u00eda de Gesti\u00f3n para la Protecci\u00f3n Ambiental de la SEMARNAT donde les comunican que la empresa Generaci\u00f3n Enersi S.A. de C.V., present\u00f3 para an\u00e1lisis y evaluaci\u00f3n el plan denominado \u201cProyecto Hidroel\u00e9ctrico para la Generaci\u00f3n de Energ\u00eda Renovable PH R\u00edo Verde\u201d.<\/p>\n<p><img loading=\"lazy\" decoding=\"async\" data-attachment-id=\"38055\" data-permalink=\"https:\/\/www.grieta.org.mx\/index.php\/2019\/08\/15\/traiciona-lopez-obrador-a-chatino-y-mixtecos-al-pretender-imponer-proyecto-hidroelectrico-oaxaca\/2-31\/\" data-orig-file=\"https:\/\/www.grieta.org.mx\/wp-content\/uploads\/2019\/08\/2-3.jpg\" data-orig-size=\"315,420\" data-comments-opened=\"0\" data-image-meta=\"{&quot;aperture&quot;:&quot;0&quot;,&quot;credit&quot;:&quot;&quot;,&quot;camera&quot;:&quot;&quot;,&quot;caption&quot;:&quot;&quot;,&quot;created_timestamp&quot;:&quot;0&quot;,&quot;copyright&quot;:&quot;&quot;,&quot;focal_length&quot;:&quot;0&quot;,&quot;iso&quot;:&quot;0&quot;,&quot;shutter_speed&quot;:&quot;0&quot;,&quot;title&quot;:&quot;&quot;,&quot;orientation&quot;:&quot;0&quot;}\" data-image-title=\"2\" data-image-description=\"\" data-image-caption=\"\" data-medium-file=\"https:\/\/www.grieta.org.mx\/wp-content\/uploads\/2019\/08\/2-3-225x300.jpg\" data-large-file=\"https:\/\/www.grieta.org.mx\/wp-content\/uploads\/2019\/08\/2-3.jpg\" class=\"alignleft size-full wp-image-38055\" src=\"http:\/\/www.grieta.org.mx\/wp-content\/uploads\/2019\/08\/2-3.jpg\" alt=\"\" width=\"315\" height=\"420\" srcset=\"https:\/\/www.grieta.org.mx\/wp-content\/uploads\/2019\/08\/2-3.jpg 315w, https:\/\/www.grieta.org.mx\/wp-content\/uploads\/2019\/08\/2-3-225x300.jpg 225w\" sizes=\"auto, (max-width: 315px) 100vw, 315px\" \/><\/p>\n<p><img loading=\"lazy\" decoding=\"async\" data-attachment-id=\"38056\" data-permalink=\"https:\/\/www.grieta.org.mx\/index.php\/2019\/08\/15\/traiciona-lopez-obrador-a-chatino-y-mixtecos-al-pretender-imponer-proyecto-hidroelectrico-oaxaca\/3-21\/\" data-orig-file=\"https:\/\/www.grieta.org.mx\/wp-content\/uploads\/2019\/08\/3-3.jpg\" data-orig-size=\"315,420\" data-comments-opened=\"0\" data-image-meta=\"{&quot;aperture&quot;:&quot;0&quot;,&quot;credit&quot;:&quot;&quot;,&quot;camera&quot;:&quot;&quot;,&quot;caption&quot;:&quot;&quot;,&quot;created_timestamp&quot;:&quot;0&quot;,&quot;copyright&quot;:&quot;&quot;,&quot;focal_length&quot;:&quot;0&quot;,&quot;iso&quot;:&quot;0&quot;,&quot;shutter_speed&quot;:&quot;0&quot;,&quot;title&quot;:&quot;&quot;,&quot;orientation&quot;:&quot;0&quot;}\" data-image-title=\"3\" data-image-description=\"\" data-image-caption=\"\" data-medium-file=\"https:\/\/www.grieta.org.mx\/wp-content\/uploads\/2019\/08\/3-3-225x300.jpg\" data-large-file=\"https:\/\/www.grieta.org.mx\/wp-content\/uploads\/2019\/08\/3-3.jpg\" class=\"alignleft size-full wp-image-38056\" src=\"http:\/\/www.grieta.org.mx\/wp-content\/uploads\/2019\/08\/3-3.jpg\" alt=\"\" width=\"315\" height=\"420\" srcset=\"https:\/\/www.grieta.org.mx\/wp-content\/uploads\/2019\/08\/3-3.jpg 315w, https:\/\/www.grieta.org.mx\/wp-content\/uploads\/2019\/08\/3-3-225x300.jpg 225w\" sizes=\"auto, (max-width: 315px) 100vw, 315px\" \/><\/p>\n<p>Este proyecto afectar\u00e1 a los municipios de Santa Cruz Zenzontepec, Santiago Ixtayutla, Santiago Tetepec, Santa Catarina Mechoac\u00e1n, San Andr\u00e9s Huaxpaltepec, Santiago Jamiltepec y Santiago Pinotepa Nacional.<\/p>\n<p>El documento que fue enviado v\u00eda correo electr\u00f3nico primero y posteriormente v\u00eda correo postal y esta firmado por el director general de Impacto y Riesgo Ambiental, Salvador Hern\u00e1ndez Silva, proyecta la construcci\u00f3n, operaci\u00f3n y mantenimiento de una central hidroel\u00e9ctrica para la generaci\u00f3n de 30 MW de energ\u00eda para lo cual se pretende utilizar el caudal del R\u00edo Verde.<\/p>\n<p>Y detalla que para el \u201cdesarrollo del proyecto requiere de un bordo derivador, obra de toma, t\u00fanel, torre de oscilaci\u00f3n, tuber\u00eda forzada, trifurcaci\u00f3n, casa de maquinas, obra de descarga, subestaci\u00f3n elevadora camino de acceso as\u00ed como una l\u00ednea de transmisi\u00f3n de aproximadamente 45 kil\u00f3metros; para dichas obras el proyecto requiere de una superficie total de aproximadamente 71.0728 Ha, de las cuales un porcentaje requiere de la remoci\u00f3n de vegetaci\u00f3n forestal, correspondiente a vegetaci\u00f3n secundaria arbustiva de bosque de Encino\u201d.<\/p>\n<p>Lo que preocupa es pese a que nada fue notificado oficialmente, el documento esta fechado el 20 de junio de 2019 y las autoridades recibieron la notificaci\u00f3n electr\u00f3nica el 7 de julio y 15 d\u00edas despu\u00e9s lleg\u00f3 por correo postal, sin embargo, en el \u00faltimo p\u00e1rrafo la Semarnat especific\u00f3 que \u201cen caso de no recibir alg\u00fan comentario, se considerar\u00e1 que el municipio a su digno cargo no tiene objeci\u00f3n alguna para la realizaci\u00f3n del proyecto\u201d.<\/p>\n<p>Los inconformes resaltaron que \u201ca lo largo de nuestra vida como pueblos hemos convivido, cuidado y defendido el R\u00edo Verde porque es la madre de nuestras aguas y representa la fuente de vida en la Cuenca y los territorios mixtecos, chatinos y Afromexicanos, por los cual notificamos a la SEMARNAT y a la empresa Generaci\u00f3n Enersi S.A. de C.V., que no estamos de acuerdo con dicho proyecto y no permitiremos estudios ni su construcci\u00f3n por las graves afectaciones que esto traer\u00eda a nuestra vida y a la madre naturaleza\u201d.<\/p>\n<p>Recordaron que los pueblos y las autoridades en base a sus sistemas normativos internos y con derechos que les conceden los tratados internacionales y la constituci\u00f3n \u201chemos emprendido los medios de defensa por v\u00edas pac\u00edficas, administrativas y legales para que se respeten nuestros modos de vida y nuestro territorio\u201d.<\/p>\n<p>Y para soportar su dicho mencionaron que \u201cel R\u00edo Verde se encuentra actualmente protegido por el amparo (701\/2018) interpuesto en julio de 2018 por el ejido de Paso de la Reyna. Este recurso contra la declaraci\u00f3n de zonas de reserva \u2013 decretos publicados al final del gobierno de Enrique Pe\u00f1a Nieto \u2013 fue otorgado por un juez federal y no se podr\u00e1 construir ning\u00fan proyecto de infraestructura\u201d.<\/p>\n<p>Sin embargo, \u201cnos sorprende que el actual gobierno federal insista en este tipo de proyectos, por m\u00e1s de diez a\u00f1os hemos argumentado nuestra oposici\u00f3n al Proyecto Hidroel\u00e9ctrico Paso de la Reyna que fue promovido por la entonces paraestatal Comisi\u00f3n Federal de Electricidad. Ahora ante la privatizaci\u00f3n del sector energ\u00e9tico las empresas privadas tienen su mira sobre nuestros bienes\u201d.<\/p>\n<p>Y \u201cno entendemos porque la SEMARNAT pretende negar un derecho demostrado y ganado en tribunales. No entendemos porque Andr\u00e9s Manuel L\u00f3pez Obrador en su discurso dice que esta con los pobres y los ind\u00edgenas, pero en su administraci\u00f3n regatea los derechos de los pueblos y favorece a las empresas\u201d, puntualizaron.<\/p>\n<p>Finalmente advirtieron que \u201cestamos en alerta y organizando a pueblos y municipios de la regi\u00f3n de la Costa y Sierra Sur, no permitiremos m\u00e1s saqueo\u201d.<\/p>\n<p><a href=\"https:\/\/pagina3.mx\/2019\/08\/traiciona-lopez-obrador-a-chatino-y-mixtecos-al-pretender-imponer-proyecto-hidroelectrico\/\" target=\"_blank\" rel=\"noopener noreferrer\">https:\/\/pagina3.mx\/2019\/08\/traiciona-lopez-obrador-a-chatino-y-mixtecos-al-pretender-imponer-proyecto-hidroelectrico\/<\/a><\/p>\n","protected":false},"excerpt":{"rendered":"<p>Pedro Mat\u00edas \/ P\u00e1gina 3. OAXACA, Oax. (pagina3.mx).- Autoridades Chatinas y Mixtecas cuestionaron al presidente Andr\u00e9s Manuel L\u00f3pez Obrador porque \u201cen su discurso dice que esta con los pobres y &hellip; <a href=\"https:\/\/www.grieta.org.mx\/index.php\/2019\/08\/15\/traiciona-lopez-obrador-a-chatino-y-mixtecos-al-pretender-imponer-proyecto-hidroelectrico-oaxaca\/\" class=\"more-link\">Leer m\u00e1s<\/a><\/p>\n","protected":false},"author":2,"featured_media":38054,"comment_status":"closed","ping_status":"closed","sticky":false,"template":"","format":"standard","meta":{"ngg_post_thumbnail":0,"_jetpack_newsletter_access":"","_jetpack_dont_email_post_to_subs":false,"_jetpack_newsletter_tier_id":0,"_jetpack_memberships_contains_paywalled_content":false,"_jetpack_memberships_contains_paid_content":false,"footnotes":""},"categories":[80,2355,1358,2,25],"tags":[],"class_list":["post-38053","post","type-post","status-publish","format-standard","has-post-thumbnail","hentry","category-cintillo","category-conflictos-por-agua-en-oaxaca","category-conflictos-por-megaproyectos-en-oaxaca","category-noticias-nacionales","category-oaxaca","entry"],"jetpack_featured_media_url":"https:\/\/www.grieta.org.mx\/wp-content\/uploads\/2019\/08\/presa-1.jpg","jetpack_sharing_enabled":true,"jetpack_shortlink":"https:\/\/wp.me\/p7ZJR4-9TL","jetpack_likes_enabled":false,"jetpack-related-posts":[{"id":30751,"url":"https:\/\/www.grieta.org.mx\/index.php\/2019\/03\/14\/celebran-en-la-costa-el-dia-internacional-contra-las-presas-oaxaca\/","url_meta":{"origin":38053,"position":0},"title":"Celebran en la Costa el D\u00eda Internacional contra las Presas (Oaxaca)","author":"grieta","date":"14 marzo, 2019","format":false,"excerpt":"P\u00e1gina 3. \u00c9lfego Gregorio Jim\u00e9nez (Colaborador) Santiago Jamiltepec, Oaxaca.- Con la finalidad de celebrar a los r\u00edos, agua y vida por medio de la espiritualidad que practican los pueblos y comunidades ind\u00edgenas y campesinas, este 14 y 15 de marzo se realiza en las orillas del R\u00edo Verde la conmemoraci\u00f3n\u2026","rel":"","context":"En &quot;CINTILLO&quot;","block_context":{"text":"CINTILLO","link":"https:\/\/www.grieta.org.mx\/index.php\/category\/cintillo\/"},"img":{"alt_text":"","src":"https:\/\/i0.wp.com\/www.grieta.org.mx\/wp-content\/uploads\/2019\/03\/Resistencia-Paso-de-la-Reina-3.jpg?resize=350%2C200&ssl=1","width":350,"height":200,"srcset":"https:\/\/i0.wp.com\/www.grieta.org.mx\/wp-content\/uploads\/2019\/03\/Resistencia-Paso-de-la-Reina-3.jpg?resize=350%2C200&ssl=1 1x, https:\/\/i0.wp.com\/www.grieta.org.mx\/wp-content\/uploads\/2019\/03\/Resistencia-Paso-de-la-Reina-3.jpg?resize=525%2C300&ssl=1 1.5x, https:\/\/i0.wp.com\/www.grieta.org.mx\/wp-content\/uploads\/2019\/03\/Resistencia-Paso-de-la-Reina-3.jpg?resize=700%2C400&ssl=1 2x"},"classes":[]},{"id":37554,"url":"https:\/\/www.grieta.org.mx\/index.php\/2019\/08\/04\/convocatoria-a-asamblea-el-istmo-es-nuestro-6-7-y-8-de-septiembre-en-juchitan-oaxaca\/","url_meta":{"origin":38053,"position":1},"title":"Convocatoria a Asamblea \u00abEl Istmo es Nuestro\u00bb 6, 7 y 8 de septiembre en Juchit\u00e1n, Oaxaca","author":"grieta","date":"4 agosto, 2019","format":false,"excerpt":"LES ESCRIBIMOS MUJERES Y HOMBRES DE OAXACA, EN TIEMPO DE SIEMBRA DE MILPA, CULTIVO DE MA\u00cdZ, CALABAZA Y FRIJOL QUE DESDE NUESTROS ANTEPASADOS HACE POSIBLE LA SUPERVIVENCIA Y LA RESISTENCIA DE NUESTROS PUEBLOS HASTA EL D\u00cdA DE HOY. NUESTRA PALABRA VIENE DEL SUR DE M\u00c9XICO, DESDE NUESTROS TERRITORIOS COMO PUEBLOS\u2026","rel":"","context":"En &quot;CINTILLO&quot;","block_context":{"text":"CINTILLO","link":"https:\/\/www.grieta.org.mx\/index.php\/category\/cintillo\/"},"img":{"alt_text":"","src":"https:\/\/i0.wp.com\/www.grieta.org.mx\/wp-content\/uploads\/2019\/05\/logo-CNI-To.png?resize=350%2C200&ssl=1","width":350,"height":200,"srcset":"https:\/\/i0.wp.com\/www.grieta.org.mx\/wp-content\/uploads\/2019\/05\/logo-CNI-To.png?resize=350%2C200&ssl=1 1x, https:\/\/i0.wp.com\/www.grieta.org.mx\/wp-content\/uploads\/2019\/05\/logo-CNI-To.png?resize=525%2C300&ssl=1 1.5x"},"classes":[]},{"id":57861,"url":"https:\/\/www.grieta.org.mx\/index.php\/2021\/03\/19\/tren-del-istmo-sera-entregado-a-la-marina-anuncia-lopez-obrador-oaxaca\/","url_meta":{"origin":38053,"position":2},"title":"Tren del Istmo ser\u00e1 entregado a la Marina, anuncia L\u00f3pez Obrador (Oaxaca)","author":"grieta","date":"19 marzo, 2021","format":false,"excerpt":"El Financiero \/ Redacci\u00f3n El mandatario se\u00f1al\u00f3 que ese y otros dos proyectos f\u00e9rreos ser\u00e1n otorgados a esa dependencia y a los gobiernos de Chiapas, Oaxaca, Tabasco y Veracruz. http:\/\/player.vimeo.com\/external\/526203727.sd.mp4?s=f4881f12f586c3a0ee8add32c0d4ff79221f681a&profile_id=165&oauth2_token_id=1091391127 El proyecto del Tren Interoce\u00e1nico en el Istmo de Tehuantepec ser\u00e1 entregado a la Secretar\u00eda de Marina, asegur\u00f3 este viernes\u2026","rel":"","context":"En &quot;CINTILLO&quot;","block_context":{"text":"CINTILLO","link":"https:\/\/www.grieta.org.mx\/index.php\/category\/cintillo\/"},"img":{"alt_text":"","src":"https:\/\/i0.wp.com\/www.grieta.org.mx\/wp-content\/uploads\/2018\/03\/14524434_1106112876131411_958039263622046936_o.jpg?resize=350%2C200&ssl=1","width":350,"height":200,"srcset":"https:\/\/i0.wp.com\/www.grieta.org.mx\/wp-content\/uploads\/2018\/03\/14524434_1106112876131411_958039263622046936_o.jpg?resize=350%2C200&ssl=1 1x, https:\/\/i0.wp.com\/www.grieta.org.mx\/wp-content\/uploads\/2018\/03\/14524434_1106112876131411_958039263622046936_o.jpg?resize=525%2C300&ssl=1 1.5x, https:\/\/i0.wp.com\/www.grieta.org.mx\/wp-content\/uploads\/2018\/03\/14524434_1106112876131411_958039263622046936_o.jpg?resize=700%2C400&ssl=1 2x"},"classes":[]},{"id":49237,"url":"https:\/\/www.grieta.org.mx\/index.php\/2020\/05\/13\/indigenas-chatinos-clausuran-hospital-comunitario-de-tlacotepec-y-exigen-cambio-del-personal-medico-oaxaca\/","url_meta":{"origin":38053,"position":3},"title":"Ind\u00edgenas Chatinos clausuran Hospital Comunitario de Tlacotepec y exigen cambio del personal m\u00e9dico (Oaxaca)","author":"grieta","date":"13 mayo, 2020","format":false,"excerpt":"P\u00e1gina 3 \/ Pedro Mat\u00edas. En plena pandemia llevan varias semanas en paro laboral y discriminan a pacientes por hablar su lengua originaria Piden intervenci\u00f3n de la Defensor\u00eda para que garanticen su derecho a la salud de 30 mil chatinos OAXACA, Oax.- Autoridades municipales de San Jacinto Tlacotepec y Santa\u2026","rel":"","context":"En &quot;CINTILLO&quot;","block_context":{"text":"CINTILLO","link":"https:\/\/www.grieta.org.mx\/index.php\/category\/cintillo\/"},"img":{"alt_text":"","src":"https:\/\/i0.wp.com\/www.grieta.org.mx\/wp-content\/uploads\/2020\/05\/Hospital-Comunitario-de-Tlacotepec.jpeg?resize=350%2C200&ssl=1","width":350,"height":200,"srcset":"https:\/\/i0.wp.com\/www.grieta.org.mx\/wp-content\/uploads\/2020\/05\/Hospital-Comunitario-de-Tlacotepec.jpeg?resize=350%2C200&ssl=1 1x, https:\/\/i0.wp.com\/www.grieta.org.mx\/wp-content\/uploads\/2020\/05\/Hospital-Comunitario-de-Tlacotepec.jpeg?resize=525%2C300&ssl=1 1.5x, https:\/\/i0.wp.com\/www.grieta.org.mx\/wp-content\/uploads\/2020\/05\/Hospital-Comunitario-de-Tlacotepec.jpeg?resize=700%2C400&ssl=1 2x"},"classes":[]},{"id":31555,"url":"https:\/\/www.grieta.org.mx\/index.php\/2019\/03\/29\/indigenas-mexicanos-responden-a-amlo-sobre-la-conquista-no-se-lave-las-manos-con-disculpas-ajenas\/","url_meta":{"origin":38053,"position":4},"title":"Ind\u00edgenas mexicanos responden a AMLO sobre la conquista: &#8220;No se lave las manos con disculpas ajenas&#8221;","author":"grieta","date":"29 marzo, 2019","format":false,"excerpt":"RPP Noticias. Por Redacci\u00f3n, El Consejo Ind\u00edgena de Gobierno (CIG) asegur\u00f3 que los pueblos ind\u00edgenas de M\u00e9xico siguen sufriendo abusos por parte del Estado y sugiere en lugar de pedir \"disculpas\" a Espa\u00f1a, ser tratados con autodeterminaci\u00f3n. El movimiento ind\u00edgena mexicano pidi\u00f3 al presidente de M\u00e9xico, Andr\u00e9s Manuel L\u00f3pez Obrador,\u2026","rel":"","context":"En &quot;CINTILLO&quot;","block_context":{"text":"CINTILLO","link":"https:\/\/www.grieta.org.mx\/index.php\/category\/cintillo\/"},"img":{"alt_text":"","src":"https:\/\/i0.wp.com\/www.grieta.org.mx\/wp-content\/uploads\/2019\/04\/381938_771423.jpg?resize=350%2C200&ssl=1","width":350,"height":200,"srcset":"https:\/\/i0.wp.com\/www.grieta.org.mx\/wp-content\/uploads\/2019\/04\/381938_771423.jpg?resize=350%2C200&ssl=1 1x, https:\/\/i0.wp.com\/www.grieta.org.mx\/wp-content\/uploads\/2019\/04\/381938_771423.jpg?resize=525%2C300&ssl=1 1.5x"},"classes":[]},{"id":60483,"url":"https:\/\/www.grieta.org.mx\/index.php\/2021\/07\/02\/derechos-humanos-de-oaxaca-inicia-investigacion-por-muerte-legal-de-mil-13-comuneros-mixtecos\/","url_meta":{"origin":38053,"position":5},"title":"Derechos Humanos de Oaxaca inicia investigaci\u00f3n por &#8220;muerte legal&#8221; de mil 13 comuneros mixtecos","author":"grieta","date":"2 julio, 2021","format":false,"excerpt":"Proceso \/ Pedro Mat\u00edas. La Defensor\u00eda solicit\u00f3 informaci\u00f3n a las autoridades se\u00f1aladas como responsables de declarar como fallecidos y sepultados a mil 13 comuneros de Santo Domingo Ixcatl\u00e1n, entre ellos 22 beneficiarios de medidas cautelares otorgadas por la Comisi\u00f3n Interamericana de Derechos Humanos (CIDH). OAXACA, Oax. (apro).- La Defensor\u00eda de\u2026","rel":"","context":"En &quot;CINTILLO&quot;","block_context":{"text":"CINTILLO","link":"https:\/\/www.grieta.org.mx\/index.php\/category\/cintillo\/"},"img":{"alt_text":"","src":"https:\/\/i0.wp.com\/www.grieta.org.mx\/wp-content\/uploads\/2021\/07\/Z-1.jpg?resize=350%2C200&ssl=1","width":350,"height":200,"srcset":"https:\/\/i0.wp.com\/www.grieta.org.mx\/wp-content\/uploads\/2021\/07\/Z-1.jpg?resize=350%2C200&ssl=1 1x, https:\/\/i0.wp.com\/www.grieta.org.mx\/wp-content\/uploads\/2021\/07\/Z-1.jpg?resize=525%2C300&ssl=1 1.5x, https:\/\/i0.wp.com\/www.grieta.org.mx\/wp-content\/uploads\/2021\/07\/Z-1.jpg?resize=700%2C400&ssl=1 2x"},"classes":[]}],"_links":{"self":[{"href":"https:\/\/www.grieta.org.mx\/index.php\/wp-json\/wp\/v2\/posts\/38053","targetHints":{"allow":["GET"]}}],"collection":[{"href":"https:\/\/www.grieta.org.mx\/index.php\/wp-json\/wp\/v2\/posts"}],"about":[{"href":"https:\/\/www.grieta.org.mx\/index.php\/wp-json\/wp\/v2\/types\/post"}],"author":[{"embeddable":true,"href":"https:\/\/www.grieta.org.mx\/index.php\/wp-json\/wp\/v2\/users\/2"}],"replies":[{"embeddable":true,"href":"https:\/\/www.grieta.org.mx\/index.php\/wp-json\/wp\/v2\/comments?post=38053"}],"version-history":[{"count":1,"href":"https:\/\/www.grieta.org.mx\/index.php\/wp-json\/wp\/v2\/posts\/38053\/revisions"}],"predecessor-version":[{"id":49102,"href":"https:\/\/www.grieta.org.mx\/index.php\/wp-json\/wp\/v2\/posts\/38053\/revisions\/49102"}],"wp:featuredmedia":[{"embeddable":true,"href":"https:\/\/www.grieta.org.mx\/index.php\/wp-json\/wp\/v2\/media\/38054"}],"wp:attachment":[{"href":"https:\/\/www.grieta.org.mx\/index.php\/wp-json\/wp\/v2\/media?parent=38053"}],"wp:term":[{"taxonomy":"category","embeddable":true,"href":"https:\/\/www.grieta.org.mx\/index.php\/wp-json\/wp\/v2\/categories?post=38053"},{"taxonomy":"post_tag","embeddable":true,"href":"https:\/\/www.grieta.org.mx\/index.php\/wp-json\/wp\/v2\/tags?post=38053"}],"curies":[{"name":"wp","href":"https:\/\/api.w.org\/{rel}","templated":true}]}}