{"id":38036,"date":"2019-08-18T13:21:28","date_gmt":"2019-08-18T18:21:28","guid":{"rendered":"http:\/\/www.grieta.org.mx\/?p=38036"},"modified":"2019-08-19T13:40:06","modified_gmt":"2019-08-19T18:40:06","slug":"controlan-revuelta-de-migrantes-en-refugio-de-tabasco","status":"publish","type":"post","link":"https:\/\/www.grieta.org.mx\/index.php\/2019\/08\/18\/controlan-revuelta-de-migrantes-en-refugio-de-tabasco\/","title":{"rendered":"Controlan revuelta de migrantes en refugio de Tabasco"},"content":{"rendered":"<p><img loading=\"lazy\" decoding=\"async\" data-attachment-id=\"38037\" data-permalink=\"https:\/\/www.grieta.org.mx\/index.php\/2019\/08\/18\/controlan-revuelta-de-migrantes-en-refugio-de-tabasco\/migrantes1\/\" data-orig-file=\"https:\/\/www.grieta.org.mx\/wp-content\/uploads\/2019\/08\/Migrantes1-e1566239608592.png\" data-orig-size=\"800,460\" data-comments-opened=\"0\" data-image-meta=\"{&quot;aperture&quot;:&quot;0&quot;,&quot;credit&quot;:&quot;&quot;,&quot;camera&quot;:&quot;&quot;,&quot;caption&quot;:&quot;&quot;,&quot;created_timestamp&quot;:&quot;0&quot;,&quot;copyright&quot;:&quot;&quot;,&quot;focal_length&quot;:&quot;0&quot;,&quot;iso&quot;:&quot;0&quot;,&quot;shutter_speed&quot;:&quot;0&quot;,&quot;title&quot;:&quot;&quot;,&quot;orientation&quot;:&quot;0&quot;}\" data-image-title=\"Migrantes1\" data-image-description=\"\" data-image-caption=\"\" data-medium-file=\"https:\/\/www.grieta.org.mx\/wp-content\/uploads\/2019\/08\/Migrantes1-300x173.png\" data-large-file=\"https:\/\/www.grieta.org.mx\/wp-content\/uploads\/2019\/08\/Migrantes1-e1566239608592.png\" src=\"http:\/\/www.grieta.org.mx\/wp-content\/uploads\/2019\/08\/Migrantes1-e1566239608592.png\" alt=\"\" width=\"800\" height=\"460\" class=\"alignleft size-full wp-image-38037\" \/><br \/>\nNoticieros Televisa<\/p>\n<blockquote><p>Estimaron que hay en el lugar entre 300 y 400 migrantes, donde duermen en el suelo<\/p><\/blockquote>\n<p>Migrantes que se encuentran dentro de un albergue temporal ubicado en el complejo Ciudad Industrial en Villahermosa, realizaron una revuelta para pretender escapar del sitio sin lograrlo, al denunciar la falta de comunicaci\u00f3n con su consulado, mala alimentaci\u00f3n y cuidados en su salud.<\/p>\n<p><img loading=\"lazy\" decoding=\"async\" data-attachment-id=\"38038\" data-permalink=\"https:\/\/www.grieta.org.mx\/index.php\/2019\/08\/18\/controlan-revuelta-de-migrantes-en-refugio-de-tabasco\/migrantes2\/\" data-orig-file=\"https:\/\/www.grieta.org.mx\/wp-content\/uploads\/2019\/08\/Migrantes2.png\" data-orig-size=\"636,351\" data-comments-opened=\"0\" data-image-meta=\"{&quot;aperture&quot;:&quot;0&quot;,&quot;credit&quot;:&quot;&quot;,&quot;camera&quot;:&quot;&quot;,&quot;caption&quot;:&quot;&quot;,&quot;created_timestamp&quot;:&quot;0&quot;,&quot;copyright&quot;:&quot;&quot;,&quot;focal_length&quot;:&quot;0&quot;,&quot;iso&quot;:&quot;0&quot;,&quot;shutter_speed&quot;:&quot;0&quot;,&quot;title&quot;:&quot;&quot;,&quot;orientation&quot;:&quot;0&quot;}\" data-image-title=\"Migrantes2\" data-image-description=\"\" data-image-caption=\"\" data-medium-file=\"https:\/\/www.grieta.org.mx\/wp-content\/uploads\/2019\/08\/Migrantes2-300x166.png\" data-large-file=\"https:\/\/www.grieta.org.mx\/wp-content\/uploads\/2019\/08\/Migrantes2.png\" src=\"http:\/\/www.grieta.org.mx\/wp-content\/uploads\/2019\/08\/Migrantes2.png\" alt=\"\" width=\"636\" height=\"351\" class=\"alignleft size-full wp-image-38038\" srcset=\"https:\/\/www.grieta.org.mx\/wp-content\/uploads\/2019\/08\/Migrantes2.png 636w, https:\/\/www.grieta.org.mx\/wp-content\/uploads\/2019\/08\/Migrantes2-300x166.png 300w\" sizes=\"auto, (max-width: 636px) 100vw, 636px\" \/><\/p>\n<p>Contingentes de polic\u00edas estatales, as\u00ed como efectivos del Instituto Nacional de Migraci\u00f3n (INM) y de la Guardia Nacional (GN), se presentaron en el lugar para evitar la fuga y controlar la revuelta, aunque varios migrantes expusieron desde detr\u00e1s del port\u00f3n que algunos tienen 35 d\u00edas sin que se les defina su situaci\u00f3n.<\/p>\n<p>A trav\u00e9s de redes sociales, una mujer que se dijo oriunda de Nicaragua, expuso ante medios de comunicaci\u00f3n que lleva 11 d\u00edas sin poderse comunicar con un consulado de su pa\u00eds y le han negado la ayuda para ello, en tanto pasan problemas de alimentaci\u00f3n en el lugar.<\/p>\n<p>Los ba\u00f1os no los lavan, nos dan una comida que no nos gusta. Nadie la come\u201d, coment\u00f3.<\/p>\n<p>En tanto, hombres migrantes comentaron que necesitan ser escuchados porque hay mujeres embarazadas y ni\u00f1os que sufren en el albergue desde hace 35 d\u00edas y por esa raz\u00f3n hicieron la revuelta para que las autoridades migratorias los atiendan.<\/p>\n<p><img loading=\"lazy\" decoding=\"async\" data-attachment-id=\"38039\" data-permalink=\"https:\/\/www.grieta.org.mx\/index.php\/2019\/08\/18\/controlan-revuelta-de-migrantes-en-refugio-de-tabasco\/migrantes3\/\" data-orig-file=\"https:\/\/www.grieta.org.mx\/wp-content\/uploads\/2019\/08\/Migrantes3.png\" data-orig-size=\"637,465\" data-comments-opened=\"0\" data-image-meta=\"{&quot;aperture&quot;:&quot;0&quot;,&quot;credit&quot;:&quot;&quot;,&quot;camera&quot;:&quot;&quot;,&quot;caption&quot;:&quot;&quot;,&quot;created_timestamp&quot;:&quot;0&quot;,&quot;copyright&quot;:&quot;&quot;,&quot;focal_length&quot;:&quot;0&quot;,&quot;iso&quot;:&quot;0&quot;,&quot;shutter_speed&quot;:&quot;0&quot;,&quot;title&quot;:&quot;&quot;,&quot;orientation&quot;:&quot;0&quot;}\" data-image-title=\"Migrantes3\" data-image-description=\"\" data-image-caption=\"\" data-medium-file=\"https:\/\/www.grieta.org.mx\/wp-content\/uploads\/2019\/08\/Migrantes3-300x219.png\" data-large-file=\"https:\/\/www.grieta.org.mx\/wp-content\/uploads\/2019\/08\/Migrantes3.png\" src=\"http:\/\/www.grieta.org.mx\/wp-content\/uploads\/2019\/08\/Migrantes3.png\" alt=\"\" width=\"637\" height=\"465\" class=\"alignleft size-full wp-image-38039\" srcset=\"https:\/\/www.grieta.org.mx\/wp-content\/uploads\/2019\/08\/Migrantes3.png 637w, https:\/\/www.grieta.org.mx\/wp-content\/uploads\/2019\/08\/Migrantes3-300x219.png 300w\" sizes=\"auto, (max-width: 637px) 100vw, 637px\" \/><\/p>\n<p>Estimaron que hay en el lugar entre 300 y 400 migrantes, donde duermen en el suelo y no se les define si los van a deportar.<\/p>\n<p>El pasado 14 de junio, un grupo de migrantes logr\u00f3 fugarse de otra casa de refugio, localizada sobre la carretera Villahermosa-Frontera, al aludir tambi\u00e9n a malos tratos, pero fueron regresados por las autoridades.<\/p>\n<p><a href=\"https:\/\/noticieros.televisa.com\/ultimas-noticias\/migrantes-arman-revuelta-refugio-tabasco\/\" rel=\"noopener noreferrer\" target=\"_blank\">https:\/\/noticieros.televisa.com\/ultimas-noticias\/migrantes-arman-revuelta-refugio-tabasco\/<\/a><\/p>\n","protected":false},"excerpt":{"rendered":"<p>Noticieros Televisa Estimaron que hay en el lugar entre 300 y 400 migrantes, donde duermen en el suelo Migrantes que se encuentran dentro de un albergue temporal ubicado en el &hellip; <a href=\"https:\/\/www.grieta.org.mx\/index.php\/2019\/08\/18\/controlan-revuelta-de-migrantes-en-refugio-de-tabasco\/\" class=\"more-link\">Leer m\u00e1s<\/a><\/p>\n","protected":false},"author":2,"featured_media":38037,"comment_status":"closed","ping_status":"closed","sticky":false,"template":"","format":"standard","meta":{"ngg_post_thumbnail":0,"_jetpack_newsletter_access":"","_jetpack_dont_email_post_to_subs":false,"_jetpack_newsletter_tier_id":0,"_jetpack_memberships_contains_paywalled_content":false,"_jetpack_memberships_contains_paid_content":false,"footnotes":""},"categories":[80,86,2,2542,32,83],"tags":[2790],"class_list":["post-38036","post","type-post","status-publish","format-standard","has-post-thumbnail","hentry","category-cintillo","category-migrantes","category-noticias-nacionales","category-persecucion-y-criminalizacion-de-migrantes-en-tabasco","category-tabasco","category-temas-nacionales","tag-estaciones-migratorias","entry"],"jetpack_featured_media_url":"https:\/\/www.grieta.org.mx\/wp-content\/uploads\/2019\/08\/Migrantes1-e1566239608592.png","jetpack_sharing_enabled":true,"jetpack_shortlink":"https:\/\/wp.me\/p7ZJR4-9Tu","jetpack_likes_enabled":false,"jetpack-related-posts":[{"id":56843,"url":"https:\/\/www.grieta.org.mx\/index.php\/2021\/02\/04\/ataque-a-migrantes-en-tabasco-deja-un-muerto-y-dos-heridos-inm-estaria-implicado\/","url_meta":{"origin":38036,"position":0},"title":"Ataque a migrantes en Tabasco deja un muerto y dos heridos; INM estar\u00eda implicado","author":"grieta","date":"4 febrero, 2021","format":false,"excerpt":"Las v\u00edctimas del ataque dijeron que los disparos en su contra provinieron de un veh\u00edculo con logos del Instituto Nacional de Migraci\u00f3n Redacci\u00f3n \/ Conexi\u00f3n Migrante Un muerto y dos heridos fue el saldo del ataque que presuntos elementos del Instituto Nacional de Migraci\u00f3n (INM) realizaron contra una camioneta en\u2026","rel":"","context":"En &quot;CINTILLO&quot;","block_context":{"text":"CINTILLO","link":"https:\/\/www.grieta.org.mx\/index.php\/category\/cintillo\/"},"img":{"alt_text":"","src":"https:\/\/i0.wp.com\/www.grieta.org.mx\/wp-content\/uploads\/2021\/02\/Ataque-a-migrantes-en-Tabasco-deja-un-muerto-y-dos-heridos-Movimiento-Migrante-Mesoamericano.jpg?resize=350%2C200&ssl=1","width":350,"height":200,"srcset":"https:\/\/i0.wp.com\/www.grieta.org.mx\/wp-content\/uploads\/2021\/02\/Ataque-a-migrantes-en-Tabasco-deja-un-muerto-y-dos-heridos-Movimiento-Migrante-Mesoamericano.jpg?resize=350%2C200&ssl=1 1x, https:\/\/i0.wp.com\/www.grieta.org.mx\/wp-content\/uploads\/2021\/02\/Ataque-a-migrantes-en-Tabasco-deja-un-muerto-y-dos-heridos-Movimiento-Migrante-Mesoamericano.jpg?resize=525%2C300&ssl=1 1.5x, https:\/\/i0.wp.com\/www.grieta.org.mx\/wp-content\/uploads\/2021\/02\/Ataque-a-migrantes-en-Tabasco-deja-un-muerto-y-dos-heridos-Movimiento-Migrante-Mesoamericano.jpg?resize=700%2C400&ssl=1 2x, https:\/\/i0.wp.com\/www.grieta.org.mx\/wp-content\/uploads\/2021\/02\/Ataque-a-migrantes-en-Tabasco-deja-un-muerto-y-dos-heridos-Movimiento-Migrante-Mesoamericano.jpg?resize=1050%2C600&ssl=1 3x"},"classes":[]},{"id":53560,"url":"https:\/\/www.grieta.org.mx\/index.php\/2020\/08\/13\/denuncian-abusos-del-inm-contra-migrantes-en-tabasco\/","url_meta":{"origin":38036,"position":1},"title":"Denuncian abusos del INM contra migrantes en Tabasco","author":"grieta","date":"13 agosto, 2020","format":false,"excerpt":"Nora Bucio \/ MVS Esta organizaci\u00f3n manifest\u00f3 su repudio contra la violencia, la criminalizaci\u00f3n y atropello perpetrado por las autoridades contra las personas migrantes. El Equipo de la 72, hogar refugio para personas migrantes, denunci\u00f3 que el Instituto Nacional de Migraci\u00f3n (INM), ingres\u00f3 de manera violenta a un \u00e1rea de\u2026","rel":"","context":"En &quot;CINTILLO&quot;","block_context":{"text":"CINTILLO","link":"https:\/\/www.grieta.org.mx\/index.php\/category\/cintillo\/"},"img":{"alt_text":"","src":"https:\/\/i0.wp.com\/www.grieta.org.mx\/wp-content\/uploads\/2020\/09\/60d21f8a-inm.jpg?resize=350%2C200&ssl=1","width":350,"height":200},"classes":[]},{"id":43702,"url":"https:\/\/www.grieta.org.mx\/index.php\/2020\/01\/26\/confunden-a-estudiante-mexicana-con-migrantes-y-la-detienen-tabasco\/","url_meta":{"origin":38036,"position":2},"title":"Confunden a estudiante mexicana con migrantes y la detienen (Tabasco)","author":"grieta","date":"26 enero, 2020","format":false,"excerpt":"Redacci\u00f3n \/ La Verdad La estudiante que fue detenida por el Instituto Nacional de Migraci\u00f3n estuvo reclu\u00edda cinco d\u00edas. El Instituto Nacional de Migraci\u00f3n (INM) realiz\u00f3 la detenci\u00f3n de una mujer estudiante a la que confundi\u00f3 con los migrantes hondure\u00f1os. Se trata de Dulce \"N\", una estudiante originaria del estado\u2026","rel":"","context":"En &quot;Abuso de fuerzas represivas en Tabasco&quot;","block_context":{"text":"Abuso de fuerzas represivas en Tabasco","link":"https:\/\/www.grieta.org.mx\/index.php\/category\/noticias-nacionales\/tabasco\/abuso-de-fuerzas-represivas-en-tabasco\/"},"img":{"alt_text":"","src":"https:\/\/i0.wp.com\/www.grieta.org.mx\/wp-content\/uploads\/2020\/01\/https-_laverdadnoticias.com___export_1580061250258_sites_laverdad_img_2020_01_26_confunden_a_estudiante_mexicana_con_migrantes_y_la_detienen.jpg_1834093470.jpg?resize=350%2C200&ssl=1","width":350,"height":200,"srcset":"https:\/\/i0.wp.com\/www.grieta.org.mx\/wp-content\/uploads\/2020\/01\/https-_laverdadnoticias.com___export_1580061250258_sites_laverdad_img_2020_01_26_confunden_a_estudiante_mexicana_con_migrantes_y_la_detienen.jpg_1834093470.jpg?resize=350%2C200&ssl=1 1x, https:\/\/i0.wp.com\/www.grieta.org.mx\/wp-content\/uploads\/2020\/01\/https-_laverdadnoticias.com___export_1580061250258_sites_laverdad_img_2020_01_26_confunden_a_estudiante_mexicana_con_migrantes_y_la_detienen.jpg_1834093470.jpg?resize=525%2C300&ssl=1 1.5x, https:\/\/i0.wp.com\/www.grieta.org.mx\/wp-content\/uploads\/2020\/01\/https-_laverdadnoticias.com___export_1580061250258_sites_laverdad_img_2020_01_26_confunden_a_estudiante_mexicana_con_migrantes_y_la_detienen.jpg_1834093470.jpg?resize=700%2C400&ssl=1 2x, https:\/\/i0.wp.com\/www.grieta.org.mx\/wp-content\/uploads\/2020\/01\/https-_laverdadnoticias.com___export_1580061250258_sites_laverdad_img_2020_01_26_confunden_a_estudiante_mexicana_con_migrantes_y_la_detienen.jpg_1834093470.jpg?resize=1050%2C600&ssl=1 3x, https:\/\/i0.wp.com\/www.grieta.org.mx\/wp-content\/uploads\/2020\/01\/https-_laverdadnoticias.com___export_1580061250258_sites_laverdad_img_2020_01_26_confunden_a_estudiante_mexicana_con_migrantes_y_la_detienen.jpg_1834093470.jpg?resize=1400%2C800&ssl=1 4x"},"classes":[]},{"id":43740,"url":"https:\/\/www.grieta.org.mx\/index.php\/2020\/01\/22\/autoridades-detienen-a-mas-de-2-mil-migrantes-centroamericanos-en-tabasco-y-chiapas\/","url_meta":{"origin":38036,"position":3},"title":"Autoridades detienen a m\u00e1s de 2 mil migrantes centroamericanos en Tabasco y Chiapas","author":"grieta","date":"22 enero, 2020","format":false,"excerpt":"Redacci\u00f3n \/ Animal Pol\u00edtico Los agentes federales del INM encontraron a mil 300 migrantes en Tabasco y a 800 m\u00e1s en Chiapas; en las pr\u00f3ximas horas se determinar\u00e1 su condici\u00f3n jur\u00eddica. En un solo d\u00eda, el Instituto Nacional de Migraci\u00f3n (INM) asegur\u00f3 a m\u00e1s de 2 mil mujeres, hombres y\u2026","rel":"","context":"En &quot;Abuso de fuerzas represivas en Tabasco&quot;","block_context":{"text":"Abuso de fuerzas represivas en Tabasco","link":"https:\/\/www.grieta.org.mx\/index.php\/category\/noticias-nacionales\/tabasco\/abuso-de-fuerzas-represivas-en-tabasco\/"},"img":{"alt_text":"","src":"https:\/\/i0.wp.com\/www.grieta.org.mx\/wp-content\/uploads\/2020\/01\/cuartoscuro_739649_digital-e1579712765634.jpeg?resize=350%2C200&ssl=1","width":350,"height":200,"srcset":"https:\/\/i0.wp.com\/www.grieta.org.mx\/wp-content\/uploads\/2020\/01\/cuartoscuro_739649_digital-e1579712765634.jpeg?resize=350%2C200&ssl=1 1x, https:\/\/i0.wp.com\/www.grieta.org.mx\/wp-content\/uploads\/2020\/01\/cuartoscuro_739649_digital-e1579712765634.jpeg?resize=525%2C300&ssl=1 1.5x, https:\/\/i0.wp.com\/www.grieta.org.mx\/wp-content\/uploads\/2020\/01\/cuartoscuro_739649_digital-e1579712765634.jpeg?resize=700%2C400&ssl=1 2x, https:\/\/i0.wp.com\/www.grieta.org.mx\/wp-content\/uploads\/2020\/01\/cuartoscuro_739649_digital-e1579712765634.jpeg?resize=1050%2C600&ssl=1 3x, https:\/\/i0.wp.com\/www.grieta.org.mx\/wp-content\/uploads\/2020\/01\/cuartoscuro_739649_digital-e1579712765634.jpeg?resize=1400%2C800&ssl=1 4x"},"classes":[]},{"id":6561,"url":"https:\/\/www.grieta.org.mx\/index.php\/2016\/08\/08\/6561\/","url_meta":{"origin":38036,"position":4},"title":"Migrantes en Tabasco","author":"grieta","date":"8 agosto, 2016","format":false,"excerpt":"08\/08\/16. Denuncian que polic\u00edas de Tabasco participan en secuestros de migrantesProceso 11\/03\/16. Denuncia albergue \u201cLa 72\u201d reactivaci\u00f3n de operativos anti migratorios en Tenosique Proceso 17\/12\/15. Exigen migrantes freno a secuestro masivo en Tabasco Tabasco Hoy 24\/11\/15. Refugio de migrantes La 72 en alto riesgo pese a medidas de la CIDH\u2026","rel":"","context":"En &quot;Migrantes&quot;","block_context":{"text":"Migrantes","link":"https:\/\/www.grieta.org.mx\/index.php\/category\/temas-nacionales\/migrantes\/"},"img":{"alt_text":"","src":"https:\/\/i0.wp.com\/www.grieta.org.mx\/wp-content\/uploads\/2018\/03\/14524434_1106112876131411_958039263622046936_o.jpg?resize=350%2C200&ssl=1","width":350,"height":200,"srcset":"https:\/\/i0.wp.com\/www.grieta.org.mx\/wp-content\/uploads\/2018\/03\/14524434_1106112876131411_958039263622046936_o.jpg?resize=350%2C200&ssl=1 1x, https:\/\/i0.wp.com\/www.grieta.org.mx\/wp-content\/uploads\/2018\/03\/14524434_1106112876131411_958039263622046936_o.jpg?resize=525%2C300&ssl=1 1.5x, https:\/\/i0.wp.com\/www.grieta.org.mx\/wp-content\/uploads\/2018\/03\/14524434_1106112876131411_958039263622046936_o.jpg?resize=700%2C400&ssl=1 2x"},"classes":[]},{"id":29462,"url":"https:\/\/www.grieta.org.mx\/index.php\/2019\/02\/18\/migrantes-construirian-tren-maya-y-refineria-en-tabasco\/","url_meta":{"origin":38036,"position":5},"title":"Migrantes \u2018construir\u00edan\u2019 Tren Maya y refiner\u00eda en Tabasco","author":"grieta","date":"18 febrero, 2019","format":false,"excerpt":"Redacci\u00f3n \/ XEVA Noticias Ra\u00fal Bonifaz Mohedano, diputado federal de Morena y presidente de la Comisi\u00f3n de la Frontera Sur en el Congreso de la Uni\u00f3n, adelant\u00f3 que hay un proyecto que podr\u00eda contemplar la contrataci\u00f3n de migrantes en obras federales en el sur del pa\u00eds. El legislador federal expuso\u2026","rel":"","context":"En &quot;16. Pueblo Maya&quot;","block_context":{"text":"16. Pueblo Maya","link":"https:\/\/www.grieta.org.mx\/index.php\/category\/espejos-de-la-resistencia\/16-pueblo-maya\/"},"img":{"alt_text":"","src":"https:\/\/i0.wp.com\/www.grieta.org.mx\/wp-content\/uploads\/2019\/02\/tren-1550524057-621x354.jpg?resize=350%2C200&ssl=1","width":350,"height":200,"srcset":"https:\/\/i0.wp.com\/www.grieta.org.mx\/wp-content\/uploads\/2019\/02\/tren-1550524057-621x354.jpg?resize=350%2C200&ssl=1 1x, https:\/\/i0.wp.com\/www.grieta.org.mx\/wp-content\/uploads\/2019\/02\/tren-1550524057-621x354.jpg?resize=525%2C300&ssl=1 1.5x"},"classes":[]}],"_links":{"self":[{"href":"https:\/\/www.grieta.org.mx\/index.php\/wp-json\/wp\/v2\/posts\/38036","targetHints":{"allow":["GET"]}}],"collection":[{"href":"https:\/\/www.grieta.org.mx\/index.php\/wp-json\/wp\/v2\/posts"}],"about":[{"href":"https:\/\/www.grieta.org.mx\/index.php\/wp-json\/wp\/v2\/types\/post"}],"author":[{"embeddable":true,"href":"https:\/\/www.grieta.org.mx\/index.php\/wp-json\/wp\/v2\/users\/2"}],"replies":[{"embeddable":true,"href":"https:\/\/www.grieta.org.mx\/index.php\/wp-json\/wp\/v2\/comments?post=38036"}],"version-history":[{"count":1,"href":"https:\/\/www.grieta.org.mx\/index.php\/wp-json\/wp\/v2\/posts\/38036\/revisions"}],"predecessor-version":[{"id":38040,"href":"https:\/\/www.grieta.org.mx\/index.php\/wp-json\/wp\/v2\/posts\/38036\/revisions\/38040"}],"wp:featuredmedia":[{"embeddable":true,"href":"https:\/\/www.grieta.org.mx\/index.php\/wp-json\/wp\/v2\/media\/38037"}],"wp:attachment":[{"href":"https:\/\/www.grieta.org.mx\/index.php\/wp-json\/wp\/v2\/media?parent=38036"}],"wp:term":[{"taxonomy":"category","embeddable":true,"href":"https:\/\/www.grieta.org.mx\/index.php\/wp-json\/wp\/v2\/categories?post=38036"},{"taxonomy":"post_tag","embeddable":true,"href":"https:\/\/www.grieta.org.mx\/index.php\/wp-json\/wp\/v2\/tags?post=38036"}],"curies":[{"name":"wp","href":"https:\/\/api.w.org\/{rel}","templated":true}]}}