{"id":37994,"date":"2019-08-17T16:52:55","date_gmt":"2019-08-17T21:52:55","guid":{"rendered":"http:\/\/www.grieta.org.mx\/?p=37994"},"modified":"2019-08-17T22:57:20","modified_gmt":"2019-08-18T03:57:20","slug":"istmo-zona-roja-para-mujeres-oaxaca","status":"publish","type":"post","link":"https:\/\/www.grieta.org.mx\/index.php\/2019\/08\/17\/istmo-zona-roja-para-mujeres-oaxaca\/","title":{"rendered":"Istmo, zona roja para mujeres (Oaxaca)"},"content":{"rendered":"<p>Citlalli Luciana \/ Noticias.<\/p>\n<p>Concentra el 29 % de los asesinatos<\/p>\n<p><img loading=\"lazy\" decoding=\"async\" data-attachment-id=\"37995\" data-permalink=\"https:\/\/www.grieta.org.mx\/index.php\/2019\/08\/17\/istmo-zona-roja-para-mujeres-oaxaca\/a-12\/\" data-orig-file=\"https:\/\/www.grieta.org.mx\/wp-content\/uploads\/2019\/08\/A.jpg\" data-orig-size=\"1144,645\" data-comments-opened=\"0\" data-image-meta=\"{&quot;aperture&quot;:&quot;0&quot;,&quot;credit&quot;:&quot;&quot;,&quot;camera&quot;:&quot;&quot;,&quot;caption&quot;:&quot;&quot;,&quot;created_timestamp&quot;:&quot;0&quot;,&quot;copyright&quot;:&quot;&quot;,&quot;focal_length&quot;:&quot;0&quot;,&quot;iso&quot;:&quot;0&quot;,&quot;shutter_speed&quot;:&quot;0&quot;,&quot;title&quot;:&quot;&quot;,&quot;orientation&quot;:&quot;0&quot;}\" data-image-title=\"A\" data-image-description=\"\" data-image-caption=\"\" data-medium-file=\"https:\/\/www.grieta.org.mx\/wp-content\/uploads\/2019\/08\/A-300x169.jpg\" data-large-file=\"https:\/\/www.grieta.org.mx\/wp-content\/uploads\/2019\/08\/A-1024x577.jpg\" src=\"http:\/\/www.grieta.org.mx\/wp-content\/uploads\/2019\/08\/A-300x169.jpg\" alt=\"\" width=\"300\" height=\"169\" class=\"alignleft size-medium wp-image-37995\" srcset=\"https:\/\/www.grieta.org.mx\/wp-content\/uploads\/2019\/08\/A-300x169.jpg 300w, https:\/\/www.grieta.org.mx\/wp-content\/uploads\/2019\/08\/A-768x433.jpg 768w, https:\/\/www.grieta.org.mx\/wp-content\/uploads\/2019\/08\/A-1024x577.jpg 1024w, https:\/\/www.grieta.org.mx\/wp-content\/uploads\/2019\/08\/A-887x500.jpg 887w, https:\/\/www.grieta.org.mx\/wp-content\/uploads\/2019\/08\/A.jpg 1144w\" sizes=\"auto, (max-width: 300px) 100vw, 300px\" \/><br \/>\nDurante la semana, una mujer fue ejecutada en Juchit\u00e1n y otra m\u00e1s en Salina Cruz, en ambos casos fueron ataques armados.<\/p>\n<p>El Istmo de Tehuantepec est\u00e1 considerada como la zona m\u00e1s peligrosa para las mujeres.<\/p>\n<p>La regi\u00f3n concentra el 29 por ciento de los 85 asesinatos cometidos en este 2019. <\/p>\n<p>Durante la semana, una mujer fue ejecutada en Juchit\u00e1n y otra m\u00e1s en Salina Cruz, en ambos casos fueron ataques armados.<\/p>\n<p>Rogelia Gonz\u00e1lez Luis, presidenta de la organizaci\u00f3n 8 de Marzo en el Istmo de Tehuantepec, se\u00f1al\u00f3 que el crecimiento de la violencia contra las mujeres se relaciona con un contexto de inseguridad, impunidad, pobreza, falta de trabajo, crecimiento de grupos delincuenciales que ofertan dinero, trata de personas y paso migratorio.<\/p>\n<p>La activista defensora de los derechos de las mujeres, indic\u00f3 que si bien la violencia contra las mujeres expresada en feminicidios no es una situaci\u00f3n nueva en la regi\u00f3n del Istmo, \u00e9sta se ha exacerbado principalmente por el apoderamiento de grupos delictivos.<\/p>\n<p>Hace dos d\u00e9cadas -record\u00f3- las agresiones eran producto de la violencia familiar, ahora est\u00e1n relacionadas con el crimen organizado quienes tienen en las mujeres blancos de ataque.<\/p>\n<p>\u201cHace dos d\u00e9cadas era otro el contexto en el que se daba la violencia a las mujeres y ni\u00f1as. Ahora se ha agravado por distintos factores. En la zona concreta del Istmo, tenemos una situaci\u00f3n de delincuencia organizada. Muchas veces las mujeres se vinculan ya sea por la pobreza que las vuelve presa f\u00e1cil porque les ofrecen dinero, otras veces se vinculan con ellas. Las mujeres entonces ingresan a un c\u00edrculo en donde ya no pueden salir\u201d, expuso.<\/p>\n<p>Los dos \u00faltimos hechos, el de Felipa AL de 43 a\u00f1os de edad, quien fue asesinada en la puerta de su casa en Salina Cruz por disparo de arma de fuego, as\u00ed como el de Yanet SL, de 32 a\u00f1os de edad, quien tambi\u00e9n fue acribillada por arma de fuego en Juchit\u00e1n, demuestran c\u00f3mo las mujeres son la punta del iceberg.<\/p>\n<p>\u201cLas mujeres hoy son un blanco, en donde la pobreza, analfabetismo, por no tener redes de apoyo o ayuda de su familia, muchas veces lo que encuentran es la muerte\u201d, declar\u00f3.<\/p>\n<p><a href=\"https:\/\/www.nvinoticias.com\/nota\/123388\/istmo-zona-roja-para-mujeres\" rel=\"noopener noreferrer\" target=\"_blank\">https:\/\/www.nvinoticias.com\/nota\/123388\/istmo-zona-roja-para-mujeres<\/a><\/p>\n","protected":false},"excerpt":{"rendered":"<p>Citlalli Luciana \/ Noticias. Concentra el 29 % de los asesinatos Durante la semana, una mujer fue ejecutada en Juchit\u00e1n y otra m\u00e1s en Salina Cruz, en ambos casos fueron &hellip; <a href=\"https:\/\/www.grieta.org.mx\/index.php\/2019\/08\/17\/istmo-zona-roja-para-mujeres-oaxaca\/\" class=\"more-link\">Leer m\u00e1s<\/a><\/p>\n","protected":false},"author":2,"featured_media":37995,"comment_status":"closed","ping_status":"closed","sticky":false,"template":"","format":"standard","meta":{"ngg_post_thumbnail":0,"_jetpack_newsletter_access":"","_jetpack_dont_email_post_to_subs":false,"_jetpack_newsletter_tier_id":0,"_jetpack_memberships_contains_paywalled_content":false,"_jetpack_memberships_contains_paid_content":false,"footnotes":""},"categories":[80,1325,2,25,1665],"tags":[],"class_list":["post-37994","post","type-post","status-publish","format-standard","has-post-thumbnail","hentry","category-cintillo","category-feminicidios-en-oaxaca-oaxaca","category-noticias-nacionales","category-oaxaca","category-violencia-contra-las-mujeres-en-oaxaca","entry"],"jetpack_featured_media_url":"https:\/\/www.grieta.org.mx\/wp-content\/uploads\/2019\/08\/A.jpg","jetpack_sharing_enabled":true,"jetpack_shortlink":"https:\/\/wp.me\/p7ZJR4-9SO","jetpack_likes_enabled":false,"jetpack-related-posts":[{"id":63720,"url":"https:\/\/www.grieta.org.mx\/index.php\/2022\/03\/17\/dos-mujeres-y-una-adolescente-fueron-asesinadas-en-oaxaca-van-34-feminicidios-durante-2022\/","url_meta":{"origin":37994,"position":0},"title":"Dos mujeres y una adolescente fueron asesinadas en Oaxaca, van 34 feminicidios durante 2022","author":"grieta","date":"17 marzo, 2022","format":false,"excerpt":"Proceso \/ Pedro Mat\u00edas. De acuerdo con el conteo de la Plataforma de Violencia Feminicida, el Istmo de Tehuantepec es la regi\u00f3n con la mayor incidencia al concentrar 17 casos, de los cuales 10 se cometieron en el municipio de Juchit\u00e1n de Zaragoza. OAXACA, Oax. (apro).- La violencia feminicida en\u2026","rel":"","context":"En &quot;CINTILLO&quot;","block_context":{"text":"CINTILLO","link":"https:\/\/www.grieta.org.mx\/index.php\/category\/cintillo\/"},"img":{"alt_text":"","src":"https:\/\/i0.wp.com\/www.grieta.org.mx\/wp-content\/uploads\/2022\/03\/1.jpg?resize=350%2C200&ssl=1","width":350,"height":200,"srcset":"https:\/\/i0.wp.com\/www.grieta.org.mx\/wp-content\/uploads\/2022\/03\/1.jpg?resize=350%2C200&ssl=1 1x, https:\/\/i0.wp.com\/www.grieta.org.mx\/wp-content\/uploads\/2022\/03\/1.jpg?resize=525%2C300&ssl=1 1.5x, https:\/\/i0.wp.com\/www.grieta.org.mx\/wp-content\/uploads\/2022\/03\/1.jpg?resize=700%2C400&ssl=1 2x"},"classes":[]},{"id":24687,"url":"https:\/\/www.grieta.org.mx\/index.php\/2018\/05\/23\/istmo-segundo-por-desaparicion-de-mujeres-en-oaxaca\/","url_meta":{"origin":37994,"position":1},"title":"Istmo, segundo por desaparici\u00f3n de mujeres en Oaxaca","author":"grieta","date":"23 mayo, 2018","format":false,"excerpt":"Noticias. Mariana Saynes B\u00f3squez y Francisco Mendoza, Salina Cruz, Oaxaca.- La regi\u00f3n del Istmo de Tehuantepec ocupa el segundo lugar estatal por el n\u00famero de mujeres desaparecidas, as\u00ed lo confirma un estudio presentado recientemente por Consorcio para el Di\u00e1logo Parlamentario y la Equidad Oaxaca. El an\u00e1lisis de la organizaci\u00f3n parte\u2026","rel":"","context":"En &quot;CINTILLO&quot;","block_context":{"text":"CINTILLO","link":"https:\/\/www.grieta.org.mx\/index.php\/category\/cintillo\/"},"img":{"alt_text":"","src":"https:\/\/i0.wp.com\/www.grieta.org.mx\/wp-content\/uploads\/2018\/07\/image_16_236.jpg?resize=350%2C200&ssl=1","width":350,"height":200,"srcset":"https:\/\/i0.wp.com\/www.grieta.org.mx\/wp-content\/uploads\/2018\/07\/image_16_236.jpg?resize=350%2C200&ssl=1 1x, https:\/\/i0.wp.com\/www.grieta.org.mx\/wp-content\/uploads\/2018\/07\/image_16_236.jpg?resize=525%2C300&ssl=1 1.5x, https:\/\/i0.wp.com\/www.grieta.org.mx\/wp-content\/uploads\/2018\/07\/image_16_236.jpg?resize=700%2C400&ssl=1 2x, https:\/\/i0.wp.com\/www.grieta.org.mx\/wp-content\/uploads\/2018\/07\/image_16_236.jpg?resize=1050%2C600&ssl=1 3x"},"classes":[]},{"id":33867,"url":"https:\/\/www.grieta.org.mx\/index.php\/2019\/05\/23\/ejecutan-a-otra-mujer-mientras-murat-presidia-reunion-de-seguridad-en-juchitan-suman-10-en-los-ultimos-8-dias-oaxaca\/","url_meta":{"origin":37994,"position":2},"title":"Ejecutan a otra mujer, mientras Murat presid\u00eda reuni\u00f3n de seguridad en Juchit\u00e1n; suman 10 en los \u00faltimos 8 d\u00edas (Oaxaca)","author":"grieta","date":"23 mayo, 2019","format":false,"excerpt":"P\u00e1gina 3. Pedro Mat\u00edas, OAXACA, Oax. (pagina3.mx).- Ejecutan a otra mujer en el Istmo de Tehuantepec, mientras el Gobernador presid\u00eda una reuni\u00f3n de seguridad. El gobernador Alejandro Murat Hinojosa inauguraba adem\u00e1s el sistema de videovigilancia en Juchit\u00e1n, cuando ocurri\u00f3 una nueva balacera. El hecho dej\u00f3 una mujer muerta y dos\u2026","rel":"","context":"En &quot;CINTILLO&quot;","block_context":{"text":"CINTILLO","link":"https:\/\/www.grieta.org.mx\/index.php\/category\/cintillo\/"},"img":{"alt_text":"","src":"https:\/\/i0.wp.com\/www.grieta.org.mx\/wp-content\/uploads\/2019\/05\/FEMINICIDIO-1.jpg?resize=350%2C200&ssl=1","width":350,"height":200,"srcset":"https:\/\/i0.wp.com\/www.grieta.org.mx\/wp-content\/uploads\/2019\/05\/FEMINICIDIO-1.jpg?resize=350%2C200&ssl=1 1x, https:\/\/i0.wp.com\/www.grieta.org.mx\/wp-content\/uploads\/2019\/05\/FEMINICIDIO-1.jpg?resize=525%2C300&ssl=1 1.5x, https:\/\/i0.wp.com\/www.grieta.org.mx\/wp-content\/uploads\/2019\/05\/FEMINICIDIO-1.jpg?resize=700%2C400&ssl=1 2x"},"classes":[]},{"id":65826,"url":"https:\/\/www.grieta.org.mx\/index.php\/2022\/11\/25\/oaxaca-se-suma-a-marcha-del-25n-paralizan-carretera-de-juchitan-para-exigir-alto-a-la-violencia-contra-las-mujeres\/","url_meta":{"origin":37994,"position":3},"title":"Oaxaca se suma a marcha del 25N: paralizan carretera de Juchit\u00e1n para exigir alto a la violencia contra las mujeres","author":"grieta","date":"25 noviembre, 2022","format":false,"excerpt":"Imagen: Especial Jos\u00e9 Luis L\u00f3pez \/ El Heraldo En el marco del\u00a0D\u00eda de lucha para la erradicaci\u00f3n de la violencia contra las mujeres, las integrantes del\u00a0Grupo de Mujeres 8 de Marzo, se manifestaron con un bloqueo parcial en la carretera federal en Juchit\u00e1n,\u00a0Oaxaca. Rogelia Gonz\u00e1lez Luis, dirigente de esta organizaci\u00f3n,\u2026","rel":"","context":"En &quot;CINTILLO&quot;","block_context":{"text":"CINTILLO","link":"https:\/\/www.grieta.org.mx\/index.php\/category\/cintillo\/"},"img":{"alt_text":"","src":"https:\/\/i0.wp.com\/www.grieta.org.mx\/wp-content\/uploads\/2022\/11\/f960x540-624263_698338_0.jpg?resize=350%2C200&ssl=1","width":350,"height":200,"srcset":"https:\/\/i0.wp.com\/www.grieta.org.mx\/wp-content\/uploads\/2022\/11\/f960x540-624263_698338_0.jpg?resize=350%2C200&ssl=1 1x, https:\/\/i0.wp.com\/www.grieta.org.mx\/wp-content\/uploads\/2022\/11\/f960x540-624263_698338_0.jpg?resize=525%2C300&ssl=1 1.5x, https:\/\/i0.wp.com\/www.grieta.org.mx\/wp-content\/uploads\/2022\/11\/f960x540-624263_698338_0.jpg?resize=700%2C400&ssl=1 2x"},"classes":[]},{"id":45853,"url":"https:\/\/www.grieta.org.mx\/index.php\/2020\/03\/08\/marchan-zapotecas-para-exigir-niunamas-en-juchitan-oaxaca\/","url_meta":{"origin":37994,"position":4},"title":"Marchan zapotecas para exigir #NiUnaMas en Juchit\u00e1n (Oaxaca)","author":"grieta","date":"8 marzo, 2020","format":false,"excerpt":"P\u00e1gina 3 \/ Diana Manzo. Aspecto de la marcha feminista. Imagen: Diana Manzo. Juchit\u00e1n, Oax.- Zapotecas, mixes e Ikoots as\u00ed como j\u00f3venes feministas del Istmo de Tehuantepec marcharon para exigir un alto a los feminicidios y violencia que viven las mujeres de esta regi\u00f3n de Oaxaca, considerada la m\u00e1s violenta\u2026","rel":"","context":"En &quot;CINTILLO&quot;","block_context":{"text":"CINTILLO","link":"https:\/\/www.grieta.org.mx\/index.php\/category\/cintillo\/"},"img":{"alt_text":"","src":"https:\/\/i0.wp.com\/www.grieta.org.mx\/wp-content\/uploads\/2020\/03\/Marcha-mujeres-Istmo-696x357.jpeg?resize=350%2C200&ssl=1","width":350,"height":200,"srcset":"https:\/\/i0.wp.com\/www.grieta.org.mx\/wp-content\/uploads\/2020\/03\/Marcha-mujeres-Istmo-696x357.jpeg?resize=350%2C200&ssl=1 1x, https:\/\/i0.wp.com\/www.grieta.org.mx\/wp-content\/uploads\/2020\/03\/Marcha-mujeres-Istmo-696x357.jpeg?resize=525%2C300&ssl=1 1.5x"},"classes":[]},{"id":17143,"url":"https:\/\/www.grieta.org.mx\/index.php\/2016\/07\/12\/defensoras-de-mujeres-piden-alerta-de-genero-para-el-istmo\/","url_meta":{"origin":37994,"position":5},"title":"Defensoras de mujeres piden \u201calerta de g\u00e9nero\u201d para el Istmo","author":"grieta","date":"12 julio, 2016","format":false,"excerpt":"P\u00e1gina 3. Diana Manzo, Juchit\u00e1n, Oaxaca.- Defensoras de mujeres en el Istmo de Tehuantepec urgieron al gobierno de Oaxaca y a las instancias de proveer de seguridad a las mujeres oaxaque\u00f1as, declarar \u201calerta de g\u00e9nero\u201d a esta zona de Oaxaca, tras registrarse tres feminicidios en menos de un mes. Seg\u00fan\u2026","rel":"","context":"En &quot;CINTILLO&quot;","block_context":{"text":"CINTILLO","link":"https:\/\/www.grieta.org.mx\/index.php\/category\/cintillo\/"},"img":{"alt_text":"","src":"https:\/\/i0.wp.com\/www.grieta.org.mx\/wp-content\/uploads\/2018\/03\/14524434_1106112876131411_958039263622046936_o.jpg?resize=350%2C200&ssl=1","width":350,"height":200,"srcset":"https:\/\/i0.wp.com\/www.grieta.org.mx\/wp-content\/uploads\/2018\/03\/14524434_1106112876131411_958039263622046936_o.jpg?resize=350%2C200&ssl=1 1x, https:\/\/i0.wp.com\/www.grieta.org.mx\/wp-content\/uploads\/2018\/03\/14524434_1106112876131411_958039263622046936_o.jpg?resize=525%2C300&ssl=1 1.5x, https:\/\/i0.wp.com\/www.grieta.org.mx\/wp-content\/uploads\/2018\/03\/14524434_1106112876131411_958039263622046936_o.jpg?resize=700%2C400&ssl=1 2x"},"classes":[]}],"_links":{"self":[{"href":"https:\/\/www.grieta.org.mx\/index.php\/wp-json\/wp\/v2\/posts\/37994","targetHints":{"allow":["GET"]}}],"collection":[{"href":"https:\/\/www.grieta.org.mx\/index.php\/wp-json\/wp\/v2\/posts"}],"about":[{"href":"https:\/\/www.grieta.org.mx\/index.php\/wp-json\/wp\/v2\/types\/post"}],"author":[{"embeddable":true,"href":"https:\/\/www.grieta.org.mx\/index.php\/wp-json\/wp\/v2\/users\/2"}],"replies":[{"embeddable":true,"href":"https:\/\/www.grieta.org.mx\/index.php\/wp-json\/wp\/v2\/comments?post=37994"}],"version-history":[{"count":1,"href":"https:\/\/www.grieta.org.mx\/index.php\/wp-json\/wp\/v2\/posts\/37994\/revisions"}],"predecessor-version":[{"id":37996,"href":"https:\/\/www.grieta.org.mx\/index.php\/wp-json\/wp\/v2\/posts\/37994\/revisions\/37996"}],"wp:featuredmedia":[{"embeddable":true,"href":"https:\/\/www.grieta.org.mx\/index.php\/wp-json\/wp\/v2\/media\/37995"}],"wp:attachment":[{"href":"https:\/\/www.grieta.org.mx\/index.php\/wp-json\/wp\/v2\/media?parent=37994"}],"wp:term":[{"taxonomy":"category","embeddable":true,"href":"https:\/\/www.grieta.org.mx\/index.php\/wp-json\/wp\/v2\/categories?post=37994"},{"taxonomy":"post_tag","embeddable":true,"href":"https:\/\/www.grieta.org.mx\/index.php\/wp-json\/wp\/v2\/tags?post=37994"}],"curies":[{"name":"wp","href":"https:\/\/api.w.org\/{rel}","templated":true}]}}