{"id":37982,"date":"2019-08-17T16:28:09","date_gmt":"2019-08-17T21:28:09","guid":{"rendered":"http:\/\/www.grieta.org.mx\/?p=37982"},"modified":"2019-08-17T17:48:23","modified_gmt":"2019-08-17T22:48:23","slug":"comunicado-del-ccri-cg-del-ezln-y-rompimos-el-cerco-subcomandante-insurgente-moises","status":"publish","type":"post","link":"https:\/\/www.grieta.org.mx\/index.php\/2019\/08\/17\/comunicado-del-ccri-cg-del-ezln-y-rompimos-el-cerco-subcomandante-insurgente-moises\/","title":{"rendered":"Comunicado del CCRI-CG del EZLN. Y ROMPIMOS EL CERCO. Subcomandante Insurgente Mois\u00e9s"},"content":{"rendered":"<p><a href=\"http:\/\/www.grieta.org.mx\/wp-content\/uploads\/2019\/08\/images.png\"><img loading=\"lazy\" decoding=\"async\" data-attachment-id=\"37983\" data-permalink=\"https:\/\/www.grieta.org.mx\/index.php\/2019\/08\/17\/comunicado-del-ccri-cg-del-ezln-y-rompimos-el-cerco-subcomandante-insurgente-moises\/images-3\/\" data-orig-file=\"https:\/\/www.grieta.org.mx\/wp-content\/uploads\/2019\/08\/images.png\" data-orig-size=\"275,183\" data-comments-opened=\"0\" data-image-meta=\"{&quot;aperture&quot;:&quot;0&quot;,&quot;credit&quot;:&quot;&quot;,&quot;camera&quot;:&quot;&quot;,&quot;caption&quot;:&quot;&quot;,&quot;created_timestamp&quot;:&quot;0&quot;,&quot;copyright&quot;:&quot;&quot;,&quot;focal_length&quot;:&quot;0&quot;,&quot;iso&quot;:&quot;0&quot;,&quot;shutter_speed&quot;:&quot;0&quot;,&quot;title&quot;:&quot;&quot;,&quot;orientation&quot;:&quot;0&quot;}\" data-image-title=\"ezln\" data-image-description=\"\" data-image-caption=\"\" data-medium-file=\"https:\/\/www.grieta.org.mx\/wp-content\/uploads\/2019\/08\/images.png\" data-large-file=\"https:\/\/www.grieta.org.mx\/wp-content\/uploads\/2019\/08\/images.png\" class=\"aligncenter wp-image-37983\" src=\"http:\/\/www.grieta.org.mx\/wp-content\/uploads\/2019\/08\/images.png\" alt=\"\" width=\"800\" height=\"532\"><\/a><\/p>\n<p style=\"text-align: center;\">COMUNICADO DEL COMIT\u00c9 CLANDESTINO REVOLUCIONARIO IND\u00cdGENA-COMANDANCIA GENERAL DEL EJ\u00c9RCITO ZAPATISTA DE LIBERACI\u00d3N NACIONAL.<br \/>\nM\u00c9XICO.<\/p>\n<p>17 DE AGOSTO DEL 2019.<\/p>\n<p>AL PUEBLO DE M\u00c9XICO:<br \/>\nA LOS PUEBLOS DEL MUNDO:<br \/>\nAL CONGRESO NACIONAL IND\u00cdGENA-CONCEJO IND\u00cdGENA DE GOBIERNO:<br \/>\nA LA SEXTA NACIONAL E INTERNACIONAL:<br \/>\nA LAS REDES DE APOYO Y RESISTENCIA Y REBELD\u00cdA:<\/p>\n<p>HERMANOS, HERMANAS Y HERMANOAS:<br \/>\nCOMPA\u00d1ERAS, COMPA\u00d1EROS Y COMPA\u00d1EROAS:<\/p>\n<p>Aqu\u00ed les traemos nuestra palabra que es la misma de antes, de hoy y de ma\u00f1ana, porque es de resistencia y rebeld\u00eda.<\/p>\n<p>En octubre del 2016, hace casi 3 a\u00f1os, en su 20 aniversario, los pueblos hermanos organizados en el Congreso Nacional Ind\u00edgena, junto con el EZLN, se comprometieron a pasar a la ofensiva en la defensa del territorio y de la madre tierra. Perseguidos por las fuerzas del mal gobierno, caciques, empresas extranjeras, criminales y leyes; contando muertos, agravios y burlas, los pueblos originarios, los guardianes de la tierra, acordamos pasar a la ofensiva y extender la palabra y la acci\u00f3n de resistencia y rebeld\u00eda.<\/p>\n<p>Con la formaci\u00f3n del Concejo Ind\u00edgena de Gobierno y la designaci\u00f3n de su vocera, Marichuy, el Congreso Nacional Ind\u00edgena se dio a la tarea de llevar, a hermanos y hermanas del campo y la ciudad, la palabra de alerta y de organizaci\u00f3n. El EZLN tambi\u00e9n pas\u00f3 a la ofensiva en su lucha de la palabra, la idea y la organizaci\u00f3n.<\/p>\n<p>Ahora ha llegado el momento de que rindamos cuentas al CNI-CIG y a su vocera. Ya sus pueblos dir\u00e1n si hemos cumplido. Pero no s\u00f3lo a ellos, tambi\u00e9n tenemos debe con las organizaciones, grupos, colectivos y personas en lo individual (especialmente de la Sexta y las Redes, pero no s\u00f3lo), que, en M\u00e9xico y el mundo, se preocupan por los pueblos zapatistas y, en su tiempo, geograf\u00eda y modo, sin importar su lejan\u00eda en kil\u00f3metros, sin importar muros y fronteras, ni los cercos que nos ponen, siguen con su coraz\u00f3n palpitando junto al nuestro.<\/p>\n<p>La llegada de un nuevo gobierno no nos enga\u00f1\u00f3. Sabemos que el Mand\u00f3n no tiene m\u00e1s Patria que el dinero, y manda en el mundo y en la mayor\u00eda de las fincas que llaman \u201cpa\u00edses\u201d.<\/p>\n<p>Sabemos tambi\u00e9n que la rebeld\u00eda est\u00e1 prohibida, como est\u00e1n prohibidas la dignidad y la rabia. Pero en todo el mundo, en sus rincones m\u00e1s olvidados y despreciados, hay seres humanos que se resisten a ser devorados por la m\u00e1quina y no se rinden, no se venden y no claudican. Muchos colores tienen, muchas son sus banderas, muchas las lenguas que les visten, y gigantescas son su resistencia y su rebeld\u00eda.<\/p>\n<p>El Mand\u00f3n y sus capataces construyen muros, fronteras y cercos para tratar de contener \u00e9se que dicen que es un mal ejemplo. Pero no lo pueden hacer, porque la dignidad, el coraje, la rabia, la rebeld\u00eda, no se pueden detener ni encerrar. Aunque se escondan detr\u00e1s de sus muros, sus fronteras, sus cercos, sus ej\u00e9rcitos y polic\u00edas, sus leyes y decretos, esa rebeld\u00eda llegar\u00e1 a pedirles cuentas tarde o temprano. Y no habr\u00e1 ni perd\u00f3n ni olvido.<\/p>\n<p>Sab\u00edamos y sabemos que nuestra libertad s\u00f3lo ser\u00e1 obra de nosotros mismos, los pueblos originarios. Con el nuevo capataz en M\u00e9xico, sigui\u00f3 tambi\u00e9n la persecuci\u00f3n y la muerte: en apenas unos meses, una decena de compa\u00f1eros del Congreso Nacional Ind\u00edgena-Concejo Ind\u00edgena de Gobierno, luchadores sociales, fueron asesinados. Entre ellos, un hermano muy respetado por los pueblos zapatistas: Samir Flores Soberanes, ultimado despu\u00e9s de ser se\u00f1alado por el capataz que, adem\u00e1s, sigue adelante con los megaproyectos neoliberales que desaparecen pueblos enteros, destruyen la naturaleza, y convierten la sangre de los pueblos originarios en ganancia de los grandes capitales.<\/p>\n<p>Por eso, en honor a las hermanas y hermanos que han muerto, son perseguidos, y est\u00e1n desaparecidos o en la c\u00e1rcel, hemos decidido nombrar como \u201cSAMIR FLORES VIVE\u201d a la campa\u00f1a zapatista que hoy culmina y hacemos p\u00fablica:<\/p>\n<p>Despu\u00e9s de a\u00f1os de trabajo silencioso, a pesar del cerco, a pesar de las campa\u00f1as de mentiras, a pesar de las difamaciones, a pesar de los patrullajes militares, a pesar de la Guardia Nacional, a pesar de las campa\u00f1as contrainsurgentes disfrazadas de programas sociales, a pesar del olvido y el desprecio, hemos crecido y nos hemos hecho m\u00e1s fuertes.<\/p>\n<p><strong> Y rompimos el cerco.<\/strong><\/p>\n<p>Nos salimos sin pedir permiso y ahora estamos de nuevo con ustedes, hermanas y hermanos y <strong><em>hermanoas<\/em><\/strong>, compa\u00f1eros, compa\u00f1eras y <strong><em>compa\u00f1eroas<\/em><\/strong>. El cerco gubernamental qued\u00f3 atr\u00e1s, no sirvi\u00f3 y nunca servir\u00e1. Seguimos caminos y rutas que no existen en los mapas ni en los sat\u00e9lites, y que s\u00f3lo se encuentran en el pensamiento de nuestros m\u00e1s antiguos.<\/p>\n<p>Con nosotras, nosotros, zapatistas, en nuestros corazones camin\u00f3 tambi\u00e9n la palabra, la historia y el ejemplo de nuestros pueblos, de nuestros ni\u00f1os, ancianos, hombres y mujeres. Fuera encontramos casa, alimento, o\u00eddo y palabra. Nos entendimos como s\u00f3lo se entienden entre s\u00ed quienes comparten no s\u00f3lo el dolor, tambi\u00e9n la historia, la indignaci\u00f3n, la rabia.<\/p>\n<p>Entendimos, as\u00ed, no s\u00f3lo que los cercos y muros s\u00f3lo sirven para la muerte, tambi\u00e9n que la compra-venta de conciencias de los gobiernos cada vez es m\u00e1s in\u00fatil. Ya no enga\u00f1an, ya no convencen, ya se oxidan, ya se rompen, ya fracasan.<\/p>\n<p>As\u00ed salimos. El Mand\u00f3n qued\u00f3 atr\u00e1s, pensando que su cerco, cercados nos manten\u00eda. De lejos vimos sus espaldas de Guardias Nacionales, soldados, polic\u00edas, proyectos, ayudas y mentiras. Fuimos y regresamos, entramos y salimos. 10, 100, 1000 veces lo hicimos y el Mand\u00f3n vigilaba sin mirarnos, confiado en el miedo que su miedo daba.<\/p>\n<p>Como una mancha sucia quedaron los cercadores, cercados ellos dentro en un territorio ahora m\u00e1s extendido, un territorio que contagia rebeld\u00eda.<\/p>\n<p>Herman@s, compa\u00f1er@s:<\/p>\n<p>Nos presentamos ante ustedes con nuevos Caracoles y m\u00e1s municipios aut\u00f3nomos rebeldes zapatistas en nuevas zonas del sureste mexicano.<\/p>\n<p>Ahora tendremos tambi\u00e9n Centros de Resistencia Aut\u00f3noma y Rebeld\u00eda Zapatista. En la mayor\u00eda de los casos, estos centros ser\u00e1n tambi\u00e9n sede de caracoles, Juntas de Buen Gobierno y Municipios Aut\u00f3nomos Rebeldes Zapatistas (marez).<\/p>\n<p>Aunque con lentitud, como debe ser seg\u00fan su nombre, los 5 caracoles originales se reprodujeron despu\u00e9s de 15 a\u00f1os de trabajo pol\u00edtico y organizativo; y los MAREZ y sus Juntas de Buen Gobierno tambi\u00e9n tuvieron que hacer cr\u00edas y ver que crecieran. Ahora ser\u00e1n 12 caracoles con sus Juntas de Buen Gobierno.<\/p>\n<p>Este crecimiento exponencial, que hoy nos permite salir nuevamente del cerco, se debe fundamentalmente a dos cosas:<\/p>\n<p>Una, y la m\u00e1s importante, es el trabajo pol\u00edtico organizativo y el ejemplo de las mujeres, hombres, ni\u00f1os y ancianos bases de apoyo zapatistas. De manera destacada, de las mujeres y j\u00f3venes zapatistas. Compa\u00f1eras de todas las edades se movilizaron para hablar con otras hermanas con o sin organizaci\u00f3n. Los j\u00f3venes zapatistas, sin abandonar sus gustos y querencias, aprendieron de las ciencias y las artes, y as\u00ed contagiaron a m\u00e1s y m\u00e1s j\u00f3venes. La mayor\u00eda de esa juventud, principalmente mujeres, asumen cargos y los empapan de su creatividad, ingenio e inteligencia. As\u00ed que podemos decir, sin pena y con orgullo, que las mujeres zapatistas no s\u00f3lo van delante para, como el p\u00e1jaro <em>Pujuy<\/em>, marcarnos el camino y no nos perdamos: tambi\u00e9n a los lados para que no nos desviemos; y atr\u00e1s para que no nos retrasemos.<\/p>\n<p>La otra es la pol\u00edtica gubernamental destructora de la comunidad y la naturaleza, particularmente la del actual gobierno autodenominado \u201cCuarta Transformaci\u00f3n\u201d. Las comunidades tradicionalmente partidistas han sido lastimadas por el desprecio, el racismo y la voracidad del actual gobierno, y han ido pasando a la rebeld\u00eda abierta o escondida. Quien pens\u00f3 que con su pol\u00edtica contrainsurgente de limosnas, dividir\u00eda al zapatismo y comprar\u00eda la lealtad de los no-zapatistas, alentando la confrontaci\u00f3n y el des\u00e1nimo, dio los argumentos que faltaban para convencer a esos hermanos y hermanas de que es preciso defender la tierra y la naturaleza.<\/p>\n<p>El mal gobierno pens\u00f3 y piensa que lo que la gente espera y necesita son limosnas monetarias.<\/p>\n<p>Ahora, los pueblos zapatistas y muchos pueblos no zapatistas, as\u00ed como los pueblos hermanos del CNI en el sureste mexicano y en todo el pa\u00eds, le responden y demuestran que est\u00e1 equivocado.<\/p>\n<p>Entendemos que el actual capataz se form\u00f3 en el PRI y en la concepci\u00f3n \u201cindigenista\u201d en la que los originarios anhelan vender su dignidad y dejar de ser lo que son, y que el ind\u00edgena es pieza de museo, artesan\u00eda multicolor para que el poderoso oculte lo gris de su coraz\u00f3n. Por eso su preocupaci\u00f3n de que sus muros-trenes (el del Istmo y el mal llamado \u201cMaya\u201d) incorporen al paisaje las ruinas de una civilizaci\u00f3n, para que deleiten al turista.<\/p>\n<p>Pero los originarios estamos vivos y rebeldes y resistiendo; y el capataz ahora pretende reeditar a uno de sus caporales, un abogado que alguna vez fue ind\u00edgena, y que ahora, como a lo largo de la historia mundial, se dedica a dividir, perseguir y manipular a quienes alguna vez fueron sus semejantes. El titular del INPI se talla todos los d\u00edas la conciencia con piedra <em>p\u00f3mez<\/em> para eliminar todo rastro de dignidad. Piensa \u00e9l que as\u00ed se blanquea su piel y su raz\u00f3n es la del Mand\u00f3n. El capataz lo felicita y se felicita: no hay nada mejor para tratar de controlar rebeldes que un arrepentido, convertido por paga, en t\u00edtere del opresor.<\/p>\n<p>&nbsp;<\/p>\n<p style=\"text-align: center;\"><strong>-*-<\/strong><\/p>\n<p>&nbsp;<\/p>\n<p>Durante estos ya m\u00e1s de 25 a\u00f1os hemos aprendido.<\/p>\n<p>En lugar de escalar en los cargos de los malos gobierno o convertirnos en una mala copia de quienes nos humillan y oprimen, nuestra inteligencia y saber se dedic\u00f3 a nuestro propio crecimiento y fortaleza.<\/p>\n<p>Gracias a las hermanas, hermanos y <strong><em>hermanoas<\/em><\/strong> de M\u00e9xico y del mundo que participaron en los encuentros y semilleros a los que convocamos en este tiempo, nuestra imaginaci\u00f3n y creatividad, as\u00ed como nuestro conocimiento, se abrieron y se hicieron m\u00e1s universales, es decir, m\u00e1s humanos. Aprendimos a mirar, escuchar y hablar lo otro sin burla, sin condena, sin etiquetas. Aprendimos que un sue\u00f1o que no abarque el mundo, es un sue\u00f1o peque\u00f1o.<\/p>\n<p>Lo que ahora se da a conocer y es p\u00fablico, fue un largo proceso de reflexi\u00f3n y b\u00fasqueda. Miles de asambleas comunitarias zapatistas, en las monta\u00f1as del sureste mexicano, pensaron y buscaron caminos, modos, tiempos. Desafiando el desprecio del poderoso, que nos tacha de ignorantes y tontos, usamos la inteligencia, el conocimiento y la imaginaci\u00f3n.<\/p>\n<p>Aqu\u00ed les nombramos los nuevos Centros de Resistencia Aut\u00f3noma y Rebeld\u00eda Zapatista (CRAREZ). Son 11 Centros nuevos, m\u00e1s los 5 caracoles originales, 16. Adem\u00e1s los municipios aut\u00f3nomos originales, que son 27, total de centros Zapatistas son 43.<\/p>\n<p>Nombres y ubicaci\u00f3n de los nuevos Caracoles y Marez:<\/p>\n<p><strong>1.-Nuevo caracol<\/strong>, su nombre<strong>: <em>Colectivo el coraz\u00f3n de semillas rebeldes, memoria del Compa\u00f1ero Galeano<\/em>. <\/strong>Su Junta de Buen Gobierno se llama: <strong><em>Pasos de la historia, por la vida de la humanidad<\/em><\/strong>. Su sede es <em>La Uni\u00f3n<\/em>. Tierra recuperada. A un lado del ejido San Quint\u00edn, donde est\u00e1 el cuartel del ej\u00e9rcito del mal gobierno. Municipio oficial de Ocosingo.<\/p>\n<p><strong>2.-Nuevo municipio Aut\u00f3nomo<\/strong>, se llama: <strong><em>Esperanza de la Humanidad<\/em><\/strong>; su sede es en: el ejido <em>Santa Mar\u00eda<\/em>. Municipio oficial de Chicomuselo.<\/p>\n<p><strong>3.-Otro Nuevo Municipio aut\u00f3nomo<\/strong>, se llama: <strong><em>Ernesto Che Guevara<\/em><\/strong>. Su sede es en <em>El Bel\u00e9n<\/em>. Municipio oficial de Motozintla.<\/p>\n<p><em><strong>4.-Nuevo Caracol<\/strong><\/em><em> su nombre: <\/em><strong><em>Espiral digno tejiendo los colores de la humanidad en memoria de l@s ca\u00eddos<\/em><\/strong><strong>. <\/strong>Su Junta de Buen Gobierno se llama: <strong>Semilla que florece con la conciencia de l@s que luchan por siempre. <\/strong>Su sede es en <em>Tulan Ka\u2019u<\/em>, tierra recuperada. Municipio oficial de Amatenango del Valle.<\/p>\n<p><strong>5.-Otro Caracol Nuevo<\/strong>. Su nombre es: <strong><em>Floreciendo la semilla rebelde<\/em>. <\/strong>Su Junta de Buen Gobierno, se llama: <strong><em>Nuevo amanecer en resistencia y rebeld\u00eda por la vida y la humanidad<\/em>. <\/strong>Su sede es en el <em>Poblado<\/em> <em>Patria Nueva<\/em>, tierra recuperada. Municipio oficial de Ocosingo.<\/p>\n<p><strong>6<\/strong>.-<strong>Nuevo municipio aut\u00f3nomo<\/strong>, se llama: <strong><em>Sembrando conciencia para cosechar revoluciones por la vida<\/em>. <\/strong>Su sede es en: <em>Tulan Ka\u2019u<\/em>. Tierra recuperada. Municipio oficial de Amatenango del Valle.<\/p>\n<p><strong>7.-Nuevo Caracol<\/strong>. Su nombre es: <strong><em>En Honor a la memoria del Compa\u00f1ero Manuel<\/em>. <\/strong>Su Junta de Buen Gobierno, se llama<strong>: <em>El pensamiento rebelde de los pueblos originarios<\/em>. <\/strong>Su sede es en: <em>Dolores Hidalgo<\/em>. Tierra recuperada. Municipio oficial de Ocosingo.<\/p>\n<p><strong>8.-Otro Nuevo Caracol<\/strong>. Su nombre es: <strong><em>Resistencia y Rebeld\u00eda un Nuevo Horizonte<\/em>. <\/strong> Su Junta de Buen Gobierno, se llama: <strong><em>La luz que resplandece al mundo<\/em>.<\/strong> Su sede es en el <em>Poblado<\/em> <em>Nuevo<\/em> <em>Jerusal\u00e9n<\/em>. Tierra recuperada. &nbsp;Municipio oficial de Ocosingo.<\/p>\n<p><strong>9.-Nuevo Caracol<\/strong>, se llama: <strong><em>Ra\u00edz de las Resistencias y Rebeld\u00edas por la humanidad<\/em>. <\/strong>Su Junta de Buen Gobierno, se llama<strong>: <em>Coraz\u00f3n de nuestras vidas para el nuevo futuro<\/em><\/strong>. Su sede es en el ejido <em>Jolj\u2019a<\/em>. Municipio oficial de Tila.<\/p>\n<p><strong>10<\/strong>.-<strong>Nuevo Municipio Aut\u00f3nomo<\/strong>, se llama: <strong><em>21 de Diciembre<\/em><\/strong>. Su sede es en <em>Rancher\u00eda<\/em> <em>K\u2019anal Hulub<\/em>. Municipio oficial de Chil\u00f3n.<\/p>\n<p><strong>11.-Nuevo Caracol, <\/strong>se llama: <strong><em>Jacinto Canek<\/em>. <\/strong>Su Junta de Buen Gobierno, se llama: <strong><em>Flor de nuestra palabra y luz de nuestros pueblos que refleja para todos<\/em>. <\/strong>Su sede es en la <em>Comunidad del<\/em> <em>CIDECI-Unitierra<\/em>. Municipio oficial de San Crist\u00f3bal de las Casas<strong>. <\/strong><\/p>\n<p>Aprovechamos para invitar a la Sexta, las Redes, el CNI y las personas honestas a que vengan y, junto a los pueblos zapatistas, participen en la construcci\u00f3n de los CRAREZ, sea consiguiendo materiales y apoyo econ\u00f3mico, sea martillando, cortando, cargando, orientando y conviviendo con nosotros. O en la forma y modo que vean que les conviene. En los pr\u00f3ximos d\u00edas haremos p\u00fablico un escrito donde explicamos c\u00f3mo, cu\u00e1ndo y d\u00f3nde se pueden registrar para participar.<\/p>\n<p>&nbsp;<\/p>\n<p style=\"text-align: center;\"><strong>-*-<\/strong><\/p>\n<p>&nbsp;<\/p>\n<p>Herman@s y compa\u00f1er@s:<\/p>\n<p>AL CNI-CIG le convocamos para encontrarnos y conocer el trabajo al que nos hemos comprometido, compartir los problemas, las dificultades, los golpes, los desmayos, pero tambi\u00e9n las semillas que sirvan para cosechar mejor de la lucha, y las semillas que vemos que no nos da mejor cosecha, que nos lleva a todo lo contrario, para que ya no lo hagamos eso. Encontrarnos con los que realmente est\u00e1n ech\u00e1ndole ganas a lo organizativo de lucha, que nos encontr\u00e1ramos para platicar de las buenas cosechas y de las malas tambi\u00e9n. En concreto les proponemos la realizaci\u00f3n conjunta, en uno de los Caracoles, de lo que podr\u00eda llamarse FORO EN DEFENSA DEL TERRITORIO Y LA MADRE TIERRA, o como vean mejor, abierto a todas las personas, grupos, colectivos y organizaciones que se empe\u00f1an en esa lucha por la vida. La fecha que les proponemos es en este mes de octubre del 2019, en los d\u00edas que vean m\u00e1s convenientes. As\u00ed mismo, les ofrecemos uno de los Caracoles para que se haga la reuni\u00f3n o asamblea del CNI-CIG, en la fecha que m\u00e1s les convenga.<\/p>\n<p>A LA SEXTA Y LAS REDES les llamamos a iniciar ya el an\u00e1lisis y discusi\u00f3n para la formaci\u00f3n de una Red Internacional de Resistencia y Rebeld\u00eda, Polo, N\u00facleo, Federaci\u00f3n, Confederaci\u00f3n, o como se llame, basada en la independencia y autonom\u00eda de quienes la formen, renunciando expl\u00edcitamente a hegemonizar y homogeneizar, en la que la solidaridad y el apoyo mutuos sean incondicionales, se compartan las experiencias buenas y malas de la lucha de cada quien, y se trabaje en la difusi\u00f3n de las historias de abajo y a la izquierda.<\/p>\n<p>Para esto, como zapatistas que somos, convocaremos a reuniones bilaterales con los grupos, colectivos y organizaciones que s\u00ed est\u00e1n trabajando en sus geograf\u00edas. No haremos grandes reuniones. En los pr\u00f3ximos d\u00edas daremos a conocer el c\u00f3mo, cu\u00e1ndo y d\u00f3nde de estas reuniones bilaterales que les proponemos. Claro, a quienes acepten, y tomando en cuenta sus calendarios y geograf\u00edas.<\/p>\n<p>A QUIENES HACEN DEL ARTE, LA CIENCIA Y EL PENSAMIENTO CR\u00cdTICO SU VOCACI\u00d3N Y VIDA, les invitaremos a festivales, encuentros, semilleros, fiestas, intercambios, o como se vayan a llamar esas comparticiones. Ya daremos a conocer el c\u00f3mo, cu\u00e1ndo y d\u00f3nde se podr\u00edan hacer. Esto incluye el CompArte y el Festival de Cine \u201cPuy ta Cuxlejaltic\u201d, pero no s\u00f3lo. Pensamos de hacer CompArtes especiales seg\u00fan cada Arte. Por ejemplo: Teatro, Danza, Artes Pl\u00e1sticas, Literatura, M\u00fasica, etc\u00e9tera. Se har\u00e1 otra edici\u00f3n del ConCiencias, tal vez iniciando con las Ciencias Sociales. Se realizar\u00e1n semilleros de Pensamiento Cr\u00edtico, tal vez comenzando con el tema de la Tormenta.<\/p>\n<p>Y, ESPECIALMENTE, A QUIENES CAMINAN CON DOLOR Y RABIA, CON RESISTENCIA Y REBELD\u00cdA, Y SON PERSEGUID@S:<\/p>\n<p>Convocaremos a encuentros de familiares de asesinad@s, desaparecid@s y encarcelad@s, as\u00ed como organizaciones, grupos y colectivos que acompa\u00f1an su dolor, su rabia y su b\u00fasqueda de verdad y justicia. Tendr\u00e1 como \u00fanico objetivo que se conozcan entre s\u00ed e intercambien no s\u00f3lo dolores, tambi\u00e9n y sobre todo sus experiencias en esa b\u00fasqueda. Los pueblos zapatistas nos limitaremos a ser anfitriones.<\/p>\n<p>Las compa\u00f1eras zapatistas convocar\u00e1n a un nuevo Encuentro de Mujeres que luchan, en los tiempos, lugares y modalidades que ellas decidan, y les har\u00e1n saber cu\u00e1ndo y por el medio que ellas digan. De una vez les avisamos que ser\u00e1 s\u00f3lo para mujeres, por eso no se pueden dar m\u00e1s datos hasta que ellas digan.<\/p>\n<p>Veremos si hay modo de hacer una reuni\u00f3n de <strong><em>otroas<\/em><\/strong>, con el objetivo de que compartan, adem\u00e1s de sus dolores, las injusticias, persecuciones y dem\u00e1s chingaderas que les hacen, sus formas de lucha y su fuerza. Los pueblos zapatistas nos limitaremos a ser anfitriones.<\/p>\n<p>Veremos si es posible un encuentro de grupos, colectivos y organizaciones defensoras de los Derechos Humanos, en la forma y modalidad que ellos decidan. Los pueblos zapatistas nos limitaremos a ser anfitriones.<\/p>\n<p>&nbsp;<\/p>\n<p style=\"text-align: center;\"><strong>-*-<\/strong><\/p>\n<p>&nbsp;<\/p>\n<p>Compa\u00f1er@s y herman@s:<\/p>\n<p>Aqu\u00ed estamos, somos zapatistas. Para que nos miraran, nos cubrimos el rostro; para que nos nombraran, negamos nuestro nombre; apostamos el presente para tener futuro, y, para vivir, morimos. Somos zapatistas, mayoritariamente ind\u00edgenas de ra\u00edces mayas, y no nos vendemos, no nos rendimos y no claudicamos.<\/p>\n<p>Somos rebeld\u00eda y resistencia. Somos uno de tantos mazos que romper\u00e1n los muros, uno de tantos vientos que barrer\u00e1n la tierra, y una de tantas semillas de las que nacer\u00e1n otros mundos.<\/p>\n<p>Somos el Ej\u00e9rcito Zapatista de Liberaci\u00f3n Nacional.<\/p>\n<p style=\"text-align: center;\">Desde las monta\u00f1as del Sureste Mexicano.<br \/>\nA nombre de los hombres, mujeres, ni\u00f1os y ancianos bases de apoyo zapatistas y del Comit\u00e9 Clandestino Revolucionario Ind\u00edgena-Comandancia General del<br \/>\nEj\u00e9rcito Zapatista de Liberaci\u00f3n Nacional.<\/p>\n<p style=\"text-align: center;\">Subcomandante Insurgente Mois\u00e9s.<br \/>\nM\u00e9xico, Agosto del 2019.<\/p>\n<p><a href=\"http:\/\/enlacezapatista.ezln.org.mx\/2019\/08\/17\/comunicado-del-ccri-cg-del-ezln-y-rompimos-el-cerco-subcomandante-insurgente-moises\/\">http:\/\/enlacezapatista.ezln.org.mx\/2019\/08\/17\/comunicado-del-ccri-cg-del-ezln-y-rompimos-el-cerco-subcomandante-insurgente-moises\/<\/a><\/p>\n","protected":false},"excerpt":{"rendered":"<p>COMUNICADO DEL COMIT\u00c9 CLANDESTINO REVOLUCIONARIO IND\u00cdGENA-COMANDANCIA GENERAL DEL EJ\u00c9RCITO ZAPATISTA DE LIBERACI\u00d3N NACIONAL. M\u00c9XICO. 17 DE AGOSTO DEL 2019. AL PUEBLO DE M\u00c9XICO: A LOS PUEBLOS DEL MUNDO: AL CONGRESO &hellip; <a href=\"https:\/\/www.grieta.org.mx\/index.php\/2019\/08\/17\/comunicado-del-ccri-cg-del-ezln-y-rompimos-el-cerco-subcomandante-insurgente-moises\/\" class=\"more-link\">Leer m\u00e1s<\/a><\/p>\n","protected":false},"author":1,"featured_media":37983,"comment_status":"closed","ping_status":"closed","sticky":false,"template":"","format":"standard","meta":{"ngg_post_thumbnail":0,"_jetpack_newsletter_access":"","_jetpack_dont_email_post_to_subs":false,"_jetpack_newsletter_tier_id":0,"_jetpack_memberships_contains_paywalled_content":false,"_jetpack_memberships_contains_paid_content":false,"footnotes":""},"categories":[80,74,907],"tags":[466],"class_list":["post-37982","post","type-post","status-publish","format-standard","has-post-thumbnail","hentry","category-cintillo","category-ezln","category-ezln-2","tag-ezln","entry"],"jetpack_featured_media_url":"https:\/\/www.grieta.org.mx\/wp-content\/uploads\/2019\/08\/images.png","jetpack_sharing_enabled":true,"jetpack_shortlink":"https:\/\/wp.me\/p7ZJR4-9SC","jetpack_likes_enabled":false,"jetpack-related-posts":[{"id":70981,"url":"https:\/\/www.grieta.org.mx\/index.php\/2025\/02\/16\/alto-a-los-ataques-contra-la-ucizoni-pronunciamiento-del-congreso-nacional-indigena-y-el-ezln-en-apoyo-a-quienes-resisten-en-el-istmo\/","url_meta":{"origin":37982,"position":0},"title":"ALTO A LOS ATAQUES CONTRA LA UCIZONI. PRONUNCIAMIENTO DEL CONGRESO NACIONAL IND\u00cdGENA Y EL EZLN EN APOYO A QUIENES RESISTEN EN EL ISTMO","author":"grieta","date":"16 febrero, 2025","format":false,"excerpt":"ALTO A LOS ATAQUES CONTRA LA UCIZONI PRONUNCIAMIENTO DEL CONGRESO NACIONAL IND\u00cdGENA Y EL EZLN EN APOYO A QUIENES RESISTEN EN EL ISTMO. A los pueblos ind\u00edgenas de M\u00e9xico y del mundo A las organizaciones en resistencia A la sociedad civil nacional e internacional Hermanas y hermanos: Desde el Congreso\u2026","rel":"","context":"En &quot;CINTILLO&quot;","block_context":{"text":"CINTILLO","link":"https:\/\/www.grieta.org.mx\/index.php\/category\/cintillo\/"},"img":{"alt_text":"","src":"https:\/\/i0.wp.com\/www.grieta.org.mx\/wp-content\/uploads\/2025\/02\/ucizoni.png?resize=350%2C200&ssl=1","width":350,"height":200,"srcset":"https:\/\/i0.wp.com\/www.grieta.org.mx\/wp-content\/uploads\/2025\/02\/ucizoni.png?resize=350%2C200&ssl=1 1x, https:\/\/i0.wp.com\/www.grieta.org.mx\/wp-content\/uploads\/2025\/02\/ucizoni.png?resize=525%2C300&ssl=1 1.5x, https:\/\/i0.wp.com\/www.grieta.org.mx\/wp-content\/uploads\/2025\/02\/ucizoni.png?resize=700%2C400&ssl=1 2x"},"classes":[]},{"id":46224,"url":"https:\/\/www.grieta.org.mx\/index.php\/2020\/03\/16\/por-coronavirus-el-ezln-cierra-caracoles-y-llama-a-no-abandonar-las-luchas-actuales-comunicado\/","url_meta":{"origin":37982,"position":1},"title":"POR CORONAVIRUS EL EZLN CIERRA CARACOLES Y LLAMA A NO ABANDONAR LAS LUCHAS ACTUALES (COMUNICADO)","author":"grieta","date":"16 marzo, 2020","format":false,"excerpt":"COMUNICADO DEL COMIT\u00c9 CLANDESTINO REVOLUCIONARIO IND\u00cdGENA-COMANDANCIA GENERAL DEL EJ\u00c9RCITO ZAPATISTA DE LIBERACI\u00d3N NACIONAL. M\u00c9XICO. 16 DE MARZO DEL 2020. AL PUEBLO DE MEXICO: A LOS PUEBLOS DEL MUNDO: AL CONGRESO NACIONAL IND\u00cdGENA \u2013 CONCEJO IND\u00cdGENA DE GOBIERNO: A LA SEXTA NACIONAL E INTERNACIONAL: A LAS REDES DE RESISTENCIA Y REBELD\u00cdA:\u2026","rel":"","context":"En &quot;CINTILLO&quot;","block_context":{"text":"CINTILLO","link":"https:\/\/www.grieta.org.mx\/index.php\/category\/cintillo\/"},"img":{"alt_text":"","src":"https:\/\/i0.wp.com\/www.grieta.org.mx\/wp-content\/uploads\/2020\/03\/21841-ezln-ejercito-zapatista_400px.jpg?resize=350%2C200&ssl=1","width":350,"height":200},"classes":[]},{"id":27703,"url":"https:\/\/www.grieta.org.mx\/index.php\/2018\/11\/24\/comunicado-del-cni-cig-y-ezln-al-pueblo-mapuche\/","url_meta":{"origin":37982,"position":2},"title":"Comunicado [conjunto del CNI, CIG y EZLN] al pueblo Mapuche","author":"grieta","date":"24 noviembre, 2018","format":false,"excerpt":"Comunicado: Al pueblo mapuche Al pueblo chileno A los pueblos originarios de Am\u00e9rica A la Sexta Internacional Hermanos y hermanas del digno pueblo mapuche, Los pueblos, naciones, tribus y barrios que conformamos el Congreso Nacional Ind\u00edgena, el Concejo Ind\u00edgena de Gobierno y el EZLN abrazamos solidariamente la familia del compa\u00f1ero\u2026","rel":"","context":"En &quot;CINTILLO&quot;","block_context":{"text":"CINTILLO","link":"https:\/\/www.grieta.org.mx\/index.php\/category\/cintillo\/"},"img":{"alt_text":"","src":"","width":0,"height":0},"classes":[]},{"id":61821,"url":"https:\/\/www.grieta.org.mx\/index.php\/2021\/09\/20\/comunidad-nahua-de-santa-maria-ostula-integrante-del-congreso-nacional-indigena-se-solidariza-con-las-comunidades-zapatistas\/","url_meta":{"origin":37982,"position":3},"title":"Comunidad nahua de Santa Mar\u00eda Ostula, integrante del Congreso Nacional Ind\u00edgena, se solidariza con las comunidades Zapatistas","author":"grieta","date":"20 septiembre, 2021","format":false,"excerpt":"COMUNIDAD NAHUA DE SANTA MAR\u00cdA OSTULA, MICHOAC\u00c1N\/RADIO ZAPATISTA #AltoALaGuerraContraLasComunidadesZapatistas #RutilioEscand\u00f3n #RutilioRepresor #AltoALaGuerraEnChiapas #OstulaVive A todos los medios de comunicaci\u00f3n, Al Ej\u00e9rcito Zapatista de Liberaci\u00f3n Nacional, Al Congreso Nacional Ind\u00edgena, Al Concejo Ind\u00edgena de Gobierno, A las organizaciones sociales, A la poblaci\u00f3n en general, Por medio de este comunicado, la comunidad\u2026","rel":"","context":"En &quot;CINTILLO&quot;","block_context":{"text":"CINTILLO","link":"https:\/\/www.grieta.org.mx\/index.php\/category\/cintillo\/"},"img":{"alt_text":"","src":"https:\/\/i0.wp.com\/www.grieta.org.mx\/wp-content\/uploads\/2021\/09\/Zap-Nahuas.jpg?resize=350%2C200&ssl=1","width":350,"height":200,"srcset":"https:\/\/i0.wp.com\/www.grieta.org.mx\/wp-content\/uploads\/2021\/09\/Zap-Nahuas.jpg?resize=350%2C200&ssl=1 1x, https:\/\/i0.wp.com\/www.grieta.org.mx\/wp-content\/uploads\/2021\/09\/Zap-Nahuas.jpg?resize=525%2C300&ssl=1 1.5x"},"classes":[]},{"id":72408,"url":"https:\/\/www.grieta.org.mx\/index.php\/2025\/10\/17\/informe-del-congreso-nacional-indigena-y-el-ejercito-zapatista-de-liberacion-nacional-sobre-lo-recaudado-para-las-comunidades-de-la-sierra-norte-de-veracruz-afectadas-por-las-intensas-lluvias-de-los-u\/","url_meta":{"origin":37982,"position":4},"title":"INFORME DEL CONGRESO NACIONAL IND\u00cdGENA Y EL EJ\u00c9RCITO ZAPATISTA DE LIBERACI\u00d3N NACIONAL SOBRE LO RECAUDADO PARA LAS COMUNIDADES DE LA SIERRA NORTE DE VERACRUZ AFECTADAS POR LAS INTENSAS LLUVIAS DE LOS \u00daLTIMOS D\u00cdAS","author":"grieta","date":"17 octubre, 2025","format":false,"excerpt":"INFORME DEL CONGRESO NACIONAL IND\u00cdGENA Y EL EJ\u00c9RCITO ZAPATISTA DE LIBERACI\u00d3N NACIONAL SOBRE LO RECAUDADO PARA LAS COMUNIDADES DE LA SIERRA NORTE DE VERACRUZ AFECTADAS POR LAS INTENSAS LLUVIAS DE LOS \u00daLTIMOS D\u00cdAS A nuestras hermanas y hermanos de los pueblos originarios de la Sierra Norte de Veracruz. Al Congreso\u2026","rel":"","context":"En &quot;CINTILLO&quot;","block_context":{"text":"CINTILLO","link":"https:\/\/www.grieta.org.mx\/index.php\/category\/cintillo\/"},"img":{"alt_text":"","src":"https:\/\/i0.wp.com\/www.grieta.org.mx\/wp-content\/uploads\/2025\/10\/CINTILLO_informe.jpg?resize=350%2C200&ssl=1","width":350,"height":200,"srcset":"https:\/\/i0.wp.com\/www.grieta.org.mx\/wp-content\/uploads\/2025\/10\/CINTILLO_informe.jpg?resize=350%2C200&ssl=1 1x, https:\/\/i0.wp.com\/www.grieta.org.mx\/wp-content\/uploads\/2025\/10\/CINTILLO_informe.jpg?resize=525%2C300&ssl=1 1.5x, https:\/\/i0.wp.com\/www.grieta.org.mx\/wp-content\/uploads\/2025\/10\/CINTILLO_informe.jpg?resize=700%2C400&ssl=1 2x"},"classes":[]},{"id":31394,"url":"https:\/\/www.grieta.org.mx\/index.php\/2019\/03\/29\/comunicado-del-cni-cig-y-el-ezln-ante-nueva-situacion-de-consulta-para-imponer-mega-proyectos-en-el-istmo-de-tehuantepec\/","url_meta":{"origin":37982,"position":5},"title":"Comunicado del CNI-CIG y el EZLN ante nueva situaci\u00f3n de consulta para imponer mega proyectos en el Istmo de Tehuantepec","author":"grieta","date":"29 marzo, 2019","format":false,"excerpt":"COMUNICADO DEL CONGRESO NACIONAL IND\u00cdGENA Y EL CONCEJO IND\u00cdGENA DE GOBIERNO Y EL EJ\u00c9RCITO ZAPATISTA DE LIBERACI\u00d3N NACIONAL ANTE NUEVA SIMULACI\u00d3N DE CONSULTA PARA IMPONER MEGA PROYECTOS EN EL ISTMO DE TEHUANTEPEC Al pueblo de M\u00e9xico A los pueblos del mundo A las Redes de Apoyo al CIG A las\u2026","rel":"","context":"En &quot;CINTILLO&quot;","block_context":{"text":"CINTILLO","link":"https:\/\/www.grieta.org.mx\/index.php\/category\/cintillo\/"},"img":{"alt_text":"","src":"https:\/\/i0.wp.com\/www.grieta.org.mx\/wp-content\/uploads\/2018\/03\/14524434_1106112876131411_958039263622046936_o.jpg?resize=350%2C200&ssl=1","width":350,"height":200,"srcset":"https:\/\/i0.wp.com\/www.grieta.org.mx\/wp-content\/uploads\/2018\/03\/14524434_1106112876131411_958039263622046936_o.jpg?resize=350%2C200&ssl=1 1x, https:\/\/i0.wp.com\/www.grieta.org.mx\/wp-content\/uploads\/2018\/03\/14524434_1106112876131411_958039263622046936_o.jpg?resize=525%2C300&ssl=1 1.5x, https:\/\/i0.wp.com\/www.grieta.org.mx\/wp-content\/uploads\/2018\/03\/14524434_1106112876131411_958039263622046936_o.jpg?resize=700%2C400&ssl=1 2x"},"classes":[]}],"_links":{"self":[{"href":"https:\/\/www.grieta.org.mx\/index.php\/wp-json\/wp\/v2\/posts\/37982","targetHints":{"allow":["GET"]}}],"collection":[{"href":"https:\/\/www.grieta.org.mx\/index.php\/wp-json\/wp\/v2\/posts"}],"about":[{"href":"https:\/\/www.grieta.org.mx\/index.php\/wp-json\/wp\/v2\/types\/post"}],"author":[{"embeddable":true,"href":"https:\/\/www.grieta.org.mx\/index.php\/wp-json\/wp\/v2\/users\/1"}],"replies":[{"embeddable":true,"href":"https:\/\/www.grieta.org.mx\/index.php\/wp-json\/wp\/v2\/comments?post=37982"}],"version-history":[{"count":1,"href":"https:\/\/www.grieta.org.mx\/index.php\/wp-json\/wp\/v2\/posts\/37982\/revisions"}],"predecessor-version":[{"id":37988,"href":"https:\/\/www.grieta.org.mx\/index.php\/wp-json\/wp\/v2\/posts\/37982\/revisions\/37988"}],"wp:featuredmedia":[{"embeddable":true,"href":"https:\/\/www.grieta.org.mx\/index.php\/wp-json\/wp\/v2\/media\/37983"}],"wp:attachment":[{"href":"https:\/\/www.grieta.org.mx\/index.php\/wp-json\/wp\/v2\/media?parent=37982"}],"wp:term":[{"taxonomy":"category","embeddable":true,"href":"https:\/\/www.grieta.org.mx\/index.php\/wp-json\/wp\/v2\/categories?post=37982"},{"taxonomy":"post_tag","embeddable":true,"href":"https:\/\/www.grieta.org.mx\/index.php\/wp-json\/wp\/v2\/tags?post=37982"}],"curies":[{"name":"wp","href":"https:\/\/api.w.org\/{rel}","templated":true}]}}