{"id":37975,"date":"2019-08-16T12:52:38","date_gmt":"2019-08-16T17:52:38","guid":{"rendered":"http:\/\/www.grieta.org.mx\/?p=37975"},"modified":"2019-08-17T12:59:42","modified_gmt":"2019-08-17T17:59:42","slug":"bloquean-trabajadores-avenidas-principales-de-cdmx","status":"publish","type":"post","link":"https:\/\/www.grieta.org.mx\/index.php\/2019\/08\/16\/bloquean-trabajadores-avenidas-principales-de-cdmx\/","title":{"rendered":"Bloquean trabajadores avenidas principales de CDMX"},"content":{"rendered":"<figure id=\"attachment_37976\" aria-describedby=\"caption-attachment-37976\" style=\"width: 664px\" class=\"wp-caption alignleft\"><img loading=\"lazy\" decoding=\"async\" data-attachment-id=\"37976\" data-permalink=\"https:\/\/www.grieta.org.mx\/index.php\/2019\/08\/16\/bloquean-trabajadores-avenidas-principales-de-cdmx\/attachment\/2202162\/\" data-orig-file=\"https:\/\/www.grieta.org.mx\/wp-content\/uploads\/2019\/08\/2202162.jpg\" data-orig-size=\"664,498\" data-comments-opened=\"0\" data-image-meta=\"{&quot;aperture&quot;:&quot;0&quot;,&quot;credit&quot;:&quot;&quot;,&quot;camera&quot;:&quot;&quot;,&quot;caption&quot;:&quot;&quot;,&quot;created_timestamp&quot;:&quot;0&quot;,&quot;copyright&quot;:&quot;&quot;,&quot;focal_length&quot;:&quot;0&quot;,&quot;iso&quot;:&quot;0&quot;,&quot;shutter_speed&quot;:&quot;0&quot;,&quot;title&quot;:&quot;&quot;,&quot;orientation&quot;:&quot;0&quot;}\" data-image-title=\"2202162\" data-image-description=\"\" data-image-caption=\"&lt;p&gt;La circulaci\u00f3n vial se ha visto afectada por manifestantes en diferentes puntos de la CDMX. Foto: Especiales&lt;\/p&gt;\n\" data-medium-file=\"https:\/\/www.grieta.org.mx\/wp-content\/uploads\/2019\/08\/2202162-300x225.jpg\" data-large-file=\"https:\/\/www.grieta.org.mx\/wp-content\/uploads\/2019\/08\/2202162.jpg\" src=\"http:\/\/www.grieta.org.mx\/wp-content\/uploads\/2019\/08\/2202162.jpg\" alt=\"\" width=\"664\" height=\"498\" class=\"size-full wp-image-37976\" srcset=\"https:\/\/www.grieta.org.mx\/wp-content\/uploads\/2019\/08\/2202162.jpg 664w, https:\/\/www.grieta.org.mx\/wp-content\/uploads\/2019\/08\/2202162-300x225.jpg 300w\" sizes=\"auto, (max-width: 664px) 100vw, 664px\" \/><figcaption id=\"caption-attachment-37976\" class=\"wp-caption-text\">La circulaci\u00f3n vial se ha visto afectada por manifestantes en diferentes puntos de la CDMX. Foto: Especiales<\/figcaption><\/figure>\n<p>Redacci\u00f3n\/Exc\u00e9lsior<\/p>\n<p>CIUDAD DE M\u00c9XICO<\/p>\n<p>Por segundo d\u00eda consecutivo trabajadoras de diversas dependencias de la Ciudad de M\u00e9xico y alcald\u00edas realizan simult\u00e1neamente protestas por falta de pagos.<\/p>\n<p>Trabajadores de la alcald\u00eda Miguel Hidalgo se concentran en General S\u00f3stenes Rocha a la altura de Gobernador Agust\u00edn Vicente Egu\u00eda hac\u00eda Parque Lira, donde lanzan consignas y muestran sus mantas.<\/p>\n<p><img loading=\"lazy\" decoding=\"async\" data-attachment-id=\"37977\" data-permalink=\"https:\/\/www.grieta.org.mx\/index.php\/2019\/08\/16\/bloquean-trabajadores-avenidas-principales-de-cdmx\/manifestacion-trabajadores-cdmx\/\" data-orig-file=\"https:\/\/www.grieta.org.mx\/wp-content\/uploads\/2019\/08\/manifestacion-trabajadores-cdmx.jpg\" data-orig-size=\"1200,800\" data-comments-opened=\"0\" data-image-meta=\"{&quot;aperture&quot;:&quot;0&quot;,&quot;credit&quot;:&quot;&quot;,&quot;camera&quot;:&quot;&quot;,&quot;caption&quot;:&quot;&quot;,&quot;created_timestamp&quot;:&quot;0&quot;,&quot;copyright&quot;:&quot;&quot;,&quot;focal_length&quot;:&quot;0&quot;,&quot;iso&quot;:&quot;0&quot;,&quot;shutter_speed&quot;:&quot;0&quot;,&quot;title&quot;:&quot;&quot;,&quot;orientation&quot;:&quot;0&quot;}\" data-image-title=\"manifestacion-trabajadores-cdmx\" data-image-description=\"\" data-image-caption=\"\" data-medium-file=\"https:\/\/www.grieta.org.mx\/wp-content\/uploads\/2019\/08\/manifestacion-trabajadores-cdmx-300x200.jpg\" data-large-file=\"https:\/\/www.grieta.org.mx\/wp-content\/uploads\/2019\/08\/manifestacion-trabajadores-cdmx-1024x683.jpg\" src=\"http:\/\/www.grieta.org.mx\/wp-content\/uploads\/2019\/08\/manifestacion-trabajadores-cdmx.jpg\" alt=\"\" width=\"1200\" height=\"800\" class=\"alignleft size-full wp-image-37977\" srcset=\"https:\/\/www.grieta.org.mx\/wp-content\/uploads\/2019\/08\/manifestacion-trabajadores-cdmx.jpg 1200w, https:\/\/www.grieta.org.mx\/wp-content\/uploads\/2019\/08\/manifestacion-trabajadores-cdmx-300x200.jpg 300w, https:\/\/www.grieta.org.mx\/wp-content\/uploads\/2019\/08\/manifestacion-trabajadores-cdmx-768x512.jpg 768w, https:\/\/www.grieta.org.mx\/wp-content\/uploads\/2019\/08\/manifestacion-trabajadores-cdmx-1024x683.jpg 1024w, https:\/\/www.grieta.org.mx\/wp-content\/uploads\/2019\/08\/manifestacion-trabajadores-cdmx-750x500.jpg 750w\" sizes=\"auto, (max-width: 1200px) 100vw, 1200px\" \/><\/p>\n<p>Por otra parte, alrededor de 30 trabajadores de la Procuradur\u00eda General de Justicia de la Ciudad de M\u00e9xico (PGJCDMX) se manifiestan en demanda del pago del \u201cFONAC\u201d frente a las instalaciones de Servicios Periciales, ubicadas en avenida Coyoac\u00e1n 1635 entre Jos\u00e9 Mar\u00eda Rico y Rodr\u00edguez Saro.<\/p>\n<p><img loading=\"lazy\" decoding=\"async\" data-attachment-id=\"37978\" data-permalink=\"https:\/\/www.grieta.org.mx\/index.php\/2019\/08\/16\/bloquean-trabajadores-avenidas-principales-de-cdmx\/protestantes-seguridad-pgj\/\" data-orig-file=\"https:\/\/www.grieta.org.mx\/wp-content\/uploads\/2019\/08\/protestantes-seguridad-pgj.jpg\" data-orig-size=\"1200,801\" data-comments-opened=\"0\" data-image-meta=\"{&quot;aperture&quot;:&quot;0&quot;,&quot;credit&quot;:&quot;&quot;,&quot;camera&quot;:&quot;&quot;,&quot;caption&quot;:&quot;&quot;,&quot;created_timestamp&quot;:&quot;0&quot;,&quot;copyright&quot;:&quot;&quot;,&quot;focal_length&quot;:&quot;0&quot;,&quot;iso&quot;:&quot;0&quot;,&quot;shutter_speed&quot;:&quot;0&quot;,&quot;title&quot;:&quot;&quot;,&quot;orientation&quot;:&quot;0&quot;}\" data-image-title=\"protestantes-seguridad-pgj\" data-image-description=\"\" data-image-caption=\"\" data-medium-file=\"https:\/\/www.grieta.org.mx\/wp-content\/uploads\/2019\/08\/protestantes-seguridad-pgj-300x200.jpg\" data-large-file=\"https:\/\/www.grieta.org.mx\/wp-content\/uploads\/2019\/08\/protestantes-seguridad-pgj-1024x684.jpg\" src=\"http:\/\/www.grieta.org.mx\/wp-content\/uploads\/2019\/08\/protestantes-seguridad-pgj.jpg\" alt=\"\" width=\"1200\" height=\"801\" class=\"alignleft size-full wp-image-37978\" srcset=\"https:\/\/www.grieta.org.mx\/wp-content\/uploads\/2019\/08\/protestantes-seguridad-pgj.jpg 1200w, https:\/\/www.grieta.org.mx\/wp-content\/uploads\/2019\/08\/protestantes-seguridad-pgj-300x200.jpg 300w, https:\/\/www.grieta.org.mx\/wp-content\/uploads\/2019\/08\/protestantes-seguridad-pgj-768x513.jpg 768w, https:\/\/www.grieta.org.mx\/wp-content\/uploads\/2019\/08\/protestantes-seguridad-pgj-1024x684.jpg 1024w, https:\/\/www.grieta.org.mx\/wp-content\/uploads\/2019\/08\/protestantes-seguridad-pgj-749x500.jpg 749w\" sizes=\"auto, (max-width: 1200px) 100vw, 1200px\" \/><\/p>\n<p>Otro grupo de Trabajadores de Iztacalco realizan un bloqueo en Canal de R\u00edo Churubusco y Canal de Apatlaco al Norte, de la colonia San Jos\u00e9 Aculco, alcald\u00eda Iztapalapa, ah\u00ed, solicitan su pago inmediato.<\/p>\n<p><img loading=\"lazy\" decoding=\"async\" data-attachment-id=\"37979\" data-permalink=\"https:\/\/www.grieta.org.mx\/index.php\/2019\/08\/16\/bloquean-trabajadores-avenidas-principales-de-cdmx\/bloqueo-manifestaciones-cdmx\/\" data-orig-file=\"https:\/\/www.grieta.org.mx\/wp-content\/uploads\/2019\/08\/bloqueo-manifestaciones-cdmx.jpg\" data-orig-size=\"1200,800\" data-comments-opened=\"0\" data-image-meta=\"{&quot;aperture&quot;:&quot;0&quot;,&quot;credit&quot;:&quot;&quot;,&quot;camera&quot;:&quot;&quot;,&quot;caption&quot;:&quot;&quot;,&quot;created_timestamp&quot;:&quot;0&quot;,&quot;copyright&quot;:&quot;&quot;,&quot;focal_length&quot;:&quot;0&quot;,&quot;iso&quot;:&quot;0&quot;,&quot;shutter_speed&quot;:&quot;0&quot;,&quot;title&quot;:&quot;&quot;,&quot;orientation&quot;:&quot;0&quot;}\" data-image-title=\"bloqueo-manifestaciones-cdmx\" data-image-description=\"\" data-image-caption=\"\" data-medium-file=\"https:\/\/www.grieta.org.mx\/wp-content\/uploads\/2019\/08\/bloqueo-manifestaciones-cdmx-300x200.jpg\" data-large-file=\"https:\/\/www.grieta.org.mx\/wp-content\/uploads\/2019\/08\/bloqueo-manifestaciones-cdmx-1024x683.jpg\" src=\"http:\/\/www.grieta.org.mx\/wp-content\/uploads\/2019\/08\/bloqueo-manifestaciones-cdmx.jpg\" alt=\"\" width=\"1200\" height=\"800\" class=\"alignleft size-full wp-image-37979\" srcset=\"https:\/\/www.grieta.org.mx\/wp-content\/uploads\/2019\/08\/bloqueo-manifestaciones-cdmx.jpg 1200w, https:\/\/www.grieta.org.mx\/wp-content\/uploads\/2019\/08\/bloqueo-manifestaciones-cdmx-300x200.jpg 300w, https:\/\/www.grieta.org.mx\/wp-content\/uploads\/2019\/08\/bloqueo-manifestaciones-cdmx-768x512.jpg 768w, https:\/\/www.grieta.org.mx\/wp-content\/uploads\/2019\/08\/bloqueo-manifestaciones-cdmx-1024x683.jpg 1024w, https:\/\/www.grieta.org.mx\/wp-content\/uploads\/2019\/08\/bloqueo-manifestaciones-cdmx-750x500.jpg 750w\" sizes=\"auto, (max-width: 1200px) 100vw, 1200px\" \/><\/p>\n<p>En el cruce de calzada de Tlalpan y San Fernando, se concentran trabajadores de la alcald\u00eda Tlalpan, colonia Belisario Dom\u00ednguez secci\u00f3n 16.<\/p>\n<p>El servicio provisional del troleb\u00fas , terminal Metro Hidalgo a Tlacos, se detuvo por presencia de manifestantes en el cruce de avenida Ingeniero Eduardo Molina y avenida San Juan de Arag\u00f3n, los inconformes protestan ante la falta de pagos.<\/p>\n<p><img loading=\"lazy\" decoding=\"async\" data-attachment-id=\"37980\" data-permalink=\"https:\/\/www.grieta.org.mx\/index.php\/2019\/08\/16\/bloquean-trabajadores-avenidas-principales-de-cdmx\/ciudad-seguridad-bloqueo\/\" data-orig-file=\"https:\/\/www.grieta.org.mx\/wp-content\/uploads\/2019\/08\/ciudad-seguridad-bloqueo.jpg\" data-orig-size=\"1200,801\" data-comments-opened=\"0\" data-image-meta=\"{&quot;aperture&quot;:&quot;0&quot;,&quot;credit&quot;:&quot;&quot;,&quot;camera&quot;:&quot;&quot;,&quot;caption&quot;:&quot;&quot;,&quot;created_timestamp&quot;:&quot;0&quot;,&quot;copyright&quot;:&quot;&quot;,&quot;focal_length&quot;:&quot;0&quot;,&quot;iso&quot;:&quot;0&quot;,&quot;shutter_speed&quot;:&quot;0&quot;,&quot;title&quot;:&quot;&quot;,&quot;orientation&quot;:&quot;0&quot;}\" data-image-title=\"ciudad-seguridad-bloqueo\" data-image-description=\"\" data-image-caption=\"\" data-medium-file=\"https:\/\/www.grieta.org.mx\/wp-content\/uploads\/2019\/08\/ciudad-seguridad-bloqueo-300x200.jpg\" data-large-file=\"https:\/\/www.grieta.org.mx\/wp-content\/uploads\/2019\/08\/ciudad-seguridad-bloqueo-1024x684.jpg\" src=\"http:\/\/www.grieta.org.mx\/wp-content\/uploads\/2019\/08\/ciudad-seguridad-bloqueo.jpg\" alt=\"\" width=\"1200\" height=\"801\" class=\"alignleft size-full wp-image-37980\" srcset=\"https:\/\/www.grieta.org.mx\/wp-content\/uploads\/2019\/08\/ciudad-seguridad-bloqueo.jpg 1200w, https:\/\/www.grieta.org.mx\/wp-content\/uploads\/2019\/08\/ciudad-seguridad-bloqueo-300x200.jpg 300w, https:\/\/www.grieta.org.mx\/wp-content\/uploads\/2019\/08\/ciudad-seguridad-bloqueo-768x513.jpg 768w, https:\/\/www.grieta.org.mx\/wp-content\/uploads\/2019\/08\/ciudad-seguridad-bloqueo-1024x684.jpg 1024w, https:\/\/www.grieta.org.mx\/wp-content\/uploads\/2019\/08\/ciudad-seguridad-bloqueo-749x500.jpg 749w\" sizes=\"auto, (max-width: 1200px) 100vw, 1200px\" \/><\/p>\n<p>Trabajadores de la alcald\u00eda Cuauht\u00e9moc por varios minutos cerraron la circulaci\u00f3n de Isabel La Cat\u00f3lica y Lucas Alam\u00e1n, de la colonia Obrera, en demanda de pagos.<\/p>\n<p><a href=\"https:\/\/www.excelsior.com.mx\/comunidad\/bloquean-trabajadores-avenidas-principales-de-cdmx\/1330848\" rel=\"noopener noreferrer\" target=\"_blank\">https:\/\/www.excelsior.com.mx\/comunidad\/bloquean-trabajadores-avenidas-principales-de-cdmx\/1330848<\/a><\/p>\n","protected":false},"excerpt":{"rendered":"<p>Redacci\u00f3n\/Exc\u00e9lsior CIUDAD DE M\u00c9XICO Por segundo d\u00eda consecutivo trabajadoras de diversas dependencias de la Ciudad de M\u00e9xico y alcald\u00edas realizan simult\u00e1neamente protestas por falta de pagos. Trabajadores de la alcald\u00eda &hellip; <a href=\"https:\/\/www.grieta.org.mx\/index.php\/2019\/08\/16\/bloquean-trabajadores-avenidas-principales-de-cdmx\/\" class=\"more-link\">Leer m\u00e1s<\/a><\/p>\n","protected":false},"author":2,"featured_media":37976,"comment_status":"closed","ping_status":"closed","sticky":false,"template":"","format":"standard","meta":{"ngg_post_thumbnail":0,"_jetpack_newsletter_access":"","_jetpack_dont_email_post_to_subs":false,"_jetpack_newsletter_tier_id":0,"_jetpack_memberships_contains_paywalled_content":false,"_jetpack_memberships_contains_paid_content":false,"footnotes":""},"categories":[80,14,1225,910,2,83],"tags":[354,113],"class_list":["post-37975","post","type-post","status-publish","format-standard","has-post-thumbnail","hentry","category-cintillo","category-ciudad-de-mexico","category-explotacion-laboral-en-la-ciudad-de-mexico","category-explotacion-y-precariedad-laboral","category-noticias-nacionales","category-temas-nacionales","tag-bloqueo","tag-conflictos-laborales","entry"],"jetpack_featured_media_url":"https:\/\/www.grieta.org.mx\/wp-content\/uploads\/2019\/08\/2202162.jpg","jetpack_sharing_enabled":true,"jetpack_shortlink":"https:\/\/wp.me\/p7ZJR4-9Sv","jetpack_likes_enabled":false,"jetpack-related-posts":[{"id":40518,"url":"https:\/\/www.grieta.org.mx\/index.php\/2019\/10\/25\/chatarreros-y-recolectores-de-basura-asfixian-accesos-a-cdmx-van-contra-ley-de-reciclaje-ciudad-de-mexico\/","url_meta":{"origin":37975,"position":0},"title":"Chatarreros y recolectores de basura asfixian accesos a CDMX; van contra Ley de Reciclaje (Ciudad de M\u00e9xico)","author":"grieta","date":"25 octubre, 2019","format":false,"excerpt":"El Gr\u00e1fico Los inconformes exigen a legisladores no aprobar propuesta del Verde que podr\u00eda dejar sin empleo a 6 mil familias Chatarreros y recolectores de basura realizaron bloqueos parciales y totales en las autopistas M\u00e9xico-Quer\u00e9taro, Toluca y Pachuca, as\u00ed como en Naucalpan y Atlacomulco, con lo que asfixiaron los accesos\u2026","rel":"","context":"En &quot;CINTILLO&quot;","block_context":{"text":"CINTILLO","link":"https:\/\/www.grieta.org.mx\/index.php\/category\/cintillo\/"},"img":{"alt_text":"","src":"https:\/\/i0.wp.com\/www.grieta.org.mx\/wp-content\/uploads\/2019\/10\/Chatarreros-y-recolectores-de-basura-asfixian-accesos-a-CDMX-van-contra-ley-de-riciclaje-cdmx-oct.jpg?resize=350%2C200","width":350,"height":200},"classes":[]},{"id":71967,"url":"https:\/\/www.grieta.org.mx\/index.php\/2025\/07\/08\/trabajadores-de-la-salud-bloquean-paseo-de-la-reforma-denuncian-irregularidades-ciudad-de-mexico\/","url_meta":{"origin":37975,"position":1},"title":"Trabajadores de la salud bloquean Paseo de la Reforma; denuncian irregularidades (Ciudad de M\u00e9xico)","author":"grieta","date":"8 julio, 2025","format":false,"excerpt":"Natalia Estrada Garc\u00eda \/ Enfoque noticias CDMX.- Trabajadoras y trabajadores pertenecientes al sector salud fueron agredidos tras mantener un bloqueo sobre carriles laterales del Perif\u00e9rico y avenida Paseo de la Reforma en la colonia Bosques de Chapultepec, Miguel Hidalgo. Laura Quintero delegada estatal de Ciudad de M\u00e9xico de la Fuerza\u2026","rel":"","context":"En &quot;Abuso policiaco y tortura en la Ciudad de M\u00e9xico&quot;","block_context":{"text":"Abuso policiaco y tortura en la Ciudad de M\u00e9xico","link":"https:\/\/www.grieta.org.mx\/index.php\/category\/noticias-nacionales\/ciudad-de-mexico\/abuso-policiaco-y-tortura-en-la-ciudad-de-mexico\/"},"img":{"alt_text":"","src":"https:\/\/i0.wp.com\/www.grieta.org.mx\/wp-content\/uploads\/2025\/07\/Captura-de-pantalla-2025-07-08-233604.png?resize=350%2C200&ssl=1","width":350,"height":200,"srcset":"https:\/\/i0.wp.com\/www.grieta.org.mx\/wp-content\/uploads\/2025\/07\/Captura-de-pantalla-2025-07-08-233604.png?resize=350%2C200&ssl=1 1x, https:\/\/i0.wp.com\/www.grieta.org.mx\/wp-content\/uploads\/2025\/07\/Captura-de-pantalla-2025-07-08-233604.png?resize=525%2C300&ssl=1 1.5x, https:\/\/i0.wp.com\/www.grieta.org.mx\/wp-content\/uploads\/2025\/07\/Captura-de-pantalla-2025-07-08-233604.png?resize=700%2C400&ssl=1 2x"},"classes":[]},{"id":40143,"url":"https:\/\/www.grieta.org.mx\/index.php\/2019\/10\/08\/los-despidos-en-el-dif-cdmx-tienen-rostro-de-mujer-ciudad-de-mexico\/","url_meta":{"origin":37975,"position":2},"title":"Los despidos en el DIF CDMX tienen rostro de mujer (Ciudad de M\u00e9xico)","author":"grieta","date":"8 octubre, 2019","format":false,"excerpt":"La Izquierda Diario de M\u00e9xico Una ola de despidos en todo el pa\u00eds inici\u00f3 en diciembre de 2018 producto de la pol\u00edtica de \u201causteridad\u201d del gobierno de la \"cuarta transformaci\u00f3n\". El supuesto objetivo, barrer con los privilegios de los altos funcionarios. Pero los impulsores de la campa\u00f1a #QueremosTrabajoDigno denuncian que\u2026","rel":"","context":"En &quot;CINTILLO&quot;","block_context":{"text":"CINTILLO","link":"https:\/\/www.grieta.org.mx\/index.php\/category\/cintillo\/"},"img":{"alt_text":"","src":"https:\/\/i0.wp.com\/www.grieta.org.mx\/wp-content\/uploads\/2019\/10\/Los-despidos-en-el-DIF-CDMX-tienen-rostro-de-mujer-oct-cdmx.jpg?resize=350%2C200&ssl=1","width":350,"height":200,"srcset":"https:\/\/i0.wp.com\/www.grieta.org.mx\/wp-content\/uploads\/2019\/10\/Los-despidos-en-el-DIF-CDMX-tienen-rostro-de-mujer-oct-cdmx.jpg?resize=350%2C200&ssl=1 1x, https:\/\/i0.wp.com\/www.grieta.org.mx\/wp-content\/uploads\/2019\/10\/Los-despidos-en-el-DIF-CDMX-tienen-rostro-de-mujer-oct-cdmx.jpg?resize=525%2C300&ssl=1 1.5x, https:\/\/i0.wp.com\/www.grieta.org.mx\/wp-content\/uploads\/2019\/10\/Los-despidos-en-el-DIF-CDMX-tienen-rostro-de-mujer-oct-cdmx.jpg?resize=700%2C400&ssl=1 2x"},"classes":[]},{"id":56457,"url":"https:\/\/www.grieta.org.mx\/index.php\/2021\/01\/24\/mueren-383-barrenderos-de-la-cdmx-por-covid-19\/","url_meta":{"origin":37975,"position":3},"title":"Mueren 383 barrenderos de la CDMX por COVID-19","author":"grieta","date":"24 enero, 2021","format":false,"excerpt":"Barrenderos muertos por COVID-19 en la CDMX. Foto: Cuartoscuro David Rodr\u00edguez \/ Plumas At\u00f3micas Los trabajadores de la limpieza y la recolecci\u00f3n de basura suplican a la poblaci\u00f3n que marque los residuos de las personas contagiadas El\u00a0COVID-19 provoc\u00f3 la muerte a 383 barrenderos de la Ciudad de M\u00e9xico, inform\u00f3 La\u2026","rel":"","context":"En &quot;CINTILLO&quot;","block_context":{"text":"CINTILLO","link":"https:\/\/www.grieta.org.mx\/index.php\/category\/cintillo\/"},"img":{"alt_text":"","src":"https:\/\/i0.wp.com\/www.grieta.org.mx\/wp-content\/uploads\/2021\/01\/Mueren-383-barrenderos-de-la-CDMX-por-COVID-19-cdmx-ene.jpeg?resize=350%2C200&ssl=1","width":350,"height":200,"srcset":"https:\/\/i0.wp.com\/www.grieta.org.mx\/wp-content\/uploads\/2021\/01\/Mueren-383-barrenderos-de-la-CDMX-por-COVID-19-cdmx-ene.jpeg?resize=350%2C200&ssl=1 1x, https:\/\/i0.wp.com\/www.grieta.org.mx\/wp-content\/uploads\/2021\/01\/Mueren-383-barrenderos-de-la-CDMX-por-COVID-19-cdmx-ene.jpeg?resize=525%2C300&ssl=1 1.5x, https:\/\/i0.wp.com\/www.grieta.org.mx\/wp-content\/uploads\/2021\/01\/Mueren-383-barrenderos-de-la-CDMX-por-COVID-19-cdmx-ene.jpeg?resize=700%2C400&ssl=1 2x, https:\/\/i0.wp.com\/www.grieta.org.mx\/wp-content\/uploads\/2021\/01\/Mueren-383-barrenderos-de-la-CDMX-por-COVID-19-cdmx-ene.jpeg?resize=1050%2C600&ssl=1 3x"},"classes":[]},{"id":50038,"url":"https:\/\/www.grieta.org.mx\/index.php\/2020\/05\/28\/mueren-trabajadores-de-limpia-de-la-ciudad-de-mexico-por-covid-19-sin-apoyo-ni-reconocimiento\/","url_meta":{"origin":37975,"position":4},"title":"Mueren trabajadores de limpia de la Ciudad de M\u00e9xico por COVID-19 sin apoyo, ni reconocimiento","author":"grieta","date":"28 mayo, 2020","format":false,"excerpt":"Imagen tomada de: http:\/\/cdmx.com\/ CDMX.COM Los trabajadores de limpia de la capital arriesgan su salud y la de sus familias al salir a las calles a recopilar la basura que generamos todos en camiones recolectores y por barrido. CDMX.COM entrevist\u00f3 a varios trabajadores de limpia y pudimos constatar que la\u2026","rel":"","context":"En &quot;CINTILLO&quot;","block_context":{"text":"CINTILLO","link":"https:\/\/www.grieta.org.mx\/index.php\/category\/cintillo\/"},"img":{"alt_text":"","src":"https:\/\/i0.wp.com\/www.grieta.org.mx\/wp-content\/uploads\/2020\/05\/Mueren-trabajadores-de-limpia-de-la-ciudad-de-M%C3%A9xico-por-COVID-19-sin-apoyo-ni-reconocimiento-cdmx-may.jpeg?resize=350%2C200&ssl=1","width":350,"height":200,"srcset":"https:\/\/i0.wp.com\/www.grieta.org.mx\/wp-content\/uploads\/2020\/05\/Mueren-trabajadores-de-limpia-de-la-ciudad-de-M%C3%A9xico-por-COVID-19-sin-apoyo-ni-reconocimiento-cdmx-may.jpeg?resize=350%2C200&ssl=1 1x, https:\/\/i0.wp.com\/www.grieta.org.mx\/wp-content\/uploads\/2020\/05\/Mueren-trabajadores-de-limpia-de-la-ciudad-de-M%C3%A9xico-por-COVID-19-sin-apoyo-ni-reconocimiento-cdmx-may.jpeg?resize=525%2C300&ssl=1 1.5x"},"classes":[]},{"id":68894,"url":"https:\/\/www.grieta.org.mx\/index.php\/2024\/05\/01\/dia-del-trabajo-trabajadoras-sexuales-marchan-por-sus-derechos-en-la-cdmx-exigen-reconocimiento-laboral-y-fin-a-la-trata\/","url_meta":{"origin":37975,"position":5},"title":"D\u00eda del Trabajo: Trabajadoras sexuales marchan por sus derechos en la CDMX, exigen reconocimiento laboral y fin a la trata","author":"grieta","date":"1 mayo, 2024","format":false,"excerpt":"Imagen: Mario Marlo Mario Marlo \/ Somos el Medio Ciudad de M\u00e9xico, 1 de mayo 2024.-\u00a0Trabajadoras sexuales marcharon en defensa de su empleo y exigieron modificaciones en el reglamento de trabajadores no asalariados de la Ciudad de M\u00e9xico.\u00a0La Brigada Callejera de Apoyo a la Mujer E.M.A.C, organizaci\u00f3n con m\u00e1s de\u2026","rel":"","context":"En &quot;CINTILLO&quot;","block_context":{"text":"CINTILLO","link":"https:\/\/www.grieta.org.mx\/index.php\/category\/cintillo\/"},"img":{"alt_text":"","src":"https:\/\/i0.wp.com\/www.grieta.org.mx\/wp-content\/uploads\/2024\/05\/WhatsApp-Image-2024-05-01-at-7.03.30-PM-3.jpeg?resize=350%2C200&ssl=1","width":350,"height":200,"srcset":"https:\/\/i0.wp.com\/www.grieta.org.mx\/wp-content\/uploads\/2024\/05\/WhatsApp-Image-2024-05-01-at-7.03.30-PM-3.jpeg?resize=350%2C200&ssl=1 1x, https:\/\/i0.wp.com\/www.grieta.org.mx\/wp-content\/uploads\/2024\/05\/WhatsApp-Image-2024-05-01-at-7.03.30-PM-3.jpeg?resize=525%2C300&ssl=1 1.5x, https:\/\/i0.wp.com\/www.grieta.org.mx\/wp-content\/uploads\/2024\/05\/WhatsApp-Image-2024-05-01-at-7.03.30-PM-3.jpeg?resize=700%2C400&ssl=1 2x, https:\/\/i0.wp.com\/www.grieta.org.mx\/wp-content\/uploads\/2024\/05\/WhatsApp-Image-2024-05-01-at-7.03.30-PM-3.jpeg?resize=1050%2C600&ssl=1 3x"},"classes":[]}],"_links":{"self":[{"href":"https:\/\/www.grieta.org.mx\/index.php\/wp-json\/wp\/v2\/posts\/37975","targetHints":{"allow":["GET"]}}],"collection":[{"href":"https:\/\/www.grieta.org.mx\/index.php\/wp-json\/wp\/v2\/posts"}],"about":[{"href":"https:\/\/www.grieta.org.mx\/index.php\/wp-json\/wp\/v2\/types\/post"}],"author":[{"embeddable":true,"href":"https:\/\/www.grieta.org.mx\/index.php\/wp-json\/wp\/v2\/users\/2"}],"replies":[{"embeddable":true,"href":"https:\/\/www.grieta.org.mx\/index.php\/wp-json\/wp\/v2\/comments?post=37975"}],"version-history":[{"count":1,"href":"https:\/\/www.grieta.org.mx\/index.php\/wp-json\/wp\/v2\/posts\/37975\/revisions"}],"predecessor-version":[{"id":37981,"href":"https:\/\/www.grieta.org.mx\/index.php\/wp-json\/wp\/v2\/posts\/37975\/revisions\/37981"}],"wp:featuredmedia":[{"embeddable":true,"href":"https:\/\/www.grieta.org.mx\/index.php\/wp-json\/wp\/v2\/media\/37976"}],"wp:attachment":[{"href":"https:\/\/www.grieta.org.mx\/index.php\/wp-json\/wp\/v2\/media?parent=37975"}],"wp:term":[{"taxonomy":"category","embeddable":true,"href":"https:\/\/www.grieta.org.mx\/index.php\/wp-json\/wp\/v2\/categories?post=37975"},{"taxonomy":"post_tag","embeddable":true,"href":"https:\/\/www.grieta.org.mx\/index.php\/wp-json\/wp\/v2\/tags?post=37975"}],"curies":[{"name":"wp","href":"https:\/\/api.w.org\/{rel}","templated":true}]}}