{"id":37943,"date":"2019-08-14T18:59:58","date_gmt":"2019-08-14T23:59:58","guid":{"rendered":"http:\/\/www.grieta.org.mx\/?p=37943"},"modified":"2019-08-16T19:14:16","modified_gmt":"2019-08-17T00:14:16","slug":"sindicalizados-de-tecoman-exigen-pago-de-bonos-colima","status":"publish","type":"post","link":"https:\/\/www.grieta.org.mx\/index.php\/2019\/08\/14\/sindicalizados-de-tecoman-exigen-pago-de-bonos-colima\/","title":{"rendered":"Sindicalizados de Tecoman exigen pago de bonos (Colima)"},"content":{"rendered":"<p><img loading=\"lazy\" decoding=\"async\" data-attachment-id=\"37947\" data-permalink=\"https:\/\/www.grieta.org.mx\/index.php\/2019\/08\/14\/sindicalizados-de-tecoman-exigen-pago-de-bonos-colima\/sind-840x560\/\" data-orig-file=\"https:\/\/www.grieta.org.mx\/wp-content\/uploads\/2019\/08\/SIND-840x560.jpg\" data-orig-size=\"840,560\" data-comments-opened=\"0\" data-image-meta=\"{&quot;aperture&quot;:&quot;0&quot;,&quot;credit&quot;:&quot;&quot;,&quot;camera&quot;:&quot;&quot;,&quot;caption&quot;:&quot;&quot;,&quot;created_timestamp&quot;:&quot;0&quot;,&quot;copyright&quot;:&quot;&quot;,&quot;focal_length&quot;:&quot;0&quot;,&quot;iso&quot;:&quot;0&quot;,&quot;shutter_speed&quot;:&quot;0&quot;,&quot;title&quot;:&quot;&quot;,&quot;orientation&quot;:&quot;0&quot;}\" data-image-title=\"SIND-840&amp;#215;560\" data-image-description=\"\" data-image-caption=\"\" data-medium-file=\"https:\/\/www.grieta.org.mx\/wp-content\/uploads\/2019\/08\/SIND-840x560-300x200.jpg\" data-large-file=\"https:\/\/www.grieta.org.mx\/wp-content\/uploads\/2019\/08\/SIND-840x560.jpg\" class=\" wp-image-37947 aligncenter\" src=\"http:\/\/www.grieta.org.mx\/wp-content\/uploads\/2019\/08\/SIND-840x560.jpg\" alt=\"\" width=\"800\" height=\"533\" srcset=\"https:\/\/www.grieta.org.mx\/wp-content\/uploads\/2019\/08\/SIND-840x560.jpg 840w, https:\/\/www.grieta.org.mx\/wp-content\/uploads\/2019\/08\/SIND-840x560-300x200.jpg 300w, https:\/\/www.grieta.org.mx\/wp-content\/uploads\/2019\/08\/SIND-840x560-768x512.jpg 768w, https:\/\/www.grieta.org.mx\/wp-content\/uploads\/2019\/08\/SIND-840x560-750x500.jpg 750w\" sizes=\"auto, (max-width: 800px) 100vw, 800px\" \/><\/p>\n<p>Foto: Peri\u00f3dico Avance<\/p>\n<p><em>240 MILLONES DE PESOS ADEUDA EL AYUNTAMIENTO AL SINDICATO<\/em><\/p>\n<p>Redacci\u00f3n \/ Peri\u00f3dico Avance<\/p>\n<p>TECOM\u00c1N, COL.-Trabajadores sindicalizados del \u00e1rea de finanzas del ayuntamiento Tecom\u00e1n, se manifiestan en el ingreso a la oficina del tesorer\u00eda municipal, exigiendo el pago de algunas prestaciones, seg\u00fan lo inform\u00f3 el l\u00edder sindical Audelino Flores Jurado.<\/p>\n<p>Flores jurado se\u00f1al\u00f3 que el d\u00eda de ayer martes fueron atendidos por el propio alcalde El\u00edas Lozano Ochoa, quien se comprometi\u00f3 a que el d\u00eda de hoy a las 10 de la ma\u00f1ana iban a liquidar alrededor de 300 mil pesos consistentes en algunos bonos al personal sindicalizado del \u00e1rea de finanzas, sin embargo ni el alcalde ni el tesorero municipal cumplieron con su compromiso, denunci\u00f3 Flores Jurado.<\/p>\n<p>El lider sindical aclar\u00f3 de que en caso de que no haya una respuesta a este compromiso movilizar\u00e1n a todo el personal sindicalizado incluyendo al personal de la COMAPAT y DIF municipal para exigir que se les liquiden los m\u00e1s de 240 millones de pesos que se les deben en bonos atrazados.<\/p>\n<p>\u201cEl presidente municipal se\u00f1al\u00f3 de que si no hab\u00eda dinero en tesorer\u00eda \u00e9l los iba a pagar de su bolsa sin embargo pues ni el tesorero ni el propio alcalde han dado respuesta a este adeudo\u201d aclar\u00f3 Audelino Flores.<\/p>\n<p><a href=\"http:\/\/periodicoavance.com.mx\/sindicalizados-de-tecoman-exigen-pago-de-bonos\/\">http:\/\/periodicoavance.com.mx\/sindicalizados-de-tecoman-exigen-pago-de-bonos\/<\/a><\/p>\n","protected":false},"excerpt":{"rendered":"<p>Foto: Peri\u00f3dico Avance 240 MILLONES DE PESOS ADEUDA EL AYUNTAMIENTO AL SINDICATO Redacci\u00f3n \/ Peri\u00f3dico Avance TECOM\u00c1N, COL.-Trabajadores sindicalizados del \u00e1rea de finanzas del ayuntamiento Tecom\u00e1n, se manifiestan en el &hellip; <a href=\"https:\/\/www.grieta.org.mx\/index.php\/2019\/08\/14\/sindicalizados-de-tecoman-exigen-pago-de-bonos-colima\/\" class=\"more-link\">Leer m\u00e1s<\/a><\/p>\n","protected":false},"author":2,"featured_media":37947,"comment_status":"closed","ping_status":"closed","sticky":false,"template":"","format":"standard","meta":{"ngg_post_thumbnail":0,"_jetpack_newsletter_access":"","_jetpack_dont_email_post_to_subs":false,"_jetpack_newsletter_tier_id":0,"_jetpack_memberships_contains_paywalled_content":false,"_jetpack_memberships_contains_paid_content":false,"footnotes":""},"categories":[80,13,2191,2],"tags":[113,2463,105],"class_list":["post-37943","post","type-post","status-publish","format-standard","has-post-thumbnail","hentry","category-cintillo","category-colima","category-conflictos-laborales-en-el-sector-publico-en-colima","category-noticias-nacionales","tag-conflictos-laborales","tag-demandas-laborales","tag-derechos-laborales","entry"],"jetpack_featured_media_url":"https:\/\/www.grieta.org.mx\/wp-content\/uploads\/2019\/08\/SIND-840x560.jpg","jetpack_sharing_enabled":true,"jetpack_shortlink":"https:\/\/wp.me\/p7ZJR4-9RZ","jetpack_likes_enabled":false,"jetpack-related-posts":[{"id":43804,"url":"https:\/\/www.grieta.org.mx\/index.php\/2020\/01\/17\/se-manifiestan-trabajadores-sindicalizados-de-tecoman-colima\/","url_meta":{"origin":37943,"position":0},"title":"Se manifiestan trabajadores sindicalizados de Tecom\u00e1n (Colima)","author":"grieta","date":"17 enero, 2020","format":false,"excerpt":"Imagen: Ilustrativa Luis Rosales Ch\u00e1vez \/ Ecos de la Costa Trabajadores sindicalizados del Ayuntamiento de Tecom\u00e1n, encabezados por su l\u00edder Audelino Flores Jurado, se manifestaron en el exterior de la Presidencia Municipal para exigir al Gobierno de El\u00edas Lozano Ochoa el pago de la segunda parte del aguinaldo, que deber\u00eda\u2026","rel":"","context":"En &quot;CINTILLO&quot;","block_context":{"text":"CINTILLO","link":"https:\/\/www.grieta.org.mx\/index.php\/category\/cintillo\/"},"img":{"alt_text":"","src":"https:\/\/i0.wp.com\/www.grieta.org.mx\/wp-content\/uploads\/2020\/02\/Ayuntamiento-de-Tecom%C3%A1n-1-e1507231558271.jpg?resize=350%2C200&ssl=1","width":350,"height":200,"srcset":"https:\/\/i0.wp.com\/www.grieta.org.mx\/wp-content\/uploads\/2020\/02\/Ayuntamiento-de-Tecom%C3%A1n-1-e1507231558271.jpg?resize=350%2C200&ssl=1 1x, https:\/\/i0.wp.com\/www.grieta.org.mx\/wp-content\/uploads\/2020\/02\/Ayuntamiento-de-Tecom%C3%A1n-1-e1507231558271.jpg?resize=525%2C300&ssl=1 1.5x, https:\/\/i0.wp.com\/www.grieta.org.mx\/wp-content\/uploads\/2020\/02\/Ayuntamiento-de-Tecom%C3%A1n-1-e1507231558271.jpg?resize=700%2C400&ssl=1 2x"},"classes":[]},{"id":43146,"url":"https:\/\/www.grieta.org.mx\/index.php\/2020\/01\/16\/se-manifiestan-trabajadores-sindicalizados-de-tecoman-exigen-pago-de-la-segunda-parte-del-aguinaldo-colima\/","url_meta":{"origin":37943,"position":1},"title":"Se manifiestan trabajadores sindicalizados de Tecom\u00e1n; exigen pago de la segunda parte del aguinaldo (Colima)","author":"grieta","date":"16 enero, 2020","format":false,"excerpt":"Imagen: Ilustrativa Luis Rosales Ch\u00e1vez \/ CN COLIMANOTICIAS Tecom\u00e1n, Col.-\u00a0 Trabajadores sindicalizados del Ayuntamiento de Tecom\u00e1n, encabezados por su l\u00edder Audelino Flores Jurado, se manifestaron en el exterior de la presidencia municipal para exigir al gobierno de El\u00edas Lozano Ochoa el pago de la segunda parte del aguinaldo que deber\u00eda\u2026","rel":"","context":"En &quot;CINTILLO&quot;","block_context":{"text":"CINTILLO","link":"https:\/\/www.grieta.org.mx\/index.php\/category\/cintillo\/"},"img":{"alt_text":"","src":"https:\/\/i0.wp.com\/www.grieta.org.mx\/wp-content\/uploads\/2020\/01\/Ayuntamiento-de-Tecom%C3%A1n-1-e1507231558271.jpg?resize=350%2C200&ssl=1","width":350,"height":200,"srcset":"https:\/\/i0.wp.com\/www.grieta.org.mx\/wp-content\/uploads\/2020\/01\/Ayuntamiento-de-Tecom%C3%A1n-1-e1507231558271.jpg?resize=350%2C200&ssl=1 1x, https:\/\/i0.wp.com\/www.grieta.org.mx\/wp-content\/uploads\/2020\/01\/Ayuntamiento-de-Tecom%C3%A1n-1-e1507231558271.jpg?resize=525%2C300&ssl=1 1.5x, https:\/\/i0.wp.com\/www.grieta.org.mx\/wp-content\/uploads\/2020\/01\/Ayuntamiento-de-Tecom%C3%A1n-1-e1507231558271.jpg?resize=700%2C400&ssl=1 2x"},"classes":[]},{"id":64443,"url":"https:\/\/www.grieta.org.mx\/index.php\/2022\/06\/23\/se-manifiestan-trabajadores-del-dif-tecoman-por-impago-de-prestaciones-colima\/","url_meta":{"origin":37943,"position":2},"title":"Se manifiestan trabajadores del DIF Tecom\u00e1n por impago de prestaciones (Colima)","author":"grieta","date":"23 junio, 2022","format":false,"excerpt":"trabajaImagen: El Comantario Yensuni L\u00f3pez Aldape \/ El Comentario Este jueves (23), trabajadores y trabajadoras del\u00a0DIF municipal de Tecom\u00e1n\u00a0se\u00a0manifestaron\u00a0en protesta por el\u00a0impago\u00a0de diversas\u00a0prestaciones\u00a0y tambi\u00e9n como parte de la resistencia que los\u00a0bur\u00f3cratas\u00a0anunciaron que realizar\u00edan por las condiciones labores y el\u00a0incremento salario\u00a0que consideran fue injusto. En esta ocasi\u00f3n, los\u00a0sindicalizados\u00a0hicieron acto de presencia\u2026","rel":"","context":"En &quot;CINTILLO&quot;","block_context":{"text":"CINTILLO","link":"https:\/\/www.grieta.org.mx\/index.php\/category\/cintillo\/"},"img":{"alt_text":"","src":"https:\/\/i0.wp.com\/www.grieta.org.mx\/wp-content\/uploads\/2022\/06\/45fac328fb06e72fd6a7e650de71cd95-780x470-1.jpg?resize=350%2C200&ssl=1","width":350,"height":200,"srcset":"https:\/\/i0.wp.com\/www.grieta.org.mx\/wp-content\/uploads\/2022\/06\/45fac328fb06e72fd6a7e650de71cd95-780x470-1.jpg?resize=350%2C200&ssl=1 1x, https:\/\/i0.wp.com\/www.grieta.org.mx\/wp-content\/uploads\/2022\/06\/45fac328fb06e72fd6a7e650de71cd95-780x470-1.jpg?resize=525%2C300&ssl=1 1.5x, https:\/\/i0.wp.com\/www.grieta.org.mx\/wp-content\/uploads\/2022\/06\/45fac328fb06e72fd6a7e650de71cd95-780x470-1.jpg?resize=700%2C400&ssl=1 2x"},"classes":[]},{"id":41123,"url":"https:\/\/www.grieta.org.mx\/index.php\/2019\/11\/12\/denuncian-sindicalizados-del-ayuntamiento-desabasto-de-medicinas-en-el-imss-colima\/","url_meta":{"origin":37943,"position":3},"title":"Denuncian sindicalizados del ayuntamiento desabasto de medicinas en el IMSS (Colima)","author":"grieta","date":"12 noviembre, 2019","format":false,"excerpt":"Foto: Avance Informativo Redacci\u00f3n \/ Avance Informativo Tecom\u00e1n.- Trabajadores sindicalizados del municipio de Tecom\u00e1n se han visto afectados por lo que seg\u00fan denunci\u00f3 su l\u00edder, Audelino Flores Jurado, es un desabasto de medicamentos en la cl\u00ednica del Instituto Mexicano del Seguro Social. En entrevista, Flores Jurado afirm\u00f3 que tiene varios\u2026","rel":"","context":"En &quot;CINTILLO&quot;","block_context":{"text":"CINTILLO","link":"https:\/\/www.grieta.org.mx\/index.php\/category\/cintillo\/"},"img":{"alt_text":"","src":"https:\/\/i0.wp.com\/www.grieta.org.mx\/wp-content\/uploads\/2019\/11\/SALUD-840x560.jpg?resize=350%2C200&ssl=1","width":350,"height":200,"srcset":"https:\/\/i0.wp.com\/www.grieta.org.mx\/wp-content\/uploads\/2019\/11\/SALUD-840x560.jpg?resize=350%2C200&ssl=1 1x, https:\/\/i0.wp.com\/www.grieta.org.mx\/wp-content\/uploads\/2019\/11\/SALUD-840x560.jpg?resize=525%2C300&ssl=1 1.5x, https:\/\/i0.wp.com\/www.grieta.org.mx\/wp-content\/uploads\/2019\/11\/SALUD-840x560.jpg?resize=700%2C400&ssl=1 2x"},"classes":[]},{"id":31041,"url":"https:\/\/www.grieta.org.mx\/index.php\/2019\/03\/22\/paran-labores-maestros-de-emsad-colima\/","url_meta":{"origin":37943,"position":4},"title":"Paran labores maestros de Emsad (Colima)","author":"grieta","date":"22 marzo, 2019","format":false,"excerpt":"Diario de Colima, Viernes 22 de Marzo de 2019 Cerca de 2 mil alumnos se quedaron sin clases; mientras que 171 familias resultan afectadas por la falta de pago Los maestros que laboran en los 19 Centros de Educaci\u00f3n Media Superior a Distancia (Emsad) que hay en el estado, realizaron\u2026","rel":"","context":"En &quot;CINTILLO&quot;","block_context":{"text":"CINTILLO","link":"https:\/\/www.grieta.org.mx\/index.php\/category\/cintillo\/"},"img":{"alt_text":"","src":"https:\/\/i0.wp.com\/www.grieta.org.mx\/wp-content\/uploads\/2019\/03\/8.88_81.jpg?resize=350%2C200&ssl=1","width":350,"height":200,"srcset":"https:\/\/i0.wp.com\/www.grieta.org.mx\/wp-content\/uploads\/2019\/03\/8.88_81.jpg?resize=350%2C200&ssl=1 1x, https:\/\/i0.wp.com\/www.grieta.org.mx\/wp-content\/uploads\/2019\/03\/8.88_81.jpg?resize=525%2C300&ssl=1 1.5x, https:\/\/i0.wp.com\/www.grieta.org.mx\/wp-content\/uploads\/2019\/03\/8.88_81.jpg?resize=700%2C400&ssl=1 2x"},"classes":[]},{"id":46764,"url":"https:\/\/www.grieta.org.mx\/index.php\/2020\/03\/20\/yazaki-tecoman-hace-caso-omiso-al-covid-19-siguen-trabajando-colima\/","url_meta":{"origin":37943,"position":5},"title":"Yazaki Tecoman, hace caso omiso al covid-19, siguen trabajando (Colima)","author":"grieta","date":"20 marzo, 2020","format":false,"excerpt":"Foto: Avance Informativo Gerardo \u00c1vila \/ Avance Informativo Trabajadores de la empresa Yazaki de Tecom\u00e1n mostraron su temor por ser contagiados por el Coronavirus, puesto que siguen laborando en masa de personal y aunque cuentan con los m\u00e9todos de salubridad, no es confiable ya que el personal sigue trabajando en\u2026","rel":"","context":"En &quot;CINTILLO&quot;","block_context":{"text":"CINTILLO","link":"https:\/\/www.grieta.org.mx\/index.php\/category\/cintillo\/"},"img":{"alt_text":"","src":"https:\/\/i0.wp.com\/www.grieta.org.mx\/wp-content\/uploads\/2020\/03\/yaza-840x560.jpg?resize=350%2C200&ssl=1","width":350,"height":200,"srcset":"https:\/\/i0.wp.com\/www.grieta.org.mx\/wp-content\/uploads\/2020\/03\/yaza-840x560.jpg?resize=350%2C200&ssl=1 1x, https:\/\/i0.wp.com\/www.grieta.org.mx\/wp-content\/uploads\/2020\/03\/yaza-840x560.jpg?resize=525%2C300&ssl=1 1.5x, https:\/\/i0.wp.com\/www.grieta.org.mx\/wp-content\/uploads\/2020\/03\/yaza-840x560.jpg?resize=700%2C400&ssl=1 2x"},"classes":[]}],"_links":{"self":[{"href":"https:\/\/www.grieta.org.mx\/index.php\/wp-json\/wp\/v2\/posts\/37943","targetHints":{"allow":["GET"]}}],"collection":[{"href":"https:\/\/www.grieta.org.mx\/index.php\/wp-json\/wp\/v2\/posts"}],"about":[{"href":"https:\/\/www.grieta.org.mx\/index.php\/wp-json\/wp\/v2\/types\/post"}],"author":[{"embeddable":true,"href":"https:\/\/www.grieta.org.mx\/index.php\/wp-json\/wp\/v2\/users\/2"}],"replies":[{"embeddable":true,"href":"https:\/\/www.grieta.org.mx\/index.php\/wp-json\/wp\/v2\/comments?post=37943"}],"version-history":[{"count":1,"href":"https:\/\/www.grieta.org.mx\/index.php\/wp-json\/wp\/v2\/posts\/37943\/revisions"}],"predecessor-version":[{"id":37948,"href":"https:\/\/www.grieta.org.mx\/index.php\/wp-json\/wp\/v2\/posts\/37943\/revisions\/37948"}],"wp:featuredmedia":[{"embeddable":true,"href":"https:\/\/www.grieta.org.mx\/index.php\/wp-json\/wp\/v2\/media\/37947"}],"wp:attachment":[{"href":"https:\/\/www.grieta.org.mx\/index.php\/wp-json\/wp\/v2\/media?parent=37943"}],"wp:term":[{"taxonomy":"category","embeddable":true,"href":"https:\/\/www.grieta.org.mx\/index.php\/wp-json\/wp\/v2\/categories?post=37943"},{"taxonomy":"post_tag","embeddable":true,"href":"https:\/\/www.grieta.org.mx\/index.php\/wp-json\/wp\/v2\/tags?post=37943"}],"curies":[{"name":"wp","href":"https:\/\/api.w.org\/{rel}","templated":true}]}}