{"id":3793,"date":"2015-03-07T16:45:55","date_gmt":"2015-03-07T16:45:55","guid":{"rendered":"http:\/\/50.22.11.12\/~grietaor\/?p=3793"},"modified":"2016-03-17T16:46:46","modified_gmt":"2016-03-17T16:46:46","slug":"gracias-ii-el-capitalismo-destruye-los-pueblos-construyen-subcomandante-insurgente-moises","status":"publish","type":"post","link":"https:\/\/www.grieta.org.mx\/index.php\/2015\/03\/07\/gracias-ii-el-capitalismo-destruye-los-pueblos-construyen-subcomandante-insurgente-moises\/","title":{"rendered":"GRACIAS II. EL CAPITALISMO DESTRUYE. LOS PUEBLOS CONSTRUYEN. Subcomandante Insurgente Mois\u00e9s"},"content":{"rendered":"<p>GRACIAS II.<\/p>\n<p>EL CAPITALISMO DESTRUYE. LOS PUEBLOS CONSTRUYEN.<\/p>\n<p>Subcomandante Insurgente Mois\u00e9s.<\/p>\n<p>Palabra de la Comandancia General del EZLN, en voz del Subcomandante Insurgente Mois\u00e9s, en La Realidad Zapatista. Entrega de la Escuela Aut\u00f3noma Zapatista \u201cCompa\u00f1ero Galeano\u201d y la Cl\u00ednica Aut\u00f3noma 26 de Octubre \u201cCompa\u00f1ero Subcomandante Insurgente Pedro\u201c, a las bases de apoyo zapatistas, el d\u00eda 1 de marzo del 2015.<\/p>\n<p>Buenos d\u00edas a todos, compa\u00f1eros y compa\u00f1eras de esta zona, de este Caracol La Realidad, zona Selva Fronteriza.<\/p>\n<p>Hoy estamos aqu\u00ed con ustedes, compa\u00f1eros, compa\u00f1eras de esta zona, precisamente para hacerles entrega en su mano de los compa\u00f1eros y compa\u00f1eras bases de apoyo de esta comunidad zapatista La Realidad, Nueva Victoria, como se llama en la lucha con nosotros como Ej\u00e9rcito Zapatista de Liberaci\u00f3n Nacional.<\/p>\n<p>Compa\u00f1eros y compa\u00f1eras, lo que tenemos que dejar claro y lo que tenemos que entender, es que nos sigue siendo el dolor que lo tenemos cada uno de todos nosotros, nosotras las zapatistas; pero no nada m\u00e1s las zapatistas de M\u00e9xico sino en el mundo porque nos falta un compa\u00f1ero, que su nombre lleva esta construcci\u00f3n: el compa\u00f1ero Galeano.<\/p>\n<p>Esta construcci\u00f3n fue el fruto y el trabajo, el esfuerzo y la organizaci\u00f3n de los compa\u00f1eros y compa\u00f1eras de la Sexta internacional y de la Sexta nacional. Aqu\u00ed estamos demostrando lo que somos como zapatistas de M\u00e9xico y del mundo.<\/p>\n<p>Lo que somos realmente, lo que nosotros pensamos, queremos, es la vida y no que nos maten.<\/p>\n<p>Pero el sistema capitalista su trabajo es destruir lo que el pueblo pobre construye. Pero el pueblo pobre no va a dejar de construir, porque es su vida. El sistema lo destruye porque sabe que un d\u00eda ser\u00e1 destruido el sistema, porque es de explotaci\u00f3n, porque es de humillaci\u00f3n. No es una vida lo que construye el capitalismo, a nosotros los pobres no nos deja nada, m\u00e1s lo que vayamos a construir nosotros y nosotras, los pueblos, hombres y mujeres que luchamos, nadie m\u00e1s.<\/p>\n<p>Y por eso estamos diciendo aqu\u00ed, en el lugar de la construcci\u00f3n, de lo que somos; y en el pueblo del compa\u00f1ero Galeano, maestro de la Escuelita zapatista, sargento en su lucha, miliciano en su organizaci\u00f3n, autoridad en su vida, el ejemplo que nos mostr\u00f3.<\/p>\n<p>El capitalismo quiere que se acabe ese ejemplo y nosotros no lo vamos a permitir.<\/p>\n<p>Queremos decir claro ac\u00e1, frente a este pueblo, a los que no est\u00e1n con nosotros: nosotros no estamos en contra de ellos. Queremos respeto, ellos lo saben. Hemos dicho: si nos respetan tambi\u00e9n nosotros respetamos, no estamos para matar a pobres. Pero si ellos se dejan, saben que est\u00e1n al lado del criminal, del explotador, del asesino, que es el capitalismo.<\/p>\n<p>Nosotros queremos decirles claro ac\u00e1, a la gente que no est\u00e1 de acuerdo con nosotros: a nosotros no nos molesta si es que no est\u00e1 de acuerdo con nosotros porque un d\u00eda va a ser para ellos, tal vez ellos ya no lo van a ver como padres y madres ahora, porque muchos tendr\u00e1n cincuenta o sesenta a\u00f1os, pero el fruto de lo que nosotros estamos construyendo lo ver\u00e1n sus hijos y sus hijas.<\/p>\n<p>Lo decimos con todo coraz\u00f3n y con la verdad: estamos luchando para el pueblo de M\u00e9xico, y quiz\u00e1s seremos ejemplo para el mundo. Queremos dejar claro porque nosotros lo que queremos es la vida. Lo hemos dicho claro que los soldados, por ejemplo, los polic\u00edas, estamos luchando tambi\u00e9n por parte de ellos, porque sabemos que tambi\u00e9n son pobres, por la pobreza se meten ah\u00ed a vender su cuerpo, su vida, su esp\u00edritu, su sangre, su hueso, su carne; se vende porque ah\u00ed el capitalismo compra para que ellos sean defendidos. Nunca vamos a ver un rico, hijo de rico que van a ser soldados, que van a venir enfrente de nosotros, van a estar ah\u00ed los hijos de los ricos pero son generales porque van a explotar ah\u00ed a los propios soldados.<\/p>\n<p>Nosotros lo sabemos, es as\u00ed su ma\u00f1a el rico y a nosotros los pobres de M\u00e9xico as\u00ed nos compran, d\u00e1ndonos regalitos para que creamos que entonces el gobierno ya es bueno. Nunca va a ser bueno el mal gobierno del sistema capitalista, nunca va a ser bueno, jam\u00e1s de los jamases van a ser buenos los ricos. Un simple ejemplo, si dentro de nosotros mismos, familiares, hermanos, hermanas, o t\u00edos, t\u00edas, hasta a veces nos peleamos siendo que somos mismos familiares de pap\u00e1 y de mam\u00e1, c\u00f3mo es posible de que entonces vamos a creer lo que dicen los ricos, c\u00f3mo es posible que vamos a creer de que ya son buenos, no los conocemos. Por ejemplo ahorita que vienen los tiempos electorales, \u00bfqui\u00e9n lo conocemos de ellos los que van a ser candidatos?<\/p>\n<p>Nosotros queremos decir claro y dejar claro: no tenemos nada en contra de nuestros hermanos, los que quieren ser hermanos de nosotros los que estamos en lucha. Si quieren o no quieren, no hay problema. Pero as\u00ed como decimos que no hay problema, as\u00ed queremos que no nos hagan problema. Quien busca encuentra. Y cuando decimos eso, quien busca encuentra, igual de nosotros como zapatistas, si nosotros vamos a provocar le toca a quien provoca. Por eso estamos diciendo claro aqu\u00ed nosotros: no vamos a provocar, porque no tenemos nada en contra de \u00e9sos, de \u00e9sas, los que no quieren luchar con nosotros.<\/p>\n<p>Nos da l\u00e1stima, tristeza s\u00ed, porque est\u00e1n enga\u00f1ados, explotados, humillados. No hay una cosa que le ense\u00f1an a sus hijos, a sus hijas, de aqu\u00ed al futuro. Nosotros, nosotras las zapatistas, s\u00ed nos importa nuestros hijos y nuestras hijas, queremos mostrarle el camino donde no exista ya la explotaci\u00f3n, la humillaci\u00f3n, donde nosotros podamos gobernarnos nosotros mismos.<\/p>\n<p>Entonces, compa\u00f1eros, compa\u00f1eras, esta construcci\u00f3n que estamos inaugurando ahorita es el fruto, es el resultado de c\u00f3mo nos entienden, de c\u00f3mo nos comprenden nuestros compa\u00f1eros y compa\u00f1eras de la Sexta, pero incluso otros hermanos y hermanas de M\u00e9xico y del mundo que falta pues de que le entran a la lucha a la Sexta, lo que convoca en nuestra Sexta Declaraci\u00f3n, pero que s\u00ed con su coraz\u00f3n nos est\u00e1n apoyando.<\/p>\n<p>Quiz\u00e1s aqu\u00ed, en el largo caminar, ah\u00ed se van a dar cuenta y se vendr\u00e1n con nosotros para luchar, pero est\u00e1 aqu\u00ed la parte de su esfuerzo, de su lucha, de su organizaci\u00f3n de esos hermanos, hermanas, de M\u00e9xico y el mundo que no son de la Sexta.<\/p>\n<p>Pero la mayor parte son del esfuerzo, sacrificio y organizaci\u00f3n de los compa\u00f1eros de la Sexta nacional e internacional.<\/p>\n<p>Aqu\u00ed es donde estamos demostrando c\u00f3mo, cuando el pueblo pobre se organiza no es necesario un sistema capitalista, no es necesario un sistema dominador, humillador. Aqu\u00ed est\u00e1 en los hechos, el ejemplo. El capitalismo, el mal gobierno de este pa\u00eds, mand\u00f3 a destruir la escuela aut\u00f3noma de los compa\u00f1eros bases de apoyo de ac\u00e1. Destr\u00fayanlo de por s\u00ed, es muy f\u00e1cil para destruir, destr\u00fayanlo igual tambi\u00e9n su cl\u00ednica, de por s\u00ed est\u00e1 muy (inaudible).<\/p>\n<p>Y aqu\u00ed est\u00e1 el resultado, el resultado del esfuerzo y la organizaci\u00f3n de nuestros compa\u00f1eros y compa\u00f1eras de la Sexta nacional e internacional, y qued\u00f3 m\u00e1s mejor lo que construy\u00f3 el pueblo pobre de M\u00e9xico y del mundo.<\/p>\n<p>Entonces que quede claro, esto es la demostraci\u00f3n de que para nuestros compa\u00f1eros y compa\u00f1eras de la Sexta nacional e internacional s\u00ed importa la lucha por la vida.<\/p>\n<p>A nosotros lo que nos duele es que esta construcci\u00f3n nos sali\u00f3 muy caro porque la vida de nuestro compa\u00f1ero maestro de la escuelita, el compa\u00f1ero Galeano, no vale lo que vale esta casa. No tiene precio la vida de nuestro compa\u00f1ero. Pero desgraciadamente el mal gobierno, los tres niveles de mal gobierno y tanto como hay gente que se vende, que no piensa en sus hijos, le hicieron lo que le hicieron a nuestro compa\u00f1ero Galeano.<\/p>\n<p>Lo que queremos decir aqu\u00ed, porque se va en el mundo nuestra palabra que estamos diciendo ahorita, queremos decirles a nuestros compa\u00f1eros y compa\u00f1eras de la Sexta internacional y la Sexta nacional, de que tenemos que pensar: no nos organicemos, no hagamos una cosa cuando ya est\u00e1 muerto un compa\u00f1ero o una compa\u00f1era.<\/p>\n<p>De verdad se necesita que nos organicemos sin esperar de eso que suceda. M\u00e1s bien demostremos que no sirve el sistema capitalista, los malos gobiernos.<\/p>\n<p>Construyamos lo que hay que construir aunque no tengamos muertos, muertas, porque de por s\u00ed nosotros no queremos eso, pero el pinche sistema capitalista eso es lo que quieren hacer.<\/p>\n<p>Y queremos dejar claro ac\u00e1 una vez m\u00e1s, nosotros no tenemos odio a la gente pobre, lo que s\u00ed ya no queremos es la explotaci\u00f3n.<\/p>\n<p>Queremos dejar claro eso, de que hay que apoyar a otros compa\u00f1eros y compa\u00f1eras, no nom\u00e1s las zonas zapatistas, sino tenemos que apoyar a otros compa\u00f1eros lo que les hace falta.<\/p>\n<p>Ah\u00ed es donde vamos a demostrar que s\u00ed no s\u00f3lo decimos que estamos organizados, la organizaci\u00f3n se demuestra haciendo lo que decimos, en los hechos.<\/p>\n<p>Muchas cosas queremos decir, compa\u00f1eros, pero para eso estos d\u00edas vamos a trabajar aqu\u00ed con ustedes. Ahorita estamos ac\u00e1 porque vamos a entregar a los compa\u00f1eros bases de apoyo del Ej\u00e9rcito Zapatista esta construcci\u00f3n, la construcci\u00f3n que nos dieron nuestros compa\u00f1eros y compa\u00f1eras de la Sexta.<\/p>\n<p>Esta construcci\u00f3n es del pueblo. El pueblo tiene que pensar, planear, c\u00f3mo va a ser el uso, porque ser\u00e1 el ejemplo para otros compa\u00f1eros y compa\u00f1eras.<\/p>\n<p>Lo que est\u00e1 dif\u00edcil, no me da la vuelta en la cabeza, porque deber\u00eda estar aqu\u00ed presente el compa\u00f1ero Galeano.<\/p>\n<p>Ya no est\u00e1 con nosotros y sabemos qui\u00e9n lo hizo, y la pregunta que le hacemos a quien lo hizo (lo que le hicieron al compa\u00f1ero Galeano), \u00bfcu\u00e1ntos millones de pesos les deb\u00eda a esas personas que lo asesinaron?, \u00bfqu\u00e9 cosa les rob\u00f3 el compa\u00f1ero Galeano para que le hicieran lo que hicieron? Esas preguntas no tienen respuesta de esas personas que lo hicieron. No hay respuesta porque en verdad no les han robado. Nunca rob\u00f3 el compa\u00f1ero y no les deb\u00eda nada el compa\u00f1ero. M\u00e1s bien deben hacia nosotros.<\/p>\n<p>Por eso queremos decir claro, nosotros no tenemos nada en contra. Si nos quieren respetar que nos respeten, pero no s\u00f3lo les pedimos a ellos que nos respeten; tambi\u00e9n nosotros los zapatistas tenemos que respetar, as\u00ed vamos a ver qui\u00e9n es el que empieza.<\/p>\n<p>Porque nosotros los zapatistas tenemos que pensar en esos ni\u00f1os, en esas ni\u00f1as, y por eso queremos decirles a ellos por lo menos que lo piensen por sus ni\u00f1os y ni\u00f1as que tienen. Ellos saben qu\u00e9 pas\u00f3 en 1994. Cuando eso decida el mal gobierno no hay a quien lo respeta el ej\u00e9rcito, ellos lo saben, no valen nada esas credenciales que dicen. Nada va a servir, a todos los van a culpar como zapatistas, lo saben, y les queremos recordarles eso.<\/p>\n<p>Y por eso aqu\u00ed les estamos dando que escuchen, que toquen su coraz\u00f3n, que agarren su cabeza y que lo piensen. No hay d\u00f3nde se van, a menos de que se huyan de aqu\u00ed, lo mismo es la muerte la que van a encontrar a donde se vayan. M\u00e1s vale estar aqu\u00ed, vivir aqu\u00ed y respetando aqu\u00ed como personas, como cristiano como dicen. Si hasta nuestros animales entienden, eso que son animales, nosotros no somos animales, somos hombres o mujeres, muchachas o muchachos, tenemos cerebro.<\/p>\n<p>Todo lo que est\u00e1n recibiendo ahorita en Chiapas los ind\u00edgenas, lo que les da, lo poco que les da el mal gobierno es porque el mal gobierno no quiere que se organicen esos hombres y mujeres, les da para que entonces nunca piensen en organizarse y en luchar. \u00c9se es el problema principal porque as\u00ed van a dejar sus hijos y sus hijas explotadas, humilladas, pisoteadas.<\/p>\n<p>Es lo que nosotros los zapatistas no queremos ya eso, por eso no recibimos nada del mal gobierno, porque ya no queremos este sistema. No nos va a poder acabar el sistema capitalista. Estamos hablando del capitalismo, miles de ej\u00e9rcitos que tiene y no nos va a poder acabar. As\u00ed que entonces por ah\u00ed dicen que ya son poquitos los zapatistas, eso es mentira del gobierno. Pero en vez de estar echando discurso, como se dice, en los hechos lo vamos a demostrar.<\/p>\n<p>Estos tiempos que vienen vamos a seguir recordando, acordando nuestro compa\u00f1ero Galeano.<\/p>\n<p>Entonces, compa\u00f1eros y compa\u00f1eras, de esta zona del caracol de La Realidad, hago entrega a nombre de los compa\u00f1eros y compa\u00f1eras de la Sexta nacional e internacional de esta construcci\u00f3n para el bien de nuestros compa\u00f1eros y compa\u00f1eras de este pueblo, La Realidad, para que ya empiecen a trabajarlo los compa\u00f1eros promotores, compa\u00f1eras promotoras de salud y de educaci\u00f3n.<\/p>\n<p>S\u00f3lo queremos dejar claro que esta construcci\u00f3n es de todos nosotros, ah\u00ed lo piensen si es que quieren volver a destruir. Pero tambi\u00e9n lo queremos decir que no lo destruya la gente de ac\u00e1, que venga el mal gobierno. No se dejen aqu\u00ed, se\u00f1ores, se\u00f1oras, no se dejen de que entonces les use el mal gobierno para que ustedes vengan a destruir esto, porque tambi\u00e9n ustedes son pobres igual que nosotros, ustedes lo saben.<\/p>\n<p>No se presten, no se vendan, porque la vida no se compra y no se vende. Que venga aqu\u00ed el mal gobierno y que lo haga. \u00bfD\u00f3nde queda esa oraci\u00f3n que hacen ah\u00ed en su iglesia o en el templo? Que hay que amarse unos a los otros dicen ah\u00ed. \u00bfD\u00f3nde queda? Pi\u00e9nsenlo, se\u00f1ores, se\u00f1oras, no sean lo mismo que el mal gobierno que dice una cosa y hace otra cosa, no sean as\u00ed se\u00f1ores y se\u00f1oras. \u00bfQu\u00e9 chiste tiene cuando est\u00e1n predicando ah\u00ed y al rev\u00e9s lo hacen? Nosotros ya no queremos eso, que se dice una cosa y se hace otra cosa.<\/p>\n<p>Como nosotros decimos pues que tenemos compa\u00f1eros y compa\u00f1eras que est\u00e1n con nosotros en la lucha, y ah\u00ed est\u00e1 el resultado que estamos haciendo entrega hoy, primero de marzo. As\u00ed que hago entrega formalmente hoy, Primero de marzo, domingo, del a\u00f1o 2015, a las 10 con 34 minutos, hora suroriental.<\/p>\n<p>Muchas gracias, compa\u00f1eros y compa\u00f1eras.<\/p>\n<p>Desde las monta\u00f1as del sureste mexicano.<br \/>\nPor el Comit\u00e9 Clandestino Revolucionario Ind\u00edgena-Comandancia General del Ej\u00e9rcito Zapatista de Liberaci\u00f3n Nacional.<\/p>\n<p>Subcomandante Insurgente Mois\u00e9s.<\/p>\n<p>La Realidad zapatista, M\u00e9xico, Marzo del 2015.<\/p>\n<p>Fotos cortes\u00eda de Los Tercios Compas.<\/p>\n<p>SECCI\u00d3N \u201cDEL CUADERNO DE APUNTES DEL GATO-PERRO\u201d:<\/p>\n<p>.- No es lo mismo buscar a un hombre providencial que nos salve, que buscar organizarse hombres, mujeres, otroas, para salvarse en colectivo. Delegar en otro lo que es responsabilidad propia es, por decir lo menos, irresponsable.<\/p>\n<p>.- Atento aviso: \u00bfEst\u00e1 en la depresi\u00f3n porque l@s candidat@s del PRI y de la oposici\u00f3n le provocan n\u00e1useas? \u00bfLe aterra que, cuando vea la tv, no sabr\u00e1 si es el canal del congreso o la barra c\u00f3mica? \u00bfTriste porque nadie lo bloquea, lo unfollowea, lo manda por su torta? \u00a1Pare de sufrir! Tuit\u00e9e algo como lo siguiente y ver\u00e1 que la vida le sonr\u00ede\u2026 ok, le hace muecas, pero algo es algo \u00bfno? Va:<\/p>\n<p>Las elecciones son a la transformaci\u00f3n social como la homeopat\u00eda a las pandemias: cuestan y entretienen, pero no resuelven lo fundamental.<\/p>\n<p>En M\u00e9xico, la diferencia entre un voto y un bote es que el primero es much\u00edsimo m\u00e1s caro\u2026 y es m\u00e1s \u00fatil el segundo.<\/p>\n<p>Baje de peso: despu\u00e9s de comer, vea las propuestas de los partidos. Hidr\u00e1tese despu\u00e9s del v\u00f3mito. Garantizado. Patente en tr\u00e1mite en el INE.<\/p>\n<p>.- Tips para turistas extranjeros: en M\u00e9xico las quesadillas pueden no tener queso, los pol\u00edticos no tener seso y la raz\u00f3n no tener peso. Eso.<br \/>\n(continuar\u00e1..)<\/p>\n<p><a href=\"http:\/\/enlacezapatista.ezln.org.mx\/2015\/03\/07\/gracias-ii-el-capitalismo-destruye-los-pueblos-construyen\/\" target=\"_blank\">http:\/\/enlacezapatista.ezln.org.mx\/2015\/03\/07\/gracias-ii-el-capitalismo-destruye-los-pueblos-construyen\/<\/a><\/p>\n","protected":false},"excerpt":{"rendered":"<p>GRACIAS II. EL CAPITALISMO DESTRUYE. LOS PUEBLOS CONSTRUYEN. Subcomandante Insurgente Mois\u00e9s. Palabra de la Comandancia General del EZLN, en voz del Subcomandante Insurgente Mois\u00e9s, en La Realidad Zapatista. Entrega de &hellip; <a href=\"https:\/\/www.grieta.org.mx\/index.php\/2015\/03\/07\/gracias-ii-el-capitalismo-destruye-los-pueblos-construyen-subcomandante-insurgente-moises\/\" class=\"more-link\">Leer m\u00e1s<\/a><\/p>\n","protected":false},"author":2,"featured_media":21928,"comment_status":"closed","ping_status":"open","sticky":false,"template":"","format":"standard","meta":{"ngg_post_thumbnail":0,"_jetpack_newsletter_access":"","_jetpack_dont_email_post_to_subs":false,"_jetpack_newsletter_tier_id":0,"_jetpack_memberships_contains_paywalled_content":false,"_jetpack_memberships_contains_paid_content":false,"footnotes":""},"categories":[74,78],"tags":[],"class_list":["post-3793","post","type-post","status-publish","format-standard","has-post-thumbnail","hentry","category-ezln","category-palabras-del-ezln","entry"],"jetpack_featured_media_url":"https:\/\/www.grieta.org.mx\/wp-content\/uploads\/2018\/03\/14524434_1106112876131411_958039263622046936_o.jpg","jetpack_sharing_enabled":true,"jetpack_shortlink":"https:\/\/wp.me\/p7ZJR4-Zb","jetpack_likes_enabled":false,"jetpack-related-posts":[{"id":3720,"url":"https:\/\/www.grieta.org.mx\/index.php\/2015\/07\/13\/indice-volumen-uno-participaciones-de-la-comision-sexta-del-ezln-en-el-seminario-el-pensamiento-critico-frente-a-la-hidra-capitalista\/","url_meta":{"origin":3793,"position":0},"title":"\u00cdNDICE volumen Uno (participaciones de la Comisi\u00f3n Sexta del EZLN en el Seminario \u201cEl Pensamiento Cr\u00edtico frente a la Hidra Capitalista\u201d)","author":"grieta","date":"13 julio, 2015","format":false,"excerpt":"\u00cdNDICE volumen Uno (participaciones de la Comisi\u00f3n Sexta del EZLN en el Seminario \u201cEl Pensamiento Cr\u00edtico frente a la Hidra Capitalista\u201d) .- Pr\u00f3logo: De c\u00f3mo llegamos a la Cofa del Vig\u00eda y lo que desde ah\u00ed miramos. SupGaleano. I.- Nuestra mirada hacia dentro. Algunas pistas: .- La Tormenta, el Centinela\u2026","rel":"","context":"En &quot;Comunicados&quot;","block_context":{"text":"Comunicados","link":"https:\/\/www.grieta.org.mx\/index.php\/category\/ezln-2\/ezln\/"},"img":{"alt_text":"","src":"https:\/\/i0.wp.com\/www.grieta.org.mx\/wp-content\/uploads\/2018\/03\/14524434_1106112876131411_958039263622046936_o.jpg?resize=350%2C200&ssl=1","width":350,"height":200,"srcset":"https:\/\/i0.wp.com\/www.grieta.org.mx\/wp-content\/uploads\/2018\/03\/14524434_1106112876131411_958039263622046936_o.jpg?resize=350%2C200&ssl=1 1x, https:\/\/i0.wp.com\/www.grieta.org.mx\/wp-content\/uploads\/2018\/03\/14524434_1106112876131411_958039263622046936_o.jpg?resize=525%2C300&ssl=1 1.5x, https:\/\/i0.wp.com\/www.grieta.org.mx\/wp-content\/uploads\/2018\/03\/14524434_1106112876131411_958039263622046936_o.jpg?resize=700%2C400&ssl=1 2x"},"classes":[]},{"id":70812,"url":"https:\/\/www.grieta.org.mx\/index.php\/2025\/01\/09\/ecos-de-la-primera-sesion-de-los-encuentros-de-resistencia-y-rebeldia-diciembre-2024-y-1-2-de-enero-2025-participacion-zapatista-audios-y-videos-para-descargar\/","url_meta":{"origin":3793,"position":1},"title":"Ecos de la Primera Sesi\u00f3n de los Encuentros de Resistencia y Rebeld\u00eda. Diciembre 2024 y 1-2 de enero 2025. Participaci\u00f3n Zapatista: Audios y Videos para Descargar","author":"grieta","date":"9 enero, 2025","format":false,"excerpt":"Ecos de la Primera Sesi\u00f3n de los Encuentros de Resistencia y Rebeld\u00eda. Diciembre 2024 y 1-2 de enero 2025. Participaci\u00f3n Zapatista: Audios y Videos para Descargar Para firmantes de la Declaraci\u00f3n por la Vida, compas zapatistas y herman@s partidistas \u2026\u2026\u2026\u2026\u2026\u2026\u2026\u2026\u2026\u2026\u2026\u2026\u2026\u2026\u2026\u2026\u2026\u2026\u2026.. S\u00c1BADO 28 DE DICIEMBRE DE 2024 \u2026\u2026\u2026\u2026\u2026\u2026\u2026\u2026\u2026\u2026\u2026\u2026\u2026\u2026\u2026\u2026\u2026\u2026\u2026.. Presentaci\u00f3n Capit\u00e1n Insurgente\u2026","rel":"","context":"En &quot;CINTILLO&quot;","block_context":{"text":"CINTILLO","link":"https:\/\/www.grieta.org.mx\/index.php\/category\/cintillo\/"},"img":{"alt_text":"","src":"https:\/\/i0.wp.com\/www.grieta.org.mx\/wp-content\/uploads\/2025\/01\/Screenshot-2025-01-09-at-14-30-25-Enlace-Zapatista.png?resize=350%2C200&ssl=1","width":350,"height":200,"srcset":"https:\/\/i0.wp.com\/www.grieta.org.mx\/wp-content\/uploads\/2025\/01\/Screenshot-2025-01-09-at-14-30-25-Enlace-Zapatista.png?resize=350%2C200&ssl=1 1x, https:\/\/i0.wp.com\/www.grieta.org.mx\/wp-content\/uploads\/2025\/01\/Screenshot-2025-01-09-at-14-30-25-Enlace-Zapatista.png?resize=525%2C300&ssl=1 1.5x, https:\/\/i0.wp.com\/www.grieta.org.mx\/wp-content\/uploads\/2025\/01\/Screenshot-2025-01-09-at-14-30-25-Enlace-Zapatista.png?resize=700%2C400&ssl=1 2x, https:\/\/i0.wp.com\/www.grieta.org.mx\/wp-content\/uploads\/2025\/01\/Screenshot-2025-01-09-at-14-30-25-Enlace-Zapatista.png?resize=1050%2C600&ssl=1 3x"},"classes":[]},{"id":3728,"url":"https:\/\/www.grieta.org.mx\/index.php\/2015\/05\/02\/ser-zapatista-palabras-del-subcomandante-insurgente-moises-en-el-homenaje-a-los-companeros-luis-villoro-toranzo-y-maestro-zapatista-galeano-2-de-mayo-del-2015\/","url_meta":{"origin":3793,"position":2},"title":"Ser Zapatista (palabras del Subcomandante Insurgente Mois\u00e9s en el Homenaje a los compa\u00f1eros Luis Villoro Toranzo y Maestro Zapatista Galeano. 2 de mayo del 2015)","author":"grieta","date":"2 mayo, 2015","format":false,"excerpt":"Ser Zapatista Compa\u00f1eras y compa\u00f1eros zapatistas de los pueblos bases de apoyo del Ej\u00e9rcito Zapatista de Liberaci\u00f3n Nacional. Compa\u00f1eras, compa\u00f1eroas y compa\u00f1eros de la sexta nacional e internacional. Hermanas y hermanos de M\u00e9xico y del mundo. Saludamos a la familia del compa\u00f1ero Luis Villoro. Bienvenidos a la tierra rebelde que\u2026","rel":"","context":"En &quot;Comunicados&quot;","block_context":{"text":"Comunicados","link":"https:\/\/www.grieta.org.mx\/index.php\/category\/ezln-2\/ezln\/"},"img":{"alt_text":"","src":"https:\/\/i0.wp.com\/www.grieta.org.mx\/wp-content\/uploads\/2018\/03\/14524434_1106112876131411_958039263622046936_o.jpg?resize=350%2C200&ssl=1","width":350,"height":200,"srcset":"https:\/\/i0.wp.com\/www.grieta.org.mx\/wp-content\/uploads\/2018\/03\/14524434_1106112876131411_958039263622046936_o.jpg?resize=350%2C200&ssl=1 1x, https:\/\/i0.wp.com\/www.grieta.org.mx\/wp-content\/uploads\/2018\/03\/14524434_1106112876131411_958039263622046936_o.jpg?resize=525%2C300&ssl=1 1.5x, https:\/\/i0.wp.com\/www.grieta.org.mx\/wp-content\/uploads\/2018\/03\/14524434_1106112876131411_958039263622046936_o.jpg?resize=700%2C400&ssl=1 2x"},"classes":[]},{"id":70633,"url":"https:\/\/www.grieta.org.mx\/index.php\/2024\/12\/03\/programa-de-la-primera-sesion-de-los-encuentros-internacionales-de-resistencias-y-rebeldias-mesas-y-ponentes\/","url_meta":{"origin":3793,"position":3},"title":"PROGRAMA DE LA PRIMERA SESI\u00d3N DE LOS ENCUENTROS INTERNACIONALES DE RESISTENCIAS Y REBELD\u00cdAS.  Mesas y Ponentes.","author":"grieta","date":"3 diciembre, 2024","format":false,"excerpt":"PROGRAMA DE LA PRIMERA SESI\u00d3N DE LOS ENCUENTROS INTERNACIONALES DE RESISTENCIAS Y REBELD\u00cdAS. Mesas y Ponentes. Aqu\u00ed les ponemos el programa de participaciones: S\u00e1bado 28 de diciembre del 2024. Sede Cideci-Unitierra. SCLC, Chiapas, M\u00e9xico. Mesa I: La tormenta: el crimen, el verdugo y las v\u00edctimas. Participan: Jorge Alonso, John Holloway,\u2026","rel":"","context":"En &quot;CINTILLO&quot;","block_context":{"text":"CINTILLO","link":"https:\/\/www.grieta.org.mx\/index.php\/category\/cintillo\/"},"img":{"alt_text":"","src":"https:\/\/i0.wp.com\/www.grieta.org.mx\/wp-content\/uploads\/2024\/12\/Screenshot-2024-12-03-at-17-09-14-Enlace-Zapatista.png?resize=350%2C200&ssl=1","width":350,"height":200,"srcset":"https:\/\/i0.wp.com\/www.grieta.org.mx\/wp-content\/uploads\/2024\/12\/Screenshot-2024-12-03-at-17-09-14-Enlace-Zapatista.png?resize=350%2C200&ssl=1 1x, https:\/\/i0.wp.com\/www.grieta.org.mx\/wp-content\/uploads\/2024\/12\/Screenshot-2024-12-03-at-17-09-14-Enlace-Zapatista.png?resize=525%2C300&ssl=1 1.5x, https:\/\/i0.wp.com\/www.grieta.org.mx\/wp-content\/uploads\/2024\/12\/Screenshot-2024-12-03-at-17-09-14-Enlace-Zapatista.png?resize=700%2C400&ssl=1 2x, https:\/\/i0.wp.com\/www.grieta.org.mx\/wp-content\/uploads\/2024\/12\/Screenshot-2024-12-03-at-17-09-14-Enlace-Zapatista.png?resize=1050%2C600&ssl=1 3x"},"classes":[]},{"id":61684,"url":"https:\/\/www.grieta.org.mx\/index.php\/2021\/09\/14\/nosotros-queremos-la-vida-subcomandante-moises-en-viena-austria\/","url_meta":{"origin":3793,"position":4},"title":"\u00abNosotros queremos la vida\u00bb, Subcomandante Mois\u00e9s en Viena Austria","author":"grieta","date":"14 septiembre, 2021","format":false,"excerpt":"POZOL COLECTIVO Viena, Austria. 14 de septiembre. \u00abEstamos aqu\u00ed nosotros, las zapatista y los zapatistas gracias a que hubo compa\u00f1eras y compa\u00f1eros nuestros que calleron luchando en el amanecer de 1994 cuando salimos a pelear contra el mal gobierno\u00bb, expres\u00f3 el Subcomandante Insurgente Mois\u00e9s a su llegada a Viena a\u2026","rel":"","context":"En &quot;CINTILLO&quot;","block_context":{"text":"CINTILLO","link":"https:\/\/www.grieta.org.mx\/index.php\/category\/cintillo\/"},"img":{"alt_text":"","src":"https:\/\/i0.wp.com\/www.grieta.org.mx\/wp-content\/uploads\/2021\/09\/inbound4904877775943678593-660x330-1.jpg?resize=350%2C200&ssl=1","width":350,"height":200,"srcset":"https:\/\/i0.wp.com\/www.grieta.org.mx\/wp-content\/uploads\/2021\/09\/inbound4904877775943678593-660x330-1.jpg?resize=350%2C200&ssl=1 1x, https:\/\/i0.wp.com\/www.grieta.org.mx\/wp-content\/uploads\/2021\/09\/inbound4904877775943678593-660x330-1.jpg?resize=525%2C300&ssl=1 1.5x"},"classes":[]},{"id":59203,"url":"https:\/\/www.grieta.org.mx\/index.php\/2021\/05\/02\/subcomandante-moises-ninas-y-ninos-zapatistas-de-las-delegaciones-van-a-jugar-van-a-pintar-como-el-cayuco-que-se-esta-mandando-y-que-ellos-pintaron\/","url_meta":{"origin":3793,"position":5},"title":"Subcomandante Mois\u00e9s: Ni\u00f1as y ni\u00f1os zapatistas de las delegaciones \u201cvan a jugar, van a pintar, como el cayuco que se est\u00e1 mandando y que ellos pintaron\u201d","author":"Admin","date":"2 mayo, 2021","format":false,"excerpt":"Contribuci\u00f3n colaborativa de Medios Libres: Radio Pozol, \u00a1Compas Arriba!, Centro de Lengua y Cultura Zoque-Medios, Espoir Chiapas, Regeneraci\u00f3n Radio y fot\u00f3graf@s independientes. \u00a0 Isla Mujeres, Q.R., 2 de mayo de 2021. Desde el muelle, cuando miraba al horizonte alejarse el velero del Escuadr\u00f3n 421 en las aguas turquesas de Canc\u00fan,\u2026","rel":"","context":"En &quot;CINTILLO&quot;","block_context":{"text":"CINTILLO","link":"https:\/\/www.grieta.org.mx\/index.php\/category\/cintillo\/"},"img":{"alt_text":"","src":"https:\/\/i0.wp.com\/www.grieta.org.mx\/wp-content\/uploads\/2021\/05\/2021-05-02-at-20.02.58-1536x1023-700x466-1.jpeg?resize=350%2C200&ssl=1","width":350,"height":200,"srcset":"https:\/\/i0.wp.com\/www.grieta.org.mx\/wp-content\/uploads\/2021\/05\/2021-05-02-at-20.02.58-1536x1023-700x466-1.jpeg?resize=350%2C200&ssl=1 1x, https:\/\/i0.wp.com\/www.grieta.org.mx\/wp-content\/uploads\/2021\/05\/2021-05-02-at-20.02.58-1536x1023-700x466-1.jpeg?resize=525%2C300&ssl=1 1.5x, https:\/\/i0.wp.com\/www.grieta.org.mx\/wp-content\/uploads\/2021\/05\/2021-05-02-at-20.02.58-1536x1023-700x466-1.jpeg?resize=700%2C400&ssl=1 2x"},"classes":[]}],"_links":{"self":[{"href":"https:\/\/www.grieta.org.mx\/index.php\/wp-json\/wp\/v2\/posts\/3793","targetHints":{"allow":["GET"]}}],"collection":[{"href":"https:\/\/www.grieta.org.mx\/index.php\/wp-json\/wp\/v2\/posts"}],"about":[{"href":"https:\/\/www.grieta.org.mx\/index.php\/wp-json\/wp\/v2\/types\/post"}],"author":[{"embeddable":true,"href":"https:\/\/www.grieta.org.mx\/index.php\/wp-json\/wp\/v2\/users\/2"}],"replies":[{"embeddable":true,"href":"https:\/\/www.grieta.org.mx\/index.php\/wp-json\/wp\/v2\/comments?post=3793"}],"version-history":[{"count":1,"href":"https:\/\/www.grieta.org.mx\/index.php\/wp-json\/wp\/v2\/posts\/3793\/revisions"}],"predecessor-version":[{"id":3795,"href":"https:\/\/www.grieta.org.mx\/index.php\/wp-json\/wp\/v2\/posts\/3793\/revisions\/3795"}],"wp:featuredmedia":[{"embeddable":true,"href":"https:\/\/www.grieta.org.mx\/index.php\/wp-json\/wp\/v2\/media\/21928"}],"wp:attachment":[{"href":"https:\/\/www.grieta.org.mx\/index.php\/wp-json\/wp\/v2\/media?parent=3793"}],"wp:term":[{"taxonomy":"category","embeddable":true,"href":"https:\/\/www.grieta.org.mx\/index.php\/wp-json\/wp\/v2\/categories?post=3793"},{"taxonomy":"post_tag","embeddable":true,"href":"https:\/\/www.grieta.org.mx\/index.php\/wp-json\/wp\/v2\/tags?post=3793"}],"curies":[{"name":"wp","href":"https:\/\/api.w.org\/{rel}","templated":true}]}}