{"id":37730,"date":"2019-08-06T19:48:00","date_gmt":"2019-08-07T00:48:00","guid":{"rendered":"http:\/\/www.grieta.org.mx\/?p=37730"},"modified":"2019-08-09T19:57:57","modified_gmt":"2019-08-10T00:57:57","slug":"paro-estatal-del-sutsem-se-siente-en-bahia-de-banderas-nayarit","status":"publish","type":"post","link":"https:\/\/www.grieta.org.mx\/index.php\/2019\/08\/06\/paro-estatal-del-sutsem-se-siente-en-bahia-de-banderas-nayarit\/","title":{"rendered":"Paro estatal del SUTSEM se siente en Bah\u00eda de Banderas (Nayarit)"},"content":{"rendered":"<p><img loading=\"lazy\" decoding=\"async\" data-attachment-id=\"37731\" data-permalink=\"https:\/\/www.grieta.org.mx\/index.php\/2019\/08\/06\/paro-estatal-del-sutsem-se-siente-en-bahia-de-banderas-nayarit\/12y13bahia-2-2-700x500\/\" data-orig-file=\"https:\/\/www.grieta.org.mx\/wp-content\/uploads\/2019\/08\/12y13Bah\u00eda-2-2-700x500.jpg\" data-orig-size=\"700,500\" data-comments-opened=\"0\" data-image-meta=\"{&quot;aperture&quot;:&quot;0&quot;,&quot;credit&quot;:&quot;&quot;,&quot;camera&quot;:&quot;&quot;,&quot;caption&quot;:&quot;&quot;,&quot;created_timestamp&quot;:&quot;0&quot;,&quot;copyright&quot;:&quot;&quot;,&quot;focal_length&quot;:&quot;0&quot;,&quot;iso&quot;:&quot;0&quot;,&quot;shutter_speed&quot;:&quot;0&quot;,&quot;title&quot;:&quot;&quot;,&quot;orientation&quot;:&quot;0&quot;}\" data-image-title=\"12y13Bah\u00eda-2-2-700&amp;#215;500\" data-image-description=\"\" data-image-caption=\"\" data-medium-file=\"https:\/\/www.grieta.org.mx\/wp-content\/uploads\/2019\/08\/12y13Bah\u00eda-2-2-700x500-300x214.jpg\" data-large-file=\"https:\/\/www.grieta.org.mx\/wp-content\/uploads\/2019\/08\/12y13Bah\u00eda-2-2-700x500.jpg\" class=\" wp-image-37731 aligncenter\" src=\"http:\/\/www.grieta.org.mx\/wp-content\/uploads\/2019\/08\/12y13Bah\u00eda-2-2-700x500.jpg\" alt=\"\" width=\"800\" height=\"571\" srcset=\"https:\/\/www.grieta.org.mx\/wp-content\/uploads\/2019\/08\/12y13Bah\u00eda-2-2-700x500.jpg 700w, https:\/\/www.grieta.org.mx\/wp-content\/uploads\/2019\/08\/12y13Bah\u00eda-2-2-700x500-300x214.jpg 300w\" sizes=\"auto, (max-width: 800px) 100vw, 800px\" \/><\/p>\n<p>Foto: Tribuna de la Bah\u00eda<\/p>\n<p>Israel Torres \/ Tribuna de la Bah\u00eda<\/p>\n<p>Bah\u00eda de Banderas, Nay.- Este lunes desde las ocho de la ma\u00f1ana, m\u00e1s 100 trabajadores del d\u00e9cimo ayuntamiento de Bah\u00eda de Banderas, afiliados al SUTSEM (Sindicato \u00danico de Trabajadores al Servicio del Estado y Municipios) se manifestaron a las afueras de la presidencia municipal de Valle de Banderas, as\u00ed como de la Fiscal\u00eda del Estado y oficinas estatales, uni\u00e9ndose al paro estatal <strong>contra la llamada Ley burocr\u00e1tica.<\/strong><\/p>\n<p>Dicha ley fue aprobada el pasado 3 junio por el congreso de Nayarit y el sindicato asegura que viola sus derechos como trabajadores y que les quita todos los logros ganados por este sindicato, a trav\u00e9s de los a\u00f1os, por lo que de manera pac\u00edfica dejaron sus funciones para plantarse a las afueras de las dependencias.<\/p>\n<p><a href=\"http:\/\/www.tribunadelabahia.com.mx\/paro-estatal-del-sutsem-se-siente-en-bahia-de-banderas\/\">http:\/\/www.tribunadelabahia.com.mx\/paro-estatal-del-sutsem-se-siente-en-bahia-de-banderas\/<\/a><\/p>\n","protected":false},"excerpt":{"rendered":"<p>Foto: Tribuna de la Bah\u00eda Israel Torres \/ Tribuna de la Bah\u00eda Bah\u00eda de Banderas, Nay.- Este lunes desde las ocho de la ma\u00f1ana, m\u00e1s 100 trabajadores del d\u00e9cimo ayuntamiento &hellip; <a href=\"https:\/\/www.grieta.org.mx\/index.php\/2019\/08\/06\/paro-estatal-del-sutsem-se-siente-en-bahia-de-banderas-nayarit\/\" class=\"more-link\">Leer m\u00e1s<\/a><\/p>\n","protected":false},"author":2,"featured_media":37731,"comment_status":"closed","ping_status":"closed","sticky":false,"template":"","format":"standard","meta":{"ngg_post_thumbnail":0,"_jetpack_newsletter_access":"","_jetpack_dont_email_post_to_subs":false,"_jetpack_newsletter_tier_id":0,"_jetpack_memberships_contains_paywalled_content":false,"_jetpack_memberships_contains_paid_content":false,"footnotes":""},"categories":[80,1122,23,2],"tags":[105,1687,1117],"class_list":["post-37730","post","type-post","status-publish","format-standard","has-post-thumbnail","hentry","category-cintillo","category-conflictos-laborales-en-nayarit","category-nayarit","category-noticias-nacionales","tag-derechos-laborales","tag-paros-laborales","tag-violacion-de-derechos-laborales","entry"],"jetpack_featured_media_url":"https:\/\/www.grieta.org.mx\/wp-content\/uploads\/2019\/08\/12y13Bah\u00eda-2-2-700x500.jpg","jetpack_sharing_enabled":true,"jetpack_shortlink":"https:\/\/wp.me\/p7ZJR4-9Oy","jetpack_likes_enabled":false,"jetpack-related-posts":[{"id":64423,"url":"https:\/\/www.grieta.org.mx\/index.php\/2022\/06\/07\/ley-navarro-atropella-los-derechos-de-los-trabajadores-nayarit\/","url_meta":{"origin":37730,"position":0},"title":"Ley Navarro atropella los derechos de los trabajadores (Nayarit)","author":"grieta","date":"7 junio, 2022","format":false,"excerpt":"Imagen: Tribuna de la Bah\u00eda Isrrael Torres \/ Tribuna de la Bah\u00eda El Sindicato \u00danico de Trabajadores al Servicio de los Poderes del Estado, Municipios e Instituciones Descentralizadas de Car\u00e1cter Estatal de Nayarit (SUTSEM) sigue descalificando y oponi\u00e9ndose a \u00a0la Ley de Derecho y Justicia Laboral, aprobada el pasado 26\u2026","rel":"","context":"En &quot;CINTILLO&quot;","block_context":{"text":"CINTILLO","link":"https:\/\/www.grieta.org.mx\/index.php\/category\/cintillo\/"},"img":{"alt_text":"","src":"https:\/\/i0.wp.com\/www.grieta.org.mx\/wp-content\/uploads\/2022\/06\/trabajadores-y-sindicato-cover.jpg?resize=350%2C200&ssl=1","width":350,"height":200,"srcset":"https:\/\/i0.wp.com\/www.grieta.org.mx\/wp-content\/uploads\/2022\/06\/trabajadores-y-sindicato-cover.jpg?resize=350%2C200&ssl=1 1x, https:\/\/i0.wp.com\/www.grieta.org.mx\/wp-content\/uploads\/2022\/06\/trabajadores-y-sindicato-cover.jpg?resize=525%2C300&ssl=1 1.5x, https:\/\/i0.wp.com\/www.grieta.org.mx\/wp-content\/uploads\/2022\/06\/trabajadores-y-sindicato-cover.jpg?resize=700%2C400&ssl=1 2x"},"classes":[]},{"id":40631,"url":"https:\/\/www.grieta.org.mx\/index.php\/2019\/09\/11\/bahia-primer-lugar-en-suicidios-en-nayarit\/","url_meta":{"origin":37730,"position":1},"title":"Bah\u00eda, primer lugar en suicidios en Nayarit","author":"grieta","date":"11 septiembre, 2019","format":false,"excerpt":"Foto: Tribuna de la Bah\u00eda Israel Torres \/ Tribuna de la Bahia Bah\u00eda de Banderas, Nay.- En el marco del D\u00eda Mundial de la Salud Mental, las cifras son alarmantes, el municipio Bah\u00eda de Banderas, pas\u00f3 de ser el segundo lugar en suicidios \u2013despu\u00e9s de Tepic\u2013, al primer lugar en\u2026","rel":"","context":"En &quot;CINTILLO&quot;","block_context":{"text":"CINTILLO","link":"https:\/\/www.grieta.org.mx\/index.php\/category\/cintillo\/"},"img":{"alt_text":"","src":"https:\/\/i0.wp.com\/www.grieta.org.mx\/wp-content\/uploads\/2019\/10\/Sin-t%C3%ADtulo-1-34.gif?resize=350%2C200&ssl=1","width":350,"height":200,"srcset":"https:\/\/i0.wp.com\/www.grieta.org.mx\/wp-content\/uploads\/2019\/10\/Sin-t%C3%ADtulo-1-34.gif?resize=350%2C200&ssl=1 1x, https:\/\/i0.wp.com\/www.grieta.org.mx\/wp-content\/uploads\/2019\/10\/Sin-t%C3%ADtulo-1-34.gif?resize=525%2C300&ssl=1 1.5x, https:\/\/i0.wp.com\/www.grieta.org.mx\/wp-content\/uploads\/2019\/10\/Sin-t%C3%ADtulo-1-34.gif?resize=700%2C400&ssl=1 2x"},"classes":[]},{"id":57662,"url":"https:\/\/www.grieta.org.mx\/index.php\/2021\/03\/08\/no-nos-felicites-unete-mujeres-de-bahia-de-banderas-se-manifiestan\/","url_meta":{"origin":37730,"position":2},"title":"&#8220;No nos felicites, \u00fanete&#8221; mujeres de Bah\u00eda de Banderas se manifiestan (Nayarit)","author":"grieta","date":"8 marzo, 2021","format":false,"excerpt":"Foto: Tribuna de la Bah\u00eda Alberto Garc\u00eda \/ Tribuna de la Bah\u00eda Poco m\u00e1s de medio centenar de mujeres se reunieron en la plaza principal de San Vicente, Nayarit para hacer una marcha conmemorativa por el\u00a0D\u00eda Internacional de la Mujer. Portando pancartas alusivas a lograr una sociedad libre de agresi\u00f3n\u2026","rel":"","context":"En &quot;CINTILLO&quot;","block_context":{"text":"CINTILLO","link":"https:\/\/www.grieta.org.mx\/index.php\/category\/cintillo\/"},"img":{"alt_text":"","src":"https:\/\/i0.wp.com\/www.grieta.org.mx\/wp-content\/uploads\/2021\/03\/uYlxXbXetkhUf5ry0nFpShaTaYvuVRCA6NhGMwna-portada.jpg?resize=350%2C200&ssl=1","width":350,"height":200,"srcset":"https:\/\/i0.wp.com\/www.grieta.org.mx\/wp-content\/uploads\/2021\/03\/uYlxXbXetkhUf5ry0nFpShaTaYvuVRCA6NhGMwna-portada.jpg?resize=350%2C200&ssl=1 1x, https:\/\/i0.wp.com\/www.grieta.org.mx\/wp-content\/uploads\/2021\/03\/uYlxXbXetkhUf5ry0nFpShaTaYvuVRCA6NhGMwna-portada.jpg?resize=525%2C300&ssl=1 1.5x, https:\/\/i0.wp.com\/www.grieta.org.mx\/wp-content\/uploads\/2021\/03\/uYlxXbXetkhUf5ry0nFpShaTaYvuVRCA6NhGMwna-portada.jpg?resize=700%2C400&ssl=1 2x"},"classes":[]},{"id":47171,"url":"https:\/\/www.grieta.org.mx\/index.php\/2020\/04\/01\/realizan-despidos-masivos-de-trabajadores-vallartenses-nayarit\/","url_meta":{"origin":37730,"position":3},"title":"Realizan despidos masivos de trabajadores vallartenses (Nayarit)","author":"grieta","date":"1 abril, 2020","format":false,"excerpt":"Foto: Cortes\u00eda Javier Fr\u00edas \/ UDGTV Al menos 50 trabajadores del Grupo Vidanta, ubicado en el municipio de Bah\u00eda de Banderas, Nayarit,\u00a0fueron despedidos sin previo aviso y sin una explicaci\u00f3n\u00a0acerca de qu\u00e9 pasar\u00e1 con ellos. El grupo de personas, en su mayor\u00eda habitantes de Puerto Vallarta que se trasladan diariamente\u2026","rel":"","context":"En &quot;CINTILLO&quot;","block_context":{"text":"CINTILLO","link":"https:\/\/www.grieta.org.mx\/index.php\/category\/cintillo\/"},"img":{"alt_text":"","src":"https:\/\/i0.wp.com\/www.grieta.org.mx\/wp-content\/uploads\/2020\/04\/WhatsApp-Image-2020-04-01-at-16.54.05-696x522.jpeg?resize=350%2C200&ssl=1","width":350,"height":200,"srcset":"https:\/\/i0.wp.com\/www.grieta.org.mx\/wp-content\/uploads\/2020\/04\/WhatsApp-Image-2020-04-01-at-16.54.05-696x522.jpeg?resize=350%2C200&ssl=1 1x, https:\/\/i0.wp.com\/www.grieta.org.mx\/wp-content\/uploads\/2020\/04\/WhatsApp-Image-2020-04-01-at-16.54.05-696x522.jpeg?resize=525%2C300&ssl=1 1.5x"},"classes":[]},{"id":67260,"url":"https:\/\/www.grieta.org.mx\/index.php\/2023\/07\/27\/madres-buscadores-recorren-bahia-de-banderas-en-busca-de-sus-hijos-nayarit\/","url_meta":{"origin":37730,"position":4},"title":"Madres buscadores recorren Bah\u00eda de Banderas en busca de sus hijos (Nayarit)","author":"grieta","date":"27 julio, 2023","format":false,"excerpt":"Imagen: Tomada de la Red Israel Torres \/ Tribuna de la Bah\u00eda Durante esta semana madres buscadoras se ha internado en rincones del municipio de Bah\u00eda de Banderas en la b\u00fasqueda de rastros que lleven a la localizaci\u00f3n de sus hijos y familiares. Este mi\u00e9rcoles y jueves el grupo recorri\u00f3\u2026","rel":"","context":"En &quot;CINTILLO&quot;","block_context":{"text":"CINTILLO","link":"https:\/\/www.grieta.org.mx\/index.php\/category\/cintillo\/"},"img":{"alt_text":"","src":"https:\/\/i0.wp.com\/www.grieta.org.mx\/wp-content\/uploads\/2023\/07\/48694562_303.jpg?resize=350%2C200&ssl=1","width":350,"height":200,"srcset":"https:\/\/i0.wp.com\/www.grieta.org.mx\/wp-content\/uploads\/2023\/07\/48694562_303.jpg?resize=350%2C200&ssl=1 1x, https:\/\/i0.wp.com\/www.grieta.org.mx\/wp-content\/uploads\/2023\/07\/48694562_303.jpg?resize=525%2C300&ssl=1 1.5x, https:\/\/i0.wp.com\/www.grieta.org.mx\/wp-content\/uploads\/2023\/07\/48694562_303.jpg?resize=700%2C400&ssl=1 2x"},"classes":[]},{"id":3755,"url":"https:\/\/www.grieta.org.mx\/index.php\/2015\/07\/07\/profesores-de-bahia-de-banderas-se-unen-a-las-protestas-a-nivel-nacional\/","url_meta":{"origin":37730,"position":5},"title":"Profesores de Bah\u00eda de Banderas se unen a las protestas a nivel nacional","author":"grieta","date":"7 julio, 2015","format":false,"excerpt":"Independiente Mezcales, Nayarit.- Maestros de escuelas primarias provenientes de Bah\u00eda de Banderas se manifestaron este martes en el crucero de Mezcales y Boulevard Riviera Nayarit. La finalidad seg\u00fan explicaban es hacer conciencia entre los padres de familia, de los da\u00f1os econ\u00f3micos que ocasionar\u00e1 la Reforma Educativa, impulsada por el presidente\u2026","rel":"","context":"En &quot;CINTILLO&quot;","block_context":{"text":"CINTILLO","link":"https:\/\/www.grieta.org.mx\/index.php\/category\/cintillo\/"},"img":{"alt_text":"","src":"https:\/\/i0.wp.com\/www.grieta.org.mx\/wp-content\/uploads\/2018\/03\/14524434_1106112876131411_958039263622046936_o.jpg?resize=350%2C200&ssl=1","width":350,"height":200,"srcset":"https:\/\/i0.wp.com\/www.grieta.org.mx\/wp-content\/uploads\/2018\/03\/14524434_1106112876131411_958039263622046936_o.jpg?resize=350%2C200&ssl=1 1x, https:\/\/i0.wp.com\/www.grieta.org.mx\/wp-content\/uploads\/2018\/03\/14524434_1106112876131411_958039263622046936_o.jpg?resize=525%2C300&ssl=1 1.5x, https:\/\/i0.wp.com\/www.grieta.org.mx\/wp-content\/uploads\/2018\/03\/14524434_1106112876131411_958039263622046936_o.jpg?resize=700%2C400&ssl=1 2x"},"classes":[]}],"_links":{"self":[{"href":"https:\/\/www.grieta.org.mx\/index.php\/wp-json\/wp\/v2\/posts\/37730","targetHints":{"allow":["GET"]}}],"collection":[{"href":"https:\/\/www.grieta.org.mx\/index.php\/wp-json\/wp\/v2\/posts"}],"about":[{"href":"https:\/\/www.grieta.org.mx\/index.php\/wp-json\/wp\/v2\/types\/post"}],"author":[{"embeddable":true,"href":"https:\/\/www.grieta.org.mx\/index.php\/wp-json\/wp\/v2\/users\/2"}],"replies":[{"embeddable":true,"href":"https:\/\/www.grieta.org.mx\/index.php\/wp-json\/wp\/v2\/comments?post=37730"}],"version-history":[{"count":1,"href":"https:\/\/www.grieta.org.mx\/index.php\/wp-json\/wp\/v2\/posts\/37730\/revisions"}],"predecessor-version":[{"id":37732,"href":"https:\/\/www.grieta.org.mx\/index.php\/wp-json\/wp\/v2\/posts\/37730\/revisions\/37732"}],"wp:featuredmedia":[{"embeddable":true,"href":"https:\/\/www.grieta.org.mx\/index.php\/wp-json\/wp\/v2\/media\/37731"}],"wp:attachment":[{"href":"https:\/\/www.grieta.org.mx\/index.php\/wp-json\/wp\/v2\/media?parent=37730"}],"wp:term":[{"taxonomy":"category","embeddable":true,"href":"https:\/\/www.grieta.org.mx\/index.php\/wp-json\/wp\/v2\/categories?post=37730"},{"taxonomy":"post_tag","embeddable":true,"href":"https:\/\/www.grieta.org.mx\/index.php\/wp-json\/wp\/v2\/tags?post=37730"}],"curies":[{"name":"wp","href":"https:\/\/api.w.org\/{rel}","templated":true}]}}