{"id":37682,"date":"2019-07-11T06:36:24","date_gmt":"2019-07-11T11:36:24","guid":{"rendered":"http:\/\/www.grieta.org.mx\/?p=37682"},"modified":"2019-08-09T06:49:11","modified_gmt":"2019-08-09T11:49:11","slug":"jornaleros-olvidados-por-el-estado-zacatecas","status":"publish","type":"post","link":"https:\/\/www.grieta.org.mx\/index.php\/2019\/07\/11\/jornaleros-olvidados-por-el-estado-zacatecas\/","title":{"rendered":"Jornaleros, olvidados por el estado (Zacatecas)"},"content":{"rendered":"<figure id=\"attachment_37683\" aria-describedby=\"caption-attachment-37683\" style=\"width: 800px\" class=\"wp-caption aligncenter\"><img loading=\"lazy\" decoding=\"async\" data-attachment-id=\"37683\" data-permalink=\"https:\/\/www.grieta.org.mx\/index.php\/2019\/07\/11\/jornaleros-olvidados-por-el-estado-zacatecas\/jornaleros-11-1000x600\/\" data-orig-file=\"https:\/\/www.grieta.org.mx\/wp-content\/uploads\/2019\/08\/jornaleros-11-1000x600.jpg\" data-orig-size=\"1000,600\" data-comments-opened=\"0\" data-image-meta=\"{&quot;aperture&quot;:&quot;0&quot;,&quot;credit&quot;:&quot;&quot;,&quot;camera&quot;:&quot;&quot;,&quot;caption&quot;:&quot;&quot;,&quot;created_timestamp&quot;:&quot;0&quot;,&quot;copyright&quot;:&quot;&quot;,&quot;focal_length&quot;:&quot;0&quot;,&quot;iso&quot;:&quot;0&quot;,&quot;shutter_speed&quot;:&quot;0&quot;,&quot;title&quot;:&quot;&quot;,&quot;orientation&quot;:&quot;0&quot;}\" data-image-title=\"jornaleros-11-1000&amp;#215;600\" data-image-description=\"\" data-image-caption=\"&lt;p&gt;Foto: NTR Zacatecas&lt;\/p&gt;\n\" data-medium-file=\"https:\/\/www.grieta.org.mx\/wp-content\/uploads\/2019\/08\/jornaleros-11-1000x600-300x180.jpg\" data-large-file=\"https:\/\/www.grieta.org.mx\/wp-content\/uploads\/2019\/08\/jornaleros-11-1000x600.jpg\" class=\"wp-image-37683\" src=\"http:\/\/www.grieta.org.mx\/wp-content\/uploads\/2019\/08\/jornaleros-11-1000x600.jpg\" alt=\"\" width=\"800\" height=\"480\" srcset=\"https:\/\/www.grieta.org.mx\/wp-content\/uploads\/2019\/08\/jornaleros-11-1000x600.jpg 1000w, https:\/\/www.grieta.org.mx\/wp-content\/uploads\/2019\/08\/jornaleros-11-1000x600-300x180.jpg 300w, https:\/\/www.grieta.org.mx\/wp-content\/uploads\/2019\/08\/jornaleros-11-1000x600-768x461.jpg 768w, https:\/\/www.grieta.org.mx\/wp-content\/uploads\/2019\/08\/jornaleros-11-1000x600-833x500.jpg 833w\" sizes=\"auto, (max-width: 800px) 100vw, 800px\" \/><figcaption id=\"caption-attachment-37683\" class=\"wp-caption-text\">Foto: NTR Zacatecas<\/figcaption><\/figure>\n<p>SILVIA ALVARADO | NTRZACATECAS.COM, 11 de julio de 2019<\/p>\n<p>Zacatecas.- Autoridades estatales son omisas en la elaboraci\u00f3n de un censo de jornaleros agr\u00edcolas e ignoraron los derechos de los trabajadores e infantes que pasan hasta 11 once horas en las cosechas, siendo Fresnillo y Villa de Cos donde se concentra el 85 por ciento de ellos.<\/p>\n<p>De acuerdo con el \u00faltimo estudio realizado en 2011 por la Unidad Acad\u00e9mica de Econom\u00eda de la Benem\u00e9rita Universidad Aut\u00f3noma de Zacatecas (BUAZ), e incluido en el Plan Estatal de Desarrollo 2017\u2013021, entre ambos municipios hab\u00eda seis mil 200 jornaleros en la temporada que va de abril a agosto.<\/p>\n<p>Dicho an\u00e1lisis realizado hace ocho a\u00f1os, reflej\u00f3 que R\u00edo Florido, San Jos\u00e9 de Lourdes, San Gabriel y el Salto, en Fresnillo, as\u00ed como Ba\u00f1\u00f3n y Chaparrosa, Villa de Cos, tienen a m\u00e1s de 80 por ciento de familias nucleares (padre, madre e hijos) y extensas (t\u00edos, primos y abuelos).<\/p>\n<p>El resto se ubica en Cuauht\u00e9moc, Ojocaliente, Luis Moya, Calera de V\u00edctor Rosales, Noria de \u00c1ngeles, Loreto, Villa Hidalgo y Ojocaliente.<\/p>\n<p>Provenientes de Guerrero, Oaxaca, Michoac\u00e1n, Sinaloa y Jalisco, son en su mayor\u00eda de etnia huicholes y Tepehuana, quienes desde los ocho hasta los 41 a\u00f1os se dedican a la pizca de chile, tomatillo, ajo, lechuga, zanahoria, cebolla y uva.<\/p>\n<p>Fueron los propios peones quienes evidenciaron ser v\u00edctimas de abusos, sin que haya intervenci\u00f3n de autoridades que constanten las condiciones de trabajo y los doten de servicios de salud, educaci\u00f3n y alimentaci\u00f3n.<\/p>\n<p>Relataron que la labor inicia desde las siete de la ma\u00f1ana hasta pasadas las 17 horas, por lo que se ven obligados a hacer aproximadamente de 22 a 60 botes (19 litros) que les son pagados desde tres hasta cuatro pesos, incluyendo el arrastre.<\/p>\n<p>La \u201ctarea\u201d a cumplir es llenar un cami\u00f3n de 15 toneladas por el que se establece un salario y, con suerte, realizar entre los jornaleros de dos a tres tareas por d\u00eda.<\/p>\n<p>Desde bodegas hasta corrales son adaptados por sus patrones como cuartos donde permanecen hasta 10 familias desde abril hasta septiembre, algunos de ellos con servicios b\u00e1sicos como luz y agua.<\/p>\n<p>Se\u00f1alaron a los llamados enganchadores como quienes act\u00faan de manera desfavorable, \u201cdesinform\u00e1ndolos\u201d sobre las condiciones de vivienda y el trabajo a desempe\u00f1ar<\/p>\n<p>Los ni\u00f1os, aunque aseguran, son del total desinter\u00e9s para sus jefes, para ellos como familia representan un ingreso m\u00e1s, por lo que no es opci\u00f3n mandarlos a la escuela.<\/p>\n","protected":false},"excerpt":{"rendered":"<p>SILVIA ALVARADO | NTRZACATECAS.COM, 11 de julio de 2019 Zacatecas.- Autoridades estatales son omisas en la elaboraci\u00f3n de un censo de jornaleros agr\u00edcolas e ignoraron los derechos de los trabajadores &hellip; <a href=\"https:\/\/www.grieta.org.mx\/index.php\/2019\/07\/11\/jornaleros-olvidados-por-el-estado-zacatecas\/\" class=\"more-link\">Leer m\u00e1s<\/a><\/p>\n","protected":false},"author":2,"featured_media":37683,"comment_status":"closed","ping_status":"closed","sticky":false,"template":"","format":"standard","meta":{"ngg_post_thumbnail":0,"_jetpack_newsletter_access":"","_jetpack_dont_email_post_to_subs":false,"_jetpack_newsletter_tier_id":0,"_jetpack_memberships_contains_paywalled_content":false,"_jetpack_memberships_contains_paid_content":false,"footnotes":""},"categories":[80,85,369,1508,76],"tags":[2794,1056],"class_list":["post-37682","post","type-post","status-publish","format-standard","has-post-thumbnail","hentry","category-cintillo","category-jornaleros","category-jornaleros-analisis","category-jornaleros-en-zacatecas","category-zacatecas","tag-jornaleros-agricolas","tag-lucha-de-jornaleros","entry"],"jetpack_featured_media_url":"https:\/\/www.grieta.org.mx\/wp-content\/uploads\/2019\/08\/jornaleros-11-1000x600.jpg","jetpack_sharing_enabled":true,"jetpack_shortlink":"https:\/\/wp.me\/p7ZJR4-9NM","jetpack_likes_enabled":false,"jetpack-related-posts":[{"id":16495,"url":"https:\/\/www.grieta.org.mx\/index.php\/2016\/07\/01\/fallece-hija-de-jornaleros-en-fresnillo\/","url_meta":{"origin":37682,"position":0},"title":"Fallece hija de jornaleros en Fresnillo","author":"grieta","date":"1 julio, 2016","format":false,"excerpt":"STAFF\/NTRZACATECAS.COM Fresnillo. \u2013 A las 2 horas de este jueves se registr\u00f3 la primera muerte del a\u00f1o de un infante cuyos padres son jornaleros. Se trata de una ni\u00f1a de 3 meses quien perdi\u00f3 la vida al sufrir bronco aspiraci\u00f3n. Los progenitores son jornaleros del Estado de Guerrero, pero trabajan\u2026","rel":"","context":"En &quot;CINTILLO&quot;","block_context":{"text":"CINTILLO","link":"https:\/\/www.grieta.org.mx\/index.php\/category\/cintillo\/"},"img":{"alt_text":"","src":"https:\/\/i0.wp.com\/www.grieta.org.mx\/wp-content\/uploads\/2018\/03\/14524434_1106112876131411_958039263622046936_o.jpg?resize=350%2C200&ssl=1","width":350,"height":200,"srcset":"https:\/\/i0.wp.com\/www.grieta.org.mx\/wp-content\/uploads\/2018\/03\/14524434_1106112876131411_958039263622046936_o.jpg?resize=350%2C200&ssl=1 1x, https:\/\/i0.wp.com\/www.grieta.org.mx\/wp-content\/uploads\/2018\/03\/14524434_1106112876131411_958039263622046936_o.jpg?resize=525%2C300&ssl=1 1.5x, https:\/\/i0.wp.com\/www.grieta.org.mx\/wp-content\/uploads\/2018\/03\/14524434_1106112876131411_958039263622046936_o.jpg?resize=700%2C400&ssl=1 2x"},"classes":[]},{"id":16508,"url":"https:\/\/www.grieta.org.mx\/index.php\/2014\/07\/15\/excluyen-a-ninos-jornaleros-de-programa-del-dif\/","url_meta":{"origin":37682,"position":1},"title":"Excluyen a ni\u00f1os jornaleros de programa del DIF","author":"grieta","date":"15 julio, 2014","format":false,"excerpt":"Alejandra L\u00f3pez | ntrzacatecas.com Fresnillo.- De acuerdo con las reglas de operaci\u00f3n del Programa Trabajo Infantil del DIF, no se contempla beneficiar a los menores jornaleros agr\u00edcolas. Adriana Troncoso, titular de este programa en el DIF municipal, consider\u00f3 que es importante que sean tomados en cuenta, pero no pueden hacerlo,\u2026","rel":"","context":"En &quot;CINTILLO&quot;","block_context":{"text":"CINTILLO","link":"https:\/\/www.grieta.org.mx\/index.php\/category\/cintillo\/"},"img":{"alt_text":"","src":"https:\/\/i0.wp.com\/www.grieta.org.mx\/wp-content\/uploads\/2018\/03\/14524434_1106112876131411_958039263622046936_o.jpg?resize=350%2C200&ssl=1","width":350,"height":200,"srcset":"https:\/\/i0.wp.com\/www.grieta.org.mx\/wp-content\/uploads\/2018\/03\/14524434_1106112876131411_958039263622046936_o.jpg?resize=350%2C200&ssl=1 1x, https:\/\/i0.wp.com\/www.grieta.org.mx\/wp-content\/uploads\/2018\/03\/14524434_1106112876131411_958039263622046936_o.jpg?resize=525%2C300&ssl=1 1.5x, https:\/\/i0.wp.com\/www.grieta.org.mx\/wp-content\/uploads\/2018\/03\/14524434_1106112876131411_958039263622046936_o.jpg?resize=700%2C400&ssl=1 2x"},"classes":[]},{"id":20035,"url":"https:\/\/www.grieta.org.mx\/index.php\/2016\/07\/24\/ninos-jornaleros-los-mas-afectados-por-falta-de-higiene\/","url_meta":{"origin":37682,"position":2},"title":"Ni\u00f1os jornaleros, los m\u00e1s afectados por falta de higiene","author":"grieta","date":"24 julio, 2016","format":false,"excerpt":"FRANZELY REYNA | NTRZACATECAS.COM Zacatecas.- Al comenzar esta temporada de siembra, llegaron al estado mil 87 jornaleros de otras partes del pa\u00eds, de los cuales 40 por ciento son menores de edad y muchos de ellos sufren constantes padecimientos gastrointestinales. Juan Antonio Mart\u00ednez Moreno, responsable del Programa Promoci\u00f3n a la\u2026","rel":"","context":"En &quot;CINTILLO&quot;","block_context":{"text":"CINTILLO","link":"https:\/\/www.grieta.org.mx\/index.php\/category\/cintillo\/"},"img":{"alt_text":"","src":"https:\/\/i0.wp.com\/www.grieta.org.mx\/wp-content\/uploads\/2016\/07\/n1.jpg?resize=350%2C200&ssl=1","width":350,"height":200,"srcset":"https:\/\/i0.wp.com\/www.grieta.org.mx\/wp-content\/uploads\/2016\/07\/n1.jpg?resize=350%2C200&ssl=1 1x, https:\/\/i0.wp.com\/www.grieta.org.mx\/wp-content\/uploads\/2016\/07\/n1.jpg?resize=525%2C300&ssl=1 1.5x, https:\/\/i0.wp.com\/www.grieta.org.mx\/wp-content\/uploads\/2016\/07\/n1.jpg?resize=700%2C400&ssl=1 2x"},"classes":[]},{"id":16499,"url":"https:\/\/www.grieta.org.mx\/index.php\/2015\/03\/25\/fresnillo-foco-rojo-para-jornaleros-agricolas-secretaria-del-trabajo\/","url_meta":{"origin":37682,"position":3},"title":"Fresnillo \u201cfoco rojo\u201d para jornaleros agr\u00edcolas: Secretar\u00eda del Trabajo","author":"grieta","date":"25 marzo, 2015","format":false,"excerpt":"Por: RAQUEL OLLAQUINDIA marzo 25, 2015 ? Fresnillo es un \u201cfoco rojo\u201d para este tipo de trabajadores, advierte Gilberto Zapata ? En El Mineral tienen dif\u00edciles condiciones laborales y de vivienda; hay presencia del crimen El delegado de la Secretar\u00eda del Trabajo y Previsi\u00f3n Social (STPS) en Zacatecas, Gilberto Zapata\u2026","rel":"","context":"En &quot;CINTILLO&quot;","block_context":{"text":"CINTILLO","link":"https:\/\/www.grieta.org.mx\/index.php\/category\/cintillo\/"},"img":{"alt_text":"","src":"https:\/\/i0.wp.com\/www.grieta.org.mx\/wp-content\/uploads\/2018\/03\/14524434_1106112876131411_958039263622046936_o.jpg?resize=350%2C200&ssl=1","width":350,"height":200,"srcset":"https:\/\/i0.wp.com\/www.grieta.org.mx\/wp-content\/uploads\/2018\/03\/14524434_1106112876131411_958039263622046936_o.jpg?resize=350%2C200&ssl=1 1x, https:\/\/i0.wp.com\/www.grieta.org.mx\/wp-content\/uploads\/2018\/03\/14524434_1106112876131411_958039263622046936_o.jpg?resize=525%2C300&ssl=1 1.5x, https:\/\/i0.wp.com\/www.grieta.org.mx\/wp-content\/uploads\/2018\/03\/14524434_1106112876131411_958039263622046936_o.jpg?resize=700%2C400&ssl=1 2x"},"classes":[]},{"id":62874,"url":"https:\/\/www.grieta.org.mx\/index.php\/2021\/09\/01\/jornaleros-agricolas-de-los-mas-vulnerados-ante-covid-19\/","url_meta":{"origin":37682,"position":4},"title":"Jornaleros agr\u00edcolas, de los m\u00e1s vulnerados ante Covid-19","author":"grieta","date":"1 septiembre, 2021","format":false,"excerpt":"\u00c9rika Ram\u00edrez -Contar\u00f1inea, 01 Sep 2021 La Red Nacional de Jornaleros y Jornaleras Agr\u00edcolas (REJJA), con presencia en Chiapas, Oaxaca, Guerrero, Ciudad de M\u00e9xico, Morelos, San Luis Potos\u00ed, Guanajuato, Sinaloa y Sonora, alert\u00f3 que este grupo de campesinos migrantes se enfrentan \u201ca una serie de situaciones que han vulnerado a\u00fan\u2026","rel":"","context":"En &quot;Aguascalientes&quot;","block_context":{"text":"Aguascalientes","link":"https:\/\/www.grieta.org.mx\/index.php\/category\/noticias-nacionales\/aguascalientes\/"},"img":{"alt_text":"","src":"https:\/\/i0.wp.com\/www.grieta.org.mx\/wp-content\/uploads\/2021\/12\/Captura-de-pantalla-2021-12-16-a-las-10.23.42.png?resize=350%2C200&ssl=1","width":350,"height":200,"srcset":"https:\/\/i0.wp.com\/www.grieta.org.mx\/wp-content\/uploads\/2021\/12\/Captura-de-pantalla-2021-12-16-a-las-10.23.42.png?resize=350%2C200&ssl=1 1x, https:\/\/i0.wp.com\/www.grieta.org.mx\/wp-content\/uploads\/2021\/12\/Captura-de-pantalla-2021-12-16-a-las-10.23.42.png?resize=525%2C300&ssl=1 1.5x, https:\/\/i0.wp.com\/www.grieta.org.mx\/wp-content\/uploads\/2021\/12\/Captura-de-pantalla-2021-12-16-a-las-10.23.42.png?resize=700%2C400&ssl=1 2x, https:\/\/i0.wp.com\/www.grieta.org.mx\/wp-content\/uploads\/2021\/12\/Captura-de-pantalla-2021-12-16-a-las-10.23.42.png?resize=1050%2C600&ssl=1 3x, https:\/\/i0.wp.com\/www.grieta.org.mx\/wp-content\/uploads\/2021\/12\/Captura-de-pantalla-2021-12-16-a-las-10.23.42.png?resize=1400%2C800&ssl=1 4x"},"classes":[]},{"id":16493,"url":"https:\/\/www.grieta.org.mx\/index.php\/2016\/05\/18\/fresnillo-principal-destino-de-jornaleros\/","url_meta":{"origin":37682,"position":5},"title":"Fresnillo, principal destino de jornaleros","author":"grieta","date":"18 mayo, 2016","format":false,"excerpt":"GILBERTO CRESPO | NTRZACATECAS.COM Fresnillo.- Fresnillo es el municipio, de los 58 del estado, que emplea a la mayor cifra de jornaleros agr\u00edcolas, quienes viajan desde distintos estados de la Rep\u00fablica Mexicana en busca de trabajo. El Mineral es considerado dentro de las 10 zonas del pa\u00eds que m\u00e1s oportunidades\u2026","rel":"","context":"En &quot;CINTILLO&quot;","block_context":{"text":"CINTILLO","link":"https:\/\/www.grieta.org.mx\/index.php\/category\/cintillo\/"},"img":{"alt_text":"","src":"https:\/\/i0.wp.com\/www.grieta.org.mx\/wp-content\/uploads\/2018\/03\/14524434_1106112876131411_958039263622046936_o.jpg?resize=350%2C200&ssl=1","width":350,"height":200,"srcset":"https:\/\/i0.wp.com\/www.grieta.org.mx\/wp-content\/uploads\/2018\/03\/14524434_1106112876131411_958039263622046936_o.jpg?resize=350%2C200&ssl=1 1x, https:\/\/i0.wp.com\/www.grieta.org.mx\/wp-content\/uploads\/2018\/03\/14524434_1106112876131411_958039263622046936_o.jpg?resize=525%2C300&ssl=1 1.5x, https:\/\/i0.wp.com\/www.grieta.org.mx\/wp-content\/uploads\/2018\/03\/14524434_1106112876131411_958039263622046936_o.jpg?resize=700%2C400&ssl=1 2x"},"classes":[]}],"_links":{"self":[{"href":"https:\/\/www.grieta.org.mx\/index.php\/wp-json\/wp\/v2\/posts\/37682","targetHints":{"allow":["GET"]}}],"collection":[{"href":"https:\/\/www.grieta.org.mx\/index.php\/wp-json\/wp\/v2\/posts"}],"about":[{"href":"https:\/\/www.grieta.org.mx\/index.php\/wp-json\/wp\/v2\/types\/post"}],"author":[{"embeddable":true,"href":"https:\/\/www.grieta.org.mx\/index.php\/wp-json\/wp\/v2\/users\/2"}],"replies":[{"embeddable":true,"href":"https:\/\/www.grieta.org.mx\/index.php\/wp-json\/wp\/v2\/comments?post=37682"}],"version-history":[{"count":1,"href":"https:\/\/www.grieta.org.mx\/index.php\/wp-json\/wp\/v2\/posts\/37682\/revisions"}],"predecessor-version":[{"id":37684,"href":"https:\/\/www.grieta.org.mx\/index.php\/wp-json\/wp\/v2\/posts\/37682\/revisions\/37684"}],"wp:featuredmedia":[{"embeddable":true,"href":"https:\/\/www.grieta.org.mx\/index.php\/wp-json\/wp\/v2\/media\/37683"}],"wp:attachment":[{"href":"https:\/\/www.grieta.org.mx\/index.php\/wp-json\/wp\/v2\/media?parent=37682"}],"wp:term":[{"taxonomy":"category","embeddable":true,"href":"https:\/\/www.grieta.org.mx\/index.php\/wp-json\/wp\/v2\/categories?post=37682"},{"taxonomy":"post_tag","embeddable":true,"href":"https:\/\/www.grieta.org.mx\/index.php\/wp-json\/wp\/v2\/tags?post=37682"}],"curies":[{"name":"wp","href":"https:\/\/api.w.org\/{rel}","templated":true}]}}