{"id":37668,"date":"2019-08-05T19:44:58","date_gmt":"2019-08-06T00:44:58","guid":{"rendered":"http:\/\/www.grieta.org.mx\/?p=37668"},"modified":"2019-08-08T19:52:46","modified_gmt":"2019-08-09T00:52:46","slug":"contec-los-mochis-despide-a-otra-trabajadora-sinaloa","status":"publish","type":"post","link":"https:\/\/www.grieta.org.mx\/index.php\/2019\/08\/05\/contec-los-mochis-despide-a-otra-trabajadora-sinaloa\/","title":{"rendered":"Contec Los Mochis despide a otra trabajadora (Sinaloa)"},"content":{"rendered":"<p><img loading=\"lazy\" decoding=\"async\" data-attachment-id=\"37374\" data-permalink=\"https:\/\/www.grieta.org.mx\/index.php\/2019\/07\/27\/maquiladora-contec-san-blas-toma-represalias-contra-sus-empleados-sinaloa\/maquiladora_contec_san_blas_toma_represalias_contra_sus_empleados_1-jpg_219914347\/\" data-orig-file=\"https:\/\/www.grieta.org.mx\/wp-content\/uploads\/2019\/08\/maquiladora_contec_san_blas_toma_represalias_contra_sus_empleados_1.jpg_219914347.jpg\" data-orig-size=\"960,540\" data-comments-opened=\"0\" data-image-meta=\"{&quot;aperture&quot;:&quot;0&quot;,&quot;credit&quot;:&quot;&quot;,&quot;camera&quot;:&quot;&quot;,&quot;caption&quot;:&quot;&quot;,&quot;created_timestamp&quot;:&quot;0&quot;,&quot;copyright&quot;:&quot;&quot;,&quot;focal_length&quot;:&quot;0&quot;,&quot;iso&quot;:&quot;0&quot;,&quot;shutter_speed&quot;:&quot;0&quot;,&quot;title&quot;:&quot;&quot;,&quot;orientation&quot;:&quot;0&quot;}\" data-image-title=\"maquiladora_contec_san_blas_toma_represalias_contra_sus_empleados_1.jpg_219914347\" data-image-description=\"\" data-image-caption=\"\" data-medium-file=\"https:\/\/www.grieta.org.mx\/wp-content\/uploads\/2019\/08\/maquiladora_contec_san_blas_toma_represalias_contra_sus_empleados_1.jpg_219914347-300x169.jpg\" data-large-file=\"https:\/\/www.grieta.org.mx\/wp-content\/uploads\/2019\/08\/maquiladora_contec_san_blas_toma_represalias_contra_sus_empleados_1.jpg_219914347.jpg\" class=\" wp-image-37374 aligncenter\" src=\"http:\/\/www.grieta.org.mx\/wp-content\/uploads\/2019\/08\/maquiladora_contec_san_blas_toma_represalias_contra_sus_empleados_1.jpg_219914347.jpg\" alt=\"\" width=\"800\" height=\"450\" srcset=\"https:\/\/www.grieta.org.mx\/wp-content\/uploads\/2019\/08\/maquiladora_contec_san_blas_toma_represalias_contra_sus_empleados_1.jpg_219914347.jpg 960w, https:\/\/www.grieta.org.mx\/wp-content\/uploads\/2019\/08\/maquiladora_contec_san_blas_toma_represalias_contra_sus_empleados_1.jpg_219914347-300x169.jpg 300w, https:\/\/www.grieta.org.mx\/wp-content\/uploads\/2019\/08\/maquiladora_contec_san_blas_toma_represalias_contra_sus_empleados_1.jpg_219914347-768x432.jpg 768w, https:\/\/www.grieta.org.mx\/wp-content\/uploads\/2019\/08\/maquiladora_contec_san_blas_toma_represalias_contra_sus_empleados_1.jpg_219914347-889x500.jpg 889w\" sizes=\"auto, (max-width: 800px) 100vw, 800px\" \/><\/p>\n<p>Foto: Ilustrativa, El Debate<\/p>\n<p>Adri\u00e1n L\u00f3pez \/ El Debate<\/p>\n<p><strong>Los Mochis, Sinaloa<\/strong>.- Despu\u00e9s de que cinco trabajadores de Contec San Blas, dieron a conocer que hab\u00edan sido despedidos por denunciar la explotaci\u00f3n laboral al trabajar por 12 horas sin el pago de tiempo extra,\u00a0se sum\u00f3 otro despido m\u00e1s de Contec Los Mochis.<\/p>\n<p>&#8220;Despu\u00e9s de que nosotros nos quejamos por el horario que nos impon\u00edan de 7 de la tarde a 7 de la ma\u00f1ana, y aparte se val\u00edan de artima\u00f1as para no pagarnos las horas extras, triple. Nos tuvieron encerrados, no nos dejaron salir, nos apagaron los checadores. Salimos a las 4 de la ma\u00f1ana, en plena lluvia nos dejaron salir&#8221;, manifest\u00f3 Elka de la Cruz.<\/p>\n<p>La trabajadora agreg\u00f3 que ella ten\u00eda el puesto de inspector de calidad y le quitaron la bata y la mandaron de operadora a una m\u00e1quina aislada totalmente del resto de sus compa\u00f1eros.<\/p>\n<p>&#8220;Y el jefe directo de lo que es inspector de calidad, les dijo a mis compa\u00f1eros que nadie me dirigiera la palabra, me ten\u00edan aislada rezagada, nadie me pod\u00eda hablar, nadie pod\u00eda voltear a ver. Hasta ese grado de discriminaci\u00f3n trabajan en esa empresa. Al fin de cuentas me despidieron sin m\u00e1s, porque la empresa no requer\u00eda de mis servicios y fue todo&#8221;, dijo.<\/p>\n<p>A\u00f1adi\u00f3 que le entregaban un cheque, del cual no vio la cantidad.<\/p>\n<p>&#8220;Les dije que no estaba de acuerdo con lo que estaban haciendo con la gente y que no me iba a quedar as\u00ed, ten\u00eda que haber alguien que denunciara\u00a0todas las irregularidades y abusos que hacen los jefes con los empleados, se valen de la ignorancia y la necesidad que tiene la gente, y se quedan callados (trabajadores) y permiten todo ese tipo de anomal\u00edas&#8221;.<\/p>\n<p>La trabajadora acudi\u00f3 a poner la queja ante la Direcci\u00f3n del Trabajo y Previsi\u00f3n Social zona norte.<\/p>\n<p>&#8220;Vine a poner la queja para que se hagan valer nuestros derechos y que ya no sucedan esas cosas, que la gente se d\u00e9 cuenta que tiene que denunciar, tiene que alzar la voz, la gente tiene que hacer valer sus derechos y sobre todo tener un trabajo con calidad y dignidad, no podemos ser esclavos de oportunistas o gente que est\u00e1 al mando, que hacen un imperio&#8221;.<\/p>\n<p>El d\u00eda de hoy\u00a0la Direcci\u00f3n del Trabajo y Previsi\u00f3n Social zona norte, cit\u00f3 a la empresa Contec y a los cinco trabajadores que pusieron la queja por despido. A la cual asistieron solo tres trabajadores porque dos firmaron el finiquito.<\/p>\n<p><a href=\"https:\/\/www.debate.com.mx\/losmochis\/Contec-Los-Mochis-despide-a-otra-trabajadora-20190805-0146.html\">https:\/\/www.debate.com.mx\/losmochis\/Contec-Los-Mochis-despide-a-otra-trabajadora-20190805-0146.html<\/a><\/p>\n","protected":false},"excerpt":{"rendered":"<p>Foto: Ilustrativa, El Debate Adri\u00e1n L\u00f3pez \/ El Debate Los Mochis, Sinaloa.- Despu\u00e9s de que cinco trabajadores de Contec San Blas, dieron a conocer que hab\u00edan sido despedidos por denunciar &hellip; <a href=\"https:\/\/www.grieta.org.mx\/index.php\/2019\/08\/05\/contec-los-mochis-despide-a-otra-trabajadora-sinaloa\/\" class=\"more-link\">Leer m\u00e1s<\/a><\/p>\n","protected":false},"author":2,"featured_media":37374,"comment_status":"closed","ping_status":"closed","sticky":false,"template":"","format":"standard","meta":{"ngg_post_thumbnail":0,"_jetpack_newsletter_access":"","_jetpack_dont_email_post_to_subs":false,"_jetpack_newsletter_tier_id":0,"_jetpack_memberships_contains_paywalled_content":false,"_jetpack_memberships_contains_paid_content":false,"footnotes":""},"categories":[80,1658,2,30],"tags":[2054,105,1291],"class_list":["post-37668","post","type-post","status-publish","format-standard","has-post-thumbnail","hentry","category-cintillo","category-conflictos-laborales-en-sinaloa","category-noticias-nacionales","category-sinaloa","tag-acoso-laboral","tag-derechos-laborales","tag-explotacion-laboral","entry"],"jetpack_featured_media_url":"https:\/\/www.grieta.org.mx\/wp-content\/uploads\/2019\/08\/maquiladora_contec_san_blas_toma_represalias_contra_sus_empleados_1.jpg_219914347.jpg","jetpack_sharing_enabled":true,"jetpack_shortlink":"https:\/\/wp.me\/p7ZJR4-9Ny","jetpack_likes_enabled":false,"jetpack-related-posts":[{"id":37373,"url":"https:\/\/www.grieta.org.mx\/index.php\/2019\/07\/27\/maquiladora-contec-san-blas-toma-represalias-contra-sus-empleados-sinaloa\/","url_meta":{"origin":37668,"position":0},"title":"Maquiladora Contec San Blas toma represalias contra sus empleados (Sinaloa)","author":"grieta","date":"27 julio, 2019","format":false,"excerpt":"Foto: El Debate Redacci\u00f3n \/ El Debate El Fuerte, Sinaloa.- Luego de haber denunciado la explotaci\u00f3n laboral de la que eran objeto,\u00a0trabajadores de la maquiladora Contec de San Blas fueron v\u00edctimas de despido,\u00a0denunciaron los mismos empleados. Aseguran que ayer por la tarde, al presentarse a su \u00e1rea de trabajo, fueron\u2026","rel":"","context":"En &quot;CINTILLO&quot;","block_context":{"text":"CINTILLO","link":"https:\/\/www.grieta.org.mx\/index.php\/category\/cintillo\/"},"img":{"alt_text":"","src":"https:\/\/i0.wp.com\/www.grieta.org.mx\/wp-content\/uploads\/2019\/08\/maquiladora_contec_san_blas_toma_represalias_contra_sus_empleados_1.jpg_219914347.jpg?resize=350%2C200&ssl=1","width":350,"height":200,"srcset":"https:\/\/i0.wp.com\/www.grieta.org.mx\/wp-content\/uploads\/2019\/08\/maquiladora_contec_san_blas_toma_represalias_contra_sus_empleados_1.jpg_219914347.jpg?resize=350%2C200&ssl=1 1x, https:\/\/i0.wp.com\/www.grieta.org.mx\/wp-content\/uploads\/2019\/08\/maquiladora_contec_san_blas_toma_represalias_contra_sus_empleados_1.jpg_219914347.jpg?resize=525%2C300&ssl=1 1.5x, https:\/\/i0.wp.com\/www.grieta.org.mx\/wp-content\/uploads\/2019\/08\/maquiladora_contec_san_blas_toma_represalias_contra_sus_empleados_1.jpg_219914347.jpg?resize=700%2C400&ssl=1 2x"},"classes":[]},{"id":37703,"url":"https:\/\/www.grieta.org.mx\/index.php\/2019\/08\/08\/trabajadores-se-manifiestan-en-el-hospital-general-de-los-mochis-sinaloa\/","url_meta":{"origin":37668,"position":1},"title":"Trabajadores se manifiestan en el Hospital General de Los Mochis (Sinaloa)","author":"grieta","date":"8 agosto, 2019","format":false,"excerpt":"Foto: El Debate Exigen el pago de sus fondos de ahorro Marisela Jolie y Lupita G\u00e1mez \/ El Debate Los Mochis, Sinaloa.- Por falta de pagos del fondo de ahorro, trabajadores estatales etiquetados como regulares, formalizados y homologados se manifestaron de manera pac\u00edfica en la entrada del Hospital General de\u2026","rel":"","context":"En &quot;CINTILLO&quot;","block_context":{"text":"CINTILLO","link":"https:\/\/www.grieta.org.mx\/index.php\/category\/cintillo\/"},"img":{"alt_text":"","src":"https:\/\/i0.wp.com\/www.grieta.org.mx\/wp-content\/uploads\/2019\/08\/manifestacion_hospital_general.jpg_219914347.jpg?resize=350%2C200&ssl=1","width":350,"height":200,"srcset":"https:\/\/i0.wp.com\/www.grieta.org.mx\/wp-content\/uploads\/2019\/08\/manifestacion_hospital_general.jpg_219914347.jpg?resize=350%2C200&ssl=1 1x, https:\/\/i0.wp.com\/www.grieta.org.mx\/wp-content\/uploads\/2019\/08\/manifestacion_hospital_general.jpg_219914347.jpg?resize=525%2C300&ssl=1 1.5x, https:\/\/i0.wp.com\/www.grieta.org.mx\/wp-content\/uploads\/2019\/08\/manifestacion_hospital_general.jpg_219914347.jpg?resize=700%2C400&ssl=1 2x"},"classes":[]},{"id":26129,"url":"https:\/\/www.grieta.org.mx\/index.php\/2018\/08\/31\/toman-7-escuelas-federales-de-la-seccion-27-en-ahome-sinaloa\/","url_meta":{"origin":37668,"position":2},"title":"Toman 7 escuelas federales de la secci\u00f3n 27 en Ahome (Sinaloa)","author":"grieta","date":"31 agosto, 2018","format":false,"excerpt":"Toman 7 escuelas federales de la secci\u00f3n 27 en Ahome | EL DEBATE Los inconformes exigen basificaci\u00f3n y m\u00e1s docentes Hugo Mora Los Mochis, Sinaloa.- Maestros de las 7 escuelas secundarias federales de la secci\u00f3n 27 en el municipio de Ahome pararon labores en exigencias de basificaci\u00f3n de docentes y\u2026","rel":"","context":"En &quot;CINTILLO&quot;","block_context":{"text":"CINTILLO","link":"https:\/\/www.grieta.org.mx\/index.php\/category\/cintillo\/"},"img":{"alt_text":"","src":"https:\/\/i0.wp.com\/www.grieta.org.mx\/wp-content\/uploads\/2018\/09\/77e74208-1b72-4e43-a50a-b64845621daf.jpg_539665225.jpg?resize=350%2C200&ssl=1","width":350,"height":200,"srcset":"https:\/\/i0.wp.com\/www.grieta.org.mx\/wp-content\/uploads\/2018\/09\/77e74208-1b72-4e43-a50a-b64845621daf.jpg_539665225.jpg?resize=350%2C200&ssl=1 1x, https:\/\/i0.wp.com\/www.grieta.org.mx\/wp-content\/uploads\/2018\/09\/77e74208-1b72-4e43-a50a-b64845621daf.jpg_539665225.jpg?resize=525%2C300&ssl=1 1.5x"},"classes":[]},{"id":41454,"url":"https:\/\/www.grieta.org.mx\/index.php\/2019\/11\/22\/en-paro-laboral-personal-de-icatsin-en-todo-sinaloa\/","url_meta":{"origin":37668,"position":3},"title":"En paro laboral personal de Icatsin en todo Sinaloa","author":"grieta","date":"22 noviembre, 2019","format":false,"excerpt":"Marisela Jolie\/Debate Los Mochis, Sinaloa.- Desde el 19 de noviembre, un grupo de trabajadores sindicalizados y de confianza mantienen tomadas las instalaciones del Instituto de Capacitaci\u00f3n para el Trabajo de Sinaloa (Icatsin) en Los Mochis en exigencia de la destituci\u00f3n de la directora del plantel, Mar\u00eda del Refugio F\u00e9lix S\u00e1nchez.\u2026","rel":"","context":"En &quot;CINTILLO&quot;","block_context":{"text":"CINTILLO","link":"https:\/\/www.grieta.org.mx\/index.php\/category\/cintillo\/"},"img":{"alt_text":"","src":"https:\/\/i0.wp.com\/www.grieta.org.mx\/wp-content\/uploads\/2019\/11\/whatsapp_image_2019-11-22_at_11_32_58_am_crop1574447847114.jpeg_219914347.jpeg?resize=350%2C200&ssl=1","width":350,"height":200,"srcset":"https:\/\/i0.wp.com\/www.grieta.org.mx\/wp-content\/uploads\/2019\/11\/whatsapp_image_2019-11-22_at_11_32_58_am_crop1574447847114.jpeg_219914347.jpeg?resize=350%2C200&ssl=1 1x, https:\/\/i0.wp.com\/www.grieta.org.mx\/wp-content\/uploads\/2019\/11\/whatsapp_image_2019-11-22_at_11_32_58_am_crop1574447847114.jpeg_219914347.jpeg?resize=525%2C300&ssl=1 1.5x, https:\/\/i0.wp.com\/www.grieta.org.mx\/wp-content\/uploads\/2019\/11\/whatsapp_image_2019-11-22_at_11_32_58_am_crop1574447847114.jpeg_219914347.jpeg?resize=700%2C400&ssl=1 2x"},"classes":[]},{"id":6930,"url":"https:\/\/www.grieta.org.mx\/index.php\/2015\/09\/19\/cnte-protesta-contra-la-reforma-educativa\/","url_meta":{"origin":37668,"position":4},"title":"CNTE protesta contra la reforma educativa","author":"grieta","date":"19 septiembre, 2015","format":false,"excerpt":"Lorena Cano, Sinaloa. Guasave, Sinaloa.- Profesores del CNTE de Guasave y Los Mochis, se manifestaron en las principales calles de la ciudad como medida de rechazo a la reforma educativa la cual describieron como arbitraria hac\u00eda sus derechos laborales, por los que dijeron han luchado toda su vida profesional. Aunque\u2026","rel":"","context":"En &quot;CINTILLO&quot;","block_context":{"text":"CINTILLO","link":"https:\/\/www.grieta.org.mx\/index.php\/category\/cintillo\/"},"img":{"alt_text":"","src":"https:\/\/i0.wp.com\/www.grieta.org.mx\/wp-content\/uploads\/2018\/03\/14524434_1106112876131411_958039263622046936_o.jpg?resize=350%2C200&ssl=1","width":350,"height":200,"srcset":"https:\/\/i0.wp.com\/www.grieta.org.mx\/wp-content\/uploads\/2018\/03\/14524434_1106112876131411_958039263622046936_o.jpg?resize=350%2C200&ssl=1 1x, https:\/\/i0.wp.com\/www.grieta.org.mx\/wp-content\/uploads\/2018\/03\/14524434_1106112876131411_958039263622046936_o.jpg?resize=525%2C300&ssl=1 1.5x, https:\/\/i0.wp.com\/www.grieta.org.mx\/wp-content\/uploads\/2018\/03\/14524434_1106112876131411_958039263622046936_o.jpg?resize=700%2C400&ssl=1 2x"},"classes":[]},{"id":32708,"url":"https:\/\/www.grieta.org.mx\/index.php\/2019\/04\/24\/trabajadores-de-jumapae-protestan-por-falta-de-pago-sinaloa\/","url_meta":{"origin":37668,"position":5},"title":"Trabajadores de Jumapae protestan por falta de pago (Sinaloa)","author":"grieta","date":"24 abril, 2019","format":false,"excerpt":"Mar\u00eda Ibarra \/ Debate Escuinapa.- Para exigir el pago de aguinaldos y primas vacacionales personal del Sindicato de Trabajadores de la Junta Municipal de Agua Potable y Alcantarillado de Escuinapa (Jumapae), pararon labores durante dos horas, logrando llegar a un acuerdo con las autoridades para el pago de un mill\u00f3n\u2026","rel":"","context":"En &quot;CINTILLO&quot;","block_context":{"text":"CINTILLO","link":"https:\/\/www.grieta.org.mx\/index.php\/category\/cintillo\/"},"img":{"alt_text":"","src":"https:\/\/i0.wp.com\/www.grieta.org.mx\/wp-content\/uploads\/2019\/04\/protesta_jumapae_escuinapa.jpg_219914347.jpg?resize=350%2C200&ssl=1","width":350,"height":200,"srcset":"https:\/\/i0.wp.com\/www.grieta.org.mx\/wp-content\/uploads\/2019\/04\/protesta_jumapae_escuinapa.jpg_219914347.jpg?resize=350%2C200&ssl=1 1x, https:\/\/i0.wp.com\/www.grieta.org.mx\/wp-content\/uploads\/2019\/04\/protesta_jumapae_escuinapa.jpg_219914347.jpg?resize=525%2C300&ssl=1 1.5x, https:\/\/i0.wp.com\/www.grieta.org.mx\/wp-content\/uploads\/2019\/04\/protesta_jumapae_escuinapa.jpg_219914347.jpg?resize=700%2C400&ssl=1 2x"},"classes":[]}],"_links":{"self":[{"href":"https:\/\/www.grieta.org.mx\/index.php\/wp-json\/wp\/v2\/posts\/37668","targetHints":{"allow":["GET"]}}],"collection":[{"href":"https:\/\/www.grieta.org.mx\/index.php\/wp-json\/wp\/v2\/posts"}],"about":[{"href":"https:\/\/www.grieta.org.mx\/index.php\/wp-json\/wp\/v2\/types\/post"}],"author":[{"embeddable":true,"href":"https:\/\/www.grieta.org.mx\/index.php\/wp-json\/wp\/v2\/users\/2"}],"replies":[{"embeddable":true,"href":"https:\/\/www.grieta.org.mx\/index.php\/wp-json\/wp\/v2\/comments?post=37668"}],"version-history":[{"count":1,"href":"https:\/\/www.grieta.org.mx\/index.php\/wp-json\/wp\/v2\/posts\/37668\/revisions"}],"predecessor-version":[{"id":37673,"href":"https:\/\/www.grieta.org.mx\/index.php\/wp-json\/wp\/v2\/posts\/37668\/revisions\/37673"}],"wp:featuredmedia":[{"embeddable":true,"href":"https:\/\/www.grieta.org.mx\/index.php\/wp-json\/wp\/v2\/media\/37374"}],"wp:attachment":[{"href":"https:\/\/www.grieta.org.mx\/index.php\/wp-json\/wp\/v2\/media?parent=37668"}],"wp:term":[{"taxonomy":"category","embeddable":true,"href":"https:\/\/www.grieta.org.mx\/index.php\/wp-json\/wp\/v2\/categories?post=37668"},{"taxonomy":"post_tag","embeddable":true,"href":"https:\/\/www.grieta.org.mx\/index.php\/wp-json\/wp\/v2\/tags?post=37668"}],"curies":[{"name":"wp","href":"https:\/\/api.w.org\/{rel}","templated":true}]}}