{"id":37645,"date":"2019-07-18T13:55:22","date_gmt":"2019-07-18T18:55:22","guid":{"rendered":"http:\/\/www.grieta.org.mx\/?p=37645"},"modified":"2019-08-07T14:01:58","modified_gmt":"2019-08-07T19:01:58","slug":"activistas-piden-negar-permiso-ambiental-para-la-refineria-de-dos-bocas-tabasco-ciudad-de-mexico","status":"publish","type":"post","link":"https:\/\/www.grieta.org.mx\/index.php\/2019\/07\/18\/activistas-piden-negar-permiso-ambiental-para-la-refineria-de-dos-bocas-tabasco-ciudad-de-mexico\/","title":{"rendered":"Activistas piden negar permiso ambiental para la refiner\u00eda de Dos Bocas (Tabasco, Ciudad de M\u00e9xico)"},"content":{"rendered":"<p><img loading=\"lazy\" decoding=\"async\" data-attachment-id=\"37646\" data-permalink=\"https:\/\/www.grieta.org.mx\/index.php\/2019\/07\/18\/activistas-piden-negar-permiso-ambiental-para-la-refineria-de-dos-bocas-tabasco-ciudad-de-mexico\/dos-bocas-3-1078x633-2\/\" data-orig-file=\"https:\/\/www.grieta.org.mx\/wp-content\/uploads\/2019\/08\/Dos-Bocas-3-1078x633.jpg\" data-orig-size=\"1078,633\" data-comments-opened=\"0\" data-image-meta=\"{&quot;aperture&quot;:&quot;0&quot;,&quot;credit&quot;:&quot;&quot;,&quot;camera&quot;:&quot;&quot;,&quot;caption&quot;:&quot;&quot;,&quot;created_timestamp&quot;:&quot;0&quot;,&quot;copyright&quot;:&quot;&quot;,&quot;focal_length&quot;:&quot;0&quot;,&quot;iso&quot;:&quot;0&quot;,&quot;shutter_speed&quot;:&quot;0&quot;,&quot;title&quot;:&quot;&quot;,&quot;orientation&quot;:&quot;0&quot;}\" data-image-title=\"Dos-Bocas-3-1078&amp;#215;633\" data-image-description=\"\" data-image-caption=\"\" data-medium-file=\"https:\/\/www.grieta.org.mx\/wp-content\/uploads\/2019\/08\/Dos-Bocas-3-1078x633-300x176.jpg\" data-large-file=\"https:\/\/www.grieta.org.mx\/wp-content\/uploads\/2019\/08\/Dos-Bocas-3-1078x633-1024x601.jpg\" class=\"alignleft wp-image-37646\" src=\"http:\/\/www.grieta.org.mx\/wp-content\/uploads\/2019\/08\/Dos-Bocas-3-1078x633-1024x601.jpg\" alt=\"\" width=\"800\" height=\"470\" srcset=\"https:\/\/www.grieta.org.mx\/wp-content\/uploads\/2019\/08\/Dos-Bocas-3-1078x633-1024x601.jpg 1024w, https:\/\/www.grieta.org.mx\/wp-content\/uploads\/2019\/08\/Dos-Bocas-3-1078x633-300x176.jpg 300w, https:\/\/www.grieta.org.mx\/wp-content\/uploads\/2019\/08\/Dos-Bocas-3-1078x633-768x451.jpg 768w, https:\/\/www.grieta.org.mx\/wp-content\/uploads\/2019\/08\/Dos-Bocas-3-1078x633-852x500.jpg 852w, https:\/\/www.grieta.org.mx\/wp-content\/uploads\/2019\/08\/Dos-Bocas-3-1078x633.jpg 1078w\" sizes=\"auto, (max-width: 800px) 100vw, 800px\" \/><\/p>\n<p>Reddacci\u00f3n \/ Proceso<\/p>\n<p>CIUDAD DE M\u00c9XICO (apro).- Ambientalistas de distintas organizaciones consideraron que la Manifestaci\u00f3n de Impacto Ambiental (MIA) del proyecto de la refiner\u00eda Dos Bocas no puede ser aprobada porque \u201ccarece de informaci\u00f3n t\u00e9cnica fundamental y suficiente\u201d para poder ser evaluada de forma integral y objetiva.<\/p>\n<p>El Centro Mexicano de Derecho Ambiental, A.C. (CEMDA), Greenpeace M\u00e9xico, el Centro para la Diversidad Biol\u00f3gica (CDB) y Naturalia, se\u00f1alaron en comunicado que el sitio elegido en el municipio de Para\u00edso, Tabasco para construir la refiner\u00eda \u201cno es adecuado para un proyecto de este tipo\u201d.<\/p>\n<p>Y refieren que el propio Instituto Mexicano del Petr\u00f3leo (IMP) se\u00f1al\u00f3 en 2008 que entre los elementos que hacen inconveniente la ubicaci\u00f3n se encuentran:<\/p>\n<p>    \u201cUna amplia gama de especies protegidas o con estatus de peligro, principalmente relacionadas con pantanos, esteros o mangles como el mono aullador (Alouatta palliata) y el hormiguero norte\u00f1o (Tamandua mexica), ambos catalogados como en peligro de extinci\u00f3n, adem\u00e1s del cocodrilo de pantano (Cocodrylus moreletti), sujeto a protecci\u00f3n especial<\/p>\n<p>Tambi\u00e9n la existencia de una serie de lagunas y pantanos, con suelos arcillosos, que obligar\u00edan a realizar importantes obras para el acondicionamiento del terreno; el riesgo de potencial incremento del mar, ocasionado por la vulnerabilidad al cambio clim\u00e1tico, y el alto potencial de esta localidad para desarrollar ecoturismo y una zona arqueol\u00f3gica.<\/p>\n<p>Tras hacer un an\u00e1lisis de la MIA, las organizaciones ambientalistas mencionadas destacaron adem\u00e1s que el proyecto pretende evaluarse \u201cde forma fragmentada\u201d, lo cual impide a las autoridades ambientales contar con informaci\u00f3n completa sobre el proyecto y, en consecuencia, conocer los impactos acumulativos y sin\u00e9rgicos.<\/p>\n<p>Explicaron que eso quiere decir que Pemex \u201cno est\u00e1 dando a conocer cu\u00e1les son las obras asociadas al proyecto principal, mismas que podr\u00edan ocasionar impactos ambientales como la fragmentaci\u00f3n de los h\u00e1bitats, modificaci\u00f3n de los escurrimientos naturales, compactaci\u00f3n de suelo, p\u00e9rdida de filtraci\u00f3n, as\u00ed como afectaci\u00f3n al humedal y la vegetaci\u00f3n de manglar presente en el \u00e1rea, entre otros.<\/p>\n<p>En el caso concreto de Dos Bocas indicaron que se omiti\u00f3 describir todos los proyectos accesorios, asociados y complementarios que formar\u00e1n parte del mismo.<\/p>\n<p>    \u201cPara la etapa de preparaci\u00f3n del sitio y construcci\u00f3n se omiti\u00f3 la descripci\u00f3n de las obras para las vialidades, v\u00edas f\u00e9rreas, sistemas enterrados y drenajes\u201d, subrayaron.<\/p>\n<p>La MIA, a\u00f1adieron. pretende hacer encajar el proyecto de Dos Bocas en las Unidades Ambientales Biof\u00edsicas aplicables del Programa de Ordenamiento Ecol\u00f3gico General del Territorio (POEGT) que est\u00e1n destinadas a la Preservaci\u00f3n, Aprovechamiento Sustentable y Restauraci\u00f3n al establecer que, de alg\u00fan modo, todas las afectaciones e impactos que sufrir\u00e1 el sitio ser\u00e1n sustentables y de preservaci\u00f3n.<\/p>\n<p>Sin embargo, destacan, el proyecto propuesto incurre en violaciones al derecho a la informaci\u00f3n y participaci\u00f3n ciudadana, porque la MIA fue bajada del sitio oficial al menos en dos ocasiones. Afirman que el documento disponible es distinto del originalmente puesto a disposici\u00f3n de la ciudadan\u00eda. Adem\u00e1s, ya no es posible acceder a cierta informaci\u00f3n, como en el caso del Estudio de Riesgo Ambiental.<\/p>\n<p>Por si fuera poco, subrayan, la construcci\u00f3n de la refiner\u00eda contradice los compromisos nacionales e internacionales suscritos por M\u00e9xico en materia de combate al cambio clim\u00e1tico.<\/p>\n<p>Tampoco se presenta un programa de reforestaci\u00f3n completo, descriptivo, detallado, con ubicaci\u00f3n puntual y espec\u00edfica.<\/p>\n<p>El proyecto de Refiner\u00eda Dos Bocas requiere el cambio de uso de suelo en terrenos forestales en una superficie de 71.99 hect\u00e1reas, sostienen. Sin embargo, se omiti\u00f3 la informaci\u00f3n respecto a las actividades de preparaci\u00f3n del sitio, desmonte y despalme, tipo de vegetaci\u00f3n, especies, cantidad de individuos, estatus de protecci\u00f3n (NORMA-059-SEMARNAT-2010), as\u00ed como los pol\u00edgonos de las superficies donde se pretende realizar el cambio de uso de suelo.<\/p>\n<p>Si bien el Estudio T\u00e9cnico Justificativo (ETJ) refiere la remoci\u00f3n de 71.99 hect\u00e1reas de vegetaci\u00f3n forestal, las organizaciones recuerdan que Pemex Transformaci\u00f3n Industrial omiti\u00f3 manifestar la superficie total de vegetaci\u00f3n forestal que ya ha sido removida -la cual rebasa las 212 hect\u00e1reas.<\/p>\n<p>    \u201cEsta omisi\u00f3n es medular, ya que la remoci\u00f3n de la cobertura forestal, adem\u00e1s de haber sido objeto de diversas denuncias y procedimientos administrativos, fue llevada a cabo en terrenos propiedad de Pemex, situaci\u00f3n que pone a la Empresa Productiva del Estado como responsable solidaria en tal acto ilegal\u201d, se\u00f1alan.<\/p>\n<p>Entre otras omisiones encontradas en la MIA las organizaciones refieren que \u201cno establece las caracter\u00edsticas del programa de reubicaci\u00f3n y rescate de la fauna; no detalla la forma como el proyecto afectar\u00e1 el flujo hidrol\u00f3gico, y no existe claridad de si se cumpli\u00f3 con la presentaci\u00f3n, en tiempo y forma de la Manifestaci\u00f3n de Impacto Social, de acuerdo con lo que se\u00f1ala la Ley de Hidrocarburos.<\/p>\n<p>Por todo la anterior, las organizaciones ambientalistas sostienen que la ASEA debe de expedir a Pemex un resolutivo negativo en materia de impacto ambiental, pues la informaci\u00f3n que contiene es parcial e incompleta y ello no le permite a dicha autoridad pronunciarse de una manera diferente.<\/p>\n<p><a href=\"https:\/\/www.proceso.com.mx\/592921\/activistas-piden-negar-permiso-ambiental-para-la-refineria-de-dos-bocas\">https:\/\/www.proceso.com.mx\/592921\/activistas-piden-negar-permiso-ambiental-para-la-refineria-de-dos-bocas<\/a><\/p>\n","protected":false},"excerpt":{"rendered":"<p>Reddacci\u00f3n \/ Proceso CIUDAD DE M\u00c9XICO (apro).- Ambientalistas de distintas organizaciones consideraron que la Manifestaci\u00f3n de Impacto Ambiental (MIA) del proyecto de la refiner\u00eda Dos Bocas no puede ser aprobada &hellip; <a href=\"https:\/\/www.grieta.org.mx\/index.php\/2019\/07\/18\/activistas-piden-negar-permiso-ambiental-para-la-refineria-de-dos-bocas-tabasco-ciudad-de-mexico\/\" class=\"more-link\">Leer m\u00e1s<\/a><\/p>\n","protected":false},"author":2,"featured_media":37646,"comment_status":"closed","ping_status":"closed","sticky":false,"template":"","format":"standard","meta":{"ngg_post_thumbnail":0,"_jetpack_newsletter_access":"","_jetpack_dont_email_post_to_subs":false,"_jetpack_newsletter_tier_id":0,"_jetpack_memberships_contains_paywalled_content":false,"_jetpack_memberships_contains_paid_content":false,"footnotes":""},"categories":[80,14,2,2138,2219,32],"tags":[2199,1436,2077],"class_list":["post-37645","post","type-post","status-publish","format-standard","has-post-thumbnail","hentry","category-cintillo","category-ciudad-de-mexico","category-noticias-nacionales","category-rechazo-a-desarrollo-de-refineria-en-dos-bocas-tabasco","category-resistencias-en-la-ciudad-de-mexico","category-tabasco","tag-dos-bocas","tag-rechazo-a-construccion-de-naves-industriales","tag-refinerias","entry"],"jetpack_featured_media_url":"https:\/\/www.grieta.org.mx\/wp-content\/uploads\/2019\/08\/Dos-Bocas-3-1078x633.jpg","jetpack_sharing_enabled":true,"jetpack_shortlink":"https:\/\/wp.me\/p7ZJR4-9Nb","jetpack_likes_enabled":false,"jetpack-related-posts":[{"id":37886,"url":"https:\/\/www.grieta.org.mx\/index.php\/2019\/08\/14\/reprueban-activistas-aval-ambiental-a-construccion-de-refineria-en-dos-bocas\/","url_meta":{"origin":37645,"position":0},"title":"Reprueban activistas aval ambiental a construcci\u00f3n de refiner\u00eda en Dos Bocas","author":"grieta","date":"14 agosto, 2019","format":false,"excerpt":"Agencia Reforma \/ Noticaribe CIUDAD DE M\u00c9XICO, MX.- Un d\u00eda despu\u00e9s de que la Agencia de Seguridad, Energ\u00eda y Ambiente (ASEA) autoriz\u00f3 el resolutivo de impacto ambiental para la construcci\u00f3n de la Refiner\u00eda de Dos Bocas en Para\u00edso, Tabasco, organizaciones denunciaron que dicha autorizaci\u00f3n no debi\u00f3 ser aprobada. El Centro\u2026","rel":"","context":"En &quot;CINTILLO&quot;","block_context":{"text":"CINTILLO","link":"https:\/\/www.grieta.org.mx\/index.php\/category\/cintillo\/"},"img":{"alt_text":"","src":"https:\/\/i0.wp.com\/www.grieta.org.mx\/wp-content\/uploads\/2019\/08\/DosBocas-e1565890889473.png?resize=350%2C200&ssl=1","width":350,"height":200,"srcset":"https:\/\/i0.wp.com\/www.grieta.org.mx\/wp-content\/uploads\/2019\/08\/DosBocas-e1565890889473.png?resize=350%2C200&ssl=1 1x, https:\/\/i0.wp.com\/www.grieta.org.mx\/wp-content\/uploads\/2019\/08\/DosBocas-e1565890889473.png?resize=525%2C300&ssl=1 1.5x, https:\/\/i0.wp.com\/www.grieta.org.mx\/wp-content\/uploads\/2019\/08\/DosBocas-e1565890889473.png?resize=700%2C400&ssl=1 2x"},"classes":[]},{"id":34203,"url":"https:\/\/www.grieta.org.mx\/index.php\/2019\/05\/18\/71-de-usuarios-en-redes-sociales-estan-en-contra-de-la-construccion-de-la-refineria-dos-bocas-tabasco\/","url_meta":{"origin":37645,"position":1},"title":"71% de usuarios en redes sociales est\u00e1n en contra de la construcci\u00f3n de la refiner\u00eda Dos Bocas (Tabasco)","author":"grieta","date":"18 mayo, 2019","format":false,"excerpt":"Redacci\u00f3n \/ Cambio de Michoac\u00e1n Ciudad de M\u00e9xico.- El pasado 9 de mayo en su conferencia matutina, Andr\u00e9s Manuel L\u00f3pez Obrador anunci\u00f3 que se hab\u00eda declarado \u201cdesierta\u201d la licitaci\u00f3n para que empresas privadas participaran en la construcci\u00f3n de la refiner\u00eda Dos Bocas en Tabasco. El gobierno federal anunci\u00f3 que dicha\u2026","rel":"","context":"En &quot;CINTILLO&quot;","block_context":{"text":"CINTILLO","link":"https:\/\/www.grieta.org.mx\/index.php\/category\/cintillo\/"},"img":{"alt_text":"","src":"https:\/\/i0.wp.com\/www.grieta.org.mx\/wp-content\/uploads\/2019\/06\/0b3ae6f0a06cecdb1690124b521b0613dos.jpg?resize=350%2C200&ssl=1","width":350,"height":200,"srcset":"https:\/\/i0.wp.com\/www.grieta.org.mx\/wp-content\/uploads\/2019\/06\/0b3ae6f0a06cecdb1690124b521b0613dos.jpg?resize=350%2C200&ssl=1 1x, https:\/\/i0.wp.com\/www.grieta.org.mx\/wp-content\/uploads\/2019\/06\/0b3ae6f0a06cecdb1690124b521b0613dos.jpg?resize=525%2C300&ssl=1 1.5x, https:\/\/i0.wp.com\/www.grieta.org.mx\/wp-content\/uploads\/2019\/06\/0b3ae6f0a06cecdb1690124b521b0613dos.jpg?resize=700%2C400&ssl=1 2x, https:\/\/i0.wp.com\/www.grieta.org.mx\/wp-content\/uploads\/2019\/06\/0b3ae6f0a06cecdb1690124b521b0613dos.jpg?resize=1050%2C600&ssl=1 3x, https:\/\/i0.wp.com\/www.grieta.org.mx\/wp-content\/uploads\/2019\/06\/0b3ae6f0a06cecdb1690124b521b0613dos.jpg?resize=1400%2C800&ssl=1 4x"},"classes":[]},{"id":37575,"url":"https:\/\/www.grieta.org.mx\/index.php\/2019\/07\/07\/refineria-de-dos-bocas-no-apta-desde-2008-tabasco\/","url_meta":{"origin":37645,"position":2},"title":"Refiner\u00eda de Dos Bocas, no apta desde 2008 (Tabasco)","author":"grieta","date":"7 julio, 2019","format":false,"excerpt":"SUN \/ El Informador El Instituto Mexicano del Petr\u00f3leo alert\u00f3 que el municipio de Para\u00edso presenta limitantes para el desarrollo de una refiner\u00eda, tanto en materia ambiental como social y de infraestructura Desde hace 11 a\u00f1os el Instituto Mexicano del Petr\u00f3leo (IMP) alert\u00f3 que el municipio de Para\u00edso, Tabasco, presentaba\u2026","rel":"","context":"En &quot;Da\u00f1os al medio ambiente por refiner\u00edas en Tabasco&quot;","block_context":{"text":"Da\u00f1os al medio ambiente por refiner\u00edas en Tabasco","link":"https:\/\/www.grieta.org.mx\/index.php\/category\/noticias-nacionales\/tabasco\/danos-al-medio-ambiente-por-refinerias-en-tabasco\/"},"img":{"alt_text":"","src":"https:\/\/i0.wp.com\/www.grieta.org.mx\/wp-content\/uploads\/2019\/08\/dos_bocas_sun_crop1562510208372.jpg_1970638775.jpg?resize=350%2C200&ssl=1","width":350,"height":200,"srcset":"https:\/\/i0.wp.com\/www.grieta.org.mx\/wp-content\/uploads\/2019\/08\/dos_bocas_sun_crop1562510208372.jpg_1970638775.jpg?resize=350%2C200&ssl=1 1x, https:\/\/i0.wp.com\/www.grieta.org.mx\/wp-content\/uploads\/2019\/08\/dos_bocas_sun_crop1562510208372.jpg_1970638775.jpg?resize=525%2C300&ssl=1 1.5x, https:\/\/i0.wp.com\/www.grieta.org.mx\/wp-content\/uploads\/2019\/08\/dos_bocas_sun_crop1562510208372.jpg_1970638775.jpg?resize=700%2C400&ssl=1 2x"},"classes":[]},{"id":69483,"url":"https:\/\/www.grieta.org.mx\/index.php\/2024\/08\/03\/pescadores-protestan-frente-a-refineria-de-dos-bocas-por-contaminacion-del-rio-seco-tabasco\/","url_meta":{"origin":37645,"position":3},"title":"Pescadores protestan frente a Refiner\u00eda de Dos Bocas por contaminaci\u00f3n del R\u00edo Seco (Tabasco)","author":"grieta","date":"3 agosto, 2024","format":false,"excerpt":"Pescadores protestaron frente a la Refiner\u00eda de Dos Bocas para exigir a AMLO una soluci\u00f3n a la contaminaci\u00f3n en el R\u00edo Seco Jos\u00e9 G\u00f3mez \/ El Heraldo de Tabasco Este s\u00e1bado 3 de agosto de 2024 pescadores se plantaron fuera de la Refiner\u00eda Olmeca para exigirle al presidente, Andr\u00e9s Manuel\u2026","rel":"","context":"En &quot;CINTILLO&quot;","block_context":{"text":"CINTILLO","link":"https:\/\/www.grieta.org.mx\/index.php\/category\/cintillo\/"},"img":{"alt_text":"","src":"https:\/\/i0.wp.com\/www.grieta.org.mx\/wp-content\/uploads\/2024\/08\/Screenshot-2024-08-28-at-14-18-17-Que-exigieron-pescadores-a-AMLO-frente-a-la-Refineria-Olmeca-El-Heraldo-de-Tabasco-Noticias-Locales-Policiacas-sobre-Mexico-Tabasco-y-el-Mundo.png?resize=350%2C200&ssl=1","width":350,"height":200,"srcset":"https:\/\/i0.wp.com\/www.grieta.org.mx\/wp-content\/uploads\/2024\/08\/Screenshot-2024-08-28-at-14-18-17-Que-exigieron-pescadores-a-AMLO-frente-a-la-Refineria-Olmeca-El-Heraldo-de-Tabasco-Noticias-Locales-Policiacas-sobre-Mexico-Tabasco-y-el-Mundo.png?resize=350%2C200&ssl=1 1x, https:\/\/i0.wp.com\/www.grieta.org.mx\/wp-content\/uploads\/2024\/08\/Screenshot-2024-08-28-at-14-18-17-Que-exigieron-pescadores-a-AMLO-frente-a-la-Refineria-Olmeca-El-Heraldo-de-Tabasco-Noticias-Locales-Policiacas-sobre-Mexico-Tabasco-y-el-Mundo.png?resize=525%2C300&ssl=1 1.5x, https:\/\/i0.wp.com\/www.grieta.org.mx\/wp-content\/uploads\/2024\/08\/Screenshot-2024-08-28-at-14-18-17-Que-exigieron-pescadores-a-AMLO-frente-a-la-Refineria-Olmeca-El-Heraldo-de-Tabasco-Noticias-Locales-Policiacas-sobre-Mexico-Tabasco-y-el-Mundo.png?resize=700%2C400&ssl=1 2x"},"classes":[]},{"id":33121,"url":"https:\/\/www.grieta.org.mx\/index.php\/2019\/05\/06\/refineria-dos-bocas-obtiene-permiso-para-procesar-crudo-por-30-anos-le-falta-evaluacion-ambiental-tabasco\/","url_meta":{"origin":37645,"position":4},"title":"Refiner\u00eda Dos Bocas obtiene permiso para procesar crudo por 30 a\u00f1os; le falta evaluaci\u00f3n ambiental (Tabasco)","author":"grieta","date":"6 mayo, 2019","format":false,"excerpt":"Nayeli Rold\u00e1n \/ Animal Pol\u00edtico Petr\u00f3leos Mexicanos obtuvo uno de los permisos establecidos en la ley para poder operar la refiner\u00eda en Dos Bocas, Tabasco. Se trata de la autorizaci\u00f3n para el procesamiento de crudo para los siguientes 30 a\u00f1os, emitida por la Secretar\u00eda de Energ\u00eda encabezada por Roc\u00edo Nahle,\u2026","rel":"","context":"En &quot;CINTILLO&quot;","block_context":{"text":"CINTILLO","link":"https:\/\/www.grieta.org.mx\/index.php\/category\/cintillo\/"},"img":{"alt_text":"","src":"https:\/\/i0.wp.com\/www.grieta.org.mx\/wp-content\/uploads\/2019\/05\/direct-4.jpg?resize=350%2C200&ssl=1","width":350,"height":200,"srcset":"https:\/\/i0.wp.com\/www.grieta.org.mx\/wp-content\/uploads\/2019\/05\/direct-4.jpg?resize=350%2C200&ssl=1 1x, https:\/\/i0.wp.com\/www.grieta.org.mx\/wp-content\/uploads\/2019\/05\/direct-4.jpg?resize=525%2C300&ssl=1 1.5x, https:\/\/i0.wp.com\/www.grieta.org.mx\/wp-content\/uploads\/2019\/05\/direct-4.jpg?resize=700%2C400&ssl=1 2x"},"classes":[]},{"id":36900,"url":"https:\/\/www.grieta.org.mx\/index.php\/2019\/07\/18\/activistas-piden-negar-permiso-ambiental-para-la-refineria-de-dos-bocas\/","url_meta":{"origin":37645,"position":5},"title":"Activistas piden negar permiso ambiental para la refiner\u00eda de Dos Bocas","author":"grieta","date":"18 julio, 2019","format":false,"excerpt":"Proceso CIUDAD DE M\u00c9XICO (apro).- Ambientalistas de distintas organizaciones consideraron que la Manifestaci\u00f3n de Impacto Ambiental (MIA) del proyecto de la refiner\u00eda Dos Bocas no puede ser aprobada porque \u201ccarece de informaci\u00f3n t\u00e9cnica fundamental y suficiente\u201d para poder ser evaluada de forma integral y objetiva. El Centro Mexicano de Derecho\u2026","rel":"","context":"En &quot;CINTILLO&quot;","block_context":{"text":"CINTILLO","link":"https:\/\/www.grieta.org.mx\/index.php\/category\/cintillo\/"},"img":{"alt_text":"","src":"https:\/\/i0.wp.com\/www.grieta.org.mx\/wp-content\/uploads\/2019\/07\/Dos-Bocas-3-1078x633-e1563936054429.jpg?resize=350%2C200&ssl=1","width":350,"height":200,"srcset":"https:\/\/i0.wp.com\/www.grieta.org.mx\/wp-content\/uploads\/2019\/07\/Dos-Bocas-3-1078x633-e1563936054429.jpg?resize=350%2C200&ssl=1 1x, https:\/\/i0.wp.com\/www.grieta.org.mx\/wp-content\/uploads\/2019\/07\/Dos-Bocas-3-1078x633-e1563936054429.jpg?resize=525%2C300&ssl=1 1.5x, https:\/\/i0.wp.com\/www.grieta.org.mx\/wp-content\/uploads\/2019\/07\/Dos-Bocas-3-1078x633-e1563936054429.jpg?resize=700%2C400&ssl=1 2x"},"classes":[]}],"_links":{"self":[{"href":"https:\/\/www.grieta.org.mx\/index.php\/wp-json\/wp\/v2\/posts\/37645","targetHints":{"allow":["GET"]}}],"collection":[{"href":"https:\/\/www.grieta.org.mx\/index.php\/wp-json\/wp\/v2\/posts"}],"about":[{"href":"https:\/\/www.grieta.org.mx\/index.php\/wp-json\/wp\/v2\/types\/post"}],"author":[{"embeddable":true,"href":"https:\/\/www.grieta.org.mx\/index.php\/wp-json\/wp\/v2\/users\/2"}],"replies":[{"embeddable":true,"href":"https:\/\/www.grieta.org.mx\/index.php\/wp-json\/wp\/v2\/comments?post=37645"}],"version-history":[{"count":1,"href":"https:\/\/www.grieta.org.mx\/index.php\/wp-json\/wp\/v2\/posts\/37645\/revisions"}],"predecessor-version":[{"id":37647,"href":"https:\/\/www.grieta.org.mx\/index.php\/wp-json\/wp\/v2\/posts\/37645\/revisions\/37647"}],"wp:featuredmedia":[{"embeddable":true,"href":"https:\/\/www.grieta.org.mx\/index.php\/wp-json\/wp\/v2\/media\/37646"}],"wp:attachment":[{"href":"https:\/\/www.grieta.org.mx\/index.php\/wp-json\/wp\/v2\/media?parent=37645"}],"wp:term":[{"taxonomy":"category","embeddable":true,"href":"https:\/\/www.grieta.org.mx\/index.php\/wp-json\/wp\/v2\/categories?post=37645"},{"taxonomy":"post_tag","embeddable":true,"href":"https:\/\/www.grieta.org.mx\/index.php\/wp-json\/wp\/v2\/tags?post=37645"}],"curies":[{"name":"wp","href":"https:\/\/api.w.org\/{rel}","templated":true}]}}