{"id":37578,"date":"2019-07-09T11:26:16","date_gmt":"2019-07-09T16:26:16","guid":{"rendered":"http:\/\/www.grieta.org.mx\/?p=37578"},"modified":"2019-08-07T11:31:58","modified_gmt":"2019-08-07T16:31:58","slug":"frente-unido-todos-somos-cacalotepec-pedira-replica-a-amlo-contra-el-proyecto-integral-morelos","status":"publish","type":"post","link":"https:\/\/www.grieta.org.mx\/index.php\/2019\/07\/09\/frente-unido-todos-somos-cacalotepec-pedira-replica-a-amlo-contra-el-proyecto-integral-morelos\/","title":{"rendered":"Frente Unido Todos Somos Cacalotepec pedir\u00e1 r\u00e9plica a AMLO contra el Proyecto Integral Morelos"},"content":{"rendered":"<p><img loading=\"lazy\" decoding=\"async\" data-attachment-id=\"37579\" data-permalink=\"https:\/\/www.grieta.org.mx\/index.php\/2019\/07\/09\/frente-unido-todos-somos-cacalotepec-pedira-replica-a-amlo-contra-el-proyecto-integral-morelos\/fb_img_1562710460892\/\" data-orig-file=\"https:\/\/www.grieta.org.mx\/wp-content\/uploads\/2019\/08\/FB_IMG_1562710460892.jpg\" data-orig-size=\"600,338\" data-comments-opened=\"0\" data-image-meta=\"{&quot;aperture&quot;:&quot;0&quot;,&quot;credit&quot;:&quot;&quot;,&quot;camera&quot;:&quot;&quot;,&quot;caption&quot;:&quot;&quot;,&quot;created_timestamp&quot;:&quot;0&quot;,&quot;copyright&quot;:&quot;&quot;,&quot;focal_length&quot;:&quot;0&quot;,&quot;iso&quot;:&quot;0&quot;,&quot;shutter_speed&quot;:&quot;0&quot;,&quot;title&quot;:&quot;&quot;,&quot;orientation&quot;:&quot;0&quot;}\" data-image-title=\"FB_IMG_1562710460892\" data-image-description=\"\" data-image-caption=\"\" data-medium-file=\"https:\/\/www.grieta.org.mx\/wp-content\/uploads\/2019\/08\/FB_IMG_1562710460892-300x169.jpg\" data-large-file=\"https:\/\/www.grieta.org.mx\/wp-content\/uploads\/2019\/08\/FB_IMG_1562710460892.jpg\" class=\"alignleft wp-image-37579\" src=\"http:\/\/www.grieta.org.mx\/wp-content\/uploads\/2019\/08\/FB_IMG_1562710460892.jpg\" alt=\"\" width=\"800\" height=\"451\" srcset=\"https:\/\/www.grieta.org.mx\/wp-content\/uploads\/2019\/08\/FB_IMG_1562710460892.jpg 600w, https:\/\/www.grieta.org.mx\/wp-content\/uploads\/2019\/08\/FB_IMG_1562710460892-300x169.jpg 300w\" sizes=\"auto, (max-width: 800px) 100vw, 800px\" \/><\/p>\n<p>Israel Tepox \/ Desde Puebla<\/p>\n<p>\u201cEl d\u00eda 8 de julio usted (AMLO) anunci\u00f3 que hablar\u00e1 con los afectados del PIM (Proyecto Integral Morelos) que nos va a ir a ver de manera directa y que nos explicar\u00e1 las cifras del proyecto, que buscar\u00e1 convencernos que el proyecto se tiene que concretar, que no podemos convertir en chatarra los millones invertidos\u201d, inform\u00f3 el Frente Unido Todos Somos Cacalotepec.<\/p>\n<p>Lo vamos a esperar en la Huexca\u2026 d\u00e9jenos adelantarle unas preguntas que tenemos: \u00bfCu\u00e1nto vale una vida, la seguridad de la poblaci\u00f3n? \u00bfM\u00e1s \u00f3 menos de 20 mil millones de pesos? Perd\u00f3n que se lo preguntemos, pero es que no sabemos, nunca hemos vendido una vida, porque si usted nos habla de dinero, nosotros solo podemos hablarle de dignidad.<\/p>\n<p>Esto debido a la intenci\u00f3n del Presidente de la Rep\u00fablica de reiniciar las operaciones del Gasoducto Integral Morelos ante la alta actividad volc\u00e1nica que se presenta en la zona de los municipios conurbados y del ixta-popo.<\/p>\n<p>El Frente todos Unidos por Cacalotepec se caracteriza por la lucha de las causas sociales desde la integraci\u00f3n del gasoducto Morelos en 2010, as\u00ed como la remoci\u00f3n de grupo Proyecta, el cual pretendi\u00f3 quitarles terrenos en San Andr\u00e9s Cholula tambi\u00e9n est\u00e1 adheridos grupos de Morelos y Tlaxcala que han impedido la continuaci\u00f3n de la obras del PIM por ser un riesgo a la vida y al propio patrimonio.<\/p>\n<p><a href=\"https:\/\/desdepuebla.com\/2019\/07\/09\/frente-unido-todos-somos-cacalotepec-pedira-replica-a-amlo-contra-el-proyecto-integral-morelos\/\">https:\/\/desdepuebla.com\/2019\/07\/09\/frente-unido-todos-somos-cacalotepec-pedira-replica-a-amlo-contra-el-proyecto-integral-morelos\/<\/a><\/p>\n","protected":false},"excerpt":{"rendered":"<p>Israel Tepox \/ Desde Puebla \u201cEl d\u00eda 8 de julio usted (AMLO) anunci\u00f3 que hablar\u00e1 con los afectados del PIM (Proyecto Integral Morelos) que nos va a ir a ver &hellip; <a href=\"https:\/\/www.grieta.org.mx\/index.php\/2019\/07\/09\/frente-unido-todos-somos-cacalotepec-pedira-replica-a-amlo-contra-el-proyecto-integral-morelos\/\" class=\"more-link\">Leer m\u00e1s<\/a><\/p>\n","protected":false},"author":2,"featured_media":37579,"comment_status":"closed","ping_status":"closed","sticky":false,"template":"","format":"standard","meta":{"ngg_post_thumbnail":0,"_jetpack_newsletter_access":"","_jetpack_dont_email_post_to_subs":false,"_jetpack_newsletter_tier_id":0,"_jetpack_memberships_contains_paywalled_content":false,"_jetpack_memberships_contains_paid_content":false,"footnotes":""},"categories":[54,55,1,3,22,2,44,26,1171,1249],"tags":[2087,2086,2471],"class_list":["post-37578","post","type-post","status-publish","format-standard","has-post-thumbnail","hentry","category-10-huexca","category-11-amilcingo","category-espejos-de-la-resistencia","category-megaproyectos","category-morelos","category-noticias-nacionales","category-proyecto-integral-morelos","category-puebla","category-rechazo-al-proyecto-integral-morelos-pim-en-morelos","category-rechazo-al-proyecto-interal-morelos-en-puebla","tag-rechazo-a-la-termoelectrica-en-huexca","tag-rechazo-al-proyecto-integral-morelos","tag-samir","entry"],"jetpack_featured_media_url":"https:\/\/www.grieta.org.mx\/wp-content\/uploads\/2019\/08\/FB_IMG_1562710460892.jpg","jetpack_sharing_enabled":true,"jetpack_shortlink":"https:\/\/wp.me\/p7ZJR4-9M6","jetpack_likes_enabled":false,"jetpack-related-posts":[{"id":36490,"url":"https:\/\/www.grieta.org.mx\/index.php\/2019\/07\/11\/opositores-al-pim-abren-dialogo-para-amlo-morelos\/","url_meta":{"origin":37578,"position":0},"title":"Opositores al PIM abren di\u00e1logo para AMLO (Morelos)","author":"grieta","date":"11 julio, 2019","format":false,"excerpt":"Erika Ramirez \/ Contral\u00ednea Luego de que el presidente Andr\u00e9s Manuel L\u00f3pez Obrador manifestara que hablar\u00e1 con quienes se encuentran en desacuerdo con el Proyecto Integral Morelos (PIM), \u201cpara llegar a arreglos y que haya beneficios que pueda cumplir como presidente\u201d, integrantes del Frente de Pueblos en Defensa de la\u2026","rel":"","context":"En &quot;10. Huexca&quot;","block_context":{"text":"10. Huexca","link":"https:\/\/www.grieta.org.mx\/index.php\/category\/espejos-de-la-resistencia\/10-huexca\/"},"img":{"alt_text":"","src":"https:\/\/i0.wp.com\/www.grieta.org.mx\/wp-content\/uploads\/2019\/07\/proyecto-integral-morelos-co.jpg?resize=350%2C200&ssl=1","width":350,"height":200,"srcset":"https:\/\/i0.wp.com\/www.grieta.org.mx\/wp-content\/uploads\/2019\/07\/proyecto-integral-morelos-co.jpg?resize=350%2C200&ssl=1 1x, https:\/\/i0.wp.com\/www.grieta.org.mx\/wp-content\/uploads\/2019\/07\/proyecto-integral-morelos-co.jpg?resize=525%2C300&ssl=1 1.5x"},"classes":[]},{"id":56863,"url":"https:\/\/www.grieta.org.mx\/index.php\/2021\/02\/01\/pobladores-y-ejidatarios-de-yecapixtla-acusan-traicion-total-de-amlo-por-continuar-obras-de-termoelectrica-de-huexca-video\/","url_meta":{"origin":37578,"position":1},"title":"Pobladores y ejidatarios de Yecapixtla acusan \u201ctraici\u00f3n total\u201d de AMLO por continuar obras de termoel\u00e9ctrica de Huexca (Video)","author":"grieta","date":"1 febrero, 2021","format":false,"excerpt":"Cecilia Reynoso \/ Latinus Ejidatarios y habitantes de la comunidad ind\u00edgena de Yecapixtla, Morelos, acusan que el presidente L\u00f3pez Obrador y su gobierno cometen una \u201ctraici\u00f3n total\u201d al continuar las obras de la termoel\u00e9ctrica de Huexca, construida por la Comisi\u00f3n Federal de Electricidad (CFE) de 2012 a 2017. La termoel\u00e9ctrica\u2026","rel":"","context":"En &quot;10. Huexca&quot;","block_context":{"text":"10. Huexca","link":"https:\/\/www.grieta.org.mx\/index.php\/category\/espejos-de-la-resistencia\/10-huexca\/"},"img":{"alt_text":"","src":"https:\/\/i0.wp.com\/www.grieta.org.mx\/wp-content\/uploads\/2021\/02\/Screenshot_2021-02-09-Pobladores-y-ejidatarios-de-Yecapixtla-acusan-traicion-total-de-AMLO-por-continuar-obras-de-termoel....png?resize=350%2C200&ssl=1","width":350,"height":200,"srcset":"https:\/\/i0.wp.com\/www.grieta.org.mx\/wp-content\/uploads\/2021\/02\/Screenshot_2021-02-09-Pobladores-y-ejidatarios-de-Yecapixtla-acusan-traicion-total-de-AMLO-por-continuar-obras-de-termoel....png?resize=350%2C200&ssl=1 1x, https:\/\/i0.wp.com\/www.grieta.org.mx\/wp-content\/uploads\/2021\/02\/Screenshot_2021-02-09-Pobladores-y-ejidatarios-de-Yecapixtla-acusan-traicion-total-de-AMLO-por-continuar-obras-de-termoel....png?resize=525%2C300&ssl=1 1.5x, https:\/\/i0.wp.com\/www.grieta.org.mx\/wp-content\/uploads\/2021\/02\/Screenshot_2021-02-09-Pobladores-y-ejidatarios-de-Yecapixtla-acusan-traicion-total-de-AMLO-por-continuar-obras-de-termoel....png?resize=700%2C400&ssl=1 2x"},"classes":[]},{"id":30327,"url":"https:\/\/www.grieta.org.mx\/index.php\/2019\/03\/04\/traera-riesgos-termoelectrica-de-huexca-para-tlaxcala\/","url_meta":{"origin":37578,"position":2},"title":"Traer\u00e1 riesgos termoel\u00e9ctrica de Huexca para Tlaxcala","author":"grieta","date":"4 marzo, 2019","format":false,"excerpt":"Rub\u00e9n Hern\u00e1ndez\/ Quadrat\u00edn Tlaxcala TLAXCALA, Tlax., 04 de marzo de 2019.- La continuidad y operaci\u00f3n de la termoel\u00e9ctrica en Huexca, traer\u00e1 riesgos ambientales, de protecci\u00f3n civil y altos costos econ\u00f3micos para Tlaxcala, Puebla y Morelos, sostuvo el coordinador nacional de la asociaci\u00f3n civil Agua para todos, Agua para la vida,\u2026","rel":"","context":"En &quot;CINTILLO&quot;","block_context":{"text":"CINTILLO","link":"https:\/\/www.grieta.org.mx\/index.php\/category\/cintillo\/"},"img":{"alt_text":"","src":"https:\/\/i0.wp.com\/www.grieta.org.mx\/wp-content\/uploads\/2019\/03\/asociaci%C3%B3n-civil-Agua-para-todos-Agua-para-la-vida-1160x700.jpg?resize=350%2C200&ssl=1","width":350,"height":200,"srcset":"https:\/\/i0.wp.com\/www.grieta.org.mx\/wp-content\/uploads\/2019\/03\/asociaci%C3%B3n-civil-Agua-para-todos-Agua-para-la-vida-1160x700.jpg?resize=350%2C200&ssl=1 1x, https:\/\/i0.wp.com\/www.grieta.org.mx\/wp-content\/uploads\/2019\/03\/asociaci%C3%B3n-civil-Agua-para-todos-Agua-para-la-vida-1160x700.jpg?resize=525%2C300&ssl=1 1.5x, https:\/\/i0.wp.com\/www.grieta.org.mx\/wp-content\/uploads\/2019\/03\/asociaci%C3%B3n-civil-Agua-para-todos-Agua-para-la-vida-1160x700.jpg?resize=700%2C400&ssl=1 2x, https:\/\/i0.wp.com\/www.grieta.org.mx\/wp-content\/uploads\/2019\/03\/asociaci%C3%B3n-civil-Agua-para-todos-Agua-para-la-vida-1160x700.jpg?resize=1050%2C600&ssl=1 3x"},"classes":[]},{"id":55442,"url":"https:\/\/www.grieta.org.mx\/index.php\/2020\/11\/25\/pueblos-planean-tomar-carreteras-para-frenar-termoelectrica-de-huexca-morelos-puebla-tlaxcala\/","url_meta":{"origin":37578,"position":3},"title":"Pueblos planean tomar carreteras para frenar termoel\u00e9ctrica de Huexca (Morelos, Puebla, Tlaxcala)","author":"Admin","date":"25 noviembre, 2020","format":false,"excerpt":"Texto y Fotos: Estrella Pedroza \/ La Silla Rota CIUDAD AYALA.- Desde la cuna del agrarismo, los pueblos de Morelos emprendieron acciones de protesta por la irrupci\u00f3n de la Guardia Nacional al plant\u00f3n San Pedro Apatlaco, situado a las orillas del R\u00edo Cuautla en Ciudad Ayala, que se instal\u00f3 desde\u2026","rel":"","context":"En &quot;10. Huexca&quot;","block_context":{"text":"10. Huexca","link":"https:\/\/www.grieta.org.mx\/index.php\/category\/espejos-de-la-resistencia\/10-huexca\/"},"img":{"alt_text":"","src":"https:\/\/i0.wp.com\/www.grieta.org.mx\/wp-content\/uploads\/2020\/11\/Captura-de-Pantalla-2020-11-25-a-las-14.17.48.png?resize=350%2C200&ssl=1","width":350,"height":200,"srcset":"https:\/\/i0.wp.com\/www.grieta.org.mx\/wp-content\/uploads\/2020\/11\/Captura-de-Pantalla-2020-11-25-a-las-14.17.48.png?resize=350%2C200&ssl=1 1x, https:\/\/i0.wp.com\/www.grieta.org.mx\/wp-content\/uploads\/2020\/11\/Captura-de-Pantalla-2020-11-25-a-las-14.17.48.png?resize=525%2C300&ssl=1 1.5x, https:\/\/i0.wp.com\/www.grieta.org.mx\/wp-content\/uploads\/2020\/11\/Captura-de-Pantalla-2020-11-25-a-las-14.17.48.png?resize=700%2C400&ssl=1 2x, https:\/\/i0.wp.com\/www.grieta.org.mx\/wp-content\/uploads\/2020\/11\/Captura-de-Pantalla-2020-11-25-a-las-14.17.48.png?resize=1050%2C600&ssl=1 3x, https:\/\/i0.wp.com\/www.grieta.org.mx\/wp-content\/uploads\/2020\/11\/Captura-de-Pantalla-2020-11-25-a-las-14.17.48.png?resize=1400%2C800&ssl=1 4x"},"classes":[]},{"id":29268,"url":"https:\/\/www.grieta.org.mx\/index.php\/2019\/02\/20\/asesinan-a-lider-de-opositores-a-la-termoelectrica-en-morelos\/","url_meta":{"origin":37578,"position":4},"title":"Asesinan a l\u00edder de opositores a la termoel\u00e9ctrica en Morelos","author":"grieta","date":"20 febrero, 2019","format":false,"excerpt":"Redacci\u00f3n \/ Quadratin Morelos TEMOAC, Mor., 20 de Febrero del 2019.- Fue confirmada la muerte de Samir Flores Soberanes tras un ataque armado la madrugada de este mi\u00e9rcoles en su domicilio en Amilcingo por un comando armado, seg\u00fan los primeros reportes. Se trata de qui\u00e9n encabez\u00f3 desde el inicio de\u2026","rel":"","context":"En &quot;10. Huexca&quot;","block_context":{"text":"10. Huexca","link":"https:\/\/www.grieta.org.mx\/index.php\/category\/espejos-de-la-resistencia\/10-huexca\/"},"img":{"alt_text":"","src":"https:\/\/i0.wp.com\/www.grieta.org.mx\/wp-content\/uploads\/2019\/02\/IMG_20190220_075909-1160x700.jpg?resize=350%2C200&ssl=1","width":350,"height":200,"srcset":"https:\/\/i0.wp.com\/www.grieta.org.mx\/wp-content\/uploads\/2019\/02\/IMG_20190220_075909-1160x700.jpg?resize=350%2C200&ssl=1 1x, https:\/\/i0.wp.com\/www.grieta.org.mx\/wp-content\/uploads\/2019\/02\/IMG_20190220_075909-1160x700.jpg?resize=525%2C300&ssl=1 1.5x, https:\/\/i0.wp.com\/www.grieta.org.mx\/wp-content\/uploads\/2019\/02\/IMG_20190220_075909-1160x700.jpg?resize=700%2C400&ssl=1 2x, https:\/\/i0.wp.com\/www.grieta.org.mx\/wp-content\/uploads\/2019\/02\/IMG_20190220_075909-1160x700.jpg?resize=1050%2C600&ssl=1 3x"},"classes":[]},{"id":45678,"url":"https:\/\/www.grieta.org.mx\/index.php\/2020\/02\/21\/sigue-la-lucha-contra-la-termoelectrica-de-huexca-morelos\/","url_meta":{"origin":37578,"position":5},"title":"Sigue la lucha contra la Termoel\u00e9ctrica de Huexca  (Morelos)","author":"Admin","date":"21 febrero, 2020","format":false,"excerpt":"Dulce Gavi\u00f1a \/ El Sol de Cuautla Jaime Dom\u00ednguez P\u00e9rez, integrante del Frente de Pueblos en Defensa de la Tierra y el Agua de Morelos, Puebla y Tlaxcala reconoci\u00f3 que la lucha en contra de la Termoel\u00e9ctrica de Huexca sigue, y a\u00fan cuando se busca echar abajo los amparos que\u2026","rel":"","context":"En &quot;CINTILLO&quot;","block_context":{"text":"CINTILLO","link":"https:\/\/www.grieta.org.mx\/index.php\/category\/cintillo\/"},"img":{"alt_text":"","src":"https:\/\/i0.wp.com\/www.grieta.org.mx\/wp-content\/uploads\/2020\/03\/9-H2.jpg?resize=350%2C200&ssl=1","width":350,"height":200,"srcset":"https:\/\/i0.wp.com\/www.grieta.org.mx\/wp-content\/uploads\/2020\/03\/9-H2.jpg?resize=350%2C200&ssl=1 1x, https:\/\/i0.wp.com\/www.grieta.org.mx\/wp-content\/uploads\/2020\/03\/9-H2.jpg?resize=525%2C300&ssl=1 1.5x, https:\/\/i0.wp.com\/www.grieta.org.mx\/wp-content\/uploads\/2020\/03\/9-H2.jpg?resize=700%2C400&ssl=1 2x"},"classes":[]}],"_links":{"self":[{"href":"https:\/\/www.grieta.org.mx\/index.php\/wp-json\/wp\/v2\/posts\/37578","targetHints":{"allow":["GET"]}}],"collection":[{"href":"https:\/\/www.grieta.org.mx\/index.php\/wp-json\/wp\/v2\/posts"}],"about":[{"href":"https:\/\/www.grieta.org.mx\/index.php\/wp-json\/wp\/v2\/types\/post"}],"author":[{"embeddable":true,"href":"https:\/\/www.grieta.org.mx\/index.php\/wp-json\/wp\/v2\/users\/2"}],"replies":[{"embeddable":true,"href":"https:\/\/www.grieta.org.mx\/index.php\/wp-json\/wp\/v2\/comments?post=37578"}],"version-history":[{"count":1,"href":"https:\/\/www.grieta.org.mx\/index.php\/wp-json\/wp\/v2\/posts\/37578\/revisions"}],"predecessor-version":[{"id":37580,"href":"https:\/\/www.grieta.org.mx\/index.php\/wp-json\/wp\/v2\/posts\/37578\/revisions\/37580"}],"wp:featuredmedia":[{"embeddable":true,"href":"https:\/\/www.grieta.org.mx\/index.php\/wp-json\/wp\/v2\/media\/37579"}],"wp:attachment":[{"href":"https:\/\/www.grieta.org.mx\/index.php\/wp-json\/wp\/v2\/media?parent=37578"}],"wp:term":[{"taxonomy":"category","embeddable":true,"href":"https:\/\/www.grieta.org.mx\/index.php\/wp-json\/wp\/v2\/categories?post=37578"},{"taxonomy":"post_tag","embeddable":true,"href":"https:\/\/www.grieta.org.mx\/index.php\/wp-json\/wp\/v2\/tags?post=37578"}],"curies":[{"name":"wp","href":"https:\/\/api.w.org\/{rel}","templated":true}]}}