{"id":37556,"date":"2019-08-04T10:39:29","date_gmt":"2019-08-04T15:39:29","guid":{"rendered":"http:\/\/www.grieta.org.mx\/?p=37556"},"modified":"2019-08-07T10:44:20","modified_gmt":"2019-08-07T15:44:20","slug":"acribillan-al-periodista-jorge-ruiz-en-actopan-veracruz","status":"publish","type":"post","link":"https:\/\/www.grieta.org.mx\/index.php\/2019\/08\/04\/acribillan-al-periodista-jorge-ruiz-en-actopan-veracruz\/","title":{"rendered":"Acribillan al periodista Jorge Ruiz en Actopan, Veracruz"},"content":{"rendered":"<p><img loading=\"lazy\" decoding=\"async\" data-attachment-id=\"37557\" data-permalink=\"https:\/\/www.grieta.org.mx\/index.php\/2019\/08\/04\/acribillan-al-periodista-jorge-ruiz-en-actopan-veracruz\/actopan-1078x808\/\" data-orig-file=\"https:\/\/www.grieta.org.mx\/wp-content\/uploads\/2019\/08\/ACtopan-1078x808.jpg\" data-orig-size=\"1078,808\" data-comments-opened=\"0\" data-image-meta=\"{&quot;aperture&quot;:&quot;0&quot;,&quot;credit&quot;:&quot;&quot;,&quot;camera&quot;:&quot;&quot;,&quot;caption&quot;:&quot;&quot;,&quot;created_timestamp&quot;:&quot;0&quot;,&quot;copyright&quot;:&quot;&quot;,&quot;focal_length&quot;:&quot;0&quot;,&quot;iso&quot;:&quot;0&quot;,&quot;shutter_speed&quot;:&quot;0&quot;,&quot;title&quot;:&quot;&quot;,&quot;orientation&quot;:&quot;1&quot;}\" data-image-title=\"ACtopan-1078&amp;#215;808\" data-image-description=\"\" data-image-caption=\"\" data-medium-file=\"https:\/\/www.grieta.org.mx\/wp-content\/uploads\/2019\/08\/ACtopan-1078x808-300x225.jpg\" data-large-file=\"https:\/\/www.grieta.org.mx\/wp-content\/uploads\/2019\/08\/ACtopan-1078x808-1024x768.jpg\" class=\"alignleft wp-image-37557\" src=\"http:\/\/www.grieta.org.mx\/wp-content\/uploads\/2019\/08\/ACtopan-1078x808-1024x768.jpg\" alt=\"\" width=\"800\" height=\"600\" srcset=\"https:\/\/www.grieta.org.mx\/wp-content\/uploads\/2019\/08\/ACtopan-1078x808-1024x768.jpg 1024w, https:\/\/www.grieta.org.mx\/wp-content\/uploads\/2019\/08\/ACtopan-1078x808-300x225.jpg 300w, https:\/\/www.grieta.org.mx\/wp-content\/uploads\/2019\/08\/ACtopan-1078x808-768x576.jpg 768w, https:\/\/www.grieta.org.mx\/wp-content\/uploads\/2019\/08\/ACtopan-1078x808-667x500.jpg 667w, https:\/\/www.grieta.org.mx\/wp-content\/uploads\/2019\/08\/ACtopan-1078x808.jpg 1078w\" sizes=\"auto, (max-width: 800px) 100vw, 800px\" \/><\/p>\n<p>No\u00e9 Zavaleta \/ Proceso<\/p>\n<p>XALAPA, Ver. (proceso.com.mx).-Jorge Celestino Ruiz V\u00e1zquez, reportero de El Gr\u00e1fico de Xalapa en el municipio de Actopan y alrededores fue asesinado la noche del viernes cuando se encontraba en una tienda de abarrotes de su propiedad en la congregaci\u00f3n de La Bocanita.<\/p>\n<p>Ruiz V\u00e1zquez ya ten\u00eda antecedentes de amenazas e intimidaciones, su labor en El Gr\u00e1fico de Xalapa consist\u00eda en la cobertura informativa de los municipios de Actopan, Alto Lucero, La Antigua, entre otros.<\/p>\n<p>Se trata del primer comunicador asesinado durante la administraci\u00f3n del morenista Cuitl\u00e1huac Garc\u00eda Jim\u00e9nez en la entidad.<\/p>\n<p>Del 2011 a la fecha, 24 periodistas han sido asesinados en Veracruz -19 de ellos durante el sexenio del priista, Javier Duarte-  y 4 reporteros se encuentran desaparecidos.<\/p>\n<p>En sus redes sociales, el gobernador, Cuitl\u00e1huac Garc\u00eda tuite\u00f3:<\/p>\n<p><img loading=\"lazy\" decoding=\"async\" data-attachment-id=\"37558\" data-permalink=\"https:\/\/www.grieta.org.mx\/index.php\/2019\/08\/04\/acribillan-al-periodista-jorge-ruiz-en-actopan-veracruz\/screenshot_2019-08-07-acribillan-al-periodista-jorge-ruiz-en-actopan-veracruz-proceso\/\" data-orig-file=\"https:\/\/www.grieta.org.mx\/wp-content\/uploads\/2019\/08\/Screenshot_2019-08-07-Acribillan-al-periodista-Jorge-Ruiz-en-Actopan-Veracruz-Proceso.png\" data-orig-size=\"687,301\" data-comments-opened=\"0\" data-image-meta=\"{&quot;aperture&quot;:&quot;0&quot;,&quot;credit&quot;:&quot;&quot;,&quot;camera&quot;:&quot;&quot;,&quot;caption&quot;:&quot;&quot;,&quot;created_timestamp&quot;:&quot;0&quot;,&quot;copyright&quot;:&quot;&quot;,&quot;focal_length&quot;:&quot;0&quot;,&quot;iso&quot;:&quot;0&quot;,&quot;shutter_speed&quot;:&quot;0&quot;,&quot;title&quot;:&quot;&quot;,&quot;orientation&quot;:&quot;0&quot;}\" data-image-title=\"Screenshot_2019-08-07 Acribillan al periodista Jorge Ruiz en Actopan, Veracruz &amp;#8211; Proceso\" data-image-description=\"\" data-image-caption=\"\" data-medium-file=\"https:\/\/www.grieta.org.mx\/wp-content\/uploads\/2019\/08\/Screenshot_2019-08-07-Acribillan-al-periodista-Jorge-Ruiz-en-Actopan-Veracruz-Proceso-300x131.png\" data-large-file=\"https:\/\/www.grieta.org.mx\/wp-content\/uploads\/2019\/08\/Screenshot_2019-08-07-Acribillan-al-periodista-Jorge-Ruiz-en-Actopan-Veracruz-Proceso.png\" src=\"http:\/\/www.grieta.org.mx\/wp-content\/uploads\/2019\/08\/Screenshot_2019-08-07-Acribillan-al-periodista-Jorge-Ruiz-en-Actopan-Veracruz-Proceso.png\" alt=\"\" width=\"687\" height=\"301\" class=\"alignleft size-full wp-image-37558\" srcset=\"https:\/\/www.grieta.org.mx\/wp-content\/uploads\/2019\/08\/Screenshot_2019-08-07-Acribillan-al-periodista-Jorge-Ruiz-en-Actopan-Veracruz-Proceso.png 687w, https:\/\/www.grieta.org.mx\/wp-content\/uploads\/2019\/08\/Screenshot_2019-08-07-Acribillan-al-periodista-Jorge-Ruiz-en-Actopan-Veracruz-Proceso-300x131.png 300w\" sizes=\"auto, (max-width: 687px) 100vw, 687px\" \/><\/p>\n<p>Anteriormente, la vivienda de Ruiz V\u00e1zquez ya hab\u00eda sido baleada por sujetos desconocidos.<\/p>\n<p>El informe policial homologado indica que ayer a las  21:25 horas a la comandancia de Actopan, alert\u00f3 de m\u00faltiples detonaciones de arma de fuego en la tienda de abarrotes La Bocanita, propiedad del comunicador.<\/p>\n<p>El cuerpo de Ruz V\u00e1zquez fue trasladado al Semefo de Xalapa para practicarle la necropsia de rigor.<\/p>\n<p>El Secretario de Seguridad P\u00fablica (SSP) de Veracruz, Hugo Guti\u00e9rrez Maldonado inform\u00f3 que tras la ejecuci\u00f3n del reportero se despleg\u00f3 un operativo en busca de \u00e9l o los sicarios.<\/p>\n<p>\u201cReafirmando el compromiso de velar por la seguridad de los veracruzanos, se inici\u00f3 un despliegue de b\u00fasqueda para dar con el o los responsables de manera inmediata\u201d, expuso.<\/p>\n<p>El delegado del gobierno federal en Veracruz, Manuel Huerta Ladr\u00f3n, rechaz\u00f3 que sea obligaci\u00f3n gubernamental dar protecci\u00f3n a todos los periodistas que son v\u00edctimas de amenazas. <\/p>\n<p><a href=\"https:\/\/www.proceso.com.mx\/595411\/gobierno-de-veracruz-y-fiscalia-reparten-culpas-por-asesinato-de-periodista\">https:\/\/www.proceso.com.mx\/595411\/gobierno-de-veracruz-y-fiscalia-reparten-culpas-por-asesinato-de-periodista<\/a><\/p>\n","protected":false},"excerpt":{"rendered":"<p>No\u00e9 Zavaleta \/ Proceso XALAPA, Ver. (proceso.com.mx).-Jorge Celestino Ruiz V\u00e1zquez, reportero de El Gr\u00e1fico de Xalapa en el municipio de Actopan y alrededores fue asesinado la noche del viernes cuando &hellip; <a href=\"https:\/\/www.grieta.org.mx\/index.php\/2019\/08\/04\/acribillan-al-periodista-jorge-ruiz-en-actopan-veracruz\/\" class=\"more-link\">Leer m\u00e1s<\/a><\/p>\n","protected":false},"author":2,"featured_media":37557,"comment_status":"closed","ping_status":"closed","sticky":false,"template":"","format":"standard","meta":{"ngg_post_thumbnail":0,"_jetpack_newsletter_access":"","_jetpack_dont_email_post_to_subs":false,"_jetpack_newsletter_tier_id":0,"_jetpack_memberships_contains_paywalled_content":false,"_jetpack_memberships_contains_paid_content":false,"footnotes":""},"categories":[80,2,35,88,1221],"tags":[1180,2325,2331],"class_list":["post-37556","post","type-post","status-publish","format-standard","has-post-thumbnail","hentry","category-cintillo","category-noticias-nacionales","category-veracruz","category-violencia-contra-periodistas","category-violencia-contra-periodistas-en-veracruz","tag-asesinato-de-periodistas","tag-protestas-contra-asesionato-de-periodistas","tag-violencia-conta-periodistas","entry"],"jetpack_featured_media_url":"https:\/\/www.grieta.org.mx\/wp-content\/uploads\/2019\/08\/ACtopan-1078x808.jpg","jetpack_sharing_enabled":true,"jetpack_shortlink":"https:\/\/wp.me\/p7ZJR4-9LK","jetpack_likes_enabled":false,"jetpack-related-posts":[{"id":38890,"url":"https:\/\/www.grieta.org.mx\/index.php\/2019\/08\/15\/policias-de-veracruz-estarian-relacionados-con-el-asesinato-del-periodista-jorge-ruiz-fge\/","url_meta":{"origin":37556,"position":0},"title":"Polic\u00edas de Veracruz estar\u00edan relacionados con el asesinato del periodista Jorge Ruiz: FGE","author":"grieta","date":"15 agosto, 2019","format":false,"excerpt":"Redacci\u00f3n \/ Sin Embargo El pasado 2 de agosto el periodista colaborador del diario Gr\u00e1fico de Xalapa, fue asesinado en el municipio de Actopan. El Alcalde Paulino Dominguez, es el principal sospechoso de ser autor intelectual del homicidio. Al menos en 2 ocasiones, el periodista recibi\u00f3 amenazas y agresiones. La\u2026","rel":"","context":"En &quot;CINTILLO&quot;","block_context":{"text":"CINTILLO","link":"https:\/\/www.grieta.org.mx\/index.php\/category\/cintillo\/"},"img":{"alt_text":"","src":"https:\/\/i0.wp.com\/www.grieta.org.mx\/wp-content\/uploads\/2019\/09\/policias-nexo-asesinato-periodista.jpg?resize=350%2C200&ssl=1","width":350,"height":200,"srcset":"https:\/\/i0.wp.com\/www.grieta.org.mx\/wp-content\/uploads\/2019\/09\/policias-nexo-asesinato-periodista.jpg?resize=350%2C200&ssl=1 1x, https:\/\/i0.wp.com\/www.grieta.org.mx\/wp-content\/uploads\/2019\/09\/policias-nexo-asesinato-periodista.jpg?resize=525%2C300&ssl=1 1.5x, https:\/\/i0.wp.com\/www.grieta.org.mx\/wp-content\/uploads\/2019\/09\/policias-nexo-asesinato-periodista.jpg?resize=700%2C400&ssl=1 2x, https:\/\/i0.wp.com\/www.grieta.org.mx\/wp-content\/uploads\/2019\/09\/policias-nexo-asesinato-periodista.jpg?resize=1050%2C600&ssl=1 3x"},"classes":[]},{"id":37541,"url":"https:\/\/www.grieta.org.mx\/index.php\/2019\/08\/06\/alcalde-intento-silenciar-a-reportero-asesinado-en-veracruz\/","url_meta":{"origin":37556,"position":1},"title":"Alcalde intent\u00f3 silenciar a reportero asesinado en Veracruz","author":"grieta","date":"6 agosto, 2019","format":false,"excerpt":"Miguel \u00c1ngel Le\u00f3n Carmona \/ E-Consulta Veracruz Dos semanas antes del asesinato del reportero Celestino Ruiz, el alcalde de Actopan, Paulino Dom\u00ednguez, envi\u00f3 a un emisario para negociar su silencio con el jefe del periodista XALAPA, VERACRUZ.- Quince d\u00edas antes de ser acribillado, Jorge Ruiz V\u00e1zquez fue citado en la\u2026","rel":"","context":"En &quot;CINTILLO&quot;","block_context":{"text":"CINTILLO","link":"https:\/\/www.grieta.org.mx\/index.php\/category\/cintillo\/"},"img":{"alt_text":"","src":"https:\/\/i0.wp.com\/www.grieta.org.mx\/wp-content\/uploads\/2019\/08\/ppp-1040x570.jpeg?resize=350%2C200&ssl=1","width":350,"height":200,"srcset":"https:\/\/i0.wp.com\/www.grieta.org.mx\/wp-content\/uploads\/2019\/08\/ppp-1040x570.jpeg?resize=350%2C200&ssl=1 1x, https:\/\/i0.wp.com\/www.grieta.org.mx\/wp-content\/uploads\/2019\/08\/ppp-1040x570.jpeg?resize=525%2C300&ssl=1 1.5x, https:\/\/i0.wp.com\/www.grieta.org.mx\/wp-content\/uploads\/2019\/08\/ppp-1040x570.jpeg?resize=700%2C400&ssl=1 2x"},"classes":[]},{"id":37544,"url":"https:\/\/www.grieta.org.mx\/index.php\/2019\/08\/04\/periodistas-se-manifiestan-en-veracruz\/","url_meta":{"origin":37556,"position":2},"title":"Periodistas se manifiestan en Veracruz","author":"grieta","date":"4 agosto, 2019","format":false,"excerpt":"Redacci\u00f3n \/ El Horizonte Periodistas llevaban se pod\u00edan leer mensajes como \"Somos prensa, no disparen\", \"La verdad no se mata matando periodistas\" y \"Ni uno m\u00e1s\" Periodistas de esta ciudad y del municipio de Acayucan protestaron este s\u00e1bado luego del asesinato de Jorge Ruiz V\u00e1zquez, reportero del diario Gr\u00e1fico de\u2026","rel":"","context":"En &quot;CINTILLO&quot;","block_context":{"text":"CINTILLO","link":"https:\/\/www.grieta.org.mx\/index.php\/category\/cintillo\/"},"img":{"alt_text":"","src":"https:\/\/i0.wp.com\/www.grieta.org.mx\/wp-content\/uploads\/2019\/08\/Screenshot_2019-08-07-Periodistas-se-manifiestan-en-Veracruz.png?resize=350%2C200&ssl=1","width":350,"height":200,"srcset":"https:\/\/i0.wp.com\/www.grieta.org.mx\/wp-content\/uploads\/2019\/08\/Screenshot_2019-08-07-Periodistas-se-manifiestan-en-Veracruz.png?resize=350%2C200&ssl=1 1x, https:\/\/i0.wp.com\/www.grieta.org.mx\/wp-content\/uploads\/2019\/08\/Screenshot_2019-08-07-Periodistas-se-manifiestan-en-Veracruz.png?resize=525%2C300&ssl=1 1.5x, https:\/\/i0.wp.com\/www.grieta.org.mx\/wp-content\/uploads\/2019\/08\/Screenshot_2019-08-07-Periodistas-se-manifiestan-en-Veracruz.png?resize=700%2C400&ssl=1 2x"},"classes":[]},{"id":37523,"url":"https:\/\/www.grieta.org.mx\/index.php\/2019\/08\/03\/asesinan-a-tres-periodistas-en-mexico-en-menos-de-una-semana\/","url_meta":{"origin":37556,"position":3},"title":"Asesinan a tres periodistas en M\u00e9xico en menos de una semana","author":"grieta","date":"3 agosto, 2019","format":false,"excerpt":"Dos periodistas mexicanos fueron asesinados a bala en 24 horas. Van tres en menos de una semana. Desde el 1\u00b0 de diciembre de 2018, fecha en la que AMLO asumi\u00f3 la presidencia, han muerto 13 reporteros violentamente. El reportero Jorge Celestino Ruiz, del diario El Gr\u00e1fico de Xalapa, fue atacado\u2026","rel":"","context":"En &quot;CINTILLO&quot;","block_context":{"text":"CINTILLO","link":"https:\/\/www.grieta.org.mx\/index.php\/category\/cintillo\/"},"img":{"alt_text":"","src":"https:\/\/i0.wp.com\/www.grieta.org.mx\/wp-content\/uploads\/2019\/08\/49876605_303.jpg?resize=350%2C200&ssl=1","width":350,"height":200,"srcset":"https:\/\/i0.wp.com\/www.grieta.org.mx\/wp-content\/uploads\/2019\/08\/49876605_303.jpg?resize=350%2C200&ssl=1 1x, https:\/\/i0.wp.com\/www.grieta.org.mx\/wp-content\/uploads\/2019\/08\/49876605_303.jpg?resize=525%2C300&ssl=1 1.5x, https:\/\/i0.wp.com\/www.grieta.org.mx\/wp-content\/uploads\/2019\/08\/49876605_303.jpg?resize=700%2C400&ssl=1 2x"},"classes":[]},{"id":27973,"url":"https:\/\/www.grieta.org.mx\/index.php\/2019\/01\/02\/exigen-justicia-para-el-periodista-moises-sanchez-asesinado-hace-cuatro-anos-veracruz\/","url_meta":{"origin":37556,"position":4},"title":"Exigen justicia para el periodista Mois\u00e9s S\u00e1nchez asesinado hace cuatro a\u00f1os (Veracruz)","author":"grieta","date":"2 enero, 2019","format":false,"excerpt":"Jos\u00e9 Morales | Diario de Xalapa Jorge S\u00e1nchez asegur\u00f3 que hay irregularidades en la investigaci\u00f3n Xalapa.- Jorge S\u00e1nchez, hijo del periodista Mois\u00e9s S\u00e1nchez acompa\u00f1ado de otras personas realizaron a primeras horas de este mi\u00e9rcoles una pinta sobre la plaza Lerdo donde se puede leer la palabra impunidad. Aunque no hubo\u2026","rel":"","context":"En &quot;CINTILLO&quot;","block_context":{"text":"CINTILLO","link":"https:\/\/www.grieta.org.mx\/index.php\/category\/cintillo\/"},"img":{"alt_text":"","src":"https:\/\/i0.wp.com\/www.grieta.org.mx\/wp-content\/uploads\/2019\/01\/protesta-DIARIO-DE-XALAPA.2.jpg?resize=350%2C200&ssl=1","width":350,"height":200,"srcset":"https:\/\/i0.wp.com\/www.grieta.org.mx\/wp-content\/uploads\/2019\/01\/protesta-DIARIO-DE-XALAPA.2.jpg?resize=350%2C200&ssl=1 1x, https:\/\/i0.wp.com\/www.grieta.org.mx\/wp-content\/uploads\/2019\/01\/protesta-DIARIO-DE-XALAPA.2.jpg?resize=525%2C300&ssl=1 1.5x, https:\/\/i0.wp.com\/www.grieta.org.mx\/wp-content\/uploads\/2019\/01\/protesta-DIARIO-DE-XALAPA.2.jpg?resize=700%2C400&ssl=1 2x"},"classes":[]},{"id":39587,"url":"https:\/\/www.grieta.org.mx\/index.php\/2019\/09\/09\/veracruz-un-estado-letal-para-periodistas\/","url_meta":{"origin":37556,"position":5},"title":"Veracruz, un estado letal para periodistas","author":"grieta","date":"9 septiembre, 2019","format":false,"excerpt":"MIGUEL \u00c1NGEL LE\u00d3N CARMONA \/ La Silla Rota Xalapa, Ver. - Salarios que, en promedio, oscilan entre los 100 pesos diarios (5 d\u00f3lares), falta de profesionalizaci\u00f3n, pol\u00edticos reaccionarios y disputas entre c\u00e1rteles de la droga, hacen de Veracruz un c\u00edrculo vicioso donde 23 periodistas han sido asesinados en los \u00faltimos\u2026","rel":"","context":"En &quot;CINTILLO&quot;","block_context":{"text":"CINTILLO","link":"https:\/\/www.grieta.org.mx\/index.php\/category\/cintillo\/"},"img":{"alt_text":"","src":"https:\/\/i0.wp.com\/www.grieta.org.mx\/wp-content\/uploads\/2019\/09\/whatsappimage20190909at9.53.03pm-focus-0-0-983-557.jpg?resize=350%2C200&ssl=1","width":350,"height":200,"srcset":"https:\/\/i0.wp.com\/www.grieta.org.mx\/wp-content\/uploads\/2019\/09\/whatsappimage20190909at9.53.03pm-focus-0-0-983-557.jpg?resize=350%2C200&ssl=1 1x, https:\/\/i0.wp.com\/www.grieta.org.mx\/wp-content\/uploads\/2019\/09\/whatsappimage20190909at9.53.03pm-focus-0-0-983-557.jpg?resize=525%2C300&ssl=1 1.5x, https:\/\/i0.wp.com\/www.grieta.org.mx\/wp-content\/uploads\/2019\/09\/whatsappimage20190909at9.53.03pm-focus-0-0-983-557.jpg?resize=700%2C400&ssl=1 2x"},"classes":[]}],"_links":{"self":[{"href":"https:\/\/www.grieta.org.mx\/index.php\/wp-json\/wp\/v2\/posts\/37556","targetHints":{"allow":["GET"]}}],"collection":[{"href":"https:\/\/www.grieta.org.mx\/index.php\/wp-json\/wp\/v2\/posts"}],"about":[{"href":"https:\/\/www.grieta.org.mx\/index.php\/wp-json\/wp\/v2\/types\/post"}],"author":[{"embeddable":true,"href":"https:\/\/www.grieta.org.mx\/index.php\/wp-json\/wp\/v2\/users\/2"}],"replies":[{"embeddable":true,"href":"https:\/\/www.grieta.org.mx\/index.php\/wp-json\/wp\/v2\/comments?post=37556"}],"version-history":[{"count":1,"href":"https:\/\/www.grieta.org.mx\/index.php\/wp-json\/wp\/v2\/posts\/37556\/revisions"}],"predecessor-version":[{"id":37559,"href":"https:\/\/www.grieta.org.mx\/index.php\/wp-json\/wp\/v2\/posts\/37556\/revisions\/37559"}],"wp:featuredmedia":[{"embeddable":true,"href":"https:\/\/www.grieta.org.mx\/index.php\/wp-json\/wp\/v2\/media\/37557"}],"wp:attachment":[{"href":"https:\/\/www.grieta.org.mx\/index.php\/wp-json\/wp\/v2\/media?parent=37556"}],"wp:term":[{"taxonomy":"category","embeddable":true,"href":"https:\/\/www.grieta.org.mx\/index.php\/wp-json\/wp\/v2\/categories?post=37556"},{"taxonomy":"post_tag","embeddable":true,"href":"https:\/\/www.grieta.org.mx\/index.php\/wp-json\/wp\/v2\/tags?post=37556"}],"curies":[{"name":"wp","href":"https:\/\/api.w.org\/{rel}","templated":true}]}}