{"id":37554,"date":"2019-08-04T10:35:35","date_gmt":"2019-08-04T15:35:35","guid":{"rendered":"http:\/\/www.grieta.org.mx\/?p=37554"},"modified":"2019-08-07T10:38:59","modified_gmt":"2019-08-07T15:38:59","slug":"convocatoria-a-asamblea-el-istmo-es-nuestro-6-7-y-8-de-septiembre-en-juchitan-oaxaca","status":"publish","type":"post","link":"https:\/\/www.grieta.org.mx\/index.php\/2019\/08\/04\/convocatoria-a-asamblea-el-istmo-es-nuestro-6-7-y-8-de-septiembre-en-juchitan-oaxaca\/","title":{"rendered":"Convocatoria a Asamblea \u00abEl Istmo es Nuestro\u00bb 6, 7 y 8 de septiembre en Juchit\u00e1n, Oaxaca"},"content":{"rendered":"<p><img loading=\"lazy\" decoding=\"async\" data-attachment-id=\"33008\" data-permalink=\"https:\/\/www.grieta.org.mx\/index.php\/2019\/05\/04\/informamos-de-la-desaparicion-forzada-del-concejal-del-cig-cni-jose-lucio-bartolo-faustino-y-del-delegado-del-cni-modesto-verales-sebastian-en-el-estado-de-guerrero\/logo-cni-to-3\/\" data-orig-file=\"https:\/\/www.grieta.org.mx\/wp-content\/uploads\/2019\/05\/logo-CNI-To.png\" data-orig-size=\"558,303\" data-comments-opened=\"0\" data-image-meta=\"{&quot;aperture&quot;:&quot;0&quot;,&quot;credit&quot;:&quot;&quot;,&quot;camera&quot;:&quot;&quot;,&quot;caption&quot;:&quot;&quot;,&quot;created_timestamp&quot;:&quot;0&quot;,&quot;copyright&quot;:&quot;&quot;,&quot;focal_length&quot;:&quot;0&quot;,&quot;iso&quot;:&quot;0&quot;,&quot;shutter_speed&quot;:&quot;0&quot;,&quot;title&quot;:&quot;&quot;,&quot;orientation&quot;:&quot;0&quot;}\" data-image-title=\"logo-CNI-To\" data-image-description=\"\" data-image-caption=\"\" data-medium-file=\"https:\/\/www.grieta.org.mx\/wp-content\/uploads\/2019\/05\/logo-CNI-To-300x163.png\" data-large-file=\"https:\/\/www.grieta.org.mx\/wp-content\/uploads\/2019\/05\/logo-CNI-To.png\" src=\"http:\/\/www.grieta.org.mx\/wp-content\/uploads\/2019\/05\/logo-CNI-To.png\" alt=\"\" width=\"558\" height=\"303\" class=\"alignleft size-full wp-image-33008\" srcset=\"https:\/\/www.grieta.org.mx\/wp-content\/uploads\/2019\/05\/logo-CNI-To.png 558w, https:\/\/www.grieta.org.mx\/wp-content\/uploads\/2019\/05\/logo-CNI-To-300x163.png 300w\" sizes=\"auto, (max-width: 558px) 100vw, 558px\" \/><\/p>\n<p>LES ESCRIBIMOS MUJERES Y HOMBRES DE OAXACA, EN TIEMPO DE SIEMBRA DE MILPA, CULTIVO DE MA\u00cdZ, CALABAZA Y FRIJOL QUE DESDE NUESTROS ANTEPASADOS HACE POSIBLE LA SUPERVIVENCIA Y LA RESISTENCIA DE NUESTROS PUEBLOS HASTA EL D\u00cdA DE HOY. NUESTRA PALABRA VIENE DEL SUR DE M\u00c9XICO, DESDE NUESTROS TERRITORIOS COMO PUEBLOS MIXTECOS, ZAPOTECOS, TRIQUIS, MIXES, CHATINOS, CHINANTECOS, HUAVES, MAZATECOS, AMUZGOS, NAHUAS, ZOQUES, CHONTALES, CUICATECOS IXCATECOS, CHOCHOLTECOS, TACUATES, AFRODESCENDIENTES Y TZOTZILES.<\/p>\n<p>CONSIDERANDO QUE OAXACA ES UNO DE LOS ESTADOS CON MAYOR BIODIVERSIDAD, CON UNA EXTRAORDINARIA RIQUEZA CULTURAL DE 16 LENGUAS Y CULTURAS DE PUEBLOS ORIGINARIOS, DONDE LOS GOBIERNOS NEOLIBERALES EST\u00c1N ENTREGANDO CIENTOS DE MILES DE HECT\u00c1REAS DE TERRITORIOS IND\u00cdGENAS EN CONCESI\u00d3N A EMPRESAS MINERAS, E\u00d3LICAS, EXPLOTADORAS DE AGUA E INCLUSO A MAFIAS MADERERAS, Y ACTUALMENTE CONTEMPLAN COMO PROYECTOS DEL SEXENIO: EL MEGAPROYECTO DEL CORREDOR TRANS\u00cdSTMICO, EL LLAMADO \u201cTREN MAYA\u201d, EL PROYECTO INTEGRAL MORELOS, Y UNA OLA DE MEGAPROYECTOS DE MUERTE QUE SE PRETENDEN LEGITIMAR CON LA FARSA Y SIMULACI\u00d3N DE CONSULTAS A LOS PUEBLOS IND\u00cdGENAS.<\/p>\n<p>NOSOTR@S DECIDIMOS CONTINUAR CON LA DEFENSA DE NUESTRAS TIERRAS, TERRITORIOS Y ESPACIOS DE VIDA TANTO EN NUESTROS PUEBLOS COMO EN LAS CIUDADES, TEJIENDO REDES DE SOLIDARIDAD, FORTALECIENDO NUESTRAS LUCHAS Y RESISTENCIAS. POR LO CUAL Y EN SEGUIMIENTO A LOS ACUERDOS DE LA ASAMBLEA<\/p>\n<p>EN AMILCINGO, MORELOS LOS D\u00cdAS 8 Y 9 DE ABRIL DE 2019;<\/p>\n<p>CONVOCAMOS<\/p>\n<p>A LA ASAMBLEA NACIONAL ENTRE LOS PUEBLOS DEL CONGRESO NACIONAL IND\u00cdGENA\/CONCEJO IND\u00cdGENA DE GOBIERNO Y LOS ADHERENTES A LA SEXTA, REDES DE REBELD\u00cdA Y RESISTENCIA, ORGANIZACIONES Y COLECTIVOS QUE SE ORGANIZAN Y LUCHAN CONTRA EL PATRIARCADO, EL CAPITALISMO Y LOS MALOS GOBIERNOS \u201cEL ISTMO ES NUESTRO\u201d, A REALIZARCE LOS D\u00cdAS 6, 7 Y 8 DE SEPTIEMBRE DE 2019, EN JUCHIT\u00c1N, OAXACA.<\/p>\n<p>PARA M\u00c1S INFORMACI\u00d3N Y CONFIRMAR SU ASISTENCIA, FAVOR DE ESCRIBIR AL<\/p>\n<p>CORREO: cni-istmo@riseup.net.<\/p>\n<p>POR FAVOR TRAER CASA DE ACAMPAR, COBIJA, REPELENTE, VASO, PLATO HONDO Y CUBIERTOS.<\/p>\n<p><a href=\"https:\/\/www.congresonacionalindigena.org\/2019\/08\/04\/convocatoria-a-asamblea-el-istmo-es-nuestro-6-7-y-8-de-septiembre-en-juchitan-oaxaca\/\">https:\/\/www.congresonacionalindigena.org\/2019\/08\/04\/convocatoria-a-asamblea-el-istmo-es-nuestro-6-7-y-8-de-septiembre-en-juchitan-oaxaca\/<\/a><\/p>\n","protected":false},"excerpt":{"rendered":"<p>LES ESCRIBIMOS MUJERES Y HOMBRES DE OAXACA, EN TIEMPO DE SIEMBRA DE MILPA, CULTIVO DE MA\u00cdZ, CALABAZA Y FRIJOL QUE DESDE NUESTROS ANTEPASADOS HACE POSIBLE LA SUPERVIVENCIA Y LA RESISTENCIA &hellip; <a href=\"https:\/\/www.grieta.org.mx\/index.php\/2019\/08\/04\/convocatoria-a-asamblea-el-istmo-es-nuestro-6-7-y-8-de-septiembre-en-juchitan-oaxaca\/\" class=\"more-link\">Leer m\u00e1s<\/a><\/p>\n","protected":false},"author":2,"featured_media":33008,"comment_status":"closed","ping_status":"closed","sticky":false,"template":"","format":"standard","meta":{"ngg_post_thumbnail":0,"_jetpack_newsletter_access":"","_jetpack_dont_email_post_to_subs":false,"_jetpack_newsletter_tier_id":0,"_jetpack_memberships_contains_paywalled_content":false,"_jetpack_memberships_contains_paid_content":false,"footnotes":""},"categories":[80,79],"tags":[1005,95,466],"class_list":["post-37554","post","type-post","status-publish","format-standard","has-post-thumbnail","hentry","category-cintillo","category-cni","tag-cig","tag-cni","tag-ezln","entry"],"jetpack_featured_media_url":"https:\/\/www.grieta.org.mx\/wp-content\/uploads\/2019\/05\/logo-CNI-To.png","jetpack_sharing_enabled":true,"jetpack_shortlink":"https:\/\/wp.me\/p7ZJR4-9LI","jetpack_likes_enabled":false,"jetpack-related-posts":[{"id":12405,"url":"https:\/\/www.grieta.org.mx\/index.php\/2016\/05\/16\/comunicado-conjunto-cni-ezln-sobre-la-agresion-al-pueblo-de-alvaro-obregon-oaxaca\/","url_meta":{"origin":37554,"position":0},"title":"Comunicado conjunto CNI-EZLN sobre la agresi\u00f3n al pueblo de \u00c1lvaro Obreg\u00f3n, Oaxaca","author":"grieta","date":"16 mayo, 2016","format":false,"excerpt":"CONGRESO NACIONAL IND\u00cdGENA EJ\u00c9RCITO ZAPATISTA DE LIBERACI\u00d3N NACIONAL A los medios de comunicaci\u00f3n A las organizaciones solidarias A las organizaciones defensoras de derechos humanos Al digno pueblo binizza de \u00c1lvaro Obreg\u00f3n, Juchit\u00e1n, Oaxaca Hermanas y hermanos Con rabia e indignaci\u00f3n vemos desde nuestros pueblos, tribus, comunidades, organizaciones y barrios, como\u2026","rel":"","context":"En &quot;CINTILLO&quot;","block_context":{"text":"CINTILLO","link":"https:\/\/www.grieta.org.mx\/index.php\/category\/cintillo\/"},"img":{"alt_text":"","src":"https:\/\/i0.wp.com\/www.grieta.org.mx\/wp-content\/uploads\/2018\/03\/14524434_1106112876131411_958039263622046936_o.jpg?resize=350%2C200&ssl=1","width":350,"height":200,"srcset":"https:\/\/i0.wp.com\/www.grieta.org.mx\/wp-content\/uploads\/2018\/03\/14524434_1106112876131411_958039263622046936_o.jpg?resize=350%2C200&ssl=1 1x, https:\/\/i0.wp.com\/www.grieta.org.mx\/wp-content\/uploads\/2018\/03\/14524434_1106112876131411_958039263622046936_o.jpg?resize=525%2C300&ssl=1 1.5x, https:\/\/i0.wp.com\/www.grieta.org.mx\/wp-content\/uploads\/2018\/03\/14524434_1106112876131411_958039263622046936_o.jpg?resize=700%2C400&ssl=1 2x"},"classes":[]},{"id":40074,"url":"https:\/\/www.grieta.org.mx\/index.php\/2019\/10\/08\/resistencias-en-oaxaca-se-suman-a-jornada-global-samir-flores-vive\/","url_meta":{"origin":37554,"position":1},"title":"Resistencias en Oaxaca se suman a jornada global Samir Flores Vive","author":"grieta","date":"8 octubre, 2019","format":false,"excerpt":"Avispa Midia \/ Rafael E. Lozano Conferencia de prensa Oaxaca, 7 de oct. Foto: Rafael E Lozano\/Avispa Midia Autoridades de los pueblos ind\u00edgenas de Santa Catarina Lachatao y de Magdalena Teitipac junto a organizaciones y colectivos de Oaxaca anunciaron este lunes 7 de octubre, en conferencia de prensa, que se\u2026","rel":"","context":"En &quot;CINTILLO&quot;","block_context":{"text":"CINTILLO","link":"https:\/\/www.grieta.org.mx\/index.php\/category\/cintillo\/"},"img":{"alt_text":"","src":"https:\/\/i0.wp.com\/www.grieta.org.mx\/wp-content\/uploads\/2019\/10\/Jornada-Samir-Flores-Vive-Oaxaca.jpg?resize=350%2C200&ssl=1","width":350,"height":200,"srcset":"https:\/\/i0.wp.com\/www.grieta.org.mx\/wp-content\/uploads\/2019\/10\/Jornada-Samir-Flores-Vive-Oaxaca.jpg?resize=350%2C200&ssl=1 1x, https:\/\/i0.wp.com\/www.grieta.org.mx\/wp-content\/uploads\/2019\/10\/Jornada-Samir-Flores-Vive-Oaxaca.jpg?resize=525%2C300&ssl=1 1.5x, https:\/\/i0.wp.com\/www.grieta.org.mx\/wp-content\/uploads\/2019\/10\/Jornada-Samir-Flores-Vive-Oaxaca.jpg?resize=700%2C400&ssl=1 2x"},"classes":[]},{"id":40101,"url":"https:\/\/www.grieta.org.mx\/index.php\/2019\/10\/10\/comunicado-urgente-firma-solidaria-con-codedi-oaxaca\/","url_meta":{"origin":37554,"position":2},"title":"COMUNICADO URGENTE FIRMA SOLIDARIA CON CODEDI (OAXACA)","author":"grieta","date":"10 octubre, 2019","format":false,"excerpt":"A LAS COMUNIDADES Y LOS PUEBLOS IND\u00cdGENAS A LAS ORGANIZACIONES SOCIALES, COLECTIVOS, Y ORGANISMOS DE DERECHOS HUMANOS A TOD@S L@S QUE DEFIENDEN NUESTROS DERECHOS Y TERRITORIOS! A LA OPINI\u00d3N P\u00daBLICA \u00a1ALTO A LA REPRESI\u00d3N! Est\u00e1 clara la intenci\u00f3n de los se\u00f1ores del poder y del dinero: Destruir a como d\u00e9\u2026","rel":"","context":"En &quot;CINTILLO&quot;","block_context":{"text":"CINTILLO","link":"https:\/\/www.grieta.org.mx\/index.php\/category\/cintillo\/"},"img":{"alt_text":"","src":"https:\/\/i0.wp.com\/www.grieta.org.mx\/wp-content\/uploads\/2019\/10\/logo-CNI-To.png?resize=350%2C200&ssl=1","width":350,"height":200,"srcset":"https:\/\/i0.wp.com\/www.grieta.org.mx\/wp-content\/uploads\/2019\/10\/logo-CNI-To.png?resize=350%2C200&ssl=1 1x, https:\/\/i0.wp.com\/www.grieta.org.mx\/wp-content\/uploads\/2019\/10\/logo-CNI-To.png?resize=525%2C300&ssl=1 1.5x"},"classes":[]},{"id":44825,"url":"https:\/\/www.grieta.org.mx\/index.php\/2020\/02\/21\/convocan-a-asamblea-en-defensa-del-territorio-oaxaca\/","url_meta":{"origin":37554,"position":3},"title":"Convocan a asamblea en defensa del territorio (Oaxaca)","author":"grieta","date":"21 febrero, 2020","format":false,"excerpt":"Noticias \/ Octavio V\u00e9lez. Pueblos, comunidades, organizaciones, sindicatos y colectivos se unieron para celebrar ma\u00f1ana la Asamblea Oaxaque\u00f1a en Defensa de la Tierra y el Territorio, ante las amenazas y despojos territoriales que violan los derechos de los pueblos ind\u00edgenas. En rueda de prensa, la vocera Hilaria L\u00f3pez L\u00f3pez sostuvo\u2026","rel":"","context":"En &quot;CINTILLO&quot;","block_context":{"text":"CINTILLO","link":"https:\/\/www.grieta.org.mx\/index.php\/category\/cintillo\/"},"img":{"alt_text":"","src":"https:\/\/i0.wp.com\/www.grieta.org.mx\/wp-content\/uploads\/2020\/02\/unnamed_0.jpg?resize=350%2C200&ssl=1","width":350,"height":200,"srcset":"https:\/\/i0.wp.com\/www.grieta.org.mx\/wp-content\/uploads\/2020\/02\/unnamed_0.jpg?resize=350%2C200&ssl=1 1x, https:\/\/i0.wp.com\/www.grieta.org.mx\/wp-content\/uploads\/2020\/02\/unnamed_0.jpg?resize=525%2C300&ssl=1 1.5x, https:\/\/i0.wp.com\/www.grieta.org.mx\/wp-content\/uploads\/2020\/02\/unnamed_0.jpg?resize=700%2C400&ssl=1 2x, https:\/\/i0.wp.com\/www.grieta.org.mx\/wp-content\/uploads\/2020\/02\/unnamed_0.jpg?resize=1050%2C600&ssl=1 3x"},"classes":[]},{"id":63094,"url":"https:\/\/www.grieta.org.mx\/index.php\/2022\/01\/10\/cni-cig-anuncia-suspension-judicial-sobre-el-decreto-que-declara-de-interes-publico-y-de-seguridad-nacional-los-proyectos-del-gobierno-federal\/","url_meta":{"origin":37554,"position":4},"title":"CNI- CIG ANUNCIA SUSPENSI\u00d3N JUDICIAL SOBRE EL DECRETO QUE DECLARA DE \u00abINTER\u00c9S P\u00daBLICO\u00bb Y DE \u00abSEGURIDAD NACIONAL\u00bb LOS PROYECTOS DEL GOBIERNO FEDERAL","author":"grieta","date":"10 enero, 2022","format":false,"excerpt":"A los pueblos de M\u00e9xico, A los pueblos del mundo, A los medios de comunicaci\u00f3n. Anunciamos que hasta el d\u00eda de hoy pueblos y comunidades ind\u00edgenas de Jalisco, Quer\u00e9taro, Puebla, Morelos, Veracruz, Oaxaca, Campeche, Quintana Roo, Yucat\u00e1n y CDMX, participantes en el Congreso Nacional Ind\u00edgena, han interpuesto 17 amparos en\u2026","rel":"","context":"En &quot;CINTILLO&quot;","block_context":{"text":"CINTILLO","link":"https:\/\/www.grieta.org.mx\/index.php\/category\/cintillo\/"},"img":{"alt_text":"","src":"https:\/\/i0.wp.com\/www.grieta.org.mx\/wp-content\/uploads\/2019\/08\/cni.png?resize=350%2C200&ssl=1","width":350,"height":200},"classes":[]},{"id":31394,"url":"https:\/\/www.grieta.org.mx\/index.php\/2019\/03\/29\/comunicado-del-cni-cig-y-el-ezln-ante-nueva-situacion-de-consulta-para-imponer-mega-proyectos-en-el-istmo-de-tehuantepec\/","url_meta":{"origin":37554,"position":5},"title":"Comunicado del CNI-CIG y el EZLN ante nueva situaci\u00f3n de consulta para imponer mega proyectos en el Istmo de Tehuantepec","author":"grieta","date":"29 marzo, 2019","format":false,"excerpt":"COMUNICADO DEL CONGRESO NACIONAL IND\u00cdGENA Y EL CONCEJO IND\u00cdGENA DE GOBIERNO Y EL EJ\u00c9RCITO ZAPATISTA DE LIBERACI\u00d3N NACIONAL ANTE NUEVA SIMULACI\u00d3N DE CONSULTA PARA IMPONER MEGA PROYECTOS EN EL ISTMO DE TEHUANTEPEC Al pueblo de M\u00e9xico A los pueblos del mundo A las Redes de Apoyo al CIG A las\u2026","rel":"","context":"En &quot;CINTILLO&quot;","block_context":{"text":"CINTILLO","link":"https:\/\/www.grieta.org.mx\/index.php\/category\/cintillo\/"},"img":{"alt_text":"","src":"https:\/\/i0.wp.com\/www.grieta.org.mx\/wp-content\/uploads\/2018\/03\/14524434_1106112876131411_958039263622046936_o.jpg?resize=350%2C200&ssl=1","width":350,"height":200,"srcset":"https:\/\/i0.wp.com\/www.grieta.org.mx\/wp-content\/uploads\/2018\/03\/14524434_1106112876131411_958039263622046936_o.jpg?resize=350%2C200&ssl=1 1x, https:\/\/i0.wp.com\/www.grieta.org.mx\/wp-content\/uploads\/2018\/03\/14524434_1106112876131411_958039263622046936_o.jpg?resize=525%2C300&ssl=1 1.5x, https:\/\/i0.wp.com\/www.grieta.org.mx\/wp-content\/uploads\/2018\/03\/14524434_1106112876131411_958039263622046936_o.jpg?resize=700%2C400&ssl=1 2x"},"classes":[]}],"_links":{"self":[{"href":"https:\/\/www.grieta.org.mx\/index.php\/wp-json\/wp\/v2\/posts\/37554","targetHints":{"allow":["GET"]}}],"collection":[{"href":"https:\/\/www.grieta.org.mx\/index.php\/wp-json\/wp\/v2\/posts"}],"about":[{"href":"https:\/\/www.grieta.org.mx\/index.php\/wp-json\/wp\/v2\/types\/post"}],"author":[{"embeddable":true,"href":"https:\/\/www.grieta.org.mx\/index.php\/wp-json\/wp\/v2\/users\/2"}],"replies":[{"embeddable":true,"href":"https:\/\/www.grieta.org.mx\/index.php\/wp-json\/wp\/v2\/comments?post=37554"}],"version-history":[{"count":1,"href":"https:\/\/www.grieta.org.mx\/index.php\/wp-json\/wp\/v2\/posts\/37554\/revisions"}],"predecessor-version":[{"id":37555,"href":"https:\/\/www.grieta.org.mx\/index.php\/wp-json\/wp\/v2\/posts\/37554\/revisions\/37555"}],"wp:featuredmedia":[{"embeddable":true,"href":"https:\/\/www.grieta.org.mx\/index.php\/wp-json\/wp\/v2\/media\/33008"}],"wp:attachment":[{"href":"https:\/\/www.grieta.org.mx\/index.php\/wp-json\/wp\/v2\/media?parent=37554"}],"wp:term":[{"taxonomy":"category","embeddable":true,"href":"https:\/\/www.grieta.org.mx\/index.php\/wp-json\/wp\/v2\/categories?post=37554"},{"taxonomy":"post_tag","embeddable":true,"href":"https:\/\/www.grieta.org.mx\/index.php\/wp-json\/wp\/v2\/tags?post=37554"}],"curies":[{"name":"wp","href":"https:\/\/api.w.org\/{rel}","templated":true}]}}