{"id":37538,"date":"2019-08-06T20:36:26","date_gmt":"2019-08-07T01:36:26","guid":{"rendered":"http:\/\/www.grieta.org.mx\/?p=37538"},"modified":"2019-08-06T23:40:00","modified_gmt":"2019-08-07T04:40:00","slug":"asamblea-de-pueblo-de-san-dionisio-del-mar-bloquean-carretera-federal-190-oaxaca","status":"publish","type":"post","link":"https:\/\/www.grieta.org.mx\/index.php\/2019\/08\/06\/asamblea-de-pueblo-de-san-dionisio-del-mar-bloquean-carretera-federal-190-oaxaca\/","title":{"rendered":"Asamblea de pueblo de San Dionisio del Mar bloquean carretera federal 190 (Oaxaca)"},"content":{"rendered":"<p>Agencias \/ P\u00e1gina 3.<\/p>\n<p><img loading=\"lazy\" decoding=\"async\" data-attachment-id=\"37539\" data-permalink=\"https:\/\/www.grieta.org.mx\/index.php\/2019\/08\/06\/asamblea-de-pueblo-de-san-dionisio-del-mar-bloquean-carretera-federal-190-oaxaca\/a-11\/\" data-orig-file=\"https:\/\/www.grieta.org.mx\/wp-content\/uploads\/2019\/08\/A.png\" data-orig-size=\"788,480\" data-comments-opened=\"0\" data-image-meta=\"{&quot;aperture&quot;:&quot;0&quot;,&quot;credit&quot;:&quot;&quot;,&quot;camera&quot;:&quot;&quot;,&quot;caption&quot;:&quot;&quot;,&quot;created_timestamp&quot;:&quot;0&quot;,&quot;copyright&quot;:&quot;&quot;,&quot;focal_length&quot;:&quot;0&quot;,&quot;iso&quot;:&quot;0&quot;,&quot;shutter_speed&quot;:&quot;0&quot;,&quot;title&quot;:&quot;&quot;,&quot;orientation&quot;:&quot;0&quot;}\" data-image-title=\"A\" data-image-description=\"\" data-image-caption=\"\" data-medium-file=\"https:\/\/www.grieta.org.mx\/wp-content\/uploads\/2019\/08\/A-300x183.png\" data-large-file=\"https:\/\/www.grieta.org.mx\/wp-content\/uploads\/2019\/08\/A.png\" src=\"http:\/\/www.grieta.org.mx\/wp-content\/uploads\/2019\/08\/A.png\" alt=\"\" width=\"788\" height=\"480\" class=\"alignleft size-full wp-image-37539\" srcset=\"https:\/\/www.grieta.org.mx\/wp-content\/uploads\/2019\/08\/A.png 788w, https:\/\/www.grieta.org.mx\/wp-content\/uploads\/2019\/08\/A-300x183.png 300w, https:\/\/www.grieta.org.mx\/wp-content\/uploads\/2019\/08\/A-768x468.png 768w\" sizes=\"auto, (max-width: 788px) 100vw, 788px\" \/><\/p>\n<p>Juchit\u00e1n de Zaragoza, Oaxaca. Integrantes de la Asamblea del Pueblo en Defensa de las Tierras de San Dionisio del Mar, bloquean carretera federal 190 a la altura de la escuela IMECA en esta ciudad.<\/p>\n<p>Este bloqueo es en rechazo a la iniciativa que presentar\u00e1 Diputados Locales de Morena ante en el Congreso del Estado a trav\u00e9s de la cual se nombrar\u00e1 a la priista Teresita de Jes\u00fas Luis Ojeda como Administradora Municipal de la poblaci\u00f3n de San Dionisio del Mar por a\u00f1o y medio, y posteriormente le tocar\u00e1 el mismo periodo a MORENA.<\/p>\n<p>Cabe mencionar que ex candidata a la presidencia de San Dionisio del Mar por Morena, Magali Mart\u00ednez Gonz\u00e1lez, rechaz\u00f3 el dictamen de conformaci\u00f3n del Consejo Municipal aprobado en la Comisi\u00f3n de Gobernaci\u00f3n del Congreso por tener vicios de origen y estar cargado para beneficiar al PRI.<\/p>\n<p>En conferencia de prensa en la ciudad de Oaxaca, Magali Mart\u00ednez, asever\u00f3 que nunca fue citada a una mesa de negociaci\u00f3n, y no fueron tomados en cuenta para esta propuesta.<\/p>\n<p>Al respecto, sostuvo que permitir\u00e1n la imposici\u00f3n de Teresita de Jes\u00fas a pesar de los acuerdos pol\u00edticos que existen en el Congreso del estado.<\/p>\n<p><a href=\"https:\/\/pagina3.mx\/2019\/08\/asamblea-de-pueblo-de-san-dionisio-del-mar-bloquean-carretera-federal-190\/\" rel=\"noopener noreferrer\" target=\"_blank\">https:\/\/pagina3.mx\/2019\/08\/asamblea-de-pueblo-de-san-dionisio-del-mar-bloquean-carretera-federal-190\/<\/a><\/p>\n","protected":false},"excerpt":{"rendered":"<p>Agencias \/ P\u00e1gina 3. Juchit\u00e1n de Zaragoza, Oaxaca. Integrantes de la Asamblea del Pueblo en Defensa de las Tierras de San Dionisio del Mar, bloquean carretera federal 190 a la &hellip; <a href=\"https:\/\/www.grieta.org.mx\/index.php\/2019\/08\/06\/asamblea-de-pueblo-de-san-dionisio-del-mar-bloquean-carretera-federal-190-oaxaca\/\" class=\"more-link\">Leer m\u00e1s<\/a><\/p>\n","protected":false},"author":2,"featured_media":37539,"comment_status":"closed","ping_status":"closed","sticky":false,"template":"","format":"standard","meta":{"ngg_post_thumbnail":0,"_jetpack_newsletter_access":"","_jetpack_dont_email_post_to_subs":false,"_jetpack_newsletter_tier_id":0,"_jetpack_memberships_contains_paywalled_content":false,"_jetpack_memberships_contains_paid_content":false,"footnotes":""},"categories":[80,1708,2,25],"tags":[],"class_list":["post-37538","post","type-post","status-publish","format-standard","has-post-thumbnail","hentry","category-cintillo","category-corredor-del-istmo-de-tehuantepec","category-noticias-nacionales","category-oaxaca","entry"],"jetpack_featured_media_url":"https:\/\/www.grieta.org.mx\/wp-content\/uploads\/2019\/08\/A.png","jetpack_sharing_enabled":true,"jetpack_shortlink":"https:\/\/wp.me\/p7ZJR4-9Ls","jetpack_likes_enabled":false,"jetpack-related-posts":[{"id":59521,"url":"https:\/\/www.grieta.org.mx\/index.php\/2021\/05\/23\/ikoots-de-san-dionisio-y-san-mateo-del-mar-no-permitiran-instalacion-de-casillas-electorales-oaxaca\/","url_meta":{"origin":37538,"position":0},"title":"Ikoots de San Dionisio y San Mateo del Mar no permitir\u00e1n instalaci\u00f3n de casillas electorales (Oaxaca)","author":"grieta","date":"23 mayo, 2021","format":false,"excerpt":"La coperacha \/ Redacci\u00f3n. Foto: NVINoticias Los pueblos mare\u00f1os exigen justicia ante ataques que derivaron en muertes y heridos. En Oaxaca, pueblos ikoots de San Dionisio del Mar y de San Mateo del Mar, mantienen la postura de no permitir la instalaci\u00f3n de casillas electorales ni la entrada de partidos\u2026","rel":"","context":"En &quot;CINTILLO&quot;","block_context":{"text":"CINTILLO","link":"https:\/\/www.grieta.org.mx\/index.php\/category\/cintillo\/"},"img":{"alt_text":"","src":"https:\/\/i0.wp.com\/www.grieta.org.mx\/wp-content\/uploads\/2021\/05\/Z.jpg?resize=350%2C200&ssl=1","width":350,"height":200,"srcset":"https:\/\/i0.wp.com\/www.grieta.org.mx\/wp-content\/uploads\/2021\/05\/Z.jpg?resize=350%2C200&ssl=1 1x, https:\/\/i0.wp.com\/www.grieta.org.mx\/wp-content\/uploads\/2021\/05\/Z.jpg?resize=525%2C300&ssl=1 1.5x, https:\/\/i0.wp.com\/www.grieta.org.mx\/wp-content\/uploads\/2021\/05\/Z.jpg?resize=700%2C400&ssl=1 2x"},"classes":[]},{"id":36350,"url":"https:\/\/www.grieta.org.mx\/index.php\/2019\/07\/14\/zapotecos-de-san-dionisio-ocotepec-bloquean-carretera-en-defensa-de-su-territorio-invadido-por-empresario-oaxaca\/","url_meta":{"origin":37538,"position":1},"title":"Zapotecos de San Dionisio Ocotepec bloquean carretera en defensa de su territorio invadido por empresario (Oaxaca)","author":"grieta","date":"14 julio, 2019","format":false,"excerpt":"Pedro Mat\u00edas \/ P\u00e1gina 3. Imagen recuperada de NSS Oaxaca. OAXACA, Oax. (pagina3.mx).- \u201cPor la dignidad de nuestro pueblo y la defensa de su territorio\u201d, habitantes de San Dionisio Ocotepec bloquearon hoy la carretera panamericana 190 y mantienen retenidas a 16 personas hasta que se presente el empresario Edy Monterrosa\u2026","rel":"","context":"En &quot;CINTILLO&quot;","block_context":{"text":"CINTILLO","link":"https:\/\/www.grieta.org.mx\/index.php\/category\/cintillo\/"},"img":{"alt_text":"","src":"https:\/\/i0.wp.com\/www.grieta.org.mx\/wp-content\/uploads\/2019\/07\/bloqueo-en-san-dionisio.jpg?resize=350%2C200&ssl=1","width":350,"height":200,"srcset":"https:\/\/i0.wp.com\/www.grieta.org.mx\/wp-content\/uploads\/2019\/07\/bloqueo-en-san-dionisio.jpg?resize=350%2C200&ssl=1 1x, https:\/\/i0.wp.com\/www.grieta.org.mx\/wp-content\/uploads\/2019\/07\/bloqueo-en-san-dionisio.jpg?resize=525%2C300&ssl=1 1.5x"},"classes":[]},{"id":1893,"url":"https:\/\/www.grieta.org.mx\/index.php\/2015\/02\/02\/el-pueblo-huave-conmemora-tres-anos-defendiendo-su-territorio-de-las-empresas-eolicas\/","url_meta":{"origin":37538,"position":2},"title":"El pueblo huave conmemora tres a\u00f1os defendiendo su territorio de las empresas e\u00f3licas","author":"grieta","date":"2 febrero, 2015","format":false,"excerpt":"Oaxaca 3.0, Redacci\u00f3n, Oaxaca.- Habitantes de San Mateo, Juchit\u00e1n, \u00c1lvaro Obreg\u00f3n, Uni\u00f3n Hidalgo, y San Francisco del Mar, pobladores ind\u00edgenas que han encabezado desde hace tiempo una lucha contra las empresas e\u00f3licas en el Istmo de Tehuantepec, acudieron a San Dionisio del Mar para acompa\u00f1ar al pueblo huave en la\u2026","rel":"","context":"En &quot;CINTILLO&quot;","block_context":{"text":"CINTILLO","link":"https:\/\/www.grieta.org.mx\/index.php\/category\/cintillo\/"},"img":{"alt_text":"","src":"https:\/\/i0.wp.com\/www.grieta.org.mx\/wp-content\/uploads\/2018\/03\/14524434_1106112876131411_958039263622046936_o.jpg?resize=350%2C200&ssl=1","width":350,"height":200,"srcset":"https:\/\/i0.wp.com\/www.grieta.org.mx\/wp-content\/uploads\/2018\/03\/14524434_1106112876131411_958039263622046936_o.jpg?resize=350%2C200&ssl=1 1x, https:\/\/i0.wp.com\/www.grieta.org.mx\/wp-content\/uploads\/2018\/03\/14524434_1106112876131411_958039263622046936_o.jpg?resize=525%2C300&ssl=1 1.5x, https:\/\/i0.wp.com\/www.grieta.org.mx\/wp-content\/uploads\/2018\/03\/14524434_1106112876131411_958039263622046936_o.jpg?resize=700%2C400&ssl=1 2x"},"classes":[]},{"id":1836,"url":"https:\/\/www.grieta.org.mx\/index.php\/2016\/01\/30\/celebra-pueblo-ikoot-la-vida-a-4-anos-de-resistencia-contra-megaproyecto-eolico\/","url_meta":{"origin":37538,"position":3},"title":"Celebra pueblo ikoot la vida a 4 a\u00f1os de resistencia contra megaproyecto e\u00f3lico","author":"grieta","date":"30 enero, 2016","format":false,"excerpt":"IstmoPress. Diana Manzo, San Dionsio Del Mar.- Las campanas de la iglesia de San Dionisio del Mar Aeropagita hicieron el llamado a misa como hace cuatro a\u00f1os, aquel 29 de Enero del 2012 cuando los integrantes de la Asamblea de Pueblos de San Dionisio del Mar (APSDM) se unieron en\u2026","rel":"","context":"En &quot;CINTILLO&quot;","block_context":{"text":"CINTILLO","link":"https:\/\/www.grieta.org.mx\/index.php\/category\/cintillo\/"},"img":{"alt_text":"","src":"https:\/\/i0.wp.com\/www.grieta.org.mx\/wp-content\/uploads\/2018\/03\/14524434_1106112876131411_958039263622046936_o.jpg?resize=350%2C200&ssl=1","width":350,"height":200,"srcset":"https:\/\/i0.wp.com\/www.grieta.org.mx\/wp-content\/uploads\/2018\/03\/14524434_1106112876131411_958039263622046936_o.jpg?resize=350%2C200&ssl=1 1x, https:\/\/i0.wp.com\/www.grieta.org.mx\/wp-content\/uploads\/2018\/03\/14524434_1106112876131411_958039263622046936_o.jpg?resize=525%2C300&ssl=1 1.5x, https:\/\/i0.wp.com\/www.grieta.org.mx\/wp-content\/uploads\/2018\/03\/14524434_1106112876131411_958039263622046936_o.jpg?resize=700%2C400&ssl=1 2x"},"classes":[]},{"id":1891,"url":"https:\/\/www.grieta.org.mx\/index.php\/2015\/02\/10\/empresa-de-carbon-destruye-mangles-en-zona-huave-denuncian\/","url_meta":{"origin":37538,"position":4},"title":"Empresa de carb\u00f3n destruye mangles en zona huave, denuncian","author":"grieta","date":"10 febrero, 2015","format":false,"excerpt":"Diario P\u00e1gina 3. Diana Manzo, San Dionisio del Mar, Oaxaca.- Defensores del Mar del pueblo de San Dionisio del Mar, denunciaron que supuestos comercializadores de carb\u00f3n, han comenzado a destruir los mangles que se localizan en San Dionisio del Mar y en \u00c1lvaro Obreg\u00f3n cerca de la salinera Ojo de\u2026","rel":"","context":"En &quot;CINTILLO&quot;","block_context":{"text":"CINTILLO","link":"https:\/\/www.grieta.org.mx\/index.php\/category\/cintillo\/"},"img":{"alt_text":"","src":"https:\/\/i0.wp.com\/www.grieta.org.mx\/wp-content\/uploads\/2018\/03\/14524434_1106112876131411_958039263622046936_o.jpg?resize=350%2C200&ssl=1","width":350,"height":200,"srcset":"https:\/\/i0.wp.com\/www.grieta.org.mx\/wp-content\/uploads\/2018\/03\/14524434_1106112876131411_958039263622046936_o.jpg?resize=350%2C200&ssl=1 1x, https:\/\/i0.wp.com\/www.grieta.org.mx\/wp-content\/uploads\/2018\/03\/14524434_1106112876131411_958039263622046936_o.jpg?resize=525%2C300&ssl=1 1.5x, https:\/\/i0.wp.com\/www.grieta.org.mx\/wp-content\/uploads\/2018\/03\/14524434_1106112876131411_958039263622046936_o.jpg?resize=700%2C400&ssl=1 2x"},"classes":[]},{"id":68867,"url":"https:\/\/www.grieta.org.mx\/index.php\/2024\/05\/02\/doce-anos-sin-agua-en-san-dionisio-del-mar-oaxaca-denuncian-pobladores-no-funciona-ningun-pozo\/","url_meta":{"origin":37538,"position":5},"title":"Doce a\u00f1os sin agua en San Dionisio del Mar, Oaxaca denuncian pobladores: \u201cNo funciona ning\u00fan pozo\u201d","author":"grieta","date":"2 mayo, 2024","format":false,"excerpt":"Imagen: Itsmo Press Diana Manzo \/ Itsmo Press #SanDionisiodelMar #Oaxaca 2 May (#Istmopress) \u2013 \u201cNinguno de los cinco pozos de agua que las autoridades han construido para abastecernos sirve, ninguna funciona\u201d denunciaron pobladores de este municipio oaxaque\u00f1o, al recalcar que de sus tuber\u00edas no cae una sola gota de ese\u2026","rel":"","context":"En &quot;CINTILLO&quot;","block_context":{"text":"CINTILLO","link":"https:\/\/www.grieta.org.mx\/index.php\/category\/cintillo\/"},"img":{"alt_text":"","src":"https:\/\/i0.wp.com\/www.grieta.org.mx\/wp-content\/uploads\/2024\/05\/1714735535808-800x445-1.jpg?resize=350%2C200&ssl=1","width":350,"height":200,"srcset":"https:\/\/i0.wp.com\/www.grieta.org.mx\/wp-content\/uploads\/2024\/05\/1714735535808-800x445-1.jpg?resize=350%2C200&ssl=1 1x, https:\/\/i0.wp.com\/www.grieta.org.mx\/wp-content\/uploads\/2024\/05\/1714735535808-800x445-1.jpg?resize=525%2C300&ssl=1 1.5x, https:\/\/i0.wp.com\/www.grieta.org.mx\/wp-content\/uploads\/2024\/05\/1714735535808-800x445-1.jpg?resize=700%2C400&ssl=1 2x"},"classes":[]}],"_links":{"self":[{"href":"https:\/\/www.grieta.org.mx\/index.php\/wp-json\/wp\/v2\/posts\/37538","targetHints":{"allow":["GET"]}}],"collection":[{"href":"https:\/\/www.grieta.org.mx\/index.php\/wp-json\/wp\/v2\/posts"}],"about":[{"href":"https:\/\/www.grieta.org.mx\/index.php\/wp-json\/wp\/v2\/types\/post"}],"author":[{"embeddable":true,"href":"https:\/\/www.grieta.org.mx\/index.php\/wp-json\/wp\/v2\/users\/2"}],"replies":[{"embeddable":true,"href":"https:\/\/www.grieta.org.mx\/index.php\/wp-json\/wp\/v2\/comments?post=37538"}],"version-history":[{"count":1,"href":"https:\/\/www.grieta.org.mx\/index.php\/wp-json\/wp\/v2\/posts\/37538\/revisions"}],"predecessor-version":[{"id":37540,"href":"https:\/\/www.grieta.org.mx\/index.php\/wp-json\/wp\/v2\/posts\/37538\/revisions\/37540"}],"wp:featuredmedia":[{"embeddable":true,"href":"https:\/\/www.grieta.org.mx\/index.php\/wp-json\/wp\/v2\/media\/37539"}],"wp:attachment":[{"href":"https:\/\/www.grieta.org.mx\/index.php\/wp-json\/wp\/v2\/media?parent=37538"}],"wp:term":[{"taxonomy":"category","embeddable":true,"href":"https:\/\/www.grieta.org.mx\/index.php\/wp-json\/wp\/v2\/categories?post=37538"},{"taxonomy":"post_tag","embeddable":true,"href":"https:\/\/www.grieta.org.mx\/index.php\/wp-json\/wp\/v2\/tags?post=37538"}],"curies":[{"name":"wp","href":"https:\/\/api.w.org\/{rel}","templated":true}]}}