{"id":37526,"date":"2019-08-05T17:38:17","date_gmt":"2019-08-05T22:38:17","guid":{"rendered":"http:\/\/www.grieta.org.mx\/?p=37526"},"modified":"2019-08-06T17:49:10","modified_gmt":"2019-08-06T22:49:10","slug":"derrame-del-rio-sonora-cinco-anos-de-horror","status":"publish","type":"post","link":"https:\/\/www.grieta.org.mx\/index.php\/2019\/08\/05\/derrame-del-rio-sonora-cinco-anos-de-horror\/","title":{"rendered":"Derrame del R\u00edo Sonora: cinco a\u00f1os de horror"},"content":{"rendered":"<p>Lydiette Carrion \/ Pie de P\u00e1gina<\/p>\n<p><img loading=\"lazy\" decoding=\"async\" data-attachment-id=\"37527\" data-permalink=\"https:\/\/www.grieta.org.mx\/index.php\/2019\/08\/05\/derrame-del-rio-sonora-cinco-anos-de-horror\/pdp_riosonora_lydiettec1-1140x570\/\" data-orig-file=\"https:\/\/www.grieta.org.mx\/wp-content\/uploads\/2019\/08\/PdP_RioSonora_LydietteC1-1140x570.jpg\" data-orig-size=\"1140,570\" data-comments-opened=\"0\" data-image-meta=\"{&quot;aperture&quot;:&quot;1.8&quot;,&quot;credit&quot;:&quot;&quot;,&quot;camera&quot;:&quot;iPhone 7&quot;,&quot;caption&quot;:&quot;&quot;,&quot;created_timestamp&quot;:&quot;1562252189&quot;,&quot;copyright&quot;:&quot;&quot;,&quot;focal_length&quot;:&quot;3.99&quot;,&quot;iso&quot;:&quot;20&quot;,&quot;shutter_speed&quot;:&quot;0.00045892611289582&quot;,&quot;title&quot;:&quot;&quot;,&quot;orientation&quot;:&quot;1&quot;}\" data-image-title=\"PdP_RioSonora_LydietteC1-1140&amp;#215;570\" data-image-description=\"\" data-image-caption=\"\" data-medium-file=\"https:\/\/www.grieta.org.mx\/wp-content\/uploads\/2019\/08\/PdP_RioSonora_LydietteC1-1140x570-300x150.jpg\" data-large-file=\"https:\/\/www.grieta.org.mx\/wp-content\/uploads\/2019\/08\/PdP_RioSonora_LydietteC1-1140x570-1024x512.jpg\" src=\"http:\/\/www.grieta.org.mx\/wp-content\/uploads\/2019\/08\/PdP_RioSonora_LydietteC1-1140x570-300x150.jpg\" alt=\"\" width=\"300\" height=\"150\" class=\"alignleft size-medium wp-image-37527\" srcset=\"https:\/\/www.grieta.org.mx\/wp-content\/uploads\/2019\/08\/PdP_RioSonora_LydietteC1-1140x570-300x150.jpg 300w, https:\/\/www.grieta.org.mx\/wp-content\/uploads\/2019\/08\/PdP_RioSonora_LydietteC1-1140x570-768x384.jpg 768w, https:\/\/www.grieta.org.mx\/wp-content\/uploads\/2019\/08\/PdP_RioSonora_LydietteC1-1140x570-1024x512.jpg 1024w, https:\/\/www.grieta.org.mx\/wp-content\/uploads\/2019\/08\/PdP_RioSonora_LydietteC1-1140x570-1000x500.jpg 1000w, https:\/\/www.grieta.org.mx\/wp-content\/uploads\/2019\/08\/PdP_RioSonora_LydietteC1-1140x570.jpg 1140w\" sizes=\"auto, (max-width: 300px) 100vw, 300px\" \/><\/p>\n<p>Cinco a\u00f1os despu\u00e9s del derrame t\u00f3xico m\u00e1s grave en la historia de la miner\u00eda en M\u00e9xico, las comunidades afectadas contin\u00faan contaminadas y sin agua potable. Todo lo prometido por Grupo M\u00e9xico ha sido hecho a medias. Mientras, Germ\u00e1n Larrea, el presidente de la corporaci\u00f3n, sigue siendo el segundo hombre m\u00e1s rico del pa\u00eds.<\/p>\n<p>Texto y fotos: Lydiette Carri\u00f3n<\/p>\n<p>BACANUCHI, SONORA.- Ram\u00f3n Aguirre Moiza era comisario ejidal de Bacanuchi en 2014, cuando ocurri\u00f3 el desastre: 40 millones de litros de soluci\u00f3n de sulfato de cobre acidulado derramados por la mina Buenavista del Cobre en los r\u00edos Bacanuchi y Sonora.<\/p>\n<p>Cuarenta millones de litros \u2013el equivalente a 12 albercas ol\u00edmpicas llenas\u2013 recorrieron m\u00e1s de 300 kil\u00f3metros y afectaron directamente siete municipios, hasta llegar a la presa El Molinito, en Hermosillo.<\/p>\n<p>Aquel d\u00eda, el 6 de agosto, Ram\u00f3n Aguirre se hallaba fuera del pueblo, de visita con unos parientes, cuando un hermano le habl\u00f3 por tel\u00e9fono:<\/p>\n<p>\u2013El agua viene mal.<\/p>\n<p>Ram\u00f3n regres\u00f3 de inmediato. Usualmente el r\u00edo era claro y limpio. Aquel d\u00eda eran lodos caf\u00e9s y naranjas. Los ejidatarios tomaron muestras a diversas alturas del caudal, se trasladaron a Hermosillo y de su dinero pagaron an\u00e1lisis de laboratorio.<\/p>\n<p>El resultado fue \u201cel esperado: agua envenenada de ars\u00e9nico y metales pesados\u201d, resume Aguirre. Estos son los \u00fanicos an\u00e1lisis completos que la comunidad de Bacanuchi tiene sobre la calidad del agua de su r\u00edo. Aunque peri\u00f3dicamente vienen autoridades a medir la calidad del agua, jam\u00e1s publican ni explican los resultados.<\/p>\n<p>\u201cNunca hemos visto an\u00e1lisis completos\u201d, refrenda Adalberto V\u00e1zquez L\u00f3pez, el actual comisario, en entrevista aparte. \u201cEl Grupo M\u00e9xico dice que no afect\u00f3, pero usted ver\u00e1, no es as\u00ed\u201d. <\/p>\n<p>El 6 de agosto de 2014, una presa de jales (as\u00ed se les llama a las de deshechos mineros) derram\u00f3 40 mil metros c\u00fabicos de sulfato de cobre acidulado en el R\u00edo Tinajas, afluente de los r\u00edos Bacanuchi y Sonora. Es el peor desastre en la historia de la miner\u00eda en M\u00e9xico.<\/p>\n<p>Ed\u00e9n deshonrado<\/p>\n<p>En 2019 Ram\u00f3n Aguirre ya no es comisariado ejidal de Bacanuchi. Cumpli\u00f3 65 a\u00f1os. Ahora se dedica a su parcela; es el primer a\u00f1o que siembra despu\u00e9s del derrame: un poco de ma\u00edz y alfalfa.<\/p>\n<p>Bacanuchi est\u00e1 enclavado en un paisaje semides\u00e9rtico. Pero el r\u00edo obsequia tierras f\u00e9rtiles a lo largo de la ribera. Aqu\u00ed, las parcelas son hermosas, el clima es h\u00famedo y fresco, los \u00e1rboles crecen a la orilla de los canales de riego; los cardos presumen su blanca flor entre los surcos.<\/p>\n<p>Antes del derrame, los ejidatarios sembraban de todo: sand\u00edas, alfalfa, calabaza, milpa, frijol, sargazo. \u201cSe viv\u00eda muy bien\u201d, reconoce uno. Como toda zona fronteriza, los rancheros tienen vocaci\u00f3n ganadera. As\u00ed que en Bacanuchi preparaban queso, leche y carne.<\/p>\n<p>Despu\u00e9s del 6 agosto de 2014, la cosecha de aquel a\u00f1o se tir\u00f3. Y en septiembre vino el remate: Minera M\u00e9xico envi\u00f3 personal a levantar lo m\u00e1s obvio del derrame: las espumas naranjas. \u201cLas colocaban en carretillas afuera de la ribera, para subirlos a camiones\u201d, explica Aguirre.<\/p>\n<p>En eso lleg\u00f3 la crecida. De esas que ocurren en los r\u00edos del desierto: inesperadas y brutales. El r\u00edo Bacanuchi se desbord\u00f3 y arroj\u00f3 sobre las parcelas todo el contenido de las carretillas.<\/p>\n<p>\u201cLos lodos llegaron hasta all\u00e1\u201d, dice Aguirre, mientras se\u00f1ala el final de la parcela. Todo qued\u00f3 sepultado en porquer\u00eda.<\/p>\n<p><img loading=\"lazy\" decoding=\"async\" data-attachment-id=\"37528\" data-permalink=\"https:\/\/www.grieta.org.mx\/index.php\/2019\/08\/05\/derrame-del-rio-sonora-cinco-anos-de-horror\/pdp_riosonora_lydiettec\/\" data-orig-file=\"https:\/\/www.grieta.org.mx\/wp-content\/uploads\/2019\/08\/PdP_RioSonora_LydietteC.jpg\" data-orig-size=\"1181,787\" data-comments-opened=\"0\" data-image-meta=\"{&quot;aperture&quot;:&quot;1.8&quot;,&quot;credit&quot;:&quot;&quot;,&quot;camera&quot;:&quot;iPhone 7&quot;,&quot;caption&quot;:&quot;&quot;,&quot;created_timestamp&quot;:&quot;1562319568&quot;,&quot;copyright&quot;:&quot;&quot;,&quot;focal_length&quot;:&quot;3.99&quot;,&quot;iso&quot;:&quot;20&quot;,&quot;shutter_speed&quot;:&quot;0.0019417475728155&quot;,&quot;title&quot;:&quot;&quot;,&quot;orientation&quot;:&quot;1&quot;}\" data-image-title=\"PdP_RioSonora_LydietteC\" data-image-description=\"\" data-image-caption=\"\" data-medium-file=\"https:\/\/www.grieta.org.mx\/wp-content\/uploads\/2019\/08\/PdP_RioSonora_LydietteC-300x200.jpg\" data-large-file=\"https:\/\/www.grieta.org.mx\/wp-content\/uploads\/2019\/08\/PdP_RioSonora_LydietteC-1024x682.jpg\" src=\"http:\/\/www.grieta.org.mx\/wp-content\/uploads\/2019\/08\/PdP_RioSonora_LydietteC-300x200.jpg\" alt=\"\" width=\"300\" height=\"200\" class=\"alignleft size-medium wp-image-37528\" srcset=\"https:\/\/www.grieta.org.mx\/wp-content\/uploads\/2019\/08\/PdP_RioSonora_LydietteC-300x200.jpg 300w, https:\/\/www.grieta.org.mx\/wp-content\/uploads\/2019\/08\/PdP_RioSonora_LydietteC-768x512.jpg 768w, https:\/\/www.grieta.org.mx\/wp-content\/uploads\/2019\/08\/PdP_RioSonora_LydietteC-1024x682.jpg 1024w, https:\/\/www.grieta.org.mx\/wp-content\/uploads\/2019\/08\/PdP_RioSonora_LydietteC-750x500.jpg 750w, https:\/\/www.grieta.org.mx\/wp-content\/uploads\/2019\/08\/PdP_RioSonora_LydietteC.jpg 1181w\" sizes=\"auto, (max-width: 300px) 100vw, 300px\" \/><\/p>\n<p>La Secretar\u00eda de Agricultura y Desarrollo Rural (Sagarpa) estim\u00f3 al menos 2 mil 519 productores agropecuarios afectados, 5 mil 573 hect\u00e1reas agr\u00edcolas cultivadas da\u00f1adas y alrededor de 72 mil 755 cabezas de ganado bovino perjudicadas. Fuente: Poder.<\/p>\n<p>Cosechas perdidas<\/p>\n<p>Nadie sembr\u00f3 en Bacanuchi durante dos a\u00f1os. Y hasta la fecha algunas parcelas siguen abandonadas. \u201cNo s\u00f3lo no se pod\u00eda sembrar\u201d, explica Aguirre. Nadie compraba. \u201cSi era de Bacanuchi, nadie te compraba, dec\u00edan que estaba contaminado\u201d.<\/p>\n<p>El hombre sigue recorriendo el r\u00edo casi todos los d\u00edas. Lo conoce de memoria. Por eso sabe que los \u00e1rboles que se inundan cuando crece el r\u00edo ya est\u00e1n muriendo. Ahora nos encontramos en un tramo as\u00ed. El agua corre muy poco, cristalina. El enorme \u00e1lamo que bebe a la orilla amarillea.<\/p>\n<p>\u2013El agua est\u00e1 clara. \u00bfUsted cree que ya est\u00e1 limpio el r\u00edo?<\/p>\n<p>\u2013Claro que no. Los metales est\u00e1n en el fondo. Siguen ah\u00ed, y a veces, con las crecidas [del r\u00edo], la lluvia, salen.<\/p>\n<p>Seg\u00fan Procuradur\u00eda Federal de Protecci\u00f3n al ambiente, Buenavista del Cobre incurri\u00f3 en 55 irregularidades, fue negligente y obtuvo beneficios econ\u00f3micos derivados de disminuir sus costos.<\/p>\n<p>A pesar de ello, la dependencia impuso a Buenavista del Cobre una multa de apenas 23 millones de pesos, equivalente al 0.00016 % de los ingresos de la minera ese a\u00f1o. Fuente: Poder.<\/p>\n<p>Consecuencias desconocidas<\/p>\n<p>Este fen\u00f3meno lo explicar\u00edan m\u00e1s tarde algunos reporteros provenientes de Hermosillo, que han cubierto el desastre desde el d\u00eda uno. Los metales, que en masa se diseminaron por el r\u00edo, se asentaron a lo largo del r\u00edo. Algunos viajaron cientos kil\u00f3metros, cada vez m\u00e1s diluidos, hasta llegar a la presa el Molinillo, en Hermosillo.<\/p>\n<p>El Molinillo fue clausurado para uso humano y contin\u00faa as\u00ed. Hasta la fecha no se usa esa presa para abastecer agua potable; aunque la leyenda urbana asegura que cuando hace mucha falta, las autoridades lo permiten. \u201cS\u00f3lo usan agua somera, jam\u00e1s del fondo de la presa\u201d, dice con sorna un reportero.<\/p>\n<p>Pero los metales se remueven y a veces afloran. Aguirre muestra su tel\u00e9fono celular, un modelo viejito: muestra las fotograf\u00edas borrosas. En una de ellas, los lodos naranjas se estancan en un brazo del r\u00edo.<\/p>\n<p>\u201c\u00c9sta la tom\u00e9 en enero de este a\u00f1o. \u00bfVe? Ah\u00ed sigue la porquer\u00eda\u201d.<\/p>\n<p>El derrame de Grupo M\u00e9xico afect\u00f3 a m\u00e1s de 22 mil personas, en siete municipios en la cuenca del R\u00edo Sonora: Arizpe, Ban\u00e1michi, Hu\u00e9pac, Aconchi, San Felipe, Bavi\u00e1cora y Ures.<\/p>\n<p>Pero los da\u00f1os podr\u00edan alcanzar hasta 1 mill\u00f3n de personas si es que la contaminaci\u00f3n alcanz\u00f3 la Presa El Molinito, que a su vez se conecta con la Presa Abelardo L. Rodr\u00edguez, principal fuente de agua de Hermosillo.<\/p>\n<p>\u201cCinco a\u00f1os de impunidad\u201d, informe de prensa grupo Poder.<\/p>\n<p>La comunidad languidece<\/p>\n<p>De 2014 a la fecha, la poblaci\u00f3n de Bacanuchi se redujo a la mitad. Sol\u00edan vivir ah\u00ed unas 400 personas, entre ejidatarios y avecindados. Ahora son alrededor de 200. En vacaciones todav\u00eda se duplica la cantidad: muchos originarios que residen habitualmente en Arizona, Estados Unidos, regresan.<\/p>\n<p>\u201cAqu\u00ed se viv\u00eda bien\u201d, repiten muchos. Lo dice el se\u00f1or Aguirre en su milpa. Lo asevera Lourdes Qui\u00f1ones mientras prepara la comida en su cocina. Todos la llaman Yuli. Originaria de Sinaloa, vino a Bacanuchi con su esposo e hijos hace ya 13 a\u00f1os.<\/p>\n<p>Anah\u00ed, una de las hijas de Yuly, es maestra de preescolar. Pero el pr\u00f3ximo ciclo, no se abrir\u00e1 su sal\u00f3n porque ya no hay ni\u00f1os en la comunidad. De los cuatro ni\u00f1os que deb\u00edan pasar a preescolar s\u00f3lo se quedar\u00e1n dos en la comunidad. Los dem\u00e1s se han ido con sus mam\u00e1s al otro lado. <\/p>\n<p><img loading=\"lazy\" decoding=\"async\" data-attachment-id=\"37529\" data-permalink=\"https:\/\/www.grieta.org.mx\/index.php\/2019\/08\/05\/derrame-del-rio-sonora-cinco-anos-de-horror\/pdp_riosonora_lydiettec3\/\" data-orig-file=\"https:\/\/www.grieta.org.mx\/wp-content\/uploads\/2019\/08\/PdP_RioSonora_LydietteC3.jpg\" data-orig-size=\"1181,788\" data-comments-opened=\"0\" data-image-meta=\"{&quot;aperture&quot;:&quot;1.8&quot;,&quot;credit&quot;:&quot;&quot;,&quot;camera&quot;:&quot;iPhone 7&quot;,&quot;caption&quot;:&quot;&quot;,&quot;created_timestamp&quot;:&quot;1562318773&quot;,&quot;copyright&quot;:&quot;&quot;,&quot;focal_length&quot;:&quot;3.99&quot;,&quot;iso&quot;:&quot;32&quot;,&quot;shutter_speed&quot;:&quot;0.0008347245409015&quot;,&quot;title&quot;:&quot;&quot;,&quot;orientation&quot;:&quot;1&quot;}\" data-image-title=\"PdP_RioSonora_LydietteC3\" data-image-description=\"\" data-image-caption=\"\" data-medium-file=\"https:\/\/www.grieta.org.mx\/wp-content\/uploads\/2019\/08\/PdP_RioSonora_LydietteC3-300x200.jpg\" data-large-file=\"https:\/\/www.grieta.org.mx\/wp-content\/uploads\/2019\/08\/PdP_RioSonora_LydietteC3-1024x683.jpg\" src=\"http:\/\/www.grieta.org.mx\/wp-content\/uploads\/2019\/08\/PdP_RioSonora_LydietteC3-300x200.jpg\" alt=\"\" width=\"300\" height=\"200\" class=\"alignleft size-medium wp-image-37529\" srcset=\"https:\/\/www.grieta.org.mx\/wp-content\/uploads\/2019\/08\/PdP_RioSonora_LydietteC3-300x200.jpg 300w, https:\/\/www.grieta.org.mx\/wp-content\/uploads\/2019\/08\/PdP_RioSonora_LydietteC3-768x512.jpg 768w, https:\/\/www.grieta.org.mx\/wp-content\/uploads\/2019\/08\/PdP_RioSonora_LydietteC3-1024x683.jpg 1024w, https:\/\/www.grieta.org.mx\/wp-content\/uploads\/2019\/08\/PdP_RioSonora_LydietteC3-749x500.jpg 749w, https:\/\/www.grieta.org.mx\/wp-content\/uploads\/2019\/08\/PdP_RioSonora_LydietteC3.jpg 1181w\" sizes=\"auto, (max-width: 300px) 100vw, 300px\" \/><\/p>\n<p>Garrafones infinitos<\/p>\n<p>Yuli prepara un plato de cerdo y ma\u00edz en caldo de frijol, muy sabroso, al que llaman \u201cgallina colorada\u201d. La cocina es amplia y de techos bajos; una construcci\u00f3n modular prefabricada, popular en Bacanuchi y herencia de Arizona. La mujer guisa, prepara caf\u00e9 y naranjada con agua de garraf\u00f3n. Porque el agua de la llave est\u00e1 limitada a la ducha (a veces les da comez\u00f3n) y el quehacer.<\/p>\n<p>Traen garrafones desde Cananea, a dos horas de camino. \u201c\u00a1Es un gasto que no ten\u00edamos! Y llevamos as\u00ed cinco a\u00f1os\u201d.<\/p>\n<p>En 2015, comenz\u00f3 a operar la purificadora de Bacanuchi. Pero la gente no le tiene confianza porque, explican, el agua \u201ca veces sabe a centavo\u201d. En abril de este 2019, por medio de las gestiones de vecinos, un grupo de la Iglesia Cat\u00f3lica se instal\u00f3 en el centro de Bacanuchi una peque\u00f1a purificadora de agua. La gente debe introducir monedas para llenar sus garrafones.<\/p>\n<p>    El Fideicomiso de Grupo M\u00e9xico entreg\u00f3 a las familias afectadas 15 mil 350 pesos para compra de agua mientras se establec\u00edan las 36 plantas potabilizadoras (s\u00f3lo abrieron 3). A cinco a\u00f1os del derrame, las familias de la regi\u00f3n siguen comprando garrafones. El promedio de gasto de una familia en garrafones rebasa los 51 mil pesos en estos cinco a\u00f1os.<br \/>\n    Fuente: Poder<\/p>\n<p>Sin derecho a la salud<\/p>\n<p>Antes de derrame, hab\u00eda un peque\u00f1o centro de salud, atendido por un pasante de medicina. Tras la tragedia, Grupo M\u00e9xico prometi\u00f3 construir una peque\u00f1a cl\u00ednica para dar seguimiento a los problemas que se presenten. Pero nunca la construy\u00f3. Y ya ni hay m\u00e9dico pasante en el centro de salud; est\u00e1 cerrado desde hace dos a\u00f1os.<\/p>\n<p>La se\u00f1ora Nora muestra fotograf\u00edas desde una memoria vieja: su hijo, que entonces ten\u00eda unos 6 a\u00f1os, con los ojos enrojecidos; otras m\u00e1s: las u\u00f1as de los pies destruidas. Por caminar por el r\u00edo aquel 2014.<\/p>\n<p>La cantidad destinada por el fideicomiso para atender las afectaciones en salud fue poca: casi 8 millones de pesos. S\u00f3lo el 10 % del total del rubro en salud. El 90 % restante (71 millones de pesos) se gast\u00f3 en \u201cAcciones de atenci\u00f3n y seguimiento m\u00e9dico en la Unidad de Vigilancia Epidemiol\u00f3gica y Ambiental de Sonora (UVEAS)\u201d. De acuerdo con habitantes de Bacanuchi estos seguimientos s\u00f3lo hacen biometr\u00edas hem\u00e1ticas. Jam\u00e1s han conocido el nivel de metales pesados en su sangre.<br \/>\nFuente: Poder y testimonios in situ.<\/p>\n<p>Fideicomiso: voracidad sin fin<\/p>\n<p>El 15 de septiembre de 2014, Grupo M\u00e9xico firm\u00f3 el contrato Fideicomiso R\u00edo Sonora. Y ah\u00ed se comprometi\u00f3 a aportar dos mil millones de pesos, del que saldr\u00edan las potabilizadoras prometidas, los tinacos, una cl\u00ednica y apoyos directos a los afectados.<\/p>\n<p>De las 36 potabilizadoras pactadas en septiembre de 2014, s\u00f3lo se construyeron tres. Pero s\u00ed que se compraron tinacos a los que no llega el agua. Esos tinacos fueron adquiridos en la empresa de un primo de Germ\u00e1n Larrea, presidente de Grupo M\u00e9xico.<\/p>\n<p>El Fideicomiso destin\u00f3 casi 185 millones de pesos para la compra e instalaci\u00f3n de 10 mil tinacos, para supuestamente almacenar agua que llegar\u00eda de las potabilizadoras prometidas.<\/p>\n<p>Las potabilizadoras jam\u00e1s se instalaron.<\/p>\n<p>El dinero de los tinacos se distribuy\u00f3 as\u00ed:<br \/>\n    ? El Colegio de Ingenieros Civiles de Sonora AC: 150 millones de pesos.<br \/>\n    ? El Colegio de Ingenieros Ambientales de M\u00e9xico AC (instituci\u00f3n fundada por Rodolfo Lacy Tamayo, subsecretario de Medio Ambiente y presidente del Comit\u00e9 T\u00e9cnico del Fideicomiso): 28 millones de pesos.<br \/>\nLa empresa Rotoplas, de Carlos Rojas Mota Velasco, primo de Germ\u00e1n Larrea Mota Velasco: 5 millones 502 mil.<br \/>\nFuente: Poder<\/p>\n<p>Reparaci\u00f3n del da\u00f1o a discreci\u00f3n<\/p>\n<p><img loading=\"lazy\" decoding=\"async\" data-attachment-id=\"37530\" data-permalink=\"https:\/\/www.grieta.org.mx\/index.php\/2019\/08\/05\/derrame-del-rio-sonora-cinco-anos-de-horror\/pdp_riosonora_lydiettec2\/\" data-orig-file=\"https:\/\/www.grieta.org.mx\/wp-content\/uploads\/2019\/08\/PdP_RioSonora_LydietteC2.jpg\" data-orig-size=\"1181,787\" data-comments-opened=\"0\" data-image-meta=\"{&quot;aperture&quot;:&quot;1.8&quot;,&quot;credit&quot;:&quot;&quot;,&quot;camera&quot;:&quot;iPhone 7&quot;,&quot;caption&quot;:&quot;&quot;,&quot;created_timestamp&quot;:&quot;1562319560&quot;,&quot;copyright&quot;:&quot;&quot;,&quot;focal_length&quot;:&quot;3.99&quot;,&quot;iso&quot;:&quot;20&quot;,&quot;shutter_speed&quot;:&quot;0.0014947683109118&quot;,&quot;title&quot;:&quot;&quot;,&quot;orientation&quot;:&quot;1&quot;}\" data-image-title=\"PdP_RioSonora_LydietteC2\" data-image-description=\"\" data-image-caption=\"\" data-medium-file=\"https:\/\/www.grieta.org.mx\/wp-content\/uploads\/2019\/08\/PdP_RioSonora_LydietteC2-300x200.jpg\" data-large-file=\"https:\/\/www.grieta.org.mx\/wp-content\/uploads\/2019\/08\/PdP_RioSonora_LydietteC2-1024x682.jpg\" src=\"http:\/\/www.grieta.org.mx\/wp-content\/uploads\/2019\/08\/PdP_RioSonora_LydietteC2-300x200.jpg\" alt=\"\" width=\"300\" height=\"200\" class=\"alignleft size-medium wp-image-37530\" srcset=\"https:\/\/www.grieta.org.mx\/wp-content\/uploads\/2019\/08\/PdP_RioSonora_LydietteC2-300x200.jpg 300w, https:\/\/www.grieta.org.mx\/wp-content\/uploads\/2019\/08\/PdP_RioSonora_LydietteC2-768x512.jpg 768w, https:\/\/www.grieta.org.mx\/wp-content\/uploads\/2019\/08\/PdP_RioSonora_LydietteC2-1024x682.jpg 1024w, https:\/\/www.grieta.org.mx\/wp-content\/uploads\/2019\/08\/PdP_RioSonora_LydietteC2-750x500.jpg 750w, https:\/\/www.grieta.org.mx\/wp-content\/uploads\/2019\/08\/PdP_RioSonora_LydietteC2.jpg 1181w\" sizes=\"auto, (max-width: 300px) 100vw, 300px\" \/><\/p>\n<p>\u201cLes dieron dinero a puros familiares de pol\u00edticos\u201d, explica un habitante de Bacanuchi. \u201cA gente que tiene su rancho en la sierra, bien lejos de aqu\u00ed\u201d, reclama.<\/p>\n<p>En efecto, en 2015, la periodista Shaila Rosagel document\u00f3 en Sin Embargo, que alcaldes panistas y priistas de varios municipios de la cuenca recibieron elevados montos por parte del Fideicomiso.<\/p>\n<p>Algunos, 100 mil pesos, otros 200 mil. Juanita Barrios, esposa del alcalde de Banamichi, casi un mill\u00f3n de pesos. Quiz\u00e1 no parezcan montos exagerados. \u201cPero a la gente m\u00e1s afectada les dieron a lo mucho 20 mil pesos\u201d, explica otro habitante de Bacanuchi.<\/p>\n<p>Otros beneficiarios \u201cdestacados\u201d por el fideicomiso fueron el hermano y los primos del pol\u00edtico priista Alfonso El\u00edas Serrano, quienes en conjunto recibieron un mill\u00f3n de pesos, documenta Rosagel.<\/p>\n<p>No se perforaron los 63 pozos prometidos, pero s\u00ed se gastaron 32 millones de pesos en publicidad. \u201cParte de este dinero fue para proyectar spots sobre la supuesta remediaci\u00f3n del r\u00edo en Cinemex, que es parte de Grupo M\u00e9xico\u201d.<br \/>\nPoder.<\/p>\n<p>El nuevo monstruo<\/p>\n<p>Ninguna investigaci\u00f3n ha revisado el da\u00f1o por exposici\u00f3n y acumulaci\u00f3n de metales en el cuerpo de personas y animales en la cuenca.<\/p>\n<p>La organizaci\u00f3n no gubernamental Poder ha dado seguimiento al derrame desde el inicio. Apuesta por la autogesti\u00f3n, y ha buscado que los pobladores se organicen. Actualmente, los habitantes de los pueblos afectados est\u00e1n coordinados en 12 comit\u00e9s en seis municipios.<\/p>\n<p>Uno de estos comit\u00e9s es el de Bacanuchi, que actualmente batalla contra un nuevo monstruo.<\/p>\n<p>El hist\u00f3rico derrame ocurri\u00f3 en agosto de 2014. En 2015, una nueva presa de desechos t\u00f3xicos 100 veces m\u00e1s grande arranc\u00f3 operaciones. Ninguna autoridad detuvo el proyecto, y nadie inform\u00f3 a las comunidades que pueden ser afectadas.<br \/>\nLos caminos privados de Grupo M\u00e9xico<\/p>\n<p>El camino rumbo a Bacanuchi es de tierra y queda inservible en temporada de lluvias. La ciudad m\u00e1s cercana es Cananea; antes les quedaba a hora y media de distancia. Grupo M\u00e9xico los despoj\u00f3 del camino. Aleg\u00f3 que era \u201cpropiedad privada\u201d y ahora es utilizado para los trabajos de la nueva presa de jales. A Bacanuchi les dieron otra ruta. Ahora hacen hasta dos horas y media a Cananea.<\/p>\n<p>Bajamos de las camionetas a un lado del camino, poco antes de entrar a \u201cpropiedad privada\u201d. Esas tierras pertenec\u00edan al ejido 16 de septiembre. Por presiones y enga\u00f1os vendieron. Mar\u00eda Elena Bustamante se\u00f1ala la muralla de la presa: una monstruosidad que recuerda el muro del norte, de la serie Game of Thrones. Mar\u00eda Elena se\u00f1ala: \u201cNos empezamos a dar cuenta de que constru\u00edan la presa porque pas\u00e1bamos por aqu\u00ed\u201d, explica. La mujer llora: es un monstruo. Si eso se derrama, se acaba Bacanuchi. <\/p>\n<p>La mina Buenavista del Cobre, de Grupo M\u00e9xico, opera desde hace tres a\u00f1os una enorme presa de desechos t\u00f3xicos 100 veces m\u00e1s grande que la derramada en 2014, cuando gener\u00f3 el peor desastre ambiental en la historia de la miner\u00eda en M\u00e9xico en el R\u00edo Sonora.<\/p>\n<p>A la comunidad jam\u00e1s se le inform\u00f3 nada. Se enteraron cuando la vieron operar, y porque les quitaron el camino. As\u00ed que con asesor\u00eda de Poder, interpusieron un amparo en 2015. El a\u00f1o pasado lleg\u00f3 hasta la Suprema Corte, quien determin\u00f3 que la Secretar\u00eda de Medio Ambiente y Recursos Naturales debi\u00f3 respetar el derecho de los pobladores a participar y decidir si estaban de acuerdo con la ampliaci\u00f3n de una presa de jales.<br \/>\nBatalla legal<\/p>\n<p>    Las comunidades afectadas por Buenavista han interpuesto:<\/p>\n<p>    13 demandas por el derrame de 2014.<br \/>\n    1 por la presa construida en 2015.<br \/>\n    8 por las Zonas de Desarrollo Econ\u00f3mico.<br \/>\n    3 amparos ya no procedieron.<br \/>\n    4 se encuentran en la SCJN.<\/p>\n<p>Da\u00f1o acumulado<\/p>\n<p>Ninguna investigaci\u00f3n ha revisado el da\u00f1o por exposici\u00f3n y acumulaci\u00f3n de metales en el cuerpo de personas y animales en la cuenca. Y los derrames en R\u00edo Sonora existen desde que la zona es minera.<\/p>\n<p>Juan Manuel Silva Rodr\u00edguez, en su ensayo \u201c100 a\u00f1os de contaminaci\u00f3n de la miner\u00eda en r\u00edos de Sonora 1908-2014\u201d, explica que si bien el derrame de 2014 es considerado el peor desastre causado por la miner\u00eda en un siglo, no es de lejos el \u00fanico. Por el contrario, la contaminaci\u00f3n del R\u00edo Sonora ha sido continua desde al menos 100 a\u00f1os.<\/p>\n<p>\u00c9l explica c\u00f3mo desde los a\u00f1os 1650 se explotaban minas a lo largo del R\u00edo Sonora. Y ya para el siglo XX, queda asentado c\u00f3mo la mayor parte de las solicitudes de explotaci\u00f3n de minas se concentra en la cuenca.<\/p>\n<p>Pero hasta 1917 hay normas para prevenir la contaminaci\u00f3n. Antes, los derrames de presas de jales no \u201ceran nota\u201d (esta expresi\u00f3n es m\u00eda).<\/p>\n<p>El investigador narra c\u00f3mo es que desde esos a\u00f1os hay registros de agricultores que presentan quejas ante el gobernador porque las minas estropean sus tierras debido al derrame de \u201cjales\u201d en el agua, que inundan sus campos.<\/p>\n<p><a href=\"https:\/\/piedepagina.mx\/derrame-del-rio-sonora-cinco-anos-de-horror\/\" rel=\"noopener noreferrer\" target=\"_blank\">https:\/\/piedepagina.mx\/derrame-del-rio-sonora-cinco-anos-de-horror\/<\/a><\/p>\n","protected":false},"excerpt":{"rendered":"<p>Lydiette Carrion \/ Pie de P\u00e1gina Cinco a\u00f1os despu\u00e9s del derrame t\u00f3xico m\u00e1s grave en la historia de la miner\u00eda en M\u00e9xico, las comunidades afectadas contin\u00faan contaminadas y sin agua &hellip; <a href=\"https:\/\/www.grieta.org.mx\/index.php\/2019\/08\/05\/derrame-del-rio-sonora-cinco-anos-de-horror\/\" class=\"more-link\">Leer m\u00e1s<\/a><\/p>\n","protected":false},"author":2,"featured_media":37527,"comment_status":"closed","ping_status":"closed","sticky":false,"template":"","format":"standard","meta":{"ngg_post_thumbnail":0,"_jetpack_newsletter_access":"","_jetpack_dont_email_post_to_subs":false,"_jetpack_newsletter_tier_id":0,"_jetpack_memberships_contains_paywalled_content":false,"_jetpack_memberships_contains_paid_content":false,"footnotes":""},"categories":[80,2557,1462,2,31],"tags":[],"class_list":["post-37526","post","type-post","status-publish","format-standard","has-post-thumbnail","hentry","category-cintillo","category-contaminacion-y-danos-a-la-naturaleza-por-megaproyectos","category-contaminacion-y-danos-a-la-salud-por-mineria-en-sonora","category-noticias-nacionales","category-sonora","entry"],"jetpack_featured_media_url":"https:\/\/www.grieta.org.mx\/wp-content\/uploads\/2019\/08\/PdP_RioSonora_LydietteC1-1140x570.jpg","jetpack_sharing_enabled":true,"jetpack_shortlink":"https:\/\/wp.me\/p7ZJR4-9Lg","jetpack_likes_enabled":false,"jetpack-related-posts":[{"id":36073,"url":"https:\/\/www.grieta.org.mx\/index.php\/2019\/07\/05\/grupo-mexico-planea-construir-presa-de-jales-en-bacanuchi-ciudadanos-se-oponen-temen-otro-derrame-sonora\/","url_meta":{"origin":37526,"position":0},"title":"Grupo M\u00e9xico planea construir presa de jales en Bacanuchi, ciudadanos se oponen, temen otro derrame (Sonora)","author":"grieta","date":"5 julio, 2019","format":false,"excerpt":"https:\/\/proyectopuente.com.mx\/2019\/07\/05\/grupo-mexico-planea-construir-presa-de-jales-en-bacanuchi-ciudadanos-se-oponen-temen-otro-derrame-2\/","rel":"","context":"En &quot;Contaminaci\u00f3n ambiental por megaproyectos en Sonora&quot;","block_context":{"text":"Contaminaci\u00f3n ambiental por megaproyectos en Sonora","link":"https:\/\/www.grieta.org.mx\/index.php\/category\/noticias-nacionales\/sonora\/contaminacion-y-danos-a-la-naturaleza-por-megaproyectos\/"},"img":{"alt_text":"","src":"https:\/\/i0.wp.com\/www.grieta.org.mx\/wp-content\/uploads\/2018\/03\/14524434_1106112876131411_958039263622046936_o.jpg?resize=350%2C200&ssl=1","width":350,"height":200,"srcset":"https:\/\/i0.wp.com\/www.grieta.org.mx\/wp-content\/uploads\/2018\/03\/14524434_1106112876131411_958039263622046936_o.jpg?resize=350%2C200&ssl=1 1x, https:\/\/i0.wp.com\/www.grieta.org.mx\/wp-content\/uploads\/2018\/03\/14524434_1106112876131411_958039263622046936_o.jpg?resize=525%2C300&ssl=1 1.5x, https:\/\/i0.wp.com\/www.grieta.org.mx\/wp-content\/uploads\/2018\/03\/14524434_1106112876131411_958039263622046936_o.jpg?resize=700%2C400&ssl=1 2x"},"classes":[]},{"id":8276,"url":"https:\/\/www.grieta.org.mx\/index.php\/2015\/03\/17\/sonora-exigen-reparar-danos-por-derrame\/","url_meta":{"origin":37526,"position":1},"title":"Sonora: exigen reparar da\u00f1os por derrame","author":"grieta","date":"17 marzo, 2015","format":false,"excerpt":"Ulises Guti\u00e9rrez Ruelas y Diana Manzo Corresponsales Peri\u00f3dico La Jornada Martes 17 de marzo de 2015, p. 29 M\u00e1s de mil habitantes de los pueblos asentados en los alrededores del r\u00edo Sonora e integrantes de la secci\u00f3n 65 del Sindicato Nacional de Trabajadores Mineros, Metal\u00fargicos y Similares de la Rep\u00fablica\u2026","rel":"","context":"En &quot;CINTILLO&quot;","block_context":{"text":"CINTILLO","link":"https:\/\/www.grieta.org.mx\/index.php\/category\/cintillo\/"},"img":{"alt_text":"","src":"https:\/\/i0.wp.com\/www.grieta.org.mx\/wp-content\/uploads\/2018\/03\/14524434_1106112876131411_958039263622046936_o.jpg?resize=350%2C200&ssl=1","width":350,"height":200,"srcset":"https:\/\/i0.wp.com\/www.grieta.org.mx\/wp-content\/uploads\/2018\/03\/14524434_1106112876131411_958039263622046936_o.jpg?resize=350%2C200&ssl=1 1x, https:\/\/i0.wp.com\/www.grieta.org.mx\/wp-content\/uploads\/2018\/03\/14524434_1106112876131411_958039263622046936_o.jpg?resize=525%2C300&ssl=1 1.5x, https:\/\/i0.wp.com\/www.grieta.org.mx\/wp-content\/uploads\/2018\/03\/14524434_1106112876131411_958039263622046936_o.jpg?resize=700%2C400&ssl=1 2x"},"classes":[]},{"id":36586,"url":"https:\/\/www.grieta.org.mx\/index.php\/2019\/07\/06\/semarnat-entrega-informe-preventivo-para-presa-de-jales-de-grupo-mexico-7-anos-tarde-sonora\/","url_meta":{"origin":37526,"position":2},"title":"Semarnat entrega \u201cInforme Preventivo\u201d para presa de jales de Grupo M\u00e9xico\u2026 7 a\u00f1os tarde (Sonora)","author":"grieta","date":"6 julio, 2019","format":false,"excerpt":"Lydiette Carri\u00f3n \/ Pie de P\u00e1gina Despu\u00e9s de 7 a\u00f1os y gracias a un amparo, los pobladores de Bacanuchi, Sonora, recibieron el informe Preventivo que Grupo M\u00e9xico entreg\u00f3 a Semarnat para abrir una presa de desechos t\u00f3xicos de la mina de cobre Buenavista, que la empresa ech\u00f3 a funcionar sin\u2026","rel":"","context":"En &quot;CINTILLO&quot;","block_context":{"text":"CINTILLO","link":"https:\/\/www.grieta.org.mx\/index.php\/category\/cintillo\/"},"img":{"alt_text":"","src":"https:\/\/i0.wp.com\/www.grieta.org.mx\/wp-content\/uploads\/2019\/07\/PdP_Buenavista_HG-1140x570.jpg?resize=350%2C200&ssl=1","width":350,"height":200,"srcset":"https:\/\/i0.wp.com\/www.grieta.org.mx\/wp-content\/uploads\/2019\/07\/PdP_Buenavista_HG-1140x570.jpg?resize=350%2C200&ssl=1 1x, https:\/\/i0.wp.com\/www.grieta.org.mx\/wp-content\/uploads\/2019\/07\/PdP_Buenavista_HG-1140x570.jpg?resize=525%2C300&ssl=1 1.5x, https:\/\/i0.wp.com\/www.grieta.org.mx\/wp-content\/uploads\/2019\/07\/PdP_Buenavista_HG-1140x570.jpg?resize=700%2C400&ssl=1 2x, https:\/\/i0.wp.com\/www.grieta.org.mx\/wp-content\/uploads\/2019\/07\/PdP_Buenavista_HG-1140x570.jpg?resize=1050%2C600&ssl=1 3x"},"classes":[]},{"id":11792,"url":"https:\/\/www.grieta.org.mx\/index.php\/2016\/05\/03\/minera-derrama-400-mil-litros-de-solucion-de-cianuro-en-altar-sonora\/","url_meta":{"origin":37526,"position":3},"title":"Minera derrama 400 mil litros de soluci\u00f3n de cianuro en Altar, Sonora","author":"grieta","date":"3 mayo, 2016","format":false,"excerpt":"La fisura en un ducto de la mina El Chanate, de la empresa Santa Rita \u2013subsidiaria del grupo canadiense Aurico Gold Inc\u2013, provoc\u00f3 un derrame de 400 metros c\u00fabicos de soluci\u00f3n rica en cianuro que contamin\u00f3 una zona aleda\u00f1a en el municipio de Altar, en la zona des\u00e9rtica del norte\u2026","rel":"","context":"En &quot;CINTILLO&quot;","block_context":{"text":"CINTILLO","link":"https:\/\/www.grieta.org.mx\/index.php\/category\/cintillo\/"},"img":{"alt_text":"","src":"https:\/\/i0.wp.com\/www.grieta.org.mx\/wp-content\/uploads\/2018\/03\/14524434_1106112876131411_958039263622046936_o.jpg?resize=350%2C200&ssl=1","width":350,"height":200,"srcset":"https:\/\/i0.wp.com\/www.grieta.org.mx\/wp-content\/uploads\/2018\/03\/14524434_1106112876131411_958039263622046936_o.jpg?resize=350%2C200&ssl=1 1x, https:\/\/i0.wp.com\/www.grieta.org.mx\/wp-content\/uploads\/2018\/03\/14524434_1106112876131411_958039263622046936_o.jpg?resize=525%2C300&ssl=1 1.5x, https:\/\/i0.wp.com\/www.grieta.org.mx\/wp-content\/uploads\/2018\/03\/14524434_1106112876131411_958039263622046936_o.jpg?resize=700%2C400&ssl=1 2x"},"classes":[]},{"id":9067,"url":"https:\/\/www.grieta.org.mx\/index.php\/2016\/08\/22\/contaminacion-y-danos-a-la-salud-por-mineria-en-sonora\/","url_meta":{"origin":37526,"position":4},"title":"Contaminaci\u00f3n y da\u00f1os a la salud por miner\u00eda en Sonora","author":"Admin","date":"22 agosto, 2016","format":false,"excerpt":"Denuncian contaminaci\u00f3n del R\u00edo Sonora provocada por miner\u00eda 22\/08\/16. Contaminaci\u00f3n, despojo y negligencia: las acusaciones contra Grupo M\u00e9xico en Sonora Animal Pol\u00edtico 08\/08\/16. A 2 a\u00f1os del derrame contaminante en el R\u00edo Sonora, una 'mancha' que no se borra Expansi\u00f3n 01\/08\/16. A dos a\u00f1os de la contaminaci\u00f3n en R\u00edo Sonora:\u2026","rel":"","context":"En &quot;Miner\u00eda&quot;","block_context":{"text":"Miner\u00eda","link":"https:\/\/www.grieta.org.mx\/index.php\/category\/megaproyectos\/mineria\/"},"img":{"alt_text":"","src":"https:\/\/i0.wp.com\/www.grieta.org.mx\/wp-content\/uploads\/2018\/03\/14524434_1106112876131411_958039263622046936_o.jpg?resize=350%2C200&ssl=1","width":350,"height":200,"srcset":"https:\/\/i0.wp.com\/www.grieta.org.mx\/wp-content\/uploads\/2018\/03\/14524434_1106112876131411_958039263622046936_o.jpg?resize=350%2C200&ssl=1 1x, https:\/\/i0.wp.com\/www.grieta.org.mx\/wp-content\/uploads\/2018\/03\/14524434_1106112876131411_958039263622046936_o.jpg?resize=525%2C300&ssl=1 1.5x, https:\/\/i0.wp.com\/www.grieta.org.mx\/wp-content\/uploads\/2018\/03\/14524434_1106112876131411_958039263622046936_o.jpg?resize=700%2C400&ssl=1 2x"},"classes":[]},{"id":36077,"url":"https:\/\/www.grieta.org.mx\/index.php\/2019\/07\/05\/semarnat-asegura-que-nueva-presa-de-grupo-mexico-en-bacanuchi-sonora-cumple-normas-habitantes-no-se-convencen-y-exigen-seguridad\/","url_meta":{"origin":37526,"position":5},"title":"Semarnat asegura que nueva presa de Grupo M\u00e9xico en Bacanuchi, Sonora cumple normas; habitantes no se convencen y exigen seguridad","author":"grieta","date":"5 julio, 2019","format":false,"excerpt":"Priscila C\u00e1rdenas\/ PROYECTO PUENTE A un mes de cumplirse 5 a\u00f1os del derrame en el R\u00edo Sonora los habitantes de las comunidades afectadas siguen con miedo y en pie de lucha. Hoy adem\u00e1s de justicia y remediaci\u00f3n de da\u00f1os ambientales quieren evitar que la tragedia se repita, pues Grupo M\u00e9xico\u2026","rel":"","context":"En &quot;CINTILLO&quot;","block_context":{"text":"CINTILLO","link":"https:\/\/www.grieta.org.mx\/index.php\/category\/cintillo\/"},"img":{"alt_text":"","src":"https:\/\/i0.wp.com\/www.grieta.org.mx\/wp-content\/uploads\/2019\/07\/timthumb.jpg?resize=350%2C200&ssl=1","width":350,"height":200,"srcset":"https:\/\/i0.wp.com\/www.grieta.org.mx\/wp-content\/uploads\/2019\/07\/timthumb.jpg?resize=350%2C200&ssl=1 1x, https:\/\/i0.wp.com\/www.grieta.org.mx\/wp-content\/uploads\/2019\/07\/timthumb.jpg?resize=525%2C300&ssl=1 1.5x, https:\/\/i0.wp.com\/www.grieta.org.mx\/wp-content\/uploads\/2019\/07\/timthumb.jpg?resize=700%2C400&ssl=1 2x"},"classes":[]}],"_links":{"self":[{"href":"https:\/\/www.grieta.org.mx\/index.php\/wp-json\/wp\/v2\/posts\/37526","targetHints":{"allow":["GET"]}}],"collection":[{"href":"https:\/\/www.grieta.org.mx\/index.php\/wp-json\/wp\/v2\/posts"}],"about":[{"href":"https:\/\/www.grieta.org.mx\/index.php\/wp-json\/wp\/v2\/types\/post"}],"author":[{"embeddable":true,"href":"https:\/\/www.grieta.org.mx\/index.php\/wp-json\/wp\/v2\/users\/2"}],"replies":[{"embeddable":true,"href":"https:\/\/www.grieta.org.mx\/index.php\/wp-json\/wp\/v2\/comments?post=37526"}],"version-history":[{"count":1,"href":"https:\/\/www.grieta.org.mx\/index.php\/wp-json\/wp\/v2\/posts\/37526\/revisions"}],"predecessor-version":[{"id":37531,"href":"https:\/\/www.grieta.org.mx\/index.php\/wp-json\/wp\/v2\/posts\/37526\/revisions\/37531"}],"wp:featuredmedia":[{"embeddable":true,"href":"https:\/\/www.grieta.org.mx\/index.php\/wp-json\/wp\/v2\/media\/37527"}],"wp:attachment":[{"href":"https:\/\/www.grieta.org.mx\/index.php\/wp-json\/wp\/v2\/media?parent=37526"}],"wp:term":[{"taxonomy":"category","embeddable":true,"href":"https:\/\/www.grieta.org.mx\/index.php\/wp-json\/wp\/v2\/categories?post=37526"},{"taxonomy":"post_tag","embeddable":true,"href":"https:\/\/www.grieta.org.mx\/index.php\/wp-json\/wp\/v2\/tags?post=37526"}],"curies":[{"name":"wp","href":"https:\/\/api.w.org\/{rel}","templated":true}]}}