{"id":37498,"date":"2019-08-05T11:00:54","date_gmt":"2019-08-05T16:00:54","guid":{"rendered":"http:\/\/www.grieta.org.mx\/?p=37498"},"modified":"2019-08-06T11:33:26","modified_gmt":"2019-08-06T16:33:26","slug":"xayakalan-10-anos-tejiendo-resistencia-comunitaria-michoacan","status":"publish","type":"post","link":"https:\/\/www.grieta.org.mx\/index.php\/2019\/08\/05\/xayakalan-10-anos-tejiendo-resistencia-comunitaria-michoacan\/","title":{"rendered":"Xayakalan, 10 a\u00f1os tejiendo resistencia comunitaria (Michoac\u00e1n)"},"content":{"rendered":"<figure id=\"attachment_37499\" aria-describedby=\"caption-attachment-37499\" style=\"width: 800px\" class=\"wp-caption aligncenter\"><img loading=\"lazy\" decoding=\"async\" data-attachment-id=\"37499\" data-permalink=\"https:\/\/www.grieta.org.mx\/index.php\/2019\/08\/05\/xayakalan-10-anos-tejiendo-resistencia-comunitaria-michoacan\/x_aniv_xayakalan_regina_lopez-4-1\/\" data-orig-file=\"https:\/\/www.grieta.org.mx\/wp-content\/uploads\/2019\/08\/X_aniv_Xayakalan_Regina_Lopez-4-1.jpg\" data-orig-size=\"1070,713\" data-comments-opened=\"0\" data-image-meta=\"{&quot;aperture&quot;:&quot;9&quot;,&quot;credit&quot;:&quot;Regina Lopez CC-BY-NC-SA&quot;,&quot;camera&quot;:&quot;Canon EOS 60D&quot;,&quot;caption&quot;:&quot;&quot;,&quot;created_timestamp&quot;:&quot;1561812250&quot;,&quot;copyright&quot;:&quot;copyleft CC-BY-NC-SA&quot;,&quot;focal_length&quot;:&quot;24&quot;,&quot;iso&quot;:&quot;200&quot;,&quot;shutter_speed&quot;:&quot;0.003125&quot;,&quot;title&quot;:&quot;&quot;,&quot;orientation&quot;:&quot;0&quot;}\" data-image-title=\"X_aniv_Xayakalan_Regina_Lopez-4-1\" data-image-description=\"\" data-image-caption=\"&lt;p&gt;Foto: Regina L\u00f3pez&lt;\/p&gt;\n\" data-medium-file=\"https:\/\/www.grieta.org.mx\/wp-content\/uploads\/2019\/08\/X_aniv_Xayakalan_Regina_Lopez-4-1-300x200.jpg\" data-large-file=\"https:\/\/www.grieta.org.mx\/wp-content\/uploads\/2019\/08\/X_aniv_Xayakalan_Regina_Lopez-4-1-1024x682.jpg\" class=\"wp-image-37499\" src=\"http:\/\/www.grieta.org.mx\/wp-content\/uploads\/2019\/08\/X_aniv_Xayakalan_Regina_Lopez-4-1.jpg\" alt=\"\" width=\"800\" height=\"533\" srcset=\"https:\/\/www.grieta.org.mx\/wp-content\/uploads\/2019\/08\/X_aniv_Xayakalan_Regina_Lopez-4-1.jpg 1070w, https:\/\/www.grieta.org.mx\/wp-content\/uploads\/2019\/08\/X_aniv_Xayakalan_Regina_Lopez-4-1-300x200.jpg 300w, https:\/\/www.grieta.org.mx\/wp-content\/uploads\/2019\/08\/X_aniv_Xayakalan_Regina_Lopez-4-1-768x512.jpg 768w, https:\/\/www.grieta.org.mx\/wp-content\/uploads\/2019\/08\/X_aniv_Xayakalan_Regina_Lopez-4-1-1024x682.jpg 1024w, https:\/\/www.grieta.org.mx\/wp-content\/uploads\/2019\/08\/X_aniv_Xayakalan_Regina_Lopez-4-1-750x500.jpg 750w\" sizes=\"auto, (max-width: 800px) 100vw, 800px\" \/><figcaption id=\"caption-attachment-37499\" class=\"wp-caption-text\">Foto: Regina L\u00f3pez<\/figcaption><\/figure>\n<p>Agencia SubVersiones,05 de agosto de 2019<\/p>\n<p>Colaboraci\u00f3n entre Radio Zapatista y Agencia SubVersiones<br \/>\nPor Regina L\u00f3pez, R. Rahal, La Negra Rb, Camia Pl\u00e1<\/p>\n<p>Desde la costa hasta la sierra el calor abraza el territorio de Santa Mar\u00eda Ostula. Su tierra rojiza y ocre adorna las casas de adobe y palma, mientras los tamarindos se tienden frente al mar y las milpas se levantan m\u00e1s atr\u00e1s en las monta\u00f1as. Quien tiene la oportunidad de posar la vista sobre la comunidad nahua de Ostula es testigo de este para\u00edso, ejemplo de perseverancia en la lucha por el territorio y la autonom\u00eda ind\u00edgena.<\/p>\n<p>San Diego Xayakalan es una de las encargaturas costeras que da entrada al territorio ostule\u00f1o por el norte. Circulando por \u00abla doscientos\u00bb -carretera federal que comunica varios estados del pac\u00edfico mexicano- se llega a ella al encontrar el filtro de seguridad comunitario, primero de varios que la Guardia Comunal mantiene instalados para procurar la seguridad y como puntos de acceso.<\/p>\n<p>El pasado 29 de junio Xayakalan celebr\u00f3 sus 10 a\u00f1os de vida. Con presencia de representantes de las 23 encargaturas que hoy conforman Santa Mar\u00eda Ostula \u2014peque\u00f1as comunidades que se rigen bajo la asamblea general y cuentan con estructuras y cargos propios como la Guardia Comunal o los Encargados del orden\u2014, as\u00ed como de otros pueblos, organizaciones y colectivos; las mujeres, hombres, ancianos, ni\u00f1as y ni\u00f1os de la comunidad nos recibieron para rememorar juntos el camino andado.<\/p>\n<p>Xayakalan se fund\u00f3 en 2009 tras la recuperaci\u00f3n por la v\u00eda de los hechos de m\u00e1s de 1000 hect\u00e1reas de territorio que se encontraba en manos de peque\u00f1os propietarios y bajo el control del crimen organizado.<\/p>\n<p>El nombre de San Diego Xayakalan alude a Diego Ram\u00edrez, primer comunero asesinado por c\u00e9lulas del cartel de la regi\u00f3n. Las familias que hoy habitan la comunidad, queriendo honrar su memoria, la llamaron San Diego, seguido de Xayakalan que en n\u00e1huatl significa tierra de Xayakates: personajes m\u00edticos que danzan burlones haciendo todo tipo de travesuras, a manera de una tradici\u00f3n que en s\u00ed representa la insumisi\u00f3n ind\u00edgena hist\u00f3rica ante el orden colonial espa\u00f1ol y en general ante cualquier imposici\u00f3n ajena.<\/p>\n<figure id=\"attachment_37500\" aria-describedby=\"caption-attachment-37500\" style=\"width: 800px\" class=\"wp-caption aligncenter\"><img loading=\"lazy\" decoding=\"async\" data-attachment-id=\"37500\" data-permalink=\"https:\/\/www.grieta.org.mx\/index.php\/2019\/08\/05\/xayakalan-10-anos-tejiendo-resistencia-comunitaria-michoacan\/x_aniv_xayakalan_regina_lopez-7\/\" data-orig-file=\"https:\/\/www.grieta.org.mx\/wp-content\/uploads\/2019\/08\/X_aniv_Xayakalan_Regina_Lopez-7.jpg\" data-orig-size=\"710,473\" data-comments-opened=\"0\" data-image-meta=\"{&quot;aperture&quot;:&quot;9&quot;,&quot;credit&quot;:&quot;Regina Lopez CC-BY-NC-SA&quot;,&quot;camera&quot;:&quot;Canon EOS 60D&quot;,&quot;caption&quot;:&quot;&quot;,&quot;created_timestamp&quot;:&quot;1561823020&quot;,&quot;copyright&quot;:&quot;copyleft CC-BY-NC-SA&quot;,&quot;focal_length&quot;:&quot;18&quot;,&quot;iso&quot;:&quot;400&quot;,&quot;shutter_speed&quot;:&quot;0.016666666666667&quot;,&quot;title&quot;:&quot;&quot;,&quot;orientation&quot;:&quot;0&quot;}\" data-image-title=\"X_aniv_Xayakalan_Regina_Lopez-7\" data-image-description=\"\" data-image-caption=\"&lt;p&gt;Foto: Regina L\u00f3pez&lt;\/p&gt;\n\" data-medium-file=\"https:\/\/www.grieta.org.mx\/wp-content\/uploads\/2019\/08\/X_aniv_Xayakalan_Regina_Lopez-7-300x200.jpg\" data-large-file=\"https:\/\/www.grieta.org.mx\/wp-content\/uploads\/2019\/08\/X_aniv_Xayakalan_Regina_Lopez-7.jpg\" class=\"wp-image-37500\" src=\"http:\/\/www.grieta.org.mx\/wp-content\/uploads\/2019\/08\/X_aniv_Xayakalan_Regina_Lopez-7.jpg\" alt=\"\" width=\"800\" height=\"533\" srcset=\"https:\/\/www.grieta.org.mx\/wp-content\/uploads\/2019\/08\/X_aniv_Xayakalan_Regina_Lopez-7.jpg 710w, https:\/\/www.grieta.org.mx\/wp-content\/uploads\/2019\/08\/X_aniv_Xayakalan_Regina_Lopez-7-300x200.jpg 300w\" sizes=\"auto, (max-width: 800px) 100vw, 800px\" \/><figcaption id=\"caption-attachment-37500\" class=\"wp-caption-text\">Foto: Regina L\u00f3pez<\/figcaption><\/figure>\n<figure id=\"attachment_37501\" aria-describedby=\"caption-attachment-37501\" style=\"width: 800px\" class=\"wp-caption aligncenter\"><img loading=\"lazy\" decoding=\"async\" data-attachment-id=\"37501\" data-permalink=\"https:\/\/www.grieta.org.mx\/index.php\/2019\/08\/05\/xayakalan-10-anos-tejiendo-resistencia-comunitaria-michoacan\/x_aniv_xayakalan_r_rahal-1\/\" data-orig-file=\"https:\/\/www.grieta.org.mx\/wp-content\/uploads\/2019\/08\/X_aniv_Xayakalan_R_Rahal-1.jpg\" data-orig-size=\"352,234\" data-comments-opened=\"0\" data-image-meta=\"{&quot;aperture&quot;:&quot;4&quot;,&quot;credit&quot;:&quot;&quot;,&quot;camera&quot;:&quot;Canon EOS 7D&quot;,&quot;caption&quot;:&quot;&quot;,&quot;created_timestamp&quot;:&quot;1561748107&quot;,&quot;copyright&quot;:&quot;&quot;,&quot;focal_length&quot;:&quot;28&quot;,&quot;iso&quot;:&quot;800&quot;,&quot;shutter_speed&quot;:&quot;0.025&quot;,&quot;title&quot;:&quot;&quot;,&quot;orientation&quot;:&quot;0&quot;}\" data-image-title=\"X_aniv_Xayakalan_R_Rahal-1\" data-image-description=\"\" data-image-caption=\"&lt;p&gt;Foto: R.  Rahal&lt;\/p&gt;\n\" data-medium-file=\"https:\/\/www.grieta.org.mx\/wp-content\/uploads\/2019\/08\/X_aniv_Xayakalan_R_Rahal-1-300x199.jpg\" data-large-file=\"https:\/\/www.grieta.org.mx\/wp-content\/uploads\/2019\/08\/X_aniv_Xayakalan_R_Rahal-1.jpg\" class=\"wp-image-37501\" src=\"http:\/\/www.grieta.org.mx\/wp-content\/uploads\/2019\/08\/X_aniv_Xayakalan_R_Rahal-1.jpg\" alt=\"\" width=\"800\" height=\"532\" srcset=\"https:\/\/www.grieta.org.mx\/wp-content\/uploads\/2019\/08\/X_aniv_Xayakalan_R_Rahal-1.jpg 352w, https:\/\/www.grieta.org.mx\/wp-content\/uploads\/2019\/08\/X_aniv_Xayakalan_R_Rahal-1-300x199.jpg 300w\" sizes=\"auto, (max-width: 800px) 100vw, 800px\" \/><figcaption id=\"caption-attachment-37501\" class=\"wp-caption-text\">Foto: R. Rahal<\/figcaption><\/figure>\n<figure id=\"attachment_37502\" aria-describedby=\"caption-attachment-37502\" style=\"width: 800px\" class=\"wp-caption aligncenter\"><img loading=\"lazy\" decoding=\"async\" data-attachment-id=\"37502\" data-permalink=\"https:\/\/www.grieta.org.mx\/index.php\/2019\/08\/05\/xayakalan-10-anos-tejiendo-resistencia-comunitaria-michoacan\/x_aniv_xayakalan_r_rahal-2\/\" data-orig-file=\"https:\/\/www.grieta.org.mx\/wp-content\/uploads\/2019\/08\/X_aniv_Xayakalan_R_Rahal-2.jpg\" data-orig-size=\"352,234\" data-comments-opened=\"0\" data-image-meta=\"{&quot;aperture&quot;:&quot;4.5&quot;,&quot;credit&quot;:&quot;&quot;,&quot;camera&quot;:&quot;Canon EOS 7D&quot;,&quot;caption&quot;:&quot;&quot;,&quot;created_timestamp&quot;:&quot;1561748190&quot;,&quot;copyright&quot;:&quot;&quot;,&quot;focal_length&quot;:&quot;50&quot;,&quot;iso&quot;:&quot;800&quot;,&quot;shutter_speed&quot;:&quot;0.0125&quot;,&quot;title&quot;:&quot;&quot;,&quot;orientation&quot;:&quot;0&quot;}\" data-image-title=\"X_aniv_Xayakalan_R_Rahal-2\" data-image-description=\"\" data-image-caption=\"&lt;p&gt;Foto: R. Rahal&lt;\/p&gt;\n\" data-medium-file=\"https:\/\/www.grieta.org.mx\/wp-content\/uploads\/2019\/08\/X_aniv_Xayakalan_R_Rahal-2-300x199.jpg\" data-large-file=\"https:\/\/www.grieta.org.mx\/wp-content\/uploads\/2019\/08\/X_aniv_Xayakalan_R_Rahal-2.jpg\" class=\"wp-image-37502\" src=\"http:\/\/www.grieta.org.mx\/wp-content\/uploads\/2019\/08\/X_aniv_Xayakalan_R_Rahal-2.jpg\" alt=\"\" width=\"800\" height=\"532\" srcset=\"https:\/\/www.grieta.org.mx\/wp-content\/uploads\/2019\/08\/X_aniv_Xayakalan_R_Rahal-2.jpg 352w, https:\/\/www.grieta.org.mx\/wp-content\/uploads\/2019\/08\/X_aniv_Xayakalan_R_Rahal-2-300x199.jpg 300w\" sizes=\"auto, (max-width: 800px) 100vw, 800px\" \/><figcaption id=\"caption-attachment-37502\" class=\"wp-caption-text\">Foto: R. Rahal<\/figcaption><\/figure>\n<figure id=\"attachment_37503\" aria-describedby=\"caption-attachment-37503\" style=\"width: 800px\" class=\"wp-caption aligncenter\"><img loading=\"lazy\" decoding=\"async\" data-attachment-id=\"37503\" data-permalink=\"https:\/\/www.grieta.org.mx\/index.php\/2019\/08\/05\/xayakalan-10-anos-tejiendo-resistencia-comunitaria-michoacan\/x_aniv_xayakalan_regina_lopez-2\/\" data-orig-file=\"https:\/\/www.grieta.org.mx\/wp-content\/uploads\/2019\/08\/X_aniv_Xayakalan_Regina_Lopez-2.jpg\" data-orig-size=\"353,235\" data-comments-opened=\"0\" data-image-meta=\"{&quot;aperture&quot;:&quot;5&quot;,&quot;credit&quot;:&quot;Regina Lopez CC-BY-NC-SA&quot;,&quot;camera&quot;:&quot;Canon EOS 60D&quot;,&quot;caption&quot;:&quot;&quot;,&quot;created_timestamp&quot;:&quot;1561753898&quot;,&quot;copyright&quot;:&quot;copyleft CC-BY-NC-SA&quot;,&quot;focal_length&quot;:&quot;37&quot;,&quot;iso&quot;:&quot;800&quot;,&quot;shutter_speed&quot;:&quot;0.0125&quot;,&quot;title&quot;:&quot;&quot;,&quot;orientation&quot;:&quot;0&quot;}\" data-image-title=\"X_aniv_Xayakalan_Regina_Lopez-2\" data-image-description=\"\" data-image-caption=\"&lt;p&gt;Foto: Regina L\u00f3pez&lt;\/p&gt;\n\" data-medium-file=\"https:\/\/www.grieta.org.mx\/wp-content\/uploads\/2019\/08\/X_aniv_Xayakalan_Regina_Lopez-2-300x200.jpg\" data-large-file=\"https:\/\/www.grieta.org.mx\/wp-content\/uploads\/2019\/08\/X_aniv_Xayakalan_Regina_Lopez-2.jpg\" class=\"wp-image-37503\" src=\"http:\/\/www.grieta.org.mx\/wp-content\/uploads\/2019\/08\/X_aniv_Xayakalan_Regina_Lopez-2.jpg\" alt=\"\" width=\"800\" height=\"533\" srcset=\"https:\/\/www.grieta.org.mx\/wp-content\/uploads\/2019\/08\/X_aniv_Xayakalan_Regina_Lopez-2.jpg 353w, https:\/\/www.grieta.org.mx\/wp-content\/uploads\/2019\/08\/X_aniv_Xayakalan_Regina_Lopez-2-300x200.jpg 300w\" sizes=\"auto, (max-width: 800px) 100vw, 800px\" \/><figcaption id=\"caption-attachment-37503\" class=\"wp-caption-text\">Foto: Regina L\u00f3pez<\/figcaption><\/figure>\n<figure id=\"attachment_37504\" aria-describedby=\"caption-attachment-37504\" style=\"width: 800px\" class=\"wp-caption aligncenter\"><img loading=\"lazy\" decoding=\"async\" data-attachment-id=\"37504\" data-permalink=\"https:\/\/www.grieta.org.mx\/index.php\/2019\/08\/05\/xayakalan-10-anos-tejiendo-resistencia-comunitaria-michoacan\/x_aniv_xayakalan_regina_lopez-8\/\" data-orig-file=\"https:\/\/www.grieta.org.mx\/wp-content\/uploads\/2019\/08\/X_aniv_Xayakalan_Regina_Lopez-8.jpg\" data-orig-size=\"353,235\" data-comments-opened=\"0\" data-image-meta=\"{&quot;aperture&quot;:&quot;6.3&quot;,&quot;credit&quot;:&quot;Regina Lopez CC-BY-NC-SA&quot;,&quot;camera&quot;:&quot;Canon EOS 60D&quot;,&quot;caption&quot;:&quot;&quot;,&quot;created_timestamp&quot;:&quot;1561828377&quot;,&quot;copyright&quot;:&quot;copyleft CC-BY-NC-SA&quot;,&quot;focal_length&quot;:&quot;65&quot;,&quot;iso&quot;:&quot;400&quot;,&quot;shutter_speed&quot;:&quot;0.00625&quot;,&quot;title&quot;:&quot;&quot;,&quot;orientation&quot;:&quot;0&quot;}\" data-image-title=\"X_aniv_Xayakalan_Regina_Lopez-8\" data-image-description=\"\" data-image-caption=\"&lt;p&gt;Foto: Regina L\u00f3pez&lt;\/p&gt;\n\" data-medium-file=\"https:\/\/www.grieta.org.mx\/wp-content\/uploads\/2019\/08\/X_aniv_Xayakalan_Regina_Lopez-8-300x200.jpg\" data-large-file=\"https:\/\/www.grieta.org.mx\/wp-content\/uploads\/2019\/08\/X_aniv_Xayakalan_Regina_Lopez-8.jpg\" class=\"wp-image-37504\" src=\"http:\/\/www.grieta.org.mx\/wp-content\/uploads\/2019\/08\/X_aniv_Xayakalan_Regina_Lopez-8.jpg\" alt=\"\" width=\"800\" height=\"533\" srcset=\"https:\/\/www.grieta.org.mx\/wp-content\/uploads\/2019\/08\/X_aniv_Xayakalan_Regina_Lopez-8.jpg 353w, https:\/\/www.grieta.org.mx\/wp-content\/uploads\/2019\/08\/X_aniv_Xayakalan_Regina_Lopez-8-300x200.jpg 300w\" sizes=\"auto, (max-width: 800px) 100vw, 800px\" \/><figcaption id=\"caption-attachment-37504\" class=\"wp-caption-text\">Foto: Regina L\u00f3pez<\/figcaption><\/figure>\n<p><strong>Preparando la fiesta<\/strong><\/p>\n<p>D\u00edas antes pudimos observar los preparativos para la conmemoraci\u00f3n. Por comisiones y turnos de trabajo, todo el pueblo se afan\u00f3 en los arreglos.<\/p>\n<p>Asist\u00edamos a la organizaci\u00f3n colectiva del evento, de por s\u00ed ya una fiesta que recib\u00eda a sus invitados e invitadas, con una manta en donde pod\u00eda leerse: \u00abD\u00e9cimo Aniversario [por la] Recuperaci\u00f3n de Nuestras Tierras, Comunidad Santa Mar\u00eda Ostula, Xayakalan, 28 y 29 Junio 2019\u00bb.<\/p>\n<p>Bajo la sombra de la enramada y junto a la capilla de la Virgen de Guadalupe, en lo m\u00e1s alto del terreno, las mujeres de la comunidad preparaban presurosas y alegres las tortillas en su fog\u00f3n comunitario. Mientras, animados tambi\u00e9n, los hombres tej\u00edan adornos de palma para decorar el lugar, a la vez que colocaban la vestimenta tradicional y figuras asemejando a los Xayakates y a los Bartolos (personajes de las pastorelas) a uno y otro lado del templete.<\/p>\n<p>Una exposici\u00f3n fotogr\u00e1fica que se alistaba a ser montada daba cuenta de los rostros de la lucha y la belleza del territorio. Entretanto los muchos ni\u00f1os y ni\u00f1as correteaban de un lugar a otro, haci\u00e9ndonos reflexionar que este proceso ha permitido que la juventud y ni\u00f1ez de Xayakalan, mucha de ella nacida durante la resistencia y que por ello es poseedora de una fuerte identidad, hoy pueda crecer y divertirse con libertad.<\/p>\n<p><strong>Por tiempos inmemoriales aqu\u00ed es nuestro<\/strong><\/p>\n<p>Al d\u00eda siguiente, 29 de junio, se inici\u00f3 temprano. Tras la misa, seguida de un gran desayuno, se convoc\u00f3 a las y los presentes a formar parte de una marcha hasta los linderos de la comunidad.<\/p>\n<p>Partiendo de la enramada, espacio de reuni\u00f3n de la asamblea comunitaria, comenz\u00f3 el recorrido con la Guardia y autoridades comunales al frente hacia el paraje de Las Bugambilias, una fracci\u00f3n de tierra que todav\u00eda se encuentra en disputa.<\/p>\n<p>Bajo un sol apabullante se escucharon los \u00a1Ostula Vive, la Lucha Sigue!, \u00a1Ostula no se vende, Ostula se defiende! o \u00a1Vivan los pueblos originarios, viva Zapata, viva EZLN, Viva Ostula! que animaron a todas y todos los que ah\u00ed acompa\u00f1amos hasta el punto denominado \u00ablas tres majahuas\u00bb, colindancia que la gente anciana de la comunidad recuerda les fue reconocida por resoluci\u00f3n presidencial en 1964. Sin embargo, y como consta en los t\u00edtulos primordiales, su territorio va mucho m\u00e1s all\u00e1.<\/p>\n<figure id=\"attachment_37505\" aria-describedby=\"caption-attachment-37505\" style=\"width: 710px\" class=\"wp-caption aligncenter\"><img loading=\"lazy\" decoding=\"async\" data-attachment-id=\"37505\" data-permalink=\"https:\/\/www.grieta.org.mx\/index.php\/2019\/08\/05\/xayakalan-10-anos-tejiendo-resistencia-comunitaria-michoacan\/x_aniv_xayakalan_regina_lopez-24\/\" data-orig-file=\"https:\/\/www.grieta.org.mx\/wp-content\/uploads\/2019\/08\/X_aniv_Xayakalan_Regina_Lopez-24.jpg\" data-orig-size=\"710,473\" data-comments-opened=\"0\" data-image-meta=\"{&quot;aperture&quot;:&quot;5.6&quot;,&quot;credit&quot;:&quot;Regina Lopez CC-BY-NC-SA&quot;,&quot;camera&quot;:&quot;Canon EOS 60D&quot;,&quot;caption&quot;:&quot;&quot;,&quot;created_timestamp&quot;:&quot;1561813950&quot;,&quot;copyright&quot;:&quot;copyleft CC-BY-NC-SA&quot;,&quot;focal_length&quot;:&quot;45&quot;,&quot;iso&quot;:&quot;125&quot;,&quot;shutter_speed&quot;:&quot;0.00125&quot;,&quot;title&quot;:&quot;&quot;,&quot;orientation&quot;:&quot;0&quot;}\" data-image-title=\"X_aniv_Xayakalan_Regina_Lopez-24\" data-image-description=\"\" data-image-caption=\"&lt;p&gt;Foto: Regina L\u00f3pez&lt;\/p&gt;\n\" data-medium-file=\"https:\/\/www.grieta.org.mx\/wp-content\/uploads\/2019\/08\/X_aniv_Xayakalan_Regina_Lopez-24-300x200.jpg\" data-large-file=\"https:\/\/www.grieta.org.mx\/wp-content\/uploads\/2019\/08\/X_aniv_Xayakalan_Regina_Lopez-24.jpg\" class=\"size-full wp-image-37505\" src=\"http:\/\/www.grieta.org.mx\/wp-content\/uploads\/2019\/08\/X_aniv_Xayakalan_Regina_Lopez-24.jpg\" alt=\"\" width=\"710\" height=\"473\" srcset=\"https:\/\/www.grieta.org.mx\/wp-content\/uploads\/2019\/08\/X_aniv_Xayakalan_Regina_Lopez-24.jpg 710w, https:\/\/www.grieta.org.mx\/wp-content\/uploads\/2019\/08\/X_aniv_Xayakalan_Regina_Lopez-24-300x200.jpg 300w\" sizes=\"auto, (max-width: 710px) 100vw, 710px\" \/><figcaption id=\"caption-attachment-37505\" class=\"wp-caption-text\">Foto: Regina L\u00f3pez<\/figcaption><\/figure>\n<figure id=\"attachment_37506\" aria-describedby=\"caption-attachment-37506\" style=\"width: 800px\" class=\"wp-caption aligncenter\"><img loading=\"lazy\" decoding=\"async\" data-attachment-id=\"37506\" data-permalink=\"https:\/\/www.grieta.org.mx\/index.php\/2019\/08\/05\/xayakalan-10-anos-tejiendo-resistencia-comunitaria-michoacan\/x_aniv_xayakalan_regina_lopez-25\/\" data-orig-file=\"https:\/\/www.grieta.org.mx\/wp-content\/uploads\/2019\/08\/X_aniv_Xayakalan_Regina_Lopez-25.jpg\" data-orig-size=\"352,234\" data-comments-opened=\"0\" data-image-meta=\"{&quot;aperture&quot;:&quot;4&quot;,&quot;credit&quot;:&quot;Regina Lopez CC-BY-NC-SA&quot;,&quot;camera&quot;:&quot;Canon EOS 60D&quot;,&quot;caption&quot;:&quot;&quot;,&quot;created_timestamp&quot;:&quot;1561813992&quot;,&quot;copyright&quot;:&quot;copyleft CC-BY-NC-SA&quot;,&quot;focal_length&quot;:&quot;27&quot;,&quot;iso&quot;:&quot;125&quot;,&quot;shutter_speed&quot;:&quot;0.00125&quot;,&quot;title&quot;:&quot;&quot;,&quot;orientation&quot;:&quot;0&quot;}\" data-image-title=\"X_aniv_Xayakalan_Regina_Lopez-25\" data-image-description=\"\" data-image-caption=\"&lt;p&gt;Foto: Regina L\u00f3pez&lt;\/p&gt;\n\" data-medium-file=\"https:\/\/www.grieta.org.mx\/wp-content\/uploads\/2019\/08\/X_aniv_Xayakalan_Regina_Lopez-25-300x199.jpg\" data-large-file=\"https:\/\/www.grieta.org.mx\/wp-content\/uploads\/2019\/08\/X_aniv_Xayakalan_Regina_Lopez-25.jpg\" class=\"wp-image-37506\" src=\"http:\/\/www.grieta.org.mx\/wp-content\/uploads\/2019\/08\/X_aniv_Xayakalan_Regina_Lopez-25.jpg\" alt=\"\" width=\"800\" height=\"532\" srcset=\"https:\/\/www.grieta.org.mx\/wp-content\/uploads\/2019\/08\/X_aniv_Xayakalan_Regina_Lopez-25.jpg 352w, https:\/\/www.grieta.org.mx\/wp-content\/uploads\/2019\/08\/X_aniv_Xayakalan_Regina_Lopez-25-300x199.jpg 300w\" sizes=\"auto, (max-width: 800px) 100vw, 800px\" \/><figcaption id=\"caption-attachment-37506\" class=\"wp-caption-text\">Foto: Regina L\u00f3pez<\/figcaption><\/figure>\n<figure id=\"attachment_37507\" aria-describedby=\"caption-attachment-37507\" style=\"width: 800px\" class=\"wp-caption aligncenter\"><img loading=\"lazy\" decoding=\"async\" data-attachment-id=\"37507\" data-permalink=\"https:\/\/www.grieta.org.mx\/index.php\/2019\/08\/05\/xayakalan-10-anos-tejiendo-resistencia-comunitaria-michoacan\/x_aniv_xayakalan_regina_lopez-22\/\" data-orig-file=\"https:\/\/www.grieta.org.mx\/wp-content\/uploads\/2019\/08\/X_aniv_Xayakalan_Regina_Lopez-22.jpg\" data-orig-size=\"352,234\" data-comments-opened=\"0\" data-image-meta=\"{&quot;aperture&quot;:&quot;5&quot;,&quot;credit&quot;:&quot;Regina Lopez CC-BY-NC-SA&quot;,&quot;camera&quot;:&quot;Canon EOS 60D&quot;,&quot;caption&quot;:&quot;&quot;,&quot;created_timestamp&quot;:&quot;1561812978&quot;,&quot;copyright&quot;:&quot;copyleft CC-BY-NC-SA&quot;,&quot;focal_length&quot;:&quot;43&quot;,&quot;iso&quot;:&quot;125&quot;,&quot;shutter_speed&quot;:&quot;0.001&quot;,&quot;title&quot;:&quot;&quot;,&quot;orientation&quot;:&quot;0&quot;}\" data-image-title=\"X_aniv_Xayakalan_Regina_Lopez-22\" data-image-description=\"\" data-image-caption=\"&lt;p&gt;Foto: Regina L\u00f3pez&lt;\/p&gt;\n\" data-medium-file=\"https:\/\/www.grieta.org.mx\/wp-content\/uploads\/2019\/08\/X_aniv_Xayakalan_Regina_Lopez-22-300x199.jpg\" data-large-file=\"https:\/\/www.grieta.org.mx\/wp-content\/uploads\/2019\/08\/X_aniv_Xayakalan_Regina_Lopez-22.jpg\" class=\"wp-image-37507\" src=\"http:\/\/www.grieta.org.mx\/wp-content\/uploads\/2019\/08\/X_aniv_Xayakalan_Regina_Lopez-22.jpg\" alt=\"\" width=\"800\" height=\"532\" srcset=\"https:\/\/www.grieta.org.mx\/wp-content\/uploads\/2019\/08\/X_aniv_Xayakalan_Regina_Lopez-22.jpg 352w, https:\/\/www.grieta.org.mx\/wp-content\/uploads\/2019\/08\/X_aniv_Xayakalan_Regina_Lopez-22-300x199.jpg 300w\" sizes=\"auto, (max-width: 800px) 100vw, 800px\" \/><figcaption id=\"caption-attachment-37507\" class=\"wp-caption-text\">Foto: Regina L\u00f3pez<\/figcaption><\/figure>\n<p>Este acto simb\u00f3lico de recorrer el territorio hasta sus linderos incluy\u00f3 la intervenci\u00f3n de las autoridades de Ostula y su encargatura Xayakalan que, en palabras de su Jefe de Tenencia y Encargado del Orden, compartieron parte del proceso de resistencia y agradecieron la presencia de las y los que llegamos desde otros lugares.<\/p>\n<blockquote><p><em>&#8220;Nuestro territorio, de all\u00ed para ac\u00e1 es nuestro. Quisimos venir para saber en d\u00f3nde llegamos (\u2026) en este trayecto tuvimos muerte y levantones. Seguimos luchando por nuestras tierras que nos las han heredado nuestros ancestros. (\u2026) Nosotros somos de lucha y vamos a seguir luchando por nuestros chiquitines que vienen aqu\u00ed atr\u00e1s de nosotros (Jefe de tenencia Sta Maria Ostula).<\/em><\/p>\n<p>Estamos contentos por cumplir estos diez a\u00f1os de aniversario, de lucha por nuestra tierra recuperada (\u2026) Agradecerles a todos aqu\u00ed y a iniciar este d\u00eda aqu\u00ed con esta marcha con todos los compa\u00f1eros que vienen de diferentes lugares&#8221; (Encargado del Orden de Xayakalan)<\/p><\/blockquote>\n<p><strong>Ostula resiste desde siempre, Ostula no olvida<\/strong><\/p>\n<p>La resistencia en Ostula no es sencilla pero camina a paso firme. En el aniversario mucho se habl\u00f3 de ello, porque diez a\u00f1os no son pocos y todo lo ocurrido durante este tiempo ha marcado profundamente a este valeroso pueblo.<\/p>\n<p>Se record\u00f3 a los 35 compa\u00f1eros asesinados y los otros 6 compa\u00f1eros desaparecidos, en una constante organizativa que, como mencion\u00f3 el comandante de la Guardia Comunitaria, Germ\u00e1n Ram\u00edrez, viene de lejos y todav\u00eda contin\u00faa.<\/p>\n<p>En varios testimonios reson\u00f3 que las luchas \u00abno tienen fin\u00bb, reafirmando que esta experiencia que se viene construyendo \u00abno es de inicio\u00bb sino que es la continuidad de \u00ablos antepasados\u00bb, porque este, como muchos otros procesos organizativos, trasciende los tiempos y muestra de ello son las diversas luchas por la defensa territorial y sus todav\u00eda pr\u00e1cticas de autogobierno ind\u00edgena.<\/p>\n<figure id=\"attachment_37508\" aria-describedby=\"caption-attachment-37508\" style=\"width: 800px\" class=\"wp-caption aligncenter\"><img loading=\"lazy\" decoding=\"async\" data-attachment-id=\"37508\" data-permalink=\"https:\/\/www.grieta.org.mx\/index.php\/2019\/08\/05\/xayakalan-10-anos-tejiendo-resistencia-comunitaria-michoacan\/x_aniv_xayakalan_r_rahal-4\/\" data-orig-file=\"https:\/\/www.grieta.org.mx\/wp-content\/uploads\/2019\/08\/X_aniv_Xayakalan_R_Rahal-4.jpg\" data-orig-size=\"531,353\" data-comments-opened=\"0\" data-image-meta=\"{&quot;aperture&quot;:&quot;8&quot;,&quot;credit&quot;:&quot;&quot;,&quot;camera&quot;:&quot;Canon EOS 7D&quot;,&quot;caption&quot;:&quot;&quot;,&quot;created_timestamp&quot;:&quot;1561807561&quot;,&quot;copyright&quot;:&quot;&quot;,&quot;focal_length&quot;:&quot;90&quot;,&quot;iso&quot;:&quot;800&quot;,&quot;shutter_speed&quot;:&quot;0.000625&quot;,&quot;title&quot;:&quot;&quot;,&quot;orientation&quot;:&quot;0&quot;}\" data-image-title=\"X_aniv_Xayakalan_R_Rahal-4\" data-image-description=\"\" data-image-caption=\"&lt;p&gt;Foto: R. Rahal.&lt;\/p&gt;\n\" data-medium-file=\"https:\/\/www.grieta.org.mx\/wp-content\/uploads\/2019\/08\/X_aniv_Xayakalan_R_Rahal-4-300x199.jpg\" data-large-file=\"https:\/\/www.grieta.org.mx\/wp-content\/uploads\/2019\/08\/X_aniv_Xayakalan_R_Rahal-4.jpg\" class=\"wp-image-37508\" src=\"http:\/\/www.grieta.org.mx\/wp-content\/uploads\/2019\/08\/X_aniv_Xayakalan_R_Rahal-4.jpg\" alt=\"\" width=\"800\" height=\"532\" srcset=\"https:\/\/www.grieta.org.mx\/wp-content\/uploads\/2019\/08\/X_aniv_Xayakalan_R_Rahal-4.jpg 531w, https:\/\/www.grieta.org.mx\/wp-content\/uploads\/2019\/08\/X_aniv_Xayakalan_R_Rahal-4-300x199.jpg 300w\" sizes=\"auto, (max-width: 800px) 100vw, 800px\" \/><figcaption id=\"caption-attachment-37508\" class=\"wp-caption-text\">Foto: R. Rahal.<\/figcaption><\/figure>\n<figure id=\"attachment_37509\" aria-describedby=\"caption-attachment-37509\" style=\"width: 800px\" class=\"wp-caption aligncenter\"><img loading=\"lazy\" decoding=\"async\" data-attachment-id=\"37509\" data-permalink=\"https:\/\/www.grieta.org.mx\/index.php\/2019\/08\/05\/xayakalan-10-anos-tejiendo-resistencia-comunitaria-michoacan\/x_aniv_xayakalan_regina_lopez-3\/\" data-orig-file=\"https:\/\/www.grieta.org.mx\/wp-content\/uploads\/2019\/08\/X_aniv_Xayakalan_Regina_Lopez-3.jpg\" data-orig-size=\"531,353\" data-comments-opened=\"0\" data-image-meta=\"{&quot;aperture&quot;:&quot;13&quot;,&quot;credit&quot;:&quot;Regina Lopez CC-BY-NC-SA&quot;,&quot;camera&quot;:&quot;Canon EOS 60D&quot;,&quot;caption&quot;:&quot;&quot;,&quot;created_timestamp&quot;:&quot;1561811906&quot;,&quot;copyright&quot;:&quot;copyleft CC-BY-NC-SA&quot;,&quot;focal_length&quot;:&quot;18&quot;,&quot;iso&quot;:&quot;200&quot;,&quot;shutter_speed&quot;:&quot;0.008&quot;,&quot;title&quot;:&quot;&quot;,&quot;orientation&quot;:&quot;0&quot;}\" data-image-title=\"X_aniv_Xayakalan_Regina_Lopez-3\" data-image-description=\"\" data-image-caption=\"&lt;p&gt;Foto: Regina L\u00f3pez&lt;\/p&gt;\n\" data-medium-file=\"https:\/\/www.grieta.org.mx\/wp-content\/uploads\/2019\/08\/X_aniv_Xayakalan_Regina_Lopez-3-300x199.jpg\" data-large-file=\"https:\/\/www.grieta.org.mx\/wp-content\/uploads\/2019\/08\/X_aniv_Xayakalan_Regina_Lopez-3.jpg\" class=\"wp-image-37509\" src=\"http:\/\/www.grieta.org.mx\/wp-content\/uploads\/2019\/08\/X_aniv_Xayakalan_Regina_Lopez-3.jpg\" alt=\"\" width=\"800\" height=\"532\" srcset=\"https:\/\/www.grieta.org.mx\/wp-content\/uploads\/2019\/08\/X_aniv_Xayakalan_Regina_Lopez-3.jpg 531w, https:\/\/www.grieta.org.mx\/wp-content\/uploads\/2019\/08\/X_aniv_Xayakalan_Regina_Lopez-3-300x199.jpg 300w\" sizes=\"auto, (max-width: 800px) 100vw, 800px\" \/><figcaption id=\"caption-attachment-37509\" class=\"wp-caption-text\">Foto: Regina L\u00f3pez<\/figcaption><\/figure>\n<p>Orgullosas sonrisas se vieron durante la narraci\u00f3n de una parte de la memoria hist\u00f3rica que expuso la herencia combativa de los ostule\u00f1os. Considerados los mejores flecheros de la regi\u00f3n, se relat\u00f3 c\u00f3mo la corona espa\u00f1ola les encomend\u00f3 la protecci\u00f3n de los piratas. Y que por esta tradici\u00f3n defensiva, que ven\u00eda desde antes, se les conoc\u00eda como \u00ablos centinelas del mar del sur\u00bb, antecedente y fundamento jur\u00eddico-hist\u00f3rico de la actual Guardia Comunal.<\/p>\n<p>Durante estos \u00faltimos 10 a\u00f1os, como all\u00ed se dijo, la lucha ha consistido en \u00aborganizaci\u00f3n, organizaci\u00f3n, recuperaci\u00f3n, traici\u00f3n y reorganizaci\u00f3n.\u00bb Y aunque la Guardia Comunal es fundamental para la seguridad comunitaria, este proceso se construye tambi\u00e9n asistiendo a la asamblea general, fortaleciendo sus estructuras y respetando los acuerdos, cargos y comisiones de trabajo.<\/p>\n<p>Ostula es, en efecto, el movimiento armado que les ha permitido alejar al crimen organizado, pero tambi\u00e9n es la cocina compartida, la enramada y sus asambleas, el trabajo de la tierra, las faenas en el campo y los turnos en los filtros, sus playas libres del turismo gentrificador y las mujeres que participan y defienden con voz y presencia el territorio. Aqu\u00ed la resistencia se teje d\u00eda con d\u00eda, habitando la tierra, cuidandola y, como presenciamos, en la participaci\u00f3n de sus fiestas y recuperaci\u00f3n colectiva de la historia y la cultura. Todo ello hace posible la vida comunitaria, incluyendo lo que en muchos otros lugares del pa\u00eds o comunidades cercanas hoy no tienen: la seguridad.<\/p>\n<p><strong>La continuidad del despojo<\/strong><\/p>\n<p>Aun cuando ya son varias batallas las ganadas, la guerra de despojo en contra del pueblo de Ostula continua. Los intereses econ\u00f3micos del capital neo-extractivista y mercantil contin\u00faan siendo la riqueza forestal y biodiversa de las monta\u00f1as, las playas y puertos para el turismo y el acceso comercial, y el hierro en los cerros para la explotaci\u00f3n minera. Como ah\u00ed se dijo: \u00abPrimero [fue] la tierra, despu\u00e9s fue el mar y ahora sabemos que son esas piedras que est\u00e1n all\u00e1\u00bb.<\/p>\n<p>Frente al acecho de los poderes locales en forma de partidos, caciques y narcoparamilitares, las encargaturas organizan su autodefensa ind\u00edgena. En un pa\u00eds en donde el poder pol\u00edtico y la fuerza del Estado est\u00e1 a disposici\u00f3n del poder econ\u00f3mico y criminal, ello representa todo un golpe al sistema.<\/p>\n<p>Momentos agridulces se vivieron. Se recordaron los agravios, las injusticias, las traiciones y a quienes ya no est\u00e1n presentes pero viven en la memoria. Historias estremecedoras por las que en alg\u00fan momento del conversatorio se pidi\u00f3 no aplaudir al finalizar el testimonio.<\/p>\n<figure id=\"attachment_37510\" aria-describedby=\"caption-attachment-37510\" style=\"width: 800px\" class=\"wp-caption aligncenter\"><img loading=\"lazy\" decoding=\"async\" data-attachment-id=\"37510\" data-permalink=\"https:\/\/www.grieta.org.mx\/index.php\/2019\/08\/05\/xayakalan-10-anos-tejiendo-resistencia-comunitaria-michoacan\/x_aniv_xayakalan_r_rahal-7\/\" data-orig-file=\"https:\/\/www.grieta.org.mx\/wp-content\/uploads\/2019\/08\/X_aniv_Xayakalan_R_Rahal-7.jpg\" data-orig-size=\"352,234\" data-comments-opened=\"0\" data-image-meta=\"{&quot;aperture&quot;:&quot;5.6&quot;,&quot;credit&quot;:&quot;&quot;,&quot;camera&quot;:&quot;Canon EOS 7D&quot;,&quot;caption&quot;:&quot;&quot;,&quot;created_timestamp&quot;:&quot;1562004027&quot;,&quot;copyright&quot;:&quot;&quot;,&quot;focal_length&quot;:&quot;160&quot;,&quot;iso&quot;:&quot;400&quot;,&quot;shutter_speed&quot;:&quot;0.0003125&quot;,&quot;title&quot;:&quot;&quot;,&quot;orientation&quot;:&quot;0&quot;}\" data-image-title=\"X_aniv_Xayakalan_R_Rahal-7\" data-image-description=\"\" data-image-caption=\"&lt;p&gt;Foto: R: Rahal&lt;\/p&gt;\n\" data-medium-file=\"https:\/\/www.grieta.org.mx\/wp-content\/uploads\/2019\/08\/X_aniv_Xayakalan_R_Rahal-7-300x199.jpg\" data-large-file=\"https:\/\/www.grieta.org.mx\/wp-content\/uploads\/2019\/08\/X_aniv_Xayakalan_R_Rahal-7.jpg\" class=\"wp-image-37510\" src=\"http:\/\/www.grieta.org.mx\/wp-content\/uploads\/2019\/08\/X_aniv_Xayakalan_R_Rahal-7.jpg\" alt=\"\" width=\"800\" height=\"532\" srcset=\"https:\/\/www.grieta.org.mx\/wp-content\/uploads\/2019\/08\/X_aniv_Xayakalan_R_Rahal-7.jpg 352w, https:\/\/www.grieta.org.mx\/wp-content\/uploads\/2019\/08\/X_aniv_Xayakalan_R_Rahal-7-300x199.jpg 300w\" sizes=\"auto, (max-width: 800px) 100vw, 800px\" \/><figcaption id=\"caption-attachment-37510\" class=\"wp-caption-text\">Foto: R: Rahal<\/figcaption><\/figure>\n<figure id=\"attachment_37511\" aria-describedby=\"caption-attachment-37511\" style=\"width: 800px\" class=\"wp-caption aligncenter\"><img loading=\"lazy\" decoding=\"async\" data-attachment-id=\"37511\" data-permalink=\"https:\/\/www.grieta.org.mx\/index.php\/2019\/08\/05\/xayakalan-10-anos-tejiendo-resistencia-comunitaria-michoacan\/x_aniv_xayakalan_r_rahal-8\/\" data-orig-file=\"https:\/\/www.grieta.org.mx\/wp-content\/uploads\/2019\/08\/X_aniv_Xayakalan_R_Rahal-8.jpg\" data-orig-size=\"352,234\" data-comments-opened=\"0\" data-image-meta=\"{&quot;aperture&quot;:&quot;5.6&quot;,&quot;credit&quot;:&quot;&quot;,&quot;camera&quot;:&quot;Canon EOS 7D&quot;,&quot;caption&quot;:&quot;&quot;,&quot;created_timestamp&quot;:&quot;1562004271&quot;,&quot;copyright&quot;:&quot;&quot;,&quot;focal_length&quot;:&quot;80&quot;,&quot;iso&quot;:&quot;400&quot;,&quot;shutter_speed&quot;:&quot;0.0003125&quot;,&quot;title&quot;:&quot;&quot;,&quot;orientation&quot;:&quot;0&quot;}\" data-image-title=\"X_aniv_Xayakalan_R_Rahal-8\" data-image-description=\"\" data-image-caption=\"&lt;p&gt;Foto: R. Rahal&lt;\/p&gt;\n\" data-medium-file=\"https:\/\/www.grieta.org.mx\/wp-content\/uploads\/2019\/08\/X_aniv_Xayakalan_R_Rahal-8-300x199.jpg\" data-large-file=\"https:\/\/www.grieta.org.mx\/wp-content\/uploads\/2019\/08\/X_aniv_Xayakalan_R_Rahal-8.jpg\" class=\"wp-image-37511\" src=\"http:\/\/www.grieta.org.mx\/wp-content\/uploads\/2019\/08\/X_aniv_Xayakalan_R_Rahal-8.jpg\" alt=\"\" width=\"800\" height=\"532\" srcset=\"https:\/\/www.grieta.org.mx\/wp-content\/uploads\/2019\/08\/X_aniv_Xayakalan_R_Rahal-8.jpg 352w, https:\/\/www.grieta.org.mx\/wp-content\/uploads\/2019\/08\/X_aniv_Xayakalan_R_Rahal-8-300x199.jpg 300w\" sizes=\"auto, (max-width: 800px) 100vw, 800px\" \/><figcaption id=\"caption-attachment-37511\" class=\"wp-caption-text\">Foto: R. Rahal<\/figcaption><\/figure>\n<figure id=\"attachment_37512\" aria-describedby=\"caption-attachment-37512\" style=\"width: 1066px\" class=\"wp-caption alignleft\"><img loading=\"lazy\" decoding=\"async\" data-attachment-id=\"37512\" data-permalink=\"https:\/\/www.grieta.org.mx\/index.php\/2019\/08\/05\/xayakalan-10-anos-tejiendo-resistencia-comunitaria-michoacan\/x_aniv_xayakalan_r_rahal-9\/\" data-orig-file=\"https:\/\/www.grieta.org.mx\/wp-content\/uploads\/2019\/08\/X_aniv_Xayakalan_R_Rahal-9.jpg\" data-orig-size=\"1066,710\" data-comments-opened=\"0\" data-image-meta=\"{&quot;aperture&quot;:&quot;5.6&quot;,&quot;credit&quot;:&quot;&quot;,&quot;camera&quot;:&quot;Canon EOS 7D&quot;,&quot;caption&quot;:&quot;&quot;,&quot;created_timestamp&quot;:&quot;1562009343&quot;,&quot;copyright&quot;:&quot;&quot;,&quot;focal_length&quot;:&quot;80&quot;,&quot;iso&quot;:&quot;500&quot;,&quot;shutter_speed&quot;:&quot;0.008&quot;,&quot;title&quot;:&quot;&quot;,&quot;orientation&quot;:&quot;0&quot;}\" data-image-title=\"X_aniv_Xayakalan_R_Rahal-9\" data-image-description=\"\" data-image-caption=\"&lt;p&gt;Foto: R. Rahal&lt;\/p&gt;\n\" data-medium-file=\"https:\/\/www.grieta.org.mx\/wp-content\/uploads\/2019\/08\/X_aniv_Xayakalan_R_Rahal-9-300x200.jpg\" data-large-file=\"https:\/\/www.grieta.org.mx\/wp-content\/uploads\/2019\/08\/X_aniv_Xayakalan_R_Rahal-9-1024x682.jpg\" class=\"size-full wp-image-37512\" src=\"http:\/\/www.grieta.org.mx\/wp-content\/uploads\/2019\/08\/X_aniv_Xayakalan_R_Rahal-9.jpg\" alt=\"\" width=\"1066\" height=\"710\" srcset=\"https:\/\/www.grieta.org.mx\/wp-content\/uploads\/2019\/08\/X_aniv_Xayakalan_R_Rahal-9.jpg 1066w, https:\/\/www.grieta.org.mx\/wp-content\/uploads\/2019\/08\/X_aniv_Xayakalan_R_Rahal-9-300x200.jpg 300w, https:\/\/www.grieta.org.mx\/wp-content\/uploads\/2019\/08\/X_aniv_Xayakalan_R_Rahal-9-768x512.jpg 768w, https:\/\/www.grieta.org.mx\/wp-content\/uploads\/2019\/08\/X_aniv_Xayakalan_R_Rahal-9-1024x682.jpg 1024w, https:\/\/www.grieta.org.mx\/wp-content\/uploads\/2019\/08\/X_aniv_Xayakalan_R_Rahal-9-751x500.jpg 751w\" sizes=\"auto, (max-width: 1066px) 100vw, 1066px\" \/><figcaption id=\"caption-attachment-37512\" class=\"wp-caption-text\">Foto: R. Rahal<\/figcaption><\/figure>\n<p>Por defender su territorio de intereses ajenos, en \u00e9sta \u00faltima d\u00e9cada la comunidad ha sido duramente golpeada. Particularmente despu\u00e9s de la recuperaci\u00f3n de tierras y durante las reconfiguraciones de varios c\u00e1rteles del narcotr\u00e1fico que han perseguido a sus l\u00edderes, asesinado y desaparecido a compa\u00f1eros y comprado a algunos otros.<\/p>\n<p>Tampoco han estado exentos de la represi\u00f3n y agresiones por parte del Estado. El 19 de julio de 2015 el ej\u00e9rcito mexicano, junto con la Polic\u00eda Federal, implementaron un operativo para apresar al entonces comandante general de la Guardia Comunal. El resultado fue una incursi\u00f3n al territorio de Ostula por parte de las fuerzas armadas, quienes abrieron fuego contra la poblaci\u00f3n civil asesinando a Hidelberto Reyes Garc\u00eda de 12 a\u00f1os de edad.<\/p>\n<blockquote><p><em>Este tipo de agresiones no son hechos aislados. Se trata de una violencia sist\u00e9mica que parece normalizarse m\u00e1s all\u00e1 de cualquier alternancia en el gobierno. Dijera el subcomandante Mois\u00e9s, vocero del EZLN, \u00abcambia el capataz, pero el finquero es el mismo\u00bb, ya que en los apenas ocho meses de la \u00absupuesta transformaci\u00f3n\u00bb, el gobierno en turno ha acelerado los proyectos de desarrollo capitalistas y la militarizaci\u00f3n sobre el territorio ind\u00edgena. A consecuencia de esto los ataques narcoparamilitares y asesinatos a defensores comunitarios tambi\u00e9n se han agudizado.<br \/>\nBaste mirar hacia el sur del pa\u00eds. En Chiapas, el Ej\u00e9rcito Zapatista de Liberaci\u00f3n Nacional (EZLN) denunciaba el pasado mes de junio el hostigamiento hacia sus comunidades aut\u00f3nomas mediante sobrevuelos a baja altura, robo de veh\u00edculos colectivos y mayor presencia militar, intensificada con la llegada de la Guardia Nacional. Por su parte, en Chilapa (Guerrero), los ataques narcoparamilitares hacia las comunidades del Concejo Ind\u00edgena y Popular de Guerrero \u2013 Emiliano Zapata (CIPOG-EZ) son el pan de cada d\u00eda para muchas familias que viven sitiadas, sin poder trabajar sus milpas ni comprar art\u00edculos de primera necesidad, adem\u00e1s de los 7 compa\u00f1eros y una compa\u00f1era asesinada que participaban en el cuidado y defensa de su territorio. En lo que va de este sexenio ya han sido asesinados al menos di\u00e9z miembros del Congreso Nacional Ind\u00edgena (CNI). Todos eran parte activa en la lucha contra los megaproyectos, es decir, guardianes y guardianas de sus territorios y de los espacios de riqueza biodiversa que a\u00fan se conservan en el planeta.<\/em><\/p><\/blockquote>\n<p><strong><br \/>\nFestejar que Xayakalan Vive<\/strong><\/p>\n<p>Tras los duros testimonios, la jornada prosigui\u00f3 conforme a su programa. Era el momento de dar entrada a los Xayakates con sus travesuras, transici\u00f3n perfecta al acto cultural para disfrute de todo el pueblo.<\/p>\n<p>Particularmente emotiva fue la entonaci\u00f3n de El Corrido de Xayakalan que, en voz de una compa\u00f1era invitada y con la guitarra de Ezequiel, reconocido m\u00fasico de la comunidad, relata el momento preciso de la toma territorial y nacimiento de Xayakalan diez a\u00f1os atr\u00e1s.<\/p>\n<p>As\u00ed, en este aniversario, adem\u00e1s de la danza, el teatro, la m\u00fasica y la comida, la ceremonia y las palabras de las y los compa\u00f1eros y compa\u00f1eras, Ostula nos mostr\u00f3 una vez m\u00e1s que la lucha por la autonom\u00eda es constante y que vivir es resistir, habitar es luchar y festejar es hacer la memoria presente.<\/p>\n<p>\u00a1Vivan los 10 a\u00f1os de lucha y resistencia de Xayakalan!<\/p>\n<p>\u00a1Vivan la comunidad de Santa Mar\u00eda de Ostula!<\/p>\n<p>\u00a1Qu\u00e9 viva la Guardia Comunal y las Encargaturas de Ostula!<\/p>\n<figure id=\"attachment_37513\" aria-describedby=\"caption-attachment-37513\" style=\"width: 800px\" class=\"wp-caption aligncenter\"><img loading=\"lazy\" decoding=\"async\" data-attachment-id=\"37513\" data-permalink=\"https:\/\/www.grieta.org.mx\/index.php\/2019\/08\/05\/xayakalan-10-anos-tejiendo-resistencia-comunitaria-michoacan\/x_aniv_xayakalan_regina_lopez-12\/\" data-orig-file=\"https:\/\/www.grieta.org.mx\/wp-content\/uploads\/2019\/08\/X_aniv_Xayakalan_Regina_Lopez-12.jpg\" data-orig-size=\"710,473\" data-comments-opened=\"0\" data-image-meta=\"{&quot;aperture&quot;:&quot;7.1&quot;,&quot;credit&quot;:&quot;Regina Lopez CC-BY-NC-SA&quot;,&quot;camera&quot;:&quot;Canon EOS 60D&quot;,&quot;caption&quot;:&quot;&quot;,&quot;created_timestamp&quot;:&quot;1561832620&quot;,&quot;copyright&quot;:&quot;copyleft CC-BY-NC-SA&quot;,&quot;focal_length&quot;:&quot;55&quot;,&quot;iso&quot;:&quot;400&quot;,&quot;shutter_speed&quot;:&quot;0.01&quot;,&quot;title&quot;:&quot;&quot;,&quot;orientation&quot;:&quot;0&quot;}\" data-image-title=\"X_aniv_Xayakalan_Regina_Lopez-12\" data-image-description=\"\" data-image-caption=\"&lt;p&gt;Foto: Regina L\u00f3pez&lt;\/p&gt;\n\" data-medium-file=\"https:\/\/www.grieta.org.mx\/wp-content\/uploads\/2019\/08\/X_aniv_Xayakalan_Regina_Lopez-12-300x200.jpg\" data-large-file=\"https:\/\/www.grieta.org.mx\/wp-content\/uploads\/2019\/08\/X_aniv_Xayakalan_Regina_Lopez-12.jpg\" class=\"wp-image-37513\" src=\"http:\/\/www.grieta.org.mx\/wp-content\/uploads\/2019\/08\/X_aniv_Xayakalan_Regina_Lopez-12.jpg\" alt=\"\" width=\"800\" height=\"533\" srcset=\"https:\/\/www.grieta.org.mx\/wp-content\/uploads\/2019\/08\/X_aniv_Xayakalan_Regina_Lopez-12.jpg 710w, https:\/\/www.grieta.org.mx\/wp-content\/uploads\/2019\/08\/X_aniv_Xayakalan_Regina_Lopez-12-300x200.jpg 300w\" sizes=\"auto, (max-width: 800px) 100vw, 800px\" \/><figcaption id=\"caption-attachment-37513\" class=\"wp-caption-text\">Foto: Regina L\u00f3pez<\/figcaption><\/figure>\n<figure id=\"attachment_37514\" aria-describedby=\"caption-attachment-37514\" style=\"width: 800px\" class=\"wp-caption aligncenter\"><img loading=\"lazy\" decoding=\"async\" data-attachment-id=\"37514\" data-permalink=\"https:\/\/www.grieta.org.mx\/index.php\/2019\/08\/05\/xayakalan-10-anos-tejiendo-resistencia-comunitaria-michoacan\/x_aniv_xayakalan_regina_lopez-14\/\" data-orig-file=\"https:\/\/www.grieta.org.mx\/wp-content\/uploads\/2019\/08\/X_aniv_Xayakalan_Regina_Lopez-14.jpg\" data-orig-size=\"352,234\" data-comments-opened=\"0\" data-image-meta=\"{&quot;aperture&quot;:&quot;6.3&quot;,&quot;credit&quot;:&quot;Regina Lopez CC-BY-NC-SA&quot;,&quot;camera&quot;:&quot;Canon EOS 60D&quot;,&quot;caption&quot;:&quot;&quot;,&quot;created_timestamp&quot;:&quot;1561832909&quot;,&quot;copyright&quot;:&quot;copyleft CC-BY-NC-SA&quot;,&quot;focal_length&quot;:&quot;55&quot;,&quot;iso&quot;:&quot;400&quot;,&quot;shutter_speed&quot;:&quot;0.00625&quot;,&quot;title&quot;:&quot;&quot;,&quot;orientation&quot;:&quot;0&quot;}\" data-image-title=\"X_aniv_Xayakalan_Regina_Lopez-14\" data-image-description=\"\" data-image-caption=\"&lt;p&gt;Foto: Regina L\u00f3pez&lt;\/p&gt;\n\" data-medium-file=\"https:\/\/www.grieta.org.mx\/wp-content\/uploads\/2019\/08\/X_aniv_Xayakalan_Regina_Lopez-14-300x199.jpg\" data-large-file=\"https:\/\/www.grieta.org.mx\/wp-content\/uploads\/2019\/08\/X_aniv_Xayakalan_Regina_Lopez-14.jpg\" class=\"wp-image-37514\" src=\"http:\/\/www.grieta.org.mx\/wp-content\/uploads\/2019\/08\/X_aniv_Xayakalan_Regina_Lopez-14.jpg\" alt=\"\" width=\"800\" height=\"532\" srcset=\"https:\/\/www.grieta.org.mx\/wp-content\/uploads\/2019\/08\/X_aniv_Xayakalan_Regina_Lopez-14.jpg 352w, https:\/\/www.grieta.org.mx\/wp-content\/uploads\/2019\/08\/X_aniv_Xayakalan_Regina_Lopez-14-300x199.jpg 300w\" sizes=\"auto, (max-width: 800px) 100vw, 800px\" \/><figcaption id=\"caption-attachment-37514\" class=\"wp-caption-text\">Foto: Regina L\u00f3pez<\/figcaption><\/figure>\n<figure id=\"attachment_37515\" aria-describedby=\"caption-attachment-37515\" style=\"width: 800px\" class=\"wp-caption aligncenter\"><img loading=\"lazy\" decoding=\"async\" data-attachment-id=\"37515\" data-permalink=\"https:\/\/www.grieta.org.mx\/index.php\/2019\/08\/05\/xayakalan-10-anos-tejiendo-resistencia-comunitaria-michoacan\/x_aniv_xayakalan_regina_lopez-26\/\" data-orig-file=\"https:\/\/www.grieta.org.mx\/wp-content\/uploads\/2019\/08\/X_aniv_Xayakalan_Regina_Lopez-26.jpg\" data-orig-size=\"353,235\" data-comments-opened=\"0\" data-image-meta=\"{&quot;aperture&quot;:&quot;6.3&quot;,&quot;credit&quot;:&quot;Regina Lopez CC-BY-NC-SA&quot;,&quot;camera&quot;:&quot;Canon EOS 60D&quot;,&quot;caption&quot;:&quot;&quot;,&quot;created_timestamp&quot;:&quot;1561828522&quot;,&quot;copyright&quot;:&quot;copyleft CC-BY-NC-SA&quot;,&quot;focal_length&quot;:&quot;171&quot;,&quot;iso&quot;:&quot;400&quot;,&quot;shutter_speed&quot;:&quot;0.00625&quot;,&quot;title&quot;:&quot;&quot;,&quot;orientation&quot;:&quot;0&quot;}\" data-image-title=\"X_aniv_Xayakalan_Regina_Lopez-26\" data-image-description=\"\" data-image-caption=\"&lt;p&gt;Foto: Regina L\u00f3pez&lt;\/p&gt;\n\" data-medium-file=\"https:\/\/www.grieta.org.mx\/wp-content\/uploads\/2019\/08\/X_aniv_Xayakalan_Regina_Lopez-26-300x200.jpg\" data-large-file=\"https:\/\/www.grieta.org.mx\/wp-content\/uploads\/2019\/08\/X_aniv_Xayakalan_Regina_Lopez-26.jpg\" class=\"wp-image-37515\" src=\"http:\/\/www.grieta.org.mx\/wp-content\/uploads\/2019\/08\/X_aniv_Xayakalan_Regina_Lopez-26.jpg\" alt=\"\" width=\"800\" height=\"533\" srcset=\"https:\/\/www.grieta.org.mx\/wp-content\/uploads\/2019\/08\/X_aniv_Xayakalan_Regina_Lopez-26.jpg 353w, https:\/\/www.grieta.org.mx\/wp-content\/uploads\/2019\/08\/X_aniv_Xayakalan_Regina_Lopez-26-300x200.jpg 300w\" sizes=\"auto, (max-width: 800px) 100vw, 800px\" \/><figcaption id=\"caption-attachment-37515\" class=\"wp-caption-text\">Foto: Regina L\u00f3pez<\/figcaption><\/figure>\n<p><a href=\"https:\/\/subversiones.org\/archivos\/135528\">https:\/\/subversiones.org\/archivos\/135528<\/a><\/p>\n","protected":false},"excerpt":{"rendered":"<p>Agencia SubVersiones,05 de agosto de 2019 Colaboraci\u00f3n entre Radio Zapatista y Agencia SubVersiones Por Regina L\u00f3pez, R. Rahal, La Negra Rb, Camia Pl\u00e1 Desde la costa hasta la sierra el &hellip; <a href=\"https:\/\/www.grieta.org.mx\/index.php\/2019\/08\/05\/xayakalan-10-anos-tejiendo-resistencia-comunitaria-michoacan\/\" class=\"more-link\">Leer m\u00e1s<\/a><\/p>\n","protected":false},"author":2,"featured_media":37499,"comment_status":"closed","ping_status":"closed","sticky":false,"template":"","format":"standard","meta":{"ngg_post_thumbnail":0,"_jetpack_newsletter_access":"","_jetpack_dont_email_post_to_subs":false,"_jetpack_newsletter_tier_id":0,"_jetpack_memberships_contains_paywalled_content":false,"_jetpack_memberships_contains_paid_content":false,"footnotes":""},"categories":[8,80,969,1,989,21],"tags":[2466],"class_list":["post-37498","post","type-post","status-publish","format-standard","has-post-thumbnail","hentry","category-1-ostula","category-cintillo","category-esp-michoacan","category-espejos-de-la-resistencia","category-lucha-y-resistencia-del-pueblo-de-santa-maria-ostula","category-michoacan","tag-luchas-y-resistencias-de-pueblos-originarios","entry"],"jetpack_featured_media_url":"https:\/\/www.grieta.org.mx\/wp-content\/uploads\/2019\/08\/X_aniv_Xayakalan_Regina_Lopez-4-1.jpg","jetpack_sharing_enabled":true,"jetpack_shortlink":"https:\/\/wp.me\/p7ZJR4-9KO","jetpack_likes_enabled":false,"jetpack-related-posts":[{"id":7497,"url":"https:\/\/www.grieta.org.mx\/index.php\/2016\/07\/29\/lucha-y-resistencia-del-pueblo-de-santa-maria-ostula\/","url_meta":{"origin":37498,"position":0},"title":"Lucha y resistencia del pueblo de Santa Mar\u00eda Ostula","author":"Admin","date":"29 julio, 2016","format":false,"excerpt":"Detienen a Jhony Israel Flores Tolentino, polic\u00eda comunitario de Santa Mar\u00eda Ostula 29\/07\/16. Detienen a \u201cEl Tizoc\u201d en Morelia; intentaba obtener una carta de no antecedentes penales Provincia Ostula celebra siete a\u00f1os de autonom\u00eda 28\/06\/16. Ostula Michoac\u00e1n, siete a\u00f1os en defensa de la Madre Tierra Pozol Colectivo Movilizaci\u00f3n en memoria\u2026","rel":"","context":"En &quot;1. Ostula&quot;","block_context":{"text":"1. Ostula","link":"https:\/\/www.grieta.org.mx\/index.php\/category\/espejos-de-la-resistencia\/1-ostula\/"},"img":{"alt_text":"","src":"https:\/\/i0.wp.com\/www.grieta.org.mx\/wp-content\/uploads\/2018\/03\/14524434_1106112876131411_958039263622046936_o.jpg?resize=350%2C200&ssl=1","width":350,"height":200,"srcset":"https:\/\/i0.wp.com\/www.grieta.org.mx\/wp-content\/uploads\/2018\/03\/14524434_1106112876131411_958039263622046936_o.jpg?resize=350%2C200&ssl=1 1x, https:\/\/i0.wp.com\/www.grieta.org.mx\/wp-content\/uploads\/2018\/03\/14524434_1106112876131411_958039263622046936_o.jpg?resize=525%2C300&ssl=1 1.5x, https:\/\/i0.wp.com\/www.grieta.org.mx\/wp-content\/uploads\/2018\/03\/14524434_1106112876131411_958039263622046936_o.jpg?resize=700%2C400&ssl=1 2x"},"classes":[]},{"id":30213,"url":"https:\/\/www.grieta.org.mx\/index.php\/2019\/03\/01\/ostula-en-alerta-ante-hostigamientos-michoacan\/","url_meta":{"origin":37498,"position":1},"title":"Ostula en alerta ante hostigamientos (Michoac\u00e1n)","author":"grieta","date":"1 marzo, 2019","format":false,"excerpt":"Agencia Subversiones, 1 de marzo de 2019. El martes 26 de febrero, habitantes de La Placita de Morelos, en el municipio de Aquila, convocaron a una \u00abreuni\u00f3n urgente\u00bb ante el bloqueo que mantiene la comunidad ind\u00edgena de Santa Mar\u00eda Ostula en el crucero conocido como \u00abTriques\u00bb demandando garant\u00edas para continuar\u2026","rel":"","context":"En &quot;CINTILLO&quot;","block_context":{"text":"CINTILLO","link":"https:\/\/www.grieta.org.mx\/index.php\/category\/cintillo\/"},"img":{"alt_text":"","src":"https:\/\/i0.wp.com\/www.grieta.org.mx\/wp-content\/uploads\/2019\/03\/blokmural.png?resize=350%2C200&ssl=1","width":350,"height":200},"classes":[]},{"id":41062,"url":"https:\/\/www.grieta.org.mx\/index.php\/2019\/11\/03\/pobladores-de-ostula-michoacan-instalan-revisiones-vehiculares-tras-emboscada-a-guardia-local-michoacan\/","url_meta":{"origin":37498,"position":2},"title":"Pobladores de Ostula, Michoac\u00e1n, instalan revisiones vehiculares tras emboscada a Guardia Local (Michoac\u00e1n)","author":"grieta","date":"3 noviembre, 2019","format":false,"excerpt":"Por:Redacci\u00f3n \/ Noventa Grados, 03 de noviembre de 2019 Aquila, Michoac\u00e1n; a 03 de noviembre de 2019.- Ante la agresi\u00f3n armada que sufri\u00f3 esta tarde la Guardia Comunal de Aquila, el pueblo nahua de Ostula, que forma parte de este municipio, activ\u00f3 sus protocolos de seguridad e instal\u00f3 un filtro\u2026","rel":"","context":"En &quot;1. Ostula&quot;","block_context":{"text":"1. Ostula","link":"https:\/\/www.grieta.org.mx\/index.php\/category\/espejos-de-la-resistencia\/1-ostula\/"},"img":{"alt_text":"","src":"https:\/\/i0.wp.com\/www.grieta.org.mx\/wp-content\/uploads\/2019\/11\/0-grande.jpg?resize=350%2C200&ssl=1","width":350,"height":200,"srcset":"https:\/\/i0.wp.com\/www.grieta.org.mx\/wp-content\/uploads\/2019\/11\/0-grande.jpg?resize=350%2C200&ssl=1 1x, https:\/\/i0.wp.com\/www.grieta.org.mx\/wp-content\/uploads\/2019\/11\/0-grande.jpg?resize=525%2C300&ssl=1 1.5x, https:\/\/i0.wp.com\/www.grieta.org.mx\/wp-content\/uploads\/2019\/11\/0-grande.jpg?resize=700%2C400&ssl=1 2x"},"classes":[]},{"id":68449,"url":"https:\/\/www.grieta.org.mx\/index.php\/2024\/02\/08\/la-comunidad-nahua-de-santa-maria-ostula-denuncia-ataque-de-un-comando-armado-del-cjng\/","url_meta":{"origin":37498,"position":3},"title":"La comunidad Nahua de Santa Mar\u00eda Ostula denuncia ataque de un Comando Armado del CJNG","author":"grieta","date":"8 febrero, 2024","format":false,"excerpt":"Colectivo Grieta 04 de febrero de 2024. En un comunicado publicado por el Congreso Nacional Ind\u00edgena, la Comunidad Nahua de Santa Mar\u00eda Ostula denunci\u00f3 el ataque de un comando armado de unas 50 personas que incursionaron a bordo de camionetas en el territorio comunal de La Cofrad\u00eda. Los comuneros reportan\u2026","rel":"","context":"En &quot;1. Ostula&quot;","block_context":{"text":"1. Ostula","link":"https:\/\/www.grieta.org.mx\/index.php\/category\/espejos-de-la-resistencia\/1-ostula\/"},"img":{"alt_text":"","src":"https:\/\/i0.wp.com\/www.grieta.org.mx\/wp-content\/uploads\/2024\/02\/PRONUNCIAMIENTO-POR-LA-DESAPARICION-FORZADA-DE-LORENZO-FROYLAN-DE-LA-CRUZ-R_20240202_202519_0000.png?resize=350%2C200&ssl=1","width":350,"height":200,"srcset":"https:\/\/i0.wp.com\/www.grieta.org.mx\/wp-content\/uploads\/2024\/02\/PRONUNCIAMIENTO-POR-LA-DESAPARICION-FORZADA-DE-LORENZO-FROYLAN-DE-LA-CRUZ-R_20240202_202519_0000.png?resize=350%2C200&ssl=1 1x, https:\/\/i0.wp.com\/www.grieta.org.mx\/wp-content\/uploads\/2024\/02\/PRONUNCIAMIENTO-POR-LA-DESAPARICION-FORZADA-DE-LORENZO-FROYLAN-DE-LA-CRUZ-R_20240202_202519_0000.png?resize=525%2C300&ssl=1 1.5x, https:\/\/i0.wp.com\/www.grieta.org.mx\/wp-content\/uploads\/2024\/02\/PRONUNCIAMIENTO-POR-LA-DESAPARICION-FORZADA-DE-LORENZO-FROYLAN-DE-LA-CRUZ-R_20240202_202519_0000.png?resize=700%2C400&ssl=1 2x"},"classes":[]},{"id":7700,"url":"https:\/\/www.grieta.org.mx\/index.php\/2015\/07\/24\/video-cronologia-del-ataque-militar-en-ostula\/","url_meta":{"origin":37498,"position":4},"title":"Video: Cronolog\u00eda del ataque militar en Ostula","author":"Admin","date":"24 julio, 2015","format":false,"excerpt":"La Agencia Aut\u00f3noma de Comunicaci\u00f3n Subversiones public\u00f3 una cronolog\u00eda con una serie de videos tomados por pobladores de la comunidad de Santa Mar\u00eda de Ostula el d\u00eda que el Ej\u00e9rcito y la Polic\u00eda Federal realizaron un operativo que dej\u00f3 cuatro heridos y un ni\u00f1o de 12 a\u00f1os muerto. http:\/\/www.perriodismo.com.mx\/2015\/07\/24\/video-cronologia-del-ataque-militar-en-ostula\/","rel":"","context":"En &quot;CINTILLO&quot;","block_context":{"text":"CINTILLO","link":"https:\/\/www.grieta.org.mx\/index.php\/category\/cintillo\/"},"img":{"alt_text":"","src":"https:\/\/i0.wp.com\/www.grieta.org.mx\/wp-content\/uploads\/2018\/03\/14524434_1106112876131411_958039263622046936_o.jpg?resize=350%2C200&ssl=1","width":350,"height":200,"srcset":"https:\/\/i0.wp.com\/www.grieta.org.mx\/wp-content\/uploads\/2018\/03\/14524434_1106112876131411_958039263622046936_o.jpg?resize=350%2C200&ssl=1 1x, https:\/\/i0.wp.com\/www.grieta.org.mx\/wp-content\/uploads\/2018\/03\/14524434_1106112876131411_958039263622046936_o.jpg?resize=525%2C300&ssl=1 1.5x, https:\/\/i0.wp.com\/www.grieta.org.mx\/wp-content\/uploads\/2018\/03\/14524434_1106112876131411_958039263622046936_o.jpg?resize=700%2C400&ssl=1 2x"},"classes":[]},{"id":61530,"url":"https:\/\/www.grieta.org.mx\/index.php\/2021\/08\/23\/ostula-se-mantiene-en-la-lucha-por-la-defensa-y-reconocimiento-de-su-territorio\/","url_meta":{"origin":37498,"position":5},"title":"Ostula se mantiene en la lucha por la defensa y reconocimiento de su territorio","author":"grieta","date":"23 agosto, 2021","format":false,"excerpt":"Desde el siglo pasado, los pobladores de Ostula buscan el reconocimiento de sus tierras, las cuales son amenazas por la riqueza natural que poseen. Jos\u00e9 Luis Ceja \/ Colaborador La Voz de Michoac\u00e1n, 23 de agosto de 2021 Jiquilpan, Michoac\u00e1n. El tema de Ostula no solamente es importante para el\u2026","rel":"","context":"En &quot;1. Ostula&quot;","block_context":{"text":"1. Ostula","link":"https:\/\/www.grieta.org.mx\/index.php\/category\/espejos-de-la-resistencia\/1-ostula\/"},"img":{"alt_text":"","src":"https:\/\/i0.wp.com\/www.grieta.org.mx\/wp-content\/uploads\/2021\/09\/Ostula-1.jpg?resize=350%2C200&ssl=1","width":350,"height":200,"srcset":"https:\/\/i0.wp.com\/www.grieta.org.mx\/wp-content\/uploads\/2021\/09\/Ostula-1.jpg?resize=350%2C200&ssl=1 1x, https:\/\/i0.wp.com\/www.grieta.org.mx\/wp-content\/uploads\/2021\/09\/Ostula-1.jpg?resize=525%2C300&ssl=1 1.5x, https:\/\/i0.wp.com\/www.grieta.org.mx\/wp-content\/uploads\/2021\/09\/Ostula-1.jpg?resize=700%2C400&ssl=1 2x"},"classes":[]}],"_links":{"self":[{"href":"https:\/\/www.grieta.org.mx\/index.php\/wp-json\/wp\/v2\/posts\/37498","targetHints":{"allow":["GET"]}}],"collection":[{"href":"https:\/\/www.grieta.org.mx\/index.php\/wp-json\/wp\/v2\/posts"}],"about":[{"href":"https:\/\/www.grieta.org.mx\/index.php\/wp-json\/wp\/v2\/types\/post"}],"author":[{"embeddable":true,"href":"https:\/\/www.grieta.org.mx\/index.php\/wp-json\/wp\/v2\/users\/2"}],"replies":[{"embeddable":true,"href":"https:\/\/www.grieta.org.mx\/index.php\/wp-json\/wp\/v2\/comments?post=37498"}],"version-history":[{"count":1,"href":"https:\/\/www.grieta.org.mx\/index.php\/wp-json\/wp\/v2\/posts\/37498\/revisions"}],"predecessor-version":[{"id":37516,"href":"https:\/\/www.grieta.org.mx\/index.php\/wp-json\/wp\/v2\/posts\/37498\/revisions\/37516"}],"wp:featuredmedia":[{"embeddable":true,"href":"https:\/\/www.grieta.org.mx\/index.php\/wp-json\/wp\/v2\/media\/37499"}],"wp:attachment":[{"href":"https:\/\/www.grieta.org.mx\/index.php\/wp-json\/wp\/v2\/media?parent=37498"}],"wp:term":[{"taxonomy":"category","embeddable":true,"href":"https:\/\/www.grieta.org.mx\/index.php\/wp-json\/wp\/v2\/categories?post=37498"},{"taxonomy":"post_tag","embeddable":true,"href":"https:\/\/www.grieta.org.mx\/index.php\/wp-json\/wp\/v2\/tags?post=37498"}],"curies":[{"name":"wp","href":"https:\/\/api.w.org\/{rel}","templated":true}]}}