{"id":37477,"date":"2019-08-04T21:54:18","date_gmt":"2019-08-05T02:54:18","guid":{"rendered":"http:\/\/www.grieta.org.mx\/?p=37477"},"modified":"2019-08-04T22:05:42","modified_gmt":"2019-08-05T03:05:42","slug":"demandan-justicia-en-misa-de-migrantes-coahuila","status":"publish","type":"post","link":"https:\/\/www.grieta.org.mx\/index.php\/2019\/08\/04\/demandan-justicia-en-misa-de-migrantes-coahuila\/","title":{"rendered":"Demandan justicia en misa de migrantes (Coahuila)"},"content":{"rendered":"<p><img loading=\"lazy\" decoding=\"async\" data-attachment-id=\"37478\" data-permalink=\"https:\/\/www.grieta.org.mx\/index.php\/2019\/08\/04\/demandan-justicia-en-misa-de-migrantes-coahuila\/misa_8\/\" data-orig-file=\"https:\/\/www.grieta.org.mx\/wp-content\/uploads\/2019\/08\/misa_8.jpg\" data-orig-size=\"980,735\" data-comments-opened=\"0\" data-image-meta=\"{&quot;aperture&quot;:&quot;0&quot;,&quot;credit&quot;:&quot;&quot;,&quot;camera&quot;:&quot;&quot;,&quot;caption&quot;:&quot;&quot;,&quot;created_timestamp&quot;:&quot;0&quot;,&quot;copyright&quot;:&quot;&quot;,&quot;focal_length&quot;:&quot;0&quot;,&quot;iso&quot;:&quot;0&quot;,&quot;shutter_speed&quot;:&quot;0&quot;,&quot;title&quot;:&quot;&quot;,&quot;orientation&quot;:&quot;0&quot;}\" data-image-title=\"misa_8\" data-image-description=\"\" data-image-caption=\"\" data-medium-file=\"https:\/\/www.grieta.org.mx\/wp-content\/uploads\/2019\/08\/misa_8-300x225.jpg\" data-large-file=\"https:\/\/www.grieta.org.mx\/wp-content\/uploads\/2019\/08\/misa_8.jpg\" class=\"alignleft wp-image-37478\" src=\"http:\/\/www.grieta.org.mx\/wp-content\/uploads\/2019\/08\/misa_8-300x225.jpg\" alt=\"\" width=\"800\" height=\"600\" srcset=\"https:\/\/www.grieta.org.mx\/wp-content\/uploads\/2019\/08\/misa_8-300x225.jpg 300w, https:\/\/www.grieta.org.mx\/wp-content\/uploads\/2019\/08\/misa_8-768x576.jpg 768w, https:\/\/www.grieta.org.mx\/wp-content\/uploads\/2019\/08\/misa_8-667x500.jpg 667w, https:\/\/www.grieta.org.mx\/wp-content\/uploads\/2019\/08\/misa_8.jpg 980w\" sizes=\"auto, (max-width: 800px) 100vw, 800px\" \/><\/p>\n<blockquote><p>Con pancartas desfilaron hasta el atrio de la Catedral<\/p><\/blockquote>\n<p>Carolina Viveros\/ VANGUARDIA MX<\/p>\n<p>Decenas de migrantes centroamericanos cargando orgullosamente las banderas de sus pa\u00edses de origen y en su mayor\u00eda cubiertos de sus rostros, desfilaron hasta el atrio de la Catedral de Santiago en una misa especial que encabez\u00f3 el Obispo Fray Ra\u00fal Ver\u00e1 L\u00f3pez, en donde llam\u00f3 a la justicia despu\u00e9s del asesinato de un hondure\u00f1o a manos de un grupo de polic\u00edas de la Fiscal\u00eda.<\/p>\n<p>Ni\u00f1os, j\u00f3venes y adultos, portaban pancartas y fueron elevadas al cielo, en ellas se le\u00eda \u201cNo m\u00e1s muertes de migrantes\u201d, \u201cSomos migrantes no delincuentes\u201d, \u201cMarco Tulio no muri\u00f3, lo asesinaron\u201d.<\/p>\n<p>Muchas de las pancartas hicieron alusi\u00f3n a la inexistente Cuarta Transformaci\u00f3n a la se refiere el Presidente Andr\u00e9s Manuel L\u00f3pez Obrador, pues decenas de cartulinas expresaban \u201cNo hay 4T\u201d y \u201clos migrantes no son el problema\u201d. Incluso, el Obispo de Saltillo, asegur\u00f3 que la muerte de Marco Tulio se debe a las malas decisiones y estrategias del Gobierno Federal, que dijo, no ha cambiado a pesar de la alternancia.<\/p>\n<p>Finalmente, el prelado reconoci\u00f3 la labor de la Casa del Migrante y el apoyo de miles de Saltillo sea quienes d\u00eda a d\u00eda trabajan con la poblaci\u00f3n migrante que \u201cno es un problema para Saltillo, sino son personas que necesitan de nuestra atenci\u00f3n\u201d.<\/p>\n<p><a href=\"https:\/\/vanguardia.com.mx\/articulo\/demandan-justicia-en-misa-de-migrantes\" target=\"_blank\" rel=\"noopener noreferrer\">https:\/\/vanguardia.com.mx\/articulo\/demandan-justicia-en-misa-de-migrantes<\/a><\/p>\n","protected":false},"excerpt":{"rendered":"<p>Con pancartas desfilaron hasta el atrio de la Catedral Carolina Viveros\/ VANGUARDIA MX Decenas de migrantes centroamericanos cargando orgullosamente las banderas de sus pa\u00edses de origen y en su mayor\u00eda &hellip; <a href=\"https:\/\/www.grieta.org.mx\/index.php\/2019\/08\/04\/demandan-justicia-en-misa-de-migrantes-coahuila\/\" class=\"more-link\">Leer m\u00e1s<\/a><\/p>\n","protected":false},"author":2,"featured_media":37478,"comment_status":"closed","ping_status":"closed","sticky":false,"template":"","format":"standard","meta":{"ngg_post_thumbnail":0,"_jetpack_newsletter_access":"","_jetpack_dont_email_post_to_subs":false,"_jetpack_newsletter_tier_id":0,"_jetpack_memberships_contains_paywalled_content":false,"_jetpack_memberships_contains_paid_content":false,"footnotes":""},"categories":[80,419,86,1390,2,83],"tags":[1410,1872,2779,2694,1392,1378,2788],"class_list":["post-37477","post","type-post","status-publish","format-standard","has-post-thumbnail","hentry","category-cintillo","category-coahuila","category-migrantes","category-migrantes-en-coahuila","category-noticias-nacionales","category-temas-nacionales","tag-abusos-contra-migrantes","tag-agresiones-a-migrantes","tag-alineacion-de-amlo-con-politica-antimigrante-de-eu","tag-asesinato-de-migrantes","tag-migrantes-centroamericanos","tag-solidaridad-con-migrantes","tag-violacion-de-derechos-humanos-de-migrantes-por-el-estado-mexicano","entry"],"jetpack_featured_media_url":"https:\/\/www.grieta.org.mx\/wp-content\/uploads\/2019\/08\/misa_8.jpg","jetpack_sharing_enabled":true,"jetpack_shortlink":"https:\/\/wp.me\/p7ZJR4-9Kt","jetpack_likes_enabled":false,"jetpack-related-posts":[{"id":24157,"url":"https:\/\/www.grieta.org.mx\/index.php\/2018\/07\/03\/rescatan-a-15-migrantes-chapines-que-viajaban-en-condiciones-de-hacinamiento-en-coahuila\/","url_meta":{"origin":37477,"position":0},"title":"Rescatan a 15 migrantes chapines que viajaban en condiciones de hacinamiento en Coahuila","author":"grieta","date":"3 julio, 2018","format":false,"excerpt":"Redacci\u00f3n\/APRO CIUDAD DE M\u00c9XICO (apro).- Efectivos de la Polic\u00eda Federal (PF) rescataron a 15 migrantes guatemaltecos \u201311 adultos y cuatro menores\u2014 que eran transportados en condiciones deplorables en una camioneta y detuvieron al conductor de esta \u00faltima. Los hechos ocurrieron a la altura del kil\u00f3metro 032+900 del camino nacional 2280\u2026","rel":"","context":"En &quot;Coahuila&quot;","block_context":{"text":"Coahuila","link":"https:\/\/www.grieta.org.mx\/index.php\/category\/noticias-nacionales\/coahuila\/"},"img":{"alt_text":"","src":"https:\/\/i0.wp.com\/www.grieta.org.mx\/wp-content\/uploads\/2018\/03\/14524434_1106112876131411_958039263622046936_o.jpg?resize=350%2C200&ssl=1","width":350,"height":200,"srcset":"https:\/\/i0.wp.com\/www.grieta.org.mx\/wp-content\/uploads\/2018\/03\/14524434_1106112876131411_958039263622046936_o.jpg?resize=350%2C200&ssl=1 1x, https:\/\/i0.wp.com\/www.grieta.org.mx\/wp-content\/uploads\/2018\/03\/14524434_1106112876131411_958039263622046936_o.jpg?resize=525%2C300&ssl=1 1.5x, https:\/\/i0.wp.com\/www.grieta.org.mx\/wp-content\/uploads\/2018\/03\/14524434_1106112876131411_958039263622046936_o.jpg?resize=700%2C400&ssl=1 2x"},"classes":[]},{"id":24152,"url":"https:\/\/www.grieta.org.mx\/index.php\/2018\/04\/11\/detencion-de-migrantes-genera-xenofobia-en-piedras-negras-coahuila\/","url_meta":{"origin":37477,"position":1},"title":"Detenci\u00f3n de migrantes genera xenofobia en Piedras Negras (Coahuila)","author":"grieta","date":"11 abril, 2018","format":false,"excerpt":"Ren\u00e9 Arellano\/EL SIGLO DE TORRE\u00d3N La detenci\u00f3n de tres centroamericanos indocumentados en la zona Centro de Piedras Negras, por elementos de la Polic\u00eda Preventiva municipal, es una acci\u00f3n que violenta los Derechos Humanos de los migrantes y una acci\u00f3n que no le compete a dicha corporaci\u00f3n polic\u00edaca, adem\u00e1s de genera\u2026","rel":"","context":"En &quot;CINTILLO&quot;","block_context":{"text":"CINTILLO","link":"https:\/\/www.grieta.org.mx\/index.php\/category\/cintillo\/"},"img":{"alt_text":"","src":"https:\/\/i0.wp.com\/www.grieta.org.mx\/wp-content\/uploads\/2018\/03\/14524434_1106112876131411_958039263622046936_o.jpg?resize=350%2C200&ssl=1","width":350,"height":200,"srcset":"https:\/\/i0.wp.com\/www.grieta.org.mx\/wp-content\/uploads\/2018\/03\/14524434_1106112876131411_958039263622046936_o.jpg?resize=350%2C200&ssl=1 1x, https:\/\/i0.wp.com\/www.grieta.org.mx\/wp-content\/uploads\/2018\/03\/14524434_1106112876131411_958039263622046936_o.jpg?resize=525%2C300&ssl=1 1.5x, https:\/\/i0.wp.com\/www.grieta.org.mx\/wp-content\/uploads\/2018\/03\/14524434_1106112876131411_958039263622046936_o.jpg?resize=700%2C400&ssl=1 2x"},"classes":[]},{"id":44132,"url":"https:\/\/www.grieta.org.mx\/index.php\/2020\/02\/02\/migrantes-los-peregrinos-del-nuevo-milenio\/","url_meta":{"origin":37477,"position":2},"title":"Migrantes, los peregrinos del nuevo milenio","author":"grieta","date":"2 febrero, 2020","format":false,"excerpt":"Ahora son hondure\u00f1os, pero hubo \u00e9pocas en los que la mayor\u00eda eran mexicanos. A Europa llegan de \u00c1frica y Europa del Este. En Am\u00e9rica, la direcci\u00f3n es \u201cel Norte\u201d Omar Saucedo\/ VANGUARDIA MX Hace fr\u00edo. Seis sombras se proyectan en las piedras junto a las v\u00edas del tren. Tres son\u2026","rel":"","context":"En &quot;CINTILLO&quot;","block_context":{"text":"CINTILLO","link":"https:\/\/www.grieta.org.mx\/index.php\/category\/cintillo\/"},"img":{"alt_text":"","src":"https:\/\/i0.wp.com\/www.grieta.org.mx\/wp-content\/uploads\/2020\/02\/migrantes-peregrinos.jpg?resize=350%2C200&ssl=1","width":350,"height":200,"srcset":"https:\/\/i0.wp.com\/www.grieta.org.mx\/wp-content\/uploads\/2020\/02\/migrantes-peregrinos.jpg?resize=350%2C200&ssl=1 1x, https:\/\/i0.wp.com\/www.grieta.org.mx\/wp-content\/uploads\/2020\/02\/migrantes-peregrinos.jpg?resize=525%2C300&ssl=1 1.5x, https:\/\/i0.wp.com\/www.grieta.org.mx\/wp-content\/uploads\/2020\/02\/migrantes-peregrinos.jpg?resize=700%2C400&ssl=1 2x, https:\/\/i0.wp.com\/www.grieta.org.mx\/wp-content\/uploads\/2020\/02\/migrantes-peregrinos.jpg?resize=1050%2C600&ssl=1 3x"},"classes":[]},{"id":53458,"url":"https:\/\/www.grieta.org.mx\/index.php\/2020\/09\/18\/confirman-la-reapertura-albergue-para-migrantes-en-piedras-negras-coahuila\/","url_meta":{"origin":37477,"position":3},"title":"Confirman la reapertura albergue para migrantes en Piedras Negras (Coahuila)","author":"grieta","date":"18 septiembre, 2020","format":false,"excerpt":"Josu\u00e9 Rodrpiguez\/ VANGUARDIA MX La direcci\u00f3n explic\u00f3 que la reapertura es justo a tiempo, pues durante los meses de septiembre, octubre y noviembre es cuando m\u00e1s se registra una mayor cantidad de menores migrantes} Piedras Negras, Coah.-El albergue para menores migrantes Casa YMCA, anuncio el reinicio de sus actividades, luego\u2026","rel":"","context":"En &quot;CINTILLO&quot;","block_context":{"text":"CINTILLO","link":"https:\/\/www.grieta.org.mx\/index.php\/category\/cintillo\/"},"img":{"alt_text":"","src":"https:\/\/i0.wp.com\/www.grieta.org.mx\/wp-content\/uploads\/2020\/09\/albergue.jpg?resize=350%2C200&ssl=1","width":350,"height":200,"srcset":"https:\/\/i0.wp.com\/www.grieta.org.mx\/wp-content\/uploads\/2020\/09\/albergue.jpg?resize=350%2C200&ssl=1 1x, https:\/\/i0.wp.com\/www.grieta.org.mx\/wp-content\/uploads\/2020\/09\/albergue.jpg?resize=525%2C300&ssl=1 1.5x, https:\/\/i0.wp.com\/www.grieta.org.mx\/wp-content\/uploads\/2020\/09\/albergue.jpg?resize=700%2C400&ssl=1 2x"},"classes":[]},{"id":37404,"url":"https:\/\/www.grieta.org.mx\/index.php\/2019\/08\/01\/nos-abrieron-fuego-como-si-fueramos-animales-testigo-afirma-que-policias-quitaron-la-vida-a-migrante-hondureno-en-saltillo-coahuila\/","url_meta":{"origin":37477,"position":4},"title":"&#8220;Nos abrieron fuego como si fu\u00e9ramos animales&#8221;&#8230; testigo afirma que polic\u00edas quitaron la vida a migrante hondure\u00f1o en Saltillo (Coahuila)","author":"grieta","date":"1 agosto, 2019","format":false,"excerpt":"Armando R\u00edos\/ LA VANGUARDIA MX Un testigo del asesinato ocurrido ayer, en el que polic\u00edas dispararon en contra de un migrante, habl\u00f3 sobre los hechos asegurando que ellos no agredieron a los oficiales y no estaban armados https:\/\/www.facebook.com\/VanguardiaMx\/videos\/2379688592107622\/ Migrante testigo de asesinato ocurrido ayer en la colonia San Miguel, donde\u2026","rel":"","context":"En &quot;CINTILLO&quot;","block_context":{"text":"CINTILLO","link":"https:\/\/www.grieta.org.mx\/index.php\/category\/cintillo\/"},"img":{"alt_text":"","src":"https:\/\/i0.wp.com\/www.grieta.org.mx\/wp-content\/uploads\/2019\/08\/asesinato-de-migrante.jpg?resize=350%2C200&ssl=1","width":350,"height":200,"srcset":"https:\/\/i0.wp.com\/www.grieta.org.mx\/wp-content\/uploads\/2019\/08\/asesinato-de-migrante.jpg?resize=350%2C200&ssl=1 1x, https:\/\/i0.wp.com\/www.grieta.org.mx\/wp-content\/uploads\/2019\/08\/asesinato-de-migrante.jpg?resize=525%2C300&ssl=1 1.5x, https:\/\/i0.wp.com\/www.grieta.org.mx\/wp-content\/uploads\/2019\/08\/asesinato-de-migrante.jpg?resize=700%2C400&ssl=1 2x"},"classes":[]},{"id":47473,"url":"https:\/\/www.grieta.org.mx\/index.php\/2020\/04\/03\/tras-motin-concentran-a-migrantes-en-instalaciones-del-inm-en-el-puente-internacional-ii-coahuila\/","url_meta":{"origin":37477,"position":5},"title":"Tras mot\u00edn, concentran a migrantes en instalaciones del INM en el Puente Internacional II (Coahuila)","author":"grieta","date":"3 abril, 2020","format":false,"excerpt":"El traslado de los migrantes fue escoltado por efectivos de la Guardia Nacional Ren\u00e9 Arellano G\u00f3mez\/ EL SIGLO DE TORRE\u00d3N Luego del amotinamiento registrado en un albergue temporal del Intituto Nacional de Migraci\u00f3n (INM), alrededor de 120 migrantes de origen centroamericano, fueron trasladados y concentrados en las instalaciones del Puente\u2026","rel":"","context":"En &quot;CINTILLO&quot;","block_context":{"text":"CINTILLO","link":"https:\/\/www.grieta.org.mx\/index.php\/category\/cintillo\/"},"img":{"alt_text":"","src":"https:\/\/i0.wp.com\/www.grieta.org.mx\/wp-content\/uploads\/2020\/04\/1296332.jpeg?resize=350%2C200&ssl=1","width":350,"height":200,"srcset":"https:\/\/i0.wp.com\/www.grieta.org.mx\/wp-content\/uploads\/2020\/04\/1296332.jpeg?resize=350%2C200&ssl=1 1x, https:\/\/i0.wp.com\/www.grieta.org.mx\/wp-content\/uploads\/2020\/04\/1296332.jpeg?resize=525%2C300&ssl=1 1.5x, https:\/\/i0.wp.com\/www.grieta.org.mx\/wp-content\/uploads\/2020\/04\/1296332.jpeg?resize=700%2C400&ssl=1 2x"},"classes":[]}],"_links":{"self":[{"href":"https:\/\/www.grieta.org.mx\/index.php\/wp-json\/wp\/v2\/posts\/37477","targetHints":{"allow":["GET"]}}],"collection":[{"href":"https:\/\/www.grieta.org.mx\/index.php\/wp-json\/wp\/v2\/posts"}],"about":[{"href":"https:\/\/www.grieta.org.mx\/index.php\/wp-json\/wp\/v2\/types\/post"}],"author":[{"embeddable":true,"href":"https:\/\/www.grieta.org.mx\/index.php\/wp-json\/wp\/v2\/users\/2"}],"replies":[{"embeddable":true,"href":"https:\/\/www.grieta.org.mx\/index.php\/wp-json\/wp\/v2\/comments?post=37477"}],"version-history":[{"count":1,"href":"https:\/\/www.grieta.org.mx\/index.php\/wp-json\/wp\/v2\/posts\/37477\/revisions"}],"predecessor-version":[{"id":37479,"href":"https:\/\/www.grieta.org.mx\/index.php\/wp-json\/wp\/v2\/posts\/37477\/revisions\/37479"}],"wp:featuredmedia":[{"embeddable":true,"href":"https:\/\/www.grieta.org.mx\/index.php\/wp-json\/wp\/v2\/media\/37478"}],"wp:attachment":[{"href":"https:\/\/www.grieta.org.mx\/index.php\/wp-json\/wp\/v2\/media?parent=37477"}],"wp:term":[{"taxonomy":"category","embeddable":true,"href":"https:\/\/www.grieta.org.mx\/index.php\/wp-json\/wp\/v2\/categories?post=37477"},{"taxonomy":"post_tag","embeddable":true,"href":"https:\/\/www.grieta.org.mx\/index.php\/wp-json\/wp\/v2\/tags?post=37477"}],"curies":[{"name":"wp","href":"https:\/\/api.w.org\/{rel}","templated":true}]}}