{"id":37377,"date":"2019-07-29T19:58:41","date_gmt":"2019-07-30T00:58:41","guid":{"rendered":"http:\/\/www.grieta.org.mx\/?p=37377"},"modified":"2019-08-02T20:03:41","modified_gmt":"2019-08-03T01:03:41","slug":"se-manifiestan-familias-el-jitzamuri-por-la-falta-de-agua-sinaloa","status":"publish","type":"post","link":"https:\/\/www.grieta.org.mx\/index.php\/2019\/07\/29\/se-manifiestan-familias-el-jitzamuri-por-la-falta-de-agua-sinaloa\/","title":{"rendered":"Se manifiestan familias El jitzamuri por la falta de agua (Sinaloa)"},"content":{"rendered":"<p><img loading=\"lazy\" decoding=\"async\" data-attachment-id=\"37378\" data-permalink=\"https:\/\/www.grieta.org.mx\/index.php\/2019\/07\/29\/se-manifiestan-familias-el-jitzamuri-por-la-falta-de-agua-sinaloa\/el_jitzamuri_falta_de_agua-jpg_219914347\/\" data-orig-file=\"https:\/\/www.grieta.org.mx\/wp-content\/uploads\/2019\/08\/el_jitzamuri_falta_de_agua.jpg_219914347.jpg\" data-orig-size=\"960,540\" data-comments-opened=\"0\" data-image-meta=\"{&quot;aperture&quot;:&quot;0&quot;,&quot;credit&quot;:&quot;&quot;,&quot;camera&quot;:&quot;&quot;,&quot;caption&quot;:&quot;&quot;,&quot;created_timestamp&quot;:&quot;0&quot;,&quot;copyright&quot;:&quot;&quot;,&quot;focal_length&quot;:&quot;0&quot;,&quot;iso&quot;:&quot;0&quot;,&quot;shutter_speed&quot;:&quot;0&quot;,&quot;title&quot;:&quot;&quot;,&quot;orientation&quot;:&quot;0&quot;}\" data-image-title=\"el_jitzamuri_falta_de_agua.jpg_219914347\" data-image-description=\"\" data-image-caption=\"\" data-medium-file=\"https:\/\/www.grieta.org.mx\/wp-content\/uploads\/2019\/08\/el_jitzamuri_falta_de_agua.jpg_219914347-300x169.jpg\" data-large-file=\"https:\/\/www.grieta.org.mx\/wp-content\/uploads\/2019\/08\/el_jitzamuri_falta_de_agua.jpg_219914347.jpg\" class=\" wp-image-37378 aligncenter\" src=\"http:\/\/www.grieta.org.mx\/wp-content\/uploads\/2019\/08\/el_jitzamuri_falta_de_agua.jpg_219914347.jpg\" alt=\"\" width=\"800\" height=\"450\" srcset=\"https:\/\/www.grieta.org.mx\/wp-content\/uploads\/2019\/08\/el_jitzamuri_falta_de_agua.jpg_219914347.jpg 960w, https:\/\/www.grieta.org.mx\/wp-content\/uploads\/2019\/08\/el_jitzamuri_falta_de_agua.jpg_219914347-300x169.jpg 300w, https:\/\/www.grieta.org.mx\/wp-content\/uploads\/2019\/08\/el_jitzamuri_falta_de_agua.jpg_219914347-768x432.jpg 768w, https:\/\/www.grieta.org.mx\/wp-content\/uploads\/2019\/08\/el_jitzamuri_falta_de_agua.jpg_219914347-889x500.jpg 889w\" sizes=\"auto, (max-width: 800px) 100vw, 800px\" \/><\/p>\n<p>Foto: El Debate<\/p>\n<p><em>Habitantes del campo pesquero demandan una soluci\u00f3n inmediata a este grave problema que los aqueja<\/em><\/p>\n<p>Javier Vega \/ El Debate<\/p>\n<p><strong>Los Mochis, Sinaloa<\/strong>.- Decenas de familias del campo pesquero el Jitzamuri se manifestaron en las primeras horas de hoy para demandar una soluci\u00f3n inmediata al grave problema de la falta de agua potable que los aqueja.<\/p>\n<p>Y es que ya cumplieron 6 d\u00edas en que\u00a0no sale una sola gota del vital elemento por las mangueras y eso\u00a0les est\u00e1 causando serios problemas porque carecen de vital l\u00edquido\u00a0hasta para realizar sus principales necesidades.<\/p>\n<p>Alberto Cisneros, habitante de esta comunidad, se\u00f1al\u00f3 que desde el pasado martes no sale una sola gota de agua por la tuber\u00eda en ninguna parte de la comunidad y eso les est\u00e1 ocasionando una situaci\u00f3n sumamente grave.<\/p>\n<p>Dijo que la pipa de agua que les manda todos los d\u00edas el Ayuntamiento\u00a0para tratar de aminorar el problema\u00a0les resulta insuficiente porque en el poblado hay m\u00e1s de 400 familias que todos los d\u00edas enfrentan la necesidad del vital elemento.<\/p>\n<p>Los demandantes piden un mayor de apoyos de parte de las autoridades municipales, ya que los \u00faltimos d\u00edas han estado enfrentado problemas incluso para tener agua en sus casas para tomar y eso les generan serios problemas, principalmente con los ni\u00f1os, ya que ellos no entienden la situaci\u00f3n y solamente lloran por el agua.<\/p>\n<p>\u201cLa realidad es que ya no hallamos a qui\u00e9n dirigirnos: al Ceapas, al gobernador, al presidente municipal y a Japama, porque enfrentamos una situaci\u00f3n muy desesperante porque no tenemos agua ni para lavarnos las manos y no exageramos. Ojal\u00e1 viniera un d\u00eda un funcionario a quedarse s\u00f3lo un d\u00eda en la comunidad para que viera la triste situaci\u00f3n que estamos pasando\u201d.<\/p>\n<p>A las demandas se unieron varias madres de familia que suplicaron a las autoridades que ya resuelvan en forma definitiva la falta de agua que desde varios a\u00f1os atr\u00e1s han venido padeciendo.<\/p>\n<p>La se\u00f1ora Mirna manifest\u00f3 que ya urge una soluci\u00f3n porque en su casa tiene dos a\u00f1os que no le sale una gota de agua y tiene que trasladarse a los lugares donde sale, cuando llega a salir el agua, para tomar una poca y cubrir sus m\u00e1s elementales necesidades.<\/p>\n<p>Por su parte, la se\u00f1ora Hortensia manifest\u00f3 que se trata de una situaci\u00f3n muy dif\u00edcil porque son unos calorones los que padecen todos los d\u00edas y el agua que compran para tomar tampoco alcanza porque llega la camioneta y se acaba de inmediato.<\/p>\n<p><a href=\"https:\/\/www.debate.com.mx\/losmochis\/Se-manifiestan-familias-El-jitzamuri-por-la-falta-de-agua-20190729-0118.html\">https:\/\/www.debate.com.mx\/losmochis\/Se-manifiestan-familias-El-jitzamuri-por-la-falta-de-agua-20190729-0118.html<\/a><\/p>\n","protected":false},"excerpt":{"rendered":"<p>Foto: El Debate Habitantes del campo pesquero demandan una soluci\u00f3n inmediata a este grave problema que los aqueja Javier Vega \/ El Debate Los Mochis, Sinaloa.- Decenas de familias del &hellip; <a href=\"https:\/\/www.grieta.org.mx\/index.php\/2019\/07\/29\/se-manifiestan-familias-el-jitzamuri-por-la-falta-de-agua-sinaloa\/\" class=\"more-link\">Leer m\u00e1s<\/a><\/p>\n","protected":false},"author":2,"featured_media":37378,"comment_status":"closed","ping_status":"closed","sticky":false,"template":"","format":"standard","meta":{"ngg_post_thumbnail":0,"_jetpack_newsletter_access":"","_jetpack_dont_email_post_to_subs":false,"_jetpack_newsletter_tier_id":0,"_jetpack_memberships_contains_paywalled_content":false,"_jetpack_memberships_contains_paid_content":false,"footnotes":""},"categories":[80,2478,914,2,30,83],"tags":[2403,1558],"class_list":["post-37377","post","type-post","status-publish","format-standard","has-post-thumbnail","hentry","category-cintillo","category-conflictos-por-agua-en-sinaloa","category-privatizacion-del-agua","category-noticias-nacionales","category-sinaloa","category-temas-nacionales","tag-crisis-del-agua","tag-desabasto-de-agua","entry"],"jetpack_featured_media_url":"https:\/\/www.grieta.org.mx\/wp-content\/uploads\/2019\/08\/el_jitzamuri_falta_de_agua.jpg_219914347.jpg","jetpack_sharing_enabled":true,"jetpack_shortlink":"https:\/\/wp.me\/p7ZJR4-9IR","jetpack_likes_enabled":false,"jetpack-related-posts":[{"id":37036,"url":"https:\/\/www.grieta.org.mx\/index.php\/2019\/07\/21\/30-anos-con-problemas-de-agua-en-las-bolsas-de-tosalibampo-2-sinaloa\/","url_meta":{"origin":37377,"position":0},"title":"30 a\u00f1os con problemas de agua en las Bolsas de Tosalibampo 2 (Sinaloa)","author":"grieta","date":"21 julio, 2019","format":false,"excerpt":"Foto: Javier Padilla- El Debate Los habitantes del sector La Lomita denunciaron que la Japama no les da soluci\u00f3n a la escasez de agua que se presenta desde hace tres d\u00e9cadas y sin embargo les siguen cobrando el recibo Los Mochis, Sinaloa.- Cansados de no tener agua por m\u00e1s de\u2026","rel":"","context":"En &quot;CINTILLO&quot;","block_context":{"text":"CINTILLO","link":"https:\/\/www.grieta.org.mx\/index.php\/category\/cintillo\/"},"img":{"alt_text":"","src":"https:\/\/i0.wp.com\/www.grieta.org.mx\/wp-content\/uploads\/2019\/07\/bolsas_de_tosalibampo.jpg_219914347.jpg?resize=350%2C200&ssl=1","width":350,"height":200,"srcset":"https:\/\/i0.wp.com\/www.grieta.org.mx\/wp-content\/uploads\/2019\/07\/bolsas_de_tosalibampo.jpg_219914347.jpg?resize=350%2C200&ssl=1 1x, https:\/\/i0.wp.com\/www.grieta.org.mx\/wp-content\/uploads\/2019\/07\/bolsas_de_tosalibampo.jpg_219914347.jpg?resize=525%2C300&ssl=1 1.5x, https:\/\/i0.wp.com\/www.grieta.org.mx\/wp-content\/uploads\/2019\/07\/bolsas_de_tosalibampo.jpg_219914347.jpg?resize=700%2C400&ssl=1 2x"},"classes":[]},{"id":32269,"url":"https:\/\/www.grieta.org.mx\/index.php\/2019\/04\/15\/habitantes-denuncian-que-con-el-dia-de-ayer-ya-cumplieron-4-dias-sin-una-gota-de-agua-sinaloa\/","url_meta":{"origin":37377,"position":1},"title":"Habitantes denuncian que con el d\u00eda de ayer ya cumplieron 4 d\u00edas sin una gota de agua (Sinaloa)","author":"grieta","date":"15 abril, 2019","format":false,"excerpt":"Javier Vega \/ Debate Los Mochis, Sinaloa.- Habitantes de la comunidad de La Bolsa de Tosalibampo No. 2 lanzaron un angustioso SOS a las autoridades municipales dado que durante los \u00faltimos 4 d\u00edas han padecido de la falta del agua para cubrir su m\u00e1s elementales necesidades. Visiblemente molestos por todos\u2026","rel":"","context":"En &quot;CINTILLO&quot;","block_context":{"text":"CINTILLO","link":"https:\/\/www.grieta.org.mx\/index.php\/category\/cintillo\/"},"img":{"alt_text":"","src":"https:\/\/i0.wp.com\/www.grieta.org.mx\/wp-content\/uploads\/2019\/04\/aguasin.jpg?resize=350%2C200&ssl=1","width":350,"height":200,"srcset":"https:\/\/i0.wp.com\/www.grieta.org.mx\/wp-content\/uploads\/2019\/04\/aguasin.jpg?resize=350%2C200&ssl=1 1x, https:\/\/i0.wp.com\/www.grieta.org.mx\/wp-content\/uploads\/2019\/04\/aguasin.jpg?resize=525%2C300&ssl=1 1.5x, https:\/\/i0.wp.com\/www.grieta.org.mx\/wp-content\/uploads\/2019\/04\/aguasin.jpg?resize=700%2C400&ssl=1 2x"},"classes":[]},{"id":35454,"url":"https:\/\/www.grieta.org.mx\/index.php\/2019\/06\/23\/advierten-toma-de-carretera-por-falta-de-agua-en-goritos-sinaloa\/","url_meta":{"origin":37377,"position":2},"title":"Advierten toma de carretera por falta de agua en Goritos (Sinaloa)","author":"grieta","date":"23 junio, 2019","format":false,"excerpt":"Foto el Debate Los vecinos de esta comunidad aseguran que el l\u00edquido s\u00f3lo les llega por un momento en la madrugada Marisela Jolie \/ El Debate Los Mochis, Sinaloa.- Desesperados ante la falta del servicio de agua potable, vecinos del ejido Goritos Viejo, perteneciente a la sindicatura de El Guayabo,\u2026","rel":"","context":"En &quot;CINTILLO&quot;","block_context":{"text":"CINTILLO","link":"https:\/\/www.grieta.org.mx\/index.php\/category\/cintillo\/"},"img":{"alt_text":"","src":"https:\/\/i0.wp.com\/www.grieta.org.mx\/wp-content\/uploads\/2019\/06\/advierten_toma_de_carretera_por_falta_de_agua_en_goritos.jpg_219914347.jpg?resize=350%2C200&ssl=1","width":350,"height":200,"srcset":"https:\/\/i0.wp.com\/www.grieta.org.mx\/wp-content\/uploads\/2019\/06\/advierten_toma_de_carretera_por_falta_de_agua_en_goritos.jpg_219914347.jpg?resize=350%2C200&ssl=1 1x, https:\/\/i0.wp.com\/www.grieta.org.mx\/wp-content\/uploads\/2019\/06\/advierten_toma_de_carretera_por_falta_de_agua_en_goritos.jpg_219914347.jpg?resize=525%2C300&ssl=1 1.5x, https:\/\/i0.wp.com\/www.grieta.org.mx\/wp-content\/uploads\/2019\/06\/advierten_toma_de_carretera_por_falta_de_agua_en_goritos.jpg_219914347.jpg?resize=700%2C400&ssl=1 2x"},"classes":[]},{"id":35835,"url":"https:\/\/www.grieta.org.mx\/index.php\/2019\/07\/02\/la-falta-de-agua-potable-se-extiende-a-la-zona-serrana-sinaloa\/","url_meta":{"origin":37377,"position":3},"title":"La falta de agua potable se extiende a la zona serrana (Sinaloa)","author":"grieta","date":"2 julio, 2019","format":false,"excerpt":"Foto: El Debate Aguacaliente de G\u00e1rate, Malpica, Mesillas y otros poblados se est\u00e1n viendo afectados por el estiaje Mayrely Cort\u00e9z \/ El Debate Mazatl\u00e1n. La falta de agua potable no solo afecta a los habitantes de Aguacaliente de G\u00e1rate. El problema se ha extendido a la zona serrana, admiti\u00f3 el\u2026","rel":"","context":"En &quot;CINTILLO&quot;","block_context":{"text":"CINTILLO","link":"https:\/\/www.grieta.org.mx\/index.php\/category\/cintillo\/"},"img":{"alt_text":"","src":"https:\/\/i0.wp.com\/www.grieta.org.mx\/wp-content\/uploads\/2019\/07\/la_falta_de_agua_potable_se_extiende_a_la_zona_serrana1_crop1562102079636.jpg_1727466156.jpg?resize=350%2C200&ssl=1","width":350,"height":200,"srcset":"https:\/\/i0.wp.com\/www.grieta.org.mx\/wp-content\/uploads\/2019\/07\/la_falta_de_agua_potable_se_extiende_a_la_zona_serrana1_crop1562102079636.jpg_1727466156.jpg?resize=350%2C200&ssl=1 1x, https:\/\/i0.wp.com\/www.grieta.org.mx\/wp-content\/uploads\/2019\/07\/la_falta_de_agua_potable_se_extiende_a_la_zona_serrana1_crop1562102079636.jpg_1727466156.jpg?resize=525%2C300&ssl=1 1.5x, https:\/\/i0.wp.com\/www.grieta.org.mx\/wp-content\/uploads\/2019\/07\/la_falta_de_agua_potable_se_extiende_a_la_zona_serrana1_crop1562102079636.jpg_1727466156.jpg?resize=700%2C400&ssl=1 2x"},"classes":[]},{"id":37700,"url":"https:\/\/www.grieta.org.mx\/index.php\/2019\/08\/02\/colonias-continuan-sufriendo-desabasto-de-agua-potable-sinaloa\/","url_meta":{"origin":37377,"position":4},"title":"Colonias contin\u00faan sufriendo desabasto de agua potable (Sinaloa)","author":"grieta","date":"2 agosto, 2019","format":false,"excerpt":"Foto: Segio P\u00e9rez - El Debate Los vecinos de la Flores Mag\u00f3n dicen estar cansados de tener que despertar a las 03:00 horas para ver si les llega el l\u00edquido Mazatl\u00e1n, Sinaloa.- Habitantes de la \u00a0colonia Flores Mag\u00f3n, Lomas del \u00c9bano y sus alrededores sufren la falta de agua desde\u2026","rel":"","context":"En &quot;CINTILLO&quot;","block_context":{"text":"CINTILLO","link":"https:\/\/www.grieta.org.mx\/index.php\/category\/cintillo\/"},"img":{"alt_text":"","src":"https:\/\/i0.wp.com\/www.grieta.org.mx\/wp-content\/uploads\/2019\/08\/desabasto_de_agua1_crop1564761273503.jpg_1727466156.jpg?resize=350%2C200&ssl=1","width":350,"height":200,"srcset":"https:\/\/i0.wp.com\/www.grieta.org.mx\/wp-content\/uploads\/2019\/08\/desabasto_de_agua1_crop1564761273503.jpg_1727466156.jpg?resize=350%2C200&ssl=1 1x, https:\/\/i0.wp.com\/www.grieta.org.mx\/wp-content\/uploads\/2019\/08\/desabasto_de_agua1_crop1564761273503.jpg_1727466156.jpg?resize=525%2C300&ssl=1 1.5x, https:\/\/i0.wp.com\/www.grieta.org.mx\/wp-content\/uploads\/2019\/08\/desabasto_de_agua1_crop1564761273503.jpg_1727466156.jpg?resize=700%2C400&ssl=1 2x"},"classes":[]},{"id":33956,"url":"https:\/\/www.grieta.org.mx\/index.php\/2019\/05\/17\/denuncian-mala-calidad-del-agua-en-el-ejido-chihuahuita-sinaloa\/","url_meta":{"origin":37377,"position":5},"title":"Denuncian mala calidad del agua en el ejido Chihuahuita (Sinaloa)","author":"grieta","date":"17 mayo, 2019","format":false,"excerpt":"Se\u00f1alan que tienen que comprar al menos tres garrafones de agua para poder subsistir Redacci\u00f3n \/ El Debate Los Mochis, Sinaloa.- Como intomable y sucia consideraron habitantes del ejido Chihuahuita el agua que les otorga la Junta de Agua Potable y Alcantarillado del Municipio de Ahome (Japama) desde hace a\u00f1os\u2026","rel":"","context":"En &quot;CINTILLO&quot;","block_context":{"text":"CINTILLO","link":"https:\/\/www.grieta.org.mx\/index.php\/category\/cintillo\/"},"img":{"alt_text":"","src":"https:\/\/i0.wp.com\/www.grieta.org.mx\/wp-content\/uploads\/2019\/05\/ejido_chihuahuita_mala_calidad_del_agua_crop1558109305384.jpg_219914347.jpg?resize=350%2C200&ssl=1","width":350,"height":200,"srcset":"https:\/\/i0.wp.com\/www.grieta.org.mx\/wp-content\/uploads\/2019\/05\/ejido_chihuahuita_mala_calidad_del_agua_crop1558109305384.jpg_219914347.jpg?resize=350%2C200&ssl=1 1x, https:\/\/i0.wp.com\/www.grieta.org.mx\/wp-content\/uploads\/2019\/05\/ejido_chihuahuita_mala_calidad_del_agua_crop1558109305384.jpg_219914347.jpg?resize=525%2C300&ssl=1 1.5x, https:\/\/i0.wp.com\/www.grieta.org.mx\/wp-content\/uploads\/2019\/05\/ejido_chihuahuita_mala_calidad_del_agua_crop1558109305384.jpg_219914347.jpg?resize=700%2C400&ssl=1 2x"},"classes":[]}],"_links":{"self":[{"href":"https:\/\/www.grieta.org.mx\/index.php\/wp-json\/wp\/v2\/posts\/37377","targetHints":{"allow":["GET"]}}],"collection":[{"href":"https:\/\/www.grieta.org.mx\/index.php\/wp-json\/wp\/v2\/posts"}],"about":[{"href":"https:\/\/www.grieta.org.mx\/index.php\/wp-json\/wp\/v2\/types\/post"}],"author":[{"embeddable":true,"href":"https:\/\/www.grieta.org.mx\/index.php\/wp-json\/wp\/v2\/users\/2"}],"replies":[{"embeddable":true,"href":"https:\/\/www.grieta.org.mx\/index.php\/wp-json\/wp\/v2\/comments?post=37377"}],"version-history":[{"count":1,"href":"https:\/\/www.grieta.org.mx\/index.php\/wp-json\/wp\/v2\/posts\/37377\/revisions"}],"predecessor-version":[{"id":37379,"href":"https:\/\/www.grieta.org.mx\/index.php\/wp-json\/wp\/v2\/posts\/37377\/revisions\/37379"}],"wp:featuredmedia":[{"embeddable":true,"href":"https:\/\/www.grieta.org.mx\/index.php\/wp-json\/wp\/v2\/media\/37378"}],"wp:attachment":[{"href":"https:\/\/www.grieta.org.mx\/index.php\/wp-json\/wp\/v2\/media?parent=37377"}],"wp:term":[{"taxonomy":"category","embeddable":true,"href":"https:\/\/www.grieta.org.mx\/index.php\/wp-json\/wp\/v2\/categories?post=37377"},{"taxonomy":"post_tag","embeddable":true,"href":"https:\/\/www.grieta.org.mx\/index.php\/wp-json\/wp\/v2\/tags?post=37377"}],"curies":[{"name":"wp","href":"https:\/\/api.w.org\/{rel}","templated":true}]}}