{"id":37360,"date":"2019-07-29T19:05:51","date_gmt":"2019-07-30T00:05:51","guid":{"rendered":"http:\/\/www.grieta.org.mx\/?p=37360"},"modified":"2019-08-02T19:14:28","modified_gmt":"2019-08-03T00:14:28","slug":"wixarikas-conformaran-un-gobierno-autonomo-jalisco","status":"publish","type":"post","link":"https:\/\/www.grieta.org.mx\/index.php\/2019\/07\/29\/wixarikas-conformaran-un-gobierno-autonomo-jalisco\/","title":{"rendered":"Wixarikas conformar\u00e1n un gobierno aut\u00f3nomo (Jalisco)"},"content":{"rendered":"<p><img loading=\"lazy\" decoding=\"async\" data-attachment-id=\"37361\" data-permalink=\"https:\/\/www.grieta.org.mx\/index.php\/2019\/07\/29\/wixarikas-conformaran-un-gobierno-autonomo-jalisco\/02-1-2\/\" data-orig-file=\"https:\/\/www.grieta.org.mx\/wp-content\/uploads\/2019\/08\/02-1.jpg\" data-orig-size=\"850,500\" data-comments-opened=\"0\" data-image-meta=\"{&quot;aperture&quot;:&quot;0&quot;,&quot;credit&quot;:&quot;&quot;,&quot;camera&quot;:&quot;&quot;,&quot;caption&quot;:&quot;&quot;,&quot;created_timestamp&quot;:&quot;0&quot;,&quot;copyright&quot;:&quot;&quot;,&quot;focal_length&quot;:&quot;0&quot;,&quot;iso&quot;:&quot;0&quot;,&quot;shutter_speed&quot;:&quot;0&quot;,&quot;title&quot;:&quot;&quot;,&quot;orientation&quot;:&quot;0&quot;}\" data-image-title=\"02-1\" data-image-description=\"\" data-image-caption=\"\" data-medium-file=\"https:\/\/www.grieta.org.mx\/wp-content\/uploads\/2019\/08\/02-1-300x176.jpg\" data-large-file=\"https:\/\/www.grieta.org.mx\/wp-content\/uploads\/2019\/08\/02-1.jpg\" class=\"size-full wp-image-37361 aligncenter\" src=\"http:\/\/www.grieta.org.mx\/wp-content\/uploads\/2019\/08\/02-1.jpg\" alt=\"\" width=\"850\" height=\"500\" srcset=\"https:\/\/www.grieta.org.mx\/wp-content\/uploads\/2019\/08\/02-1.jpg 850w, https:\/\/www.grieta.org.mx\/wp-content\/uploads\/2019\/08\/02-1-300x176.jpg 300w, https:\/\/www.grieta.org.mx\/wp-content\/uploads\/2019\/08\/02-1-768x452.jpg 768w\" sizes=\"auto, (max-width: 850px) 100vw, 850px\" \/><\/p>\n<p>Foto: Rafael Hern\u00e9ndez Guizar<\/p>\n<p><em>La falta de atenci\u00f3n por el gobierno estatal y el desprecio de los ayuntamientos, hizo que la comunidad Wixarika buscara un gobierno aut\u00f3nomo que rompa de tajo las relaciones con mestizos; es decir, que sean ellos como ind\u00edgenas quienes sean representados por ellos mismos tras toda una historia de sometimiento<\/em><\/p>\n<p>Rafael Hern\u00e9ndez Guizar \/ P\u00e1gina 24<\/p>\n<p>La comunidad wixarika de Jalisco anunci\u00f3 un cambio de r\u00e9gimen en Bola\u00f1os, podr\u00eda constituirse el primer municipio ind\u00edgena con un gobierno de uso y costumbres.<\/p>\n<p>La comunidad de San Sebasti\u00e1n Teponohuaxtl\u00e1n y su anexo Tuxpan de Bola\u00f1os podr\u00edan conjuntarse para formalizar la petici\u00f3n de separarse del municipio de Bola\u00f1os y probablemente tambi\u00e9n de Mezquitic y as\u00ed, dar paso al nacimiento del primer gobierno seg\u00fan usos y costumbres.<\/p>\n<p>Carlos Chino L\u00f3pez, abogado de la comunidad y miembro de la comisi\u00f3n de autonom\u00eda, en entrevista con P\u00e1gina 24 categ\u00f3ricamente sentenci\u00f3 que ya no habr\u00e1 m\u00e1s partidos pol\u00edticos, expulsar\u00e1n cualquier expresi\u00f3n pol\u00edtica y ser\u00e1 a trav\u00e9s de la asamblea de todos los miembros como elijan a sus autoridades.<\/p>\n<p>\u201cNo vamos a desaparecer al ayuntamiento, va a seguir siendo el mismo, pero se va a elegir en este caso el alcalde, ya no por un partido pol\u00edtico, va a ser elegido ante asamblea por la mayor\u00eda, ahora s\u00ed les volteamos la tortilla y que se escuche bien, porque ellos han mandado todo el tiempo, nos dan puesto de tercera vamos a llamarlo as\u00ed, nunca nos han tocado puestos como sindicatura ni oficial mayor, en la actualidad se est\u00e1 dando eso\u201d, dijo.<\/p>\n<p>Y sigui\u00f3: \u201cPara empezar, que quede bien claro vamos a cambiar el sistema de elecci\u00f3n de partidos pol\u00edticos por el de usos y costumbres, por qu\u00e9 procede, pues porque somos mayor\u00eda, somos en promedio el 65 por ciento contra el 35 por ciento, el ayuntamiento va seguir siendo el mismo, pero en esta vez va a ser investido por la mayor\u00eda de los Wixarikas\u201d.<\/p>\n<p>A pregunta expresa de qu\u00e9 motiv\u00f3 esta intenci\u00f3n, Carlos Chino resalt\u00f3 que la falta de atenci\u00f3n por el gobierno estatal y el desprecio de los ayuntamientos, hizo que la comunidad Wixarika buscara un gobierno aut\u00f3nomo que rompa de tajo las relaciones con mestizos, es decir, que sean ellos como ind\u00edgenas quienes sean representados por ellos mismos tras toda una historia de sometimiento.<\/p>\n<p>\u201cDefinitivamente la comunidad y la gente est\u00e1n hartos, estamos hartos porque ya son muchos veces \u00a0que hemos intentado y vamos a intentar. Hartazgo del mal trato, ustedes son testigos, vean el lugar por donde pasaron, nosotros vamos a tomar las riendas para echar a andar las cosas, hay que mover los dados porque no se han movido, lo \u00fanico que nos traen es despensa y no es justo, eso no es la soluci\u00f3n, nosotros vamos a tomar y vamos a hacer los proyectos pertinentes para que haya un desarrollo comunal, hay que acabarlo\u201d.<\/p>\n<p>Enclavado en la sierra norte del estado de Jalisco, el territorio Wixarika finalmente podr\u00eda ser gobernado por ellos mismos.<\/p>\n<p>En la localidad del Abaj\u00edo del Tule, a tres horas y media de la cabecera municipal de Bola\u00f1os, se dio el pasado fin de semana una reuni\u00f3n informativa en la que los comuneros celebraron su triunfo ante una sentencia emitida por los tribunales donde se ordena la posibilidad de que ellos manejen los recursos econ\u00f3micos asignados en las partidas presupuestales de los ayuntamientos de Mezquitic y Bola\u00f1os.<\/p>\n<p>Fue en presencia de autoridades estatales como se dio toda la informaci\u00f3n para la conformaci\u00f3n de un consejo de administraci\u00f3n que ser\u00eda integrado por ellos mismos, los ind\u00edgenas.<\/p>\n<p>Fue este primer paso lo que marc\u00f3 la pauta para un deseo que ya fue consensuado y aprobado por la asamblea: Conformar un municipio libre de mestizos, gobernado por ind\u00edgenas seg\u00fan sus usos y costumbres.<\/p>\n<p>\u201cSiendo una minor\u00eda por parte de Bola\u00f1os ellos acaparan todo y nosotros nos quedamos con cualquier cosa, hay veces que incluso los proyectos que se detonan en la comunidad terminan inconclusos, muchos de ellos son elefantes blancos que no nos sirven a nosotros y eso es lo que no queremos\u201d.<\/p>\n<p>Carlos Chino L\u00f3pez es un joven abogado y maestro en derecho constitucional, egresado de la Universidad de Guadalajara (UdeG); se convirti\u00f3 al paso de los meses en uno de los pilares del movimiento de autonom\u00eda de su comunidad.<\/p>\n<p>Tajantemente recalc\u00f3 con gesto adusto: No habr\u00e1 m\u00e1s partidos pol\u00edticos en el territorio Wixarika.<\/p>\n<p>\u201cEn esta demanda ha quedado muy claro, y en la mesa de negociaci\u00f3n lo vamos a especificar, no queremos m\u00e1s la intervenci\u00f3n del ayuntamiento por muchas cosas, por ejemplo, los tintes pol\u00edticos que no nos han favorecido en nada y otra cosa, es el cambio de r\u00e9gimen que es otro proyecto ya tambi\u00e9n lo tenemos en puerta y est\u00e1 aprobado por la comunidad\u201d, dijo.<\/p>\n<p>\u2013\u00bfA qu\u00e9 se refieren con cambio de r\u00e9gimen?<\/p>\n<p>\u2013Significa que no van a estar ya los partidos pol\u00edticos, los vamos a expulsar, que se escuche y quede as\u00ed de claro, los vamos a expulsar por el lado de Bola\u00f1os, porque as\u00ed lo ha decidido la comunidad.<\/p>\n<p>\u2013\u00bfSer\u00eda una administraci\u00f3n por las asambleas?<\/p>\n<p>\u2013Todo el cuerpo municipal lo va a elegir la comunidad por ser mayor\u00eda, hay que darle su espacio y ahora s\u00ed, hay que hacer una diferencia entre ind\u00edgenas y mestizos porque as\u00ed lo ha marcado la ley y as\u00ed lo vamos a ejercer.<\/p>\n<p>Seg\u00fan trascendi\u00f3, ser\u00eda para las pr\u00f3ximas elecciones cuando la comunidad busque tener conformada ya la propuesta de un nuevo gobierno; podr\u00eda ser la declaratoria del municipio 126 de Jalisco en el que al momento estar\u00edan adheridos los habitantes de la comunidad en territorio de Bola\u00f1os; sin embargo, no se descarta que a estos se sumen como un solo municipio los comuneros que habitan en las localidades de Mezquitic e incluso, de 12 localidades m\u00e1s que aunque son reconocidas como parte del municipio de La Yesca, en Nayarit, es deseo de ellos ser jaliscienses.<\/p>\n<p>Por el momento, la comunidad representa el 65 por ciento de los habitantes de Bola\u00f1os y el 80 por ciento de la poblaci\u00f3n de Mezquitic.<\/p>\n<p>En tanto logran la declaratoria para su propio gobierno, lo que es un hecho es la llegada de alrededor de 80 millones de pesos que ser\u00e1n manejados por ellos de forma directa, es decir, sin intervenci\u00f3n de los ayuntamientos antes mencionados, lo cual se concretar\u00e1 en los pr\u00f3ximos meses tras la consulta que realizar\u00e1 el Instituto Electoral y de Participaci\u00f3n Ciudad anan\u00e1 de Jalisco (IEPC).<\/p>\n<p><strong>Abrumante condici\u00f3n<\/strong><\/p>\n<p>El hartazgo de la comunidad por no recibir servicios de calidad fue el detonante del movimiento.<\/p>\n<p>En este sitio, no s\u00f3lo no hay trabajo, no hay agua potable ni drenaje, ni siquiera hay medicinas ni doctores que atiendan a las personas.<\/p>\n<p>Quienes padecen alguna enfermedad o sufren un accidente, quedan a su suerte.<\/p>\n<p>Aquellas mujeres que al dar a luz necesitan atenci\u00f3n m\u00e9dica urgente deben viajar m\u00e1s de tres horas a trav\u00e9s de un camino accidentado, lleno de agujeros y trampas hasta el centro de salud m\u00e1s cercano.<\/p>\n<p>La inseguridad que viven es evidente.<\/p>\n<p>No hay patrullaje por parte de autoridad alguna. Por ello, conformar\u00e1n su propia guardia comunitaria tambi\u00e9n, quiz\u00e1 previo a la declaratoria de un nuevo r\u00e9gimen, seg\u00fan se dijo a este reportero, pues se sienten en estado de indefensi\u00f3n ya que no hay quien solucione ning\u00fan conflicto en esta zona, al menos no por parte de las autoridades civiles tradicionales.<\/p>\n<p><a href=\"https:\/\/pagina24jalisco.com.mx\/2019\/07\/29\/local\/wixarikas-conformaran-un-gobierno-autonomo\/\">https:\/\/pagina24jalisco.com.mx\/2019\/07\/29\/local\/wixarikas-conformaran-un-gobierno-autonomo\/<\/a><\/p>\n","protected":false},"excerpt":{"rendered":"<p>Foto: Rafael Hern\u00e9ndez Guizar La falta de atenci\u00f3n por el gobierno estatal y el desprecio de los ayuntamientos, hizo que la comunidad Wixarika buscara un gobierno aut\u00f3nomo que rompa de &hellip; <a href=\"https:\/\/www.grieta.org.mx\/index.php\/2019\/07\/29\/wixarikas-conformaran-un-gobierno-autonomo-jalisco\/\" class=\"more-link\">Leer m\u00e1s<\/a><\/p>\n","protected":false},"author":2,"featured_media":37361,"comment_status":"closed","ping_status":"closed","sticky":false,"template":"","format":"standard","meta":{"ngg_post_thumbnail":0,"_jetpack_newsletter_access":"","_jetpack_dont_email_post_to_subs":false,"_jetpack_newsletter_tier_id":0,"_jetpack_memberships_contains_paywalled_content":false,"_jetpack_memberships_contains_paid_content":false,"footnotes":""},"categories":[80,2783,20,2],"tags":[474,790],"class_list":["post-37360","post","type-post","status-publish","format-standard","has-post-thumbnail","hentry","category-cintillo","category-construccion-de-la-autonomia-en-jalisco","category-jalisco","category-noticias-nacionales","tag-autonomia","tag-pueblos-indigenas","entry"],"jetpack_featured_media_url":"https:\/\/www.grieta.org.mx\/wp-content\/uploads\/2019\/08\/02-1.jpg","jetpack_sharing_enabled":true,"jetpack_shortlink":"https:\/\/wp.me\/p7ZJR4-9IA","jetpack_likes_enabled":false,"jetpack-related-posts":[{"id":33773,"url":"https:\/\/www.grieta.org.mx\/index.php\/2019\/05\/07\/exigen-restitucion-de-tierras-para-wixarikas-jalisco\/","url_meta":{"origin":37360,"position":0},"title":"Exigen restituci\u00f3n de tierras para wix\u00e1rikas  (Jalisco)","author":"grieta","date":"7 mayo, 2019","format":false,"excerpt":"Martha Hern\u00e1ndez Fuentes \/ NTR noticias Aunque hay resoluciones legales a favor de las comunidades ind\u00edgenas de San Sebasti\u00e1n Teponahuaxtl\u00e1n y Tuxpan de Bola\u00f1os \u2013se ubican en Mezquitic y Bola\u00f1os, respectivamente\u2013 para que ganaderos del poblado de Huajimic, Nayarit, les restituyan tierras invadidas desde hace d\u00e9cadas, autoridades locales y federales\u2026","rel":"","context":"En &quot;3. Wix\u00e1rikas&quot;","block_context":{"text":"3. Wix\u00e1rikas","link":"https:\/\/www.grieta.org.mx\/index.php\/category\/espejos-de-la-resistencia\/3-wixarikas\/"},"img":{"alt_text":"","src":"https:\/\/i0.wp.com\/www.grieta.org.mx\/wp-content\/uploads\/2019\/05\/2019-05-06_11-05-05___4225.jpg?resize=350%2C200&ssl=1","width":350,"height":200,"srcset":"https:\/\/i0.wp.com\/www.grieta.org.mx\/wp-content\/uploads\/2019\/05\/2019-05-06_11-05-05___4225.jpg?resize=350%2C200&ssl=1 1x, https:\/\/i0.wp.com\/www.grieta.org.mx\/wp-content\/uploads\/2019\/05\/2019-05-06_11-05-05___4225.jpg?resize=525%2C300&ssl=1 1.5x, https:\/\/i0.wp.com\/www.grieta.org.mx\/wp-content\/uploads\/2019\/05\/2019-05-06_11-05-05___4225.jpg?resize=700%2C400&ssl=1 2x"},"classes":[]},{"id":64158,"url":"https:\/\/www.grieta.org.mx\/index.php\/2022\/05\/06\/la-caravana-wixarika-llego-a-guadalajara-despues-de-11-dias-de-caminata-pretenden-llegar-hasta-palacio-nacional-y-reunirse-con-lopez-obrador-jalisco\/","url_meta":{"origin":37360,"position":1},"title":"La caravana Wix\u00e1rika lleg\u00f3 a Guadalajara despu\u00e9s de 11 d\u00edas de caminata, pretenden llegar hasta Palacio Nacional y reunirse con L\u00f3pez Obrador (Jalisco)","author":"grieta","date":"6 mayo, 2022","format":false,"excerpt":"Foto: Antonio MIramontes \/ El Occidental Viridiana Saavera \/ EL Occidental Con la frente en alto y buen \u00e1nimo, lleg\u00f3 al\u00a0\u00c1rea Metropolitana de Guadalajara\u00a0la\u00a0Caravana de la Dignidad y la Conciencia Wix\u00e1rika, integrada por autoridades tradicionales y agrarias de San Sebasti\u00e1n Teponahuaxtl\u00e1n y Tuxpan de Bola\u00f1os, que desde hace 11 d\u00edas\u2026","rel":"","context":"En &quot;3. Wix\u00e1rikas&quot;","block_context":{"text":"3. Wix\u00e1rikas","link":"https:\/\/www.grieta.org.mx\/index.php\/category\/espejos-de-la-resistencia\/3-wixarikas\/"},"img":{"alt_text":"","src":"https:\/\/i0.wp.com\/www.grieta.org.mx\/wp-content\/uploads\/2022\/05\/Los-pueblos.jpg?resize=350%2C200&ssl=1","width":350,"height":200,"srcset":"https:\/\/i0.wp.com\/www.grieta.org.mx\/wp-content\/uploads\/2022\/05\/Los-pueblos.jpg?resize=350%2C200&ssl=1 1x, https:\/\/i0.wp.com\/www.grieta.org.mx\/wp-content\/uploads\/2022\/05\/Los-pueblos.jpg?resize=525%2C300&ssl=1 1.5x, https:\/\/i0.wp.com\/www.grieta.org.mx\/wp-content\/uploads\/2022\/05\/Los-pueblos.jpg?resize=700%2C400&ssl=1 2x"},"classes":[]},{"id":55501,"url":"https:\/\/www.grieta.org.mx\/index.php\/2020\/11\/25\/a-siete-anos-de-autonomia-continuan-violaciones-a-derechos-de-comunidad-wixarica-en-azqueltan\/","url_meta":{"origin":37360,"position":2},"title":"A siete a\u00f1os de autonom\u00eda, contin\u00faan violaciones a derechos de comunidad wix\u00e1rica en Azquelt\u00e1n","author":"grieta","date":"25 noviembre, 2020","format":false,"excerpt":"Foto: Especial Lauro Rodr\u00edguez \/ El Diario NTR La comunidad\u00a0wix\u00e1rika\u00a0de San Lorenzo de\u00a0Azquelt\u00e1n, ubicada en Villa Guerrero,\u00a0cumpli\u00f3 este mes\u00a0siete\u00a0a\u00f1os\u00a0de autonom\u00eda, pero las violaciones a sus derechos humanos\u00a0contin\u00faan, determinaron organizaciones de la sociedad civil. En la defensa del territorio y el reconocimiento de sus derechos como pueblo ind\u00edgena, los pobladores han\u2026","rel":"","context":"En &quot;3. Wix\u00e1rikas&quot;","block_context":{"text":"3. Wix\u00e1rikas","link":"https:\/\/www.grieta.org.mx\/index.php\/category\/espejos-de-la-resistencia\/3-wixarikas\/"},"img":{"alt_text":"","src":"https:\/\/i0.wp.com\/www.grieta.org.mx\/wp-content\/uploads\/2020\/11\/2020-11-24_10-11-26___3692.jpg?resize=350%2C200&ssl=1","width":350,"height":200,"srcset":"https:\/\/i0.wp.com\/www.grieta.org.mx\/wp-content\/uploads\/2020\/11\/2020-11-24_10-11-26___3692.jpg?resize=350%2C200&ssl=1 1x, https:\/\/i0.wp.com\/www.grieta.org.mx\/wp-content\/uploads\/2020\/11\/2020-11-24_10-11-26___3692.jpg?resize=525%2C300&ssl=1 1.5x, https:\/\/i0.wp.com\/www.grieta.org.mx\/wp-content\/uploads\/2020\/11\/2020-11-24_10-11-26___3692.jpg?resize=700%2C400&ssl=1 2x"},"classes":[]},{"id":51428,"url":"https:\/\/www.grieta.org.mx\/index.php\/2020\/06\/25\/director-wixarika-de-escuela-rural-en-bolanos-jalisco-denuncia-que-tiene-11-meses-sin-pago-y-sin-una-respuesta-de-la-sej\/","url_meta":{"origin":37360,"position":3},"title":"Director Wix\u00e1rika de Escuela Rural en Bola\u00f1os, Jalisco, denuncia que tiene 11 meses sin pago y sin una respuesta de la SEJ","author":"grieta","date":"25 junio, 2020","format":false,"excerpt":"Foto: Zona Docs Melecio Carrillo L\u00f3pez, director rural de la escuela primaria Intercultural Biling\u00fce Progreso del municipio de Bola\u00f1os, Jalisco, no ha recibido pago alguno desde el pasado 16 de agosto de 2019; no obstante, sigue laborando y espera que la Delegaci\u00f3n Regional de la Secretaria de Educaci\u00f3n P\u00fablica en\u2026","rel":"","context":"En &quot;CINTILLO&quot;","block_context":{"text":"CINTILLO","link":"https:\/\/www.grieta.org.mx\/index.php\/category\/cintillo\/"},"img":{"alt_text":"","src":"https:\/\/i0.wp.com\/www.grieta.org.mx\/wp-content\/uploads\/2020\/06\/photo5165696418785110094-1200x640.jpg?resize=350%2C200&ssl=1","width":350,"height":200,"srcset":"https:\/\/i0.wp.com\/www.grieta.org.mx\/wp-content\/uploads\/2020\/06\/photo5165696418785110094-1200x640.jpg?resize=350%2C200&ssl=1 1x, https:\/\/i0.wp.com\/www.grieta.org.mx\/wp-content\/uploads\/2020\/06\/photo5165696418785110094-1200x640.jpg?resize=525%2C300&ssl=1 1.5x, https:\/\/i0.wp.com\/www.grieta.org.mx\/wp-content\/uploads\/2020\/06\/photo5165696418785110094-1200x640.jpg?resize=700%2C400&ssl=1 2x, https:\/\/i0.wp.com\/www.grieta.org.mx\/wp-content\/uploads\/2020\/06\/photo5165696418785110094-1200x640.jpg?resize=1050%2C600&ssl=1 3x"},"classes":[]},{"id":41055,"url":"https:\/\/www.grieta.org.mx\/index.php\/2019\/11\/04\/atacan-nuevamente-a-los-indigenas-wixarika-tepehuana-de-san-lorenzo-azqueltan-jalisco\/","url_meta":{"origin":37360,"position":4},"title":"Atacan nuevamente a los ind\u00edgenas wix\u00e1rika-tepehuana de San Lorenzo Azquelt\u00e1n (Jalisco)","author":"grieta","date":"4 noviembre, 2019","format":false,"excerpt":"Foto: Mario Marlo Santiago Navarro F \/ Avispa Media Un grupo armado secuestra y golpea a miembros de la comunidad ind\u00edgena wix\u00e1rika-tepehuana de San Lorenzo Azquelt\u00e1n, ubicada en \u00a0el municipio de Villa Guerrero, en el norte de Jalisco, Guadalajara. En un comunicado emitido este 3 de noviembre, los ind\u00edgenas han\u2026","rel":"","context":"En &quot;CINTILLO&quot;","block_context":{"text":"CINTILLO","link":"https:\/\/www.grieta.org.mx\/index.php\/category\/cintillo\/"},"img":{"alt_text":"","src":"https:\/\/i0.wp.com\/www.grieta.org.mx\/wp-content\/uploads\/2019\/11\/San-Lorenzo-de-Atzquelt%C3%A1n-43.jpg?resize=350%2C200&ssl=1","width":350,"height":200,"srcset":"https:\/\/i0.wp.com\/www.grieta.org.mx\/wp-content\/uploads\/2019\/11\/San-Lorenzo-de-Atzquelt%C3%A1n-43.jpg?resize=350%2C200&ssl=1 1x, https:\/\/i0.wp.com\/www.grieta.org.mx\/wp-content\/uploads\/2019\/11\/San-Lorenzo-de-Atzquelt%C3%A1n-43.jpg?resize=525%2C300&ssl=1 1.5x, https:\/\/i0.wp.com\/www.grieta.org.mx\/wp-content\/uploads\/2019\/11\/San-Lorenzo-de-Atzquelt%C3%A1n-43.jpg?resize=700%2C400&ssl=1 2x, https:\/\/i0.wp.com\/www.grieta.org.mx\/wp-content\/uploads\/2019\/11\/San-Lorenzo-de-Atzquelt%C3%A1n-43.jpg?resize=1050%2C600&ssl=1 3x"},"classes":[]},{"id":22574,"url":"https:\/\/www.grieta.org.mx\/index.php\/2018\/04\/19\/exigimos-presentacion-con-vida-del-concejal-de-azqueltan-catarino-marquez-y-nuestro-companero-noe-aguilar-comunero-de-azqueltan\/","url_meta":{"origin":37360,"position":5},"title":"Exigimos presentaci\u00f3n con vida del Concejal de Azqueltan Catarino M\u00e1rquez y nuestro compa\u00f1ero No\u00e9 Aguilar, comunero de Azqueltan","author":"grieta","date":"19 abril, 2018","format":false,"excerpt":"El d\u00eda de hoy a las 13:00 hrs aproximadamente, en el municipio de Temasti\u00e1n, Jalisco, personas desconocidas y armadas subieron a una camioneta Toyota Hilux color gris doble cabina y se llevaron, al parecer, con rumbo a San Mart\u00edn de Bola\u00f1os, Jalisco, al Concejal de San Lorenzo de Azqueltan, municipio\u2026","rel":"","context":"En &quot;CIG&quot;","block_context":{"text":"CIG","link":"https:\/\/www.grieta.org.mx\/index.php\/category\/cig\/"},"img":{"alt_text":"","src":"https:\/\/i0.wp.com\/www.grieta.org.mx\/wp-content\/uploads\/2018\/04\/logo-CNI-To.png?resize=350%2C200&ssl=1","width":350,"height":200,"srcset":"https:\/\/i0.wp.com\/www.grieta.org.mx\/wp-content\/uploads\/2018\/04\/logo-CNI-To.png?resize=350%2C200&ssl=1 1x, https:\/\/i0.wp.com\/www.grieta.org.mx\/wp-content\/uploads\/2018\/04\/logo-CNI-To.png?resize=525%2C300&ssl=1 1.5x"},"classes":[]}],"_links":{"self":[{"href":"https:\/\/www.grieta.org.mx\/index.php\/wp-json\/wp\/v2\/posts\/37360","targetHints":{"allow":["GET"]}}],"collection":[{"href":"https:\/\/www.grieta.org.mx\/index.php\/wp-json\/wp\/v2\/posts"}],"about":[{"href":"https:\/\/www.grieta.org.mx\/index.php\/wp-json\/wp\/v2\/types\/post"}],"author":[{"embeddable":true,"href":"https:\/\/www.grieta.org.mx\/index.php\/wp-json\/wp\/v2\/users\/2"}],"replies":[{"embeddable":true,"href":"https:\/\/www.grieta.org.mx\/index.php\/wp-json\/wp\/v2\/comments?post=37360"}],"version-history":[{"count":1,"href":"https:\/\/www.grieta.org.mx\/index.php\/wp-json\/wp\/v2\/posts\/37360\/revisions"}],"predecessor-version":[{"id":37362,"href":"https:\/\/www.grieta.org.mx\/index.php\/wp-json\/wp\/v2\/posts\/37360\/revisions\/37362"}],"wp:featuredmedia":[{"embeddable":true,"href":"https:\/\/www.grieta.org.mx\/index.php\/wp-json\/wp\/v2\/media\/37361"}],"wp:attachment":[{"href":"https:\/\/www.grieta.org.mx\/index.php\/wp-json\/wp\/v2\/media?parent=37360"}],"wp:term":[{"taxonomy":"category","embeddable":true,"href":"https:\/\/www.grieta.org.mx\/index.php\/wp-json\/wp\/v2\/categories?post=37360"},{"taxonomy":"post_tag","embeddable":true,"href":"https:\/\/www.grieta.org.mx\/index.php\/wp-json\/wp\/v2\/tags?post=37360"}],"curies":[{"name":"wp","href":"https:\/\/api.w.org\/{rel}","templated":true}]}}