{"id":37343,"date":"2019-07-21T17:26:55","date_gmt":"2019-07-21T22:26:55","guid":{"rendered":"http:\/\/www.grieta.org.mx\/?p=37343"},"modified":"2019-08-02T17:37:36","modified_gmt":"2019-08-02T22:37:36","slug":"el-issste-abandonado-nayarit","status":"publish","type":"post","link":"https:\/\/www.grieta.org.mx\/index.php\/2019\/07\/21\/el-issste-abandonado-nayarit\/","title":{"rendered":"El ISSSTE abandonado (Nayarit)"},"content":{"rendered":"<p><img loading=\"lazy\" decoding=\"async\" data-attachment-id=\"37344\" data-permalink=\"https:\/\/www.grieta.org.mx\/index.php\/2019\/07\/21\/el-issste-abandonado-nayarit\/gente\/\" data-orig-file=\"https:\/\/www.grieta.org.mx\/wp-content\/uploads\/2019\/08\/gente.jpg\" data-orig-size=\"800,541\" data-comments-opened=\"0\" data-image-meta=\"{&quot;aperture&quot;:&quot;0&quot;,&quot;credit&quot;:&quot;&quot;,&quot;camera&quot;:&quot;&quot;,&quot;caption&quot;:&quot;&quot;,&quot;created_timestamp&quot;:&quot;0&quot;,&quot;copyright&quot;:&quot;&quot;,&quot;focal_length&quot;:&quot;0&quot;,&quot;iso&quot;:&quot;0&quot;,&quot;shutter_speed&quot;:&quot;0&quot;,&quot;title&quot;:&quot;&quot;,&quot;orientation&quot;:&quot;0&quot;}\" data-image-title=\"gente\" data-image-description=\"\" data-image-caption=\"\" data-medium-file=\"https:\/\/www.grieta.org.mx\/wp-content\/uploads\/2019\/08\/gente-300x203.jpg\" data-large-file=\"https:\/\/www.grieta.org.mx\/wp-content\/uploads\/2019\/08\/gente.jpg\" class=\" wp-image-37344 aligncenter\" src=\"http:\/\/www.grieta.org.mx\/wp-content\/uploads\/2019\/08\/gente.jpg\" alt=\"\" width=\"801\" height=\"542\" srcset=\"https:\/\/www.grieta.org.mx\/wp-content\/uploads\/2019\/08\/gente.jpg 800w, https:\/\/www.grieta.org.mx\/wp-content\/uploads\/2019\/08\/gente-300x203.jpg 300w, https:\/\/www.grieta.org.mx\/wp-content\/uploads\/2019\/08\/gente-768x519.jpg 768w, https:\/\/www.grieta.org.mx\/wp-content\/uploads\/2019\/08\/gente-739x500.jpg 739w\" sizes=\"auto, (max-width: 801px) 100vw, 801px\" \/><\/p>\n<p>Javier Rojo Fregoso \/ Realidades de Nayarit<\/p>\n<p>Tepic, Nayarit.- Domingo 21 de julio del 2019.- El ISSSTE en Nayarit cada d\u00eda est\u00e1 peor, lo han venido se\u00f1alando algunos profesionales de la medicina, doctores, enfermeras y hasta empresarios prestadores de diversos servicios a dicha instituci\u00f3n como las empresas que otorgan servicios como tomograf\u00edas y las famosas resonancias magn\u00e9ticas entre otros muchos estudios m\u00e1s que ya se han cancelado \u201cde un plumazo\u201d ante la falta de presupuesto anual para dicha instituci\u00f3n que cada d\u00eda est\u00e1 m\u00e1s y m\u00e1s abandonada en todos los sentidos y prueba de ello es que quien fung\u00eda hasta hace algunos d\u00edas como DELEGADO ESTATAL DEL ISSSTE, el Doctor, Roberto Fierros Aroza, ya no est\u00e1 en el cargo, a ra\u00edz de la declaraci\u00f3n o del decreto que dio a conocer a la naci\u00f3n el Presidente de M\u00e9xico, el Licenciado, Andr\u00e9s Manuel L\u00f3pez Obrador, \u201dquien de un plumazo\u201d DESAPARECI\u00d3 todas las delegaciones federales, lo que obligo a que Fierros Aroza, se quedara sin \u201dmiel y sin j\u00edcara\u201d y tuvo que al abandonar dicha responsabilidad que fuera bastante cuestionada, porque consideraban algunos sectores importantes de la vida pol\u00edtica en la entidad que estaba vulnerando los derechos laborales y sindicales de los trabajadores en general del ISSSTE que rechazaron abiertamente al doctor, Fierros, porque adem\u00e1s advert\u00edan que no era posible que el doctor Fierros Aroza fuera delegado del ISSSTE y su esposa, la actual Secretaria General del Sindicato de trabajadores del ISSSTE.<\/p>\n<p>Y en resumidas cuentas advert\u00edan que no era ni justo ni legalmente moral, que el esposo fuera el que representaba a la parte patronal y la esposa a los trabajadores y por ello la orden Presidencial, \u201clleg\u00f3 en su justo momento\u201d y a favor de los quejosos trabajadores del ISSSTE, y Fierros Aroza sali\u00f3 con \u201dla cola entre las patas\u201d de dicha delegaci\u00f3n y hasta estos momentos se desconoce en d\u00f3nde est\u00e1 o para d\u00f3nde lo mandaron.<\/p>\n<p>Tambi\u00e9n pudimos saber que ya se est\u00e1 conformando un sindicato independiente del ISSSTE en toda la Naci\u00f3n y obviamente en Nayarit tambi\u00e9n y a estas alturas nos dicen que ya hay una naciente agrupaci\u00f3n independiente de trabajadores que buscan formar un sindicato de trabajadores del ISSSTE \u201cINDEPENDIENTE\u201d que ha venido encabezando el Doctor, Sa\u00fal Robles\u2014actualmente no sabemos c\u00f3mo esta Fierros Aroza, laboralmente, ya que renunci\u00f3 al sindicato para asumir la delegaci\u00f3n y por m\u00e1s de 20 a\u00f1os ha estado o estaba cobrando como jefe de cirug\u00edas y ahora no se sabe d\u00f3nde qued\u00f3 laboralmente porque dicen algunos conocedores, que sigue cobrando a pesar de haber renunciado al sindicato del ISSSTE.<\/p>\n<p><a href=\"http:\/\/realidadesperiodico.com\/local\/el-issste-abandonado\/\">http:\/\/realidadesperiodico.com\/local\/el-issste-abandonado\/<\/a><\/p>\n","protected":false},"excerpt":{"rendered":"<p>Javier Rojo Fregoso \/ Realidades de Nayarit Tepic, Nayarit.- Domingo 21 de julio del 2019.- El ISSSTE en Nayarit cada d\u00eda est\u00e1 peor, lo han venido se\u00f1alando algunos profesionales de &hellip; <a href=\"https:\/\/www.grieta.org.mx\/index.php\/2019\/07\/21\/el-issste-abandonado-nayarit\/\" class=\"more-link\">Leer m\u00e1s<\/a><\/p>\n","protected":false},"author":2,"featured_media":37344,"comment_status":"closed","ping_status":"closed","sticky":false,"template":"","format":"standard","meta":{"ngg_post_thumbnail":0,"_jetpack_newsletter_access":"","_jetpack_dont_email_post_to_subs":false,"_jetpack_newsletter_tier_id":0,"_jetpack_memberships_contains_paywalled_content":false,"_jetpack_memberships_contains_paid_content":false,"footnotes":""},"categories":[80,918,2573,23,2,83],"tags":[2367,492,2576],"class_list":["post-37343","post","type-post","status-publish","format-standard","has-post-thumbnail","hentry","category-cintillo","category-privatizacion-del-sector-salud","category-crisis-del-sector-salud-en-nayarit","category-nayarit","category-noticias-nacionales","category-temas-nacionales","tag-crisis-en-el-sector-salud","tag-issste","tag-reduccion-de-presupuesto-al-sector-salud","entry"],"jetpack_featured_media_url":"https:\/\/www.grieta.org.mx\/wp-content\/uploads\/2019\/08\/gente.jpg","jetpack_sharing_enabled":true,"jetpack_shortlink":"https:\/\/wp.me\/p7ZJR4-9Ij","jetpack_likes_enabled":false,"jetpack-related-posts":[{"id":60258,"url":"https:\/\/www.grieta.org.mx\/index.php\/2021\/06\/27\/con-marcha-exigen-a-issste-en-nayarit-medicamentos-para-enfermos-de-cancer\/","url_meta":{"origin":37343,"position":0},"title":"Con marcha exigen a ISSSTE en Nayarit medicamentos para enfermos de c\u00e1ncer","author":"grieta","date":"27 junio, 2021","format":false,"excerpt":"Foto: Cris Ben\u00edtez Crys Ben\u00edtez \/ El Occidental TEPIC, Nayarit (OEM-Informex).- Este domingo por la ma\u00f1ana pese a la lluvia, decenas de familiares de enfermos de c\u00e1ncer y trasplantados, realizaron una marcha desde las instalaciones de Cancerolog\u00eda hasta el Catedral, deteni\u00e9ndose en Palacio de Gobierno, para exigir al Instituto de\u2026","rel":"","context":"En &quot;CINTILLO&quot;","block_context":{"text":"CINTILLO","link":"https:\/\/www.grieta.org.mx\/index.php\/category\/cintillo\/"},"img":{"alt_text":"","src":"https:\/\/i0.wp.com\/www.grieta.org.mx\/wp-content\/uploads\/2021\/07\/Marcha-para-exigir-medicamentos-para-enfermos-de-cancer-en-Nayarit.jpg?resize=350%2C200&ssl=1","width":350,"height":200,"srcset":"https:\/\/i0.wp.com\/www.grieta.org.mx\/wp-content\/uploads\/2021\/07\/Marcha-para-exigir-medicamentos-para-enfermos-de-cancer-en-Nayarit.jpg?resize=350%2C200&ssl=1 1x, https:\/\/i0.wp.com\/www.grieta.org.mx\/wp-content\/uploads\/2021\/07\/Marcha-para-exigir-medicamentos-para-enfermos-de-cancer-en-Nayarit.jpg?resize=525%2C300&ssl=1 1.5x, https:\/\/i0.wp.com\/www.grieta.org.mx\/wp-content\/uploads\/2021\/07\/Marcha-para-exigir-medicamentos-para-enfermos-de-cancer-en-Nayarit.jpg?resize=700%2C400&ssl=1 2x"},"classes":[]},{"id":53003,"url":"https:\/\/www.grieta.org.mx\/index.php\/2020\/09\/04\/cierran-el-nuevo-hospital-del-issste-nayarit\/","url_meta":{"origin":37343,"position":1},"title":"Cierran el nuevo hospital del ISSSTE (Nayarit)","author":"grieta","date":"4 septiembre, 2020","format":false,"excerpt":"Foto: Realidades de Nayarit Durante 5 d\u00edas no funcionar\u00e1 porque culminaron los contratos del personal m\u00e9dico que laboran all\u00ed Mildra Ben\u00edtez Robledo \/ Realidades de Nayarit Tepic, Nayarit.- Viernes 04 de septiembre del 2020.- El hospital del ISSSTE ubicado en la zona de La Cantera, Tepic, mismo que atiende a\u2026","rel":"","context":"En &quot;CINTILLO&quot;","block_context":{"text":"CINTILLO","link":"https:\/\/www.grieta.org.mx\/index.php\/category\/cintillo\/"},"img":{"alt_text":"","src":"https:\/\/i0.wp.com\/www.grieta.org.mx\/wp-content\/uploads\/2020\/09\/hospital.jpg?resize=350%2C200&ssl=1","width":350,"height":200,"srcset":"https:\/\/i0.wp.com\/www.grieta.org.mx\/wp-content\/uploads\/2020\/09\/hospital.jpg?resize=350%2C200&ssl=1 1x, https:\/\/i0.wp.com\/www.grieta.org.mx\/wp-content\/uploads\/2020\/09\/hospital.jpg?resize=525%2C300&ssl=1 1.5x, https:\/\/i0.wp.com\/www.grieta.org.mx\/wp-content\/uploads\/2020\/09\/hospital.jpg?resize=700%2C400&ssl=1 2x"},"classes":[]},{"id":36647,"url":"https:\/\/www.grieta.org.mx\/index.php\/2019\/07\/16\/enfrentan-sindicalizados-a-delegado-del-issste-en-nayarit\/","url_meta":{"origin":37343,"position":2},"title":"Enfrentan sindicalizados a delegado del ISSSTE en Nayarit","author":"grieta","date":"16 julio, 2019","format":false,"excerpt":"Ante la negativa del Delegado del ISSSTE en Nayarit, Guillermo Rubio de recibir al l\u00edder nacional del SNADTISSSTE, Rub\u00e9n Alvarado, sindicalizados y autoridades se enfrentaron.\u00a0 Oscar Gil \/ NCC.MX Tepic, Nayarit, noticias.-Este martes 16 de julio, Rub\u00e9n Alvarado, Secretario General del Sindicato Nacional Aut\u00e9ntico y Democr\u00e1tico de los Trabajadores del\u2026","rel":"","context":"En &quot;CINTILLO&quot;","block_context":{"text":"CINTILLO","link":"https:\/\/www.grieta.org.mx\/index.php\/category\/cintillo\/"},"img":{"alt_text":"","src":"https:\/\/i0.wp.com\/www.grieta.org.mx\/wp-content\/uploads\/2019\/07\/1563329747.png?resize=350%2C200&ssl=1","width":350,"height":200,"srcset":"https:\/\/i0.wp.com\/www.grieta.org.mx\/wp-content\/uploads\/2019\/07\/1563329747.png?resize=350%2C200&ssl=1 1x, https:\/\/i0.wp.com\/www.grieta.org.mx\/wp-content\/uploads\/2019\/07\/1563329747.png?resize=525%2C300&ssl=1 1.5x, https:\/\/i0.wp.com\/www.grieta.org.mx\/wp-content\/uploads\/2019\/07\/1563329747.png?resize=700%2C400&ssl=1 2x, https:\/\/i0.wp.com\/www.grieta.org.mx\/wp-content\/uploads\/2019\/07\/1563329747.png?resize=1050%2C600&ssl=1 3x"},"classes":[]},{"id":46525,"url":"https:\/\/www.grieta.org.mx\/index.php\/2020\/03\/13\/derechohabientes-del-issste-ven-en-riesgo-su-vida-por-la-falta-de-medicos-e-insumos-nayarit\/","url_meta":{"origin":37343,"position":3},"title":"Derechohabientes del ISSSTE ven en riesgo su vida por la falta de m\u00e9dicos e insumos (Nayarit)","author":"grieta","date":"13 marzo, 2020","format":false,"excerpt":"Foto: Ilustrativa Misael Santana Huerta \/ Realidades de Nayarit Tepic. Nayarit. A 13 de Marzo de 2020. Los pacientes que llegan al ISSSTE, al pisar el interior para ser valorado, ante la falta de medicamentos y atenci\u00f3n m\u00e9dica, no asegura salir con vida. Esta situaci\u00f3n se da m\u00e1s los s\u00e1bados\u2026","rel":"","context":"En &quot;CINTILLO&quot;","block_context":{"text":"CINTILLO","link":"https:\/\/www.grieta.org.mx\/index.php\/category\/cintillo\/"},"img":{"alt_text":"","src":"https:\/\/i0.wp.com\/www.grieta.org.mx\/wp-content\/uploads\/2020\/03\/ISSSTE-Tepic.jpg?resize=350%2C200&ssl=1","width":350,"height":200,"srcset":"https:\/\/i0.wp.com\/www.grieta.org.mx\/wp-content\/uploads\/2020\/03\/ISSSTE-Tepic.jpg?resize=350%2C200&ssl=1 1x, https:\/\/i0.wp.com\/www.grieta.org.mx\/wp-content\/uploads\/2020\/03\/ISSSTE-Tepic.jpg?resize=525%2C300&ssl=1 1.5x, https:\/\/i0.wp.com\/www.grieta.org.mx\/wp-content\/uploads\/2020\/03\/ISSSTE-Tepic.jpg?resize=700%2C400&ssl=1 2x"},"classes":[]},{"id":48604,"url":"https:\/\/www.grieta.org.mx\/index.php\/2020\/04\/28\/pide-universidad-de-nayarit-a-sector-salud-retirar-internos-durante-pandemia\/","url_meta":{"origin":37343,"position":4},"title":"Pide Universidad de Nayarit a sector Salud retirar internos durante pandemia","author":"grieta","date":"28 abril, 2020","format":false,"excerpt":"Foto: Cortes\u00eda Crys Ben\u00edtez \/ El Occidental Tepic, Nayarit.- Derivado del peligro que representa que los estudiantes se encuentren durante la pandemia, terminando sus estad\u00edas o servicio social, la Universidad Aut\u00f3noma de Nayarit (UAN), se pronuncia en contra de que sigan asistiendo, ya que ellos como instituci\u00f3n est\u00e1n obligada a\u2026","rel":"","context":"En &quot;CINTILLO&quot;","block_context":{"text":"CINTILLO","link":"https:\/\/www.grieta.org.mx\/index.php\/category\/cintillo\/"},"img":{"alt_text":"","src":"https:\/\/i0.wp.com\/www.grieta.org.mx\/wp-content\/uploads\/2020\/05\/uan.jpg?resize=350%2C200&ssl=1","width":350,"height":200,"srcset":"https:\/\/i0.wp.com\/www.grieta.org.mx\/wp-content\/uploads\/2020\/05\/uan.jpg?resize=350%2C200&ssl=1 1x, https:\/\/i0.wp.com\/www.grieta.org.mx\/wp-content\/uploads\/2020\/05\/uan.jpg?resize=525%2C300&ssl=1 1.5x, https:\/\/i0.wp.com\/www.grieta.org.mx\/wp-content\/uploads\/2020\/05\/uan.jpg?resize=700%2C400&ssl=1 2x"},"classes":[]},{"id":56632,"url":"https:\/\/www.grieta.org.mx\/index.php\/2021\/01\/29\/denuncia-trabajadores-issste-adscritos-a-la-clinica-catra-que-no-son-tomados-en-cuenta-para-vacuna-contra-el-covid-19-nayarit\/","url_meta":{"origin":37343,"position":5},"title":"Denuncia trabajadores ISSSTE adscritos a la Cl\u00ednica Catra que no son tomados en cuenta para vacuna contra el Covid-19 (Nayarit)","author":"grieta","date":"29 enero, 2021","format":false,"excerpt":"Foto: Realidades de Nayarit Al llegar la vacuna, fueron relegados\u2026\u2026. Y privilegiaron gente del Hospital, pero muchos de ellos confinados, sin tener contacto con pacientes del Instituto, otros con trabajo eventual, otros comisionados al sindicato sin tener el contacto a diario con pacientes que han sido infectados por la enfermedad\u2026","rel":"","context":"En &quot;CINTILLO&quot;","block_context":{"text":"CINTILLO","link":"https:\/\/www.grieta.org.mx\/index.php\/category\/cintillo\/"},"img":{"alt_text":"","src":"https:\/\/i0.wp.com\/www.grieta.org.mx\/wp-content\/uploads\/2021\/02\/CATRA-2.jpg?resize=350%2C200&ssl=1","width":350,"height":200,"srcset":"https:\/\/i0.wp.com\/www.grieta.org.mx\/wp-content\/uploads\/2021\/02\/CATRA-2.jpg?resize=350%2C200&ssl=1 1x, https:\/\/i0.wp.com\/www.grieta.org.mx\/wp-content\/uploads\/2021\/02\/CATRA-2.jpg?resize=525%2C300&ssl=1 1.5x, https:\/\/i0.wp.com\/www.grieta.org.mx\/wp-content\/uploads\/2021\/02\/CATRA-2.jpg?resize=700%2C400&ssl=1 2x"},"classes":[]}],"_links":{"self":[{"href":"https:\/\/www.grieta.org.mx\/index.php\/wp-json\/wp\/v2\/posts\/37343","targetHints":{"allow":["GET"]}}],"collection":[{"href":"https:\/\/www.grieta.org.mx\/index.php\/wp-json\/wp\/v2\/posts"}],"about":[{"href":"https:\/\/www.grieta.org.mx\/index.php\/wp-json\/wp\/v2\/types\/post"}],"author":[{"embeddable":true,"href":"https:\/\/www.grieta.org.mx\/index.php\/wp-json\/wp\/v2\/users\/2"}],"replies":[{"embeddable":true,"href":"https:\/\/www.grieta.org.mx\/index.php\/wp-json\/wp\/v2\/comments?post=37343"}],"version-history":[{"count":1,"href":"https:\/\/www.grieta.org.mx\/index.php\/wp-json\/wp\/v2\/posts\/37343\/revisions"}],"predecessor-version":[{"id":37345,"href":"https:\/\/www.grieta.org.mx\/index.php\/wp-json\/wp\/v2\/posts\/37343\/revisions\/37345"}],"wp:featuredmedia":[{"embeddable":true,"href":"https:\/\/www.grieta.org.mx\/index.php\/wp-json\/wp\/v2\/media\/37344"}],"wp:attachment":[{"href":"https:\/\/www.grieta.org.mx\/index.php\/wp-json\/wp\/v2\/media?parent=37343"}],"wp:term":[{"taxonomy":"category","embeddable":true,"href":"https:\/\/www.grieta.org.mx\/index.php\/wp-json\/wp\/v2\/categories?post=37343"},{"taxonomy":"post_tag","embeddable":true,"href":"https:\/\/www.grieta.org.mx\/index.php\/wp-json\/wp\/v2\/tags?post=37343"}],"curies":[{"name":"wp","href":"https:\/\/api.w.org\/{rel}","templated":true}]}}