{"id":37311,"date":"2019-07-17T08:33:38","date_gmt":"2019-07-17T13:33:38","guid":{"rendered":"http:\/\/www.grieta.org.mx\/?p=37311"},"modified":"2019-08-02T08:37:49","modified_gmt":"2019-08-02T13:37:49","slug":"la-cuenca-de-la-independencia-amenazada-por-proyecto-minero-guanajuato","status":"publish","type":"post","link":"https:\/\/www.grieta.org.mx\/index.php\/2019\/07\/17\/la-cuenca-de-la-independencia-amenazada-por-proyecto-minero-guanajuato\/","title":{"rendered":"La Cuenca de la Independencia amenazada por proyecto minero (Guanajuato)"},"content":{"rendered":"<figure id=\"attachment_37312\" aria-describedby=\"caption-attachment-37312\" style=\"width: 800px\" class=\"wp-caption aligncenter\"><img loading=\"lazy\" decoding=\"async\" data-attachment-id=\"37312\" data-permalink=\"https:\/\/www.grieta.org.mx\/index.php\/2019\/07\/17\/la-cuenca-de-la-independencia-amenazada-por-proyecto-minero-guanajuato\/cuenca-independencia-amenazada-proyecto-minero\/\" data-orig-file=\"https:\/\/www.grieta.org.mx\/wp-content\/uploads\/2019\/08\/cuenca-independencia-amenazada-proyecto-minero.jpg\" data-orig-size=\"1200,660\" data-comments-opened=\"0\" data-image-meta=\"{&quot;aperture&quot;:&quot;0&quot;,&quot;credit&quot;:&quot;&quot;,&quot;camera&quot;:&quot;&quot;,&quot;caption&quot;:&quot;&quot;,&quot;created_timestamp&quot;:&quot;0&quot;,&quot;copyright&quot;:&quot;&quot;,&quot;focal_length&quot;:&quot;0&quot;,&quot;iso&quot;:&quot;0&quot;,&quot;shutter_speed&quot;:&quot;0&quot;,&quot;title&quot;:&quot;&quot;,&quot;orientation&quot;:&quot;0&quot;}\" data-image-title=\"cuenca-independencia-amenazada-proyecto-minero\" data-image-description=\"\" data-image-caption=\"&lt;p&gt;Foto: La Cooperacha&lt;\/p&gt;\n\" data-medium-file=\"https:\/\/www.grieta.org.mx\/wp-content\/uploads\/2019\/08\/cuenca-independencia-amenazada-proyecto-minero-300x165.jpg\" data-large-file=\"https:\/\/www.grieta.org.mx\/wp-content\/uploads\/2019\/08\/cuenca-independencia-amenazada-proyecto-minero-1024x563.jpg\" class=\"wp-image-37312\" src=\"http:\/\/www.grieta.org.mx\/wp-content\/uploads\/2019\/08\/cuenca-independencia-amenazada-proyecto-minero-1024x563.jpg\" alt=\"\" width=\"800\" height=\"440\" srcset=\"https:\/\/www.grieta.org.mx\/wp-content\/uploads\/2019\/08\/cuenca-independencia-amenazada-proyecto-minero-1024x563.jpg 1024w, https:\/\/www.grieta.org.mx\/wp-content\/uploads\/2019\/08\/cuenca-independencia-amenazada-proyecto-minero-300x165.jpg 300w, https:\/\/www.grieta.org.mx\/wp-content\/uploads\/2019\/08\/cuenca-independencia-amenazada-proyecto-minero-768x422.jpg 768w, https:\/\/www.grieta.org.mx\/wp-content\/uploads\/2019\/08\/cuenca-independencia-amenazada-proyecto-minero-909x500.jpg 909w, https:\/\/www.grieta.org.mx\/wp-content\/uploads\/2019\/08\/cuenca-independencia-amenazada-proyecto-minero.jpg 1200w\" sizes=\"auto, (max-width: 800px) 100vw, 800px\" \/><figcaption id=\"caption-attachment-37312\" class=\"wp-caption-text\">Foto: La Cooperacha<\/figcaption><\/figure>\n<blockquote><p>Se contaminar\u00eda el acu\u00edfero que surte a municipios como Dolores Hidalgo y San Miguel de Allende.<\/p><\/blockquote>\n<p>&nbsp;<\/p>\n<p>Redacci\u00f3n La Coperacha<br \/>\nCiudad de M\u00e9xico \/\/ 17 de julio de 2019<br \/>\na Coalici\u00f3n en Defensa de la Cuenca de la Independencia y el colectivo Guardianes de la Cuenca, advirtieron que el proyecto minero de la empresa Argonaut Gold va a contaminar el acu\u00edfero que surte a siete municipios del Estado de Guanajuato.<\/p>\n<p>El proyecto, conocido tambi\u00e9n como de San Ant\u00f3n de las Minas, representa para los ambientalistas un ecocidio que ocasionar\u00eda afectaciones en la salud para los habitantes de los municipios de San Felipe, Dolores Hidalgo, San Diego de la Uni\u00f3n, San Luis de la Paz, Doctor Mora, San Jos\u00e9 Iturbide y San Miguel de Allende.<\/p>\n<p>La explotaci\u00f3n minera a cielo abierto que pretende la empresa canadiense tendr\u00e1 una respuesta el pr\u00f3ximo domingo con la marcha que saldr\u00e1 a las 9:30 horas del Parque \u00c1lvaro Obreg\u00f3n de Dolores Hidalgo y que demandar\u00e1 detener cualquier actividad minera que da\u00f1e el acu\u00edfero de la Cuenca de la Independencia.<\/p>\n<p>En contraste, esta semana la ciudad de San Miguel de Allende, por cuarto a\u00f1o consecutivo, recibi\u00f3 el reconocimiento como la \u201cMejor Ciudad de M\u00e9xico\u201d, por la influyente revista de viajes \u201cTravel and Leisure&#8221;.<\/p>\n<p><a href=\"https:\/\/lacoperacha.org.mx\/cuenca-independencia-amenazada-proyecto-minero\/\">https:\/\/lacoperacha.org.mx\/cuenca-independencia-amenazada-proyecto-minero\/<\/a><\/p>\n","protected":false},"excerpt":{"rendered":"<p>Se contaminar\u00eda el acu\u00edfero que surte a municipios como Dolores Hidalgo y San Miguel de Allende. &nbsp; Redacci\u00f3n La Coperacha Ciudad de M\u00e9xico \/\/ 17 de julio de 2019 a &hellip; <a href=\"https:\/\/www.grieta.org.mx\/index.php\/2019\/07\/17\/la-cuenca-de-la-independencia-amenazada-por-proyecto-minero-guanajuato\/\" class=\"more-link\">Leer m\u00e1s<\/a><\/p>\n","protected":false},"author":2,"featured_media":37312,"comment_status":"closed","ping_status":"closed","sticky":false,"template":"","format":"standard","meta":{"ngg_post_thumbnail":0,"_jetpack_newsletter_access":"","_jetpack_dont_email_post_to_subs":false,"_jetpack_newsletter_tier_id":0,"_jetpack_memberships_contains_paywalled_content":false,"_jetpack_memberships_contains_paid_content":false,"footnotes":""},"categories":[80,2739,1066,1776,1278,2746,17,2751,2690],"tags":[2216,425,91,1065,764],"class_list":["post-37311","post","type-post","status-publish","format-standard","has-post-thumbnail","hentry","category-cintillo","category-conflictos-por-mineria-en-guanajuato","category-contaminacion-ambiental-en-guanajuato","category-despojo-de-tierras-y-territorio-en-guanajuato","category-despojo-de-tierras-y-territorios","category-destruccion-de-la-naturaleza-en-guanajuato","category-guanajuato","category-resistencia-contra-mineras-en-guanajuato","category-resistencias","tag-conflictos-por-mineria","tag-contaminacion-agua","tag-contaminacion-ambiental","tag-despojo-de-agua-y-tierras","tag-privatizacion-del-agua","entry"],"jetpack_featured_media_url":"https:\/\/www.grieta.org.mx\/wp-content\/uploads\/2019\/08\/cuenca-independencia-amenazada-proyecto-minero.jpg","jetpack_sharing_enabled":true,"jetpack_shortlink":"https:\/\/wp.me\/p7ZJR4-9HN","jetpack_likes_enabled":false,"jetpack-related-posts":[{"id":37306,"url":"https:\/\/www.grieta.org.mx\/index.php\/2019\/07\/22\/comunidades-de-guanajuato-se-movilizan-contra-minera-argonauta-gold\/","url_meta":{"origin":37311,"position":0},"title":"Comunidades de Guanajuato se movilizan contra minera Argonauta Gold","author":"grieta","date":"22 julio, 2019","format":false,"excerpt":"En el D\u00eda Mundial Contra la Miner\u00eda a Cielo Abierto rechazan el ecocidio que provocar\u00eda en la Cuenca de la Independencia. Redacci\u00f3n La Coperacha Ciudad de M\u00e9xico \/\/ 22 de julio de 2019 Cerca de dos mil personas provenientes de comunidades de la Cuenca de la Independencia, Guanajuato, se movilizaron\u2026","rel":"","context":"En &quot;CINTILLO&quot;","block_context":{"text":"CINTILLO","link":"https:\/\/www.grieta.org.mx\/index.php\/category\/cintillo\/"},"img":{"alt_text":"","src":"https:\/\/i0.wp.com\/www.grieta.org.mx\/wp-content\/uploads\/2019\/08\/Dolores-Hidalgo-mina-cielo-abierto-01.jpg?resize=350%2C200&ssl=1","width":350,"height":200,"srcset":"https:\/\/i0.wp.com\/www.grieta.org.mx\/wp-content\/uploads\/2019\/08\/Dolores-Hidalgo-mina-cielo-abierto-01.jpg?resize=350%2C200&ssl=1 1x, https:\/\/i0.wp.com\/www.grieta.org.mx\/wp-content\/uploads\/2019\/08\/Dolores-Hidalgo-mina-cielo-abierto-01.jpg?resize=525%2C300&ssl=1 1.5x, https:\/\/i0.wp.com\/www.grieta.org.mx\/wp-content\/uploads\/2019\/08\/Dolores-Hidalgo-mina-cielo-abierto-01.jpg?resize=700%2C400&ssl=1 2x, https:\/\/i0.wp.com\/www.grieta.org.mx\/wp-content\/uploads\/2019\/08\/Dolores-Hidalgo-mina-cielo-abierto-01.jpg?resize=1050%2C600&ssl=1 3x"},"classes":[]},{"id":39256,"url":"https:\/\/www.grieta.org.mx\/index.php\/2019\/08\/02\/activistas-recolectaran-firmas-contra-el-proyecto-minero-en-cerro-del-gallo-guanajuato\/","url_meta":{"origin":37311,"position":1},"title":"Activistas recolectar\u00e1n firmas contra el proyecto minero en Cerro del Gallo (Guanajuato)","author":"grieta","date":"2 agosto, 2019","format":false,"excerpt":"Organizaciones civiles comunales; refirieron sobre las expectativas sobresalientes con respecto a la marcha de inconformidad contra la intenci\u00f3n de hacer miner\u00eda abierta en el Cerro del Gallo. Anuncian nuevas estrategias. Por Roberto Guti\u00e9rrez Torres \/Zona Franca, 2 de agosto de 2019 Dolores Hidalgo, Gto. Defender el territorio, cuidar el agua\u2026","rel":"","context":"En &quot;CINTILLO&quot;","block_context":{"text":"CINTILLO","link":"https:\/\/www.grieta.org.mx\/index.php\/category\/cintillo\/"},"img":{"alt_text":"","src":"https:\/\/i0.wp.com\/www.grieta.org.mx\/wp-content\/uploads\/2019\/09\/photo_2019-07-21_11-29-34.jpg?resize=350%2C200&ssl=1","width":350,"height":200,"srcset":"https:\/\/i0.wp.com\/www.grieta.org.mx\/wp-content\/uploads\/2019\/09\/photo_2019-07-21_11-29-34.jpg?resize=350%2C200&ssl=1 1x, https:\/\/i0.wp.com\/www.grieta.org.mx\/wp-content\/uploads\/2019\/09\/photo_2019-07-21_11-29-34.jpg?resize=525%2C300&ssl=1 1.5x, https:\/\/i0.wp.com\/www.grieta.org.mx\/wp-content\/uploads\/2019\/09\/photo_2019-07-21_11-29-34.jpg?resize=700%2C400&ssl=1 2x"},"classes":[]},{"id":41521,"url":"https:\/\/www.grieta.org.mx\/index.php\/2019\/11\/24\/advierten-crisis-hidrica-en-dolores-hidalgo-si-se-explota-mina-en-el-cerro-del-gallo-guanajuato\/","url_meta":{"origin":37311,"position":2},"title":"Advierten crisis h\u00eddrica en Dolores Hidalgo si se explota mina en el Cerro del Gallo (Guanajuato","author":"grieta","date":"24 noviembre, 2019","format":false,"excerpt":"En el conversatorio \u201cAgua y miner\u00eda\u201d realizado la tarde de este s\u00e1bado en el Museo Bicentenario, se habl\u00f3 sobre el problema existente del agua en la Cuenca de la Independencia, as\u00ed como aun la gran afectaci\u00f3n que sufrir\u00edan los pobladores si se llega a implementar la explotaci\u00f3n de la mina\u2026","rel":"","context":"En &quot;CINTILLO&quot;","block_context":{"text":"CINTILLO","link":"https:\/\/www.grieta.org.mx\/index.php\/category\/cintillo\/"},"img":{"alt_text":"","src":"https:\/\/i0.wp.com\/www.grieta.org.mx\/wp-content\/uploads\/2019\/11\/cerritodelgallo2-focus-0-0-983-557.jpg?resize=350%2C200&ssl=1","width":350,"height":200,"srcset":"https:\/\/i0.wp.com\/www.grieta.org.mx\/wp-content\/uploads\/2019\/11\/cerritodelgallo2-focus-0-0-983-557.jpg?resize=350%2C200&ssl=1 1x, https:\/\/i0.wp.com\/www.grieta.org.mx\/wp-content\/uploads\/2019\/11\/cerritodelgallo2-focus-0-0-983-557.jpg?resize=525%2C300&ssl=1 1.5x, https:\/\/i0.wp.com\/www.grieta.org.mx\/wp-content\/uploads\/2019\/11\/cerritodelgallo2-focus-0-0-983-557.jpg?resize=700%2C400&ssl=1 2x"},"classes":[]},{"id":41518,"url":"https:\/\/www.grieta.org.mx\/index.php\/2019\/11\/21\/preparan-conversatorio-en-dolores-hidalgo-agua-y-mineria-guanajuato\/","url_meta":{"origin":37311,"position":3},"title":"Preparan conversatorio en Dolores Hidalgo \u201cAgua y Miner\u00eda\u201d (Guanajuato)","author":"grieta","date":"21 noviembre, 2019","format":false,"excerpt":"La Coalici\u00f3n en Defensa de la Cuenca de la Independencia CODECIN, Centro de Desarrollo Agropecuario A.C. CEDESA y el Colectivo Guardianes de la Cuenca convocan al conversatorio \u201cAgua y Miner\u00eda\u201d este s\u00e1bado 23 de Noviembre en el museo Bicentenario. Zona Franca, 21 de noviembre de 2019 Dolores Hidalgo Gto. Activistas\u2026","rel":"","context":"En &quot;CINTILLO&quot;","block_context":{"text":"CINTILLO","link":"https:\/\/www.grieta.org.mx\/index.php\/category\/cintillo\/"},"img":{"alt_text":"","src":"https:\/\/i0.wp.com\/www.grieta.org.mx\/wp-content\/uploads\/2019\/11\/h0.jpeg?resize=350%2C200&ssl=1","width":350,"height":200,"srcset":"https:\/\/i0.wp.com\/www.grieta.org.mx\/wp-content\/uploads\/2019\/11\/h0.jpeg?resize=350%2C200&ssl=1 1x, https:\/\/i0.wp.com\/www.grieta.org.mx\/wp-content\/uploads\/2019\/11\/h0.jpeg?resize=525%2C300&ssl=1 1.5x, https:\/\/i0.wp.com\/www.grieta.org.mx\/wp-content\/uploads\/2019\/11\/h0.jpeg?resize=700%2C400&ssl=1 2x"},"classes":[]},{"id":36421,"url":"https:\/\/www.grieta.org.mx\/index.php\/2019\/07\/09\/dolores-hidalgo-comunidades-alertan-danos-por-proyecto-minero-cerro-del-gallo-guanajuato\/","url_meta":{"origin":37311,"position":4},"title":"Dolores Hidalgo: Comunidades alertan da\u00f1os por proyecto minero \u201cCerro del Gallo\u201d (Guanajuato)","author":"grieta","date":"9 julio, 2019","format":false,"excerpt":"Exigen que se detenga el proyecto canadiense de extracci\u00f3n a cielo abierto por los graves riesgos que implica para la salud y el medio ambiente y sobre todo el acu\u00edfero de la Cuenca de la Independencia Por Roberto Guti\u00e9rrez Torres \/ Zona Franca, 9 de julio de 2019 Dolores Hidalgo,\u2026","rel":"","context":"En &quot;CINTILLO&quot;","block_context":{"text":"CINTILLO","link":"https:\/\/www.grieta.org.mx\/index.php\/category\/cintillo\/"},"img":{"alt_text":"","src":"https:\/\/www.grieta.org.mx\/wp-content\/uploads\/2019\/07\/caseta-cerro-gallo.jpe","width":350,"height":200,"srcset":"https:\/\/www.grieta.org.mx\/wp-content\/uploads\/2019\/07\/caseta-cerro-gallo.jpe 1x, https:\/\/www.grieta.org.mx\/wp-content\/uploads\/2019\/07\/caseta-cerro-gallo.jpe 1.5x, https:\/\/www.grieta.org.mx\/wp-content\/uploads\/2019\/07\/caseta-cerro-gallo.jpe 2x, https:\/\/www.grieta.org.mx\/wp-content\/uploads\/2019\/07\/caseta-cerro-gallo.jpe 3x"},"classes":[]},{"id":36269,"url":"https:\/\/www.grieta.org.mx\/index.php\/2019\/07\/09\/advierten-de-dano-irreversible-por-mina-guanajuato\/","url_meta":{"origin":37311,"position":5},"title":"Advierten de da\u00f1o irreversible por mina (Guanajuato)","author":"grieta","date":"9 julio, 2019","format":false,"excerpt":"Afectar\u00eda al acu\u00edfero que integra siete municipios del norte; aseguran que ser\u00eda una violaci\u00f3n a sus derechos humanos y obligar\u00eda al desplazamiento Roberto L\u00f3pez \/ Peri\u00f3dico Correo, 09 de Julio de 2019 San Miguel de Allende.- El grupo Acci\u00f3n Colectiva, la Hermandad de la Cuenca de la Independencia y la\u2026","rel":"","context":"En &quot;CINTILLO&quot;","block_context":{"text":"CINTILLO","link":"https:\/\/www.grieta.org.mx\/index.php\/category\/cintillo\/"},"img":{"alt_text":"","src":"https:\/\/i0.wp.com\/www.grieta.org.mx\/wp-content\/uploads\/2019\/07\/LD080401-8.jpg?resize=350%2C200&ssl=1","width":350,"height":200,"srcset":"https:\/\/i0.wp.com\/www.grieta.org.mx\/wp-content\/uploads\/2019\/07\/LD080401-8.jpg?resize=350%2C200&ssl=1 1x, https:\/\/i0.wp.com\/www.grieta.org.mx\/wp-content\/uploads\/2019\/07\/LD080401-8.jpg?resize=525%2C300&ssl=1 1.5x, https:\/\/i0.wp.com\/www.grieta.org.mx\/wp-content\/uploads\/2019\/07\/LD080401-8.jpg?resize=700%2C400&ssl=1 2x, https:\/\/i0.wp.com\/www.grieta.org.mx\/wp-content\/uploads\/2019\/07\/LD080401-8.jpg?resize=1050%2C600&ssl=1 3x"},"classes":[]}],"_links":{"self":[{"href":"https:\/\/www.grieta.org.mx\/index.php\/wp-json\/wp\/v2\/posts\/37311","targetHints":{"allow":["GET"]}}],"collection":[{"href":"https:\/\/www.grieta.org.mx\/index.php\/wp-json\/wp\/v2\/posts"}],"about":[{"href":"https:\/\/www.grieta.org.mx\/index.php\/wp-json\/wp\/v2\/types\/post"}],"author":[{"embeddable":true,"href":"https:\/\/www.grieta.org.mx\/index.php\/wp-json\/wp\/v2\/users\/2"}],"replies":[{"embeddable":true,"href":"https:\/\/www.grieta.org.mx\/index.php\/wp-json\/wp\/v2\/comments?post=37311"}],"version-history":[{"count":1,"href":"https:\/\/www.grieta.org.mx\/index.php\/wp-json\/wp\/v2\/posts\/37311\/revisions"}],"predecessor-version":[{"id":37313,"href":"https:\/\/www.grieta.org.mx\/index.php\/wp-json\/wp\/v2\/posts\/37311\/revisions\/37313"}],"wp:featuredmedia":[{"embeddable":true,"href":"https:\/\/www.grieta.org.mx\/index.php\/wp-json\/wp\/v2\/media\/37312"}],"wp:attachment":[{"href":"https:\/\/www.grieta.org.mx\/index.php\/wp-json\/wp\/v2\/media?parent=37311"}],"wp:term":[{"taxonomy":"category","embeddable":true,"href":"https:\/\/www.grieta.org.mx\/index.php\/wp-json\/wp\/v2\/categories?post=37311"},{"taxonomy":"post_tag","embeddable":true,"href":"https:\/\/www.grieta.org.mx\/index.php\/wp-json\/wp\/v2\/tags?post=37311"}],"curies":[{"name":"wp","href":"https:\/\/api.w.org\/{rel}","templated":true}]}}