{"id":37294,"date":"2019-07-31T19:22:19","date_gmt":"2019-08-01T00:22:19","guid":{"rendered":"http:\/\/www.grieta.org.mx\/?p=37294"},"modified":"2019-08-01T19:42:13","modified_gmt":"2019-08-02T00:42:13","slug":"pasantes-de-medicinas-no-desisten-haran-paro-nacional-y-marcha","status":"publish","type":"post","link":"https:\/\/www.grieta.org.mx\/index.php\/2019\/07\/31\/pasantes-de-medicinas-no-desisten-haran-paro-nacional-y-marcha\/","title":{"rendered":"Pasantes de medicinas no desisten, har\u00e1n paro nacional y marcha"},"content":{"rendered":"<p><img loading=\"lazy\" decoding=\"async\" data-attachment-id=\"37296\" data-permalink=\"https:\/\/www.grieta.org.mx\/index.php\/2019\/07\/31\/pasantes-de-medicinas-no-desisten-haran-paro-nacional-y-marcha\/010medicos_residentes_1\/\" data-orig-file=\"https:\/\/www.grieta.org.mx\/wp-content\/uploads\/2019\/08\/010medicos_residentes_1.jpg\" data-orig-size=\"1023,630\" data-comments-opened=\"0\" data-image-meta=\"{&quot;aperture&quot;:&quot;0&quot;,&quot;credit&quot;:&quot;&quot;,&quot;camera&quot;:&quot;&quot;,&quot;caption&quot;:&quot;&quot;,&quot;created_timestamp&quot;:&quot;0&quot;,&quot;copyright&quot;:&quot;&quot;,&quot;focal_length&quot;:&quot;0&quot;,&quot;iso&quot;:&quot;0&quot;,&quot;shutter_speed&quot;:&quot;0&quot;,&quot;title&quot;:&quot;&quot;,&quot;orientation&quot;:&quot;0&quot;}\" data-image-title=\"010medicos_residentes_1\" data-image-description=\"\" data-image-caption=\"\" data-medium-file=\"https:\/\/www.grieta.org.mx\/wp-content\/uploads\/2019\/08\/010medicos_residentes_1-300x185.jpg\" data-large-file=\"https:\/\/www.grieta.org.mx\/wp-content\/uploads\/2019\/08\/010medicos_residentes_1.jpg\" class=\" wp-image-37296 aligncenter\" src=\"http:\/\/www.grieta.org.mx\/wp-content\/uploads\/2019\/08\/010medicos_residentes_1.jpg\" alt=\"\" width=\"801\" height=\"493\" srcset=\"https:\/\/www.grieta.org.mx\/wp-content\/uploads\/2019\/08\/010medicos_residentes_1.jpg 1023w, https:\/\/www.grieta.org.mx\/wp-content\/uploads\/2019\/08\/010medicos_residentes_1-300x185.jpg 300w, https:\/\/www.grieta.org.mx\/wp-content\/uploads\/2019\/08\/010medicos_residentes_1-768x473.jpg 768w, https:\/\/www.grieta.org.mx\/wp-content\/uploads\/2019\/08\/010medicos_residentes_1-812x500.jpg 812w\" sizes=\"auto, (max-width: 801px) 100vw, 801px\" \/><\/p>\n<p>Foto: Archivo \/ El Universal<\/p>\n<p><em>Roberto Gallardo, integrante AMMPSS, asegur\u00f3 que hasta el momento ning\u00fan integrante del gobierno federal ha buscado un acercamiento con ellos; aseguran que el movimiento va m\u00e1s all\u00e1 de las becas<\/em><\/p>\n<p>Perla Miranda \/ El Universal<\/p>\n<p>Aunque el presidente Andr\u00e9s Manuel L\u00f3pez Obrador afirm\u00f3 en su conferencia matutina que las becas para los <strong>pasantes de medicina<\/strong>\u00a0s\u00ed llegar\u00e1, el gremio no desistir\u00e1 del paro nacional y la marcha programados para ma\u00f1ana, puesto que el movimiento va m\u00e1s all\u00e1 de las becas.<\/p>\n<p><em>\u201cMa\u00f1ana los 54 mil egresados de medicina a nivel nacional deber\u00edan iniciar su servicio social, pero no ser\u00e1 as\u00ed porque no hubo una buena asignaci\u00f3n de plazas en los estados, el movimiento va m\u00e1s all\u00e1 de las becas, no solo es por dinero, sino para que vean y sepan las condiciones en las que laboramos\u201d<\/em>, coment\u00f3 con EL UNIVERSAL Roberto Gallardo, integrante de la <strong>Asamblea Mexicana de M\u00e9dicos Pasantes en Servicio Social (AMMPSS)<\/strong>.<\/p>\n<p>El joven que realiza su pasant\u00eda en Baja California Sur lament\u00f3 los comentarios del mandatario y asegur\u00f3 que hasta el momento ning\u00fan integrante del gobierno federal ha buscado un acercamiento con ellos.<\/p>\n<p><em>\u201cAl decir que las becas no se recortan, el presidente da a entender que nuestra marcha y paro nacional no tienen raz\u00f3n de ser, pero no es as\u00ed, en todo el pa\u00eds, los compa\u00f1eros que dejar\u00e1n las aulas para hacer su servicio social est\u00e1n en la incertidumbre porque no saben en d\u00f3nde lo har\u00e1n, el presidente dice que s\u00ed hay recursos, pero en los servicios estatales dicen lo contrario y en el aire quedamos nosotros\u201d.<\/em><\/p>\n<p>Roberto Gallardo adelant\u00f3 que la marcha de los m\u00e9dicos pasantes <strong>iniciar\u00e1 ma\u00f1ana en punto de las 10:00 horas<\/strong> y partir\u00e1 del Z\u00f3calo capitalino a la sede de la <strong>Secretar\u00eda de Salud<\/strong>, sin afectar las vialidades.<\/p>\n<p><em>\u201cLa marcha ser\u00e1 a nivel nacional y buscaremos no afectar el tr\u00e1nsito, que quede claro que no queremos da\u00f1ar a la gente, ni a los pacientes. En la Ciudad de M\u00e9xico se reunir\u00e1n los compa\u00f1eros en el z\u00f3calo, a las 10 partir\u00e1n a la secretar\u00eda de salud y su ruta ser\u00e1 por la calle de Madero hasta Reforma, pero reitero, respetando la vialidad\u201d.<\/em><\/p>\n<p>Sobre el paro de labores mencion\u00f3 que \u00e9ste ya inici\u00f3 y detall\u00f3 que en los <strong>Centros Rurales<\/strong> solo se brinda <strong>atenci\u00f3n de urgencias<\/strong> y se surte <strong>medicamento a enfermos cr\u00f3nicos<\/strong>.<\/p>\n<p><em>\u201cEl paro ya est\u00e1 establecido, en las unidades rurales s\u00f3lo se atienden urgencias, la atenci\u00f3n no prioritaria ser\u00e1 cancelada, los pacientes de enfermedades cr\u00f3nicas si pueden ir por su medicamento, porque debo insistir en que no hacemos este movimiento con la intenci\u00f3n de afectar a alguien, menos a los derechohabientes\u201d.<\/em><\/p>\n<p>Karen Arteaga integrante del comit\u00e9 de comunicaci\u00f3n de la <strong>Asamblea Nacional de M\u00e9dicos Residentes<\/strong> dijo en entrevista que respaldar\u00e1n y acompa\u00f1ar\u00e1n a sus colegas.<\/p>\n<p><em>\u201cLa cuesti\u00f3n de los recursos suele ser el detonante de los movimientos, pero no se trata de eso, sino de que sean escuchados, que se conozca la realidad de los pasantes, de los residentes, y encontrar sinergias para mejorar las condiciones del servicio social\u201d.<\/em><\/p>\n<p><a href=\"https:\/\/www.eluniversal.com.mx\/nacion\/pasantes-de-medicinas-no-desisten-haran-paro-nacional-y-marcha\">https:\/\/www.eluniversal.com.mx\/nacion\/pasantes-de-medicinas-no-desisten-haran-paro-nacional-y-marcha<\/a><\/p>\n","protected":false},"excerpt":{"rendered":"<p>Foto: Archivo \/ El Universal Roberto Gallardo, integrante AMMPSS, asegur\u00f3 que hasta el momento ning\u00fan integrante del gobierno federal ha buscado un acercamiento con ellos; aseguran que el movimiento va &hellip; <a href=\"https:\/\/www.grieta.org.mx\/index.php\/2019\/07\/31\/pasantes-de-medicinas-no-desisten-haran-paro-nacional-y-marcha\/\" class=\"more-link\">Leer m\u00e1s<\/a><\/p>\n","protected":false},"author":2,"featured_media":37296,"comment_status":"closed","ping_status":"closed","sticky":false,"template":"","format":"standard","meta":{"ngg_post_thumbnail":0,"_jetpack_newsletter_access":"","_jetpack_dont_email_post_to_subs":false,"_jetpack_newsletter_tier_id":0,"_jetpack_memberships_contains_paywalled_content":false,"_jetpack_memberships_contains_paid_content":false,"footnotes":""},"categories":[80,14,918,2434,2,83],"tags":[2367,2780,893,2576,2372],"class_list":["post-37294","post","type-post","status-publish","format-standard","has-post-thumbnail","hentry","category-cintillo","category-ciudad-de-mexico","category-privatizacion-del-sector-salud","category-desmantelamiento-del-sector-salud-en-la-ciudad-de-mexico","category-noticias-nacionales","category-temas-nacionales","tag-crisis-en-el-sector-salud","tag-pasantes-de-medicina","tag-privatizacion-de-la-salud","tag-reduccion-de-presupuesto-al-sector-salud","tag-secretaria-salud","entry"],"jetpack_featured_media_url":"https:\/\/www.grieta.org.mx\/wp-content\/uploads\/2019\/08\/010medicos_residentes_1.jpg","jetpack_sharing_enabled":true,"jetpack_shortlink":"https:\/\/wp.me\/p7ZJR4-9Hw","jetpack_likes_enabled":false,"jetpack-related-posts":[{"id":37466,"url":"https:\/\/www.grieta.org.mx\/index.php\/2019\/08\/01\/tambien-pasantes-de-medicina-de-guanajuato-se-unen-a-paro-nacional\/","url_meta":{"origin":37294,"position":0},"title":"Tambi\u00e9n pasantes de Medicina de Guanajuato se unen a paro nacional","author":"grieta","date":"1 agosto, 2019","format":false,"excerpt":"Reclaman 200 pasantes condiciones dignas; piden que las becas sean proporcionales a la carga de trabajo que tienen, y mayor seguridad. Por: Redacci\u00f3n AM Le\u00f3n Guanajuato 01 de Agosto de 2019 Le\u00f3n.- Decenas de estudiantes y pasantes de medicina del estado de Guanajuato, se manifestaron en las calles de Le\u00f3n,\u2026","rel":"","context":"En &quot;CINTILLO&quot;","block_context":{"text":"CINTILLO","link":"https:\/\/www.grieta.org.mx\/index.php\/category\/cintillo\/"},"img":{"alt_text":"","src":"https:\/\/i0.wp.com\/www.grieta.org.mx\/wp-content\/uploads\/2019\/08\/leon-protesta-estudiantes-pasantes-medicina.png?resize=350%2C200&ssl=1","width":350,"height":200,"srcset":"https:\/\/i0.wp.com\/www.grieta.org.mx\/wp-content\/uploads\/2019\/08\/leon-protesta-estudiantes-pasantes-medicina.png?resize=350%2C200&ssl=1 1x, https:\/\/i0.wp.com\/www.grieta.org.mx\/wp-content\/uploads\/2019\/08\/leon-protesta-estudiantes-pasantes-medicina.png?resize=525%2C300&ssl=1 1.5x, https:\/\/i0.wp.com\/www.grieta.org.mx\/wp-content\/uploads\/2019\/08\/leon-protesta-estudiantes-pasantes-medicina.png?resize=700%2C400&ssl=1 2x"},"classes":[]},{"id":37328,"url":"https:\/\/www.grieta.org.mx\/index.php\/2019\/08\/01\/pasantes-de-enfermeria-y-medicina-exigen-mejoras-laborales-en-mexico\/","url_meta":{"origin":37294,"position":1},"title":"Pasantes de enfermer\u00eda y medicina exigen mejoras laborales en M\u00e9xico","author":"grieta","date":"1 agosto, 2019","format":false,"excerpt":"EFE CIUDAD DE M\u00c9XICO.- Estudiantes de enfermer\u00eda del Instituto Polit\u00e9cnico Nacional (IPN) y de la Universidad Nacional Aut\u00f3noma de M\u00e9xico (UNAM) se manifestaron este jueves en la Ciudad de M\u00e9xico para exigir mejoras laborales y respeto a sus derechos. Centenares de manifestantes exigieron a las autoridades una explicaci\u00f3n sobre c\u00f3mo\u2026","rel":"","context":"En &quot;CINTILLO&quot;","block_context":{"text":"CINTILLO","link":"https:\/\/www.grieta.org.mx\/index.php\/category\/cintillo\/"},"img":{"alt_text":"","src":"https:\/\/i0.wp.com\/www.grieta.org.mx\/wp-content\/uploads\/2019\/08\/M%C3%89XICO-SALUD_42152779.jpg?resize=350%2C200&ssl=1","width":350,"height":200,"srcset":"https:\/\/i0.wp.com\/www.grieta.org.mx\/wp-content\/uploads\/2019\/08\/M%C3%89XICO-SALUD_42152779.jpg?resize=350%2C200&ssl=1 1x, https:\/\/i0.wp.com\/www.grieta.org.mx\/wp-content\/uploads\/2019\/08\/M%C3%89XICO-SALUD_42152779.jpg?resize=525%2C300&ssl=1 1.5x, https:\/\/i0.wp.com\/www.grieta.org.mx\/wp-content\/uploads\/2019\/08\/M%C3%89XICO-SALUD_42152779.jpg?resize=700%2C400&ssl=1 2x, https:\/\/i0.wp.com\/www.grieta.org.mx\/wp-content\/uploads\/2019\/08\/M%C3%89XICO-SALUD_42152779.jpg?resize=1050%2C600&ssl=1 3x, https:\/\/i0.wp.com\/www.grieta.org.mx\/wp-content\/uploads\/2019\/08\/M%C3%89XICO-SALUD_42152779.jpg?resize=1400%2C800&ssl=1 4x"},"classes":[]},{"id":34353,"url":"https:\/\/www.grieta.org.mx\/index.php\/2019\/05\/27\/desaparicion-de-plazas-para-medicos-pasantes-afectara-a-la-poblacion-queretaro\/","url_meta":{"origin":37294,"position":2},"title":"Desaparici\u00f3n de plazas para m\u00e9dicos pasantes afectar\u00e1 a la poblaci\u00f3n (Quer\u00e9taro)","author":"grieta","date":"27 mayo, 2019","format":false,"excerpt":"Francisco Vel\u00e1zquez Ram\u00edrez \/ C\u00f3digo Quer\u00e9taro La desaparici\u00f3n de plazas para m\u00e9dicos pasantes generar\u00e1 un impacto negativo en la poblaci\u00f3n,\u00a0ya que hay gente de escasos recursos en el pa\u00eds que no tiene acceso a los servicios de salud, pero tiene derecho a tener un m\u00e9dico pasante en su comunidad, sostuvo\u2026","rel":"","context":"En &quot;CINTILLO&quot;","block_context":{"text":"CINTILLO","link":"https:\/\/www.grieta.org.mx\/index.php\/category\/cintillo\/"},"img":{"alt_text":"","src":"https:\/\/i0.wp.com\/www.grieta.org.mx\/wp-content\/uploads\/2019\/06\/Desaparicion-de-plazas-para-medicos-pasantes-afectara-a-la-poblacion.jpg?resize=350%2C200&ssl=1","width":350,"height":200,"srcset":"https:\/\/i0.wp.com\/www.grieta.org.mx\/wp-content\/uploads\/2019\/06\/Desaparicion-de-plazas-para-medicos-pasantes-afectara-a-la-poblacion.jpg?resize=350%2C200&ssl=1 1x, https:\/\/i0.wp.com\/www.grieta.org.mx\/wp-content\/uploads\/2019\/06\/Desaparicion-de-plazas-para-medicos-pasantes-afectara-a-la-poblacion.jpg?resize=525%2C300&ssl=1 1.5x, https:\/\/i0.wp.com\/www.grieta.org.mx\/wp-content\/uploads\/2019\/06\/Desaparicion-de-plazas-para-medicos-pasantes-afectara-a-la-poblacion.jpg?resize=700%2C400&ssl=1 2x, https:\/\/i0.wp.com\/www.grieta.org.mx\/wp-content\/uploads\/2019\/06\/Desaparicion-de-plazas-para-medicos-pasantes-afectara-a-la-poblacion.jpg?resize=1050%2C600&ssl=1 3x"},"classes":[]},{"id":33825,"url":"https:\/\/www.grieta.org.mx\/index.php\/2019\/05\/22\/la-austeridad-de-amlo-afectara-a-pasantes-de-medicina-y-enfermeria\/","url_meta":{"origin":37294,"position":3},"title":"La Austeridad de AMLO afectar\u00e1 a pasantes de medicina y enfermer\u00eda","author":"grieta","date":"22 mayo, 2019","format":false,"excerpt":"La Secretar\u00eda de Salud federal dio la orden de que\u00a0a partir del 1 de agosto del 2019\u00a0se reduzca a la mitad los apoyos a los estudiantes de medicina y enfermer\u00eda Abraham Arias Vallin \/ Tribuna Como se ve\u00eda venir, los cambios de la administraci\u00f3n actual hacen estragos en todas las\u2026","rel":"","context":"En &quot;CINTILLO&quot;","block_context":{"text":"CINTILLO","link":"https:\/\/www.grieta.org.mx\/index.php\/category\/cintillo\/"},"img":{"alt_text":"","src":"https:\/\/i0.wp.com\/www.grieta.org.mx\/wp-content\/uploads\/2019\/05\/mg_2358-156516.jpg_1619830263.jpg?resize=350%2C200&ssl=1","width":350,"height":200,"srcset":"https:\/\/i0.wp.com\/www.grieta.org.mx\/wp-content\/uploads\/2019\/05\/mg_2358-156516.jpg_1619830263.jpg?resize=350%2C200&ssl=1 1x, https:\/\/i0.wp.com\/www.grieta.org.mx\/wp-content\/uploads\/2019\/05\/mg_2358-156516.jpg_1619830263.jpg?resize=525%2C300&ssl=1 1.5x, https:\/\/i0.wp.com\/www.grieta.org.mx\/wp-content\/uploads\/2019\/05\/mg_2358-156516.jpg_1619830263.jpg?resize=700%2C400&ssl=1 2x, https:\/\/i0.wp.com\/www.grieta.org.mx\/wp-content\/uploads\/2019\/05\/mg_2358-156516.jpg_1619830263.jpg?resize=1050%2C600&ssl=1 3x"},"classes":[]},{"id":38634,"url":"https:\/\/www.grieta.org.mx\/index.php\/2019\/08\/02\/protestan-por-reduccion-de-becas-en-sector-salud-hidalgo\/","url_meta":{"origin":37294,"position":4},"title":"Protestan por reducci\u00f3n de becas en sector salud (Hidalgo)","author":"Admin","date":"2 agosto, 2019","format":false,"excerpt":"Ignacio Garc\u00eda \/ El Sol de Hidalgo Alrededor de 50 m\u00e9dicos pasantes de diferentes instituciones educativas de Hidalgo se manifestaron en la explanada de Plaza Ju\u00e1rez para protestar por la reducci\u00f3n de las becas que les otorgan, as\u00ed como de las mismas plazas en un 20 por ciento, por lo\u2026","rel":"","context":"En &quot;CINTILLO&quot;","block_context":{"text":"CINTILLO","link":"https:\/\/www.grieta.org.mx\/index.php\/category\/cintillo\/"},"img":{"alt_text":"","src":"https:\/\/i0.wp.com\/www.grieta.org.mx\/wp-content\/uploads\/2019\/09\/Captura-de-pantalla-2019-09-01-01.03.50.png?resize=350%2C200&ssl=1","width":350,"height":200,"srcset":"https:\/\/i0.wp.com\/www.grieta.org.mx\/wp-content\/uploads\/2019\/09\/Captura-de-pantalla-2019-09-01-01.03.50.png?resize=350%2C200&ssl=1 1x, https:\/\/i0.wp.com\/www.grieta.org.mx\/wp-content\/uploads\/2019\/09\/Captura-de-pantalla-2019-09-01-01.03.50.png?resize=525%2C300&ssl=1 1.5x, https:\/\/i0.wp.com\/www.grieta.org.mx\/wp-content\/uploads\/2019\/09\/Captura-de-pantalla-2019-09-01-01.03.50.png?resize=700%2C400&ssl=1 2x"},"classes":[]},{"id":46931,"url":"https:\/\/www.grieta.org.mx\/index.php\/2020\/03\/27\/pasantes-de-medicina-inician-paro-de-labores-en-michoacan\/","url_meta":{"origin":37294,"position":5},"title":"Pasantes de Medicina inician paro de labores en Michoac\u00e1n","author":"grieta","date":"27 marzo, 2020","format":false,"excerpt":"Acusan falta de equipo e insumos en centros de salud para enfrentar la pandemia Carlos Arrieta\/ El Universal, 27 de marzo de 2020 Morelia.\u2014 Cerca de 400 pasantes de Medicina del estado de Michoac\u00e1n iniciaron un paro indefinido de labores. Acusan que ante la pandemia, las autoridades no les han\u2026","rel":"","context":"En &quot;CINTILLO&quot;","block_context":{"text":"CINTILLO","link":"https:\/\/www.grieta.org.mx\/index.php\/category\/cintillo\/"},"img":{"alt_text":"","src":"https:\/\/i0.wp.com\/www.grieta.org.mx\/wp-content\/uploads\/2020\/03\/FotoPasantesMichoacan.jpg?resize=350%2C200&ssl=1","width":350,"height":200,"srcset":"https:\/\/i0.wp.com\/www.grieta.org.mx\/wp-content\/uploads\/2020\/03\/FotoPasantesMichoacan.jpg?resize=350%2C200&ssl=1 1x, https:\/\/i0.wp.com\/www.grieta.org.mx\/wp-content\/uploads\/2020\/03\/FotoPasantesMichoacan.jpg?resize=525%2C300&ssl=1 1.5x"},"classes":[]}],"_links":{"self":[{"href":"https:\/\/www.grieta.org.mx\/index.php\/wp-json\/wp\/v2\/posts\/37294","targetHints":{"allow":["GET"]}}],"collection":[{"href":"https:\/\/www.grieta.org.mx\/index.php\/wp-json\/wp\/v2\/posts"}],"about":[{"href":"https:\/\/www.grieta.org.mx\/index.php\/wp-json\/wp\/v2\/types\/post"}],"author":[{"embeddable":true,"href":"https:\/\/www.grieta.org.mx\/index.php\/wp-json\/wp\/v2\/users\/2"}],"replies":[{"embeddable":true,"href":"https:\/\/www.grieta.org.mx\/index.php\/wp-json\/wp\/v2\/comments?post=37294"}],"version-history":[{"count":1,"href":"https:\/\/www.grieta.org.mx\/index.php\/wp-json\/wp\/v2\/posts\/37294\/revisions"}],"predecessor-version":[{"id":37298,"href":"https:\/\/www.grieta.org.mx\/index.php\/wp-json\/wp\/v2\/posts\/37294\/revisions\/37298"}],"wp:featuredmedia":[{"embeddable":true,"href":"https:\/\/www.grieta.org.mx\/index.php\/wp-json\/wp\/v2\/media\/37296"}],"wp:attachment":[{"href":"https:\/\/www.grieta.org.mx\/index.php\/wp-json\/wp\/v2\/media?parent=37294"}],"wp:term":[{"taxonomy":"category","embeddable":true,"href":"https:\/\/www.grieta.org.mx\/index.php\/wp-json\/wp\/v2\/categories?post=37294"},{"taxonomy":"post_tag","embeddable":true,"href":"https:\/\/www.grieta.org.mx\/index.php\/wp-json\/wp\/v2\/tags?post=37294"}],"curies":[{"name":"wp","href":"https:\/\/api.w.org\/{rel}","templated":true}]}}