{"id":37244,"date":"2019-07-28T22:38:55","date_gmt":"2019-07-29T03:38:55","guid":{"rendered":"http:\/\/www.grieta.org.mx\/?p=37244"},"modified":"2019-07-31T23:59:55","modified_gmt":"2019-08-01T04:59:55","slug":"hacinados-y-privados-de-su-libertad-por-la-guardia-nacional-asi-viven-los-migrantes-en-albergue-de-jimenez","status":"publish","type":"post","link":"https:\/\/www.grieta.org.mx\/index.php\/2019\/07\/28\/hacinados-y-privados-de-su-libertad-por-la-guardia-nacional-asi-viven-los-migrantes-en-albergue-de-jimenez\/","title":{"rendered":"Hacinados y privados de su libertad por la Guardia Nacional, as\u00ed viven los migrantes en albergue de Jim\u00e9nez (Chihuahua)"},"content":{"rendered":"<p><img loading=\"lazy\" decoding=\"async\" data-attachment-id=\"37245\" data-permalink=\"https:\/\/www.grieta.org.mx\/index.php\/2019\/07\/28\/hacinados-y-privados-de-su-libertad-por-la-guardia-nacional-asi-viven-los-migrantes-en-albergue-de-jimenez\/foto-albergue-migrantes-jimenez-raichali\/\" data-orig-file=\"https:\/\/www.grieta.org.mx\/wp-content\/uploads\/2019\/07\/Foto-albergue-migrantes-Jim\u00e9nez-Ra\u00edchali.png\" data-orig-size=\"1024,647\" data-comments-opened=\"0\" data-image-meta=\"{&quot;aperture&quot;:&quot;0&quot;,&quot;credit&quot;:&quot;&quot;,&quot;camera&quot;:&quot;&quot;,&quot;caption&quot;:&quot;&quot;,&quot;created_timestamp&quot;:&quot;0&quot;,&quot;copyright&quot;:&quot;&quot;,&quot;focal_length&quot;:&quot;0&quot;,&quot;iso&quot;:&quot;0&quot;,&quot;shutter_speed&quot;:&quot;0&quot;,&quot;title&quot;:&quot;&quot;,&quot;orientation&quot;:&quot;0&quot;}\" data-image-title=\"Foto-albergue-migrantes-Jim\u00e9nez-Ra\u00edchali\" data-image-description=\"\" data-image-caption=\"\" data-medium-file=\"https:\/\/www.grieta.org.mx\/wp-content\/uploads\/2019\/07\/Foto-albergue-migrantes-Jim\u00e9nez-Ra\u00edchali-300x190.png\" data-large-file=\"https:\/\/www.grieta.org.mx\/wp-content\/uploads\/2019\/07\/Foto-albergue-migrantes-Jim\u00e9nez-Ra\u00edchali-1024x647.png\" class=\"alignleft wp-image-37245\" src=\"http:\/\/www.grieta.org.mx\/wp-content\/uploads\/2019\/07\/Foto-albergue-migrantes-Jim\u00e9nez-Ra\u00edchali-1024x647.png\" alt=\"\" width=\"780\" height=\"493\" srcset=\"https:\/\/www.grieta.org.mx\/wp-content\/uploads\/2019\/07\/Foto-albergue-migrantes-Jim\u00e9nez-Ra\u00edchali.png 1024w, https:\/\/www.grieta.org.mx\/wp-content\/uploads\/2019\/07\/Foto-albergue-migrantes-Jim\u00e9nez-Ra\u00edchali-300x190.png 300w, https:\/\/www.grieta.org.mx\/wp-content\/uploads\/2019\/07\/Foto-albergue-migrantes-Jim\u00e9nez-Ra\u00edchali-768x485.png 768w, https:\/\/www.grieta.org.mx\/wp-content\/uploads\/2019\/07\/Foto-albergue-migrantes-Jim\u00e9nez-Ra\u00edchali-791x500.png 791w\" sizes=\"auto, (max-width: 780px) 100vw, 780px\" \/><\/p>\n<p>Redacci\u00f3n\/ RA\u00cdCHALI<\/p>\n<p>Jim\u00e9nez, Chihuahua.- La pol\u00edtica antimigratoria respaldada por el gobierno Federal, ha obligado a las autoridades abrir albergues temporales para las personas que, en su intento por llegar a Estados Unidos, son detenidas por la Guardia Nacional en el territorio estatal.<\/p>\n<p>En Chihuahua, uno de esos centros fue habilitado en la ciudad de Jim\u00e9nez a inicios de junio, sin embargo, las condiciones en las que viven las personas que esperan su deportaci\u00f3n violan por lo menos dos art\u00edculos de la Ley de Migraci\u00f3n, inform\u00f3 Jorge P\u00e9rez Cobos director de la asociaci\u00f3n 1 de 7 Migrando.<\/p>\n<blockquote><p>\u00abEstamos totalmente en contra de estos lugares, se nos manifest\u00f3 que se va a cerrar pero no creo. Tambi\u00e9n se ha manifestado que van a abrir espacios nuevos y m\u00e1s grandes entonces es una pol\u00edtica carcelaria. De hecho el nuevo delegado del Instituto Nacional de Migraci\u00f3n es, a la vez, el encargado de los centros penitenciarios a nivel nacional, entonces es muy clara la l\u00ednea que trae el gobierno federal de criminalizar y detener\u00bb<\/p><\/blockquote>\n<p>Pero llamarle c\u00e1rcel parece poco. De acuerdo con P\u00e9rez Cobos, cuando acudieron a revisar el lugar se percataron de que no hay regaderas; en vez de caldas, los migrantes viven hacinados en un solo cuarto y como ba\u00f1o, les instalaron tres retretes port\u00e1tiles en el patio.<\/p>\n<p><img loading=\"lazy\" decoding=\"async\" data-attachment-id=\"37246\" data-permalink=\"https:\/\/www.grieta.org.mx\/index.php\/2019\/07\/28\/hacinados-y-privados-de-su-libertad-por-la-guardia-nacional-asi-viven-los-migrantes-en-albergue-de-jimenez\/foto-camioneta\/\" data-orig-file=\"https:\/\/www.grieta.org.mx\/wp-content\/uploads\/2019\/07\/Foto-camioneta.jpg\" data-orig-size=\"1024,682\" data-comments-opened=\"0\" data-image-meta=\"{&quot;aperture&quot;:&quot;0&quot;,&quot;credit&quot;:&quot;&quot;,&quot;camera&quot;:&quot;&quot;,&quot;caption&quot;:&quot;&quot;,&quot;created_timestamp&quot;:&quot;0&quot;,&quot;copyright&quot;:&quot;&quot;,&quot;focal_length&quot;:&quot;0&quot;,&quot;iso&quot;:&quot;0&quot;,&quot;shutter_speed&quot;:&quot;0&quot;,&quot;title&quot;:&quot;&quot;,&quot;orientation&quot;:&quot;0&quot;}\" data-image-title=\"Foto camioneta\" data-image-description=\"\" data-image-caption=\"\" data-medium-file=\"https:\/\/www.grieta.org.mx\/wp-content\/uploads\/2019\/07\/Foto-camioneta-300x200.jpg\" data-large-file=\"https:\/\/www.grieta.org.mx\/wp-content\/uploads\/2019\/07\/Foto-camioneta-1024x682.jpg\" class=\"alignleft wp-image-37246\" src=\"http:\/\/www.grieta.org.mx\/wp-content\/uploads\/2019\/07\/Foto-camioneta-1024x682.jpg\" alt=\"\" width=\"780\" height=\"519\" srcset=\"https:\/\/www.grieta.org.mx\/wp-content\/uploads\/2019\/07\/Foto-camioneta.jpg 1024w, https:\/\/www.grieta.org.mx\/wp-content\/uploads\/2019\/07\/Foto-camioneta-300x200.jpg 300w, https:\/\/www.grieta.org.mx\/wp-content\/uploads\/2019\/07\/Foto-camioneta-768x512.jpg 768w, https:\/\/www.grieta.org.mx\/wp-content\/uploads\/2019\/07\/Foto-camioneta-751x500.jpg 751w\" sizes=\"auto, (max-width: 780px) 100vw, 780px\" \/><\/p>\n<p>Otro problema es que no hay una certeza de que se respeten sus derechos humanos. Entre las violaciones que lograron documentar est\u00e1 la detenci\u00f3n de ni\u00f1os, ni\u00f1as y adolescentes, quienes deber\u00edan ponerse a disposici\u00f3n de la Procuradur\u00eda del DIF.<\/p>\n<p>Para los adultos el panorama no mejora. Las detenciones pueden durar m\u00e1s de 72 horas, tiempo que excede a lo establecido en un arresto por faltas administrativas, aunado a que el excuartel militar no cumple con las condiciones que establece la ley.<\/p>\n<p>Cada tres d\u00edas, explic\u00f3 el activista, un cami\u00f3n llega por los migrantes para trasladarlos de Jim\u00e9nez a Acayucan, Veracruz, en donde son deportados sin la oportunidad de solicitar protecci\u00f3n internacional o refugio.<\/p>\n<blockquote><p>\u00abImagina que las familias vienen huyendo de la violencia y terminan detenidos aqu\u00ed\u00bb<\/p><\/blockquote>\n<p><img loading=\"lazy\" decoding=\"async\" data-attachment-id=\"37247\" data-permalink=\"https:\/\/www.grieta.org.mx\/index.php\/2019\/07\/28\/hacinados-y-privados-de-su-libertad-por-la-guardia-nacional-asi-viven-los-migrantes-en-albergue-de-jimenez\/foto-casa-jimenez\/\" data-orig-file=\"https:\/\/www.grieta.org.mx\/wp-content\/uploads\/2019\/07\/Foto-casa-Jim\u00e9nez.png\" data-orig-size=\"1024,707\" data-comments-opened=\"0\" data-image-meta=\"{&quot;aperture&quot;:&quot;0&quot;,&quot;credit&quot;:&quot;&quot;,&quot;camera&quot;:&quot;&quot;,&quot;caption&quot;:&quot;&quot;,&quot;created_timestamp&quot;:&quot;0&quot;,&quot;copyright&quot;:&quot;&quot;,&quot;focal_length&quot;:&quot;0&quot;,&quot;iso&quot;:&quot;0&quot;,&quot;shutter_speed&quot;:&quot;0&quot;,&quot;title&quot;:&quot;&quot;,&quot;orientation&quot;:&quot;0&quot;}\" data-image-title=\"Foto casa Jim\u00e9nez\" data-image-description=\"\" data-image-caption=\"\" data-medium-file=\"https:\/\/www.grieta.org.mx\/wp-content\/uploads\/2019\/07\/Foto-casa-Jim\u00e9nez-300x207.png\" data-large-file=\"https:\/\/www.grieta.org.mx\/wp-content\/uploads\/2019\/07\/Foto-casa-Jim\u00e9nez-1024x707.png\" class=\"alignleft wp-image-37247\" src=\"http:\/\/www.grieta.org.mx\/wp-content\/uploads\/2019\/07\/Foto-casa-Jim\u00e9nez-1024x707.png\" alt=\"\" width=\"780\" height=\"539\" srcset=\"https:\/\/www.grieta.org.mx\/wp-content\/uploads\/2019\/07\/Foto-casa-Jim\u00e9nez.png 1024w, https:\/\/www.grieta.org.mx\/wp-content\/uploads\/2019\/07\/Foto-casa-Jim\u00e9nez-300x207.png 300w, https:\/\/www.grieta.org.mx\/wp-content\/uploads\/2019\/07\/Foto-casa-Jim\u00e9nez-768x530.png 768w, https:\/\/www.grieta.org.mx\/wp-content\/uploads\/2019\/07\/Foto-casa-Jim\u00e9nez-724x500.png 724w\" sizes=\"auto, (max-width: 780px) 100vw, 780px\" \/><\/p>\n<p>En un recorrido realizado este domingo, se constat\u00f3 que en el lugar hay ni\u00f1os, ni\u00f1as, adolescentes y adultos a quienes se les proh\u00edbe hablar con personas ajenas al albergue, tampoco les permiten salir.<\/p>\n<p>Al exterior, la estructura fue reforzada con malla y alambre de p\u00faas, mientras que las puertas de madera que tienen las ventanas parecen selladas. Respecto a la vigilancia, afuera del lugar permanecen dos patrullas de vialidad, un polic\u00eda municipal y por lo menos dos agentes de la Secretar\u00eda de la Defensa Nacional (Sedena).<\/p>\n<p>El activista aunci\u00f3 que en breve presentar\u00e1n una serie de amparos para que sea un juez quien determine si los centros son o no legales.<\/p>\n<p>Seg\u00fan el art\u00edculo 106, el INM puede instalar los centros que requiera, sin embargo, no debe alojar a un n\u00famero de migrantes que supere la capacidad f\u00edsica de la estaci\u00f3n migratoria asignada y en ning\u00fan caso se podr\u00e1n habilitar como estaciones migratorias los centros de encarcelamiento, de reclusi\u00f3n preventiva o de ejecuci\u00f3n de sentencias, o cualquier otro inmueble que no cumpla con las caracter\u00edsticas, ni preste los servicios descritos en la Ley.<\/p>\n<p>En el 107 se establecen como requisitos m\u00ednimos los siguientes puntos:<\/p>\n<p>I. Prestar servicios de asistencia m\u00e9dica, psicol\u00f3gica y jur\u00eddica<\/p>\n<p>II. Atender los requerimientos alimentarios del extranjero presentado, ofreci\u00e9ndole tres alimentos al d\u00eda. El Instituto deber\u00e1 supervisar que la calidad de los alimentos sea adecuada. Las personas con necesidades especiales de nutrici\u00f3n como ni\u00f1as, ni\u00f1os y adolescentes, personas de la tercera edad y LEY DE MIGRACI\u00d3N C\u00c1MARA DE DIPUTADOS DEL H. CONGRESO DE LA UNI\u00d3N Secretar\u00eda General Secretar\u00eda de Servicios Parlamentarios \u00daltima Reforma DOF 21-04-2016 30 de 49 mujeres embarazadas o lactando, recibir\u00e1n una dieta adecuada, con el fin de que su salud no se vea afectada en tanto se define su situaci\u00f3n migratoria. Asimismo, cuando as\u00ed lo requiera el tratamiento m\u00e9dico que se haya; prescrito al alojado, se autorizar\u00e1n dietas especiales de alimentaci\u00f3n. De igual manera se proceder\u00e1 con las personas que por cuestiones religiosas as\u00ed lo soliciten.<\/p>\n<p>III. Mantener en lugares separados y con medidas que aseguran la integridad f\u00edsica del extranjero, a hombres y mujeres, manteniendo a los ni\u00f1os preferentemente junto con su madre, padre o acompa\u00f1ante, excepto en los casos en que as\u00ed convenga al inter\u00e9s superior del ni\u00f1o, ni\u00f1a o adolescente.<\/p>\n<p>IV. Promover el derecho a la preservaci\u00f3n de la unidad familiar; V. Garantizar el respeto de los derechos humanos del extranjero presentado<\/p>\n<p>VI. Mantener instalaciones adecuadas que eviten el hacinamiento<\/p>\n<p>VII. Contar con espacios de recreaci\u00f3n deportiva y cultural; VIII. Permitir el acceso de representantes legales, o persona de su confianza y la asistencia consular<\/p>\n<p>IX. Permitir la visita de las personas que cumplan con los requisitos establecidos en las disposiciones jur\u00eddicas aplicables. En caso de negativa de acceso, \u00e9sta deber\u00e1 entregarse por escrito debidamente fundado y motivado.<\/p>\n<p>X. Las dem\u00e1s que establezca el Reglamento. El Instituto facilitar\u00e1 la verificaci\u00f3n de la Comisi\u00f3n Nacional de los Derechos Humanos del cumplimiento de los requisitos se\u00f1alados en este art\u00edculo, y el acceso de organizaciones de la sociedad civil, conforme a lo dispuesto en las disposiciones jur\u00eddicas aplicables.<\/p>\n<p><a href=\"https:\/\/raichali.com\/2019\/07\/28\/2467\/\" target=\"_blank\" rel=\"noopener noreferrer\">https:\/\/raichali.com\/2019\/07\/28\/2467\/<\/a><\/p>\n","protected":false},"excerpt":{"rendered":"<p>Redacci\u00f3n\/ RA\u00cdCHALI Jim\u00e9nez, Chihuahua.- La pol\u00edtica antimigratoria respaldada por el gobierno Federal, ha obligado a las autoridades abrir albergues temporales para las personas que, en su intento por llegar a &hellip; <a href=\"https:\/\/www.grieta.org.mx\/index.php\/2019\/07\/28\/hacinados-y-privados-de-su-libertad-por-la-guardia-nacional-asi-viven-los-migrantes-en-albergue-de-jimenez\/\" class=\"more-link\">Leer m\u00e1s<\/a><\/p>\n","protected":false},"author":2,"featured_media":37245,"comment_status":"closed","ping_status":"closed","sticky":false,"template":"","format":"standard","meta":{"ngg_post_thumbnail":0,"_jetpack_newsletter_access":"","_jetpack_dont_email_post_to_subs":false,"_jetpack_newsletter_tier_id":0,"_jetpack_memberships_contains_paywalled_content":false,"_jetpack_memberships_contains_paid_content":false,"footnotes":""},"categories":[12,80,2509,86,1193,912,1184,2,83],"tags":[1410,2711,2700,1397],"class_list":["post-37244","post","type-post","status-publish","format-standard","has-post-thumbnail","hentry","category-chihuahua","category-cintillo","category-la-ninez-en-la-tormenta-capitalista-en-chihuahua","category-migrantes","category-migrantes-en-chihuahua","category-militarizacion","category-militarizacion-en-chihuahua","category-noticias-nacionales","category-temas-nacionales","tag-abusos-contra-migrantes","tag-alineacion-de-amlo-con-politica-antimigrante-deeu","tag-maltrato-a-migrantes","tag-violacion-de-derechos-de-migrantes","entry"],"jetpack_featured_media_url":"https:\/\/www.grieta.org.mx\/wp-content\/uploads\/2019\/07\/Foto-albergue-migrantes-Jim\u00e9nez-Ra\u00edchali.png","jetpack_sharing_enabled":true,"jetpack_shortlink":"https:\/\/wp.me\/p7ZJR4-9GI","jetpack_likes_enabled":false,"jetpack-related-posts":[{"id":35505,"url":"https:\/\/www.grieta.org.mx\/index.php\/2019\/06\/20\/galeria-migrantes-cruzan-el-rio-bravo-desafian-a-la-guardia-nacional-chihuahua\/","url_meta":{"origin":37244,"position":0},"title":"Galer\u00eda: Migrantes cruzan el r\u00edo Bravo, desaf\u00edan a la Guardia Nacional (Chihuahua)","author":"grieta","date":"20 junio, 2019","format":false,"excerpt":"Fotograf\u00edas: Rey R. Jauregui\/ LA VERDAD Ciudad Ju\u00e1rez \u2013 Trepados a la estructura ferroviaria binacional conocida como el puente negro o resistiendo el afluente del r\u00edo Bravo, los migrantes extranjeros contin\u00faan su trayecto hacia Estados Unido por Ciudad Ju\u00e1rez, en un franco desaf\u00edo a la custodia que mantienen elementos militarizados\u2026","rel":"","context":"En &quot;Chihuahua&quot;","block_context":{"text":"Chihuahua","link":"https:\/\/www.grieta.org.mx\/index.php\/category\/noticias-nacionales\/chihuahua\/"},"img":{"alt_text":"","src":"https:\/\/i0.wp.com\/www.grieta.org.mx\/wp-content\/uploads\/2019\/06\/Mujer-y-adolescente-migrate-Rey-R.-Jauregui-1000x600.jpeg?resize=350%2C200&ssl=1","width":350,"height":200,"srcset":"https:\/\/i0.wp.com\/www.grieta.org.mx\/wp-content\/uploads\/2019\/06\/Mujer-y-adolescente-migrate-Rey-R.-Jauregui-1000x600.jpeg?resize=350%2C200&ssl=1 1x, https:\/\/i0.wp.com\/www.grieta.org.mx\/wp-content\/uploads\/2019\/06\/Mujer-y-adolescente-migrate-Rey-R.-Jauregui-1000x600.jpeg?resize=525%2C300&ssl=1 1.5x, https:\/\/i0.wp.com\/www.grieta.org.mx\/wp-content\/uploads\/2019\/06\/Mujer-y-adolescente-migrate-Rey-R.-Jauregui-1000x600.jpeg?resize=700%2C400&ssl=1 2x"},"classes":[]},{"id":35319,"url":"https:\/\/www.grieta.org.mx\/index.php\/2019\/06\/22\/a-las-puertas-de-estados-unidos-mexico-persigue-y-detiene-a-migrantes-chihuahua\/","url_meta":{"origin":37244,"position":1},"title":"A las puertas de Estados Unidos, M\u00e9xico persigue y detiene a migrantes (Chihuahua)","author":"grieta","date":"22 junio, 2019","format":false,"excerpt":"Los extranjeros indocumentados que llegan a la frontera por Ciudad Ju\u00e1rez son perseguidos en el bordo del r\u00edo Bravo por militares en la Guardia Nacional, quienes los detienen y entregan a oficiales de Migraci\u00f3n para evitar su paso a territorio estadunidense. Texto y Fotos: Rey R. Jauregui \/ LA VERDAD\/\u2026","rel":"","context":"En &quot;Chihuahua&quot;","block_context":{"text":"Chihuahua","link":"https:\/\/www.grieta.org.mx\/index.php\/category\/noticias-nacionales\/chihuahua\/"},"img":{"alt_text":"","src":"https:\/\/i0.wp.com\/www.grieta.org.mx\/wp-content\/uploads\/2019\/06\/Detenidas.jpeg?resize=350%2C200&ssl=1","width":350,"height":200,"srcset":"https:\/\/i0.wp.com\/www.grieta.org.mx\/wp-content\/uploads\/2019\/06\/Detenidas.jpeg?resize=350%2C200&ssl=1 1x, https:\/\/i0.wp.com\/www.grieta.org.mx\/wp-content\/uploads\/2019\/06\/Detenidas.jpeg?resize=525%2C300&ssl=1 1.5x, https:\/\/i0.wp.com\/www.grieta.org.mx\/wp-content\/uploads\/2019\/06\/Detenidas.jpeg?resize=700%2C400&ssl=1 2x, https:\/\/i0.wp.com\/www.grieta.org.mx\/wp-content\/uploads\/2019\/06\/Detenidas.jpeg?resize=1050%2C600&ssl=1 3x"},"classes":[]},{"id":35519,"url":"https:\/\/www.grieta.org.mx\/index.php\/2019\/06\/27\/galeria-guardia-nacional-extiende-muro-humano-a-zonas-semideserticas-chihuahua\/","url_meta":{"origin":37244,"position":2},"title":"Galer\u00eda: Guardia Nacional extiende \u2018muro humano\u2019 a zonas semides\u00e9rticas (Chihuahua)","author":"grieta","date":"27 junio, 2019","format":false,"excerpt":"Fotograf\u00edas: Rey R. Jauregui\/ LA VERDAD Ciudad Ju\u00e1rez \u2013 La Guardia Nacional (GN) endureci\u00f3 sus acciones para evitar el paso de migrantes hacia Estados Unidos al extender su patrullaje m\u00e1s all\u00e1 del r\u00edo Bravo, colocando vigilancia en la zona fronteriza entre Anapra, Ciudad Ju\u00e1rez y Sunland Park, Nuevo M\u00e9xico. Elementos\u2026","rel":"","context":"En &quot;Chihuahua&quot;","block_context":{"text":"Chihuahua","link":"https:\/\/www.grieta.org.mx\/index.php\/category\/noticias-nacionales\/chihuahua\/"},"img":{"alt_text":"","src":"https:\/\/i0.wp.com\/www.grieta.org.mx\/wp-content\/uploads\/2019\/06\/Militares-en-el-Muro-Rey-R.-Jauregui.jpeg?resize=350%2C200&ssl=1","width":350,"height":200,"srcset":"https:\/\/i0.wp.com\/www.grieta.org.mx\/wp-content\/uploads\/2019\/06\/Militares-en-el-Muro-Rey-R.-Jauregui.jpeg?resize=350%2C200&ssl=1 1x, https:\/\/i0.wp.com\/www.grieta.org.mx\/wp-content\/uploads\/2019\/06\/Militares-en-el-Muro-Rey-R.-Jauregui.jpeg?resize=525%2C300&ssl=1 1.5x, https:\/\/i0.wp.com\/www.grieta.org.mx\/wp-content\/uploads\/2019\/06\/Militares-en-el-Muro-Rey-R.-Jauregui.jpeg?resize=700%2C400&ssl=1 2x, https:\/\/i0.wp.com\/www.grieta.org.mx\/wp-content\/uploads\/2019\/06\/Militares-en-el-Muro-Rey-R.-Jauregui.jpeg?resize=1050%2C600&ssl=1 3x"},"classes":[]},{"id":35092,"url":"https:\/\/www.grieta.org.mx\/index.php\/2019\/06\/19\/usan-militares-brazalete-de-guardia-nacional-en-patrullaje-antimigrante-en-ciudad-juarez-chihuahua\/","url_meta":{"origin":37244,"position":3},"title":"Usan militares brazalete de Guardia Nacional en patrullaje antimigrante en Ciudad Ju\u00e1rez (Chihuahua)","author":"grieta","date":"19 junio, 2019","format":false,"excerpt":"Fotos e Informaci\u00f3n: Alejandro S\u00e1nchez\/ LA VERDAD Ciudad Ju\u00e1rez \u2013 Los militares que vigilan el bordo del r\u00edo Bravo, para evitar el paso de migrantes hacia Estado Unidos, portan desde este mi\u00e9rcoles un brazalete negro con las siglas GN (Guardia Nacional) en blanco y un escudo de la nueva agrupaci\u00f3n\u2026","rel":"","context":"En &quot;Chihuahua&quot;","block_context":{"text":"Chihuahua","link":"https:\/\/www.grieta.org.mx\/index.php\/category\/noticias-nacionales\/chihuahua\/"},"img":{"alt_text":"","src":"https:\/\/i0.wp.com\/www.grieta.org.mx\/wp-content\/uploads\/2019\/06\/GN-A.-S%C3%A1nchez.jpg?resize=350%2C200&ssl=1","width":350,"height":200,"srcset":"https:\/\/i0.wp.com\/www.grieta.org.mx\/wp-content\/uploads\/2019\/06\/GN-A.-S%C3%A1nchez.jpg?resize=350%2C200&ssl=1 1x, https:\/\/i0.wp.com\/www.grieta.org.mx\/wp-content\/uploads\/2019\/06\/GN-A.-S%C3%A1nchez.jpg?resize=525%2C300&ssl=1 1.5x, https:\/\/i0.wp.com\/www.grieta.org.mx\/wp-content\/uploads\/2019\/06\/GN-A.-S%C3%A1nchez.jpg?resize=700%2C400&ssl=1 2x"},"classes":[]},{"id":39734,"url":"https:\/\/www.grieta.org.mx\/index.php\/2019\/09\/29\/galeria-en-el-bordo-ni-muro-ni-militares-ciudad-juarez-chihuahua\/","url_meta":{"origin":37244,"position":4},"title":"Galer\u00eda: En el bordo, ni muro ni militares (Ciudad Ju\u00e1rez, Chihuahua)","author":"grieta","date":"29 septiembre, 2019","format":false,"excerpt":"Fotograf\u00edas: Rey R. Jauregui\/ LA VERDAD Cargados con pinturas, brochas y creatividad, decenas de fronterizos \u00b4tomaron\u00b4 el bordo de r\u00edo Bravo para protestar por las pol\u00edticas migratoria implementadas por los gobiernos de M\u00e9xico y Estados Unidos. Justo en las paredes del cauce que marca el l\u00edmite del territorio mexicano y\u2026","rel":"","context":"En &quot;Chihuahua&quot;","block_context":{"text":"Chihuahua","link":"https:\/\/www.grieta.org.mx\/index.php\/category\/noticias-nacionales\/chihuahua\/"},"img":{"alt_text":"","src":"https:\/\/i0.wp.com\/www.grieta.org.mx\/wp-content\/uploads\/2019\/09\/Fotogaler%C3%ADa-1-1000x600.jpeg?resize=350%2C200&ssl=1","width":350,"height":200,"srcset":"https:\/\/i0.wp.com\/www.grieta.org.mx\/wp-content\/uploads\/2019\/09\/Fotogaler%C3%ADa-1-1000x600.jpeg?resize=350%2C200&ssl=1 1x, https:\/\/i0.wp.com\/www.grieta.org.mx\/wp-content\/uploads\/2019\/09\/Fotogaler%C3%ADa-1-1000x600.jpeg?resize=525%2C300&ssl=1 1.5x, https:\/\/i0.wp.com\/www.grieta.org.mx\/wp-content\/uploads\/2019\/09\/Fotogaler%C3%ADa-1-1000x600.jpeg?resize=700%2C400&ssl=1 2x"},"classes":[]},{"id":39378,"url":"https:\/\/www.grieta.org.mx\/index.php\/2019\/08\/28\/denuncian-discriminacion-por-caceria-contra-migrantes-en-los-hoteles-del-centro-chihuahua\/","url_meta":{"origin":37244,"position":5},"title":"Denuncian discriminaci\u00f3n por \u00abcacer\u00eda\u00bb contra migrantes en los hoteles del centro (Chihuahua)","author":"grieta","date":"28 agosto, 2019","format":false,"excerpt":"RA\u00cdCHALI Chihuahua.- Los operativos de revisi\u00f3n y detenci\u00f3n a migrantes en por lo menos cuatro hoteles y moteles del centro de la ciudad, incumplieron con los est\u00e1ndares m\u00ednimos que marca la Ley de Migraci\u00f3n, denunci\u00f3 la organizaci\u00f3n Uno de Siete Migrando. Durante la ma\u00f1ana de este mi\u00e9rcoles, decenas de efectivos\u2026","rel":"","context":"En &quot;Chihuahua&quot;","block_context":{"text":"Chihuahua","link":"https:\/\/www.grieta.org.mx\/index.php\/category\/noticias-nacionales\/chihuahua\/"},"img":{"alt_text":"","src":"https:\/\/i0.wp.com\/www.grieta.org.mx\/wp-content\/uploads\/2019\/09\/Sin-t%C3%ADtulo.jpg?resize=350%2C200&ssl=1","width":350,"height":200,"srcset":"https:\/\/i0.wp.com\/www.grieta.org.mx\/wp-content\/uploads\/2019\/09\/Sin-t%C3%ADtulo.jpg?resize=350%2C200&ssl=1 1x, https:\/\/i0.wp.com\/www.grieta.org.mx\/wp-content\/uploads\/2019\/09\/Sin-t%C3%ADtulo.jpg?resize=525%2C300&ssl=1 1.5x, https:\/\/i0.wp.com\/www.grieta.org.mx\/wp-content\/uploads\/2019\/09\/Sin-t%C3%ADtulo.jpg?resize=700%2C400&ssl=1 2x"},"classes":[]}],"_links":{"self":[{"href":"https:\/\/www.grieta.org.mx\/index.php\/wp-json\/wp\/v2\/posts\/37244","targetHints":{"allow":["GET"]}}],"collection":[{"href":"https:\/\/www.grieta.org.mx\/index.php\/wp-json\/wp\/v2\/posts"}],"about":[{"href":"https:\/\/www.grieta.org.mx\/index.php\/wp-json\/wp\/v2\/types\/post"}],"author":[{"embeddable":true,"href":"https:\/\/www.grieta.org.mx\/index.php\/wp-json\/wp\/v2\/users\/2"}],"replies":[{"embeddable":true,"href":"https:\/\/www.grieta.org.mx\/index.php\/wp-json\/wp\/v2\/comments?post=37244"}],"version-history":[{"count":1,"href":"https:\/\/www.grieta.org.mx\/index.php\/wp-json\/wp\/v2\/posts\/37244\/revisions"}],"predecessor-version":[{"id":37257,"href":"https:\/\/www.grieta.org.mx\/index.php\/wp-json\/wp\/v2\/posts\/37244\/revisions\/37257"}],"wp:featuredmedia":[{"embeddable":true,"href":"https:\/\/www.grieta.org.mx\/index.php\/wp-json\/wp\/v2\/media\/37245"}],"wp:attachment":[{"href":"https:\/\/www.grieta.org.mx\/index.php\/wp-json\/wp\/v2\/media?parent=37244"}],"wp:term":[{"taxonomy":"category","embeddable":true,"href":"https:\/\/www.grieta.org.mx\/index.php\/wp-json\/wp\/v2\/categories?post=37244"},{"taxonomy":"post_tag","embeddable":true,"href":"https:\/\/www.grieta.org.mx\/index.php\/wp-json\/wp\/v2\/tags?post=37244"}],"curies":[{"name":"wp","href":"https:\/\/api.w.org\/{rel}","templated":true}]}}