{"id":37231,"date":"2019-08-01T20:27:03","date_gmt":"2019-08-02T01:27:03","guid":{"rendered":"http:\/\/www.grieta.org.mx\/?p=37231"},"modified":"2019-12-06T16:14:09","modified_gmt":"2019-12-06T22:14:09","slug":"voces-del-ii-encuentro-de-mujeres-mujeres-de-san-pablo-cuatro-venados-en-defensa-de-su-territorio-oaxaca","status":"publish","type":"post","link":"https:\/\/www.grieta.org.mx\/index.php\/2019\/08\/01\/voces-del-ii-encuentro-de-mujeres-mujeres-de-san-pablo-cuatro-venados-en-defensa-de-su-territorio-oaxaca\/","title":{"rendered":"Voces del II Encuentro de Mujeres: zapotecas de San Pablo Cuatro Venados en defensa de su territorio (Oaxaca)"},"content":{"rendered":"<p><img loading=\"lazy\" decoding=\"async\" data-attachment-id=\"37235\" data-permalink=\"https:\/\/www.grieta.org.mx\/index.php\/2019\/08\/01\/voces-del-ii-encuentro-de-mujeres-mujeres-de-san-pablo-cuatro-venados-en-defensa-de-su-territorio-oaxaca\/rio\/\" data-orig-file=\"https:\/\/www.grieta.org.mx\/wp-content\/uploads\/2019\/07\/r\u00edo.jpg\" data-orig-size=\"1040,780\" data-comments-opened=\"0\" data-image-meta=\"{&quot;aperture&quot;:&quot;0&quot;,&quot;credit&quot;:&quot;&quot;,&quot;camera&quot;:&quot;&quot;,&quot;caption&quot;:&quot;&quot;,&quot;created_timestamp&quot;:&quot;0&quot;,&quot;copyright&quot;:&quot;&quot;,&quot;focal_length&quot;:&quot;0&quot;,&quot;iso&quot;:&quot;0&quot;,&quot;shutter_speed&quot;:&quot;0&quot;,&quot;title&quot;:&quot;&quot;,&quot;orientation&quot;:&quot;0&quot;}\" data-image-title=\"r\u00edo\" data-image-description=\"\" data-image-caption=\"\" data-medium-file=\"https:\/\/www.grieta.org.mx\/wp-content\/uploads\/2019\/07\/r\u00edo-300x225.jpg\" data-large-file=\"https:\/\/www.grieta.org.mx\/wp-content\/uploads\/2019\/07\/r\u00edo-1024x768.jpg\" class=\"alignleft wp-image-37235\" src=\"http:\/\/www.grieta.org.mx\/wp-content\/uploads\/2019\/07\/r\u00edo-1024x768.jpg\" alt=\"\" width=\"800\" height=\"600\" srcset=\"https:\/\/www.grieta.org.mx\/wp-content\/uploads\/2019\/07\/r\u00edo-1024x768.jpg 1024w, https:\/\/www.grieta.org.mx\/wp-content\/uploads\/2019\/07\/r\u00edo-300x225.jpg 300w, https:\/\/www.grieta.org.mx\/wp-content\/uploads\/2019\/07\/r\u00edo-768x576.jpg 768w, https:\/\/www.grieta.org.mx\/wp-content\/uploads\/2019\/07\/r\u00edo-667x500.jpg 667w, https:\/\/www.grieta.org.mx\/wp-content\/uploads\/2019\/07\/r\u00edo.jpg 1040w\" sizes=\"auto, (max-width: 800px) 100vw, 800px\" \/><\/p>\n<blockquote><p>&nbsp;<\/p>\n<p>\u201cCondenamos la agresi\u00f3n y destrucci\u00f3n ocurridos la madrugada del 31 de mayo en las localidades de Rebollero y Rio Minas, pertenecientes a la comunidad binizza de San Pablo Cuatro Venados en el municipio de Zachila, Oaxaca, a manos de un grupo armado, que con violencia destruyeron la casa de decenas de familias.<br \/>\n\u201cUn numeroso grupo de personas lleg\u00f3 a la localidad disparando armas de grueso calibre y acompa\u00f1ados de maquinaria pesada, tras muchos disparos derribaron las casas, obligando a salir y refugiarse en el monte a las y los compa\u00f1er@s, entre los que se encontraban menores de edad.<br \/>\n\u201cDerribaron 24 viviendas, quemaron ma\u00edz y otros granos almacenados como semillas para la siembra, quemaron las pertenencias personales de la comunidad como ropa y zapatos. Adem\u00e1s, se robaron ganado, plantas generadoras de energ\u00eda y bombas de agua.<br \/>\n\u201cReiteramos que nuestra madre tierra no est\u00e1 en venta al gran capital ni a nadie, nuestra existencia no se negocia y por lo tanto tampoco la resistencia de nuestros pueblos\u201d Comunicado del CNI-CIG y el EZLN ante la violencia desatada contra los pueblos originarios, junio de 2019.<\/p><\/blockquote>\n<p>Colectivo Grieta, 31 de julio, 2019<\/p>\n<p>Entre la muchas voces que se hicieron o\u00edr en el Segundo Encuentro Nacional de Mujeres del Congreso Nacional Ind\u00edgena-Concejo Ind\u00edgena de Gobierno realizado en San Juan Volador, Pajapan, Veracruz, est\u00e1n las de la mujeres de San Pablo Cuatro Venados, municipio de Zaachila, Oaxaca. Este grupo de compa\u00f1eras binizza (zapotecas) fue nombrado por su propia comunidad para llevar su palabra y denunciar frente a todas las mujeres las agresiones de las que han sido v\u00edctimas por defender la tierra y la vida en su territorio. Las compa\u00f1eras hicieron que se oyera su palabra clara y decidida en las distintas mesas de trabajo y discusi\u00f3n para tratar de compartir su experiencia organizativa y entender que su lucha contra de la minera Canadiense Arco Resources Corp, que busca extraer el oro del sus monta\u00f1as, no es una lucha aislada sino que se inserta en un contexto mucho m\u00e1s amplio de lucha por la vida frente a los proyectos de muerte que el capitalismo pretende imponer.<\/p>\n<p>En entrevista, estas compa\u00f1eras de la rancher\u00eda Rebolledo explicaron que esta lucha les ha valido el desconocimiento de las autoridades agrarias y municipales de su propia comunidad, as\u00ed como de los vecinos de Cuilapam de Guerrero, a quienes denuncian por haber negociado un antiguo conflicto agrario en favor de intereses externos. \u201cNos expulsaron de la asamblea por rebelarnos, ha sido mucha discriminaci\u00f3n y abuso de autoridad hacia nosotros\u201d, narra una compa\u00f1era.<\/p>\n<p>Se\u00f1alan que detr\u00e1s de esto hay intereses de empresas mineras que tienen el apoyo de los gobiernos estatales y municipales, y explican c\u00f3mo desde el poder se han generado estos conflictos para enfrentar a los pobladores de la zona y poder irrumpir en su territorio. De la misma forma expusieron c\u00f3mo las autoridades, tanto de San Pablo como de Cuil\u00e1pam, han llevado a cabo una campa\u00f1a de desprestigio en su contra, acus\u00e1ndolos de forma por dem\u00e1s absurda de \u201cinvadir\u201d tierras en las que han vivido sus padres, abuelos y tatarabuelos: \u201cNosotros tenemos nuestras actas de nacimiento, somos descendientes de comuneros (\u2026) entonces no entendemos c\u00f3mo nuestro mismo comisariado puede llamarnos invasores frente a nuestro pueblo, y para luego querer desalojarnos\u201d, explica otra compa\u00f1era y agrega: \u201cmi esposo tambi\u00e9n ya fue comisariado en 2002, 2003. Pero ahorita, con eso de que \u00e9l se rebela en contra de lo que est\u00e1 haciendo nuestra autoridad, ya no tiene derecho de ir al pueblo: \u2018Usted s\u00e1lgase, usted ya no venga ac\u00e1 a la asamblea\u2019, dice que lo increpan.<\/p>\n<p><img loading=\"lazy\" decoding=\"async\" data-attachment-id=\"37236\" data-permalink=\"https:\/\/www.grieta.org.mx\/index.php\/2019\/08\/01\/voces-del-ii-encuentro-de-mujeres-mujeres-de-san-pablo-cuatro-venados-en-defensa-de-su-territorio-oaxaca\/photo_2019-07-29_14-29-14\/\" data-orig-file=\"https:\/\/www.grieta.org.mx\/wp-content\/uploads\/2019\/07\/photo_2019-07-29_14-29-14.jpg\" data-orig-size=\"1280,720\" data-comments-opened=\"0\" data-image-meta=\"{&quot;aperture&quot;:&quot;0&quot;,&quot;credit&quot;:&quot;&quot;,&quot;camera&quot;:&quot;&quot;,&quot;caption&quot;:&quot;&quot;,&quot;created_timestamp&quot;:&quot;0&quot;,&quot;copyright&quot;:&quot;&quot;,&quot;focal_length&quot;:&quot;0&quot;,&quot;iso&quot;:&quot;0&quot;,&quot;shutter_speed&quot;:&quot;0&quot;,&quot;title&quot;:&quot;&quot;,&quot;orientation&quot;:&quot;0&quot;}\" data-image-title=\"photo_2019-07-29_14-29-14\" data-image-description=\"\" data-image-caption=\"\" data-medium-file=\"https:\/\/www.grieta.org.mx\/wp-content\/uploads\/2019\/07\/photo_2019-07-29_14-29-14-300x169.jpg\" data-large-file=\"https:\/\/www.grieta.org.mx\/wp-content\/uploads\/2019\/07\/photo_2019-07-29_14-29-14-1024x576.jpg\" class=\"alignleft wp-image-37236\" src=\"http:\/\/www.grieta.org.mx\/wp-content\/uploads\/2019\/07\/photo_2019-07-29_14-29-14-1024x576.jpg\" alt=\"\" width=\"800\" height=\"450\" srcset=\"https:\/\/www.grieta.org.mx\/wp-content\/uploads\/2019\/07\/photo_2019-07-29_14-29-14-1024x576.jpg 1024w, https:\/\/www.grieta.org.mx\/wp-content\/uploads\/2019\/07\/photo_2019-07-29_14-29-14-300x169.jpg 300w, https:\/\/www.grieta.org.mx\/wp-content\/uploads\/2019\/07\/photo_2019-07-29_14-29-14-768x432.jpg 768w, https:\/\/www.grieta.org.mx\/wp-content\/uploads\/2019\/07\/photo_2019-07-29_14-29-14-889x500.jpg 889w, https:\/\/www.grieta.org.mx\/wp-content\/uploads\/2019\/07\/photo_2019-07-29_14-29-14.jpg 1280w\" sizes=\"auto, (max-width: 800px) 100vw, 800px\" \/><\/p>\n<p>El tan anunciado e ilegal desalojo lleg\u00f3 con el grave ataque que los pobladores de Rebollero sufrieron el 31 de mayo de 2019 \u2013luego de un primer intento de desalojo en abril de 2018\u2013, cuando m\u00e1s de quinientas personas irrumpieron violentamente en el poblado de Rebollero y R\u00edo Minas disparando armas de grueso calibre. Los atacantes, provenientes de Cuil\u00e1pam, permanecieron ah\u00ed todo el d\u00eda disparando, incendiando, robando y arrasando con las retroexcavadores hogares, herramientas, semillas, animales, enseres dom\u00e9sticos, ropa y todas las dem\u00e1s pertenencias reunidas durante a\u00f1os de trabajo. \u201cYo no s\u00e9 si le echaron lumbre, pero todo lo hicieron un revoltijo con la m\u00e1quina: las tortilleras, los toros, los borregos, las gallinas, las vacas\u2026 Ten\u00edamos un panel solar con el que carg\u00e1bamos los celulares. \u00a1Todo se lo cargaron! Se lo llevaron\u201d.<br \/>\nPor su parte, los medios de comunicaci\u00f3n estatales \u2013como document\u00f3 \u00d1ani Pinto en Avispa Midia\u2013 se hicieron eco de la versi\u00f3n de los agresores y publicaron que <a href=\"https:\/\/avispa.org\/atacan-y-derriban-casas-de-indigenas-zapotecos-los-acusan-de-usurpar-sus-propias-tierras\/\" target=\"_blank\" rel=\"noopener noreferrer\">\u201ccomuneros de Cuil\u00e1pam de Guerrero hab\u00edan desalojado a presuntos paracaidistas y usurpadores de tierras\u201d<\/a>.<br \/>\nComo resultado de este ataque, decenas de familias tuvieron que refugiarse en la monta\u00f1a donde se mantienen hasta estos momento viviendo en el monte, \u201cbajo lonas (\u2026) estamos cuidando nuestras tierras\u201d, porque \u2013dicen convencidas\u2013 \u201cno se las vamos a dejar\u201d.<br \/>\nLas compa\u00f1eras de San Pablo Cuatro Venados alertan tambi\u00e9n que la empresa minera canadiense ya est\u00e1 limpiando los terrenos donde pretende instalarse. \u201cCuando alguien baja a la plaza bien bonito que platican, que el empresario ya fue al pueblo (\u2026) que dijo el ingeniero que no se preocupen, que van a componer el camino (\u2026) Por eso queremos que todo esto se difunda\u201d. Por otra parte, vinculan las agresiones de parte de una parte de los pobladores de Cuil\u00e1pam de Guerrero al inter\u00e9s que existe entre los pobladores este municipio por lotificar y vender las tierras comunales. \u201cMire, pues yo como lo entiendo es que ese ataque en particular para que nosotros salgamos de ah\u00ed es porque Cuilap\u00e1m tiene [\u2026] inter\u00e9s en lotificar nuestro cerro. Porque hay muchos letreros en ese pueblo de Cuilap\u00e1m [\u2026]. Quieren vender la tierra los de Cuilap\u00e1m y nosotros no. Por eso quieren que nos salimos de ah\u00ed\u201d.<\/p>\n<p><img loading=\"lazy\" decoding=\"async\" data-attachment-id=\"37240\" data-permalink=\"https:\/\/www.grieta.org.mx\/index.php\/2019\/08\/01\/voces-del-ii-encuentro-de-mujeres-mujeres-de-san-pablo-cuatro-venados-en-defensa-de-su-territorio-oaxaca\/photo_2019-07-29_14-29-19\/\" data-orig-file=\"https:\/\/www.grieta.org.mx\/wp-content\/uploads\/2019\/07\/photo_2019-07-29_14-29-19.jpg\" data-orig-size=\"1280,720\" data-comments-opened=\"0\" data-image-meta=\"{&quot;aperture&quot;:&quot;0&quot;,&quot;credit&quot;:&quot;&quot;,&quot;camera&quot;:&quot;&quot;,&quot;caption&quot;:&quot;&quot;,&quot;created_timestamp&quot;:&quot;0&quot;,&quot;copyright&quot;:&quot;&quot;,&quot;focal_length&quot;:&quot;0&quot;,&quot;iso&quot;:&quot;0&quot;,&quot;shutter_speed&quot;:&quot;0&quot;,&quot;title&quot;:&quot;&quot;,&quot;orientation&quot;:&quot;0&quot;}\" data-image-title=\"photo_2019-07-29_14-29-19\" data-image-description=\"\" data-image-caption=\"\" data-medium-file=\"https:\/\/www.grieta.org.mx\/wp-content\/uploads\/2019\/07\/photo_2019-07-29_14-29-19-300x169.jpg\" data-large-file=\"https:\/\/www.grieta.org.mx\/wp-content\/uploads\/2019\/07\/photo_2019-07-29_14-29-19-1024x576.jpg\" class=\"alignleft wp-image-37240\" src=\"http:\/\/www.grieta.org.mx\/wp-content\/uploads\/2019\/07\/photo_2019-07-29_14-29-19-1024x576.jpg\" alt=\"\" width=\"800\" height=\"450\" srcset=\"https:\/\/www.grieta.org.mx\/wp-content\/uploads\/2019\/07\/photo_2019-07-29_14-29-19-1024x576.jpg 1024w, https:\/\/www.grieta.org.mx\/wp-content\/uploads\/2019\/07\/photo_2019-07-29_14-29-19-300x169.jpg 300w, https:\/\/www.grieta.org.mx\/wp-content\/uploads\/2019\/07\/photo_2019-07-29_14-29-19-768x432.jpg 768w, https:\/\/www.grieta.org.mx\/wp-content\/uploads\/2019\/07\/photo_2019-07-29_14-29-19-889x500.jpg 889w, https:\/\/www.grieta.org.mx\/wp-content\/uploads\/2019\/07\/photo_2019-07-29_14-29-19.jpg 1280w\" sizes=\"auto, (max-width: 800px) 100vw, 800px\" \/><\/p>\n<p>Respecto a las afectaciones a la naturaleza que en la zona causar\u00e1 la extracci\u00f3n de mineral, las mujeres de San Pablo Cuatro Venados comentan que est\u00e1n conscientes de la destrucci\u00f3n que esta mina va a traer a sus tierras, como &#8220;todo lo que est\u00e1 abajo lo quieren echar para arriba&#8221; y c\u00f3mo el agua que ellos se han esmerado en mantener limpia se va a contaminar, no s\u00f3lo para ellos, sino incluso para quienes ahora quieren vender sus tierras. A pesar de la actitud de quienes quieren lotificar y vender, las compa\u00f1eras ponen sus esperanzas en la organizaci\u00f3n de los pueblos de la regi\u00f3n: \u201chay muchos pueblos vecinos, pero no sabemos si se unen a la lucha\u201d, mientras otra compa\u00f1era agrega que \u201cla gente de Santa In\u00e9s del Monte est\u00e1 platicando que van a apoyar para que se cierre la mina\u201d. Otra mujer cuenta: \u201cLuego les platico a las personas de San Miguel Peras, que est\u00e1 m\u00e1s arriba en la serran\u00eda y dicen que s\u00ed est\u00e1n de acuerdo de cerrar. Parece que San Pedro Ixtlahuaca tambi\u00e9n est\u00e1 de acuerdo. Con los que no hemos platicado es con Jalapa del Valle y San Andr\u00e9s Ixtlahuaca\u201d.<\/p>\n<p><a href=\"http:\/\/www.grieta.org.mx\/wp-content\/uploads\/2019\/08\/photo_2019-08-01-18.12.47.jpeg\"><img loading=\"lazy\" decoding=\"async\" data-attachment-id=\"37288\" data-permalink=\"https:\/\/www.grieta.org.mx\/index.php\/2019\/08\/01\/voces-del-ii-encuentro-de-mujeres-mujeres-de-san-pablo-cuatro-venados-en-defensa-de-su-territorio-oaxaca\/photo_2019-08-01-18-12-47\/\" data-orig-file=\"https:\/\/www.grieta.org.mx\/wp-content\/uploads\/2019\/08\/photo_2019-08-01-18.12.47.jpeg\" data-orig-size=\"960,1280\" data-comments-opened=\"0\" data-image-meta=\"{&quot;aperture&quot;:&quot;0&quot;,&quot;credit&quot;:&quot;&quot;,&quot;camera&quot;:&quot;&quot;,&quot;caption&quot;:&quot;&quot;,&quot;created_timestamp&quot;:&quot;0&quot;,&quot;copyright&quot;:&quot;&quot;,&quot;focal_length&quot;:&quot;0&quot;,&quot;iso&quot;:&quot;0&quot;,&quot;shutter_speed&quot;:&quot;0&quot;,&quot;title&quot;:&quot;&quot;,&quot;orientation&quot;:&quot;0&quot;}\" data-image-title=\"photo_2019-08-01 18.12.47\" data-image-description=\"\" data-image-caption=\"\" data-medium-file=\"https:\/\/www.grieta.org.mx\/wp-content\/uploads\/2019\/08\/photo_2019-08-01-18.12.47-225x300.jpeg\" data-large-file=\"https:\/\/www.grieta.org.mx\/wp-content\/uploads\/2019\/08\/photo_2019-08-01-18.12.47-768x1024.jpeg\" class=\"aligncenter wp-image-37288\" src=\"http:\/\/www.grieta.org.mx\/wp-content\/uploads\/2019\/08\/photo_2019-08-01-18.12.47-225x300.jpeg\" alt=\"\" width=\"800\" height=\"1067\" srcset=\"https:\/\/www.grieta.org.mx\/wp-content\/uploads\/2019\/08\/photo_2019-08-01-18.12.47-225x300.jpeg 225w, https:\/\/www.grieta.org.mx\/wp-content\/uploads\/2019\/08\/photo_2019-08-01-18.12.47-768x1024.jpeg 768w, https:\/\/www.grieta.org.mx\/wp-content\/uploads\/2019\/08\/photo_2019-08-01-18.12.47-375x500.jpeg 375w, https:\/\/www.grieta.org.mx\/wp-content\/uploads\/2019\/08\/photo_2019-08-01-18.12.47.jpeg 960w\" sizes=\"auto, (max-width: 800px) 100vw, 800px\" \/><\/a><\/p>\n<p><img loading=\"lazy\" decoding=\"async\" data-attachment-id=\"37238\" data-permalink=\"https:\/\/www.grieta.org.mx\/index.php\/2019\/08\/01\/voces-del-ii-encuentro-de-mujeres-mujeres-de-san-pablo-cuatro-venados-en-defensa-de-su-territorio-oaxaca\/photo_2019-07-31_17-19-47\/\" data-orig-file=\"https:\/\/www.grieta.org.mx\/wp-content\/uploads\/2019\/07\/photo_2019-07-31_17-19-47.jpg\" data-orig-size=\"1280,720\" data-comments-opened=\"0\" data-image-meta=\"{&quot;aperture&quot;:&quot;0&quot;,&quot;credit&quot;:&quot;&quot;,&quot;camera&quot;:&quot;&quot;,&quot;caption&quot;:&quot;&quot;,&quot;created_timestamp&quot;:&quot;0&quot;,&quot;copyright&quot;:&quot;&quot;,&quot;focal_length&quot;:&quot;0&quot;,&quot;iso&quot;:&quot;0&quot;,&quot;shutter_speed&quot;:&quot;0&quot;,&quot;title&quot;:&quot;&quot;,&quot;orientation&quot;:&quot;0&quot;}\" data-image-title=\"photo_2019-07-31_17-19-47\" data-image-description=\"\" data-image-caption=\"\" data-medium-file=\"https:\/\/www.grieta.org.mx\/wp-content\/uploads\/2019\/07\/photo_2019-07-31_17-19-47-300x169.jpg\" data-large-file=\"https:\/\/www.grieta.org.mx\/wp-content\/uploads\/2019\/07\/photo_2019-07-31_17-19-47-1024x576.jpg\" class=\"alignleft wp-image-37238\" src=\"http:\/\/www.grieta.org.mx\/wp-content\/uploads\/2019\/07\/photo_2019-07-31_17-19-47-1024x576.jpg\" alt=\"\" width=\"800\" height=\"450\" srcset=\"https:\/\/www.grieta.org.mx\/wp-content\/uploads\/2019\/07\/photo_2019-07-31_17-19-47-1024x576.jpg 1024w, https:\/\/www.grieta.org.mx\/wp-content\/uploads\/2019\/07\/photo_2019-07-31_17-19-47-300x169.jpg 300w, https:\/\/www.grieta.org.mx\/wp-content\/uploads\/2019\/07\/photo_2019-07-31_17-19-47-768x432.jpg 768w, https:\/\/www.grieta.org.mx\/wp-content\/uploads\/2019\/07\/photo_2019-07-31_17-19-47-889x500.jpg 889w, https:\/\/www.grieta.org.mx\/wp-content\/uploads\/2019\/07\/photo_2019-07-31_17-19-47.jpg 1280w\" sizes=\"auto, (max-width: 800px) 100vw, 800px\" \/><\/p>\n<p><strong>La fuerza de seguir luchando<\/strong><\/p>\n<p>En palabras de las entrevistadas, asistir al Segundo Encuentro Nacional de Mujeres del Congreso Nacional Ind\u00edgena-Concejo Ind\u00edgena de Gobierno es para ellas un aliciente para continuar con su resistencia: \u201cmi comunidad me nombr\u00f3 para participar y entend\u00ed pues que es un momento de lucha, de lucha dura, \u00bfno? Porque no es nada f\u00e1cil. Y que es una lucha fuerte porque no es de ahorita arreglarlo. Nada m\u00e1s aqu\u00ed es un aviso para difundir esta informaci\u00f3n y para seguir ora s\u00ed que fuertes en nuestros hogares y en nuestra comunidad. Y no dejar nuestra comunidad porque es el \u00fanico patrimonio que tenemos. Eso es lo que voy a informarle a mis compa\u00f1eros (\u2026), que pues no dejamos de luchar\u201d.<br \/>\nOtra m\u00e1s reflexiona: &#8220;lo que aprend\u00ed y lo que o\u00ed es un alivio (\u2026) recibimos fortaleza y pl\u00e1ticas. Y nos desahogamos, porque traemos un resentimiento, como una pena que nos est\u00e1 quemando por dentro, que queremos saber qui\u00e9n nos apoya. Que nos dice est\u00e1 bien o no est\u00e1 bien lo que est\u00e1s haciendo\u201d, dice una compa\u00f1era. Otra m\u00e1s reflexiona:<br \/>\nFinalmente, otra compa\u00f1era concluye: \u201cluchas por tus hijos, por tus hijas, por tus nietos, por lo ni\u00f1os que vienen. Porque es tu pueblo, ah\u00ed naciste, ah\u00ed creciste. Entonces con todo esto que vienen y nos atacan, y destruyen nuestras casas. Y uno dice: \u00b4ya destruyeron nuestras casas, entonces hay que irse, a donde haya paz\u00b4. Pero ahora con este encuentro digo no, no nos vamos a ir y vamos a seguir adelante hasta donde Dios diga [\u2026] Entonces gracias a todas las compa\u00f1eras que est\u00e1n aqu\u00ed, nosotras aprendimos que nuestro pueblo y nuestra tierra lo vamos a defender. Es la fuerza de seguir luchando\u201d.<\/p>\n<figure id=\"attachment_37289\" aria-describedby=\"caption-attachment-37289\" style=\"width: 800px\" class=\"wp-caption aligncenter\"><a href=\"http:\/\/www.grieta.org.mx\/wp-content\/uploads\/2019\/08\/WhatsApp-Image-2019-08-01-at-6.24.16-PM.jpeg\"><img loading=\"lazy\" decoding=\"async\" data-attachment-id=\"37289\" data-permalink=\"https:\/\/www.grieta.org.mx\/index.php\/2019\/08\/01\/voces-del-ii-encuentro-de-mujeres-mujeres-de-san-pablo-cuatro-venados-en-defensa-de-su-territorio-oaxaca\/whatsapp-image-2019-08-01-at-6-24-16-pm\/\" data-orig-file=\"https:\/\/www.grieta.org.mx\/wp-content\/uploads\/2019\/08\/WhatsApp-Image-2019-08-01-at-6.24.16-PM.jpeg\" data-orig-size=\"1280,757\" data-comments-opened=\"0\" data-image-meta=\"{&quot;aperture&quot;:&quot;0&quot;,&quot;credit&quot;:&quot;&quot;,&quot;camera&quot;:&quot;&quot;,&quot;caption&quot;:&quot;&quot;,&quot;created_timestamp&quot;:&quot;0&quot;,&quot;copyright&quot;:&quot;&quot;,&quot;focal_length&quot;:&quot;0&quot;,&quot;iso&quot;:&quot;0&quot;,&quot;shutter_speed&quot;:&quot;0&quot;,&quot;title&quot;:&quot;&quot;,&quot;orientation&quot;:&quot;0&quot;}\" data-image-title=\"WhatsApp Image 2019-08-01 at 6.24.16 PM\" data-image-description=\"\" data-image-caption=\"\" data-medium-file=\"https:\/\/www.grieta.org.mx\/wp-content\/uploads\/2019\/08\/WhatsApp-Image-2019-08-01-at-6.24.16-PM-300x177.jpeg\" data-large-file=\"https:\/\/www.grieta.org.mx\/wp-content\/uploads\/2019\/08\/WhatsApp-Image-2019-08-01-at-6.24.16-PM-1024x606.jpeg\" class=\"wp-image-37289\" src=\"http:\/\/www.grieta.org.mx\/wp-content\/uploads\/2019\/08\/WhatsApp-Image-2019-08-01-at-6.24.16-PM-300x177.jpeg\" alt=\"\" width=\"800\" height=\"473\" srcset=\"https:\/\/www.grieta.org.mx\/wp-content\/uploads\/2019\/08\/WhatsApp-Image-2019-08-01-at-6.24.16-PM-300x177.jpeg 300w, https:\/\/www.grieta.org.mx\/wp-content\/uploads\/2019\/08\/WhatsApp-Image-2019-08-01-at-6.24.16-PM-768x454.jpeg 768w, https:\/\/www.grieta.org.mx\/wp-content\/uploads\/2019\/08\/WhatsApp-Image-2019-08-01-at-6.24.16-PM-1024x606.jpeg 1024w, https:\/\/www.grieta.org.mx\/wp-content\/uploads\/2019\/08\/WhatsApp-Image-2019-08-01-at-6.24.16-PM-845x500.jpeg 845w, https:\/\/www.grieta.org.mx\/wp-content\/uploads\/2019\/08\/WhatsApp-Image-2019-08-01-at-6.24.16-PM.jpeg 1280w\" sizes=\"auto, (max-width: 800px) 100vw, 800px\" \/><\/a><figcaption id=\"caption-attachment-37289\" class=\"wp-caption-text\">Mujeres reunidas en el Segundo Encuentro Nacional de Mujeres del CNI-CIG. Foto: Colectivo Grieta.<\/figcaption><\/figure>\n","protected":false},"excerpt":{"rendered":"<p>&nbsp; \u201cCondenamos la agresi\u00f3n y destrucci\u00f3n ocurridos la madrugada del 31 de mayo en las localidades de Rebollero y Rio Minas, pertenecientes a la comunidad binizza de San Pablo Cuatro &hellip; <a href=\"https:\/\/www.grieta.org.mx\/index.php\/2019\/08\/01\/voces-del-ii-encuentro-de-mujeres-mujeres-de-san-pablo-cuatro-venados-en-defensa-de-su-territorio-oaxaca\/\" class=\"more-link\">Leer m\u00e1s<\/a><\/p>\n","protected":false},"author":2,"featured_media":37235,"comment_status":"closed","ping_status":"closed","sticky":false,"template":"","format":"standard","meta":{"ngg_post_thumbnail":0,"_jetpack_newsletter_access":"","_jetpack_dont_email_post_to_subs":false,"_jetpack_newsletter_tier_id":0,"_jetpack_memberships_contains_paywalled_content":false,"_jetpack_memberships_contains_paid_content":false,"footnotes":""},"categories":[80,79,1775,1495,1357,1358,2708,2392,1605,1278,3,6,2,25,1496,83],"tags":[2216,2963,2230],"class_list":["post-37231","post","type-post","status-publish","format-standard","has-post-thumbnail","hentry","category-cintillo","category-cni","category-colectivo-grieta","category-conflictos-agrarios-en-oaxaca","category-conflictos-mineros-en-oaxaca","category-conflictos-por-megaproyectos-en-oaxaca","category-desplazados","category-desplazados-por-violencia-en-oaxaca","category-despojo-de-tierras-en-oaxaca","category-despojo-de-tierras-y-territorios","category-megaproyectos","category-mineria","category-noticias-nacionales","category-oaxaca","category-represion-en-oaxaca","category-temas-nacionales","tag-conflictos-por-mineria","tag-cuatro-venados","tag-proyectos-mineros","entry"],"jetpack_featured_media_url":"https:\/\/www.grieta.org.mx\/wp-content\/uploads\/2019\/07\/r\u00edo.jpg","jetpack_sharing_enabled":true,"jetpack_shortlink":"https:\/\/wp.me\/p7ZJR4-9Gv","jetpack_likes_enabled":false,"jetpack-related-posts":[{"id":41905,"url":"https:\/\/www.grieta.org.mx\/index.php\/2019\/12\/06\/alerta-maxima-en-la-comunidad-de-4-venados-oaxaca-tras-presencia-del-ejercito-oaxaca\/","url_meta":{"origin":37231,"position":0},"title":"Alerta m\u00e1xima en la comunidad de 4 Venados tras presencia del ej\u00e9rcito (Oaxaca)","author":"Admin","date":"6 diciembre, 2019","format":false,"excerpt":"Los comuneros de la localidad el Rebollero, R\u00edo Minas y paraje los Arquitos lanzaron un comunicado dirigido al Concejo Ind\u00edgena de Gobierno, al Congreso Nacional Ind\u00edgena, a los medios libres y alternativos, a los medios de comunicaci\u00f3n en general y a la sociedad civil nacional e internacional en donde denuncian\u2026","rel":"","context":"En &quot;CINTILLO&quot;","block_context":{"text":"CINTILLO","link":"https:\/\/www.grieta.org.mx\/index.php\/category\/cintillo\/"},"img":{"alt_text":"","src":"https:\/\/i0.wp.com\/www.grieta.org.mx\/wp-content\/uploads\/2019\/10\/IMG-20191013-WA0009.jpg?resize=350%2C200&ssl=1","width":350,"height":200,"srcset":"https:\/\/i0.wp.com\/www.grieta.org.mx\/wp-content\/uploads\/2019\/10\/IMG-20191013-WA0009.jpg?resize=350%2C200&ssl=1 1x, https:\/\/i0.wp.com\/www.grieta.org.mx\/wp-content\/uploads\/2019\/10\/IMG-20191013-WA0009.jpg?resize=525%2C300&ssl=1 1.5x, https:\/\/i0.wp.com\/www.grieta.org.mx\/wp-content\/uploads\/2019\/10\/IMG-20191013-WA0009.jpg?resize=700%2C400&ssl=1 2x, https:\/\/i0.wp.com\/www.grieta.org.mx\/wp-content\/uploads\/2019\/10\/IMG-20191013-WA0009.jpg?resize=1050%2C600&ssl=1 3x"},"classes":[]},{"id":40158,"url":"https:\/\/www.grieta.org.mx\/index.php\/2019\/10\/12\/comuneros-de-san-pablo-cuatro-venados-oaxaca-llaman-a-defender-las-tierras-y-advierten-sobre-posibles-agresiones-por-parte-de-los-tres-niveles-de-gobierno\/","url_meta":{"origin":37231,"position":1},"title":"Comuneros de San Pablo Cuatro Venados, Oaxaca, llaman a defender las tierras y advierten sobre posibles agresiones por parte de los tres niveles de gobierno","author":"grieta","date":"12 octubre, 2019","format":false,"excerpt":"Colectivo Grieta, 12 de Octubre de 2019 Oaxaca, Oaxaca.- Los comuneros de San Pablo 4 Venados pertenecientes a las localidades de El Rebollero, R\u00edo Minas y Paraje los Arquitos, anunciaron que la continuaci\u00f3n de su lucha en defensa de la tierra, al tiempo que reponsabilizaron a los tres niveles de\u2026","rel":"","context":"En &quot;CINTILLO&quot;","block_context":{"text":"CINTILLO","link":"https:\/\/www.grieta.org.mx\/index.php\/category\/cintillo\/"},"img":{"alt_text":"","src":"https:\/\/i0.wp.com\/www.grieta.org.mx\/wp-content\/uploads\/2019\/10\/IMG-20191013-WA0009.jpg?resize=350%2C200&ssl=1","width":350,"height":200,"srcset":"https:\/\/i0.wp.com\/www.grieta.org.mx\/wp-content\/uploads\/2019\/10\/IMG-20191013-WA0009.jpg?resize=350%2C200&ssl=1 1x, https:\/\/i0.wp.com\/www.grieta.org.mx\/wp-content\/uploads\/2019\/10\/IMG-20191013-WA0009.jpg?resize=525%2C300&ssl=1 1.5x, https:\/\/i0.wp.com\/www.grieta.org.mx\/wp-content\/uploads\/2019\/10\/IMG-20191013-WA0009.jpg?resize=700%2C400&ssl=1 2x, https:\/\/i0.wp.com\/www.grieta.org.mx\/wp-content\/uploads\/2019\/10\/IMG-20191013-WA0009.jpg?resize=1050%2C600&ssl=1 3x"},"classes":[]},{"id":44855,"url":"https:\/\/www.grieta.org.mx\/index.php\/2020\/02\/21\/se-opone-cuatro-venados-a-la-mineria-oaxaca\/","url_meta":{"origin":37231,"position":2},"title":"Se opone Cuatro Venados a la miner\u00eda (Oaxaca)","author":"grieta","date":"21 febrero, 2020","format":false,"excerpt":"Noticias \/ Octavio V\u00e9lez. Comuneros de San Pablo Cuatro Venados, regi\u00f3n de Valles Centrales, denunciaron que el gobierno federal de Enrique Pe\u00f1a Nieto entreg\u00f3 tres concesiones mineras en su territorio para la explotaci\u00f3n de oro y plata, sin su consentimiento y sin respetar sus derechos. En conferencia de prensa, la\u2026","rel":"","context":"En &quot;CINTILLO&quot;","block_context":{"text":"CINTILLO","link":"https:\/\/www.grieta.org.mx\/index.php\/category\/cintillo\/"},"img":{"alt_text":"","src":"https:\/\/i0.wp.com\/www.grieta.org.mx\/wp-content\/uploads\/2020\/02\/copia_de_minera_1.jpg?resize=350%2C200&ssl=1","width":350,"height":200,"srcset":"https:\/\/i0.wp.com\/www.grieta.org.mx\/wp-content\/uploads\/2020\/02\/copia_de_minera_1.jpg?resize=350%2C200&ssl=1 1x, https:\/\/i0.wp.com\/www.grieta.org.mx\/wp-content\/uploads\/2020\/02\/copia_de_minera_1.jpg?resize=525%2C300&ssl=1 1.5x, https:\/\/i0.wp.com\/www.grieta.org.mx\/wp-content\/uploads\/2020\/02\/copia_de_minera_1.jpg?resize=700%2C400&ssl=1 2x, https:\/\/i0.wp.com\/www.grieta.org.mx\/wp-content\/uploads\/2020\/02\/copia_de_minera_1.jpg?resize=1050%2C600&ssl=1 3x"},"classes":[]},{"id":56906,"url":"https:\/\/www.grieta.org.mx\/index.php\/2021\/02\/10\/accion-urgente-denuncia-comunidades-indigenas-pertenecientes-a-cuatro-venados-oaxaca\/","url_meta":{"origin":37231,"position":3},"title":"Acci\u00f3n Urgente. Denuncia comunidades ind\u00edgenas pertenecientes a Cuatro Venados, Oaxaca.","author":"grieta","date":"10 febrero, 2021","format":false,"excerpt":"A los medios de comunicaci\u00f3n A los medios Libres e independientes Al Congreso Nacional Ind\u00edgena y su Concejo Ind\u00edgena de Gobierno Al Ejercito Zapatista de Liberaci\u00f3n Nacional 9 de febrero del 2021 Nosotras, nosotros, comuneros y vecinos de la localidad el Rebollero, Rio Minas y Paraje los Arquitos, pertenecientes al\u2026","rel":"","context":"En &quot;CINTILLO&quot;","block_context":{"text":"CINTILLO","link":"https:\/\/www.grieta.org.mx\/index.php\/category\/cintillo\/"},"img":{"alt_text":"","src":"https:\/\/i0.wp.com\/www.grieta.org.mx\/wp-content\/uploads\/2021\/02\/IMG-20210209-WA0023-670x400-1.jpg?resize=350%2C200&ssl=1","width":350,"height":200,"srcset":"https:\/\/i0.wp.com\/www.grieta.org.mx\/wp-content\/uploads\/2021\/02\/IMG-20210209-WA0023-670x400-1.jpg?resize=350%2C200&ssl=1 1x, https:\/\/i0.wp.com\/www.grieta.org.mx\/wp-content\/uploads\/2021\/02\/IMG-20210209-WA0023-670x400-1.jpg?resize=525%2C300&ssl=1 1.5x"},"classes":[]},{"id":59657,"url":"https:\/\/www.grieta.org.mx\/index.php\/2021\/06\/01\/a-dos-anos-del-intento-de-desalojo-nos-mantenemos-en-resistencia-contra-el-extractivismo-comunidades-de-el-rebollero-los-arquitos-y-rio-minas-cuatro-venados-oaxaca\/","url_meta":{"origin":37231,"position":4},"title":"A dos a\u00f1os del intento de desalojo, nos mantenemos en resistencia contra el extractivismo: Comunidades de El Rebollero, Los Arquitos y R\u00edo Minas, Cuatro Venados, Oaxaca.","author":"grieta","date":"1 junio, 2021","format":false,"excerpt":"Colectivo Grieta. En comunicado dirigido al CNI-CIG, al EZLN y a los medios libres y alternativos, recordaron que han pasado ya dos a\u00f1os desde aquel 31 de mayo del 2019 cu\u00e1ndo un grupo de personas, armadas con armas de grueso calibre, tomaron por asalto nuestra comunidad que habita los parajes,\u2026","rel":"","context":"En &quot;CINTILLO&quot;","block_context":{"text":"CINTILLO","link":"https:\/\/www.grieta.org.mx\/index.php\/category\/cintillo\/"},"img":{"alt_text":"","src":"https:\/\/i0.wp.com\/www.grieta.org.mx\/wp-content\/uploads\/2021\/06\/4v.png?resize=350%2C200&ssl=1","width":350,"height":200,"srcset":"https:\/\/i0.wp.com\/www.grieta.org.mx\/wp-content\/uploads\/2021\/06\/4v.png?resize=350%2C200&ssl=1 1x, https:\/\/i0.wp.com\/www.grieta.org.mx\/wp-content\/uploads\/2021\/06\/4v.png?resize=525%2C300&ssl=1 1.5x"},"classes":[]},{"id":51973,"url":"https:\/\/www.grieta.org.mx\/index.php\/2020\/07\/22\/documental-la-historia-de-un-pueblo-en-oaxaca-que-quieren-desaparecer\/","url_meta":{"origin":37231,"position":5},"title":"Documental, la historia de un pueblo en Oaxaca que quieren desaparecer","author":"grieta","date":"22 julio, 2020","format":false,"excerpt":"Avispa Midia \/ Santiago Navarro F. Una centena de ind\u00edgenas zapotecos, campesinos en su mayor\u00eda, viven en constante tensi\u00f3n desde que un grupo armado acompa\u00f1ado con maquinaria pesada intent\u00f3 desalojarlos de sus tierras en el mes de mayo del 2019. Los habitantes de los parajes los Arquitos, el Rebolledo y\u2026","rel":"","context":"En &quot;CINTILLO&quot;","block_context":{"text":"CINTILLO","link":"https:\/\/www.grieta.org.mx\/index.php\/category\/cintillo\/"},"img":{"alt_text":"","src":"https:\/\/i0.wp.com\/www.grieta.org.mx\/wp-content\/uploads\/2020\/07\/1-2.jpg?resize=350%2C200&ssl=1","width":350,"height":200,"srcset":"https:\/\/i0.wp.com\/www.grieta.org.mx\/wp-content\/uploads\/2020\/07\/1-2.jpg?resize=350%2C200&ssl=1 1x, https:\/\/i0.wp.com\/www.grieta.org.mx\/wp-content\/uploads\/2020\/07\/1-2.jpg?resize=525%2C300&ssl=1 1.5x, https:\/\/i0.wp.com\/www.grieta.org.mx\/wp-content\/uploads\/2020\/07\/1-2.jpg?resize=700%2C400&ssl=1 2x"},"classes":[]}],"_links":{"self":[{"href":"https:\/\/www.grieta.org.mx\/index.php\/wp-json\/wp\/v2\/posts\/37231","targetHints":{"allow":["GET"]}}],"collection":[{"href":"https:\/\/www.grieta.org.mx\/index.php\/wp-json\/wp\/v2\/posts"}],"about":[{"href":"https:\/\/www.grieta.org.mx\/index.php\/wp-json\/wp\/v2\/types\/post"}],"author":[{"embeddable":true,"href":"https:\/\/www.grieta.org.mx\/index.php\/wp-json\/wp\/v2\/users\/2"}],"replies":[{"embeddable":true,"href":"https:\/\/www.grieta.org.mx\/index.php\/wp-json\/wp\/v2\/comments?post=37231"}],"version-history":[{"count":1,"href":"https:\/\/www.grieta.org.mx\/index.php\/wp-json\/wp\/v2\/posts\/37231\/revisions"}],"predecessor-version":[{"id":37396,"href":"https:\/\/www.grieta.org.mx\/index.php\/wp-json\/wp\/v2\/posts\/37231\/revisions\/37396"}],"wp:featuredmedia":[{"embeddable":true,"href":"https:\/\/www.grieta.org.mx\/index.php\/wp-json\/wp\/v2\/media\/37235"}],"wp:attachment":[{"href":"https:\/\/www.grieta.org.mx\/index.php\/wp-json\/wp\/v2\/media?parent=37231"}],"wp:term":[{"taxonomy":"category","embeddable":true,"href":"https:\/\/www.grieta.org.mx\/index.php\/wp-json\/wp\/v2\/categories?post=37231"},{"taxonomy":"post_tag","embeddable":true,"href":"https:\/\/www.grieta.org.mx\/index.php\/wp-json\/wp\/v2\/tags?post=37231"}],"curies":[{"name":"wp","href":"https:\/\/api.w.org\/{rel}","templated":true}]}}