{"id":37168,"date":"2019-07-28T19:41:52","date_gmt":"2019-07-29T00:41:52","guid":{"rendered":"http:\/\/www.grieta.org.mx\/?p=37168"},"modified":"2019-07-30T19:56:11","modified_gmt":"2019-07-31T00:56:11","slug":"crisis-del-agua-afecta-al-sur-de-ciudad-de-mexico","status":"publish","type":"post","link":"https:\/\/www.grieta.org.mx\/index.php\/2019\/07\/28\/crisis-del-agua-afecta-al-sur-de-ciudad-de-mexico\/","title":{"rendered":"Crisis del agua afecta al sur de Ciudad de M\u00e9xico"},"content":{"rendered":"<figure id=\"attachment_37169\" aria-describedby=\"caption-attachment-37169\" style=\"width: 980px\" class=\"wp-caption alignleft\"><img loading=\"lazy\" decoding=\"async\" data-attachment-id=\"37169\" data-permalink=\"https:\/\/www.grieta.org.mx\/index.php\/2019\/07\/28\/crisis-del-agua-afecta-al-sur-de-ciudad-de-mexico\/crisis-del-agua-ajusco-ciudad-de-mexico\/\" data-orig-file=\"https:\/\/www.grieta.org.mx\/wp-content\/uploads\/2019\/07\/crisis-del-agua-ajusco-ciudad-de-mexico.jpg\" data-orig-size=\"980,550\" data-comments-opened=\"0\" data-image-meta=\"{&quot;aperture&quot;:&quot;0&quot;,&quot;credit&quot;:&quot;&quot;,&quot;camera&quot;:&quot;&quot;,&quot;caption&quot;:&quot;&quot;,&quot;created_timestamp&quot;:&quot;0&quot;,&quot;copyright&quot;:&quot;&quot;,&quot;focal_length&quot;:&quot;0&quot;,&quot;iso&quot;:&quot;0&quot;,&quot;shutter_speed&quot;:&quot;0&quot;,&quot;title&quot;:&quot;&quot;,&quot;orientation&quot;:&quot;0&quot;}\" data-image-title=\"crisis-del-agua-ajusco-ciudad-de-mexico\" data-image-description=\"\" data-image-caption=\"&lt;p&gt;Foto de Notimex\/Isa\u00edas Hern\u00e1ndez&lt;\/p&gt;\n\" data-medium-file=\"https:\/\/www.grieta.org.mx\/wp-content\/uploads\/2019\/07\/crisis-del-agua-ajusco-ciudad-de-mexico-300x168.jpg\" data-large-file=\"https:\/\/www.grieta.org.mx\/wp-content\/uploads\/2019\/07\/crisis-del-agua-ajusco-ciudad-de-mexico.jpg\" src=\"http:\/\/www.grieta.org.mx\/wp-content\/uploads\/2019\/07\/crisis-del-agua-ajusco-ciudad-de-mexico.jpg\" alt=\"\" width=\"980\" height=\"550\" class=\"size-full wp-image-37169\" srcset=\"https:\/\/www.grieta.org.mx\/wp-content\/uploads\/2019\/07\/crisis-del-agua-ajusco-ciudad-de-mexico.jpg 980w, https:\/\/www.grieta.org.mx\/wp-content\/uploads\/2019\/07\/crisis-del-agua-ajusco-ciudad-de-mexico-300x168.jpg 300w, https:\/\/www.grieta.org.mx\/wp-content\/uploads\/2019\/07\/crisis-del-agua-ajusco-ciudad-de-mexico-768x431.jpg 768w, https:\/\/www.grieta.org.mx\/wp-content\/uploads\/2019\/07\/crisis-del-agua-ajusco-ciudad-de-mexico-891x500.jpg 891w\" sizes=\"auto, (max-width: 980px) 100vw, 980px\" \/><figcaption id=\"caption-attachment-37169\" class=\"wp-caption-text\">Foto de Notimex\/Isa\u00edas Hern\u00e1ndez<\/figcaption><\/figure>\n<p>Informaci\u00f3nde Notimex\/L\u00f3pez-D\u00f3riga Digital<\/p>\n<blockquote><p>La crisis del agua afecta desde hace 28 a\u00f1os a habitantes del sur de la capital del pa\u00eds, y contin\u00faa recrudeciendose con el paso del tiempo<\/p><\/blockquote>\n<p>De acuerdo con expertos, en las pr\u00f3ximas d\u00e9cadas se podr\u00eda recrudecer la crisis del agua si contin\u00faan los h\u00e1bitos de mal uso y desperdicio, pero ese escenario adverso lleg\u00f3 de manera anticipada para muchas familias en el sur de Ciudad de M\u00e9xico.<\/p>\n<p>Para los habitantes de San Nicol\u00e1s II, una colonia localizada cerca del kil\u00f3metro 11.5 de la carretera Picacho-Ajusco, la advertencia o llamado de suspensi\u00f3n del  abasto no es novedad.<\/p>\n<p>\u201cLlevamos 28 a\u00f1os viviendo una crisis permanente del abastecimiento del agua\u201d, recalca Adriana Reyna Ram\u00edrez, quien comparte su hogar con seis personas -cuatro adultos y dos menores de edad-.<\/p>\n<figure id=\"attachment_37171\" aria-describedby=\"caption-attachment-37171\" style=\"width: 2000px\" class=\"wp-caption alignleft\"><img loading=\"lazy\" decoding=\"async\" data-attachment-id=\"37171\" data-permalink=\"https:\/\/www.grieta.org.mx\/index.php\/2019\/07\/28\/crisis-del-agua-afecta-al-sur-de-ciudad-de-mexico\/diversos-grupos-acaparan-el-agua-en-el-ajusco\/\" data-orig-file=\"https:\/\/www.grieta.org.mx\/wp-content\/uploads\/2019\/07\/crisis-del-agua-ciudad-de-mexico.jpg\" data-orig-size=\"2000,1328\" data-comments-opened=\"0\" data-image-meta=\"{&quot;aperture&quot;:&quot;0&quot;,&quot;credit&quot;:&quot;NOTIMEX&quot;,&quot;camera&quot;:&quot;&quot;,&quot;caption&quot;:&quot;90727117. M\\u00e9xico, 27 Jul 2019 (Notimex-Isa\\u00edas Hern\\u00e1ndez).- Ante la falta de agua, varios grupos han acaparado la distribuci\\u00f3n, control y comercializaci\\u00f3n del l\\u00edquido en varias colonias del Ajusco, por lo que los habitantes tienen que pagar de 50 hasta 200 pesos diarios para tenerla en sus hogares. Ciudad de M\\u00e9xico, 27 de julio de 2019.\\nNOTIMEX\/FOTO\/ISA\\u00cdAS HERN\\u00c1NDEZ\/IHH\/ENV\/&quot;,&quot;created_timestamp&quot;:&quot;1564245703&quot;,&quot;copyright&quot;:&quot;&quot;,&quot;focal_length&quot;:&quot;0&quot;,&quot;iso&quot;:&quot;0&quot;,&quot;shutter_speed&quot;:&quot;0&quot;,&quot;title&quot;:&quot;Diversos grupos acaparan el agua en el Ajusco&quot;,&quot;orientation&quot;:&quot;1&quot;}\" data-image-title=\"Diversos grupos acaparan el agua en el Ajusco\" data-image-description=\"\" data-image-caption=\"&lt;p&gt;Ante la falta de agua, varios grupos han acaparado la distribuci\u00f3n, control y comercializaci\u00f3n del l\u00edquido en varias colonias del Ajusco, por lo que los habitantes tienen que pagar de 50 hasta 200 pesos diarios para tenerla en sus hogares. Foto de Notimex\/Isa\u00edas Hern\u00e1ndez&lt;\/p&gt;\n\" data-medium-file=\"https:\/\/www.grieta.org.mx\/wp-content\/uploads\/2019\/07\/crisis-del-agua-ciudad-de-mexico-300x199.jpg\" data-large-file=\"https:\/\/www.grieta.org.mx\/wp-content\/uploads\/2019\/07\/crisis-del-agua-ciudad-de-mexico-1024x680.jpg\" src=\"http:\/\/www.grieta.org.mx\/wp-content\/uploads\/2019\/07\/crisis-del-agua-ciudad-de-mexico.jpg\" alt=\"\" width=\"2000\" height=\"1328\" class=\"size-full wp-image-37171\" srcset=\"https:\/\/www.grieta.org.mx\/wp-content\/uploads\/2019\/07\/crisis-del-agua-ciudad-de-mexico.jpg 2000w, https:\/\/www.grieta.org.mx\/wp-content\/uploads\/2019\/07\/crisis-del-agua-ciudad-de-mexico-300x199.jpg 300w, https:\/\/www.grieta.org.mx\/wp-content\/uploads\/2019\/07\/crisis-del-agua-ciudad-de-mexico-768x510.jpg 768w, https:\/\/www.grieta.org.mx\/wp-content\/uploads\/2019\/07\/crisis-del-agua-ciudad-de-mexico-1024x680.jpg 1024w, https:\/\/www.grieta.org.mx\/wp-content\/uploads\/2019\/07\/crisis-del-agua-ciudad-de-mexico-753x500.jpg 753w\" sizes=\"auto, (max-width: 2000px) 100vw, 2000px\" \/><figcaption id=\"caption-attachment-37171\" class=\"wp-caption-text\">Ante la falta de agua, varios grupos han acaparado la distribuci\u00f3n, control y comercializaci\u00f3n del l\u00edquido en varias colonias del Ajusco, por lo que los habitantes tienen que pagar de 50 hasta 200 pesos diarios para tenerla en sus hogares. Foto de Notimex\/Isa\u00edas Hern\u00e1ndez<\/figcaption><\/figure>\n<p>Sin dejar de recolectar el l\u00edquido que utiliz\u00f3 para lavar la ropa para usarla en el sanitario, cuenta que la escasez siempre ha estado presente en su vivienda por la falta de infraestructura para traerla desde el Sistema Cutzamala.<\/p>\n<p>Debido a ese problema siempre se ha recurrido al servicio de pipas que ofrece la alcald\u00eda de Tlalpan y el abastecimiento parec\u00eda un \u201ctanto resuelto\u201d hasta hace dos a\u00f1os y medio, cuando se les redujo de dos entregas mensuales a una \u201cy eso ha empeorado nuestra situaci\u00f3n\u201d.<\/p>\n<p>A diferencia de los servicios de electricidad, tel\u00e9fono e incluso Internet, el acceso a ese recurso ha representado un desaf\u00edo que demanda tiempo y altos recursos econ\u00f3micos para la casa que ocupan familias Tapia Reyna y Reyna Ram\u00edrez.<\/p>\n<p>El ama de casa se\u00f1ala que si bien el servicio de pipas se supone es gratuito en la demarcaci\u00f3n dirigida por Patricia Aceves Patrana, ellos pagan 76 pesos por cada contenedor de ocho mil litros y tienen derecho a solicitar una segunda, pero con un costo extra de hasta mil 200 pesos.<\/p>\n<p>\u201cSi queremos una pipa extra eso es lo que tenemos que pagar. Nos hemos visto en esa necesidad de comprarla porque no nos alcanza (el l\u00edquido), sobre todo en tiempo de calor porque la escasez es mucho m\u00e1s elevada y nos han tardado hasta dos meses en surtirnos de una pipa\u201d.<\/p>\n<p>\u201cEs un negocio redondo\u201d, dice la mujer de 38 a\u00f1os, estudiante de nivel superior y madre de los dos menores, los que m\u00e1s les preocupan por estar m\u00e1s expuestos a contraer una enfermedad de la piel o gastrointestinal por la falta del l\u00edquido.<\/p>\n<p>Su esposo, Genaro Antonio Tapia, refiere que la necesidad los ha llevado a destinar al menos 180 pesos diarios para la compra de hasta 12 garrafones de agua y ocuparlos para ba\u00f1arse y recorre una distancia de m\u00e1s de 45 minutos para acarrear el l\u00edquido desde los cerros del Ajusco.<\/p>\n<p>\u201cNos llevamos las cubetas o contenedores que podemos y nos vamos en el carro. Regresamos a paso lento para evitar derramar el agua, pues desperdiciarla es lo que menos queremos\u201d, narra mientras acompa\u00f1a a su esposa en el \u00e1rea de lavado.<\/p>\n<p>De acuerdo con Isla Urbana, organizaci\u00f3n encaminada a promover la captaci\u00f3n de agua pluvial, los mantos acu\u00edferos del Valle de M\u00e9xico contribuyen con 70 por ciento del abasto, el sistema Lerma-Balsas con 9.0, el Sistema Cutzamala con 21 por ciento y los pocos manantiales proveen s\u00f3lo 2.5.<\/p>\n<p>Sin embargo, 40 por ciento de toda el agua -que circula a trav\u00e9s de la red de distribuci\u00f3n la Ciudad de M\u00e9xico- se pierde entre fugas, mal mantenimiento de las tuber\u00edas y conexiones ilegales. Se estima que ese volumen ser\u00eda suficiente para proveer del servicio a cuatro millones de personas.<\/p>\n<p><strong>Bendita lluvia<\/strong><br \/>\nEl techo de la vivienda -construida en un terreno de unos 180 metros cuadrados- ha sido adaptado con canaletas de PVC para recolectar la mayor cantidad posible de agua pluvial desde julio y hasta septiembre, los meses con m\u00e1s abundancia de lluvias.<\/p>\n<p>\u201cEsa la mejor temporada porque tenemos m\u00e1s agua de lo cotidiano y ponemos hasta el recipiente m\u00e1s peque\u00f1o para recolectarla. Es agua que utilizamos para los servicios del ba\u00f1o, principalmente\u201d, expone Genaro, y explica que la delegaci\u00f3n les proporcion\u00f3 El Tlaloque, el sistema de captaci\u00f3n y aprovechamiento de agua de lluvia que fue dise\u00f1ado por mexicanos y tiene un precio de 3 mil 500 pesos.<\/p>\n<p>\u201cAqu\u00ed en la casa reutilizamos hasta la \u00faltima gota\u201d, asegura Adriana y explic\u00f3 que la situaci\u00f3n los oblig\u00f3 a ser m\u00e1s conscientes porque \u201cni nos atrevemos a lavar el carro con agua limpia\u201d.<\/p>\n<p>Pero sostiene que las autoridades locales no atienden sus demandas para llevar el l\u00edquido y atentan contra la salud de la poblaci\u00f3n.<\/p>\n<p>Mientras su esposo mira el agua que cae de la llave de ese sistema recuerda que el Art\u00edculo 4 de la Constituci\u00f3n mexicana establece el derecho de toda persona al acceso, disposici\u00f3n y saneamiento del l\u00edquido para consumo personal y dom\u00e9stico.<\/p>\n<p>\u201cEs obligaci\u00f3n del Estado proveer el l\u00edquido para la supervivencia de las personas\u201d, reitera Adriana, quien anticipa que prepara un documento para hacer saber su caso a las comisiones Nacional e Interamericana de Derechos Humanos, porque la alcald\u00eda de Tlalpan \u201cno nos da respuesta por m\u00e1s que nos manifestamos\u201d.<\/p>\n<p>Con informaci\u00f3n de Notimex<\/p>\n<p><a href=\"https:\/\/lopezdoriga.com\/nacional\/metropoli\/crisis-del-agua-afecta-al-sur-de-ciudad-de-mexico\/\" rel=\"noopener noreferrer\" target=\"_blank\">https:\/\/lopezdoriga.com\/nacional\/metropoli\/crisis-del-agua-afecta-al-sur-de-ciudad-de-mexico\/<\/a><\/p>\n","protected":false},"excerpt":{"rendered":"<p>Informaci\u00f3nde Notimex\/L\u00f3pez-D\u00f3riga Digital La crisis del agua afecta desde hace 28 a\u00f1os a habitantes del sur de la capital del pa\u00eds, y contin\u00faa recrudeciendose con el paso del tiempo De &hellip; <a href=\"https:\/\/www.grieta.org.mx\/index.php\/2019\/07\/28\/crisis-del-agua-afecta-al-sur-de-ciudad-de-mexico\/\" class=\"more-link\">Leer m\u00e1s<\/a><\/p>\n","protected":false},"author":2,"featured_media":37169,"comment_status":"closed","ping_status":"closed","sticky":false,"template":"","format":"standard","meta":{"ngg_post_thumbnail":0,"_jetpack_newsletter_access":"","_jetpack_dont_email_post_to_subs":false,"_jetpack_newsletter_tier_id":0,"_jetpack_memberships_contains_paywalled_content":false,"_jetpack_memberships_contains_paid_content":false,"footnotes":""},"categories":[80,14,1119,914,2,83],"tags":[2403,1558],"class_list":["post-37168","post","type-post","status-publish","format-standard","has-post-thumbnail","hentry","category-cintillo","category-ciudad-de-mexico","category-conflictos-por-falta-de-agua-en-la-ciudad-de-mexico","category-privatizacion-del-agua","category-noticias-nacionales","category-temas-nacionales","tag-crisis-del-agua","tag-desabasto-de-agua","entry"],"jetpack_featured_media_url":"https:\/\/www.grieta.org.mx\/wp-content\/uploads\/2019\/07\/crisis-del-agua-ajusco-ciudad-de-mexico.jpg","jetpack_sharing_enabled":true,"jetpack_shortlink":"https:\/\/wp.me\/p7ZJR4-9Fu","jetpack_likes_enabled":false,"jetpack-related-posts":[{"id":48302,"url":"https:\/\/www.grieta.org.mx\/index.php\/2020\/04\/22\/se-agudizan-rinas-y-secuestro-de-pipas-por-falta-de-agua-en-tlahuac-ciudad-de-mexico\/","url_meta":{"origin":37168,"position":0},"title":"Se agudizan ri\u00f1as y secuestro de pipas por falta de agua en Tl\u00e1huac (Ciudad de M\u00e9xico)","author":"grieta","date":"22 abril, 2020","format":false,"excerpt":"Imagen tomada de: www.imagenradio.com.mx Jon\u00e1s L\u00f3pez \/ Imagen Radio CIUDAD DE M\u00c9XICO. Vecinos de Tl\u00e1huac alertaron que la escasez de agua potable est\u00e1 ocasionando el secuestro de pipas y ri\u00f1as entre colonos. La organizaci\u00f3n vecinal Ciudadanos Organizados de colonia La Estaci\u00f3n indic\u00f3 en un comunicado que en los \u00faltimos d\u00edas\u2026","rel":"","context":"En &quot;CINTILLO&quot;","block_context":{"text":"CINTILLO","link":"https:\/\/www.grieta.org.mx\/index.php\/category\/cintillo\/"},"img":{"alt_text":"","src":"https:\/\/i0.wp.com\/www.grieta.org.mx\/wp-content\/uploads\/2020\/04\/Se-agudizan-ri%C3%B1as-y-secuestro-de-pipas-por-falta-de-agua-en-Tl%C3%A1huac-cdmx-abr.jpg?resize=350%2C200&ssl=1","width":350,"height":200,"srcset":"https:\/\/i0.wp.com\/www.grieta.org.mx\/wp-content\/uploads\/2020\/04\/Se-agudizan-ri%C3%B1as-y-secuestro-de-pipas-por-falta-de-agua-en-Tl%C3%A1huac-cdmx-abr.jpg?resize=350%2C200&ssl=1 1x, https:\/\/i0.wp.com\/www.grieta.org.mx\/wp-content\/uploads\/2020\/04\/Se-agudizan-ri%C3%B1as-y-secuestro-de-pipas-por-falta-de-agua-en-Tl%C3%A1huac-cdmx-abr.jpg?resize=525%2C300&ssl=1 1.5x, https:\/\/i0.wp.com\/www.grieta.org.mx\/wp-content\/uploads\/2020\/04\/Se-agudizan-ri%C3%B1as-y-secuestro-de-pipas-por-falta-de-agua-en-Tl%C3%A1huac-cdmx-abr.jpg?resize=700%2C400&ssl=1 2x"},"classes":[]},{"id":48299,"url":"https:\/\/www.grieta.org.mx\/index.php\/2020\/04\/20\/bloquean-ermita-por-falta-de-agua-desde-hace-tres-meses-ciudad-de-mexico\/","url_meta":{"origin":37168,"position":1},"title":"Bloquean Ermita por falta de agua desde hace tres meses (Ciudad de M\u00e9xico)","author":"grieta","date":"20 abril, 2020","format":false,"excerpt":"Vecinos de la colonia Parake Buenavista ignoran sana distancia y bloquean Ermita Iztapalapa. \/ Foto: Jos\u00e9 Antonio Garc\u00eda. Jos\u00e9 Antonio Garc\u00eda \/ Excelsior Vecinos de la colonia Paraje Buenavista, alcald\u00eda de Iztapalapa, indicaron que desde hace 90 d\u00edas no cuentan con el l\u00edquido y tienen que pagar hasta mil pesos\u2026","rel":"","context":"En &quot;CINTILLO&quot;","block_context":{"text":"CINTILLO","link":"https:\/\/www.grieta.org.mx\/index.php\/category\/cintillo\/"},"img":{"alt_text":"","src":"https:\/\/i0.wp.com\/www.grieta.org.mx\/wp-content\/uploads\/2020\/04\/Bloquean-Ermita-por-falta-de-agua-desde-hace-tres-meses-cdmx-abr.jpg?resize=350%2C200&ssl=1","width":350,"height":200,"srcset":"https:\/\/i0.wp.com\/www.grieta.org.mx\/wp-content\/uploads\/2020\/04\/Bloquean-Ermita-por-falta-de-agua-desde-hace-tres-meses-cdmx-abr.jpg?resize=350%2C200&ssl=1 1x, https:\/\/i0.wp.com\/www.grieta.org.mx\/wp-content\/uploads\/2020\/04\/Bloquean-Ermita-por-falta-de-agua-desde-hace-tres-meses-cdmx-abr.jpg?resize=525%2C300&ssl=1 1.5x"},"classes":[]},{"id":48309,"url":"https:\/\/www.grieta.org.mx\/index.php\/2020\/03\/20\/en-plena-contingencia-por-covid-19-al-menos-cinco-alcaldias-de-cdmx-tienen-escasez-de-agua\/","url_meta":{"origin":37168,"position":2},"title":"En plena contingencia por COVID-19, al menos cinco alcald\u00edas de CDMX tienen escasez de agua","author":"grieta","date":"20 marzo, 2020","format":false,"excerpt":"Foto: Cuartoscuro Animal Pol\u00edtico En tres de ellas el servicio se restablecer\u00e1 en varios d\u00edas debido a trabajos de mantenimiento en pozos; vecinos exigen atenci\u00f3n inmediata. Diversas alcald\u00edas de la Ciudad de M\u00e9xico reportan falta de agua en plena contingencia por el coronavirus COVID-19. Habitantes de por lo menos cinco\u2026","rel":"","context":"En &quot;CINTILLO&quot;","block_context":{"text":"CINTILLO","link":"https:\/\/www.grieta.org.mx\/index.php\/category\/cintillo\/"},"img":{"alt_text":"","src":"https:\/\/i0.wp.com\/www.grieta.org.mx\/wp-content\/uploads\/2020\/04\/En-plena-contingencia-por-COVID-19-al-menos-cinco-alcald%C3%ADas-de-CDMX-tienen-escasez-de-agua-cdmx-abr.jpeg?resize=350%2C200&ssl=1","width":350,"height":200,"srcset":"https:\/\/i0.wp.com\/www.grieta.org.mx\/wp-content\/uploads\/2020\/04\/En-plena-contingencia-por-COVID-19-al-menos-cinco-alcald%C3%ADas-de-CDMX-tienen-escasez-de-agua-cdmx-abr.jpeg?resize=350%2C200&ssl=1 1x, https:\/\/i0.wp.com\/www.grieta.org.mx\/wp-content\/uploads\/2020\/04\/En-plena-contingencia-por-COVID-19-al-menos-cinco-alcald%C3%ADas-de-CDMX-tienen-escasez-de-agua-cdmx-abr.jpeg?resize=525%2C300&ssl=1 1.5x, https:\/\/i0.wp.com\/www.grieta.org.mx\/wp-content\/uploads\/2020\/04\/En-plena-contingencia-por-COVID-19-al-menos-cinco-alcald%C3%ADas-de-CDMX-tienen-escasez-de-agua-cdmx-abr.jpeg?resize=700%2C400&ssl=1 2x, https:\/\/i0.wp.com\/www.grieta.org.mx\/wp-content\/uploads\/2020\/04\/En-plena-contingencia-por-COVID-19-al-menos-cinco-alcald%C3%ADas-de-CDMX-tienen-escasez-de-agua-cdmx-abr.jpeg?resize=1050%2C600&ssl=1 3x, https:\/\/i0.wp.com\/www.grieta.org.mx\/wp-content\/uploads\/2020\/04\/En-plena-contingencia-por-COVID-19-al-menos-cinco-alcald%C3%ADas-de-CDMX-tienen-escasez-de-agua-cdmx-abr.jpeg?resize=1400%2C800&ssl=1 4x"},"classes":[]},{"id":41934,"url":"https:\/\/www.grieta.org.mx\/index.php\/2019\/12\/03\/plan-de-mitikah-requiere-talar-60-arboles-mas-denuncian-ciudad-de-mexico\/","url_meta":{"origin":37168,"position":3},"title":"Plan de M\u00edtikah requiere talar 60 \u00e1rboles m\u00e1s, denuncian (Ciudad de M\u00e9xico)","author":"grieta","date":"3 diciembre, 2019","format":false,"excerpt":"La Silla Rota De acuerdo con un proyecto presentado por la Secretar\u00eda de Medio Ambiente a los habitantes de Xoco, el pozo se construir\u00eda en el \u00e1rea donde se ubicaba el Centro La posible construcci\u00f3n de un pozo de agua, como parte de las obras de mitigaci\u00f3n por el desarrollo\u2026","rel":"","context":"En &quot;CINTILLO&quot;","block_context":{"text":"CINTILLO","link":"https:\/\/www.grieta.org.mx\/index.php\/category\/cintillo\/"},"img":{"alt_text":"","src":"https:\/\/i0.wp.com\/www.grieta.org.mx\/wp-content\/uploads\/2019\/12\/Plan-de-M%C3%ADtikah-requiere-talar-60-cdmx-dic.jpg?resize=350%2C200","width":350,"height":200},"classes":[]},{"id":48312,"url":"https:\/\/www.grieta.org.mx\/index.php\/2020\/04\/02\/alcaldias-de-la-cdmx-sin-agua-potable-en-plena-pandemia-covid-19\/","url_meta":{"origin":37168,"position":4},"title":"Alcald\u00edas de la CDMX sin agua potable en plena pandemia Covid-19","author":"grieta","date":"2 abril, 2020","format":false,"excerpt":"Imagen tomada de: laverdadnoticias.com La Verdad Noticias En medio de la contingencia generada por la pandemia del Covid-19 varias alcald\u00edas de la CDMX sufren la falta de un servicio b\u00e1sico y esencial, agua potable Habitantes de varias alcald\u00edas de la Ciudad de M\u00e9xico (CDMX) enfrentan una batalla contra el coronavirus\u2026","rel":"","context":"En &quot;CINTILLO&quot;","block_context":{"text":"CINTILLO","link":"https:\/\/www.grieta.org.mx\/index.php\/category\/cintillo\/"},"img":{"alt_text":"","src":"https:\/\/i0.wp.com\/www.grieta.org.mx\/wp-content\/uploads\/2020\/04\/Alcald%C3%ADas-de-la-CDMX-sin-agua-potable-en-plena-pandemia-Covid-19-cdmx-abr.jpg?resize=350%2C200&ssl=1","width":350,"height":200,"srcset":"https:\/\/i0.wp.com\/www.grieta.org.mx\/wp-content\/uploads\/2020\/04\/Alcald%C3%ADas-de-la-CDMX-sin-agua-potable-en-plena-pandemia-Covid-19-cdmx-abr.jpg?resize=350%2C200&ssl=1 1x, https:\/\/i0.wp.com\/www.grieta.org.mx\/wp-content\/uploads\/2020\/04\/Alcald%C3%ADas-de-la-CDMX-sin-agua-potable-en-plena-pandemia-Covid-19-cdmx-abr.jpg?resize=525%2C300&ssl=1 1.5x, https:\/\/i0.wp.com\/www.grieta.org.mx\/wp-content\/uploads\/2020\/04\/Alcald%C3%ADas-de-la-CDMX-sin-agua-potable-en-plena-pandemia-Covid-19-cdmx-abr.jpg?resize=700%2C400&ssl=1 2x"},"classes":[]},{"id":43850,"url":"https:\/\/www.grieta.org.mx\/index.php\/2020\/02\/01\/nuevas-construcciones-inmobiliarias-burlan-control-de-agua-en-cdmx\/","url_meta":{"origin":37168,"position":5},"title":"Nuevas construcciones inmobiliarias burlan control de agua en CDMX","author":"grieta","date":"1 febrero, 2020","format":false,"excerpt":"Texto: Arturo Contreras Camero Foto: Duilio Rodr\u00edguez Pie de P\u00e1gina La Ciudad de M\u00e9xico cobrar\u00e1 35 por ciento m\u00e1s por uso excesivo de agua en algunas colonias. Vecinos de la colonia Roma Sur, en donde no se aplicar\u00e1 la medida, acusan que en su colonia la construcciones de unidades habitacionales\u2026","rel":"","context":"En &quot;CINTILLO&quot;","block_context":{"text":"CINTILLO","link":"https:\/\/www.grieta.org.mx\/index.php\/category\/cintillo\/"},"img":{"alt_text":"","src":"https:\/\/i0.wp.com\/www.grieta.org.mx\/wp-content\/uploads\/2020\/02\/Nuevas-construcciones-inmobiliarias-burlan-control-de-agua-en-CDMX.jpg?resize=350%2C200&ssl=1","width":350,"height":200,"srcset":"https:\/\/i0.wp.com\/www.grieta.org.mx\/wp-content\/uploads\/2020\/02\/Nuevas-construcciones-inmobiliarias-burlan-control-de-agua-en-CDMX.jpg?resize=350%2C200&ssl=1 1x, https:\/\/i0.wp.com\/www.grieta.org.mx\/wp-content\/uploads\/2020\/02\/Nuevas-construcciones-inmobiliarias-burlan-control-de-agua-en-CDMX.jpg?resize=525%2C300&ssl=1 1.5x, https:\/\/i0.wp.com\/www.grieta.org.mx\/wp-content\/uploads\/2020\/02\/Nuevas-construcciones-inmobiliarias-burlan-control-de-agua-en-CDMX.jpg?resize=700%2C400&ssl=1 2x, https:\/\/i0.wp.com\/www.grieta.org.mx\/wp-content\/uploads\/2020\/02\/Nuevas-construcciones-inmobiliarias-burlan-control-de-agua-en-CDMX.jpg?resize=1050%2C600&ssl=1 3x"},"classes":[]}],"_links":{"self":[{"href":"https:\/\/www.grieta.org.mx\/index.php\/wp-json\/wp\/v2\/posts\/37168","targetHints":{"allow":["GET"]}}],"collection":[{"href":"https:\/\/www.grieta.org.mx\/index.php\/wp-json\/wp\/v2\/posts"}],"about":[{"href":"https:\/\/www.grieta.org.mx\/index.php\/wp-json\/wp\/v2\/types\/post"}],"author":[{"embeddable":true,"href":"https:\/\/www.grieta.org.mx\/index.php\/wp-json\/wp\/v2\/users\/2"}],"replies":[{"embeddable":true,"href":"https:\/\/www.grieta.org.mx\/index.php\/wp-json\/wp\/v2\/comments?post=37168"}],"version-history":[{"count":1,"href":"https:\/\/www.grieta.org.mx\/index.php\/wp-json\/wp\/v2\/posts\/37168\/revisions"}],"predecessor-version":[{"id":37172,"href":"https:\/\/www.grieta.org.mx\/index.php\/wp-json\/wp\/v2\/posts\/37168\/revisions\/37172"}],"wp:featuredmedia":[{"embeddable":true,"href":"https:\/\/www.grieta.org.mx\/index.php\/wp-json\/wp\/v2\/media\/37169"}],"wp:attachment":[{"href":"https:\/\/www.grieta.org.mx\/index.php\/wp-json\/wp\/v2\/media?parent=37168"}],"wp:term":[{"taxonomy":"category","embeddable":true,"href":"https:\/\/www.grieta.org.mx\/index.php\/wp-json\/wp\/v2\/categories?post=37168"},{"taxonomy":"post_tag","embeddable":true,"href":"https:\/\/www.grieta.org.mx\/index.php\/wp-json\/wp\/v2\/tags?post=37168"}],"curies":[{"name":"wp","href":"https:\/\/api.w.org\/{rel}","templated":true}]}}