{"id":37155,"date":"2019-06-12T21:06:28","date_gmt":"2019-06-13T02:06:28","guid":{"rendered":"http:\/\/www.grieta.org.mx\/?p=37155"},"modified":"2019-07-29T21:23:17","modified_gmt":"2019-07-30T02:23:17","slug":"asesinada-la-periodista-norma-sarabia-en-el-estado-mexicano-de-tabasco","status":"publish","type":"post","link":"https:\/\/www.grieta.org.mx\/index.php\/2019\/06\/12\/asesinada-la-periodista-norma-sarabia-en-el-estado-mexicano-de-tabasco\/","title":{"rendered":"Asesinada la periodista Norma Sarabia en el Estado mexicano de Tabasco"},"content":{"rendered":"<p><img loading=\"lazy\" decoding=\"async\" data-attachment-id=\"37156\" data-permalink=\"https:\/\/www.grieta.org.mx\/index.php\/2019\/06\/12\/asesinada-la-periodista-norma-sarabia-en-el-estado-mexicano-de-tabasco\/1560314858_853856_1560315974_noticia_normal_recorte1\/\" data-orig-file=\"https:\/\/www.grieta.org.mx\/wp-content\/uploads\/2019\/07\/1560314858_853856_1560315974_noticia_normal_recorte1-e1564453213666.jpg\" data-orig-size=\"800,488\" data-comments-opened=\"0\" data-image-meta=\"{&quot;aperture&quot;:&quot;0&quot;,&quot;credit&quot;:&quot;&quot;,&quot;camera&quot;:&quot;&quot;,&quot;caption&quot;:&quot;&quot;,&quot;created_timestamp&quot;:&quot;0&quot;,&quot;copyright&quot;:&quot;&quot;,&quot;focal_length&quot;:&quot;0&quot;,&quot;iso&quot;:&quot;0&quot;,&quot;shutter_speed&quot;:&quot;0&quot;,&quot;title&quot;:&quot;&quot;,&quot;orientation&quot;:&quot;0&quot;}\" data-image-title=\"1560314858_853856_1560315974_noticia_normal_recorte1\" data-image-description=\"\" data-image-caption=\"\" data-medium-file=\"https:\/\/www.grieta.org.mx\/wp-content\/uploads\/2019\/07\/1560314858_853856_1560315974_noticia_normal_recorte1-300x183.jpg\" data-large-file=\"https:\/\/www.grieta.org.mx\/wp-content\/uploads\/2019\/07\/1560314858_853856_1560315974_noticia_normal_recorte1-1024x625.jpg\" src=\"http:\/\/www.grieta.org.mx\/wp-content\/uploads\/2019\/07\/1560314858_853856_1560315974_noticia_normal_recorte1-e1564453213666.jpg\" alt=\"\" width=\"800\" height=\"488\" class=\"alignleft size-full wp-image-37156\" \/><br \/>\nV. U.\/El Pa\u00eds<\/p>\n<blockquote><p>Sarabia, corresponsal del diario &#8216;Tabasco hoy&#8217; en Huimanguillo, ha recibido varios disparos en la puerta de su casa<\/p><\/blockquote>\n<p>M\u00e9xico suma ya seis periodistas asesinados en lo que va de 2019. La reportera Norma Sarabia ha fallecido este martes tras ser tiroteada en la puerta de su casa en Huimanguillo, en el Estado de Tabasco (sur de M\u00e9xico). La corresponsal en esta localidad del diario Tabasco hoy durante m\u00e1s de 15 a\u00f1os fue atacada por dos sujetos armados que dispararon desde una motocicleta, seg\u00fan ha informado el peri\u00f3dico para el que trabajaba. <\/p>\n<p>La sangr\u00eda contra la prensa no cesa en M\u00e9xico. Hasta este martes seis periodistas han sido asesinados durante 2019, una cifra similar a la de los \u00faltimos a\u00f1os, especialmente sangrientos para los informadores, seg\u00fan datos de la organizaci\u00f3n Art\u00edculo 19. Hasta el 11 de junio de 2018 se contabilizaron cuatro informadores asesinados, en 2016 fueron cinco y seis en 2017, el a\u00f1o m\u00e1s violento para los reporteros desde el 2000.<\/p>\n<p>La localidad, situada en el l\u00edmite con el Estado de Veracruz, sufre desde hace tiempo el aumento de la violencia. Este mismo lunes fue asesinado un l\u00edder sindical en este municipio de unos 180.000 habitantes, situado a unos 70 kil\u00f3metros de la capital del Estado.<\/p>\n<p>La polic\u00eda local ha acordonado la zona cercana a la vivienda de Sarabia y hasta el lugar de los hechos se ha trasladado la Fiscal\u00eda General del Estado para investigar lo ocurrido. La Asociaci\u00f3n Tabasque\u00f1a de Periodistas ha lamentado el asesinato a trav\u00e9s de Twitter. Tambi\u00e9n lo ha hecho el director editorial de Tabasco Hoy: &#8220;Lamentamos profundamente su muerte y nos solidarizamos con su familia&#8221;, ha asegurado. El colectivo Art\u00edculo 19, organizaci\u00f3n a favor de la libertad de prensa en M\u00e9xico, ha exigido a las autoridades que el homicidio de Sarabia tenga como principal l\u00ednea de investigaci\u00f3n su labor period\u00edstica. De acuerdo con sus indicadores siete periodistas han muerto por actividades derivadas de su profesi\u00f3n como reporteros durante la Administraci\u00f3n de Andr\u00e9s Manuel L\u00f3pez Obrador.<\/p>\n<p>Durante los seis a\u00f1os que estuvo el expresidente Enrique Pe\u00f1a Nieto en el poder 47 reporteros fueron asesinados y M\u00e9xico se convirti\u00f3 en el pa\u00eds m\u00e1s peligroso para ejercer la profesi\u00f3n, seg\u00fan denuncia Art\u00edculo 19. En los primeros seis meses de mandato de L\u00f3pez Obrador poco parece haber cambiado. La tendencia sigue siendo la misma.<\/p>\n<p><a href=\"https:\/\/elpais.com\/internacional\/2019\/06\/12\/mexico\/1560314858_853856.html\" rel=\"noopener noreferrer\" target=\"_blank\">https:\/\/elpais.com\/internacional\/2019\/06\/12\/mexico\/1560314858_853856.html<\/a><\/p>\n","protected":false},"excerpt":{"rendered":"<p>V. U.\/El Pa\u00eds Sarabia, corresponsal del diario &#8216;Tabasco hoy&#8217; en Huimanguillo, ha recibido varios disparos en la puerta de su casa M\u00e9xico suma ya seis periodistas asesinados en lo que &hellip; <a href=\"https:\/\/www.grieta.org.mx\/index.php\/2019\/06\/12\/asesinada-la-periodista-norma-sarabia-en-el-estado-mexicano-de-tabasco\/\" class=\"more-link\">Leer m\u00e1s<\/a><\/p>\n","protected":false},"author":2,"featured_media":37156,"comment_status":"closed","ping_status":"closed","sticky":false,"template":"","format":"standard","meta":{"ngg_post_thumbnail":0,"_jetpack_newsletter_access":"","_jetpack_dont_email_post_to_subs":false,"_jetpack_newsletter_tier_id":0,"_jetpack_memberships_contains_paywalled_content":false,"_jetpack_memberships_contains_paid_content":false,"footnotes":""},"categories":[80,2,32,83,88,1263],"tags":[2331],"class_list":["post-37155","post","type-post","status-publish","format-standard","has-post-thumbnail","hentry","category-cintillo","category-noticias-nacionales","category-tabasco","category-temas-nacionales","category-violencia-contra-periodistas","category-violencia-contra-periodistas-en-tabasco","tag-violencia-conta-periodistas","entry"],"jetpack_featured_media_url":"https:\/\/www.grieta.org.mx\/wp-content\/uploads\/2019\/07\/1560314858_853856_1560315974_noticia_normal_recorte1-e1564453213666.jpg","jetpack_sharing_enabled":true,"jetpack_shortlink":"https:\/\/wp.me\/p7ZJR4-9Fh","jetpack_likes_enabled":false,"jetpack-related-posts":[{"id":6279,"url":"https:\/\/www.grieta.org.mx\/index.php\/2016\/02\/23\/violencia-contra-periodistas-en-tabasco\/","url_meta":{"origin":37155,"position":0},"title":"Violencia contra periodistas en Tabasco","author":"grieta","date":"23 febrero, 2016","format":false,"excerpt":"23\/02\/16. Asesinan a locutor de radio en TabascoVoces 11\/02\/16. La violencia en contra de periodistas sigue: un reportero de Tabasco es agredido en su casaSin Embargo 02\/10\/15. Tabasco, una zona del silencio m\u00e1s en M\u00e9xico por impunidad ante cr\u00edmenes contra periodistas: CDPP\u00e1gina 3 25\/09\/15. Se investigan muertes de periodistas en\u2026","rel":"","context":"En &quot;NOTICIAS NACIONALES&quot;","block_context":{"text":"NOTICIAS NACIONALES","link":"https:\/\/www.grieta.org.mx\/index.php\/category\/noticias-nacionales\/"},"img":{"alt_text":"","src":"https:\/\/i0.wp.com\/www.grieta.org.mx\/wp-content\/uploads\/2018\/03\/14524434_1106112876131411_958039263622046936_o.jpg?resize=350%2C200&ssl=1","width":350,"height":200,"srcset":"https:\/\/i0.wp.com\/www.grieta.org.mx\/wp-content\/uploads\/2018\/03\/14524434_1106112876131411_958039263622046936_o.jpg?resize=350%2C200&ssl=1 1x, https:\/\/i0.wp.com\/www.grieta.org.mx\/wp-content\/uploads\/2018\/03\/14524434_1106112876131411_958039263622046936_o.jpg?resize=525%2C300&ssl=1 1.5x, https:\/\/i0.wp.com\/www.grieta.org.mx\/wp-content\/uploads\/2018\/03\/14524434_1106112876131411_958039263622046936_o.jpg?resize=700%2C400&ssl=1 2x"},"classes":[]},{"id":29005,"url":"https:\/\/www.grieta.org.mx\/index.php\/2019\/02\/09\/asesinan-al-periodista-jesus-ramos-rodriguez-en-tabasco\/","url_meta":{"origin":37155,"position":1},"title":"Asesinan al periodista Jes\u00fas Ramos Rodr\u00edguez en Tabasco","author":"grieta","date":"9 febrero, 2019","format":false,"excerpt":"Redacci\u00f3n\/ADN Pol\u00edtico Villahermosa, TABASCO.- El periodista y locutor de radio Jes\u00fas \"Chuch\u00edn\" Ramos Rodr\u00edguez fue asesinado este s\u00e1bado en Tabasco, informaron fuentes oficiales. El crimen fue cometido por un hombre no identificado cuando el periodista estaba desayunando en un hotel del municipio de Emiliano Zapata, localidad en la frontera entre\u2026","rel":"","context":"En &quot;CINTILLO&quot;","block_context":{"text":"CINTILLO","link":"https:\/\/www.grieta.org.mx\/index.php\/category\/cintillo\/"},"img":{"alt_text":"","src":"https:\/\/i0.wp.com\/www.grieta.org.mx\/wp-content\/uploads\/2019\/02\/2095995.jpg?resize=350%2C200&ssl=1","width":350,"height":200,"srcset":"https:\/\/i0.wp.com\/www.grieta.org.mx\/wp-content\/uploads\/2019\/02\/2095995.jpg?resize=350%2C200&ssl=1 1x, https:\/\/i0.wp.com\/www.grieta.org.mx\/wp-content\/uploads\/2019\/02\/2095995.jpg?resize=525%2C300&ssl=1 1.5x"},"classes":[]},{"id":6292,"url":"https:\/\/www.grieta.org.mx\/index.php\/2015\/10\/02\/tabasco-una-zona-del-silencio-mas-en-mexico-por-impunidad-ante-crimenes-contra-periodistas-cdp\/","url_meta":{"origin":37155,"position":2},"title":"Tabasco, una zona del silencio m\u00e1s en M\u00e9xico por impunidad ante cr\u00edmenes contra periodistas: CDP","author":"grieta","date":"2 octubre, 2015","format":false,"excerpt":"P\u00e1gina 3 Oaxaca.- La Casa de los Derechos de Periodistas A.C, eleva su m\u00e1s en\u00e9rgica condena por el asesinato de los comunicadores Jos\u00e9 Joaqu\u00edn P\u00e9rez Morales y Aurelio Hern\u00e1ndez Herrera, de 70 y 63 a\u00f1os de edad, respectivamente, perpetrado en la ciudad de Villahermosa, Tabasco, el pasado 23 de septiembre.\u2026","rel":"","context":"En &quot;CINTILLO&quot;","block_context":{"text":"CINTILLO","link":"https:\/\/www.grieta.org.mx\/index.php\/category\/cintillo\/"},"img":{"alt_text":"","src":"https:\/\/i0.wp.com\/www.grieta.org.mx\/wp-content\/uploads\/2018\/03\/14524434_1106112876131411_958039263622046936_o.jpg?resize=350%2C200&ssl=1","width":350,"height":200,"srcset":"https:\/\/i0.wp.com\/www.grieta.org.mx\/wp-content\/uploads\/2018\/03\/14524434_1106112876131411_958039263622046936_o.jpg?resize=350%2C200&ssl=1 1x, https:\/\/i0.wp.com\/www.grieta.org.mx\/wp-content\/uploads\/2018\/03\/14524434_1106112876131411_958039263622046936_o.jpg?resize=525%2C300&ssl=1 1.5x, https:\/\/i0.wp.com\/www.grieta.org.mx\/wp-content\/uploads\/2018\/03\/14524434_1106112876131411_958039263622046936_o.jpg?resize=700%2C400&ssl=1 2x"},"classes":[]},{"id":34959,"url":"https:\/\/www.grieta.org.mx\/index.php\/2019\/06\/12\/la-cifra-presiona-a-amlo-ya-van-7-periodistas-y-ademas-14-activistas-asesinados-en-apenas-seis-meses\/","url_meta":{"origin":37155,"position":3},"title":"La cifra presiona a AMLO: ya van 7 periodistas y adem\u00e1s 14 activistas asesinados en apenas seis meses","author":"grieta","date":"12 junio, 2019","format":false,"excerpt":"Guadalupe Fuentes L\u00f3pez\/SinEmbargo En lo que va de la actual administraci\u00f3n federal, que preside Andr\u00e9s Manuel L\u00f3pez Obrador, suman al menos siete periodistas asesinados, dos de ellos que incluso contaban con el mecanismo de protecci\u00f3n, de acuerdo con cifras de organizaciones defensoras de la libre expresi\u00f3n. Pero la cifra de\u2026","rel":"","context":"En &quot;CINTILLO&quot;","block_context":{"text":"CINTILLO","link":"https:\/\/www.grieta.org.mx\/index.php\/category\/cintillo\/"},"img":{"alt_text":"","src":"https:\/\/i0.wp.com\/www.grieta.org.mx\/wp-content\/uploads\/2019\/06\/periodistas-y-activistas_con-7.jpg?resize=350%2C200&ssl=1","width":350,"height":200,"srcset":"https:\/\/i0.wp.com\/www.grieta.org.mx\/wp-content\/uploads\/2019\/06\/periodistas-y-activistas_con-7.jpg?resize=350%2C200&ssl=1 1x, https:\/\/i0.wp.com\/www.grieta.org.mx\/wp-content\/uploads\/2019\/06\/periodistas-y-activistas_con-7.jpg?resize=525%2C300&ssl=1 1.5x, https:\/\/i0.wp.com\/www.grieta.org.mx\/wp-content\/uploads\/2019\/06\/periodistas-y-activistas_con-7.jpg?resize=700%2C400&ssl=1 2x, https:\/\/i0.wp.com\/www.grieta.org.mx\/wp-content\/uploads\/2019\/06\/periodistas-y-activistas_con-7.jpg?resize=1050%2C600&ssl=1 3x"},"classes":[]},{"id":56137,"url":"https:\/\/www.grieta.org.mx\/index.php\/2021\/01\/04\/17-periodistas-asesinados-en-dos-anos-del-gobierno-de-4t\/","url_meta":{"origin":37155,"position":4},"title":"17 periodistas asesinados en dos a\u00f1os del gobierno de  4T","author":"grieta","date":"4 enero, 2021","format":false,"excerpt":"Redacci\u00f3n\/ Sol Yucat\u00e1n Ciudad de M\u00e9xico. \u2013 Durante los primeros dos a\u00f1os del gobierno de la 4T, la situaci\u00f3n del periodismo en nuestro pa\u00eds se agrav\u00f3 casi al doble, en comparaci\u00f3n con gobiernos anteriores. Cada 4 de enero se reconoce la labor de las y los periodistas mexicanos, quienes hacen\u2026","rel":"","context":"En &quot;Agresiones a periodistas en Morelos&quot;","block_context":{"text":"Agresiones a periodistas en Morelos","link":"https:\/\/www.grieta.org.mx\/index.php\/category\/noticias-nacionales\/morelos\/agresiones-a-periodistas-en-morelos\/"},"img":{"alt_text":"","src":"https:\/\/i0.wp.com\/www.grieta.org.mx\/wp-content\/uploads\/2021\/01\/WhatsApp-Image-2021-01-04-at-10.51.40.jpg?resize=350%2C200&ssl=1","width":350,"height":200,"srcset":"https:\/\/i0.wp.com\/www.grieta.org.mx\/wp-content\/uploads\/2021\/01\/WhatsApp-Image-2021-01-04-at-10.51.40.jpg?resize=350%2C200&ssl=1 1x, https:\/\/i0.wp.com\/www.grieta.org.mx\/wp-content\/uploads\/2021\/01\/WhatsApp-Image-2021-01-04-at-10.51.40.jpg?resize=525%2C300&ssl=1 1.5x, https:\/\/i0.wp.com\/www.grieta.org.mx\/wp-content\/uploads\/2021\/01\/WhatsApp-Image-2021-01-04-at-10.51.40.jpg?resize=700%2C400&ssl=1 2x"},"classes":[]},{"id":23228,"url":"https:\/\/www.grieta.org.mx\/index.php\/2018\/05\/15\/ejecutan-al-periodista-juan-carlos-huerta-tabasco\/","url_meta":{"origin":37155,"position":5},"title":"Ejecutan al periodista Juan Carlos Huerta (Tabasco)","author":"grieta","date":"15 mayo, 2018","format":false,"excerpt":"Redacci\u00f3n\/Tabasco Hoy Una movilizaci\u00f3n polic\u00edaca en fraccionamiento Flor del Tr\u00f3pico se dio esta ma\u00f1ana por el asesinato del periodista Juan Carlos Huerta. De acuerdo a los primeros reportes, Juan Carlos Huerta iba saliendo del fraccionamiento en su veh\u00edculo, un BMW color gris placas WUB-9999, cuando sujetos que arribaron en una\u2026","rel":"","context":"En &quot;CINTILLO&quot;","block_context":{"text":"CINTILLO","link":"https:\/\/www.grieta.org.mx\/index.php\/category\/cintillo\/"},"img":{"alt_text":"","src":"https:\/\/i0.wp.com\/www.grieta.org.mx\/wp-content\/uploads\/2018\/05\/439683_grande_77f9Xd1w-1.jpg?resize=350%2C200&ssl=1","width":350,"height":200,"srcset":"https:\/\/i0.wp.com\/www.grieta.org.mx\/wp-content\/uploads\/2018\/05\/439683_grande_77f9Xd1w-1.jpg?resize=350%2C200&ssl=1 1x, https:\/\/i0.wp.com\/www.grieta.org.mx\/wp-content\/uploads\/2018\/05\/439683_grande_77f9Xd1w-1.jpg?resize=525%2C300&ssl=1 1.5x, https:\/\/i0.wp.com\/www.grieta.org.mx\/wp-content\/uploads\/2018\/05\/439683_grande_77f9Xd1w-1.jpg?resize=700%2C400&ssl=1 2x"},"classes":[]}],"_links":{"self":[{"href":"https:\/\/www.grieta.org.mx\/index.php\/wp-json\/wp\/v2\/posts\/37155","targetHints":{"allow":["GET"]}}],"collection":[{"href":"https:\/\/www.grieta.org.mx\/index.php\/wp-json\/wp\/v2\/posts"}],"about":[{"href":"https:\/\/www.grieta.org.mx\/index.php\/wp-json\/wp\/v2\/types\/post"}],"author":[{"embeddable":true,"href":"https:\/\/www.grieta.org.mx\/index.php\/wp-json\/wp\/v2\/users\/2"}],"replies":[{"embeddable":true,"href":"https:\/\/www.grieta.org.mx\/index.php\/wp-json\/wp\/v2\/comments?post=37155"}],"version-history":[{"count":1,"href":"https:\/\/www.grieta.org.mx\/index.php\/wp-json\/wp\/v2\/posts\/37155\/revisions"}],"predecessor-version":[{"id":37158,"href":"https:\/\/www.grieta.org.mx\/index.php\/wp-json\/wp\/v2\/posts\/37155\/revisions\/37158"}],"wp:featuredmedia":[{"embeddable":true,"href":"https:\/\/www.grieta.org.mx\/index.php\/wp-json\/wp\/v2\/media\/37156"}],"wp:attachment":[{"href":"https:\/\/www.grieta.org.mx\/index.php\/wp-json\/wp\/v2\/media?parent=37155"}],"wp:term":[{"taxonomy":"category","embeddable":true,"href":"https:\/\/www.grieta.org.mx\/index.php\/wp-json\/wp\/v2\/categories?post=37155"},{"taxonomy":"post_tag","embeddable":true,"href":"https:\/\/www.grieta.org.mx\/index.php\/wp-json\/wp\/v2\/tags?post=37155"}],"curies":[{"name":"wp","href":"https:\/\/api.w.org\/{rel}","templated":true}]}}