{"id":37145,"date":"2019-07-22T17:14:16","date_gmt":"2019-07-22T22:14:16","guid":{"rendered":"http:\/\/www.grieta.org.mx\/?p=37145"},"modified":"2019-07-29T17:16:31","modified_gmt":"2019-07-29T22:16:31","slug":"baja-california-entidad-del-pais-con-mas-homicidios-durante-junio-del-2019","status":"publish","type":"post","link":"https:\/\/www.grieta.org.mx\/index.php\/2019\/07\/22\/baja-california-entidad-del-pais-con-mas-homicidios-durante-junio-del-2019\/","title":{"rendered":"Baja California, entidad del pa\u00eds con m\u00e1s homicidios durante junio del 2019"},"content":{"rendered":"<p>Carlos \u00c1lvarez \/ Zeta Tijuana.<\/p>\n<p><img loading=\"lazy\" decoding=\"async\" data-attachment-id=\"37146\" data-permalink=\"https:\/\/www.grieta.org.mx\/index.php\/2019\/07\/22\/baja-california-entidad-del-pais-con-mas-homicidios-durante-junio-del-2019\/asei\/\" data-orig-file=\"https:\/\/www.grieta.org.mx\/wp-content\/uploads\/2019\/07\/asei.jpeg\" data-orig-size=\"750,500\" data-comments-opened=\"0\" data-image-meta=\"{&quot;aperture&quot;:&quot;0&quot;,&quot;credit&quot;:&quot;&quot;,&quot;camera&quot;:&quot;&quot;,&quot;caption&quot;:&quot;&quot;,&quot;created_timestamp&quot;:&quot;0&quot;,&quot;copyright&quot;:&quot;&quot;,&quot;focal_length&quot;:&quot;0&quot;,&quot;iso&quot;:&quot;0&quot;,&quot;shutter_speed&quot;:&quot;0&quot;,&quot;title&quot;:&quot;&quot;,&quot;orientation&quot;:&quot;0&quot;}\" data-image-title=\"asei\" data-image-description=\"\" data-image-caption=\"\" data-medium-file=\"https:\/\/www.grieta.org.mx\/wp-content\/uploads\/2019\/07\/asei-300x200.jpeg\" data-large-file=\"https:\/\/www.grieta.org.mx\/wp-content\/uploads\/2019\/07\/asei.jpeg\" src=\"http:\/\/www.grieta.org.mx\/wp-content\/uploads\/2019\/07\/asei.jpeg\" alt=\"\" width=\"750\" height=\"500\" class=\"alignleft size-full wp-image-37146\" srcset=\"https:\/\/www.grieta.org.mx\/wp-content\/uploads\/2019\/07\/asei.jpeg 750w, https:\/\/www.grieta.org.mx\/wp-content\/uploads\/2019\/07\/asei-300x200.jpeg 300w\" sizes=\"auto, (max-width: 750px) 100vw, 750px\" \/><\/p>\n<p>En 18 de las 32 entidades del pa\u00eds se registr\u00f3 un alza en el n\u00famero de v\u00edctimas de asesinatos, mientras que en 14 estados hubo un detrimento en los homicidios, durante el primer semestre del 2019, seg\u00fan reflejan las cifras del Mapa de Incidencia Delictiva de junio, dado a conocer por el Secretariado Ejecutivo del Sistema Nacional de Seguridad P\u00fablica (SESNSP).<\/p>\n<p>Durante junio, las entidades que acumularon mayor n\u00famero de v\u00edctimas de homicidio doloso fueron Baja California, con 272; Guanajuato, con 248; Chihuahua, con 243; Estado de M\u00e9xico, con 228; Jalisco, con 226; Michoac\u00e1n, con 175; Guerrero, con 171; Sonora, con 164; Veracruz, con 149, y Ciudad de M\u00e9xico, con 143.<\/p>\n<p>Al contrario, las entidades que el mes pasado tuvieron menos v\u00edctimas fueron Yucat\u00e1n y Baja California Sur, con 2 cada una; Campeche, con 5; Durango y Aguascalientes, con 8 cada una, y Quer\u00e9taro, con 11.<\/p>\n<p>El promedio mensual nacional pas\u00f3 de 2 mil 714 v\u00edctimas de homicidio doloso durante el primer semestre del a\u00f1o pasado, a 2 mil 856 de \u00e9ste, una diferencia de 142. Si la tendencia contin\u00faa, el 2019 cerrar\u00e1 con m\u00e1s de 34 mil 200 v\u00edctimas y desplazar\u00e1 al 2018 como el a\u00f1o m\u00e1s violento en la historia moderna de M\u00e9xico.<\/p>\n<p>En cuanto al n\u00famero v\u00edctimas de delitos del fuero com\u00fan entre enero y junio, en las 32 entidades del pa\u00eds se registraron 17 mil 138 v\u00edctimas de homicidio doloso, un aumento de 5.21 por ciento en comparaci\u00f3n con el n\u00famero de asesinatos que se registraron en el mismo periodo del a\u00f1o pasado, cuando en total existieron 16 mil 288 v\u00edctimas.<\/p>\n<p>De las m\u00e1s de 17 mil v\u00edctimas de homicidio doloso registradas durante los primeros seis meses del presente a\u00f1o, en alrededor de 71.3 por ciento de los casos (12 mil 215 personas) fueron atacadas con un arma de fuego. De enero a junio del 2018, de las m\u00e1s de 16 mil 200 v\u00edctimas de asesinatos, 11 mil 460 murieron por un arma de fuego, lo equivalente a 70.35 por ciento del total.<\/p>\n<p>De enero a junio del 2019 se registraron 1 mill\u00f3n 4 mil 191 presuntos delitos en la Rep\u00fablica Mexicano, y s\u00f3lo en junio en todo el pa\u00eds la cifra alcanz\u00f3 170 mil 738, seg\u00fan los los mismos datos del organismo dependiente de la Secretar\u00eda de Gobernaci\u00f3n (Segob) del Gobierno Federal, encabezado por Andr\u00e9s Manuel L\u00f3pez Obrador.<\/p>\n<p>En el primer semestre de este a\u00f1o 2019, la entidad con un mayor aumento en asesinatos fue Nuevo Le\u00f3n, donde se registraron 486 v\u00edctimas de homicidio doloso, un aumento del 72 por ciento en comparaci\u00f3n con el mismo periodo del a\u00f1o pasado, cuando se tuvo conocimiento de 282 asesinatos.<\/p>\n<p>Seg\u00fan los datos del SESNSP, a Nuevo Le\u00f3n le siguen Sonora, Hidalgo, Morelos y Tabasco, con aumentos en el n\u00famero de homicidios dolosos de 67, 53, 44, y 42 por ciento, respectivamente, en comparaci\u00f3n con primer semestre del 2018. Por el contrario, Baja California Sur lidera a las 14 entidades que han registrado mejoras, ya que pas\u00f3 de registrar 125 asesinatos en el primer semestre del 2018, a 44 para el mismo periodo del a\u00f1o en curso, una reducci\u00f3n del 64 por ciento.<\/p>\n<p>Asimismo, el Estado de M\u00e9xico y Ciudad de M\u00e9xico registraron en junio los mayores \u00edndices delictivos, al registrar 28 mil 855 y 19 mil 959 delitos, respectivamente, seguidos por Jalisco, con 12 mil 893, y Guanajuato, con 11 mil 468. En contraste, Campeche, Tlaxcala y Nayarit reportaron las menores cifras de presuntos delitos, con 198, 332 y 412.<\/p>\n<p>Durante el primer semestre del a\u00f1o el EDOMEX y Ciudad de M\u00e9xico presentaron, tambi\u00e9n, las cifras m\u00e1s altas, con 159 mil 635 y 123 mil 403 presuntos delitos, seguidos por Jalisco, Guanajuato, Baja California y Puebla, con 81 mil 859, 68 mil 783, 49 mil 706 y 39 mil 872 il\u00edcitos, respectivamente.<\/p>\n<p><a href=\"https:\/\/zetatijuana.com\/2019\/07\/baja-california-entidad-del-pais-con-mas-homicidios-durante-junio-2019\/\" rel=\"noopener noreferrer\" target=\"_blank\">https:\/\/zetatijuana.com\/2019\/07\/baja-california-entidad-del-pais-con-mas-homicidios-durante-junio-2019\/<\/a><\/p>\n","protected":false},"excerpt":{"rendered":"<p>Carlos \u00c1lvarez \/ Zeta Tijuana. En 18 de las 32 entidades del pa\u00eds se registr\u00f3 un alza en el n\u00famero de v\u00edctimas de asesinatos, mientras que en 14 estados hubo &hellip; <a href=\"https:\/\/www.grieta.org.mx\/index.php\/2019\/07\/22\/baja-california-entidad-del-pais-con-mas-homicidios-durante-junio-del-2019\/\" class=\"more-link\">Leer m\u00e1s<\/a><\/p>\n","protected":false},"author":2,"featured_media":37146,"comment_status":"closed","ping_status":"closed","sticky":false,"template":"","format":"standard","meta":{"ngg_post_thumbnail":0,"_jetpack_newsletter_access":"","_jetpack_dont_email_post_to_subs":false,"_jetpack_newsletter_tier_id":0,"_jetpack_memberships_contains_paywalled_content":false,"_jetpack_memberships_contains_paid_content":false,"footnotes":""},"categories":[5,80,2,1127],"tags":[],"class_list":["post-37145","post","type-post","status-publish","format-standard","has-post-thumbnail","hentry","category-baja-california","category-cintillo","category-noticias-nacionales","category-violencia-e-inseguridad-en-baja-california","entry"],"jetpack_featured_media_url":"https:\/\/www.grieta.org.mx\/wp-content\/uploads\/2019\/07\/asei.jpeg","jetpack_sharing_enabled":true,"jetpack_shortlink":"https:\/\/wp.me\/p7ZJR4-9F7","jetpack_likes_enabled":false,"jetpack-related-posts":[{"id":53590,"url":"https:\/\/www.grieta.org.mx\/index.php\/2020\/09\/18\/colima-es-el-estado-mas-impune-del-pais-no-resolvio-ningun-homicidio-de-enero-a-junio\/","url_meta":{"origin":37145,"position":0},"title":"Colima es el estado m\u00e1s impune del pa\u00eds; no resolvi\u00f3 ning\u00fan homicidio de enero a junio","author":"grieta","date":"18 septiembre, 2020","format":false,"excerpt":"Foto: Diario Avanzada Heidi de Le\u00f3n Guti\u00e9rrez \/ Diario Avanzada Colima, M\u00e9xico, Avanzada (18\/09\/2020).- Colima es una de las entidades con la tasa m\u00e1s alta de homicidios dolosos por cada 100 mil habitantes y con una impunidad del 100 por ciento. Lo anterior se desprende de la investigaci\u00f3n que realiz\u00f3\u2026","rel":"","context":"En &quot;CINTILLO&quot;","block_context":{"text":"CINTILLO","link":"https:\/\/www.grieta.org.mx\/index.php\/category\/cintillo\/"},"img":{"alt_text":"","src":"https:\/\/i0.wp.com\/www.grieta.org.mx\/wp-content\/uploads\/2018\/03\/14524434_1106112876131411_958039263622046936_o.jpg?resize=350%2C200&ssl=1","width":350,"height":200,"srcset":"https:\/\/i0.wp.com\/www.grieta.org.mx\/wp-content\/uploads\/2018\/03\/14524434_1106112876131411_958039263622046936_o.jpg?resize=350%2C200&ssl=1 1x, https:\/\/i0.wp.com\/www.grieta.org.mx\/wp-content\/uploads\/2018\/03\/14524434_1106112876131411_958039263622046936_o.jpg?resize=525%2C300&ssl=1 1.5x, https:\/\/i0.wp.com\/www.grieta.org.mx\/wp-content\/uploads\/2018\/03\/14524434_1106112876131411_958039263622046936_o.jpg?resize=700%2C400&ssl=1 2x"},"classes":[]},{"id":48295,"url":"https:\/\/www.grieta.org.mx\/index.php\/2020\/04\/26\/lidera-guanajuato-en-mayor-numero-de-homicidios-de-mujeres\/","url_meta":{"origin":37145,"position":1},"title":"Lidera Guanajuato en mayor n\u00famero de homicidios de mujeres","author":"grieta","date":"26 abril, 2020","format":false,"excerpt":"Guanajuato es el estado m\u00e1s inseguro para las mujeres, pues en los primeros tres meses del a\u00f1o, les quitaron la vida a 121 de ellas. Por Areli Barrera \/ AM, Le\u00f3n Guanajuato, 26 de abril de 2020 Le\u00f3n.- Con 121 v\u00edctimas mortales, Guanajuato se coloc\u00f3 como el estado con m\u00e1s\u2026","rel":"","context":"En &quot;CINTILLO&quot;","block_context":{"text":"CINTILLO","link":"https:\/\/www.grieta.org.mx\/index.php\/category\/cintillo\/"},"img":{"alt_text":"","src":"https:\/\/i0.wp.com\/www.grieta.org.mx\/wp-content\/uploads\/2020\/04\/CrucesRosasGto.jpg?resize=350%2C200&ssl=1","width":350,"height":200,"srcset":"https:\/\/i0.wp.com\/www.grieta.org.mx\/wp-content\/uploads\/2020\/04\/CrucesRosasGto.jpg?resize=350%2C200&ssl=1 1x, https:\/\/i0.wp.com\/www.grieta.org.mx\/wp-content\/uploads\/2020\/04\/CrucesRosasGto.jpg?resize=525%2C300&ssl=1 1.5x, https:\/\/i0.wp.com\/www.grieta.org.mx\/wp-content\/uploads\/2020\/04\/CrucesRosasGto.jpg?resize=700%2C400&ssl=1 2x"},"classes":[]},{"id":64658,"url":"https:\/\/www.grieta.org.mx\/index.php\/2022\/07\/26\/colima-lider-absoluto-en-homicidios-dolosos-contra-mujeres-13-5-casos-por-cada-100-mil-mujeres-sesnsp\/","url_meta":{"origin":37145,"position":2},"title":"Colima, l\u00edder absoluto en homicidios dolosos contra mujeres; 13.5 casos por cada 100 mil mujeres: SESNSP","author":"grieta","date":"26 julio, 2022","format":false,"excerpt":"Imagen: Tomada de la Red, Ilustrativa Alfredo Aquiles \/ Colima Noticias Con 281 muertes violentas en promedio 9.3 casos diarios, el pasado mes de junio rompi\u00f3 el m\u00e1ximo hist\u00f3rico de homicidios dolosos contra mujeres, un delito que ha ido a la alza durante 2022, siendo el Estado de Colima la\u2026","rel":"","context":"En &quot;CINTILLO&quot;","block_context":{"text":"CINTILLO","link":"https:\/\/www.grieta.org.mx\/index.php\/category\/cintillo\/"},"img":{"alt_text":"","src":"https:\/\/i0.wp.com\/www.grieta.org.mx\/wp-content\/uploads\/2022\/07\/nota-feminicidios-2021.webp?resize=350%2C200&ssl=1","width":350,"height":200,"srcset":"https:\/\/i0.wp.com\/www.grieta.org.mx\/wp-content\/uploads\/2022\/07\/nota-feminicidios-2021.webp?resize=350%2C200&ssl=1 1x, https:\/\/i0.wp.com\/www.grieta.org.mx\/wp-content\/uploads\/2022\/07\/nota-feminicidios-2021.webp?resize=525%2C300&ssl=1 1.5x, https:\/\/i0.wp.com\/www.grieta.org.mx\/wp-content\/uploads\/2022\/07\/nota-feminicidios-2021.webp?resize=700%2C400&ssl=1 2x, https:\/\/i0.wp.com\/www.grieta.org.mx\/wp-content\/uploads\/2022\/07\/nota-feminicidios-2021.webp?resize=1050%2C600&ssl=1 3x, https:\/\/i0.wp.com\/www.grieta.org.mx\/wp-content\/uploads\/2022\/07\/nota-feminicidios-2021.webp?resize=1400%2C800&ssl=1 4x"},"classes":[]},{"id":38463,"url":"https:\/\/www.grieta.org.mx\/index.php\/2019\/08\/20\/feminicidios-tienen-alza-alarmante-chihuahua-y-edomex-estados-mas-peligrosos\/","url_meta":{"origin":37145,"position":3},"title":"Feminicidios tienen alza alarmante; Chihuahua y Edomex, estados m\u00e1s peligrosos","author":"grieta","date":"20 agosto, 2019","format":false,"excerpt":"CIUDAD DE M\u00c9XICO. Comprender el enojo y la exigencia de un \u00a1ya basta! durante las marchas feministas de la semana pasada, implica empat\u00eda y capacidad de comprender que la violencia contra las mujeres es un fen\u00f3meno estructural y sist\u00e9mico, que en los \u00faltimos a\u00f1os ha adquirido dimensiones de esc\u00e1ndalo; por\u2026","rel":"","context":"En &quot;Chihuahua&quot;","block_context":{"text":"Chihuahua","link":"https:\/\/www.grieta.org.mx\/index.php\/category\/noticias-nacionales\/chihuahua\/"},"img":{"alt_text":"","src":"https:\/\/i0.wp.com\/www.grieta.org.mx\/wp-content\/uploads\/2019\/08\/2203861.jpg?resize=350%2C200&ssl=1","width":350,"height":200,"srcset":"https:\/\/i0.wp.com\/www.grieta.org.mx\/wp-content\/uploads\/2019\/08\/2203861.jpg?resize=350%2C200&ssl=1 1x, https:\/\/i0.wp.com\/www.grieta.org.mx\/wp-content\/uploads\/2019\/08\/2203861.jpg?resize=525%2C300&ssl=1 1.5x"},"classes":[]},{"id":29891,"url":"https:\/\/www.grieta.org.mx\/index.php\/2019\/02\/28\/matan-a-304-mujeres-en-el-pais-durante-enero\/","url_meta":{"origin":37145,"position":4},"title":"Matan a 304 mujeres en el pa\u00eds durante enero","author":"grieta","date":"28 febrero, 2019","format":false,"excerpt":"En un desglose el Estado de M\u00e9xico sum\u00f3 37 casos; en tanto Durango no tuvo registro alguno En enero de este a\u00f1o, al menos 304 mujeres fueron asesinadas en el pa\u00eds, con un promedio de 10 cr\u00edmenes por d\u00eda, y de ese total s\u00f3lo 75 casos fueron catalogados como presuntos\u2026","rel":"","context":"En &quot;Baja California Sur&quot;","block_context":{"text":"Baja California Sur","link":"https:\/\/www.grieta.org.mx\/index.php\/category\/noticias-nacionales\/baja-california-sur\/"},"img":{"alt_text":"","src":"https:\/\/i0.wp.com\/www.grieta.org.mx\/wp-content\/uploads\/2019\/03\/no-queremos.jpeg?resize=350%2C200&ssl=1","width":350,"height":200,"srcset":"https:\/\/i0.wp.com\/www.grieta.org.mx\/wp-content\/uploads\/2019\/03\/no-queremos.jpeg?resize=350%2C200&ssl=1 1x, https:\/\/i0.wp.com\/www.grieta.org.mx\/wp-content\/uploads\/2019\/03\/no-queremos.jpeg?resize=525%2C300&ssl=1 1.5x, https:\/\/i0.wp.com\/www.grieta.org.mx\/wp-content\/uploads\/2019\/03\/no-queremos.jpeg?resize=700%2C400&ssl=1 2x, https:\/\/i0.wp.com\/www.grieta.org.mx\/wp-content\/uploads\/2019\/03\/no-queremos.jpeg?resize=1050%2C600&ssl=1 3x, https:\/\/i0.wp.com\/www.grieta.org.mx\/wp-content\/uploads\/2019\/03\/no-queremos.jpeg?resize=1400%2C800&ssl=1 4x"},"classes":[]},{"id":52644,"url":"https:\/\/www.grieta.org.mx\/index.php\/2020\/08\/11\/en-cinco-anos-y-medio-colima-ha-registrado-380-feminicidios\/","url_meta":{"origin":37145,"position":5},"title":"En cinco a\u00f1os y medio Colima ha registrado 380 feminicidios","author":"grieta","date":"11 agosto, 2020","format":false,"excerpt":"Imagen: Colima Noticias Alfredo Aquiles \/ Colima Noticias Colima, Col.-\u00a0\u00a0Seg\u00fan datos estad\u00edsticos del Secretariado Ejecutivo del Sistema Nacional de Seguridad P\u00fablica, del 2015 a junio del 2020, esto es 5 a\u00f1os y medio, en Colima se han registrado 380 asesinatos de mujeres, los cuales est\u00e1n clasificados como feminicidios. La dependencia\u2026","rel":"","context":"En &quot;CINTILLO&quot;","block_context":{"text":"CINTILLO","link":"https:\/\/www.grieta.org.mx\/index.php\/category\/cintillo\/"},"img":{"alt_text":"","src":"https:\/\/i0.wp.com\/www.grieta.org.mx\/wp-content\/uploads\/2020\/08\/feminicidio-1-696x432.jpeg?resize=350%2C200&ssl=1","width":350,"height":200,"srcset":"https:\/\/i0.wp.com\/www.grieta.org.mx\/wp-content\/uploads\/2020\/08\/feminicidio-1-696x432.jpeg?resize=350%2C200&ssl=1 1x, https:\/\/i0.wp.com\/www.grieta.org.mx\/wp-content\/uploads\/2020\/08\/feminicidio-1-696x432.jpeg?resize=525%2C300&ssl=1 1.5x"},"classes":[]}],"_links":{"self":[{"href":"https:\/\/www.grieta.org.mx\/index.php\/wp-json\/wp\/v2\/posts\/37145","targetHints":{"allow":["GET"]}}],"collection":[{"href":"https:\/\/www.grieta.org.mx\/index.php\/wp-json\/wp\/v2\/posts"}],"about":[{"href":"https:\/\/www.grieta.org.mx\/index.php\/wp-json\/wp\/v2\/types\/post"}],"author":[{"embeddable":true,"href":"https:\/\/www.grieta.org.mx\/index.php\/wp-json\/wp\/v2\/users\/2"}],"replies":[{"embeddable":true,"href":"https:\/\/www.grieta.org.mx\/index.php\/wp-json\/wp\/v2\/comments?post=37145"}],"version-history":[{"count":1,"href":"https:\/\/www.grieta.org.mx\/index.php\/wp-json\/wp\/v2\/posts\/37145\/revisions"}],"predecessor-version":[{"id":37147,"href":"https:\/\/www.grieta.org.mx\/index.php\/wp-json\/wp\/v2\/posts\/37145\/revisions\/37147"}],"wp:featuredmedia":[{"embeddable":true,"href":"https:\/\/www.grieta.org.mx\/index.php\/wp-json\/wp\/v2\/media\/37146"}],"wp:attachment":[{"href":"https:\/\/www.grieta.org.mx\/index.php\/wp-json\/wp\/v2\/media?parent=37145"}],"wp:term":[{"taxonomy":"category","embeddable":true,"href":"https:\/\/www.grieta.org.mx\/index.php\/wp-json\/wp\/v2\/categories?post=37145"},{"taxonomy":"post_tag","embeddable":true,"href":"https:\/\/www.grieta.org.mx\/index.php\/wp-json\/wp\/v2\/tags?post=37145"}],"curies":[{"name":"wp","href":"https:\/\/api.w.org\/{rel}","templated":true}]}}