{"id":37058,"date":"2019-07-25T22:05:03","date_gmt":"2019-07-26T03:05:03","guid":{"rendered":"http:\/\/www.grieta.org.mx\/?p=37058"},"modified":"2019-07-28T22:19:19","modified_gmt":"2019-07-29T03:19:19","slug":"cidh-arremete-contra-eeuu-y-mexico-por-sus-politicas-migratorias","status":"publish","type":"post","link":"https:\/\/www.grieta.org.mx\/index.php\/2019\/07\/25\/cidh-arremete-contra-eeuu-y-mexico-por-sus-politicas-migratorias\/","title":{"rendered":"CIDH arremete contra EEUU y M\u00e9xico por sus pol\u00edticas migratorias"},"content":{"rendered":"<figure id=\"attachment_37059\" aria-describedby=\"caption-attachment-37059\" style=\"width: 780px\" class=\"wp-caption alignleft\"><img loading=\"lazy\" decoding=\"async\" data-attachment-id=\"37059\" data-permalink=\"https:\/\/www.grieta.org.mx\/index.php\/2019\/07\/25\/cidh-arremete-contra-eeuu-y-mexico-por-sus-politicas-migratorias\/01411208_xl\/\" data-orig-file=\"https:\/\/www.grieta.org.mx\/wp-content\/uploads\/2019\/07\/01411208_xl.jpg\" data-orig-size=\"880,495\" data-comments-opened=\"0\" data-image-meta=\"{&quot;aperture&quot;:&quot;0&quot;,&quot;credit&quot;:&quot;&quot;,&quot;camera&quot;:&quot;&quot;,&quot;caption&quot;:&quot;&quot;,&quot;created_timestamp&quot;:&quot;0&quot;,&quot;copyright&quot;:&quot;&quot;,&quot;focal_length&quot;:&quot;0&quot;,&quot;iso&quot;:&quot;0&quot;,&quot;shutter_speed&quot;:&quot;0&quot;,&quot;title&quot;:&quot;&quot;,&quot;orientation&quot;:&quot;0&quot;}\" data-image-title=\"01411208_xl\" data-image-description=\"\" data-image-caption=\"&lt;p&gt;Migrantes centroamericanos llegan a Texas, sur de EE.UU., 12 de junio de de 2019. (Foto: AFP)&lt;\/p&gt;\n\" data-medium-file=\"https:\/\/www.grieta.org.mx\/wp-content\/uploads\/2019\/07\/01411208_xl-300x169.jpg\" data-large-file=\"https:\/\/www.grieta.org.mx\/wp-content\/uploads\/2019\/07\/01411208_xl.jpg\" class=\"wp-image-37059\" src=\"http:\/\/www.grieta.org.mx\/wp-content\/uploads\/2019\/07\/01411208_xl.jpg\" alt=\"\" width=\"780\" height=\"439\" srcset=\"https:\/\/www.grieta.org.mx\/wp-content\/uploads\/2019\/07\/01411208_xl.jpg 880w, https:\/\/www.grieta.org.mx\/wp-content\/uploads\/2019\/07\/01411208_xl-300x169.jpg 300w, https:\/\/www.grieta.org.mx\/wp-content\/uploads\/2019\/07\/01411208_xl-768x432.jpg 768w\" sizes=\"auto, (max-width: 780px) 100vw, 780px\" \/><figcaption id=\"caption-attachment-37059\" class=\"wp-caption-text\">Migrantes centroamericanos llegan a Texas, sur de EE.UU., 12 de junio de de 2019. (Foto: AFP)<\/figcaption><\/figure>\n<p>HISPANTV<\/p>\n<p>La Comisi\u00f3n Interamericana de Derechos Humanos (CIDH) critica las pol\u00edticas migratorias de Estados Unidos y M\u00e9xico por violar los derechos humanos.<\/p>\n<p>A trav\u00e9s de un comunicado, publicado el martes, la CIDH destac\u00f3 que las pol\u00edticas migratorias adoptadas por Estados Unidos y M\u00e9xico \u201cson contrarias a obligaciones en materia de derechos humanos, en particular en lo que respecta al derecho a solicitar y recibir asilo, el principio de no devoluci\u00f3n, dado que, entre otros, exponen a estas personas a numerosos riesgos\u201d.<\/p>\n<p>Asimismo, se refiri\u00f3 al acuerdo alcanzado en junio entre ambos pa\u00edses y dijo que tal pacto desemboc\u00f3 en el despliegue de la Guardia Nacional de M\u00e9xico en la frontera y en un incremento dr\u00e1stico de las detenciones y deportaciones de migrantes.<\/p>\n<p>La CIDH insisti\u00f3 en la necesidad de frenar la \u201csecuritizaci\u00f3n, militarizaci\u00f3n y criminalizaci\u00f3n\u201d de las fronteras, as\u00ed como la criminalizaci\u00f3n de los defensores de derechos humanos.<\/p>\n<p>Asimismo, denunci\u00f3 la detenci\u00f3n indiscriminada de adultos y menores de edad, la muerte de ni\u00f1os migrantes en custodia as\u00ed como las malas condiciones de detenci\u00f3n.<\/p>\n<blockquote><p>(Las pol\u00edticas migratorias adoptadas por Estados Unidos y M\u00e9xico) &#8220;son contrarias a obligaciones en materia de derechos humanos, en particular en lo que respecta al derecho a solicitar y recibir asilo, el principio de no devoluci\u00f3n, dado que, entre otros, exponen a estas personas a numerosos riesgos\u201d, reza un comunicado de la Comisi\u00f3n Interamericana de Derechos Humanos (CIDH).<\/p><\/blockquote>\n<p>En cuanto a la medida estadounidense de separar a las familias, la comisi\u00f3n declar\u00f3 que tal medida es contraria a las normas del derecho internacional, por ello, llam\u00f3 a Washington a \u201ccesar de inmediato toda pr\u00e1ctica dirigida a separar a ni\u00f1os y ni\u00f1as de sus padres o tutores como una medida para impedir la migraci\u00f3n\u201d.<\/p>\n<p>En junio, M\u00e9xico y EE.UU. firmaron un acuerdo, seg\u00fan lo cual el pa\u00eds azteca se compromete a reducir el trasiego de emigrantes sin convertirse en un tercer pa\u00eds seguro. La meta principal es frenar la imposici\u00f3n de aranceles a las exportaciones mexicanas, medida que estaba prevista que entrara en vigor el 10 de junio y con la que el presidente de EE.UU., Donald Trump, amenazaba al Ejecutivo mexicano si no tomaba medidas para contener el flujo migratorio.<\/p>\n<p>Tras la firma del referido acuerdo, el Gobierno de M\u00e9xico despleg\u00f3 15 000 soldados de la Guardia Nacional y el Ej\u00e9rcito en su frontera norte con EE.UU. para frenar y controlar el tr\u00e1fico de emigrantes sin documentos hacia territorio estadounidense.<\/p>\n<p>A pesar de que los migrantes enfrentan condiciones inhumanas en las fronteras estadounidense, el inquilino de la Casa Blanca ha autorizado a sus soldados desplegados en las zonas lim\u00edtrofes con M\u00e9xico a usar a discreci\u00f3n la \u201cfuerza letal\u201d contra los solicitantes de asilo.<\/p>\n<p>fdd\/lvs\/alg<\/p>\n<p><a href=\"https:\/\/www.hispantv.com\/noticias\/ee-uu-\/433899\/cidh-politicas-migratorias-mexico\" target=\"_blank\" rel=\"noopener noreferrer\">https:\/\/www.hispantv.com\/noticias\/ee-uu-\/433899\/cidh-politicas-migratorias-mexico<\/a><\/p>\n","protected":false},"excerpt":{"rendered":"<p>HISPANTV La Comisi\u00f3n Interamericana de Derechos Humanos (CIDH) critica las pol\u00edticas migratorias de Estados Unidos y M\u00e9xico por violar los derechos humanos. A trav\u00e9s de un comunicado, publicado el martes, &hellip; <a href=\"https:\/\/www.grieta.org.mx\/index.php\/2019\/07\/25\/cidh-arremete-contra-eeuu-y-mexico-por-sus-politicas-migratorias\/\" class=\"more-link\">Leer m\u00e1s<\/a><\/p>\n","protected":false},"author":2,"featured_media":37059,"comment_status":"closed","ping_status":"closed","sticky":false,"template":"","format":"standard","meta":{"ngg_post_thumbnail":0,"_jetpack_newsletter_access":"","_jetpack_dont_email_post_to_subs":false,"_jetpack_newsletter_tier_id":0,"_jetpack_memberships_contains_paywalled_content":false,"_jetpack_memberships_contains_paid_content":false,"footnotes":""},"categories":[80,86,912,83],"tags":[1410,2711,1194,2511,2295,1795,1195,1409,1397],"class_list":["post-37058","post","type-post","status-publish","format-standard","has-post-thumbnail","hentry","category-cintillo","category-migrantes","category-militarizacion","category-temas-nacionales","tag-abusos-contra-migrantes","tag-alineacion-de-amlo-con-politica-antimigrante-deeu","tag-criminalizacion-de-migrantes","tag-deportacion-de-migrantes","tag-guardia-nacional","tag-migrantes-en-estados-unidos","tag-militarizacion-de-la-frontera","tag-separacion-de-ninos-migrantes","tag-violacion-de-derechos-de-migrantes","entry"],"jetpack_featured_media_url":"https:\/\/www.grieta.org.mx\/wp-content\/uploads\/2019\/07\/01411208_xl.jpg","jetpack_sharing_enabled":true,"jetpack_shortlink":"https:\/\/wp.me\/p7ZJR4-9DI","jetpack_likes_enabled":false,"jetpack-related-posts":[{"id":39724,"url":"https:\/\/www.grieta.org.mx\/index.php\/2019\/09\/29\/mexico-eu-y-centroamerica-deben-garantizar-la-vida-y-seguridad-de-menores-migrantes\/","url_meta":{"origin":37058,"position":0},"title":"M\u00e9xico, EU y Centroam\u00e9rica deben garantizar la vida y seguridad de menores migrantes","author":"grieta","date":"29 septiembre, 2019","format":false,"excerpt":"Indra Cirigo\/ CONTRAL\u00cdNEA La Comisi\u00f3n Interamericana de Derechos Humanos (CIDH) debe exhortar a los gobiernos de M\u00e9xico, Estados Unidos y pa\u00edses centroamericanos a adoptar inmediatamente acciones para que prevalezcan, sin excepci\u00f3n, la dignidad y el inter\u00e9s superior de la ni\u00f1ez y la adolescencia en situaci\u00f3n de migraci\u00f3n, pidi\u00f3 \u00c9dgar Corzo\u2026","rel":"","context":"En &quot;CINTILLO&quot;","block_context":{"text":"CINTILLO","link":"https:\/\/www.grieta.org.mx\/index.php\/category\/cintillo\/"},"img":{"alt_text":"","src":"https:\/\/i0.wp.com\/www.grieta.org.mx\/wp-content\/uploads\/2019\/09\/P%C3%BAas.jpg?resize=350%2C200&ssl=1","width":350,"height":200,"srcset":"https:\/\/i0.wp.com\/www.grieta.org.mx\/wp-content\/uploads\/2019\/09\/P%C3%BAas.jpg?resize=350%2C200&ssl=1 1x, https:\/\/i0.wp.com\/www.grieta.org.mx\/wp-content\/uploads\/2019\/09\/P%C3%BAas.jpg?resize=525%2C300&ssl=1 1.5x"},"classes":[]},{"id":62126,"url":"https:\/\/www.grieta.org.mx\/index.php\/2021\/09\/14\/activistas-protestan-en-migracion-por-persecucion-contra-haitianos-en-veracruz-denuncian-violacion-a-los-derechos-humanos\/","url_meta":{"origin":37058,"position":1},"title":"Activistas protestan en Migraci\u00f3n por persecuci\u00f3n contra haitianos en Veracruz; denuncian violaci\u00f3n a los derechos humanos","author":"grieta","date":"14 septiembre, 2021","format":false,"excerpt":"Juan David Castilla \/ Libertad bajo palabra Un grupo de activistas protest\u00f3 afuera de las oficinas del Instituto Nacional de Migraci\u00f3n (INM), municipio de Xalapa, para exigir que cese la persecuci\u00f3n contra los haitianos que huyen de su pa\u00eds y pasan por Veracruz con direcci\u00f3n a Estados Unidos. Los integrantes\u2026","rel":"","context":"En &quot;CINTILLO&quot;","block_context":{"text":"CINTILLO","link":"https:\/\/www.grieta.org.mx\/index.php\/category\/cintillo\/"},"img":{"alt_text":"","src":"https:\/\/i0.wp.com\/www.grieta.org.mx\/wp-content\/uploads\/2021\/10\/Screenshot-2021-10-04-at-13-02-49-Activistas-protestan-en-Migracion-por-persecucion-contra-haitianos-en-Veracruz-denuncian....png?resize=350%2C200&ssl=1","width":350,"height":200,"srcset":"https:\/\/i0.wp.com\/www.grieta.org.mx\/wp-content\/uploads\/2021\/10\/Screenshot-2021-10-04-at-13-02-49-Activistas-protestan-en-Migracion-por-persecucion-contra-haitianos-en-Veracruz-denuncian....png?resize=350%2C200&ssl=1 1x, https:\/\/i0.wp.com\/www.grieta.org.mx\/wp-content\/uploads\/2021\/10\/Screenshot-2021-10-04-at-13-02-49-Activistas-protestan-en-Migracion-por-persecucion-contra-haitianos-en-Veracruz-denuncian....png?resize=525%2C300&ssl=1 1.5x, https:\/\/i0.wp.com\/www.grieta.org.mx\/wp-content\/uploads\/2021\/10\/Screenshot-2021-10-04-at-13-02-49-Activistas-protestan-en-Migracion-por-persecucion-contra-haitianos-en-Veracruz-denuncian....png?resize=700%2C400&ssl=1 2x"},"classes":[]},{"id":50902,"url":"https:\/\/www.grieta.org.mx\/index.php\/2020\/05\/18\/migrantes-afectados-por-politicas-migratorias-de-trump-y-decreto-de-amlo\/","url_meta":{"origin":37058,"position":2},"title":"Migrantes afectados por pol\u00edticas migratorias de Trump y decreto de AMLO","author":"grieta","date":"18 mayo, 2020","format":false,"excerpt":"Uriel Saucedo\/ SEMANARIO ZETA Las personas migrantes que viven en ciudades fronterizas como Tijuana, est\u00e1n ante uno de los escenarios m\u00e1s complicados. Adem\u00e1s del riesgo de infecci\u00f3n por COVID-19, se enfrentan a las estrictas pol\u00edticas que Estados Unidos ha implementado en el tema migratorio; mientras que en M\u00e9xico se public\u00f3\u2026","rel":"","context":"En &quot;CINTILLO&quot;","block_context":{"text":"CINTILLO","link":"https:\/\/www.grieta.org.mx\/index.php\/category\/cintillo\/"},"img":{"alt_text":"","src":"https:\/\/i0.wp.com\/www.grieta.org.mx\/wp-content\/uploads\/2020\/06\/gente-1_01.jpg?resize=350%2C200&ssl=1","width":350,"height":200,"srcset":"https:\/\/i0.wp.com\/www.grieta.org.mx\/wp-content\/uploads\/2020\/06\/gente-1_01.jpg?resize=350%2C200&ssl=1 1x, https:\/\/i0.wp.com\/www.grieta.org.mx\/wp-content\/uploads\/2020\/06\/gente-1_01.jpg?resize=525%2C300&ssl=1 1.5x"},"classes":[]},{"id":43915,"url":"https:\/\/www.grieta.org.mx\/index.php\/2020\/01\/31\/organizaciones-civiles-consiguen-volver-a-estaciones-migratorias\/","url_meta":{"origin":37058,"position":3},"title":"Organizaciones civiles consiguen volver a estaciones migratorias","author":"grieta","date":"31 enero, 2020","format":false,"excerpt":"Despu\u00e9s de que las organizaciones civiles se movilizaron para demandar el acceso a las estaciones migratorias, el Instituto Nacional de Migraci\u00f3n desisti\u00f3 del oficio que les prohib\u00eda su acceso. La Secretar\u00eda de Gobernaci\u00f3n inform\u00f3 sobre otros acuerdos con las organizaciones sociales Texto: Arturo Contreras Camero Pie de P\u00e1gina Ciudad de\u2026","rel":"","context":"En &quot;CINTILLO&quot;","block_context":{"text":"CINTILLO","link":"https:\/\/www.grieta.org.mx\/index.php\/category\/cintillo\/"},"img":{"alt_text":"","src":"https:\/\/i0.wp.com\/www.grieta.org.mx\/wp-content\/uploads\/2020\/02\/Foto-centro-para-migrantes-en-Chiapas.-Chiapas-Paralelo.jpeg?resize=350%2C200&ssl=1","width":350,"height":200,"srcset":"https:\/\/i0.wp.com\/www.grieta.org.mx\/wp-content\/uploads\/2020\/02\/Foto-centro-para-migrantes-en-Chiapas.-Chiapas-Paralelo.jpeg?resize=350%2C200&ssl=1 1x, https:\/\/i0.wp.com\/www.grieta.org.mx\/wp-content\/uploads\/2020\/02\/Foto-centro-para-migrantes-en-Chiapas.-Chiapas-Paralelo.jpeg?resize=525%2C300&ssl=1 1.5x, https:\/\/i0.wp.com\/www.grieta.org.mx\/wp-content\/uploads\/2020\/02\/Foto-centro-para-migrantes-en-Chiapas.-Chiapas-Paralelo.jpeg?resize=700%2C400&ssl=1 2x, https:\/\/i0.wp.com\/www.grieta.org.mx\/wp-content\/uploads\/2020\/02\/Foto-centro-para-migrantes-en-Chiapas.-Chiapas-Paralelo.jpeg?resize=1050%2C600&ssl=1 3x"},"classes":[]},{"id":52310,"url":"https:\/\/www.grieta.org.mx\/index.php\/2020\/07\/21\/migrantes-urgen-a-la-cidh-medidas-cautelares-ante-el-programa-quedate-en-mexico\/","url_meta":{"origin":37058,"position":4},"title":"Migrantes urgen a la CIDH medidas cautelares ante el programa \u201cQu\u00e9date en M\u00e9xico\u201d","author":"grieta","date":"21 julio, 2020","format":false,"excerpt":"Gloria Leticia D\u00edaz\/ PROCESO CIUDAD DE M\u00c9XICO (apro). \u2013 Ante la falta de garant\u00edas de seguridad y de salud en el contexto de la pandemia de covid-19, solicitantes de asilo en Estados Unidos considerados en el programa \u201cQu\u00e9date en M\u00e9xico\u201d, pidieron medidas cautelares a la Comisi\u00f3n Interamericana de Derechos Humanos\u2026","rel":"","context":"En &quot;CINTILLO&quot;","block_context":{"text":"CINTILLO","link":"https:\/\/www.grieta.org.mx\/index.php\/category\/cintillo\/"},"img":{"alt_text":"","src":"https:\/\/i0.wp.com\/www.grieta.org.mx\/wp-content\/uploads\/2020\/08\/Migrantes_hondurenos_2-870x522.jpg?resize=350%2C200&ssl=1","width":350,"height":200,"srcset":"https:\/\/i0.wp.com\/www.grieta.org.mx\/wp-content\/uploads\/2020\/08\/Migrantes_hondurenos_2-870x522.jpg?resize=350%2C200&ssl=1 1x, https:\/\/i0.wp.com\/www.grieta.org.mx\/wp-content\/uploads\/2020\/08\/Migrantes_hondurenos_2-870x522.jpg?resize=525%2C300&ssl=1 1.5x, https:\/\/i0.wp.com\/www.grieta.org.mx\/wp-content\/uploads\/2020\/08\/Migrantes_hondurenos_2-870x522.jpg?resize=700%2C400&ssl=1 2x"},"classes":[]},{"id":41206,"url":"https:\/\/www.grieta.org.mx\/index.php\/2019\/11\/14\/guardia-nacional-acumula-24-denuncias-ante-la-cndh-la-mayoria-de-migrantes\/","url_meta":{"origin":37058,"position":5},"title":"Guardia Nacional acumula 24 denuncias ante la CNDH, la mayor\u00eda de migrantes","author":"grieta","date":"14 noviembre, 2019","format":false,"excerpt":"Manuel Espino y Alexis Ort\u00edz \/ El Universal Con 4 meses, enfrenta acusaciones de violaciones a derechos humanos; tendr\u00e1n que ser atendidas por la nueva titular, Rosario Piedra Ibarra A cuatro meses de que fue desplegada, la Guardia Nacional suma 24 quejas ante la Comisi\u00f3n Nacional de los Derechos Humanos\u2026","rel":"","context":"En &quot;CINTILLO&quot;","block_context":{"text":"CINTILLO","link":"https:\/\/www.grieta.org.mx\/index.php\/category\/cintillo\/"},"img":{"alt_text":"","src":"https:\/\/i0.wp.com\/www.grieta.org.mx\/wp-content\/uploads\/2019\/11\/Guardia-Nacional-acumula-24-denuncias-ante-la-CNDH-la-mayor%C3%ADa-de-migrantes-mili-nov.jpg?resize=350%2C200","width":350,"height":200},"classes":[]}],"_links":{"self":[{"href":"https:\/\/www.grieta.org.mx\/index.php\/wp-json\/wp\/v2\/posts\/37058","targetHints":{"allow":["GET"]}}],"collection":[{"href":"https:\/\/www.grieta.org.mx\/index.php\/wp-json\/wp\/v2\/posts"}],"about":[{"href":"https:\/\/www.grieta.org.mx\/index.php\/wp-json\/wp\/v2\/types\/post"}],"author":[{"embeddable":true,"href":"https:\/\/www.grieta.org.mx\/index.php\/wp-json\/wp\/v2\/users\/2"}],"replies":[{"embeddable":true,"href":"https:\/\/www.grieta.org.mx\/index.php\/wp-json\/wp\/v2\/comments?post=37058"}],"version-history":[{"count":1,"href":"https:\/\/www.grieta.org.mx\/index.php\/wp-json\/wp\/v2\/posts\/37058\/revisions"}],"predecessor-version":[{"id":37060,"href":"https:\/\/www.grieta.org.mx\/index.php\/wp-json\/wp\/v2\/posts\/37058\/revisions\/37060"}],"wp:featuredmedia":[{"embeddable":true,"href":"https:\/\/www.grieta.org.mx\/index.php\/wp-json\/wp\/v2\/media\/37059"}],"wp:attachment":[{"href":"https:\/\/www.grieta.org.mx\/index.php\/wp-json\/wp\/v2\/media?parent=37058"}],"wp:term":[{"taxonomy":"category","embeddable":true,"href":"https:\/\/www.grieta.org.mx\/index.php\/wp-json\/wp\/v2\/categories?post=37058"},{"taxonomy":"post_tag","embeddable":true,"href":"https:\/\/www.grieta.org.mx\/index.php\/wp-json\/wp\/v2\/tags?post=37058"}],"curies":[{"name":"wp","href":"https:\/\/api.w.org\/{rel}","templated":true}]}}