{"id":36982,"date":"2019-07-21T18:15:49","date_gmt":"2019-07-21T23:15:49","guid":{"rendered":"http:\/\/www.grieta.org.mx\/?p=36982"},"modified":"2019-07-25T18:24:06","modified_gmt":"2019-07-25T23:24:06","slug":"protestaran-adultos-mayores-por-vivienda-y-pagos-colima","status":"publish","type":"post","link":"https:\/\/www.grieta.org.mx\/index.php\/2019\/07\/21\/protestaran-adultos-mayores-por-vivienda-y-pagos-colima\/","title":{"rendered":"Protestaran adultos mayores por vivienda y pagos (Colima)"},"content":{"rendered":"<p><img loading=\"lazy\" decoding=\"async\" data-attachment-id=\"36983\" data-permalink=\"https:\/\/www.grieta.org.mx\/index.php\/2019\/07\/21\/protestaran-adultos-mayores-por-vivienda-y-pagos-colima\/calzada-galvan-sur-777x437\/\" data-orig-file=\"https:\/\/www.grieta.org.mx\/wp-content\/uploads\/2019\/07\/Calzada-Galvan-Sur-777x437.jpg\" data-orig-size=\"777,437\" data-comments-opened=\"0\" data-image-meta=\"{&quot;aperture&quot;:&quot;0&quot;,&quot;credit&quot;:&quot;&quot;,&quot;camera&quot;:&quot;&quot;,&quot;caption&quot;:&quot;&quot;,&quot;created_timestamp&quot;:&quot;0&quot;,&quot;copyright&quot;:&quot;&quot;,&quot;focal_length&quot;:&quot;0&quot;,&quot;iso&quot;:&quot;0&quot;,&quot;shutter_speed&quot;:&quot;0&quot;,&quot;title&quot;:&quot;&quot;,&quot;orientation&quot;:&quot;0&quot;}\" data-image-title=\"Calzada-Galvan-Sur-777&amp;#215;437\" data-image-description=\"\" data-image-caption=\"\" data-medium-file=\"https:\/\/www.grieta.org.mx\/wp-content\/uploads\/2019\/07\/Calzada-Galvan-Sur-777x437-300x169.jpg\" data-large-file=\"https:\/\/www.grieta.org.mx\/wp-content\/uploads\/2019\/07\/Calzada-Galvan-Sur-777x437.jpg\" class=\" wp-image-36983 aligncenter\" src=\"http:\/\/www.grieta.org.mx\/wp-content\/uploads\/2019\/07\/Calzada-Galvan-Sur-777x437.jpg\" alt=\"\" width=\"800\" height=\"450\" srcset=\"https:\/\/www.grieta.org.mx\/wp-content\/uploads\/2019\/07\/Calzada-Galvan-Sur-777x437.jpg 777w, https:\/\/www.grieta.org.mx\/wp-content\/uploads\/2019\/07\/Calzada-Galvan-Sur-777x437-300x169.jpg 300w, https:\/\/www.grieta.org.mx\/wp-content\/uploads\/2019\/07\/Calzada-Galvan-Sur-777x437-768x432.jpg 768w\" sizes=\"auto, (max-width: 800px) 100vw, 800px\" \/><\/p>\n<p>Foto: El Noticiero de Colima<\/p>\n<p><em>Sin respuesta a petici\u00f3n de 40 viviendas dentro de la ex Zona Militar; simulaci\u00f3n entrega de inmuebles a transportistas en Tecom\u00e1n: Antonio Su\u00e1stegui<\/em><\/p>\n<p>Anil\u00fa Salazar Mej\u00eda \/ El Noticiero de Colima<\/p>\n<p>El pr\u00f3ximo mi\u00e9rcoles 24 de julio saldr\u00e1n a protestar adultos mayores con una marcha de La Piedra Lisa a la glorieta del Rey Colim\u00e1n, por Calzada Galv\u00e1n, porque no les han pagado sus pensiones y porque no hay soluci\u00f3n a la petici\u00f3n de vivienda que urge para aquellos que pagan renta o viven en casas improvisadas por falta de dinero.<\/p>\n<p>El activista social, dirigente del Movimiento de Adultos Mayores, Antonio Su\u00e1stegui, mencion\u00f3 que falta el pago a 443 adultos mayores y a 250 de ellos se les debe desde mayo, por lo que esperan que Gobierno del Estado haga ese pago y no se espere hasta agosto que se conmemora el D\u00eda Social del Abuelo, para pagar, ya que los beneficiarios comen todos los d\u00edas y no cada cuatro meses.<\/p>\n<p>Indic\u00f3 que tampoco hay respuesta a su petici\u00f3n de 40 viviendas dentro de la ex Zona Militar y en Tecom\u00e1n, donde hab\u00edan solicitado el inmueble de una escuela especial para convertirlo en viviendas para 16 adultos mayores de escasos recursos, el Gobierno del Estado se lo dio a los transportistas urbanos de ese municipio, pero ya pas\u00f3 un a\u00f1o y solo demolieron el edificio y no han construido ni un muro en el lugar, por lo que consideran se trata de una simulaci\u00f3n \u201ccon tal de no d\u00e1rnoslo a nosotros\u201d.<\/p>\n<p>Su\u00e1stegui Renter\u00eda a\u00f1adi\u00f3 que \u201chan de pensar que los adultos mayores por su edad ya no merecen ni vivienda ni empleo, \u00bfpero nuestro derecho qu\u00e9?\u201d.<\/p>\n<p>Por otra parte, refrend\u00f3 la necesidad que tienen de un terreno para depositar el pl\u00e1stico reciclado que recolectan, de lo cual se mantienen alrededor de 100 adultos mayores.<\/p>\n<p>\u201cAdem\u00e1s desde enero no se nos da un peso para la renta de la casa estancia posada el mes\u00f3n del adulto mayor. Nosotros hemos ido abonando a la propietaria la renta, porque de Gobierno del Estado no vemos nada. Hace un a\u00f1o s\u00ed nos entreg\u00f3 financiamiento, pero este a\u00f1o no hemos visto ni un solo peso y aqu\u00ed viven siete varones y tres mujeres sin pagar renta\u201d.<\/p>\n<p><a href=\"https:\/\/elnoticieroenlinea.com\/protestaran-adultos-mayores-por-vivienda-y-pagos\/\">https:\/\/elnoticieroenlinea.com\/protestaran-adultos-mayores-por-vivienda-y-pagos\/<\/a><\/p>\n","protected":false},"excerpt":{"rendered":"<p>Foto: El Noticiero de Colima Sin respuesta a petici\u00f3n de 40 viviendas dentro de la ex Zona Militar; simulaci\u00f3n entrega de inmuebles a transportistas en Tecom\u00e1n: Antonio Su\u00e1stegui Anil\u00fa Salazar &hellip; <a href=\"https:\/\/www.grieta.org.mx\/index.php\/2019\/07\/21\/protestaran-adultos-mayores-por-vivienda-y-pagos-colima\/\" class=\"more-link\">Leer m\u00e1s<\/a><\/p>\n","protected":false},"author":2,"featured_media":36983,"comment_status":"closed","ping_status":"closed","sticky":false,"template":"","format":"standard","meta":{"ngg_post_thumbnail":0,"_jetpack_newsletter_access":"","_jetpack_dont_email_post_to_subs":false,"_jetpack_newsletter_tier_id":0,"_jetpack_memberships_contains_paywalled_content":false,"_jetpack_memberships_contains_paid_content":false,"footnotes":""},"categories":[80,13,2191,2],"tags":[2281,203],"class_list":["post-36982","post","type-post","status-publish","format-standard","has-post-thumbnail","hentry","category-cintillo","category-colima","category-conflictos-laborales-en-el-sector-publico-en-colima","category-noticias-nacionales","tag-falta-de-pago-de-jubilaciones","tag-pensionados","entry"],"jetpack_featured_media_url":"https:\/\/www.grieta.org.mx\/wp-content\/uploads\/2019\/07\/Calzada-Galvan-Sur-777x437.jpg","jetpack_sharing_enabled":true,"jetpack_shortlink":"https:\/\/wp.me\/p7ZJR4-9Cu","jetpack_likes_enabled":false,"jetpack-related-posts":[{"id":45043,"url":"https:\/\/www.grieta.org.mx\/index.php\/2020\/02\/18\/asociacion-de-jubilados-y-adultos-mayores-exigen-a-issste-colima-pago-justo-de-pensiones\/","url_meta":{"origin":36982,"position":0},"title":"Asociaci\u00f3n de Jubilados y Adultos Mayores exigen a ISSSTE Colima pago justo de pensiones","author":"grieta","date":"18 febrero, 2020","format":false,"excerpt":"Foto: Ilustrativa Edgardo Zamora \/ Colima Noticias Colima, Col.-\u00a0\u00a0La Asociaci\u00f3n de Jubilados y Adultos Mayores de Colima, se manifest\u00f3 al exterior de las instalaciones de la Delegaci\u00f3n del Instituto de Seguridad y Servicios Sociales de los Trabajadores del Estado (ISSSTE), para exigir a las autoridades de dicha dependencia atiendan diversas\u2026","rel":"","context":"En &quot;CINTILLO&quot;","block_context":{"text":"CINTILLO","link":"https:\/\/www.grieta.org.mx\/index.php\/category\/cintillo\/"},"img":{"alt_text":"","src":"https:\/\/i0.wp.com\/www.grieta.org.mx\/wp-content\/uploads\/2020\/02\/pensionados-colima.jpg?resize=350%2C200&ssl=1","width":350,"height":200,"srcset":"https:\/\/i0.wp.com\/www.grieta.org.mx\/wp-content\/uploads\/2020\/02\/pensionados-colima.jpg?resize=350%2C200&ssl=1 1x, https:\/\/i0.wp.com\/www.grieta.org.mx\/wp-content\/uploads\/2020\/02\/pensionados-colima.jpg?resize=525%2C300&ssl=1 1.5x, https:\/\/i0.wp.com\/www.grieta.org.mx\/wp-content\/uploads\/2020\/02\/pensionados-colima.jpg?resize=700%2C400&ssl=1 2x, https:\/\/i0.wp.com\/www.grieta.org.mx\/wp-content\/uploads\/2020\/02\/pensionados-colima.jpg?resize=1050%2C600&ssl=1 3x"},"classes":[]},{"id":53162,"url":"https:\/\/www.grieta.org.mx\/index.php\/2020\/09\/08\/asociacion-de-jubilados-y-adultos-mayores-de-colima-esta-contra-la-reforma-al-sistema-de-ahorro-para-el-retiro-colima\/","url_meta":{"origin":36982,"position":1},"title":"Asociaci\u00f3n de Jubilados y Adultos Mayores de Colima est\u00e1 contra la reforma al Sistema de Ahorro para el Retiro (Colima)","author":"grieta","date":"8 septiembre, 2020","format":false,"excerpt":"Foto: Colima al D\u00eda La Asociaci\u00f3n de Jubilados y Adultos Mayores de Colima, se manifest\u00f3 contra la aprobaci\u00f3n del proyecto de reforma al Sistema de Ahorro para el Retiro (SAR) que se present\u00f3 el pasado 22 de julio, ya que en palabras de su dirigente, Manuel Godina Velasco, \u201cpone en\u2026","rel":"","context":"En &quot;CINTILLO&quot;","block_context":{"text":"CINTILLO","link":"https:\/\/www.grieta.org.mx\/index.php\/category\/cintillo\/"},"img":{"alt_text":"","src":"https:\/\/i0.wp.com\/www.grieta.org.mx\/wp-content\/uploads\/2020\/09\/1024_135.jpg?resize=350%2C200&ssl=1","width":350,"height":200,"srcset":"https:\/\/i0.wp.com\/www.grieta.org.mx\/wp-content\/uploads\/2020\/09\/1024_135.jpg?resize=350%2C200&ssl=1 1x, https:\/\/i0.wp.com\/www.grieta.org.mx\/wp-content\/uploads\/2020\/09\/1024_135.jpg?resize=525%2C300&ssl=1 1.5x, https:\/\/i0.wp.com\/www.grieta.org.mx\/wp-content\/uploads\/2020\/09\/1024_135.jpg?resize=700%2C400&ssl=1 2x"},"classes":[]},{"id":49349,"url":"https:\/\/www.grieta.org.mx\/index.php\/2020\/05\/13\/familias-colocan-letreros-en-las-puertas-de-sus-casas-pidiendo-alimento-colima\/","url_meta":{"origin":36982,"position":2},"title":"Familias colocan letreros en las puertas de sus casas pidiendo alimento (Colima)","author":"grieta","date":"13 mayo, 2020","format":false,"excerpt":"Foto: Anil\u00fa Salazar Mej\u00eda \/ El Noticiero de Colima Familias de distintas colonias de Colima que se han quedado sin comida, tras varios d\u00edas de contingencia sanitaria, han colocado cartulinas en sus fachadas para pedir que se les apoye de manera alimentaria, algunos otros han colocado trapos blancos para solicitar\u2026","rel":"","context":"En &quot;CINTILLO&quot;","block_context":{"text":"CINTILLO","link":"https:\/\/www.grieta.org.mx\/index.php\/category\/cintillo\/"},"img":{"alt_text":"","src":"https:\/\/i0.wp.com\/www.grieta.org.mx\/wp-content\/uploads\/2020\/05\/4-e1589390980959.jpg?resize=350%2C200&ssl=1","width":350,"height":200,"srcset":"https:\/\/i0.wp.com\/www.grieta.org.mx\/wp-content\/uploads\/2020\/05\/4-e1589390980959.jpg?resize=350%2C200&ssl=1 1x, https:\/\/i0.wp.com\/www.grieta.org.mx\/wp-content\/uploads\/2020\/05\/4-e1589390980959.jpg?resize=525%2C300&ssl=1 1.5x, https:\/\/i0.wp.com\/www.grieta.org.mx\/wp-content\/uploads\/2020\/05\/4-e1589390980959.jpg?resize=700%2C400&ssl=1 2x"},"classes":[]},{"id":63408,"url":"https:\/\/www.grieta.org.mx\/index.php\/2022\/02\/17\/issste-colima-sin-abasto-suficiente-de-medicamentos-y-con-falta-de-medicos-especialistas\/","url_meta":{"origin":36982,"position":3},"title":"ISSSTE Colima sin abasto suficiente de medicamentos y con falta de m\u00e9dicos especialistas","author":"grieta","date":"17 febrero, 2022","format":false,"excerpt":"Foto: Cortes\u00eda Redacci\u00f3n \/ El Occidental Una situaci\u00f3n grave se presenta en el Instituto de Seguridad y Servicios Sociales de los Trabajadores del Estado (ISSSTE) Colima, ya que de acuerdo al presidente de la Asociaci\u00f3n de Jubilados, Pensionados y Adultos Mayores, Manuel Godina Velasco, existe un desabasto de medicamentos y\u2026","rel":"","context":"En &quot;CINTILLO&quot;","block_context":{"text":"CINTILLO","link":"https:\/\/www.grieta.org.mx\/index.php\/category\/cintillo\/"},"img":{"alt_text":"","src":"https:\/\/i0.wp.com\/www.grieta.org.mx\/wp-content\/uploads\/2022\/02\/ISSSTE-Colima.jpg?resize=350%2C200&ssl=1","width":350,"height":200,"srcset":"https:\/\/i0.wp.com\/www.grieta.org.mx\/wp-content\/uploads\/2022\/02\/ISSSTE-Colima.jpg?resize=350%2C200&ssl=1 1x, https:\/\/i0.wp.com\/www.grieta.org.mx\/wp-content\/uploads\/2022\/02\/ISSSTE-Colima.jpg?resize=525%2C300&ssl=1 1.5x, https:\/\/i0.wp.com\/www.grieta.org.mx\/wp-content\/uploads\/2022\/02\/ISSSTE-Colima.jpg?resize=700%2C400&ssl=1 2x"},"classes":[]},{"id":44946,"url":"https:\/\/www.grieta.org.mx\/index.php\/2020\/02\/21\/paro-laboral-para-exigir-pago-a-maestros-en-manzanillo-colima\/","url_meta":{"origin":36982,"position":4},"title":"Paro laboral para exigir pago a maestros en Manzanillo (Colima)","author":"grieta","date":"21 febrero, 2020","format":false,"excerpt":"Foto: El Noticiero de Colima Este movimiento se llev\u00f3 a cabo en todos los Embsad del estado de Colima Jes\u00fas Lozoya Baeza \/ El Noticiero de Colima La escuela secundaria Embsad de Miramar se sum\u00f3 ayer a un paro laboral de 24 horas para pedir que sean pagados los sueldos\u2026","rel":"","context":"En &quot;CINTILLO&quot;","block_context":{"text":"CINTILLO","link":"https:\/\/www.grieta.org.mx\/index.php\/category\/cintillo\/"},"img":{"alt_text":"","src":"https:\/\/i0.wp.com\/www.grieta.org.mx\/wp-content\/uploads\/2020\/02\/MANIFESTACION.jpeg?resize=350%2C200&ssl=1","width":350,"height":200,"srcset":"https:\/\/i0.wp.com\/www.grieta.org.mx\/wp-content\/uploads\/2020\/02\/MANIFESTACION.jpeg?resize=350%2C200&ssl=1 1x, https:\/\/i0.wp.com\/www.grieta.org.mx\/wp-content\/uploads\/2020\/02\/MANIFESTACION.jpeg?resize=525%2C300&ssl=1 1.5x, https:\/\/i0.wp.com\/www.grieta.org.mx\/wp-content\/uploads\/2020\/02\/MANIFESTACION.jpeg?resize=700%2C400&ssl=1 2x"},"classes":[]},{"id":67839,"url":"https:\/\/www.grieta.org.mx\/index.php\/2023\/09\/26\/colima-no-garantiza-la-reparacion-del-dano-a-familiares-de-las-victimas-de-feminicidio\/","url_meta":{"origin":36982,"position":5},"title":"Colima no garantiza la reparaci\u00f3n del da\u00f1o a familiares de las v\u00edctimas de feminicidio","author":"grieta","date":"26 septiembre, 2023","format":false,"excerpt":"Imagen: Tomada de la Red Heidi de Le\u00f3n Guti\u00e9rrez \/ Diario Avanzada Colima, M\u00e9xico, Avanzada (26\/09\/2023).- Para la Comisi\u00f3n Nacional de Derechos Humanos, el Gobierno de Colima tiene pendiente\u00a0garantizar la reparaci\u00f3n del da\u00f1o a las v\u00edctimas indirectas menores de edad del delito de feminicidio. El organismo destaca que en 14\u2026","rel":"","context":"En &quot;CINTILLO&quot;","block_context":{"text":"CINTILLO","link":"https:\/\/www.grieta.org.mx\/index.php\/category\/cintillo\/"},"img":{"alt_text":"","src":"https:\/\/i0.wp.com\/www.grieta.org.mx\/wp-content\/uploads\/2023\/10\/feminicidio-mexico.webp?resize=350%2C200&ssl=1","width":350,"height":200,"srcset":"https:\/\/i0.wp.com\/www.grieta.org.mx\/wp-content\/uploads\/2023\/10\/feminicidio-mexico.webp?resize=350%2C200&ssl=1 1x, https:\/\/i0.wp.com\/www.grieta.org.mx\/wp-content\/uploads\/2023\/10\/feminicidio-mexico.webp?resize=525%2C300&ssl=1 1.5x, https:\/\/i0.wp.com\/www.grieta.org.mx\/wp-content\/uploads\/2023\/10\/feminicidio-mexico.webp?resize=700%2C400&ssl=1 2x"},"classes":[]}],"_links":{"self":[{"href":"https:\/\/www.grieta.org.mx\/index.php\/wp-json\/wp\/v2\/posts\/36982","targetHints":{"allow":["GET"]}}],"collection":[{"href":"https:\/\/www.grieta.org.mx\/index.php\/wp-json\/wp\/v2\/posts"}],"about":[{"href":"https:\/\/www.grieta.org.mx\/index.php\/wp-json\/wp\/v2\/types\/post"}],"author":[{"embeddable":true,"href":"https:\/\/www.grieta.org.mx\/index.php\/wp-json\/wp\/v2\/users\/2"}],"replies":[{"embeddable":true,"href":"https:\/\/www.grieta.org.mx\/index.php\/wp-json\/wp\/v2\/comments?post=36982"}],"version-history":[{"count":1,"href":"https:\/\/www.grieta.org.mx\/index.php\/wp-json\/wp\/v2\/posts\/36982\/revisions"}],"predecessor-version":[{"id":36985,"href":"https:\/\/www.grieta.org.mx\/index.php\/wp-json\/wp\/v2\/posts\/36982\/revisions\/36985"}],"wp:featuredmedia":[{"embeddable":true,"href":"https:\/\/www.grieta.org.mx\/index.php\/wp-json\/wp\/v2\/media\/36983"}],"wp:attachment":[{"href":"https:\/\/www.grieta.org.mx\/index.php\/wp-json\/wp\/v2\/media?parent=36982"}],"wp:term":[{"taxonomy":"category","embeddable":true,"href":"https:\/\/www.grieta.org.mx\/index.php\/wp-json\/wp\/v2\/categories?post=36982"},{"taxonomy":"post_tag","embeddable":true,"href":"https:\/\/www.grieta.org.mx\/index.php\/wp-json\/wp\/v2\/tags?post=36982"}],"curies":[{"name":"wp","href":"https:\/\/api.w.org\/{rel}","templated":true}]}}