{"id":3698,"date":"2015-07-25T21:57:52","date_gmt":"2015-07-25T21:57:52","guid":{"rendered":"http:\/\/50.22.11.12\/~grietaor\/?p=3698"},"modified":"2016-03-16T22:00:44","modified_gmt":"2016-03-16T22:00:44","slug":"las-contradicciones-de-la-libertad-de-expresion-en-quintana-roo","status":"publish","type":"post","link":"https:\/\/www.grieta.org.mx\/index.php\/2015\/07\/25\/las-contradicciones-de-la-libertad-de-expresion-en-quintana-roo\/","title":{"rendered":"Las contradicciones de la libertad de expresi\u00f3n en Quintana Roo"},"content":{"rendered":"<p>Ciudad de M\u00e9xico 24 de julio 2015.- El gobernador de Quintana Roo, Roberto Borge Angulo, present\u00f3 la \u201cIniciativa de Ley para la Protecci\u00f3n de Personas Defensoras de Derechos Humanos y Periodistas\u201d, el pasado 17 de junio. \u201cDicha iniciativa es una contradicci\u00f3n ante la negativa del gobernador y el Tribunal Superior de Justicia del Estado, al obstaculizar la reparaci\u00f3n de da\u00f1os y disculpa p\u00fablica al periodista Pedro Canch\u00e9, que le fue sembrado el delito de sabotaje y permaneci\u00f3 9 meses en la c\u00e1rcel municipal de Felipe Carrillo Puerto. En \u00e9ste caso se mostr\u00f3 la violaci\u00f3n a los derechos humanos y la agresi\u00f3n hacia el ejercicio period\u00edstico de Canche\u201d, afirm\u00f3 en entrevista para Somos el medio, Luis Eduardo Knapp Moreno, abogado de la organizaci\u00f3n defensora de la libertad de expresi\u00f3n Art\u00edculo 19 que acompa\u00f1o el caso de Pedro.<\/p>\n<p>\u201cLa iniciativa carece de varias cosas tanto de forma como de fondo que podr\u00edan llegar a traducirse como restricciones en el ejercicio de la libertad de expresi\u00f3n, en el Estado\u201d, denunci\u00f3 Luis Eduardo. En Quintana Roo las agresiones a la prensa son muy altas, tan s\u00f3lo en el  2014 se registraron 42 agresiones a periodistas, siendo el segundo Estado m\u00e1s peligroso para ejercer el periodismo antecedido por el Distrito Federal.<\/p>\n<p>La Comisi\u00f3n Nacional de Derechos Humanos (CNDH) emiti\u00f3 la recomendaci\u00f3n 13\/2015, en ella la CNDH reconoce la inocencia de Pedro Canch\u00e9 y se\u00f1ala que el gobierno local violo sus derechos humanos y que la entidad vulnera la libertad de expresi\u00f3n. Y establece que el gobernador debe hacer una reparaci\u00f3n de da\u00f1os y una disculpa p\u00fablica al periodista. Sin embargo, de acuerdo con el oficio 00247, emitido por la Consejer\u00eda Jur\u00eddica de Quintana Roo, la recomendaci\u00f3n no fue aceptada.<\/p>\n<p>La respuesta de Roberto Borge a grandes rasgos es que es violatorio de orden constitucional y legal establecer un procedimiento de reparaci\u00f3n de da\u00f1os a Pedro Canch\u00e9, y que no est\u00e1 contemplado en la ley estatal la figura de disculpa p\u00fablica.<\/p>\n<p>El abogado Luis Eduardo se\u00f1al\u00f3: \u201cLa constituci\u00f3n mexicana establece en su art\u00edculo 1 p\u00e1rrafo tercero que el Estado deber\u00e1 prevenir, investigar, sancionar y reparar violaciones a derechos humanos en los t\u00e9rminos que los establezca la ley. Y en Quintana Roo la Ley estatal de victimas en su art\u00edculo 78 fracci\u00f3n IV obliga a brindar una disculpa p\u00fablica de parte del Estado y que se incluya el reconocimiento de los hechos y aceptaci\u00f3n de responsabilidades.\u201d<\/p>\n<p>El caso de Pedro Canch\u00e9 es alarmante porque adem\u00e1s de negar la reparaci\u00f3n de da\u00f1os sigue siendo atacado v\u00eda redes sociales y desde su detenci\u00f3n el 30 agosto del 2014 se le trato de negar su quehacer period\u00edstico adjudic\u00e1ndole el delito de sabotaje en detrimento de las instalaciones de la Comisi\u00f3n de Agua Potable y Alcantarillado (CAPA), cuando en realidad cubr\u00eda las protestas por el aumento a las tarifas del agua. Mediante un amparo se logr\u00f3 demostrar la inocencia de Cach\u00e9 y sali\u00f3 libre el pasado 28 de mayo.<\/p>\n<p>Ante la negativa de aceptar la recomendaci\u00f3n de la CNDH, por parte del gobernador Roberto Borge, la defensa de periodista mencion\u00f3: \u201cno est\u00e1 bien fundamentada ni motivada la negativa de aceptar la recomendaci\u00f3n, lo que procede es que el Senado llame a comparecer a las autoridades, en este caso ser\u00eda al gobernador y al Tribunal Superior de Justicia del Estado, pueden mantenerse en la denegaci\u00f3n pero ya en comparecencia deben fundar y motivar la negaci\u00f3n\u201d<\/p>\n<p>El contexto de violaci\u00f3n a la libertad de expresi\u00f3n en Quintana Roo es grave, as\u00ed lo se\u00f1ala la organizaci\u00f3n Art\u00edculo 19, por lo tanto exigen que se inicie el procedimiento correspondiente a fin de que el gobernador del estado exponga ante el Senado, de manera clara y exhaustiva, las razones y fundamentos legales por las cuales no acept\u00f3 la recomendaci\u00f3n 13\/2015.<\/p>\n<p><a href=\"http:\/\/www.somoselmedio.org\/article\/las-contradicciones-de-la-libertad-de-expresi%C3%B3n-en-quintana-roo\" target=\"_blank\">www.somoselmedio.org\/article\/las-contradicciones-de-la-libertad-de-expresi%C3%B3n-en-quintana-roo<\/a><\/p>\n","protected":false},"excerpt":{"rendered":"<p>Ciudad de M\u00e9xico 24 de julio 2015.- El gobernador de Quintana Roo, Roberto Borge Angulo, present\u00f3 la \u201cIniciativa de Ley para la Protecci\u00f3n de Personas Defensoras de Derechos Humanos y &hellip; <a href=\"https:\/\/www.grieta.org.mx\/index.php\/2015\/07\/25\/las-contradicciones-de-la-libertad-de-expresion-en-quintana-roo\/\" class=\"more-link\">Leer m\u00e1s<\/a><\/p>\n","protected":false},"author":2,"featured_media":21928,"comment_status":"closed","ping_status":"open","sticky":false,"template":"","format":"standard","meta":{"ngg_post_thumbnail":0,"_jetpack_newsletter_access":"","_jetpack_dont_email_post_to_subs":false,"_jetpack_newsletter_tier_id":0,"_jetpack_memberships_contains_paywalled_content":false,"_jetpack_memberships_contains_paid_content":false,"footnotes":""},"categories":[80,151],"tags":[120],"class_list":["post-3698","post","type-post","status-publish","format-standard","has-post-thumbnail","hentry","category-cintillo","category-quintana-roo","tag-violencia-contra-periodistas","entry"],"jetpack_featured_media_url":"https:\/\/www.grieta.org.mx\/wp-content\/uploads\/2018\/03\/14524434_1106112876131411_958039263622046936_o.jpg","jetpack_sharing_enabled":true,"jetpack_shortlink":"https:\/\/wp.me\/p7ZJR4-XE","jetpack_likes_enabled":false,"jetpack-related-posts":[{"id":3688,"url":"https:\/\/www.grieta.org.mx\/index.php\/2015\/10\/04\/represion-contra-periodistas-en-quintana-roo\/","url_meta":{"origin":3698,"position":0},"title":"Violencia contra periodistas en Quintana Roo","author":"grieta","date":"4 octubre, 2015","format":false,"excerpt":"04\/10\/15. En 4 a\u00f1os, Borge convirti\u00f3 a QRoo en una entidad de alto riesgo para la libertad de expresi\u00f3n Sinembargo 29\/09\/15. Impugna CNDH la ley Borge contra la libertad de expresi\u00f3n en Quintana Roo Proceso 16\/08\/15. La herencia represora de Borge: Leyes \u2018a modo\u2019 y ataques a periodistas en m\u00e1s\u2026","rel":"","context":"En &quot;NOTICIAS NACIONALES&quot;","block_context":{"text":"NOTICIAS NACIONALES","link":"https:\/\/www.grieta.org.mx\/index.php\/category\/noticias-nacionales\/"},"img":{"alt_text":"","src":"https:\/\/i0.wp.com\/www.grieta.org.mx\/wp-content\/uploads\/2018\/03\/14524434_1106112876131411_958039263622046936_o.jpg?resize=350%2C200&ssl=1","width":350,"height":200,"srcset":"https:\/\/i0.wp.com\/www.grieta.org.mx\/wp-content\/uploads\/2018\/03\/14524434_1106112876131411_958039263622046936_o.jpg?resize=350%2C200&ssl=1 1x, https:\/\/i0.wp.com\/www.grieta.org.mx\/wp-content\/uploads\/2018\/03\/14524434_1106112876131411_958039263622046936_o.jpg?resize=525%2C300&ssl=1 1.5x, https:\/\/i0.wp.com\/www.grieta.org.mx\/wp-content\/uploads\/2018\/03\/14524434_1106112876131411_958039263622046936_o.jpg?resize=700%2C400&ssl=1 2x"},"classes":[]},{"id":3692,"url":"https:\/\/www.grieta.org.mx\/index.php\/2015\/08\/16\/la-herencia-represora-de-borge-leyes-a-modo-y-ataques-a-periodistas-en-mas-de-4-anos-en-quintana-roo\/","url_meta":{"origin":3698,"position":1},"title":"La herencia represora de Borge: Leyes \u2018a modo\u2019 y ataques a periodistas en m\u00e1s de 4 a\u00f1os en Quintana Roo","author":"grieta","date":"16 agosto, 2015","format":false,"excerpt":"Ciudad de M\u00e9xico, 16 de agosto (SinEmbargo).\u2013 La administraci\u00f3n del Gobernador de Quintana Roo, Roberto Borge Angulo es identificada por organizaciones y activistas como una de las m\u00e1s \u201crepresoras\u201d de la libertad de expresi\u00f3n. Las difamaciones en contra de periodistas, legislaciones como la Ley antimarchas y la de Protecci\u00f3n a\u2026","rel":"","context":"En &quot;CINTILLO&quot;","block_context":{"text":"CINTILLO","link":"https:\/\/www.grieta.org.mx\/index.php\/category\/cintillo\/"},"img":{"alt_text":"","src":"https:\/\/i0.wp.com\/www.grieta.org.mx\/wp-content\/uploads\/2018\/03\/14524434_1106112876131411_958039263622046936_o.jpg?resize=350%2C200&ssl=1","width":350,"height":200,"srcset":"https:\/\/i0.wp.com\/www.grieta.org.mx\/wp-content\/uploads\/2018\/03\/14524434_1106112876131411_958039263622046936_o.jpg?resize=350%2C200&ssl=1 1x, https:\/\/i0.wp.com\/www.grieta.org.mx\/wp-content\/uploads\/2018\/03\/14524434_1106112876131411_958039263622046936_o.jpg?resize=525%2C300&ssl=1 1.5x, https:\/\/i0.wp.com\/www.grieta.org.mx\/wp-content\/uploads\/2018\/03\/14524434_1106112876131411_958039263622046936_o.jpg?resize=700%2C400&ssl=1 2x"},"classes":[]},{"id":3700,"url":"https:\/\/www.grieta.org.mx\/index.php\/2015\/07\/23\/q-roo-gobernador-debera-comparecer-por-caso-canche-articulo-19\/","url_meta":{"origin":3698,"position":2},"title":"Q Roo: gobernador deber\u00e1 comparecer por caso Canche: Art\u00edculo 19","author":"grieta","date":"23 julio, 2015","format":false,"excerpt":"La respuesta del gobierno de Quintana Roo para rechazar la recomendaci\u00f3n que le gir\u00f3 la Comisi\u00f3n Nacional de Derechos Humanos (CNDH) sobre los agravios que cometi\u00f3 en contra del comunicador maya, Pedro Canch\u00e9, es \u201cinsuficiente\u201d, al no estar fundada, ni motivada; no satisface por su pobreza argumentativa y amerita la\u2026","rel":"","context":"En &quot;CINTILLO&quot;","block_context":{"text":"CINTILLO","link":"https:\/\/www.grieta.org.mx\/index.php\/category\/cintillo\/"},"img":{"alt_text":"","src":"https:\/\/i0.wp.com\/www.grieta.org.mx\/wp-content\/uploads\/2018\/03\/14524434_1106112876131411_958039263622046936_o.jpg?resize=350%2C200&ssl=1","width":350,"height":200,"srcset":"https:\/\/i0.wp.com\/www.grieta.org.mx\/wp-content\/uploads\/2018\/03\/14524434_1106112876131411_958039263622046936_o.jpg?resize=350%2C200&ssl=1 1x, https:\/\/i0.wp.com\/www.grieta.org.mx\/wp-content\/uploads\/2018\/03\/14524434_1106112876131411_958039263622046936_o.jpg?resize=525%2C300&ssl=1 1.5x, https:\/\/i0.wp.com\/www.grieta.org.mx\/wp-content\/uploads\/2018\/03\/14524434_1106112876131411_958039263622046936_o.jpg?resize=700%2C400&ssl=1 2x"},"classes":[]},{"id":3687,"url":"https:\/\/www.grieta.org.mx\/index.php\/2015\/10\/04\/en-4-anos-borge-convirtio-a-qroo-en-una-entidad-de-alto-riesgo-para-la-libertad-de-expresion\/","url_meta":{"origin":3698,"position":3},"title":"En 4 a\u00f1os, Borge convirti\u00f3 a QRoo en una entidad de alto riesgo para la libertad de expresi\u00f3n","author":"grieta","date":"4 octubre, 2015","format":false,"excerpt":"Ciudad de M\u00e9xico, 4 de octubre (SinEmbargo).\u2013 Una de las administraciones estatales m\u00e1s cuestionadas por parte de organizaciones sociales y activistas es la del priista Roberto Borge Angulo en Quintana Roo. Las difamaciones en contra de periodistas y legislaciones \u201ca modo\u201d, son algunas cr\u00edticas que ha recibido en los poco\u2026","rel":"","context":"En &quot;CINTILLO&quot;","block_context":{"text":"CINTILLO","link":"https:\/\/www.grieta.org.mx\/index.php\/category\/cintillo\/"},"img":{"alt_text":"","src":"https:\/\/i0.wp.com\/www.grieta.org.mx\/wp-content\/uploads\/2018\/03\/14524434_1106112876131411_958039263622046936_o.jpg?resize=350%2C200&ssl=1","width":350,"height":200,"srcset":"https:\/\/i0.wp.com\/www.grieta.org.mx\/wp-content\/uploads\/2018\/03\/14524434_1106112876131411_958039263622046936_o.jpg?resize=350%2C200&ssl=1 1x, https:\/\/i0.wp.com\/www.grieta.org.mx\/wp-content\/uploads\/2018\/03\/14524434_1106112876131411_958039263622046936_o.jpg?resize=525%2C300&ssl=1 1.5x, https:\/\/i0.wp.com\/www.grieta.org.mx\/wp-content\/uploads\/2018\/03\/14524434_1106112876131411_958039263622046936_o.jpg?resize=700%2C400&ssl=1 2x"},"classes":[]},{"id":3694,"url":"https:\/\/www.grieta.org.mx\/index.php\/2015\/08\/05\/ley-borge-reforzara-el-control-del-gobernador-sobre-los-medios-en-quintana-roo-afirman-comunicadores\/","url_meta":{"origin":3698,"position":4},"title":"Ley Borge reforzar\u00e1 el control del gobernador sobre los medios en Quintana Roo afirman comunicadores","author":"grieta","date":"5 agosto, 2015","format":false,"excerpt":"(05 de agosto, 2015).- La mayor\u00eda del Congreso aprob\u00f3 la ley Borge que prev\u00e9 la creaci\u00f3n de una instancia que aplicar\u00e1 medidas para atender a comunicadores y activistas \u201cen riesgo\u201d y \u201cen situaci\u00f3n de vulnerabilidad\u201d, pero la mayor\u00eda de comunicadores y periodistas la desaprueban. La consideran un proyecto para afianzar\u2026","rel":"","context":"En &quot;CINTILLO&quot;","block_context":{"text":"CINTILLO","link":"https:\/\/www.grieta.org.mx\/index.php\/category\/cintillo\/"},"img":{"alt_text":"","src":"https:\/\/i0.wp.com\/www.grieta.org.mx\/wp-content\/uploads\/2018\/03\/14524434_1106112876131411_958039263622046936_o.jpg?resize=350%2C200&ssl=1","width":350,"height":200,"srcset":"https:\/\/i0.wp.com\/www.grieta.org.mx\/wp-content\/uploads\/2018\/03\/14524434_1106112876131411_958039263622046936_o.jpg?resize=350%2C200&ssl=1 1x, https:\/\/i0.wp.com\/www.grieta.org.mx\/wp-content\/uploads\/2018\/03\/14524434_1106112876131411_958039263622046936_o.jpg?resize=525%2C300&ssl=1 1.5x, https:\/\/i0.wp.com\/www.grieta.org.mx\/wp-content\/uploads\/2018\/03\/14524434_1106112876131411_958039263622046936_o.jpg?resize=700%2C400&ssl=1 2x"},"classes":[]},{"id":6311,"url":"https:\/\/www.grieta.org.mx\/index.php\/2015\/03\/24\/mexico-estado-de-censura\/","url_meta":{"origin":3698,"position":5},"title":"M\u00e9xico, Estado de censura","author":"grieta","date":"24 marzo, 2015","format":false,"excerpt":"Victor M Maya CDMX, 24 de marzo de 2015.- La organizaci\u00f3n que promueve la libertad de expresi\u00f3n: Art\u00edculo 19, presenta este martes su informe sobre violencia contra la prensa 2014. En los dos \u00faltimos a\u00f1os del sexenio de Felipe Calder\u00f3n la organizaci\u00f3n document\u00f3 207 casos de agresiones a la prensa.\u2026","rel":"","context":"En &quot;CINTILLO&quot;","block_context":{"text":"CINTILLO","link":"https:\/\/www.grieta.org.mx\/index.php\/category\/cintillo\/"},"img":{"alt_text":"","src":"https:\/\/i0.wp.com\/www.grieta.org.mx\/wp-content\/uploads\/2018\/03\/14524434_1106112876131411_958039263622046936_o.jpg?resize=350%2C200&ssl=1","width":350,"height":200,"srcset":"https:\/\/i0.wp.com\/www.grieta.org.mx\/wp-content\/uploads\/2018\/03\/14524434_1106112876131411_958039263622046936_o.jpg?resize=350%2C200&ssl=1 1x, https:\/\/i0.wp.com\/www.grieta.org.mx\/wp-content\/uploads\/2018\/03\/14524434_1106112876131411_958039263622046936_o.jpg?resize=525%2C300&ssl=1 1.5x, https:\/\/i0.wp.com\/www.grieta.org.mx\/wp-content\/uploads\/2018\/03\/14524434_1106112876131411_958039263622046936_o.jpg?resize=700%2C400&ssl=1 2x"},"classes":[]}],"_links":{"self":[{"href":"https:\/\/www.grieta.org.mx\/index.php\/wp-json\/wp\/v2\/posts\/3698","targetHints":{"allow":["GET"]}}],"collection":[{"href":"https:\/\/www.grieta.org.mx\/index.php\/wp-json\/wp\/v2\/posts"}],"about":[{"href":"https:\/\/www.grieta.org.mx\/index.php\/wp-json\/wp\/v2\/types\/post"}],"author":[{"embeddable":true,"href":"https:\/\/www.grieta.org.mx\/index.php\/wp-json\/wp\/v2\/users\/2"}],"replies":[{"embeddable":true,"href":"https:\/\/www.grieta.org.mx\/index.php\/wp-json\/wp\/v2\/comments?post=3698"}],"version-history":[{"count":1,"href":"https:\/\/www.grieta.org.mx\/index.php\/wp-json\/wp\/v2\/posts\/3698\/revisions"}],"predecessor-version":[{"id":3699,"href":"https:\/\/www.grieta.org.mx\/index.php\/wp-json\/wp\/v2\/posts\/3698\/revisions\/3699"}],"wp:featuredmedia":[{"embeddable":true,"href":"https:\/\/www.grieta.org.mx\/index.php\/wp-json\/wp\/v2\/media\/21928"}],"wp:attachment":[{"href":"https:\/\/www.grieta.org.mx\/index.php\/wp-json\/wp\/v2\/media?parent=3698"}],"wp:term":[{"taxonomy":"category","embeddable":true,"href":"https:\/\/www.grieta.org.mx\/index.php\/wp-json\/wp\/v2\/categories?post=3698"},{"taxonomy":"post_tag","embeddable":true,"href":"https:\/\/www.grieta.org.mx\/index.php\/wp-json\/wp\/v2\/tags?post=3698"}],"curies":[{"name":"wp","href":"https:\/\/api.w.org\/{rel}","templated":true}]}}