{"id":36965,"date":"2019-07-22T16:52:10","date_gmt":"2019-07-22T21:52:10","guid":{"rendered":"http:\/\/www.grieta.org.mx\/?p=36965"},"modified":"2019-07-25T16:58:44","modified_gmt":"2019-07-25T21:58:44","slug":"se-reunen-en-temaca-en-defensa-del-agua-jalisco","status":"publish","type":"post","link":"https:\/\/www.grieta.org.mx\/index.php\/2019\/07\/22\/se-reunen-en-temaca-en-defensa-del-agua-jalisco\/","title":{"rendered":"Se re\u00fanen en Temaca en defensa del agua (Jalisco)"},"content":{"rendered":"<p><img loading=\"lazy\" decoding=\"async\" data-attachment-id=\"36966\" data-permalink=\"https:\/\/www.grieta.org.mx\/index.php\/2019\/07\/22\/se-reunen-en-temaca-en-defensa-del-agua-jalisco\/2019-07-21_11-07-32___8733\/\" data-orig-file=\"https:\/\/www.grieta.org.mx\/wp-content\/uploads\/2019\/07\/2019-07-21_11-07-32___8733.jpg\" data-orig-size=\"750,500\" data-comments-opened=\"0\" data-image-meta=\"{&quot;aperture&quot;:&quot;0&quot;,&quot;credit&quot;:&quot;&quot;,&quot;camera&quot;:&quot;&quot;,&quot;caption&quot;:&quot;&quot;,&quot;created_timestamp&quot;:&quot;0&quot;,&quot;copyright&quot;:&quot;&quot;,&quot;focal_length&quot;:&quot;0&quot;,&quot;iso&quot;:&quot;0&quot;,&quot;shutter_speed&quot;:&quot;0&quot;,&quot;title&quot;:&quot;&quot;,&quot;orientation&quot;:&quot;1&quot;}\" data-image-title=\"2019-07-21_11-07-32___8733\" data-image-description=\"\" data-image-caption=\"\" data-medium-file=\"https:\/\/www.grieta.org.mx\/wp-content\/uploads\/2019\/07\/2019-07-21_11-07-32___8733-300x200.jpg\" data-large-file=\"https:\/\/www.grieta.org.mx\/wp-content\/uploads\/2019\/07\/2019-07-21_11-07-32___8733.jpg\" class=\"size-full wp-image-36966 aligncenter\" src=\"http:\/\/www.grieta.org.mx\/wp-content\/uploads\/2019\/07\/2019-07-21_11-07-32___8733.jpg\" alt=\"\" width=\"750\" height=\"500\" srcset=\"https:\/\/www.grieta.org.mx\/wp-content\/uploads\/2019\/07\/2019-07-21_11-07-32___8733.jpg 750w, https:\/\/www.grieta.org.mx\/wp-content\/uploads\/2019\/07\/2019-07-21_11-07-32___8733-300x200.jpg 300w\" sizes=\"auto, (max-width: 750px) 100vw, 750px\" \/><\/p>\n<p>Foto: Especial<\/p>\n<p>Dario Pereira \/ El Diario NTR<\/p>\n<p>Con la finalidad de hacer un balance de la pol\u00edtica h\u00eddrica de la administraci\u00f3n encabezada por Enrique Alfaro Ram\u00edrez, fortalecer los v\u00ednculos entre las comunidades que luchan contra proyectos que les afectan y generar acciones unificadas al respecto, ayer se llev\u00f3 a cabo en Temacapul\u00edn, en Ca\u00f1adas de Obreg\u00f3n, el cuarto Encuentro en Defensa del Agua, el Territorio y la Vida.<\/p>\n<p>\u201cLa conclusi\u00f3n fue que, en relaci\u00f3n al agua, la pol\u00edtica de Enrique Alfaro es de continuidad y completamente obsoleta, pues no\u00a0respeta el\u00a0principio de equidad ni el de sustentabilidad\u201d, resumi\u00f3 Mar\u00eda Gonz\u00e1lez Valencia, coordinadora del Instituto Mexicano para el Desarrollo Comunitario (Imdec), una de las organizaciones convocantes al evento.<\/p>\n<p>En el espacio de di\u00e1logo participaron comunidades de la ribera del lago de Chapala, quienes se enfrentan a altos niveles de contaminaci\u00f3n de las aguas que consumen; organizaciones que pugnan por el saneamiento de la laguna de Cajititl\u00e1n, en Tlajomulco; colectivos de la Zona Metropolitana de Guadalajara que defienden bosques y acu\u00edferos contra la intervenci\u00f3n inmobiliaria; el colectivo Salvemos Temacapul\u00edn, Acasico y Palmarejo, localidades afectadas por la Presa El Zapotillo, y habitantes de la comunidad de San Juan Bautista de la Laguna, quienes se oponen a la construcci\u00f3n de un gasoducto que pasa por la zona y del que no se tiene certeza que cumpla con las normas de seguridad.<\/p>\n<p>A las 11 horas del pr\u00f3ximo mi\u00e9rcoles, en Plaza Liberaci\u00f3n como sede, los colectivos participantes del encuentro dar\u00e1n a conocer p\u00fablicamente los acuerdos alcanzados en el mismo y las acciones que se desprender\u00e1n de\u00a0\u00e9stos.<\/p>\n<p>\u201cLa conclusi\u00f3n fue que, en relaci\u00f3n al agua, la pol\u00edtica de Enrique Alfaro es de continuidad y completamente obsoleta, pues no\u00a0respeta el\u00a0principio de equidad ni el de sustentabilidad\u201d<\/p>\n<p>Mar\u00eda Gonz\u00e1lez Valencia, coordinadora del Imdec<\/p>\n<p><a href=\"https:\/\/www.ntrguadalajara.com\/post.php?id_nota=130724\">https:\/\/www.ntrguadalajara.com\/post.php?id_nota=130724<\/a><\/p>\n","protected":false},"excerpt":{"rendered":"<p>Foto: Especial Dario Pereira \/ El Diario NTR Con la finalidad de hacer un balance de la pol\u00edtica h\u00eddrica de la administraci\u00f3n encabezada por Enrique Alfaro Ram\u00edrez, fortalecer los v\u00ednculos &hellip; <a href=\"https:\/\/www.grieta.org.mx\/index.php\/2019\/07\/22\/se-reunen-en-temaca-en-defensa-del-agua-jalisco\/\" class=\"more-link\">Leer m\u00e1s<\/a><\/p>\n","protected":false},"author":2,"featured_media":36966,"comment_status":"closed","ping_status":"closed","sticky":false,"template":"","format":"standard","meta":{"ngg_post_thumbnail":0,"_jetpack_newsletter_access":"","_jetpack_dont_email_post_to_subs":false,"_jetpack_newsletter_tier_id":0,"_jetpack_memberships_contains_paywalled_content":false,"_jetpack_memberships_contains_paid_content":false,"footnotes":""},"categories":[80,914,20,2,2342,83],"tags":[2403,463,1498],"class_list":["post-36965","post","type-post","status-publish","format-standard","has-post-thumbnail","hentry","category-cintillo","category-privatizacion-del-agua","category-jalisco","category-noticias-nacionales","category-privatizacion-del-agua-en-jalisco","category-temas-nacionales","tag-crisis-del-agua","tag-defensa-del-agua","tag-privatizacon-del-agua","entry"],"jetpack_featured_media_url":"https:\/\/www.grieta.org.mx\/wp-content\/uploads\/2019\/07\/2019-07-21_11-07-32___8733.jpg","jetpack_sharing_enabled":true,"jetpack_shortlink":"https:\/\/wp.me\/p7ZJR4-9Cd","jetpack_likes_enabled":false,"jetpack-related-posts":[{"id":57825,"url":"https:\/\/www.grieta.org.mx\/index.php\/2021\/03\/17\/afectados-demandaran-a-autoridades-por-cortes-injustificados-de-agua-en-la-amg-de-guadalajara-jalisco\/","url_meta":{"origin":36965,"position":0},"title":"Afectados demandaran a autoridades por cortes injustificados de agua en la AMG de Guadalajara (Jalisco)","author":"grieta","date":"17 marzo, 2021","format":false,"excerpt":"Foto: Mario Marlo Mario Marlo \/ Somos el Medio Afectados de la \u00c1rea Metropolitana de Guadalajara (AMG),\u00a0preparan una demanda administrativa contra autoridades por los cortes de agua injustificados realizados en las \u00faltimas semanas. En una inspecci\u00f3n realizada a la presa Calder\u00f3n este 16 de marzo, afectados informaron que realizar\u00e1n una\u2026","rel":"","context":"En &quot;CINTILLO&quot;","block_context":{"text":"CINTILLO","link":"https:\/\/www.grieta.org.mx\/index.php\/category\/cintillo\/"},"img":{"alt_text":"","src":"https:\/\/i0.wp.com\/www.grieta.org.mx\/wp-content\/uploads\/2021\/03\/photo5661431353794734003-696x464-1.jpg?resize=350%2C200&ssl=1","width":350,"height":200,"srcset":"https:\/\/i0.wp.com\/www.grieta.org.mx\/wp-content\/uploads\/2021\/03\/photo5661431353794734003-696x464-1.jpg?resize=350%2C200&ssl=1 1x, https:\/\/i0.wp.com\/www.grieta.org.mx\/wp-content\/uploads\/2021\/03\/photo5661431353794734003-696x464-1.jpg?resize=525%2C300&ssl=1 1.5x"},"classes":[]},{"id":66659,"url":"https:\/\/www.grieta.org.mx\/index.php\/2023\/03\/22\/el-gobernador-alfaro-mintio-en-la-onu-el-rio-santiago-no-esta-saneado-es-una-catastrofe-ambiental-jalisco\/","url_meta":{"origin":36965,"position":1},"title":"\u201cEl gobernador Alfaro minti\u00f3 en la ONU, el r\u00edo Santiago no est\u00e1 saneado es una cat\u00e1strofe ambiental\u201d (Jalisco)","author":"grieta","date":"22 marzo, 2023","format":false,"excerpt":"Imagen: Zona Docs #D\u00edaMundialDelAgua Organizaciones de la sociedad civil y\u00a0 personas defensoras del agua en Jalisco recriminaron las declaraciones que el Gobernador de Jalisco, Enrique Alfaro, ofreci\u00f3 en la\u00a0Conferencia del Agua 2023 que realiz\u00f3 la Organizaci\u00f3n de las Naciones Unidas en New York, ciudad hasta donde el mandatario viaj\u00f3 para\u2026","rel":"","context":"En &quot;CINTILLO&quot;","block_context":{"text":"CINTILLO","link":"https:\/\/www.grieta.org.mx\/index.php\/category\/cintillo\/"},"img":{"alt_text":"","src":"https:\/\/i0.wp.com\/www.grieta.org.mx\/wp-content\/uploads\/2023\/03\/WhatsApp-Image-2023-03-22-at-18.22.56-696x464-1.jpeg?resize=350%2C200&ssl=1","width":350,"height":200,"srcset":"https:\/\/i0.wp.com\/www.grieta.org.mx\/wp-content\/uploads\/2023\/03\/WhatsApp-Image-2023-03-22-at-18.22.56-696x464-1.jpeg?resize=350%2C200&ssl=1 1x, https:\/\/i0.wp.com\/www.grieta.org.mx\/wp-content\/uploads\/2023\/03\/WhatsApp-Image-2023-03-22-at-18.22.56-696x464-1.jpeg?resize=525%2C300&ssl=1 1.5x"},"classes":[]},{"id":37018,"url":"https:\/\/www.grieta.org.mx\/index.php\/2019\/07\/24\/por-opacidad-y-sigilo-en-la-realizacion-de-obras-hidricas-pueblos-de-jalisco-firman-acuerdo-para-aprovechar-su-agua-jalisco\/","url_meta":{"origin":36965,"position":2},"title":"Por opacidad y sigilo en la realizaci\u00f3n de obras h\u00eddricas, pueblos de Jalisco firman acuerdo para aprovechar su agua (Jalisco)","author":"grieta","date":"24 julio, 2019","format":false,"excerpt":"El pasado domingo 21 de julio, el pueblo de Temacapul\u00edn recibi\u00f3 a representantes de distintos pueblos de Jalisco, quienes hablaron y acordaron estrategias para luchar contra las malas pol\u00edticas p\u00fablicas federales y estatales en cuanto al manejo y preservaci\u00f3n del agua. Como respuesta a la reciente negociaci\u00f3n que celebraron los\u2026","rel":"","context":"En &quot;CINTILLO&quot;","block_context":{"text":"CINTILLO","link":"https:\/\/www.grieta.org.mx\/index.php\/category\/cintillo\/"},"img":{"alt_text":"","src":"https:\/\/i0.wp.com\/www.grieta.org.mx\/wp-content\/uploads\/2019\/07\/Temaca-44-1200x640.jpg?resize=350%2C200&ssl=1","width":350,"height":200,"srcset":"https:\/\/i0.wp.com\/www.grieta.org.mx\/wp-content\/uploads\/2019\/07\/Temaca-44-1200x640.jpg?resize=350%2C200&ssl=1 1x, https:\/\/i0.wp.com\/www.grieta.org.mx\/wp-content\/uploads\/2019\/07\/Temaca-44-1200x640.jpg?resize=525%2C300&ssl=1 1.5x, https:\/\/i0.wp.com\/www.grieta.org.mx\/wp-content\/uploads\/2019\/07\/Temaca-44-1200x640.jpg?resize=700%2C400&ssl=1 2x, https:\/\/i0.wp.com\/www.grieta.org.mx\/wp-content\/uploads\/2019\/07\/Temaca-44-1200x640.jpg?resize=1050%2C600&ssl=1 3x"},"classes":[]},{"id":59142,"url":"https:\/\/www.grieta.org.mx\/index.php\/2021\/04\/27\/se-manifiestan-por-falta-de-agua-jalisco\/","url_meta":{"origin":36965,"position":3},"title":"Se manifiestan por falta de agua (Jalisco)","author":"grieta","date":"27 abril, 2021","format":false,"excerpt":"Foto: Lauro Rodr\u00edguez Lauro Rodr\u00edguez \/\u00a0 El Noticiero NTR Habitantes de colonias del norte de la ciudad acudieron ayer a Casa Jalisco a manifestarse por la falta de agua que padecen. Algunos afirmaron que llevan tres meses sin una sola gota de agua. Entre los afectados hubo vecinos de San\u2026","rel":"","context":"En &quot;CINTILLO&quot;","block_context":{"text":"CINTILLO","link":"https:\/\/www.grieta.org.mx\/index.php\/category\/cintillo\/"},"img":{"alt_text":"","src":"https:\/\/i0.wp.com\/www.grieta.org.mx\/wp-content\/uploads\/2021\/05\/2021-04-26_11-04-28___4309.jpg?resize=350%2C200&ssl=1","width":350,"height":200,"srcset":"https:\/\/i0.wp.com\/www.grieta.org.mx\/wp-content\/uploads\/2021\/05\/2021-04-26_11-04-28___4309.jpg?resize=350%2C200&ssl=1 1x, https:\/\/i0.wp.com\/www.grieta.org.mx\/wp-content\/uploads\/2021\/05\/2021-04-26_11-04-28___4309.jpg?resize=525%2C300&ssl=1 1.5x, https:\/\/i0.wp.com\/www.grieta.org.mx\/wp-content\/uploads\/2021\/05\/2021-04-26_11-04-28___4309.jpg?resize=700%2C400&ssl=1 2x"},"classes":[]},{"id":35937,"url":"https:\/\/www.grieta.org.mx\/index.php\/2019\/06\/29\/un-buen-gobernante-no-le-da-la-espalda-al-pueblo-no-incumple-sus-compromisos-temacapulin-jalisco\/","url_meta":{"origin":36965,"position":4},"title":"Un buen gobernante no le da la espalda al pueblo, no incumple sus compromisos: Temacapul\u00edn (Jalisco)","author":"grieta","date":"29 junio, 2019","format":false,"excerpt":"Redacci\u00f3n \/ Somos el Medio A trav\u00e9s de una carta dirigida a Enrique Alfaro Ram\u00edrez, a su Gabinete de Gobierno y a los diputados(as) del Congreso del Estado de Jalisco, el Comit\u00e9 Salvemos Temacapul\u00edn Acasico y Palmarejo, el Colectivo de Abogadxs, el Movimiento Mexicano de Afectados por las Presas y\u2026","rel":"","context":"En &quot;CINTILLO&quot;","block_context":{"text":"CINTILLO","link":"https:\/\/www.grieta.org.mx\/index.php\/category\/cintillo\/"},"img":{"alt_text":"","src":"https:\/\/i0.wp.com\/www.grieta.org.mx\/wp-content\/uploads\/2019\/07\/D-MawzfUYAA3J_I.jpg?resize=350%2C200&ssl=1","width":350,"height":200,"srcset":"https:\/\/i0.wp.com\/www.grieta.org.mx\/wp-content\/uploads\/2019\/07\/D-MawzfUYAA3J_I.jpg?resize=350%2C200&ssl=1 1x, https:\/\/i0.wp.com\/www.grieta.org.mx\/wp-content\/uploads\/2019\/07\/D-MawzfUYAA3J_I.jpg?resize=525%2C300&ssl=1 1.5x"},"classes":[]},{"id":59407,"url":"https:\/\/www.grieta.org.mx\/index.php\/2021\/05\/14\/vecinos-de-tabachines-suman-30-horas-con-toma-de-pozo-denuncian-altos-cobros-y-desabasto-de-agua-jalisco\/","url_meta":{"origin":36965,"position":5},"title":"Vecinos de Tabachines suman 30 horas con toma de pozo, denuncian altos cobros y desabasto de agua (Jalisco)","author":"grieta","date":"14 mayo, 2021","format":false,"excerpt":"Foto: Edgar Flores Edgar Flores \/ El Diario NTR Mantienen vecinos de Tabachines, plant\u00f3n en pozo de agua. Ya son casi 30 horas de protesta, y acusan falta de soluciones por parte del director del Sistema Intermunicipal de los Servicios de Agua Potable y Alcantarillado (Siapa), Carlos Enrique Torres Lugo.\u2026","rel":"","context":"En &quot;CINTILLO&quot;","block_context":{"text":"CINTILLO","link":"https:\/\/www.grieta.org.mx\/index.php\/category\/cintillo\/"},"img":{"alt_text":"","src":"https:\/\/i0.wp.com\/www.grieta.org.mx\/wp-content\/uploads\/2021\/05\/2021-05-14_06-05-07___1052-e1621283364314.jpg?resize=350%2C200&ssl=1","width":350,"height":200,"srcset":"https:\/\/i0.wp.com\/www.grieta.org.mx\/wp-content\/uploads\/2021\/05\/2021-05-14_06-05-07___1052-e1621283364314.jpg?resize=350%2C200&ssl=1 1x, https:\/\/i0.wp.com\/www.grieta.org.mx\/wp-content\/uploads\/2021\/05\/2021-05-14_06-05-07___1052-e1621283364314.jpg?resize=525%2C300&ssl=1 1.5x, https:\/\/i0.wp.com\/www.grieta.org.mx\/wp-content\/uploads\/2021\/05\/2021-05-14_06-05-07___1052-e1621283364314.jpg?resize=700%2C400&ssl=1 2x"},"classes":[]}],"_links":{"self":[{"href":"https:\/\/www.grieta.org.mx\/index.php\/wp-json\/wp\/v2\/posts\/36965","targetHints":{"allow":["GET"]}}],"collection":[{"href":"https:\/\/www.grieta.org.mx\/index.php\/wp-json\/wp\/v2\/posts"}],"about":[{"href":"https:\/\/www.grieta.org.mx\/index.php\/wp-json\/wp\/v2\/types\/post"}],"author":[{"embeddable":true,"href":"https:\/\/www.grieta.org.mx\/index.php\/wp-json\/wp\/v2\/users\/2"}],"replies":[{"embeddable":true,"href":"https:\/\/www.grieta.org.mx\/index.php\/wp-json\/wp\/v2\/comments?post=36965"}],"version-history":[{"count":1,"href":"https:\/\/www.grieta.org.mx\/index.php\/wp-json\/wp\/v2\/posts\/36965\/revisions"}],"predecessor-version":[{"id":36967,"href":"https:\/\/www.grieta.org.mx\/index.php\/wp-json\/wp\/v2\/posts\/36965\/revisions\/36967"}],"wp:featuredmedia":[{"embeddable":true,"href":"https:\/\/www.grieta.org.mx\/index.php\/wp-json\/wp\/v2\/media\/36966"}],"wp:attachment":[{"href":"https:\/\/www.grieta.org.mx\/index.php\/wp-json\/wp\/v2\/media?parent=36965"}],"wp:term":[{"taxonomy":"category","embeddable":true,"href":"https:\/\/www.grieta.org.mx\/index.php\/wp-json\/wp\/v2\/categories?post=36965"},{"taxonomy":"post_tag","embeddable":true,"href":"https:\/\/www.grieta.org.mx\/index.php\/wp-json\/wp\/v2\/tags?post=36965"}],"curies":[{"name":"wp","href":"https:\/\/api.w.org\/{rel}","templated":true}]}}