{"id":36883,"date":"2019-07-23T18:49:25","date_gmt":"2019-07-23T23:49:25","guid":{"rendered":"http:\/\/www.grieta.org.mx\/?p=36883"},"modified":"2019-07-23T18:50:38","modified_gmt":"2019-07-23T23:50:38","slug":"la-guardia-nacional-ya-empezo-a-criminalizar-a-los-migrantes","status":"publish","type":"post","link":"https:\/\/www.grieta.org.mx\/index.php\/2019\/07\/23\/la-guardia-nacional-ya-empezo-a-criminalizar-a-los-migrantes\/","title":{"rendered":"La Guardia Nacional ya empez\u00f3 a criminalizar a los migrantes"},"content":{"rendered":"<figure id=\"attachment_36884\" aria-describedby=\"caption-attachment-36884\" style=\"width: 780px\" class=\"wp-caption alignleft\"><img loading=\"lazy\" decoding=\"async\" data-attachment-id=\"36884\" data-permalink=\"https:\/\/www.grieta.org.mx\/index.php\/2019\/07\/23\/la-guardia-nacional-ya-empezo-a-criminalizar-a-los-migrantes\/la-casa-del-migrante-saltillo\/\" data-orig-file=\"https:\/\/www.grieta.org.mx\/wp-content\/uploads\/2019\/07\/Indefensi\u00f3n-y-desasosiego-Foto-Miguel-\u00c1ngel-Reyna.jpg\" data-orig-size=\"1024,680\" data-comments-opened=\"0\" data-image-meta=\"{&quot;aperture&quot;:&quot;9&quot;,&quot;credit&quot;:&quot;Miguel Angel Reyna&quot;,&quot;camera&quot;:&quot;NIKON D300&quot;,&quot;caption&quot;:&quot;La casa del migrante Saltillo.&quot;,&quot;created_timestamp&quot;:&quot;1406896805&quot;,&quot;copyright&quot;:&quot;&quot;,&quot;focal_length&quot;:&quot;240&quot;,&quot;iso&quot;:&quot;200&quot;,&quot;shutter_speed&quot;:&quot;0.008&quot;,&quot;title&quot;:&quot;La casa del migrante Saltillo.&quot;,&quot;orientation&quot;:&quot;1&quot;}\" data-image-title=\"La casa del migrante Saltillo.\" data-image-description=\"\" data-image-caption=\"&lt;p&gt;La casa del migrante Saltillo.&lt;\/p&gt;\n\" data-medium-file=\"https:\/\/www.grieta.org.mx\/wp-content\/uploads\/2019\/07\/Indefensi\u00f3n-y-desasosiego-Foto-Miguel-\u00c1ngel-Reyna-300x199.jpg\" data-large-file=\"https:\/\/www.grieta.org.mx\/wp-content\/uploads\/2019\/07\/Indefensi\u00f3n-y-desasosiego-Foto-Miguel-\u00c1ngel-Reyna-1024x680.jpg\" class=\"wp-image-36884\" src=\"http:\/\/www.grieta.org.mx\/wp-content\/uploads\/2019\/07\/Indefensi\u00f3n-y-desasosiego-Foto-Miguel-\u00c1ngel-Reyna.jpg\" alt=\"\" width=\"780\" height=\"518\" srcset=\"https:\/\/www.grieta.org.mx\/wp-content\/uploads\/2019\/07\/Indefensi\u00f3n-y-desasosiego-Foto-Miguel-\u00c1ngel-Reyna.jpg 1024w, https:\/\/www.grieta.org.mx\/wp-content\/uploads\/2019\/07\/Indefensi\u00f3n-y-desasosiego-Foto-Miguel-\u00c1ngel-Reyna-300x199.jpg 300w, https:\/\/www.grieta.org.mx\/wp-content\/uploads\/2019\/07\/Indefensi\u00f3n-y-desasosiego-Foto-Miguel-\u00c1ngel-Reyna-768x510.jpg 768w, https:\/\/www.grieta.org.mx\/wp-content\/uploads\/2019\/07\/Indefensi\u00f3n-y-desasosiego-Foto-Miguel-\u00c1ngel-Reyna-753x500.jpg 753w\" sizes=\"auto, (max-width: 780px) 100vw, 780px\" \/><figcaption id=\"caption-attachment-36884\" class=\"wp-caption-text\">La casa del migrante Saltillo.<\/figcaption><\/figure>\n<p>Rodrigo Vera\/ PROCESO<\/p>\n<blockquote><p>Tras la intimidaci\u00f3n de elementos de la Guardia Nacional al Centro de Atenci\u00f3n al Migrante Exodus, ubicado en Agua Prieta, Sonora, la Conferencia del Episcopado Mexicano (CEM) activ\u00f3 sus medidas de protecci\u00f3n para los 133 albergues que tiene a lo largo del pa\u00eds. El secretario ejecutivo de la Dimensi\u00f3n de Movilidad Humana de la CEM, Arturo Montelongo, lamenta que, por medio de la Guardia Nacional, el gobierno mexicano le est\u00e9 haciendo el \u201ctrabajo sucio\u201d al presidente estadunidense Donald Trump, criminalizando la migraci\u00f3n.<\/p><\/blockquote>\n<p>CIUDAD DE M\u00c9XICO (Proceso).- \u201c\u00a1Vamos a entrar al albergue! \u00a1Venimos a realizar una verificaci\u00f3n migratoria!\u201d, les dijeron los agentes de la Guardia Nacional (GN) a los encargados del Centro de Atenci\u00f3n al Migrante Exodus, localizado en la ciudad sonorense de Agua Prieta.<\/p>\n<p>\u2013\u00a1No! \u00a1Aqu\u00ed no pasan! Este es un lugar privado \u2013los ataj\u00f3 en la entrada Perla del \u00c1ngel Mart\u00edn, una de las trabajadoras voluntarias de ese albergue fronterizo.<\/p>\n<p>Molestos, los cerca de 20 guardias se vieron unos a otros. El jefe del grupo se acerc\u00f3 a Del \u00c1ngel y, mir\u00e1ndola a los ojos, le dijo amenazante:<\/p>\n<p>\u2013Mire, este es un lugar p\u00fablico. M\u00e1s vale que nos dejen entrar. Venimos a ver cu\u00e1ntos migrantes tienen, con qu\u00e9 donativos se est\u00e1n financiando ustedes y qui\u00e9nes les dan esos apoyos.<\/p>\n<p>\u2013Aqu\u00ed no entran. \u00bfTraen una orden escrita para poder inspeccionar? \u2013le pregunt\u00f3 Del \u00c1ngel.<\/p>\n<p>\u2013No, no la traemos. Y ya d\u00e9jenos entrar para hacer nuestra inspecci\u00f3n \u2013insisti\u00f3 el guardia.<\/p>\n<p>Desde el interior del albergue, los atemorizados migrantes atisbaban a los guardias que hab\u00edan llegado a bordo de tres veh\u00edculos militares. Al convoy se sumaron dos veh\u00edculos m\u00e1s. En un momento se juntaron m\u00e1s de 30 elementos de la GN, con uniforme castrense y portando armas largas.<\/p>\n<p>A trav\u00e9s de sus tel\u00e9fonos celulares, los guardias reportaban el incidente a las oficinas locales del Instituto Nacional de Migraci\u00f3n (INM), mientras que los encargados del albergue, para asesorarse, telefoneaban a la coordinaci\u00f3n regional de la Comisi\u00f3n Nacional de los Derechos Humanos (CNDH) y a las autoridades eclesi\u00e1sticas de la Di\u00f3cesis de Nogales, que maneja esta casa del migrante.<\/p>\n<p>M\u00e1s tarde arrib\u00f3 el director del albergue, el sacerdote Ricardo Silva. Tambi\u00e9n \u00e9l se opuso a la entrada de los uniformados, quienes recibieron una llamada telef\u00f3nica. Al parecer les ordenaron retirarse. Se subieron a sus veh\u00edculos y abandonaron el lugar. El altercado se hab\u00eda prolongado durante casi dos horas. Era la noche del 23 de junio pasado.<\/p>\n<p>Perla del \u00c1ngel Mart\u00edn, quien relata el incidente, cuenta que a partir de entonces est\u00e1n en alerta las casas para migrantes en esa l\u00ednea fronteriza:<\/p>\n<p>\u201cEstamos en permanente contacto unas con otras; lo mismo con organizaciones de derechos humanos, pues en cualquier momento puede volver a irrumpir la Guardia Nacional en alg\u00fan albergue, con la intenci\u00f3n de capturar migrantes\u201d, dice.<\/p>\n<p>\u2013\u00bfSon ilegales estos operativos?<\/p>\n<p>\u2013Totalmente, pues la Ley de Migraci\u00f3n, en su art\u00edculo 76, se\u00f1ala que no se pueden realizar verificaciones migratorias en estos albergues. Estos operativos violan adem\u00e1s el art\u00edculo primero constitucional, referente al respeto a los derechos humanos.<\/p>\n<p>Un estreno intimidante<\/p>\n<p>Los focos rojos pr\u00e1cticamente se encendieron en los 133 albergues y centros de atenci\u00f3n para migrantes que, como el de Agua Prieta, maneja en todo el pa\u00eds la Conferencia del Episcopado Mexicano (CEM), la instituci\u00f3n con mayor infraestructura para atender a esta poblaci\u00f3n vulnerable.<\/p>\n<p>El sacerdote Arturo Montelongo, secretario ejecutivo de la Dimensi\u00f3n de Movilidad Humana de la CEM y quien a nivel nacional coordina el trabajo de estos albergues, comenta preocupado:<\/p>\n<p>\u201cVendr\u00e1n cosas muy graves si se repiten incidentes como el de Agua Prieta, donde la Guardia Nacional ya empez\u00f3 a criminalizar la migraci\u00f3n. \u00a1Imag\u00ednese! Bajo esa concepci\u00f3n se ver\u00e1n nuestros albergues como centros de delincuencia. Y esto no s\u00f3lo afectar\u00e1 a los migrantes, sino tambi\u00e9n a los defensores de sus derechos humanos. Todos nos convertiremos en delincuentes.<\/p>\n<p>\u201c\u00a1Claro! No faltar\u00e1 alg\u00fan \u2018coyote\u2019 o traficante de personas que de pronto se cuele por ah\u00ed. Puede ocurrir. Mas no por eso debe criminalizarse a todos los migrantes, quienes lo menos que quieren es delinquir mientras est\u00e1n de paso en alg\u00fan pa\u00eds (de tr\u00e1nsito) o llegan a su destino. No les conviene cometer delitos. Ser\u00eda patear el pesebre.<\/p>\n<p>\u201cPor lo pronto, a trav\u00e9s de la red de comunicaci\u00f3n que tenemos entre los 133 albergues y casas de atenci\u00f3n del episcopado estamos en alerta, al pendiente de cualquier otro incidente que pueda ocurrir.\u201d<\/p>\n<p>\u2013\u00bfQu\u00e9 opini\u00f3n le merece el que la Guardia Nacional se haya estrenado con operativos antimigrantes?<\/p>\n<p>\u2013Mire, ya de por s\u00ed es muy violento el solo hecho de que a la Guardia Nacional se le presente como un freno a la migraci\u00f3n; eso es violent\u00edsimo en lo sicol\u00f3gico.<\/p>\n<p>Nosotros, desde el principio, ve\u00edamos muy dif\u00edcil la pretensi\u00f3n del presidente estadunidense Donald Trump de construir un muro en su frontera con M\u00e9xico; dif\u00edcil y a la vez il\u00f3gico. Pero ahora la Guardia Nacional hace las veces de muro, tan obstructivo como lo puede ser un muro material.<\/p>\n<p>\u201cEl Instituto Nacional de Migraci\u00f3n, en principio, no debe hacer uso de la fuerza. Pero la Guardia Nacional viene con la idea de que puede recurrir a la fuerza para detener migrantes y hacer revisiones en albergues, poniendo en peligro la integridad de las personas. Ojal\u00e1 y no se llegue a eso.<\/p>\n<p>\u201cPero tristemente hemos visto fotograf\u00edas en los medios donde elementos de la Guardia Nacional les impiden a migrantes cruzar el R\u00edo Bravo para internarse en Estados Unidos. Eso no debe ser. Ese trabajo le corresponde a las autoridades estadunidenses, porque son ellas las que no quieren que crucen sus fronteras. Pueden hacer lo que quieran en su territorio. Aqu\u00ed la Guardia Nacional no tiene por qu\u00e9 hacerles el trabajo sucio.\u201d<\/p>\n<p>Contra los muros humanos<\/p>\n<p>En sus oficinas de la Dimensi\u00f3n de Movilidad Humana, el sacerdote Montelongo, con 19 a\u00f1os de trabajar en la pastoral para migrantes, asegura sin tapujos:<\/p>\n<p>\u201cAqu\u00ed en M\u00e9xico ya estamos aplicando las leyes migratorias de Estados Unidos. Y todo por un capricho de Donald Trump, quien amenaza con imponer medidas arancelarias a nuestros productos en caso de que no apliquemos su pol\u00edtica migratoria. \u2018Te impongo aranceles si no me detienes a los migrantes\u2019; esa es su amenaza, basada en sus c\u00e1lculos pol\u00edticos.<\/p>\n<p>\u201cY el enviar a M\u00e9xico a los solicitantes de asilo en Estados Unidos es echarlos simplemente a su patio trasero. Esto nos crea problemas de asistencia humanitaria en la frontera norte. Al menos nuestro gobierno deber\u00eda exigirle al estadunidense que agilice los tr\u00e1mites de asilo para tantas personas.<\/p>\n<p>\u201cEste capricho de Trump nos lleva perder algo muy valioso: nuestra soberan\u00eda. \u00bfD\u00f3nde queda nuestra soberan\u00eda? \u00bfSomos ya t\u00edteres del gobierno estadunidense? Por lo pronto, al enviar a la Guardia Nacional a contener migrantes, el presidente Andr\u00e9s Manuel L\u00f3pez Obrador le est\u00e1 haciendo el trabajo sucio a Trump.\u201d<\/p>\n<p>Apenas anunci\u00f3 L\u00f3pez Obrador el despliegue de la GN en la frontera sur, la CEM emiti\u00f3 un comunicado el pasado 10 de junio para oponerse a la medida. Dijo ah\u00ed:<\/p>\n<p>\u201cDesplegar 6 mil efectivos de la Guardia Nacional en la frontera sur no es una soluci\u00f3n de ra\u00edz que atienda a las verdaderas causas del fen\u00f3meno migratorio. El combate a la pobreza y a la desigualdad en M\u00e9xico y en Centroam\u00e9rica pareciera quedar sustituido por el temor ante el otro, nuestro hermano.\u201d<\/p>\n<p>Y sobre la decisi\u00f3n gubernamental de bloquear a los migrantes para impedir la imposici\u00f3n arancelaria, el organismo c\u00fapula de la jerarqu\u00eda cat\u00f3lica mexicana se\u00f1al\u00f3:<\/p>\n<p>\u201cNuestros hermanos migrantes nunca deben ser moneda de cambio. Ninguna negociaci\u00f3n debe colocarse por encima de lo que la Iglesia y la sociedad civil han defendido por a\u00f1os: la no criminalizaci\u00f3n de los migrantes ni de los defensores de derechos humanos\u2026Si hemos rechazado como mexicanos la construcci\u00f3n de un muro, no podemos convertirnos nosotros mismos en ese muro.\u201d<\/p>\n<p>D\u00edas despu\u00e9s, el 19 de junio, con motivo del D\u00eda Mundial del Refugiado, la CEM emiti\u00f3 otro comunicado donde volvi\u00f3 a rechazar el despliegue de \u201cmuros humanos\u201d que \u201cmilitarizan\u201d las fronteras, en clara referencia a la Guardia Nacional.<\/p>\n<p>Se\u00f1al\u00f3 que la actual \u201cestrategia migratoria\u201d \u2013provocada por la amenaza de \u201cimposici\u00f3n de aranceles\u201d \u2013 debe estar \u201cbasada en los derechos humanos\u201d y no en la \u201cinmediata militarizaci\u00f3n de las fronteras o levantamiento de muros humanos\u201d.<\/p>\n<p>Record\u00f3 que la postura de la Iglesia, basada en los lineamientos del Papa Francisco, se sustenta en cuatro ejes principales: \u201cAcoger, proteger, promover e integrar\u201d al migrante.<\/p>\n<p>Crisis humanitaria<\/p>\n<p>En la entrevista, asegura Montelongo que actualmente M\u00e9xico vive una \u201cemergencia humanitaria\u201d por la gran cantidad de migrantes que atraviesan el territorio nacional y abarrotan los albergues.<\/p>\n<p>\u201cEmpezamos a vivir la emergencia humanitaria a ra\u00edz del nuevo fen\u00f3meno de las caravanas de migrantes, quienes ya no s\u00f3lo vienen de Centroam\u00e9rica, sino tambi\u00e9n de \u00c1frica y Asia; es una migraci\u00f3n transcontinental.<\/p>\n<p>\u201cNuestros albergues no tienen ya capacidad para atenderlos. Est\u00e1n saturados. Ning\u00fan albergue puede atender a m\u00e1s de 500 personas. Y si llegan mil, pues claro que all\u00ed hay una emergencia. De tal manera nos vemos obligados a levantar carpas para alojar a tanta gente.\u201d<\/p>\n<p>\u201cPara afrontar mejor esta emergencia, organizamos los albergues en tres zonas: norte, centro y sur. Y en todas estamos trabajando con las di\u00f3cesis y las congregaciones religiosas dedicadas a la atenci\u00f3n de migrantes, como los scalabrinianos o los jesuitas, las hermanas josefinas o de la Caridad.\u201d<\/p>\n<p>\u2013\u00bfY c\u00f3mo se allegan recursos?<\/p>\n<p>\u2013A trav\u00e9s de donativos, de la solidaridad de la gente. Quien puede ofrecer algo, lo ofrece. Y siempre a nivel parroquial la gente pobre es la que m\u00e1s responde: da comida, agua, ropa, cobijas, medicamentos\u2026 El pobre responde por el pobre.<\/p>\n<p>\u201cHay tambi\u00e9n gente que ofrece transporte y les dice a los migrantes: \u2018Los podemos transportar de tal a tal punto\u2019. As\u00ed los ayudan en su caminar. Claro, adem\u00e1s hay instituciones eclesi\u00e1sticas que tienen redes para apoyarnos en nuestro trabajo, como Caritas Internacional.<\/p>\n<p>\u201cPero ahora, con el despliegue de la Guardia Nacional, toda esta labor de solidaridad y caridad cristiana empieza a criminalizarse, a convertirse en un delito. Por eso, estamos muy atentos ante cualquier irrupci\u00f3n como la de Agua Prieta.\u201d<\/p>\n<p>Por lo pronto, en las zonas fronterizas la GN ya est\u00e1 realizando rondines en los albergues, carreteras, hoteles, terminales de autobuses y puntos de mayor afluencia de migrantes.<\/p>\n<p>Frida Mart\u00ednez, abogada del albergue Espacio Migrante, de Tijuana, relata:<\/p>\n<p>\u201cAqu\u00ed en Tijuana, los elementos de la Guardia Nacional ya est\u00e1n realizando funciones de verificaci\u00f3n migratoria. Incluso, junto con el Ej\u00e9rcito, colocaron retenes en la terminal de autobuses y en la autopista que va a Mexicali. Realizan tambi\u00e9n rondines afuera de los albergues y en la zona conocida como Playas de Tijuana.\u201d<\/p>\n<p>\u2013\u00bfY ustedes qu\u00e9 medidas est\u00e1n tomando?<\/p>\n<p>\u2013Estamos colocando candados en los accesos de nuestros albergues. Pedimos a los migrantes que, cuando salgan, vayan siempre acompa\u00f1ados, lleven consigo un n\u00famero telef\u00f3nico de un visitador de la CNDH y no se arriesguen a ir a Playas de Tijuana y otros puntos peligrosos. Nos preocupan sobre todo los haitianos, quienes son m\u00e1s identificables por su color de piel.<\/p>\n<p>Arturo Montelongo refiere que, para afrontar este endurecimiento de la pol\u00edtica migratoria, los episcopados de M\u00e9xico, Estados Unidos y Centroam\u00e9rica est\u00e1n planeando acciones conjuntas. Y adelanta:<\/p>\n<p>\u201cA principios de septiembre pr\u00f3ximo, en Matamoros, habr\u00e1 un encuentro entre los obispos mexicanos y estadunidenses de esa zona fronteriza. Y d\u00edas despu\u00e9s habr\u00e1 otra reuni\u00f3n, en Tapachula, entre los obispos del sur de M\u00e9xico y obispos de Guatemala, Honduras y El Salvador.<\/p>\n<p>\u201cA su vez, el Papa Francisco y el Vaticano, a trav\u00e9s del Consejo Pontificio para la Pastoral de los Migrantes, est\u00e1n apoyando nuestra labor, pues finalmente somos una sola Iglesia, un solo cuerpo.\u201d<\/p>\n<p>\u2013\u2026 Un cuerpo que va en sentido contrario a la pol\u00edtica migratoria de Trump, hoy replicada en M\u00e9xico.<\/p>\n<p>\u2013S\u00ed. As\u00ed es. La intenci\u00f3n de Trump y de la Guardia Nacional es levantar muros. La nuestra es tender puentes y abrir puertas. Esa es la funci\u00f3n de la Iglesia.<\/p>\n<p>Este reportaje se public\u00f3 el 21 de julio de 2019 en la edici\u00f3n 2229 de la revista Proceso<\/p>\n<p><a href=\"https:\/\/www.proceso.com.mx\/593457\/la-guardia-nacional-ya-empezo-a-criminalizar-a-los-migrantes\" target=\"_blank\" rel=\"noopener noreferrer\">https:\/\/www.proceso.com.mx\/593457\/la-guardia-nacional-ya-empezo-a-criminalizar-a-los-migrantes<\/a><\/p>\n","protected":false},"excerpt":{"rendered":"<p>Rodrigo Vera\/ PROCESO Tras la intimidaci\u00f3n de elementos de la Guardia Nacional al Centro de Atenci\u00f3n al Migrante Exodus, ubicado en Agua Prieta, Sonora, la Conferencia del Episcopado Mexicano (CEM) &hellip; <a href=\"https:\/\/www.grieta.org.mx\/index.php\/2019\/07\/23\/la-guardia-nacional-ya-empezo-a-criminalizar-a-los-migrantes\/\" class=\"more-link\">Leer m\u00e1s<\/a><\/p>\n","protected":false},"author":2,"featured_media":36884,"comment_status":"closed","ping_status":"closed","sticky":false,"template":"","format":"standard","meta":{"ngg_post_thumbnail":0,"_jetpack_newsletter_access":"","_jetpack_dont_email_post_to_subs":false,"_jetpack_newsletter_tier_id":0,"_jetpack_memberships_contains_paywalled_content":false,"_jetpack_memberships_contains_paid_content":false,"footnotes":""},"categories":[80,1214,86,2695,2,31,83],"tags":[1410,1872,2711,1194,2511,2295,2766,2700,2599,1397],"class_list":["post-36883","post","type-post","status-publish","format-standard","has-post-thumbnail","hentry","category-cintillo","category-migracion-en-sonora","category-migrantes","category-militarizacion-en-sonora","category-noticias-nacionales","category-sonora","category-temas-nacionales","tag-abusos-contra-migrantes","tag-agresiones-a-migrantes","tag-alineacion-de-amlo-con-politica-antimigrante-deeu","tag-criminalizacion-de-migrantes","tag-deportacion-de-migrantes","tag-guardia-nacional","tag-hostigamiento-a-centros-de-acogida-de-migrantes","tag-maltrato-a-migrantes","tag-persecucion-contra-defensores-de-derechos-de-migrantes","tag-violacion-de-derechos-de-migrantes","entry"],"jetpack_featured_media_url":"https:\/\/www.grieta.org.mx\/wp-content\/uploads\/2019\/07\/Indefensi\u00f3n-y-desasosiego-Foto-Miguel-\u00c1ngel-Reyna.jpg","jetpack_sharing_enabled":true,"jetpack_shortlink":"https:\/\/wp.me\/p7ZJR4-9AT","jetpack_likes_enabled":false,"jetpack-related-posts":[{"id":37061,"url":"https:\/\/www.grieta.org.mx\/index.php\/2019\/07\/25\/cndh-condena-amenazas-de-militares-en-albergues-de-migrantes-en-mexico\/","url_meta":{"origin":36883,"position":0},"title":"CNDH condena amenazas de militares en albergues de migrantes en M\u00e9xico","author":"grieta","date":"25 julio, 2019","format":false,"excerpt":"EFE La Comisi\u00f3n Nacional de los Derechos Humanos (CNDH) emiti\u00f3 este jueves medidas cautelares a fin de evitar violaciones a los derechos humanos tras algunas amenazas registradas en los albergues para migrantes ubicados en los estados mexicanos de Sonora y Coahuila por parte de fuerzas federales. En un comunicado, el\u2026","rel":"","context":"En &quot;CINTILLO&quot;","block_context":{"text":"CINTILLO","link":"https:\/\/www.grieta.org.mx\/index.php\/category\/cintillo\/"},"img":{"alt_text":"","src":"https:\/\/i0.wp.com\/www.grieta.org.mx\/wp-content\/uploads\/2018\/03\/14524434_1106112876131411_958039263622046936_o.jpg?resize=350%2C200&ssl=1","width":350,"height":200,"srcset":"https:\/\/i0.wp.com\/www.grieta.org.mx\/wp-content\/uploads\/2018\/03\/14524434_1106112876131411_958039263622046936_o.jpg?resize=350%2C200&ssl=1 1x, https:\/\/i0.wp.com\/www.grieta.org.mx\/wp-content\/uploads\/2018\/03\/14524434_1106112876131411_958039263622046936_o.jpg?resize=525%2C300&ssl=1 1.5x, https:\/\/i0.wp.com\/www.grieta.org.mx\/wp-content\/uploads\/2018\/03\/14524434_1106112876131411_958039263622046936_o.jpg?resize=700%2C400&ssl=1 2x"},"classes":[]},{"id":35551,"url":"https:\/\/www.grieta.org.mx\/index.php\/2019\/06\/28\/casa-del-migrante-en-sonora-acusa-que-guardia-nacional-intento-irrumpir-en-albergue\/","url_meta":{"origin":36883,"position":1},"title":"Casa del Migrante en Sonora acusa que Guardia Nacional intent\u00f3 irrumpir en albergue","author":"grieta","date":"28 junio, 2019","format":false,"excerpt":"Los albergues de la zona norte denuncian que elementos de la Guardia Nacional quisieron entrar a las instalaciones de Agua Prieta. El gobierno no ofrece explicaciones. Alberto Pradilla\/ ANIMAL POL\u00cdTICO Domingo 23 de junio, 19.00 horas. Perla del \u00c1ngel, voluntaria del Centro de Atenci\u00f3n al Migrante Exodus (Came) en Agua\u2026","rel":"","context":"En &quot;CINTILLO&quot;","block_context":{"text":"CINTILLO","link":"https:\/\/www.grieta.org.mx\/index.php\/category\/cintillo\/"},"img":{"alt_text":"","src":"https:\/\/i0.wp.com\/www.grieta.org.mx\/wp-content\/uploads\/2019\/06\/20190623_195451-1.jpg?resize=350%2C200&ssl=1","width":350,"height":200,"srcset":"https:\/\/i0.wp.com\/www.grieta.org.mx\/wp-content\/uploads\/2019\/06\/20190623_195451-1.jpg?resize=350%2C200&ssl=1 1x, https:\/\/i0.wp.com\/www.grieta.org.mx\/wp-content\/uploads\/2019\/06\/20190623_195451-1.jpg?resize=525%2C300&ssl=1 1.5x, https:\/\/i0.wp.com\/www.grieta.org.mx\/wp-content\/uploads\/2019\/06\/20190623_195451-1.jpg?resize=700%2C400&ssl=1 2x"},"classes":[]},{"id":21526,"url":"https:\/\/www.grieta.org.mx\/index.php\/2016\/09\/08\/condiciones-de-los-migrantes-en-el-cerro-de-caborca-sonora\/","url_meta":{"origin":36883,"position":2},"title":"Condiciones de los migrantes en el Cerro de Caborca, Sonora","author":"grieta","date":"8 septiembre, 2016","format":false,"excerpt":"08\/09\/15. Sonora migrante Sin Embargo","rel":"","context":"En &quot;Migrantes&quot;","block_context":{"text":"Migrantes","link":"https:\/\/www.grieta.org.mx\/index.php\/category\/temas-nacionales\/migrantes\/"},"img":{"alt_text":"","src":"https:\/\/i0.wp.com\/www.grieta.org.mx\/wp-content\/uploads\/2018\/03\/14524434_1106112876131411_958039263622046936_o.jpg?resize=350%2C200&ssl=1","width":350,"height":200,"srcset":"https:\/\/i0.wp.com\/www.grieta.org.mx\/wp-content\/uploads\/2018\/03\/14524434_1106112876131411_958039263622046936_o.jpg?resize=350%2C200&ssl=1 1x, https:\/\/i0.wp.com\/www.grieta.org.mx\/wp-content\/uploads\/2018\/03\/14524434_1106112876131411_958039263622046936_o.jpg?resize=525%2C300&ssl=1 1.5x, https:\/\/i0.wp.com\/www.grieta.org.mx\/wp-content\/uploads\/2018\/03\/14524434_1106112876131411_958039263622046936_o.jpg?resize=700%2C400&ssl=1 2x"},"classes":[]},{"id":43702,"url":"https:\/\/www.grieta.org.mx\/index.php\/2020\/01\/26\/confunden-a-estudiante-mexicana-con-migrantes-y-la-detienen-tabasco\/","url_meta":{"origin":36883,"position":3},"title":"Confunden a estudiante mexicana con migrantes y la detienen (Tabasco)","author":"grieta","date":"26 enero, 2020","format":false,"excerpt":"Redacci\u00f3n \/ La Verdad La estudiante que fue detenida por el Instituto Nacional de Migraci\u00f3n estuvo reclu\u00edda cinco d\u00edas. El Instituto Nacional de Migraci\u00f3n (INM) realiz\u00f3 la detenci\u00f3n de una mujer estudiante a la que confundi\u00f3 con los migrantes hondure\u00f1os. Se trata de Dulce \"N\", una estudiante originaria del estado\u2026","rel":"","context":"En &quot;Abuso de fuerzas represivas en Tabasco&quot;","block_context":{"text":"Abuso de fuerzas represivas en Tabasco","link":"https:\/\/www.grieta.org.mx\/index.php\/category\/noticias-nacionales\/tabasco\/abuso-de-fuerzas-represivas-en-tabasco\/"},"img":{"alt_text":"","src":"https:\/\/i0.wp.com\/www.grieta.org.mx\/wp-content\/uploads\/2020\/01\/https-_laverdadnoticias.com___export_1580061250258_sites_laverdad_img_2020_01_26_confunden_a_estudiante_mexicana_con_migrantes_y_la_detienen.jpg_1834093470.jpg?resize=350%2C200&ssl=1","width":350,"height":200,"srcset":"https:\/\/i0.wp.com\/www.grieta.org.mx\/wp-content\/uploads\/2020\/01\/https-_laverdadnoticias.com___export_1580061250258_sites_laverdad_img_2020_01_26_confunden_a_estudiante_mexicana_con_migrantes_y_la_detienen.jpg_1834093470.jpg?resize=350%2C200&ssl=1 1x, https:\/\/i0.wp.com\/www.grieta.org.mx\/wp-content\/uploads\/2020\/01\/https-_laverdadnoticias.com___export_1580061250258_sites_laverdad_img_2020_01_26_confunden_a_estudiante_mexicana_con_migrantes_y_la_detienen.jpg_1834093470.jpg?resize=525%2C300&ssl=1 1.5x, https:\/\/i0.wp.com\/www.grieta.org.mx\/wp-content\/uploads\/2020\/01\/https-_laverdadnoticias.com___export_1580061250258_sites_laverdad_img_2020_01_26_confunden_a_estudiante_mexicana_con_migrantes_y_la_detienen.jpg_1834093470.jpg?resize=700%2C400&ssl=1 2x, https:\/\/i0.wp.com\/www.grieta.org.mx\/wp-content\/uploads\/2020\/01\/https-_laverdadnoticias.com___export_1580061250258_sites_laverdad_img_2020_01_26_confunden_a_estudiante_mexicana_con_migrantes_y_la_detienen.jpg_1834093470.jpg?resize=1050%2C600&ssl=1 3x, https:\/\/i0.wp.com\/www.grieta.org.mx\/wp-content\/uploads\/2020\/01\/https-_laverdadnoticias.com___export_1580061250258_sites_laverdad_img_2020_01_26_confunden_a_estudiante_mexicana_con_migrantes_y_la_detienen.jpg_1834093470.jpg?resize=1400%2C800&ssl=1 4x"},"classes":[]},{"id":41206,"url":"https:\/\/www.grieta.org.mx\/index.php\/2019\/11\/14\/guardia-nacional-acumula-24-denuncias-ante-la-cndh-la-mayoria-de-migrantes\/","url_meta":{"origin":36883,"position":4},"title":"Guardia Nacional acumula 24 denuncias ante la CNDH, la mayor\u00eda de migrantes","author":"grieta","date":"14 noviembre, 2019","format":false,"excerpt":"Manuel Espino y Alexis Ort\u00edz \/ El Universal Con 4 meses, enfrenta acusaciones de violaciones a derechos humanos; tendr\u00e1n que ser atendidas por la nueva titular, Rosario Piedra Ibarra A cuatro meses de que fue desplegada, la Guardia Nacional suma 24 quejas ante la Comisi\u00f3n Nacional de los Derechos Humanos\u2026","rel":"","context":"En &quot;CINTILLO&quot;","block_context":{"text":"CINTILLO","link":"https:\/\/www.grieta.org.mx\/index.php\/category\/cintillo\/"},"img":{"alt_text":"","src":"https:\/\/i0.wp.com\/www.grieta.org.mx\/wp-content\/uploads\/2019\/11\/Guardia-Nacional-acumula-24-denuncias-ante-la-CNDH-la-mayor%C3%ADa-de-migrantes-mili-nov.jpg?resize=350%2C200","width":350,"height":200},"classes":[]},{"id":35505,"url":"https:\/\/www.grieta.org.mx\/index.php\/2019\/06\/20\/galeria-migrantes-cruzan-el-rio-bravo-desafian-a-la-guardia-nacional-chihuahua\/","url_meta":{"origin":36883,"position":5},"title":"Galer\u00eda: Migrantes cruzan el r\u00edo Bravo, desaf\u00edan a la Guardia Nacional (Chihuahua)","author":"grieta","date":"20 junio, 2019","format":false,"excerpt":"Fotograf\u00edas: Rey R. Jauregui\/ LA VERDAD Ciudad Ju\u00e1rez \u2013 Trepados a la estructura ferroviaria binacional conocida como el puente negro o resistiendo el afluente del r\u00edo Bravo, los migrantes extranjeros contin\u00faan su trayecto hacia Estados Unido por Ciudad Ju\u00e1rez, en un franco desaf\u00edo a la custodia que mantienen elementos militarizados\u2026","rel":"","context":"En &quot;Chihuahua&quot;","block_context":{"text":"Chihuahua","link":"https:\/\/www.grieta.org.mx\/index.php\/category\/noticias-nacionales\/chihuahua\/"},"img":{"alt_text":"","src":"https:\/\/i0.wp.com\/www.grieta.org.mx\/wp-content\/uploads\/2019\/06\/Mujer-y-adolescente-migrate-Rey-R.-Jauregui-1000x600.jpeg?resize=350%2C200&ssl=1","width":350,"height":200,"srcset":"https:\/\/i0.wp.com\/www.grieta.org.mx\/wp-content\/uploads\/2019\/06\/Mujer-y-adolescente-migrate-Rey-R.-Jauregui-1000x600.jpeg?resize=350%2C200&ssl=1 1x, https:\/\/i0.wp.com\/www.grieta.org.mx\/wp-content\/uploads\/2019\/06\/Mujer-y-adolescente-migrate-Rey-R.-Jauregui-1000x600.jpeg?resize=525%2C300&ssl=1 1.5x, https:\/\/i0.wp.com\/www.grieta.org.mx\/wp-content\/uploads\/2019\/06\/Mujer-y-adolescente-migrate-Rey-R.-Jauregui-1000x600.jpeg?resize=700%2C400&ssl=1 2x"},"classes":[]}],"_links":{"self":[{"href":"https:\/\/www.grieta.org.mx\/index.php\/wp-json\/wp\/v2\/posts\/36883","targetHints":{"allow":["GET"]}}],"collection":[{"href":"https:\/\/www.grieta.org.mx\/index.php\/wp-json\/wp\/v2\/posts"}],"about":[{"href":"https:\/\/www.grieta.org.mx\/index.php\/wp-json\/wp\/v2\/types\/post"}],"author":[{"embeddable":true,"href":"https:\/\/www.grieta.org.mx\/index.php\/wp-json\/wp\/v2\/users\/2"}],"replies":[{"embeddable":true,"href":"https:\/\/www.grieta.org.mx\/index.php\/wp-json\/wp\/v2\/comments?post=36883"}],"version-history":[{"count":1,"href":"https:\/\/www.grieta.org.mx\/index.php\/wp-json\/wp\/v2\/posts\/36883\/revisions"}],"predecessor-version":[{"id":36885,"href":"https:\/\/www.grieta.org.mx\/index.php\/wp-json\/wp\/v2\/posts\/36883\/revisions\/36885"}],"wp:featuredmedia":[{"embeddable":true,"href":"https:\/\/www.grieta.org.mx\/index.php\/wp-json\/wp\/v2\/media\/36884"}],"wp:attachment":[{"href":"https:\/\/www.grieta.org.mx\/index.php\/wp-json\/wp\/v2\/media?parent=36883"}],"wp:term":[{"taxonomy":"category","embeddable":true,"href":"https:\/\/www.grieta.org.mx\/index.php\/wp-json\/wp\/v2\/categories?post=36883"},{"taxonomy":"post_tag","embeddable":true,"href":"https:\/\/www.grieta.org.mx\/index.php\/wp-json\/wp\/v2\/tags?post=36883"}],"curies":[{"name":"wp","href":"https:\/\/api.w.org\/{rel}","templated":true}]}}