{"id":36809,"date":"2019-07-11T15:38:38","date_gmt":"2019-07-11T20:38:38","guid":{"rendered":"http:\/\/www.grieta.org.mx\/?p=36809"},"modified":"2019-07-21T15:40:03","modified_gmt":"2019-07-21T20:40:03","slug":"queserias-contaminan-rio-acotzala-acusa-texmelucan-puebla","status":"publish","type":"post","link":"https:\/\/www.grieta.org.mx\/index.php\/2019\/07\/11\/queserias-contaminan-rio-acotzala-acusa-texmelucan-puebla\/","title":{"rendered":"Queser\u00edas contaminan r\u00edo Acotzala, acusa Texmelucan (Puebla)"},"content":{"rendered":"<figure id=\"attachment_36810\" aria-describedby=\"caption-attachment-36810\" style=\"width: 800px\" class=\"wp-caption aligncenter\"><a href=\"http:\/\/www.grieta.org.mx\/wp-content\/uploads\/2019\/07\/Captura-de-pantalla-2019-07-21-15.33.37.png\"><img loading=\"lazy\" decoding=\"async\" data-attachment-id=\"36810\" data-permalink=\"https:\/\/www.grieta.org.mx\/index.php\/2019\/07\/11\/queserias-contaminan-rio-acotzala-acusa-texmelucan-puebla\/captura-de-pantalla-2019-07-21-15-33-37\/\" data-orig-file=\"https:\/\/www.grieta.org.mx\/wp-content\/uploads\/2019\/07\/Captura-de-pantalla-2019-07-21-15.33.37.png\" data-orig-size=\"960,508\" data-comments-opened=\"0\" data-image-meta=\"{&quot;aperture&quot;:&quot;0&quot;,&quot;credit&quot;:&quot;&quot;,&quot;camera&quot;:&quot;&quot;,&quot;caption&quot;:&quot;&quot;,&quot;created_timestamp&quot;:&quot;0&quot;,&quot;copyright&quot;:&quot;&quot;,&quot;focal_length&quot;:&quot;0&quot;,&quot;iso&quot;:&quot;0&quot;,&quot;shutter_speed&quot;:&quot;0&quot;,&quot;title&quot;:&quot;&quot;,&quot;orientation&quot;:&quot;0&quot;}\" data-image-title=\"Captura de pantalla 2019-07-21 15.33.37\" data-image-description=\"\" data-image-caption=\"&lt;p&gt;Las empresas instaladas en San Salvador el Verde, vierten sus desechos y contaminan el r\u00edo Acotzala.&lt;\/p&gt;\n\" data-medium-file=\"https:\/\/www.grieta.org.mx\/wp-content\/uploads\/2019\/07\/Captura-de-pantalla-2019-07-21-15.33.37-300x159.png\" data-large-file=\"https:\/\/www.grieta.org.mx\/wp-content\/uploads\/2019\/07\/Captura-de-pantalla-2019-07-21-15.33.37.png\" class=\"wp-image-36810\" src=\"http:\/\/www.grieta.org.mx\/wp-content\/uploads\/2019\/07\/Captura-de-pantalla-2019-07-21-15.33.37-300x159.png\" alt=\"\" width=\"800\" height=\"423\" srcset=\"https:\/\/www.grieta.org.mx\/wp-content\/uploads\/2019\/07\/Captura-de-pantalla-2019-07-21-15.33.37-300x159.png 300w, https:\/\/www.grieta.org.mx\/wp-content\/uploads\/2019\/07\/Captura-de-pantalla-2019-07-21-15.33.37-768x406.png 768w, https:\/\/www.grieta.org.mx\/wp-content\/uploads\/2019\/07\/Captura-de-pantalla-2019-07-21-15.33.37-945x500.png 945w, https:\/\/www.grieta.org.mx\/wp-content\/uploads\/2019\/07\/Captura-de-pantalla-2019-07-21-15.33.37.png 960w\" sizes=\"auto, (max-width: 800px) 100vw, 800px\" \/><\/a><figcaption id=\"caption-attachment-36810\" class=\"wp-caption-text\">Las empresas instaladas en San Salvador el Verde, vierten sus desechos y contaminan el r\u00edo Acotzala.<\/figcaption><\/figure>\n<p>Texto y foto: Cecilia Espinoza Galindo \/ Municipios Puebla<\/p>\n<p><strong>San Mart\u00edn Texmelucan, Pue.- La contaminaci\u00f3n del r\u00edo Acotzala, debe ser atendida por el Ayuntamiento de San Salvador El Verde, dijo el regidor de Ecolog\u00eda en San Mart\u00edn Texmelucan, Agust\u00edn Castillo, quien dijo que est\u00e1 comuna ha realizado trabajos de saneamiento que han resultado poco eficaces, pues las descargas se realizan en la parte alta.<\/strong><\/p>\n<p>Agust\u00edn Castillo, coment\u00f3 que tras varios recorridos han confirmado que las industrias que se ubican en Texmelucan est\u00e1n lejos del Acotzala, sin embargo en la parte alta del afluente, empresas textiles vierten sus desechos.<\/p>\n<p>El regidor destac\u00f3 que se tiene identificada la zona donde se realizan las descargas y que esto se ha realizado en conjunto con personal de SOSAPATEX, que han planteado algunas estrategias para comenzar a sanear el afluente.<\/p>\n<p>Adicionalmente, inform\u00f3 que se est\u00e1 realizando un censo de las queser\u00edas que est\u00e1n en las zonas del municipio para que sean notificadas y colaboren con el Ayuntamiento, sin embargo de no haber eco, adelant\u00f3 que se estar\u00e1n tomando otras medidas.<\/p>\n<p><strong>Ubican 39 empresas que realizan sus descargas a los r\u00edos.<\/strong><\/p>\n<p>En el mes de junio, el Sistema Operador de Agua Potable y Alcantarillado de Texmelucan, dio a conocer que ya se cuenta con un mapeo que permiti\u00f3 contabilizar 39 lugares donde se realizan descargas y que si bien hay plantas de tratamiento, pasar\u00e1n hasta seis meses para que empiecen a funcionar.<\/p>\n<p>Las descargas las realiza la industria de l\u00e1cteos, adem\u00e1s de que se han detectado algunos lugares como en San Lucas Atoyatenco donde lavan mezclilla y tambi\u00e9n contaminan, as\u00ed como una empresa que se dedica al proceso de PET.<\/p>\n<p><a href=\"http:\/\/m.municipiospuebla.mx\/index.php\/nota\/2019-07-11\/san-mart%C3%ADn-texmelucan\/queser%C3%ADas-contaminan-r%C3%ADo-acotzala-acusa-texmelucan\">http:\/\/m.municipiospuebla.mx\/index.php\/nota\/2019-07-11\/san-mart%C3%ADn-texmelucan\/queser%C3%ADas-contaminan-r%C3%ADo-acotzala-acusa-texmelucan<\/a><\/p>\n","protected":false},"excerpt":{"rendered":"<p>Texto y foto: Cecilia Espinoza Galindo \/ Municipios Puebla San Mart\u00edn Texmelucan, Pue.- La contaminaci\u00f3n del r\u00edo Acotzala, debe ser atendida por el Ayuntamiento de San Salvador El Verde, dijo &hellip; <a href=\"https:\/\/www.grieta.org.mx\/index.php\/2019\/07\/11\/queserias-contaminan-rio-acotzala-acusa-texmelucan-puebla\/\" class=\"more-link\">Leer m\u00e1s<\/a><\/p>\n","protected":false},"author":1,"featured_media":36810,"comment_status":"closed","ping_status":"closed","sticky":false,"template":"","format":"standard","meta":{"ngg_post_thumbnail":0,"_jetpack_newsletter_access":"","_jetpack_dont_email_post_to_subs":false,"_jetpack_newsletter_tier_id":0,"_jetpack_memberships_contains_paywalled_content":false,"_jetpack_memberships_contains_paid_content":false,"footnotes":""},"categories":[80,1255,2,26],"tags":[393,2187],"class_list":["post-36809","post","type-post","status-publish","format-standard","has-post-thumbnail","hentry","category-cintillo","category-contaminacion-del-agua-por-industria-en-puebla","category-noticias-nacionales","category-puebla","tag-contaminacion-del-agua","tag-crisis-ambiental","entry"],"jetpack_featured_media_url":"https:\/\/www.grieta.org.mx\/wp-content\/uploads\/2019\/07\/Captura-de-pantalla-2019-07-21-15.33.37.png","jetpack_sharing_enabled":true,"jetpack_shortlink":"https:\/\/wp.me\/p7ZJR4-9zH","jetpack_likes_enabled":false,"jetpack-related-posts":[{"id":52177,"url":"https:\/\/www.grieta.org.mx\/index.php\/2020\/07\/17\/empresas-textileras-usan-terrenos-de-texmelucan-como-tiraderos-de-desechos-puebla\/","url_meta":{"origin":36809,"position":0},"title":"Empresas textileras usan terrenos de Texmelucan como tiraderos de desechos (Puebla)","author":"Admin","date":"17 julio, 2020","format":false,"excerpt":"Cecilia Espinoza Galindo \/ Municipios Puebla Vecinos se\u00f1alaron que los desechos podr\u00edan pertenecer a la empresa Mary Tex\" San Mart\u00edn Texmelucan, Pue- Vecinos de Moyotzingo denuncian que empresas textiles realizan el dep\u00f3sito de desechos y envases de qu\u00edmicos y urgen a la autoridad a realizar una revisi\u00f3n, adem\u00e1s piden apoyo\u2026","rel":"","context":"En &quot;CINTILLO&quot;","block_context":{"text":"CINTILLO","link":"https:\/\/www.grieta.org.mx\/index.php\/category\/cintillo\/"},"img":{"alt_text":"","src":"https:\/\/i0.wp.com\/www.grieta.org.mx\/wp-content\/uploads\/2020\/07\/basu_0.jpg?resize=350%2C200&ssl=1","width":350,"height":200,"srcset":"https:\/\/i0.wp.com\/www.grieta.org.mx\/wp-content\/uploads\/2020\/07\/basu_0.jpg?resize=350%2C200&ssl=1 1x, https:\/\/i0.wp.com\/www.grieta.org.mx\/wp-content\/uploads\/2020\/07\/basu_0.jpg?resize=525%2C300&ssl=1 1.5x, https:\/\/i0.wp.com\/www.grieta.org.mx\/wp-content\/uploads\/2020\/07\/basu_0.jpg?resize=700%2C400&ssl=1 2x, https:\/\/i0.wp.com\/www.grieta.org.mx\/wp-content\/uploads\/2020\/07\/basu_0.jpg?resize=1050%2C600&ssl=1 3x"},"classes":[]},{"id":35633,"url":"https:\/\/www.grieta.org.mx\/index.php\/2019\/06\/20\/acusan-a-edil-de-san-martin-texmelucan-de-intentar-privatizar-el-agua-potable-puebla\/","url_meta":{"origin":36809,"position":1},"title":"Acusan a edil de San Mart\u00edn Texmelucan de intentar privatizar el agua potable (Puebla)","author":"Admin","date":"20 junio, 2019","format":false,"excerpt":"M\u00f3nica Camacho \/ LA JORNADA DE ORIENTE Integrantes del Movimiento en Defensa del Agua de San Mart\u00edn Texmelucan protestaron en el Congreso de Puebla para denunciar que la presidente de ese municipio, Mar\u00eda Norma Lay\u00f3n Aar\u00fan, pretende privatizar el servicio de agua potable. Exigieron la intervenci\u00f3n del Poder Legislativo local\u2026","rel":"","context":"En &quot;CINTILLO&quot;","block_context":{"text":"CINTILLO","link":"https:\/\/www.grieta.org.mx\/index.php\/category\/cintillo\/"},"img":{"alt_text":"","src":"https:\/\/i0.wp.com\/www.grieta.org.mx\/wp-content\/uploads\/2019\/06\/190619DCmanifestacion04.jpg?resize=350%2C200&ssl=1","width":350,"height":200,"srcset":"https:\/\/i0.wp.com\/www.grieta.org.mx\/wp-content\/uploads\/2019\/06\/190619DCmanifestacion04.jpg?resize=350%2C200&ssl=1 1x, https:\/\/i0.wp.com\/www.grieta.org.mx\/wp-content\/uploads\/2019\/06\/190619DCmanifestacion04.jpg?resize=525%2C300&ssl=1 1.5x, https:\/\/i0.wp.com\/www.grieta.org.mx\/wp-content\/uploads\/2019\/06\/190619DCmanifestacion04.jpg?resize=700%2C400&ssl=1 2x, https:\/\/i0.wp.com\/www.grieta.org.mx\/wp-content\/uploads\/2019\/06\/190619DCmanifestacion04.jpg?resize=1050%2C600&ssl=1 3x"},"classes":[]},{"id":16439,"url":"https:\/\/www.grieta.org.mx\/index.php\/2016\/07\/02\/bloquean-acceso-a-la-mexico-puebla-maestros-de-texmelucan-y-huejotzingo\/","url_meta":{"origin":36809,"position":2},"title":"Bloquean acceso a la M\u00e9xico-Puebla maestros de Texmelucan y Huejotzingo","author":"grieta","date":"2 julio, 2016","format":false,"excerpt":"San Mart\u00edn Texmelucan, Pue. Maestros del Sindicato Nacional de Trabajadores de la Educaci\u00f3n (SNTE) de las secciones 23 y 51 de Huejotzingo y Texmelucan realizaron una manifestaci\u00f3n por las principales calles del municipio de San Mart\u00edn en apoyo a los docentes de Oaxaca y bloquearon por 15 minutos el acceso\u2026","rel":"","context":"En &quot;CINTILLO&quot;","block_context":{"text":"CINTILLO","link":"https:\/\/www.grieta.org.mx\/index.php\/category\/cintillo\/"},"img":{"alt_text":"","src":"https:\/\/i0.wp.com\/www.grieta.org.mx\/wp-content\/uploads\/2018\/03\/14524434_1106112876131411_958039263622046936_o.jpg?resize=350%2C200&ssl=1","width":350,"height":200,"srcset":"https:\/\/i0.wp.com\/www.grieta.org.mx\/wp-content\/uploads\/2018\/03\/14524434_1106112876131411_958039263622046936_o.jpg?resize=350%2C200&ssl=1 1x, https:\/\/i0.wp.com\/www.grieta.org.mx\/wp-content\/uploads\/2018\/03\/14524434_1106112876131411_958039263622046936_o.jpg?resize=525%2C300&ssl=1 1.5x, https:\/\/i0.wp.com\/www.grieta.org.mx\/wp-content\/uploads\/2018\/03\/14524434_1106112876131411_958039263622046936_o.jpg?resize=700%2C400&ssl=1 2x"},"classes":[]},{"id":23409,"url":"https:\/\/www.grieta.org.mx\/index.php\/2018\/05\/30\/fge-sin-hallar-a-7-de-cada-10-personas-desaparecidas-en-texmelucan-puebla\/","url_meta":{"origin":36809,"position":3},"title":"FGE sin hallar a 7 de cada 10 personas desaparecidas en Texmelucan (Puebla)","author":"grieta","date":"30 mayo, 2018","format":false,"excerpt":"El Popular Puebla, Pue.- Siete de cada 10 desaparecidos en San Mart\u00edn Texmelucan durante el 2017 permanecen sin ser hallados. Para el corte del primer bimestre de este a\u00f1o, las mujeres j\u00f3venes destacaron en el n\u00famero de casos sin localizaci\u00f3n. Mediante una solicitud de acceso a la informaci\u00f3n, la Fiscal\u00eda\u2026","rel":"","context":"En &quot;CINTILLO&quot;","block_context":{"text":"CINTILLO","link":"https:\/\/www.grieta.org.mx\/index.php\/category\/cintillo\/"},"img":{"alt_text":"","src":"https:\/\/i0.wp.com\/www.grieta.org.mx\/wp-content\/uploads\/2018\/06\/desaparecidos-infografia.jpg?resize=350%2C200&ssl=1","width":350,"height":200,"srcset":"https:\/\/i0.wp.com\/www.grieta.org.mx\/wp-content\/uploads\/2018\/06\/desaparecidos-infografia.jpg?resize=350%2C200&ssl=1 1x, https:\/\/i0.wp.com\/www.grieta.org.mx\/wp-content\/uploads\/2018\/06\/desaparecidos-infografia.jpg?resize=525%2C300&ssl=1 1.5x, https:\/\/i0.wp.com\/www.grieta.org.mx\/wp-content\/uploads\/2018\/06\/desaparecidos-infografia.jpg?resize=700%2C400&ssl=1 2x"},"classes":[]},{"id":30390,"url":"https:\/\/www.grieta.org.mx\/index.php\/2019\/03\/09\/mujeres-de-texmelucan-exigen-en-manifestacion-esclarecer-la-desaparicion-de-karina-garcia-puebla\/","url_meta":{"origin":36809,"position":4},"title":"Mujeres de Texmelucan exigen en manifestaci\u00f3n esclarecer la desaparici\u00f3n de Karina Garc\u00eda (Puebla)","author":"grieta","date":"9 marzo, 2019","format":false,"excerpt":"H\u00e9ctor Tenorio \/ Diario Cambio La ma\u00f1ana de este s\u00e1bado se registr\u00f3 una manifestaci\u00f3n por parte de un grupo de personas la cuales caminaron por las calles de Texmelucan, exigiendo justicia y un alto a la violencia en contra de las mujeres que se est\u00e1 registrando en el municipio San\u2026","rel":"","context":"En &quot;CINTILLO&quot;","block_context":{"text":"CINTILLO","link":"https:\/\/www.grieta.org.mx\/index.php\/category\/cintillo\/"},"img":{"alt_text":"","src":"https:\/\/i0.wp.com\/www.grieta.org.mx\/wp-content\/uploads\/2019\/03\/cc58d67e93dd85a7f2f7d90dc0d29171_L.jpg?resize=350%2C200&ssl=1","width":350,"height":200,"srcset":"https:\/\/i0.wp.com\/www.grieta.org.mx\/wp-content\/uploads\/2019\/03\/cc58d67e93dd85a7f2f7d90dc0d29171_L.jpg?resize=350%2C200&ssl=1 1x, https:\/\/i0.wp.com\/www.grieta.org.mx\/wp-content\/uploads\/2019\/03\/cc58d67e93dd85a7f2f7d90dc0d29171_L.jpg?resize=525%2C300&ssl=1 1.5x, https:\/\/i0.wp.com\/www.grieta.org.mx\/wp-content\/uploads\/2019\/03\/cc58d67e93dd85a7f2f7d90dc0d29171_L.jpg?resize=700%2C400&ssl=1 2x"},"classes":[]},{"id":45077,"url":"https:\/\/www.grieta.org.mx\/index.php\/2020\/01\/31\/proponen-construir-un-nuevo-gasoducto-entre-puebla-y-tlaxcala\/","url_meta":{"origin":36809,"position":5},"title":"Proponen construir un nuevo gasoducto entre Puebla y Tlaxcala","author":"Admin","date":"31 enero, 2020","format":false,"excerpt":"Berenice Mart\u00ednez \/ El Sol de Puebla La Agencia de Seguridad, Energ\u00eda y Ambiente (ASEA) del gobierno federal eval\u00faa autorizar la instalaci\u00f3n de un nuevo gasoducto en el Valle de Puebla y Tlaxcala, que contar\u00e1 con una tuber\u00eda de presi\u00f3n de 10 mil kil\u00f3metros para transportar gas natural a parques\u2026","rel":"","context":"En &quot;CINTILLO&quot;","block_context":{"text":"CINTILLO","link":"https:\/\/www.grieta.org.mx\/index.php\/category\/cintillo\/"},"img":{"alt_text":"","src":"https:\/\/i0.wp.com\/www.grieta.org.mx\/wp-content\/uploads\/2020\/02\/Foto-Cuartoscuro-1.jpg?resize=350%2C200&ssl=1","width":350,"height":200,"srcset":"https:\/\/i0.wp.com\/www.grieta.org.mx\/wp-content\/uploads\/2020\/02\/Foto-Cuartoscuro-1.jpg?resize=350%2C200&ssl=1 1x, https:\/\/i0.wp.com\/www.grieta.org.mx\/wp-content\/uploads\/2020\/02\/Foto-Cuartoscuro-1.jpg?resize=525%2C300&ssl=1 1.5x, https:\/\/i0.wp.com\/www.grieta.org.mx\/wp-content\/uploads\/2020\/02\/Foto-Cuartoscuro-1.jpg?resize=700%2C400&ssl=1 2x"},"classes":[]}],"_links":{"self":[{"href":"https:\/\/www.grieta.org.mx\/index.php\/wp-json\/wp\/v2\/posts\/36809","targetHints":{"allow":["GET"]}}],"collection":[{"href":"https:\/\/www.grieta.org.mx\/index.php\/wp-json\/wp\/v2\/posts"}],"about":[{"href":"https:\/\/www.grieta.org.mx\/index.php\/wp-json\/wp\/v2\/types\/post"}],"author":[{"embeddable":true,"href":"https:\/\/www.grieta.org.mx\/index.php\/wp-json\/wp\/v2\/users\/1"}],"replies":[{"embeddable":true,"href":"https:\/\/www.grieta.org.mx\/index.php\/wp-json\/wp\/v2\/comments?post=36809"}],"version-history":[{"count":1,"href":"https:\/\/www.grieta.org.mx\/index.php\/wp-json\/wp\/v2\/posts\/36809\/revisions"}],"predecessor-version":[{"id":36813,"href":"https:\/\/www.grieta.org.mx\/index.php\/wp-json\/wp\/v2\/posts\/36809\/revisions\/36813"}],"wp:featuredmedia":[{"embeddable":true,"href":"https:\/\/www.grieta.org.mx\/index.php\/wp-json\/wp\/v2\/media\/36810"}],"wp:attachment":[{"href":"https:\/\/www.grieta.org.mx\/index.php\/wp-json\/wp\/v2\/media?parent=36809"}],"wp:term":[{"taxonomy":"category","embeddable":true,"href":"https:\/\/www.grieta.org.mx\/index.php\/wp-json\/wp\/v2\/categories?post=36809"},{"taxonomy":"post_tag","embeddable":true,"href":"https:\/\/www.grieta.org.mx\/index.php\/wp-json\/wp\/v2\/tags?post=36809"}],"curies":[{"name":"wp","href":"https:\/\/api.w.org\/{rel}","templated":true}]}}