{"id":36806,"date":"2019-07-12T15:25:42","date_gmt":"2019-07-12T20:25:42","guid":{"rendered":"http:\/\/www.grieta.org.mx\/?p=36806"},"modified":"2019-07-21T15:30:12","modified_gmt":"2019-07-21T20:30:12","slug":"migrar-por-mexico-mas-riesgoso-para-los-ninos","status":"publish","type":"post","link":"https:\/\/www.grieta.org.mx\/index.php\/2019\/07\/12\/migrar-por-mexico-mas-riesgoso-para-los-ninos\/","title":{"rendered":"Migrar por M\u00e9xico, m\u00e1s riesgoso para los ni\u00f1os"},"content":{"rendered":"<p><a href=\"http:\/\/www.grieta.org.mx\/wp-content\/uploads\/2019\/07\/Captura-de-pantalla-2019-07-21-15.27.00.png\"><img loading=\"lazy\" decoding=\"async\" data-attachment-id=\"36807\" data-permalink=\"https:\/\/www.grieta.org.mx\/index.php\/2019\/07\/12\/migrar-por-mexico-mas-riesgoso-para-los-ninos\/captura-de-pantalla-2019-07-21-15-27-00\/\" data-orig-file=\"https:\/\/www.grieta.org.mx\/wp-content\/uploads\/2019\/07\/Captura-de-pantalla-2019-07-21-15.27.00.png\" data-orig-size=\"305,217\" data-comments-opened=\"0\" data-image-meta=\"{&quot;aperture&quot;:&quot;0&quot;,&quot;credit&quot;:&quot;&quot;,&quot;camera&quot;:&quot;&quot;,&quot;caption&quot;:&quot;&quot;,&quot;created_timestamp&quot;:&quot;0&quot;,&quot;copyright&quot;:&quot;&quot;,&quot;focal_length&quot;:&quot;0&quot;,&quot;iso&quot;:&quot;0&quot;,&quot;shutter_speed&quot;:&quot;0&quot;,&quot;title&quot;:&quot;&quot;,&quot;orientation&quot;:&quot;0&quot;}\" data-image-title=\"Captura de pantalla 2019-07-21 15.27.00\" data-image-description=\"\" data-image-caption=\"\" data-medium-file=\"https:\/\/www.grieta.org.mx\/wp-content\/uploads\/2019\/07\/Captura-de-pantalla-2019-07-21-15.27.00-300x213.png\" data-large-file=\"https:\/\/www.grieta.org.mx\/wp-content\/uploads\/2019\/07\/Captura-de-pantalla-2019-07-21-15.27.00.png\" class=\"aligncenter wp-image-36807\" src=\"http:\/\/www.grieta.org.mx\/wp-content\/uploads\/2019\/07\/Captura-de-pantalla-2019-07-21-15.27.00-300x213.png\" alt=\"\" width=\"800\" height=\"569\" srcset=\"https:\/\/www.grieta.org.mx\/wp-content\/uploads\/2019\/07\/Captura-de-pantalla-2019-07-21-15.27.00-300x213.png 300w, https:\/\/www.grieta.org.mx\/wp-content\/uploads\/2019\/07\/Captura-de-pantalla-2019-07-21-15.27.00.png 305w\" sizes=\"auto, (max-width: 800px) 100vw, 800px\" \/><\/a><\/p>\n<p><strong>Las nuevas pol\u00edticas migratorias en M\u00e9xico vulneran a\u00fan m\u00e1s a las infancias migrantes que cruzan por el pa\u00eds. El Estado mexicano carece de una metodolog\u00eda para medir de forma eficaz las violencias que enfrentan los ni\u00f1os y ni\u00f1as en su paso por el territorio nacional.<\/strong><\/p>\n<p>Texto: Mar\u00eda Ruiz<\/p>\n<p>Foto: Archivo\/ Ximena Natera<\/p>\n<p>La falta de cifras exactas sobre cu\u00e1ntos ni\u00f1os, ni\u00f1as y adolescentes (NNA) migrantes pasan por M\u00e9xico dificulta conocer los niveles reales de vulnerabilidad y violencias a las que se enfrentan.<\/p>\n<p>\u201cLa cifra oficial se basa en eventos de personas detenidas por autoridades migratorias pero son eventos, no personas; una misma persona que fue detenida, deportada y luego regres\u00f3 a M\u00e9xico se vuelve a contar en la estad\u00edstica anual\u201d, explica Rosalba Rivera, gestora de casos de ni\u00f1ez migrante del Instituto para las Mujeres en la Migraci\u00f3n (Imumi) sobre la estad\u00edstica migratoria construida a partir de los registros administrativos del Instituto Nacional de Migraci\u00f3n (INM).<\/p>\n<p>El INM maneja la cifra de 8 mil 569 ni\u00f1os, ni\u00f1as y adolescentes migrantes que pasaron por M\u00e9xico en lo que va del 2019 pero conocer la cifra real hasta ahora ha sido imposible, y conocer cu\u00e1ntos de ellos han sufrido violencia m\u00e1s. Esto, explica Rosalba, se debe a que no hay forma de medir esas cifras, ya que ninguna autoridad en la frontera revisa qui\u00e9n entra de manera irregular.<\/p>\n<p>Las personas que han sido v\u00edctimas de violencia tampoco denuncian, por el miedo a ser deportados, y no hay evidencias para saber cu\u00e1ntos ni\u00f1os han sido v\u00edctimas de violencia, a\u00f1ade la gestora.<\/p>\n<p>-\u00bfCu\u00e1les son las consecuencias de no tener estas cifras?<\/p>\n<p>\u201cUna consecuencia en macro sigue siendo la impunidad con las bandas de tr\u00e1fico, de trata, de extorsionadores. Otra consecuencia es en la vida de las personas, para los ni\u00f1os son experiencias que pueden ser traum\u00e1ticas para el resto de su vida\u201d, dice Rivera.<\/p>\n<p>El Estado mexicano a trav\u00e9s del Sistema Integral de Protecci\u00f3n a NI\u00f1os, Ni\u00f1as y Adolescentes asumi\u00f3 el compromiso de establecer una base de datos de ni\u00f1os migrantes, las condiciones en las que viajan, si han sido v\u00edctimas, pero no es algo que se est\u00e9 llevando a cabo.<\/p>\n<p>\u201cEs muy dif\u00edcil, tendr\u00eda que haber un cruce de muchas instituciones que est\u00e9n coordinadas en salvaguardar los derechos de los migrantes, una intenci\u00f3n coordinada de parte de las instituciones de diferentes sectores para hacer una base de datos conjunta para la que se requerir\u00edan metodolog\u00edas de recaudaci\u00f3n de datos: ir a las casas de migrantes para saber c\u00f3mo est\u00e1n, qu\u00e9 condiciones tienen\u201d, ejemplifica Rivera.<\/p>\n<p>El Comit\u00e9 de los Derechos del Ni\u00f1o del Alto Comisionado de la Organizaci\u00f3n de las Naciones Unidas, en las Observaciones finales sobre los informes peri\u00f3dicos cuarto y quinto consolidados en M\u00e9xico, exhort\u00f3 al Estado mexicano a recolectar datos desagregados para conocer e identificar casos de NNA migrantes, refugiados y desplazados.<\/p>\n<p>\u201cLas estad\u00edsticas permitir\u00edan dise\u00f1ar esquemas de alerta temprana para resoluci\u00f3n de conflictos; para detectar qu\u00e9 entornos presentan niveles de riesgos m\u00e1s altos y para asignar recursos de manera m\u00e1s eficiente para la implementaci\u00f3n de atenci\u00f3n a la violencia\u201d, cont\u00f3 Christian Skoog representante de UNICEF en M\u00e9xico en la presentaci\u00f3n del informe: Panorama Estad\u00edstico de la Violencia contra NI\u00f1as, Ni\u00f1os y Adolescentes en M\u00e9xico, donde tambi\u00e9n se habl\u00f3 de contar con registros de la situaci\u00f3n de ni\u00f1os sin cuidados parentales en situaci\u00f3n de migraci\u00f3n.<\/p>\n<p>Rosalba se\u00f1ala las violencias que viven los menores al pasar por el pa\u00eds:<\/p>\n<p>Los que vienen acompa\u00f1ados son los que viven violencias de las m\u00e1s graves: extorsiones, secuestros, discriminaci\u00f3n y xenofobia; los ni\u00f1os no acompa\u00f1ados llegan con la idea de que en la frontera norte van a pasar si sirven a las bandas de tr\u00e1fico de drogas a cruzar en mochilas droga. Incluso les pagan para que convenzan a otros adolescentes a trabajar con ellos. Como entran al tr\u00e1fico de drogas tambi\u00e9n tienen el riesgo de consumo, ya les pagan con droga o con dosis y pueden tener problemas de adicci\u00f3n que no ten\u00edan, se\u00f1ala la especialista.<\/p>\n<p>Otra de las violencias es que al llegar a M\u00e9xico, al no tener CURP ni estar dentro del sistema, no pueden acceder a servicios de salud, becas, programas sociales de gobierno y se enfrentan a violencia estructural que los excluye.<\/p>\n<p>Los cambios recientes en la pol\u00edtica migratoria, adem\u00e1s, conllevan m\u00e1s detenciones y con eso nuevos riesgos:<\/p>\n<p>\u201cEl tema de la pol\u00edtica migratoria ha puesto m\u00e1s acento en la detenci\u00f3n, estar hacinados en las estaciones migratorias sin una certeza de cu\u00e1nto tiempo van a estar ah\u00ed, sin una certeza de sus derechos, con la incertidumbre de estar en un lugar desconocido en zonas pr\u00e1cticamente carcelarias para los ni\u00f1os es una violencia muy fuerte que marca sus vidas\u201d, apunta Rosalba Rivera.<\/p>\n<p>Para la activista actualmente el riesgo para los menores es alto porque la vigilancia de la Guardia Nacional ha hecho que recorran caminos m\u00e1s complejos o que sigan a traficantes por zonas m\u00e1s riesgosas donde no hay organizaciones que est\u00e9n cerca por si necesitan acompa\u00f1amiento: \u201cEl riesgo es que los traficantes ahora tengan un negocio m\u00e1s gordo. Incrementa el negocio para ellos e incrementan los riesgos para las personas, sobretodo para los ni\u00f1os\u201d reflexiona.<\/p>\n<p>\u201cEl riesgo es que los traficantes ahora tengan un negocio m\u00e1s gordo. Incrementa el negocio para ellos e incrementan los riesgos para las personas, sobretodo para los ni\u00f1os\u201d reflexiona.<\/p>\n<p>Antes que migrantes son ni\u00f1os<br \/>\nEn el nuevo contexto de M\u00e9xico respecto a la migraci\u00f3n, para Rosalba la seguridad de los NNA migrantes deber\u00e1 ser una responsabilidad mucho m\u00e1s seria para el Estado mexicano y para las organizaciones:<\/p>\n<p>\u201cA M\u00e9xico le va a tocar brindar la protecci\u00f3n que anteriormente Estados Unidos (EU) brindaba, aunque no en el discurso, ya que los ni\u00f1os lograban pasar, hab\u00eda muchas opciones con las que Estados Unidos les daba seguridad. Ahora como va a ser m\u00e1s dif\u00edcil que los ni\u00f1os se quedar\u00e1n en M\u00e9xico. Ver si lo que se necesitan son programas para conseguir autonom\u00eda o familias de acogida no solamente pensar en la opci\u00f3n a corto plazo de tener albergues\u201d.<\/p>\n<p>Imumi se\u00f1ala la urgencia de que no existan ni\u00f1os, ni\u00f1as ni adolescentes en detenci\u00f3n, porque ven que la tendencia de la nueva pol\u00edtica va por esos caminos lo que los pone en situaciones deplorables, adem\u00e1s de violar la ley mexicana y los acuerdos internacionales que ha firmado.<\/p>\n<p>\u201cLa detenci\u00f3n de ni\u00f1os es de las violencias m\u00e1s grandes y de las consecuencias m\u00e1s fuertes\u201d, advierte Rosalba.<\/p>\n<p><a href=\"https:\/\/enelcamino.piedepagina.mx\/migrar-por-mexico-mas-riesgoso-para-los-ninos\/\">https:\/\/enelcamino.piedepagina.mx\/migrar-por-mexico-mas-riesgoso-para-los-ninos\/<\/a><\/p>\n","protected":false},"excerpt":{"rendered":"<p>Las nuevas pol\u00edticas migratorias en M\u00e9xico vulneran a\u00fan m\u00e1s a las infancias migrantes que cruzan por el pa\u00eds. El Estado mexicano carece de una metodolog\u00eda para medir de forma eficaz &hellip; <a href=\"https:\/\/www.grieta.org.mx\/index.php\/2019\/07\/12\/migrar-por-mexico-mas-riesgoso-para-los-ninos\/\" class=\"more-link\">Leer m\u00e1s<\/a><\/p>\n","protected":false},"author":1,"featured_media":36807,"comment_status":"closed","ping_status":"closed","sticky":false,"template":"","format":"standard","meta":{"ngg_post_thumbnail":0,"_jetpack_newsletter_access":"","_jetpack_dont_email_post_to_subs":false,"_jetpack_newsletter_tier_id":0,"_jetpack_memberships_contains_paywalled_content":false,"_jetpack_memberships_contains_paid_content":false,"footnotes":""},"categories":[80,1827,86,2,83],"tags":[158,1370],"class_list":["post-36806","post","type-post","status-publish","format-standard","has-post-thumbnail","hentry","category-cintillo","category-la-ninez-en-la-tormenta-capitalista","category-migrantes","category-noticias-nacionales","category-temas-nacionales","tag-migrantes","tag-ninos-migrantes","entry"],"jetpack_featured_media_url":"https:\/\/www.grieta.org.mx\/wp-content\/uploads\/2019\/07\/Captura-de-pantalla-2019-07-21-15.27.00.png","jetpack_sharing_enabled":true,"jetpack_shortlink":"https:\/\/wp.me\/p7ZJR4-9zE","jetpack_likes_enabled":false,"jetpack-related-posts":[{"id":37081,"url":"https:\/\/www.grieta.org.mx\/index.php\/2019\/07\/12\/migrar-por-mexico-el-mayor-riesgo-es-para-los-ninos\/","url_meta":{"origin":36806,"position":0},"title":"Migrar por M\u00e9xico, el mayor riesgo es para los ni\u00f1os","author":"grieta","date":"12 julio, 2019","format":false,"excerpt":"COMMENTS Las nuevas pol\u00edticas migratorias en M\u00e9xico vulneran a\u00fan m\u00e1s a las infancias migrantes que cruzan por el pa\u00eds. El Estado mexicano carece de una metodolog\u00eda para medir de forma eficaz las violencias que enfrentan los ni\u00f1os y ni\u00f1as en su paso por el territorio nacional Texto: Mar\u00eda Ruiz \/\u2026","rel":"","context":"En &quot;CINTILLO&quot;","block_context":{"text":"CINTILLO","link":"https:\/\/www.grieta.org.mx\/index.php\/category\/cintillo\/"},"img":{"alt_text":"","src":"https:\/\/i0.wp.com\/www.grieta.org.mx\/wp-content\/uploads\/2019\/07\/Foto-Puente-Migrantes-Obispos-Rey-R.-Jauregui.jpeg?resize=350%2C200&ssl=1","width":350,"height":200,"srcset":"https:\/\/i0.wp.com\/www.grieta.org.mx\/wp-content\/uploads\/2019\/07\/Foto-Puente-Migrantes-Obispos-Rey-R.-Jauregui.jpeg?resize=350%2C200&ssl=1 1x, https:\/\/i0.wp.com\/www.grieta.org.mx\/wp-content\/uploads\/2019\/07\/Foto-Puente-Migrantes-Obispos-Rey-R.-Jauregui.jpeg?resize=525%2C300&ssl=1 1.5x, https:\/\/i0.wp.com\/www.grieta.org.mx\/wp-content\/uploads\/2019\/07\/Foto-Puente-Migrantes-Obispos-Rey-R.-Jauregui.jpeg?resize=700%2C400&ssl=1 2x, https:\/\/i0.wp.com\/www.grieta.org.mx\/wp-content\/uploads\/2019\/07\/Foto-Puente-Migrantes-Obispos-Rey-R.-Jauregui.jpeg?resize=1050%2C600&ssl=1 3x"},"classes":[]},{"id":37058,"url":"https:\/\/www.grieta.org.mx\/index.php\/2019\/07\/25\/cidh-arremete-contra-eeuu-y-mexico-por-sus-politicas-migratorias\/","url_meta":{"origin":36806,"position":1},"title":"CIDH arremete contra EEUU y M\u00e9xico por sus pol\u00edticas migratorias","author":"grieta","date":"25 julio, 2019","format":false,"excerpt":"HISPANTV La Comisi\u00f3n Interamericana de Derechos Humanos (CIDH) critica las pol\u00edticas migratorias de Estados Unidos y M\u00e9xico por violar los derechos humanos. A trav\u00e9s de un comunicado, publicado el martes, la CIDH destac\u00f3 que las pol\u00edticas migratorias adoptadas por Estados Unidos y M\u00e9xico \u201cson contrarias a obligaciones en materia de\u2026","rel":"","context":"En &quot;CINTILLO&quot;","block_context":{"text":"CINTILLO","link":"https:\/\/www.grieta.org.mx\/index.php\/category\/cintillo\/"},"img":{"alt_text":"","src":"https:\/\/i0.wp.com\/www.grieta.org.mx\/wp-content\/uploads\/2019\/07\/01411208_xl.jpg?resize=350%2C200&ssl=1","width":350,"height":200,"srcset":"https:\/\/i0.wp.com\/www.grieta.org.mx\/wp-content\/uploads\/2019\/07\/01411208_xl.jpg?resize=350%2C200&ssl=1 1x, https:\/\/i0.wp.com\/www.grieta.org.mx\/wp-content\/uploads\/2019\/07\/01411208_xl.jpg?resize=525%2C300&ssl=1 1.5x, https:\/\/i0.wp.com\/www.grieta.org.mx\/wp-content\/uploads\/2019\/07\/01411208_xl.jpg?resize=700%2C400&ssl=1 2x"},"classes":[]},{"id":47457,"url":"https:\/\/www.grieta.org.mx\/index.php\/2020\/04\/06\/abogan-28-ombudsperson-por-migrantes-y-urgen-alternativas-a-la-detencion\/","url_meta":{"origin":36806,"position":2},"title":"Abogan 28 ombudsperson por migrantes y urgen \u201calternativas a la detenci\u00f3n\u201d","author":"grieta","date":"6 abril, 2020","format":false,"excerpt":"Gloria Leticia D\u00edaz\/ PROCESO CIUDAD DE M\u00c9XICO (apro).- Ante la vulnerabilidad de las personas migrantes concentradas en estaciones migratorias frente a la emergencia sanitaria por la pandemia de covid-19, 28 ombudsperson que forman parte de la Federaci\u00f3n Mexicana de Organismos P\u00fablicos de Derechos Humanos (FMOPDH) exigieron al gobierno federal buscar\u2026","rel":"","context":"En &quot;CINTILLO&quot;","block_context":{"text":"CINTILLO","link":"https:\/\/www.grieta.org.mx\/index.php\/category\/cintillo\/"},"img":{"alt_text":"","src":"https:\/\/i0.wp.com\/www.grieta.org.mx\/wp-content\/uploads\/2020\/04\/tenosique-estacion.jpg?resize=350%2C200&ssl=1","width":350,"height":200,"srcset":"https:\/\/i0.wp.com\/www.grieta.org.mx\/wp-content\/uploads\/2020\/04\/tenosique-estacion.jpg?resize=350%2C200&ssl=1 1x, https:\/\/i0.wp.com\/www.grieta.org.mx\/wp-content\/uploads\/2020\/04\/tenosique-estacion.jpg?resize=525%2C300&ssl=1 1.5x, https:\/\/i0.wp.com\/www.grieta.org.mx\/wp-content\/uploads\/2020\/04\/tenosique-estacion.jpg?resize=700%2C400&ssl=1 2x"},"classes":[]},{"id":39724,"url":"https:\/\/www.grieta.org.mx\/index.php\/2019\/09\/29\/mexico-eu-y-centroamerica-deben-garantizar-la-vida-y-seguridad-de-menores-migrantes\/","url_meta":{"origin":36806,"position":3},"title":"M\u00e9xico, EU y Centroam\u00e9rica deben garantizar la vida y seguridad de menores migrantes","author":"grieta","date":"29 septiembre, 2019","format":false,"excerpt":"Indra Cirigo\/ CONTRAL\u00cdNEA La Comisi\u00f3n Interamericana de Derechos Humanos (CIDH) debe exhortar a los gobiernos de M\u00e9xico, Estados Unidos y pa\u00edses centroamericanos a adoptar inmediatamente acciones para que prevalezcan, sin excepci\u00f3n, la dignidad y el inter\u00e9s superior de la ni\u00f1ez y la adolescencia en situaci\u00f3n de migraci\u00f3n, pidi\u00f3 \u00c9dgar Corzo\u2026","rel":"","context":"En &quot;CINTILLO&quot;","block_context":{"text":"CINTILLO","link":"https:\/\/www.grieta.org.mx\/index.php\/category\/cintillo\/"},"img":{"alt_text":"","src":"https:\/\/i0.wp.com\/www.grieta.org.mx\/wp-content\/uploads\/2019\/09\/P%C3%BAas.jpg?resize=350%2C200&ssl=1","width":350,"height":200,"srcset":"https:\/\/i0.wp.com\/www.grieta.org.mx\/wp-content\/uploads\/2019\/09\/P%C3%BAas.jpg?resize=350%2C200&ssl=1 1x, https:\/\/i0.wp.com\/www.grieta.org.mx\/wp-content\/uploads\/2019\/09\/P%C3%BAas.jpg?resize=525%2C300&ssl=1 1.5x"},"classes":[]},{"id":24473,"url":"https:\/\/www.grieta.org.mx\/index.php\/2018\/06\/22\/en-mexico-como-en-eu-ninos-migrantes-con-frecuencia-son-separados-de-sus-familiares-cuando-son-detenidos-por-el-inm-academica\/","url_meta":{"origin":36806,"position":4},"title":"En M\u00e9xico como en EU, ni\u00f1os migrantes con frecuencia son separados de sus familiares cuando son detenidos por el INM: Acad\u00e9mica","author":"grieta","date":"22 junio, 2018","format":false,"excerpt":"Revoluci\u00f3n En M\u00e9xico como en Estados Unidos, el trato a los ni\u00f1os migrantes es inhumano, ya que son cotidianamente separados de sus familiares cuando son detenidos por autoridades migratorias, acusaron especialistas. Aunque las deportaciones s\u00ed se hacen en familia, expertos en el tema alertaron que, cuando son aprehendidos, los peque\u00f1os\u2026","rel":"","context":"En &quot;CINTILLO&quot;","block_context":{"text":"CINTILLO","link":"https:\/\/www.grieta.org.mx\/index.php\/category\/cintillo\/"},"img":{"alt_text":"","src":"https:\/\/i0.wp.com\/www.grieta.org.mx\/wp-content\/uploads\/2018\/07\/direct.png?resize=350%2C200&ssl=1","width":350,"height":200,"srcset":"https:\/\/i0.wp.com\/www.grieta.org.mx\/wp-content\/uploads\/2018\/07\/direct.png?resize=350%2C200&ssl=1 1x, https:\/\/i0.wp.com\/www.grieta.org.mx\/wp-content\/uploads\/2018\/07\/direct.png?resize=525%2C300&ssl=1 1.5x"},"classes":[]},{"id":24276,"url":"https:\/\/www.grieta.org.mx\/index.php\/2018\/07\/05\/no-sabian-lo-que-era-ver-la-luz-del-dia-como-mexico-detuvo-y-proceso-a-138-000-ninos-migrantes-en-5-anos\/","url_meta":{"origin":36806,"position":5},"title":"&#8220;No sab\u00edan lo que era ver la luz del d\u00eda&#8221;: c\u00f3mo M\u00e9xico detuvo y proces\u00f3 a 138.000 ni\u00f1os migrantes en 5 a\u00f1os","author":"grieta","date":"5 julio, 2018","format":false,"excerpt":"La pol\u00edtica migratoria de M\u00e9xico procura la no separaci\u00f3n de familias, pero en los hechos es un fen\u00f3meno frecuente. Dar\u00edo Brooks\/BBC NEWS MUNDO En M\u00e9xico no existen \"jaulas\" para la detenci\u00f3n de ni\u00f1os migrantes como en Estados Unidos. Los menores tampoco son aislados como lo han hecho las autoridades migratorias\u2026","rel":"","context":"En &quot;CINTILLO&quot;","block_context":{"text":"CINTILLO","link":"https:\/\/www.grieta.org.mx\/index.php\/category\/cintillo\/"},"img":{"alt_text":"","src":"https:\/\/i0.wp.com\/www.grieta.org.mx\/wp-content\/uploads\/2018\/07\/BBB-ni%C3%B1os-migrantes-1.jpg?resize=350%2C200&ssl=1","width":350,"height":200,"srcset":"https:\/\/i0.wp.com\/www.grieta.org.mx\/wp-content\/uploads\/2018\/07\/BBB-ni%C3%B1os-migrantes-1.jpg?resize=350%2C200&ssl=1 1x, https:\/\/i0.wp.com\/www.grieta.org.mx\/wp-content\/uploads\/2018\/07\/BBB-ni%C3%B1os-migrantes-1.jpg?resize=525%2C300&ssl=1 1.5x"},"classes":[]}],"_links":{"self":[{"href":"https:\/\/www.grieta.org.mx\/index.php\/wp-json\/wp\/v2\/posts\/36806","targetHints":{"allow":["GET"]}}],"collection":[{"href":"https:\/\/www.grieta.org.mx\/index.php\/wp-json\/wp\/v2\/posts"}],"about":[{"href":"https:\/\/www.grieta.org.mx\/index.php\/wp-json\/wp\/v2\/types\/post"}],"author":[{"embeddable":true,"href":"https:\/\/www.grieta.org.mx\/index.php\/wp-json\/wp\/v2\/users\/1"}],"replies":[{"embeddable":true,"href":"https:\/\/www.grieta.org.mx\/index.php\/wp-json\/wp\/v2\/comments?post=36806"}],"version-history":[{"count":1,"href":"https:\/\/www.grieta.org.mx\/index.php\/wp-json\/wp\/v2\/posts\/36806\/revisions"}],"predecessor-version":[{"id":36808,"href":"https:\/\/www.grieta.org.mx\/index.php\/wp-json\/wp\/v2\/posts\/36806\/revisions\/36808"}],"wp:featuredmedia":[{"embeddable":true,"href":"https:\/\/www.grieta.org.mx\/index.php\/wp-json\/wp\/v2\/media\/36807"}],"wp:attachment":[{"href":"https:\/\/www.grieta.org.mx\/index.php\/wp-json\/wp\/v2\/media?parent=36806"}],"wp:term":[{"taxonomy":"category","embeddable":true,"href":"https:\/\/www.grieta.org.mx\/index.php\/wp-json\/wp\/v2\/categories?post=36806"},{"taxonomy":"post_tag","embeddable":true,"href":"https:\/\/www.grieta.org.mx\/index.php\/wp-json\/wp\/v2\/tags?post=36806"}],"curies":[{"name":"wp","href":"https:\/\/api.w.org\/{rel}","templated":true}]}}