{"id":36734,"date":"2019-07-21T00:15:21","date_gmt":"2019-07-21T05:15:21","guid":{"rendered":"http:\/\/www.grieta.org.mx\/?p=36734"},"modified":"2019-07-21T00:16:02","modified_gmt":"2019-07-21T05:16:02","slug":"denuncia-urgente-por-ataque-armado-a-comunidades-del-cipog-ez","status":"publish","type":"post","link":"https:\/\/www.grieta.org.mx\/index.php\/2019\/07\/21\/denuncia-urgente-por-ataque-armado-a-comunidades-del-cipog-ez\/","title":{"rendered":"Denuncia urgente por ataque armado a comunidades del CIPOG-EZ"},"content":{"rendered":"<p><img loading=\"lazy\" decoding=\"async\" data-attachment-id=\"34275\" data-permalink=\"https:\/\/www.grieta.org.mx\/index.php\/2019\/06\/05\/comunicado-del-cni-cig-y-el-ezln-ante-la-violencia-desatada-contra-los-pueblos-originarios\/logo-cni-t-3\/\" data-orig-file=\"https:\/\/www.grieta.org.mx\/wp-content\/uploads\/2019\/06\/logo-CNI-T.png\" data-orig-size=\"558,303\" data-comments-opened=\"0\" data-image-meta=\"{&quot;aperture&quot;:&quot;0&quot;,&quot;credit&quot;:&quot;&quot;,&quot;camera&quot;:&quot;&quot;,&quot;caption&quot;:&quot;&quot;,&quot;created_timestamp&quot;:&quot;0&quot;,&quot;copyright&quot;:&quot;&quot;,&quot;focal_length&quot;:&quot;0&quot;,&quot;iso&quot;:&quot;0&quot;,&quot;shutter_speed&quot;:&quot;0&quot;,&quot;title&quot;:&quot;&quot;,&quot;orientation&quot;:&quot;0&quot;}\" data-image-title=\"logo-CNI-T\" data-image-description=\"\" data-image-caption=\"\" data-medium-file=\"https:\/\/www.grieta.org.mx\/wp-content\/uploads\/2019\/06\/logo-CNI-T-300x163.png\" data-large-file=\"https:\/\/www.grieta.org.mx\/wp-content\/uploads\/2019\/06\/logo-CNI-T.png\" class=\"alignleft wp-image-34275\" src=\"http:\/\/www.grieta.org.mx\/wp-content\/uploads\/2019\/06\/logo-CNI-T.png\" alt=\"\" width=\"780\" height=\"424\" srcset=\"https:\/\/www.grieta.org.mx\/wp-content\/uploads\/2019\/06\/logo-CNI-T.png 558w, https:\/\/www.grieta.org.mx\/wp-content\/uploads\/2019\/06\/logo-CNI-T-300x163.png 300w\" sizes=\"auto, (max-width: 780px) 100vw, 780px\" \/><\/p>\n<p>Desde el Concejo Ind\u00edgena y Popular de Guerrero Emiliano Zapata, denunciamos que en estos momentos tarde noche del s\u00e1bado 20 de Julio del 2019, varios comandos armados del grupo narcoparamilitar de los \u00abArdillos\u00bb sitiaron la comunidad de Tula Guerrero. Llevan ya varias horas de ataque armado y la balacera no ha parado. En este momentos desconocemos el n\u00famero de hermanos heridos o asesinados.<\/p>\n<p>Por lo tanto urgimos a las autoridades locales, estatales y federales que intervengan inmediatamente para evitar una masacre. A las organizaciones nacionales e internacionales solidarias y defensores de los derechos humanos les solicitamos demandar al estado mexicano su inmediata intervenci\u00f3n para evitar una masacre contra nuestros hermanos y hermanas ind\u00edgenas nahuas de la comunidad de Tula.<\/p>\n<p>Atentamente:<\/p>\n<p>Concejo Ind\u00edgena y Popular de Guerrero \u2013 Emiliano Zapata.<\/p>\n<p><a href=\"https:\/\/www.congresonacionalindigena.org\/2019\/07\/20\/denuncia-urgente-por-ataque-armado-a-comunidades-del-cipog-ez\/\" target=\"_blank\" rel=\"noopener noreferrer\">https:\/\/www.congresonacionalindigena.org\/2019\/07\/20\/denuncia-urgente-por-ataque-armado-a-comunidades-del-cipog-ez\/<\/a><\/p>\n","protected":false},"excerpt":{"rendered":"<p>Desde el Concejo Ind\u00edgena y Popular de Guerrero Emiliano Zapata, denunciamos que en estos momentos tarde noche del s\u00e1bado 20 de Julio del 2019, varios comandos armados del grupo narcoparamilitar &hellip; <a href=\"https:\/\/www.grieta.org.mx\/index.php\/2019\/07\/21\/denuncia-urgente-por-ataque-armado-a-comunidades-del-cipog-ez\/\" class=\"more-link\">Leer m\u00e1s<\/a><\/p>\n","protected":false},"author":2,"featured_media":34275,"comment_status":"closed","ping_status":"closed","sticky":false,"template":"","format":"standard","meta":{"ngg_post_thumbnail":0,"_jetpack_newsletter_access":"","_jetpack_dont_email_post_to_subs":false,"_jetpack_newsletter_tier_id":0,"_jetpack_memberships_contains_paywalled_content":false,"_jetpack_memberships_contains_paid_content":false,"footnotes":""},"categories":[80,79,1707],"tags":[1834,564,95],"class_list":["post-36734","post","type-post","status-publish","format-standard","has-post-thumbnail","hentry","category-cintillo","category-cni","category-denuncias","tag-asesinato-de-lideres-indigenas","tag-cipog-ez","tag-cni","entry"],"jetpack_featured_media_url":"https:\/\/www.grieta.org.mx\/wp-content\/uploads\/2019\/06\/logo-CNI-T.png","jetpack_sharing_enabled":true,"jetpack_shortlink":"https:\/\/wp.me\/p7ZJR4-9yu","jetpack_likes_enabled":false,"jetpack-related-posts":[{"id":71145,"url":"https:\/\/www.grieta.org.mx\/index.php\/2025\/01\/17\/cipog-ez-exige-justicia-a-cinco-anos-de-masacre-de-musicos-en-chilapa-de-alvarez-guerrero\/","url_meta":{"origin":36734,"position":0},"title":"CIPOG-EZ exige justicia a cinco a\u00f1os de masacre de m\u00fasicos en Chilapa de \u00c1lvarez (Guerrero)","author":"Admin","date":"17 enero, 2025","format":false,"excerpt":"Sergio Ocampo Arista, La Jornada Chilpancingo, Gro. Al cumplirse cinco a\u00f1os de la masacre de 10 m\u00fasicos ocurrida en la comunidad nahua de Mexcalcingo, municipio de Chilapa de \u00c1lvarez, en la Monta\u00f1a Alta de Guerrero, el Concejo Ind\u00edgena y Popular de Guerrero\u2013Emiliano Zapata (CIPOG-EZ), demand\u00f3 justicia al gobierno. En comunicado\u2026","rel":"","context":"En &quot;CINTILLO&quot;","block_context":{"text":"CINTILLO","link":"https:\/\/www.grieta.org.mx\/index.php\/category\/cintillo\/"},"img":{"alt_text":"","src":"https:\/\/i0.wp.com\/www.grieta.org.mx\/wp-content\/uploads\/2025\/02\/Captura-de-pantalla-2025-02-25-a-las-2.12.13%E2%80%AFp.m.png?resize=350%2C200&ssl=1","width":350,"height":200,"srcset":"https:\/\/i0.wp.com\/www.grieta.org.mx\/wp-content\/uploads\/2025\/02\/Captura-de-pantalla-2025-02-25-a-las-2.12.13%E2%80%AFp.m.png?resize=350%2C200&ssl=1 1x, https:\/\/i0.wp.com\/www.grieta.org.mx\/wp-content\/uploads\/2025\/02\/Captura-de-pantalla-2025-02-25-a-las-2.12.13%E2%80%AFp.m.png?resize=525%2C300&ssl=1 1.5x, https:\/\/i0.wp.com\/www.grieta.org.mx\/wp-content\/uploads\/2025\/02\/Captura-de-pantalla-2025-02-25-a-las-2.12.13%E2%80%AFp.m.png?resize=700%2C400&ssl=1 2x, https:\/\/i0.wp.com\/www.grieta.org.mx\/wp-content\/uploads\/2025\/02\/Captura-de-pantalla-2025-02-25-a-las-2.12.13%E2%80%AFp.m.png?resize=1050%2C600&ssl=1 3x"},"classes":[]},{"id":33887,"url":"https:\/\/www.grieta.org.mx\/index.php\/2019\/05\/26\/alto-a-la-guerra-narcoparamilitar-contra-el-cipog-ez-comunicado-urgente-del-cni-cig-y-el-ezln\/","url_meta":{"origin":36734,"position":1},"title":"ALTO A LA GUERRA NARCOPARAMILITAR CONTRA EL CIPOG-EZ Comunicado urgente del CNI-CIG y el EZLN","author":"grieta","date":"26 mayo, 2019","format":false,"excerpt":"ALTO A LA GUERRA NARCOPARAMILITAR CONTRA EL CIPOG-EZ Comunicado urgente del CNI-CIG y el EZLN Hoy, con indignaci\u00f3n y dolor denunciamos un nuevo y artero crimen contra nuestros compa\u00f1eros del Consejo Ind\u00edgena y Popular de Guerrero \u2013 Emiliano Zapata (CIPOG-EZ). Alrededor de las 13:30 horas del d\u00eda 23 de mayo,\u2026","rel":"","context":"En &quot;CIG&quot;","block_context":{"text":"CIG","link":"https:\/\/www.grieta.org.mx\/index.php\/category\/cig\/"},"img":{"alt_text":"","src":"https:\/\/i0.wp.com\/www.grieta.org.mx\/wp-content\/uploads\/2019\/05\/20190525_222118_0000.png?resize=350%2C200&ssl=1","width":350,"height":200,"srcset":"https:\/\/i0.wp.com\/www.grieta.org.mx\/wp-content\/uploads\/2019\/05\/20190525_222118_0000.png?resize=350%2C200&ssl=1 1x, https:\/\/i0.wp.com\/www.grieta.org.mx\/wp-content\/uploads\/2019\/05\/20190525_222118_0000.png?resize=525%2C300&ssl=1 1.5x, https:\/\/i0.wp.com\/www.grieta.org.mx\/wp-content\/uploads\/2019\/05\/20190525_222118_0000.png?resize=700%2C400&ssl=1 2x"},"classes":[]},{"id":36241,"url":"https:\/\/www.grieta.org.mx\/index.php\/2019\/07\/13\/la-violencia-del-crimen-organizado-en-contra-de-delegados-del-cni-en-guerrero-se-recrudece-levantan-y-asesinan-a-cuatro-miembros-mas-del-cipog-ez\/","url_meta":{"origin":36734,"position":2},"title":"La violencia del crimen organizado en contra de delegados del CNI en Guerrero se recrudece: levantan y asesinan a cuatro miembros m\u00e1s del CIPOG-EZ","author":"grieta","date":"13 julio, 2019","format":false,"excerpt":"COLECTIVO GRIETA Ciudad de M\u00e9xico, 12 de julio.- La guerra de exterminio de los grupos narcoparamilitares en contra de las comunidades nahuas de la regi\u00f3n de La Monta\u00f1a baja de Guerrero se ha recrudecido en los \u00faltimos d\u00edas. Tan solo entre el 8 y el 10 de julio de este\u2026","rel":"","context":"En &quot;CINTILLO&quot;","block_context":{"text":"CINTILLO","link":"https:\/\/www.grieta.org.mx\/index.php\/category\/cintillo\/"},"img":{"alt_text":"","src":"https:\/\/i0.wp.com\/www.grieta.org.mx\/wp-content\/uploads\/2019\/07\/foto-2-1.jpg?resize=350%2C200&ssl=1","width":350,"height":200,"srcset":"https:\/\/i0.wp.com\/www.grieta.org.mx\/wp-content\/uploads\/2019\/07\/foto-2-1.jpg?resize=350%2C200&ssl=1 1x, https:\/\/i0.wp.com\/www.grieta.org.mx\/wp-content\/uploads\/2019\/07\/foto-2-1.jpg?resize=525%2C300&ssl=1 1.5x"},"classes":[]},{"id":36763,"url":"https:\/\/www.grieta.org.mx\/index.php\/2019\/07\/21\/sitiaron-y-atacaron-a-balazos-a-comunidad-indigena-de-chilapa-denuncian-guerrero\/","url_meta":{"origin":36734,"position":3},"title":"Sitiaron y atacaron a balazos a comunidad ind\u00edgena de Chilapa, denuncian (Guerrero)","author":"Admin","date":"21 julio, 2019","format":false,"excerpt":"Francisca Meza Carranza \/ Quadrat\u00edn CHILPANCINGO, Gro., 21 de julio de 2019.-Integrantes del Concejo Ind\u00edgena y Popular de Guerrero-Emiliano Zapata (Cipog-EZ) denunciaron un ataque armado contra la comunidad nahua de Tula, municipio de Chilapa, durante la tarde-noche del s\u00e1bado, con saldo de al menos un herido, y solicitaron la intervenci\u00f3n\u2026","rel":"","context":"En &quot;CINTILLO&quot;","block_context":{"text":"CINTILLO","link":"https:\/\/www.grieta.org.mx\/index.php\/category\/cintillo\/"},"img":{"alt_text":"","src":"https:\/\/i0.wp.com\/www.grieta.org.mx\/wp-content\/uploads\/2019\/07\/Crimen-Violencia-M%C3%A9xico03-1160x700.png?resize=350%2C200&ssl=1","width":350,"height":200,"srcset":"https:\/\/i0.wp.com\/www.grieta.org.mx\/wp-content\/uploads\/2019\/07\/Crimen-Violencia-M%C3%A9xico03-1160x700.png?resize=350%2C200&ssl=1 1x, https:\/\/i0.wp.com\/www.grieta.org.mx\/wp-content\/uploads\/2019\/07\/Crimen-Violencia-M%C3%A9xico03-1160x700.png?resize=525%2C300&ssl=1 1.5x, https:\/\/i0.wp.com\/www.grieta.org.mx\/wp-content\/uploads\/2019\/07\/Crimen-Violencia-M%C3%A9xico03-1160x700.png?resize=700%2C400&ssl=1 2x, https:\/\/i0.wp.com\/www.grieta.org.mx\/wp-content\/uploads\/2019\/07\/Crimen-Violencia-M%C3%A9xico03-1160x700.png?resize=1050%2C600&ssl=1 3x"},"classes":[]},{"id":55863,"url":"https:\/\/www.grieta.org.mx\/index.php\/2020\/12\/20\/eran-integrantes-del-cipog-ez-los-cuatro-indigenas-asesinados-en-chilapa-guerrero\/","url_meta":{"origin":36734,"position":4},"title":"Eran integrantes del CIPOG-EZ los cuatro ind\u00edgenas asesinados en Chilapa (Guerrero)","author":"Admin","date":"20 diciembre, 2020","format":false,"excerpt":"Redacci\u00f3n \/ El Sur Acapulco, Guerrero, 20 de diciembre de 2020. El Consejo Ind\u00edgena y Popular de Guerrero-Emiliano Zapata (CIPOG-EZ) y la Organizaci\u00f3n Campesina de la Sierra del Sur (OCSS) identific\u00f3 a las personas asesinadas ayer en Chilapa como Mar\u00eda Agust\u00edn Chino, Amalia Morales Guapango, Jos\u00e9 Benito Miguele\u00f1o y Miguel\u2026","rel":"","context":"En &quot;CINTILLO&quot;","block_context":{"text":"CINTILLO","link":"https:\/\/www.grieta.org.mx\/index.php\/category\/cintillo\/"},"img":{"alt_text":"","src":"https:\/\/i0.wp.com\/www.grieta.org.mx\/wp-content\/uploads\/2020\/12\/Captura-de-Pantalla-2020-12-20-a-las-20.20.44.png?resize=350%2C200&ssl=1","width":350,"height":200,"srcset":"https:\/\/i0.wp.com\/www.grieta.org.mx\/wp-content\/uploads\/2020\/12\/Captura-de-Pantalla-2020-12-20-a-las-20.20.44.png?resize=350%2C200&ssl=1 1x, https:\/\/i0.wp.com\/www.grieta.org.mx\/wp-content\/uploads\/2020\/12\/Captura-de-Pantalla-2020-12-20-a-las-20.20.44.png?resize=525%2C300&ssl=1 1.5x, https:\/\/i0.wp.com\/www.grieta.org.mx\/wp-content\/uploads\/2020\/12\/Captura-de-Pantalla-2020-12-20-a-las-20.20.44.png?resize=700%2C400&ssl=1 2x"},"classes":[]},{"id":33879,"url":"https:\/\/www.grieta.org.mx\/index.php\/2019\/05\/25\/comunicado-del-concejo-indigena-y-popular-de-guerrero-emiliano-zapata-cipog-ez-por-el-reciente-asesinato-de-nuestros-hermanos-bartolo-hilario-morales-e-isaias-xanteco-ahuejote\/","url_meta":{"origin":36734,"position":5},"title":"Comunicado del Concejo Ind\u00edgena y Popular de Guerrero \u2013 Emiliano Zapata (CIPOG-EZ), por el reciente asesinato de nuestros hermanos Bartolo Hilario Morales e Isa\u00edas Xanteco Ahuejote","author":"grieta","date":"25 mayo, 2019","format":false,"excerpt":"COMUNICADO DEL CONCEJO IND\u00cdGENA Y POPULAR DE GUERRERO \u2013 EMILIANO ZAPATA (CIPOG-EZ), POR EL RECIENTE ASESINATO DE NUESTROS HERMANOS BARTOLO HILARIO MORALES E ISA\u00cdAS XANTECO AHUEJOTE Mayo del 2019, Monta\u00f1a Baja del Estado de Guerrero. Al Ejercito Zapatista de Liberaci\u00f3n Nacional Al Congreso Nacional Ind\u00edgena Al Concejo Ind\u00edgena de Gobierno\u2026","rel":"","context":"En &quot;CINTILLO&quot;","block_context":{"text":"CINTILLO","link":"https:\/\/www.grieta.org.mx\/index.php\/category\/cintillo\/"},"img":{"alt_text":"","src":"https:\/\/i0.wp.com\/www.grieta.org.mx\/wp-content\/uploads\/2019\/05\/logo-CNI-To.png?resize=350%2C200&ssl=1","width":350,"height":200,"srcset":"https:\/\/i0.wp.com\/www.grieta.org.mx\/wp-content\/uploads\/2019\/05\/logo-CNI-To.png?resize=350%2C200&ssl=1 1x, https:\/\/i0.wp.com\/www.grieta.org.mx\/wp-content\/uploads\/2019\/05\/logo-CNI-To.png?resize=525%2C300&ssl=1 1.5x"},"classes":[]}],"_links":{"self":[{"href":"https:\/\/www.grieta.org.mx\/index.php\/wp-json\/wp\/v2\/posts\/36734","targetHints":{"allow":["GET"]}}],"collection":[{"href":"https:\/\/www.grieta.org.mx\/index.php\/wp-json\/wp\/v2\/posts"}],"about":[{"href":"https:\/\/www.grieta.org.mx\/index.php\/wp-json\/wp\/v2\/types\/post"}],"author":[{"embeddable":true,"href":"https:\/\/www.grieta.org.mx\/index.php\/wp-json\/wp\/v2\/users\/2"}],"replies":[{"embeddable":true,"href":"https:\/\/www.grieta.org.mx\/index.php\/wp-json\/wp\/v2\/comments?post=36734"}],"version-history":[{"count":1,"href":"https:\/\/www.grieta.org.mx\/index.php\/wp-json\/wp\/v2\/posts\/36734\/revisions"}],"predecessor-version":[{"id":36735,"href":"https:\/\/www.grieta.org.mx\/index.php\/wp-json\/wp\/v2\/posts\/36734\/revisions\/36735"}],"wp:featuredmedia":[{"embeddable":true,"href":"https:\/\/www.grieta.org.mx\/index.php\/wp-json\/wp\/v2\/media\/34275"}],"wp:attachment":[{"href":"https:\/\/www.grieta.org.mx\/index.php\/wp-json\/wp\/v2\/media?parent=36734"}],"wp:term":[{"taxonomy":"category","embeddable":true,"href":"https:\/\/www.grieta.org.mx\/index.php\/wp-json\/wp\/v2\/categories?post=36734"},{"taxonomy":"post_tag","embeddable":true,"href":"https:\/\/www.grieta.org.mx\/index.php\/wp-json\/wp\/v2\/tags?post=36734"}],"curies":[{"name":"wp","href":"https:\/\/api.w.org\/{rel}","templated":true}]}}