{"id":36709,"date":"2019-07-18T13:52:10","date_gmt":"2019-07-18T18:52:10","guid":{"rendered":"http:\/\/www.grieta.org.mx\/?p=36709"},"modified":"2019-07-20T14:07:21","modified_gmt":"2019-07-20T19:07:21","slug":"los-mexicanos-que-viven-con-plomo-en-la-sangre-guerrero","status":"publish","type":"post","link":"https:\/\/www.grieta.org.mx\/index.php\/2019\/07\/18\/los-mexicanos-que-viven-con-plomo-en-la-sangre-guerrero\/","title":{"rendered":"Los mexicanos que viven con plomo en la sangre (Guerrero)"},"content":{"rendered":"<figure id=\"attachment_36711\" aria-describedby=\"caption-attachment-36711\" style=\"width: 800px\" class=\"wp-caption aligncenter\"><a href=\"http:\/\/www.grieta.org.mx\/wp-content\/uploads\/2019\/07\/7-2.jpg_1133771450.jpg\"><img loading=\"lazy\" decoding=\"async\" data-attachment-id=\"36711\" data-permalink=\"https:\/\/www.grieta.org.mx\/index.php\/2019\/07\/18\/los-mexicanos-que-viven-con-plomo-en-la-sangre-guerrero\/7-2-jpg_1133771450\/\" data-orig-file=\"https:\/\/www.grieta.org.mx\/wp-content\/uploads\/2019\/07\/7-2.jpg_1133771450.jpg\" data-orig-size=\"1440,650\" data-comments-opened=\"0\" data-image-meta=\"{&quot;aperture&quot;:&quot;0&quot;,&quot;credit&quot;:&quot;&quot;,&quot;camera&quot;:&quot;&quot;,&quot;caption&quot;:&quot;&quot;,&quot;created_timestamp&quot;:&quot;0&quot;,&quot;copyright&quot;:&quot;&quot;,&quot;focal_length&quot;:&quot;0&quot;,&quot;iso&quot;:&quot;0&quot;,&quot;shutter_speed&quot;:&quot;0&quot;,&quot;title&quot;:&quot;&quot;,&quot;orientation&quot;:&quot;0&quot;}\" data-image-title=\"7-2.jpg_1133771450\" data-image-description=\"\" data-image-caption=\"\" data-medium-file=\"https:\/\/www.grieta.org.mx\/wp-content\/uploads\/2019\/07\/7-2.jpg_1133771450-300x135.jpg\" data-large-file=\"https:\/\/www.grieta.org.mx\/wp-content\/uploads\/2019\/07\/7-2.jpg_1133771450-1024x462.jpg\" class=\"wp-image-36711\" src=\"http:\/\/www.grieta.org.mx\/wp-content\/uploads\/2019\/07\/7-2.jpg_1133771450-300x135.jpg\" alt=\"\" width=\"800\" height=\"361\" srcset=\"https:\/\/www.grieta.org.mx\/wp-content\/uploads\/2019\/07\/7-2.jpg_1133771450-300x135.jpg 300w, https:\/\/www.grieta.org.mx\/wp-content\/uploads\/2019\/07\/7-2.jpg_1133771450-768x347.jpg 768w, https:\/\/www.grieta.org.mx\/wp-content\/uploads\/2019\/07\/7-2.jpg_1133771450-1024x462.jpg 1024w, https:\/\/www.grieta.org.mx\/wp-content\/uploads\/2019\/07\/7-2.jpg_1133771450-1108x500.jpg 1108w, https:\/\/www.grieta.org.mx\/wp-content\/uploads\/2019\/07\/7-2.jpg_1133771450.jpg 1440w\" sizes=\"auto, (max-width: 800px) 100vw, 800px\" \/><\/a><figcaption id=\"caption-attachment-36711\" class=\"wp-caption-text\">Al menos un golpe contra los recursos naturales del pa\u00eds cada a\u00f1o desde 1998 por parte de una de las empresas m\u00e1s grande del pa\u00eds.<\/figcaption><\/figure>\n<p>Grupo M\u00e9xico ha atentado 22 veces contra el medio ambiente en los \u00faltimos 21 a\u00f1os.<\/p>\n<p>Redacci\u00f3n \/ AM<\/p>\n<p>M\u00e9xico.- Grupo M\u00e9xico ha atentado 22 veces contra el medio ambiente en los \u00faltimos 21 a\u00f1os. Es decir: al menos un golpe contra los recursos naturales del pa\u00eds cada a\u00f1o desde 1998 por parte de una de las empresas m\u00e1s grande del pa\u00eds.<\/p>\n<p>El incidente m\u00e1s reciente fue el derrame de \u00e1cido sulf\u00farico en el Mar de Cort\u00e9s el pasado 14 de julio. Esto colm\u00f3 la paciencia de los mexicanos y la Secretar\u00eda de Medio Ambiente y Recursos Naturales lo sabe.<\/p>\n<figure id=\"attachment_36714\" aria-describedby=\"caption-attachment-36714\" style=\"width: 800px\" class=\"wp-caption aligncenter\"><a href=\"http:\/\/www.grieta.org.mx\/wp-content\/uploads\/2019\/07\/519bcfd4677548f372e1cc3228840b4d90f95aa67901edd60d826ff4feca2eeb.jpg_98911596.jpg\"><img loading=\"lazy\" decoding=\"async\" data-attachment-id=\"36714\" data-permalink=\"https:\/\/www.grieta.org.mx\/index.php\/2019\/07\/18\/los-mexicanos-que-viven-con-plomo-en-la-sangre-guerrero\/519bcfd4677548f372e1cc3228840b4d90f95aa67901edd60d826ff4feca2eeb-jpg_98911596\/\" data-orig-file=\"https:\/\/www.grieta.org.mx\/wp-content\/uploads\/2019\/07\/519bcfd4677548f372e1cc3228840b4d90f95aa67901edd60d826ff4feca2eeb.jpg_98911596.jpg\" data-orig-size=\"512,339\" data-comments-opened=\"0\" data-image-meta=\"{&quot;aperture&quot;:&quot;0&quot;,&quot;credit&quot;:&quot;&quot;,&quot;camera&quot;:&quot;&quot;,&quot;caption&quot;:&quot;&quot;,&quot;created_timestamp&quot;:&quot;0&quot;,&quot;copyright&quot;:&quot;&quot;,&quot;focal_length&quot;:&quot;0&quot;,&quot;iso&quot;:&quot;0&quot;,&quot;shutter_speed&quot;:&quot;0&quot;,&quot;title&quot;:&quot;&quot;,&quot;orientation&quot;:&quot;0&quot;}\" data-image-title=\"519bcfd4677548f372e1cc3228840b4d90f95aa67901edd60d826ff4feca2eeb.jpg_98911596\" data-image-description=\"\" data-image-caption=\"&lt;p&gt;El incidente m\u00e1s reciente fue el derrame de \u00e1cido sulf\u00farico en el Mar de Cort\u00e9s el pasado 14 de julio.&lt;\/p&gt;\n\" data-medium-file=\"https:\/\/www.grieta.org.mx\/wp-content\/uploads\/2019\/07\/519bcfd4677548f372e1cc3228840b4d90f95aa67901edd60d826ff4feca2eeb.jpg_98911596-300x199.jpg\" data-large-file=\"https:\/\/www.grieta.org.mx\/wp-content\/uploads\/2019\/07\/519bcfd4677548f372e1cc3228840b4d90f95aa67901edd60d826ff4feca2eeb.jpg_98911596.jpg\" class=\"wp-image-36714\" src=\"http:\/\/www.grieta.org.mx\/wp-content\/uploads\/2019\/07\/519bcfd4677548f372e1cc3228840b4d90f95aa67901edd60d826ff4feca2eeb.jpg_98911596-300x199.jpg\" alt=\"\" width=\"800\" height=\"530\" srcset=\"https:\/\/www.grieta.org.mx\/wp-content\/uploads\/2019\/07\/519bcfd4677548f372e1cc3228840b4d90f95aa67901edd60d826ff4feca2eeb.jpg_98911596-300x199.jpg 300w, https:\/\/www.grieta.org.mx\/wp-content\/uploads\/2019\/07\/519bcfd4677548f372e1cc3228840b4d90f95aa67901edd60d826ff4feca2eeb.jpg_98911596.jpg 512w\" sizes=\"auto, (max-width: 800px) 100vw, 800px\" \/><\/a><figcaption id=\"caption-attachment-36714\" class=\"wp-caption-text\">El incidente m\u00e1s reciente fue el derrame de \u00e1cido sulf\u00farico en el Mar de Cort\u00e9s el pasado 14 de julio.<\/figcaption><\/figure>\n<p>Tenemos un marco jur\u00eddico que nos permite actuar. Una cosa es que durante los \u00faltimos 20 a\u00f1os no se ha actuado de forma contundente, no quiere decir que no tenemos los instrumentos jur\u00eddicos\u201d, dijo el subsecretario de Fomento y Normatividad Ambiental de la Semarnat, Julio Trujillo, en la conferencia de prensa que realizaron para informar c\u00f3mo la dependencia tratar\u00eda el accidente de Grupo M\u00e9xico.<\/p>\n<p>La declaraci\u00f3n de Trujillo es un eco de cientos de pobladores que, durante a\u00f1os, han sido envenenados por el mal manejo de desechos del consorcio empresarial presidido por el segundo hombre m\u00e1s rico de M\u00e9xico: Germ\u00e1n Larrea.<\/p>\n<p>Uno de los ejemplos m\u00e1s evidentes es el caso de Taxco, Guerrero, un caso que evidencia el peligro de soportar desastres ambientales durante largos periodos. As\u00ed lo exhibe una investigaci\u00f3n period\u00edstica recientemente publicada en la UNAM.<\/p>\n<figure id=\"attachment_36717\" aria-describedby=\"caption-attachment-36717\" style=\"width: 800px\" class=\"wp-caption aligncenter\"><a href=\"http:\/\/www.grieta.org.mx\/wp-content\/uploads\/2019\/07\/b0041aae1a4157bdf778ef3d1be1f54f7b25788ffbcef2e414368f6ebbcb6034.jpg_1067685125.jpg\"><img loading=\"lazy\" decoding=\"async\" data-attachment-id=\"36717\" data-permalink=\"https:\/\/www.grieta.org.mx\/index.php\/2019\/07\/18\/los-mexicanos-que-viven-con-plomo-en-la-sangre-guerrero\/b0041aae1a4157bdf778ef3d1be1f54f7b25788ffbcef2e414368f6ebbcb6034-jpg_1067685125\/\" data-orig-file=\"https:\/\/www.grieta.org.mx\/wp-content\/uploads\/2019\/07\/b0041aae1a4157bdf778ef3d1be1f54f7b25788ffbcef2e414368f6ebbcb6034.jpg_1067685125.jpg\" data-orig-size=\"512,464\" data-comments-opened=\"0\" data-image-meta=\"{&quot;aperture&quot;:&quot;0&quot;,&quot;credit&quot;:&quot;&quot;,&quot;camera&quot;:&quot;&quot;,&quot;caption&quot;:&quot;&quot;,&quot;created_timestamp&quot;:&quot;0&quot;,&quot;copyright&quot;:&quot;&quot;,&quot;focal_length&quot;:&quot;0&quot;,&quot;iso&quot;:&quot;0&quot;,&quot;shutter_speed&quot;:&quot;0&quot;,&quot;title&quot;:&quot;&quot;,&quot;orientation&quot;:&quot;0&quot;}\" data-image-title=\"b0041aae1a4157bdf778ef3d1be1f54f7b25788ffbcef2e414368f6ebbcb6034.jpg_1067685125\" data-image-description=\"\" data-image-caption=\"&lt;p&gt;Uno de los ejemplos m\u00e1s evidentes es el caso de Taxco, Guerrero, un caso que evidencia el peligro de soportar desastres ambientales durante largos periodos.&lt;\/p&gt;\n\" data-medium-file=\"https:\/\/www.grieta.org.mx\/wp-content\/uploads\/2019\/07\/b0041aae1a4157bdf778ef3d1be1f54f7b25788ffbcef2e414368f6ebbcb6034.jpg_1067685125-300x272.jpg\" data-large-file=\"https:\/\/www.grieta.org.mx\/wp-content\/uploads\/2019\/07\/b0041aae1a4157bdf778ef3d1be1f54f7b25788ffbcef2e414368f6ebbcb6034.jpg_1067685125.jpg\" class=\"wp-image-36717\" src=\"http:\/\/www.grieta.org.mx\/wp-content\/uploads\/2019\/07\/b0041aae1a4157bdf778ef3d1be1f54f7b25788ffbcef2e414368f6ebbcb6034.jpg_1067685125-300x272.jpg\" alt=\"\" width=\"800\" height=\"725\" srcset=\"https:\/\/www.grieta.org.mx\/wp-content\/uploads\/2019\/07\/b0041aae1a4157bdf778ef3d1be1f54f7b25788ffbcef2e414368f6ebbcb6034.jpg_1067685125-300x272.jpg 300w, https:\/\/www.grieta.org.mx\/wp-content\/uploads\/2019\/07\/b0041aae1a4157bdf778ef3d1be1f54f7b25788ffbcef2e414368f6ebbcb6034.jpg_1067685125.jpg 512w\" sizes=\"auto, (max-width: 800px) 100vw, 800px\" \/><\/a><figcaption id=\"caption-attachment-36717\" class=\"wp-caption-text\">Uno de los ejemplos m\u00e1s evidentes es el caso de Taxco, Guerrero, un caso que evidencia el peligro de soportar desastres ambientales durante largos periodos.<\/figcaption><\/figure>\n<p>Taxco y un largo suplicio ambiental<\/p>\n<p>La miner\u00eda en Taxco est\u00e1 paralizada desde hace 12 a\u00f1os por una huelga laboral de la secci\u00f3n 17 del Sindicato de Mineros, gremio que reclama el incumplimiento del contrato colectivo de trabajo. Sin embargo, en ese lapso las bocaminas escupieron agua contaminada de metales pesados que enfermaron a pobladores.<\/p>\n<p>De acuerdo con el expediente PFPA\/3.1\/2C.26.1\/00011-09 de la Procuradur\u00eda Federal de Protecci\u00f3n al Ambiente (Profepa), la dependencia orden\u00f3 desde 2010 a Industrial Minera M\u00e9xico, subsidiaria de Grupo M\u00e9xico que tiene la concesi\u00f3n de las minas de Taxco, resarcir los da\u00f1os ocasionados por el agua contaminada. Pasaron los a\u00f1os y la empresa inici\u00f3 las obras hasta el 2016.<\/p>\n<figure id=\"attachment_36716\" aria-describedby=\"caption-attachment-36716\" style=\"width: 800px\" class=\"wp-caption aligncenter\"><a href=\"http:\/\/www.grieta.org.mx\/wp-content\/uploads\/2019\/07\/897da78723a54723e663351bacb5de025c1540d266c3004b3301b6279c8d93e8.jpg_648216893.jpg\"><img loading=\"lazy\" decoding=\"async\" data-attachment-id=\"36716\" data-permalink=\"https:\/\/www.grieta.org.mx\/index.php\/2019\/07\/18\/los-mexicanos-que-viven-con-plomo-en-la-sangre-guerrero\/897da78723a54723e663351bacb5de025c1540d266c3004b3301b6279c8d93e8-jpg_648216893\/\" data-orig-file=\"https:\/\/www.grieta.org.mx\/wp-content\/uploads\/2019\/07\/897da78723a54723e663351bacb5de025c1540d266c3004b3301b6279c8d93e8.jpg_648216893.jpg\" data-orig-size=\"512,286\" data-comments-opened=\"0\" data-image-meta=\"{&quot;aperture&quot;:&quot;0&quot;,&quot;credit&quot;:&quot;&quot;,&quot;camera&quot;:&quot;&quot;,&quot;caption&quot;:&quot;&quot;,&quot;created_timestamp&quot;:&quot;0&quot;,&quot;copyright&quot;:&quot;&quot;,&quot;focal_length&quot;:&quot;0&quot;,&quot;iso&quot;:&quot;0&quot;,&quot;shutter_speed&quot;:&quot;0&quot;,&quot;title&quot;:&quot;&quot;,&quot;orientation&quot;:&quot;0&quot;}\" data-image-title=\"897da78723a54723e663351bacb5de025c1540d266c3004b3301b6279c8d93e8.jpg_648216893\" data-image-description=\"\" data-image-caption=\"&lt;p&gt;La miner\u00eda en Taxco est\u00e1 paralizada desde hace 12 a\u00f1os por una huelga laboral de la secci\u00f3n 17 del Sindicato de Mineros.&lt;\/p&gt;\n\" data-medium-file=\"https:\/\/www.grieta.org.mx\/wp-content\/uploads\/2019\/07\/897da78723a54723e663351bacb5de025c1540d266c3004b3301b6279c8d93e8.jpg_648216893-300x168.jpg\" data-large-file=\"https:\/\/www.grieta.org.mx\/wp-content\/uploads\/2019\/07\/897da78723a54723e663351bacb5de025c1540d266c3004b3301b6279c8d93e8.jpg_648216893.jpg\" class=\"wp-image-36716\" src=\"http:\/\/www.grieta.org.mx\/wp-content\/uploads\/2019\/07\/897da78723a54723e663351bacb5de025c1540d266c3004b3301b6279c8d93e8.jpg_648216893-300x168.jpg\" alt=\"\" width=\"800\" height=\"447\" srcset=\"https:\/\/www.grieta.org.mx\/wp-content\/uploads\/2019\/07\/897da78723a54723e663351bacb5de025c1540d266c3004b3301b6279c8d93e8.jpg_648216893-300x168.jpg 300w, https:\/\/www.grieta.org.mx\/wp-content\/uploads\/2019\/07\/897da78723a54723e663351bacb5de025c1540d266c3004b3301b6279c8d93e8.jpg_648216893.jpg 512w\" sizes=\"auto, (max-width: 800px) 100vw, 800px\" \/><\/a><figcaption id=\"caption-attachment-36716\" class=\"wp-caption-text\">La miner\u00eda en Taxco est\u00e1 paralizada desde hace 12 a\u00f1os por una huelga laboral de la secci\u00f3n 17 del Sindicato de Mineros.<\/figcaption><\/figure>\n<p>En octubre de 2014 se estructur\u00f3 un programa de trabajo para atender la situaci\u00f3n ambiental de Taxco, el cual se present\u00f3 en la Subprocuradur\u00eda de Verificaci\u00f3n Industrial de la PROFEPA. En 2016 inician los trabajos de restauraci\u00f3n de las presas de jales y drenaje \u00e1cido de mina de la Unidad de Taxco\u201d, indica el documento Trabajos de restauraci\u00f3n de presas de jales de Taxco, Guerrero, de la subdirecci\u00f3n de Asuntos Ambientales de Industrial Minera M\u00e9xico.<\/p>\n<p>Durante ese lapso de siete a\u00f1os, habitantes de las comunidades Dolores, Paintla, El Fraile, Las Joyas y Santa Rosa de Lima usaron mangueras para aprovechar el agua contaminada del r\u00edo, ante la falta del l\u00edquido entubado.<\/p>\n<p>En los suelos por donde ha pasado el agua contaminada, la Profepa determin\u00f3 que los niveles de ars\u00e9nico, plomo, vanadio y cadmio rebasan los l\u00edmites m\u00e1ximos permisibles de la NOM-147-SEMARNAT\/SSA1-2004.<\/p>\n<figure id=\"attachment_36712\" aria-describedby=\"caption-attachment-36712\" style=\"width: 800px\" class=\"wp-caption aligncenter\"><a href=\"http:\/\/www.grieta.org.mx\/wp-content\/uploads\/2019\/07\/7d8fcde38fbc1f805a77c0d069f972ab8e617fa20e55bd6089dd5ecc39f8975b.jpg_1707853292.jpg\"><img loading=\"lazy\" decoding=\"async\" data-attachment-id=\"36712\" data-permalink=\"https:\/\/www.grieta.org.mx\/index.php\/2019\/07\/18\/los-mexicanos-que-viven-con-plomo-en-la-sangre-guerrero\/7d8fcde38fbc1f805a77c0d069f972ab8e617fa20e55bd6089dd5ecc39f8975b-jpg_1707853292\/\" data-orig-file=\"https:\/\/www.grieta.org.mx\/wp-content\/uploads\/2019\/07\/7d8fcde38fbc1f805a77c0d069f972ab8e617fa20e55bd6089dd5ecc39f8975b.jpg_1707853292.jpg\" data-orig-size=\"417,511\" data-comments-opened=\"0\" data-image-meta=\"{&quot;aperture&quot;:&quot;0&quot;,&quot;credit&quot;:&quot;&quot;,&quot;camera&quot;:&quot;&quot;,&quot;caption&quot;:&quot;&quot;,&quot;created_timestamp&quot;:&quot;0&quot;,&quot;copyright&quot;:&quot;&quot;,&quot;focal_length&quot;:&quot;0&quot;,&quot;iso&quot;:&quot;0&quot;,&quot;shutter_speed&quot;:&quot;0&quot;,&quot;title&quot;:&quot;&quot;,&quot;orientation&quot;:&quot;0&quot;}\" data-image-title=\"7d8fcde38fbc1f805a77c0d069f972ab8e617fa20e55bd6089dd5ecc39f8975b.jpg_1707853292\" data-image-description=\"\" data-image-caption=\"&lt;p&gt;En los suelos por donde ha pasado el agua contaminada, la Profepa determin\u00f3 que los niveles de ars\u00e9nico, plomo, vanadio y cadmio rebasan los l\u00edmites m\u00e1ximos permisibles.&lt;\/p&gt;\n\" data-medium-file=\"https:\/\/www.grieta.org.mx\/wp-content\/uploads\/2019\/07\/7d8fcde38fbc1f805a77c0d069f972ab8e617fa20e55bd6089dd5ecc39f8975b.jpg_1707853292-245x300.jpg\" data-large-file=\"https:\/\/www.grieta.org.mx\/wp-content\/uploads\/2019\/07\/7d8fcde38fbc1f805a77c0d069f972ab8e617fa20e55bd6089dd5ecc39f8975b.jpg_1707853292.jpg\" class=\"wp-image-36712\" src=\"http:\/\/www.grieta.org.mx\/wp-content\/uploads\/2019\/07\/7d8fcde38fbc1f805a77c0d069f972ab8e617fa20e55bd6089dd5ecc39f8975b.jpg_1707853292-245x300.jpg\" alt=\"\" width=\"800\" height=\"980\" srcset=\"https:\/\/www.grieta.org.mx\/wp-content\/uploads\/2019\/07\/7d8fcde38fbc1f805a77c0d069f972ab8e617fa20e55bd6089dd5ecc39f8975b.jpg_1707853292-245x300.jpg 245w, https:\/\/www.grieta.org.mx\/wp-content\/uploads\/2019\/07\/7d8fcde38fbc1f805a77c0d069f972ab8e617fa20e55bd6089dd5ecc39f8975b.jpg_1707853292-408x500.jpg 408w, https:\/\/www.grieta.org.mx\/wp-content\/uploads\/2019\/07\/7d8fcde38fbc1f805a77c0d069f972ab8e617fa20e55bd6089dd5ecc39f8975b.jpg_1707853292.jpg 417w\" sizes=\"auto, (max-width: 800px) 100vw, 800px\" \/><\/a><figcaption id=\"caption-attachment-36712\" class=\"wp-caption-text\">En los suelos por donde ha pasado el agua contaminada, la Profepa determin\u00f3 que los niveles de ars\u00e9nico, plomo, vanadio y cadmio rebasan los l\u00edmites m\u00e1ximos permisibles.<\/figcaption><\/figure>\n<p>En el expediente PFPA\/3.1\/2C.26.1\/00011-09, la dependencia detall\u00f3 que la delegaci\u00f3n en Guerrero les report\u00f3 en 2009 casos de ni\u00f1os con plomo en la sangre.<\/p>\n<p>Se indica que se tiene conocimiento que un estudio de an\u00e1lisis de sangre realizado a alumnos de una escuela cercana a las minas, dando como resultado la presencia de plomo, as\u00ed como consideran que existe contaminaci\u00f3n del agua y el suelo ocasionado por los jales abandonados en los poblados de Santa Rosa de Lima, El Fraile y Paintla\u201d, indica el expediente.<\/p>\n<p>A pesar de la contaminaci\u00f3n reportada por la Profepa, Industrial Minera M\u00e9xico habilit\u00f3 hasta 2016 barreras geoqu\u00edmicas para purificar el agua y construy\u00f3 canales y piletas sobre los jales para evitar que \u00e9stos siguieran contaminando el suelo.<\/p>\n<p><a href=\"http:\/\/www.grieta.org.mx\/wp-content\/uploads\/2019\/07\/94aae622a3b8897996e3de66cab402b27449401928155698029f261740a989d6.jpg_98911596.jpg\"><img loading=\"lazy\" decoding=\"async\" data-attachment-id=\"36713\" data-permalink=\"https:\/\/www.grieta.org.mx\/index.php\/2019\/07\/18\/los-mexicanos-que-viven-con-plomo-en-la-sangre-guerrero\/94aae622a3b8897996e3de66cab402b27449401928155698029f261740a989d6-jpg_98911596\/\" data-orig-file=\"https:\/\/www.grieta.org.mx\/wp-content\/uploads\/2019\/07\/94aae622a3b8897996e3de66cab402b27449401928155698029f261740a989d6.jpg_98911596.jpg\" data-orig-size=\"512,339\" data-comments-opened=\"0\" data-image-meta=\"{&quot;aperture&quot;:&quot;0&quot;,&quot;credit&quot;:&quot;&quot;,&quot;camera&quot;:&quot;&quot;,&quot;caption&quot;:&quot;&quot;,&quot;created_timestamp&quot;:&quot;0&quot;,&quot;copyright&quot;:&quot;&quot;,&quot;focal_length&quot;:&quot;0&quot;,&quot;iso&quot;:&quot;0&quot;,&quot;shutter_speed&quot;:&quot;0&quot;,&quot;title&quot;:&quot;&quot;,&quot;orientation&quot;:&quot;0&quot;}\" data-image-title=\"94aae622a3b8897996e3de66cab402b27449401928155698029f261740a989d6.jpg_98911596\" data-image-description=\"\" data-image-caption=\"\" data-medium-file=\"https:\/\/www.grieta.org.mx\/wp-content\/uploads\/2019\/07\/94aae622a3b8897996e3de66cab402b27449401928155698029f261740a989d6.jpg_98911596-300x199.jpg\" data-large-file=\"https:\/\/www.grieta.org.mx\/wp-content\/uploads\/2019\/07\/94aae622a3b8897996e3de66cab402b27449401928155698029f261740a989d6.jpg_98911596.jpg\" class=\"aligncenter wp-image-36713\" src=\"http:\/\/www.grieta.org.mx\/wp-content\/uploads\/2019\/07\/94aae622a3b8897996e3de66cab402b27449401928155698029f261740a989d6.jpg_98911596-300x199.jpg\" alt=\"\" width=\"800\" height=\"530\" srcset=\"https:\/\/www.grieta.org.mx\/wp-content\/uploads\/2019\/07\/94aae622a3b8897996e3de66cab402b27449401928155698029f261740a989d6.jpg_98911596-300x199.jpg 300w, https:\/\/www.grieta.org.mx\/wp-content\/uploads\/2019\/07\/94aae622a3b8897996e3de66cab402b27449401928155698029f261740a989d6.jpg_98911596.jpg 512w\" sizes=\"auto, (max-width: 800px) 100vw, 800px\" \/><\/a><\/p>\n<p>En un recorrido hecho en 2017 por las bocaminas y los jales, se constat\u00f3 que el agua contaminada lograba esquivar las barreras geoqu\u00edmicas y se filtraba hasta el r\u00edo Cacalotenango.<\/p>\n<p>Da\u00f1os por generaciones<\/p>\n<p>La ingesti\u00f3n de plomo provoca enfermedades cr\u00f3nicas degenerativas que da\u00f1an no s\u00f3lo a quien lo ingiere, sino a su descendencia.<\/p>\n<p>Seg\u00fan la Organizaci\u00f3n Mundial de la Salud (OMS), en su informe \u2018Intoxicaci\u00f3n por plomo en la salud\u2019, la exposici\u00f3n al plomo puede causar anemia, hipertensi\u00f3n, disfunci\u00f3n renal y toxicidad reproductiva. Se cree que los efectos neurol\u00f3gicos y conductuales asociados al plomo son irreversibles\u201d.<\/p>\n<figure id=\"attachment_36710\" aria-describedby=\"caption-attachment-36710\" style=\"width: 800px\" class=\"wp-caption aligncenter\"><a href=\"http:\/\/www.grieta.org.mx\/wp-content\/uploads\/2019\/07\/muerte-plomo-taxco-grupo-mexico.jpg_2120446623.jpg\"><img loading=\"lazy\" decoding=\"async\" data-attachment-id=\"36710\" data-permalink=\"https:\/\/www.grieta.org.mx\/index.php\/2019\/07\/18\/los-mexicanos-que-viven-con-plomo-en-la-sangre-guerrero\/muerte-plomo-taxco-grupo-mexico-jpg_2120446623\/\" data-orig-file=\"https:\/\/www.grieta.org.mx\/wp-content\/uploads\/2019\/07\/muerte-plomo-taxco-grupo-mexico.jpg_2120446623.jpg\" data-orig-size=\"640,640\" data-comments-opened=\"0\" data-image-meta=\"{&quot;aperture&quot;:&quot;0&quot;,&quot;credit&quot;:&quot;&quot;,&quot;camera&quot;:&quot;&quot;,&quot;caption&quot;:&quot;&quot;,&quot;created_timestamp&quot;:&quot;0&quot;,&quot;copyright&quot;:&quot;&quot;,&quot;focal_length&quot;:&quot;0&quot;,&quot;iso&quot;:&quot;0&quot;,&quot;shutter_speed&quot;:&quot;0&quot;,&quot;title&quot;:&quot;&quot;,&quot;orientation&quot;:&quot;0&quot;}\" data-image-title=\"muerte-plomo-taxco-grupo-mexico.jpg_2120446623\" data-image-description=\"\" data-image-caption=\"&lt;p&gt;La ingesti\u00f3n de plomo provoca enfermedades cr\u00f3nicas degenerativas que da\u00f1an no s\u00f3lo a quien lo ingiere, sino a su descendencia.&lt;\/p&gt;\n\" data-medium-file=\"https:\/\/www.grieta.org.mx\/wp-content\/uploads\/2019\/07\/muerte-plomo-taxco-grupo-mexico.jpg_2120446623-300x300.jpg\" data-large-file=\"https:\/\/www.grieta.org.mx\/wp-content\/uploads\/2019\/07\/muerte-plomo-taxco-grupo-mexico.jpg_2120446623.jpg\" class=\"wp-image-36710\" src=\"http:\/\/www.grieta.org.mx\/wp-content\/uploads\/2019\/07\/muerte-plomo-taxco-grupo-mexico.jpg_2120446623-300x300.jpg\" alt=\"\" width=\"800\" height=\"800\" srcset=\"https:\/\/www.grieta.org.mx\/wp-content\/uploads\/2019\/07\/muerte-plomo-taxco-grupo-mexico.jpg_2120446623-300x300.jpg 300w, https:\/\/www.grieta.org.mx\/wp-content\/uploads\/2019\/07\/muerte-plomo-taxco-grupo-mexico.jpg_2120446623-150x150.jpg 150w, https:\/\/www.grieta.org.mx\/wp-content\/uploads\/2019\/07\/muerte-plomo-taxco-grupo-mexico.jpg_2120446623-130x130.jpg 130w, https:\/\/www.grieta.org.mx\/wp-content\/uploads\/2019\/07\/muerte-plomo-taxco-grupo-mexico.jpg_2120446623-500x500.jpg 500w, https:\/\/www.grieta.org.mx\/wp-content\/uploads\/2019\/07\/muerte-plomo-taxco-grupo-mexico.jpg_2120446623.jpg 640w\" sizes=\"auto, (max-width: 800px) 100vw, 800px\" \/><\/a><figcaption id=\"caption-attachment-36710\" class=\"wp-caption-text\">La ingesti\u00f3n de plomo provoca enfermedades cr\u00f3nicas degenerativas que da\u00f1an no s\u00f3lo a quien lo ingiere, sino a su descendencia.<\/figcaption><\/figure>\n<p>Taxco e Iguala, l\u00edderes en la compra-venta de plata y oro en Guerrero, respectivamente, durante los \u00faltimos 16 a\u00f1os han liderado en otros rubros oprobiosos.<\/p>\n<p>De acuerdo con la respuesta a una solicitud de informaci\u00f3n hecha a la Secretar\u00eda de Salud de Guerrero, con n\u00famero de folio SSA\/SSP\/DP\/SDPE\/DE\/0310\/2017, de los 16 municipios que hay en la zona norte de Guerrero, Taxco e Iguala encabezan en tasa de mortalidad por c\u00e1ncer, anencefalia, leucemia, anemia, hipertensi\u00f3n arterial y cardiopat\u00eda isqu\u00e9mica.<\/p>\n<p>Todas esas enfermedades, junto con la diabetes, seg\u00fan la OMS, est\u00e1n relacionadas a la intoxicaci\u00f3n por exposici\u00f3n al plomo.<\/p>\n<p>Aunque Grupo M\u00e9xico logre sanear totalmente los sitios contaminados, habitantes de las comunidades afectadas est\u00e1n condenados a enfermedades que incluso pueden heredar a sus descendientes. Investigadores han descubierto que el plomo da\u00f1a los \u00f3rganos reproductores de varones y que, incluso, genera alteraciones a nivel gen\u00e9tico.<\/p>\n<p>En el art\u00edculo Exposici\u00f3n ocupacional a plomo y pesticidas organofosforados: efecto sobre la salud reproductiva masculina, para la revista peruana Medicina Experimental y Salud P\u00fablica, los m\u00e9dicos Gustavo Gonz\u00e1lez, Manuel Gasco, Julio Rubio y Sandra Yucra determinaron que \u201cel impacto de la exposici\u00f3n cr\u00f3nica al plomo en el var\u00f3n incluye reducci\u00f3n de la libido, alteraci\u00f3n en la espermatog\u00e9nesis (reducci\u00f3n en cantidad y motilidad, e incremento de formas anormales de los espermatozoides), da\u00f1o cromos\u00f3mico, funci\u00f3n prost\u00e1tica anormal y cambios en los niveles de testosterona\u201d.<\/p>\n<p>En las mujeres embarazadas, la exposici\u00f3n a este metal se vuelve especialmente nociva para el feto.<\/p>\n<p>El plomo tiene efectos t\u00f3xicos en muchos \u00f3rganos, sistemas y procesos fisiol\u00f3gicos, incluyendo el desarrollo de la l\u00ednea roja hem\u00e1tica, los ri\u00f1ones, el sistema cardiovascular, el aparato reproductor y, probablemente, el de mayor gravedad, el desarrollo del sistema nervioso central\u201d, se lee en el art\u00edculo previamente mencionado.<\/p>\n<p><a href=\"http:\/\/www.grieta.org.mx\/wp-content\/uploads\/2019\/07\/656b02f341da99be1d600908f8aa6a5442820ee7f4ee39e04b970bc2e7ab6254.jpg_98911596.jpg\"><img loading=\"lazy\" decoding=\"async\" data-attachment-id=\"36715\" data-permalink=\"https:\/\/www.grieta.org.mx\/index.php\/2019\/07\/18\/los-mexicanos-que-viven-con-plomo-en-la-sangre-guerrero\/656b02f341da99be1d600908f8aa6a5442820ee7f4ee39e04b970bc2e7ab6254-jpg_98911596\/\" data-orig-file=\"https:\/\/www.grieta.org.mx\/wp-content\/uploads\/2019\/07\/656b02f341da99be1d600908f8aa6a5442820ee7f4ee39e04b970bc2e7ab6254.jpg_98911596.jpg\" data-orig-size=\"512,339\" data-comments-opened=\"0\" data-image-meta=\"{&quot;aperture&quot;:&quot;0&quot;,&quot;credit&quot;:&quot;&quot;,&quot;camera&quot;:&quot;&quot;,&quot;caption&quot;:&quot;&quot;,&quot;created_timestamp&quot;:&quot;0&quot;,&quot;copyright&quot;:&quot;&quot;,&quot;focal_length&quot;:&quot;0&quot;,&quot;iso&quot;:&quot;0&quot;,&quot;shutter_speed&quot;:&quot;0&quot;,&quot;title&quot;:&quot;&quot;,&quot;orientation&quot;:&quot;0&quot;}\" data-image-title=\"656b02f341da99be1d600908f8aa6a5442820ee7f4ee39e04b970bc2e7ab6254.jpg_98911596\" data-image-description=\"\" data-image-caption=\"\" data-medium-file=\"https:\/\/www.grieta.org.mx\/wp-content\/uploads\/2019\/07\/656b02f341da99be1d600908f8aa6a5442820ee7f4ee39e04b970bc2e7ab6254.jpg_98911596-300x199.jpg\" data-large-file=\"https:\/\/www.grieta.org.mx\/wp-content\/uploads\/2019\/07\/656b02f341da99be1d600908f8aa6a5442820ee7f4ee39e04b970bc2e7ab6254.jpg_98911596.jpg\" class=\"aligncenter wp-image-36715\" src=\"http:\/\/www.grieta.org.mx\/wp-content\/uploads\/2019\/07\/656b02f341da99be1d600908f8aa6a5442820ee7f4ee39e04b970bc2e7ab6254.jpg_98911596-300x199.jpg\" alt=\"\" width=\"800\" height=\"530\" srcset=\"https:\/\/www.grieta.org.mx\/wp-content\/uploads\/2019\/07\/656b02f341da99be1d600908f8aa6a5442820ee7f4ee39e04b970bc2e7ab6254.jpg_98911596-300x199.jpg 300w, https:\/\/www.grieta.org.mx\/wp-content\/uploads\/2019\/07\/656b02f341da99be1d600908f8aa6a5442820ee7f4ee39e04b970bc2e7ab6254.jpg_98911596.jpg 512w\" sizes=\"auto, (max-width: 800px) 100vw, 800px\" \/><\/a><\/p>\n<p>El panorama es similar para los mineros que trabajaron para Industrial Minera M\u00e9xico, quienes estuvieron expuestos a metales pesados por a\u00f1os, hasta que estall\u00f3 la huelga laboral.<\/p>\n<p>Esta investigaci\u00f3n fue publicada originalmente en la tesis reportaje de Omar Marroqu\u00edn Hern\u00e1ndez para la UNAM.<\/p>\n<p><a href=\"https:\/\/www.am.com.mx\/Los-mexicanos-que-viven-con-plomo-en-la-sangre-l201907180002.html\">https:\/\/www.am.com.mx\/Los-mexicanos-que-viven-con-plomo-en-la-sangre-l201907180002.html<\/a><\/p>\n","protected":false},"excerpt":{"rendered":"<p>Grupo M\u00e9xico ha atentado 22 veces contra el medio ambiente en los \u00faltimos 21 a\u00f1os. Redacci\u00f3n \/ AM M\u00e9xico.- Grupo M\u00e9xico ha atentado 22 veces contra el medio ambiente en &hellip; <a href=\"https:\/\/www.grieta.org.mx\/index.php\/2019\/07\/18\/los-mexicanos-que-viven-con-plomo-en-la-sangre-guerrero\/\" class=\"more-link\">Leer m\u00e1s<\/a><\/p>\n","protected":false},"author":1,"featured_media":36715,"comment_status":"closed","ping_status":"closed","sticky":false,"template":"","format":"standard","meta":{"ngg_post_thumbnail":0,"_jetpack_newsletter_access":"","_jetpack_dont_email_post_to_subs":false,"_jetpack_newsletter_tier_id":0,"_jetpack_memberships_contains_paywalled_content":false,"_jetpack_memberships_contains_paid_content":false,"footnotes":""},"categories":[80,18,3,6,1008,2],"tags":[394,2170,109],"class_list":["post-36709","post","type-post","status-publish","format-standard","has-post-thumbnail","hentry","category-cintillo","category-guerrero","category-megaproyectos","category-mineria","category-mineria-en-guerrero","category-noticias-nacionales","tag-contaminacion-por-mineria","tag-danos-a-la-salud","tag-mineria","entry"],"jetpack_featured_media_url":"https:\/\/www.grieta.org.mx\/wp-content\/uploads\/2019\/07\/656b02f341da99be1d600908f8aa6a5442820ee7f4ee39e04b970bc2e7ab6254.jpg_98911596.jpg","jetpack_sharing_enabled":true,"jetpack_shortlink":"https:\/\/wp.me\/p7ZJR4-9y5","jetpack_likes_enabled":false,"jetpack-related-posts":[{"id":29888,"url":"https:\/\/www.grieta.org.mx\/index.php\/2019\/03\/02\/mineria-y-energia-detonan-879-conflictos-en-mexico-los-ligan-al-crimen-empresas-y-gobiernos\/","url_meta":{"origin":36709,"position":0},"title":"Miner\u00eda y energ\u00eda detonan 879 conflictos en M\u00e9xico; los ligan al crimen, empresas y gobiernos","author":"grieta","date":"2 marzo, 2019","format":false,"excerpt":"Redacci\u00f3n\/SIN EMBARGO El informe realizado por Gisela Zaremberg (de Flacso) y Valeria Guarneros-Meza (de la inglesa Montfort University) detalla que en los conflictos derivados por proyectos mineros, las empresas m\u00e1s involucradas son: Grupo M\u00e9xico (con 30 casos registrados); Ternium (con 25); Goldcorp Inc (con 22); Grupo Frisco (con 18); Almaden\u2026","rel":"","context":"En &quot;Chihuahua&quot;","block_context":{"text":"Chihuahua","link":"https:\/\/www.grieta.org.mx\/index.php\/category\/noticias-nacionales\/chihuahua\/"},"img":{"alt_text":"","src":"https:\/\/i0.wp.com\/www.grieta.org.mx\/wp-content\/uploads\/2019\/03\/mapa-mineria.png?resize=350%2C200&ssl=1","width":350,"height":200,"srcset":"https:\/\/i0.wp.com\/www.grieta.org.mx\/wp-content\/uploads\/2019\/03\/mapa-mineria.png?resize=350%2C200&ssl=1 1x, https:\/\/i0.wp.com\/www.grieta.org.mx\/wp-content\/uploads\/2019\/03\/mapa-mineria.png?resize=525%2C300&ssl=1 1.5x, https:\/\/i0.wp.com\/www.grieta.org.mx\/wp-content\/uploads\/2019\/03\/mapa-mineria.png?resize=700%2C400&ssl=1 2x"},"classes":[]},{"id":63137,"url":"https:\/\/www.grieta.org.mx\/index.php\/2022\/01\/19\/defensores-de-la-tierra-contra-mineria-en-morelos-denuncian-intento-de-eliminar-comunidades-por-explotacion\/","url_meta":{"origin":36709,"position":1},"title":"Defensores de la tierra contra miner\u00eda en Morelos denuncian intento de eliminar comunidades por explotaci\u00f3n","author":"grieta","date":"19 enero, 2022","format":false,"excerpt":"Ignacio Garc\u00eda \/ Los \u00c1ngeles Press \u00a0 Alejandra Domingo y Javier Hern\u00e1ndez, defensores de la tierra contra la miner\u00eda en Morelos, denunciaron que las principales empresas mineras que pretenden operar en diferentes regiones de la entidad eliminar\u00e1n diferentes comunidades con la explotaci\u00f3n de los recursos naturales. Desde 2013 hay una\u2026","rel":"","context":"En &quot;CINTILLO&quot;","block_context":{"text":"CINTILLO","link":"https:\/\/www.grieta.org.mx\/index.php\/category\/cintillo\/"},"img":{"alt_text":"","src":"https:\/\/i0.wp.com\/www.grieta.org.mx\/wp-content\/uploads\/2022\/01\/tetlama.jpg?resize=350%2C200&ssl=1","width":350,"height":200},"classes":[]},{"id":38121,"url":"https:\/\/www.grieta.org.mx\/index.php\/2019\/08\/21\/riesgo-de-represion-contra-opositores-a-minas-en-puebla-alerta-rema\/","url_meta":{"origin":36709,"position":2},"title":"Riesgo de represi\u00f3n contra opositores a minas en Puebla, alerta REMA","author":"Admin","date":"21 agosto, 2019","format":false,"excerpt":"Laura Ruiz \/ e-consulta La Red Mexicana de Afectados por la Miner\u00eda (REMA) consider\u00f3 a Puebla como una de las entidades en riesgo de represi\u00f3n social e hizo un llamado al presidente Andr\u00e9s Manuel L\u00f3pez Obrador para atender los conflictos de esa industria. Luego de que hace unos d\u00edas el\u2026","rel":"","context":"En &quot;CINTILLO&quot;","block_context":{"text":"CINTILLO","link":"https:\/\/www.grieta.org.mx\/index.php\/category\/cintillo\/"},"img":{"alt_text":"","src":"https:\/\/i0.wp.com\/www.grieta.org.mx\/wp-content\/uploads\/2019\/08\/minais.jpg?resize=350%2C200&ssl=1","width":350,"height":200,"srcset":"https:\/\/i0.wp.com\/www.grieta.org.mx\/wp-content\/uploads\/2019\/08\/minais.jpg?resize=350%2C200&ssl=1 1x, https:\/\/i0.wp.com\/www.grieta.org.mx\/wp-content\/uploads\/2019\/08\/minais.jpg?resize=525%2C300&ssl=1 1.5x"},"classes":[]},{"id":9140,"url":"https:\/\/www.grieta.org.mx\/index.php\/2015\/04\/07\/xochicalco-lamentan-entrega-de-tierras-a-mineria\/","url_meta":{"origin":36709,"position":3},"title":"Xochicalco: lamentan entrega de tierras a miner\u00eda","author":"grieta","date":"7 abril, 2015","format":false,"excerpt":"Morelos Habla Pese a que fue se decidi\u00f3 en asambleas comunitarias, la Central Campesina deplor\u00f3 la renta para una actividad altamente contaminante. La Central Campesina Cardenista (CCC), lament\u00f3 la entrega de las tierras aleda\u00f1as a la zona arqueol\u00f3gica de Xochicalco a los canadienses de la minera Esperanza Silver de M\u00e9xico,\u2026","rel":"","context":"En &quot;CINTILLO&quot;","block_context":{"text":"CINTILLO","link":"https:\/\/www.grieta.org.mx\/index.php\/category\/cintillo\/"},"img":{"alt_text":"","src":"https:\/\/i0.wp.com\/www.grieta.org.mx\/wp-content\/uploads\/2018\/03\/14524434_1106112876131411_958039263622046936_o.jpg?resize=350%2C200&ssl=1","width":350,"height":200,"srcset":"https:\/\/i0.wp.com\/www.grieta.org.mx\/wp-content\/uploads\/2018\/03\/14524434_1106112876131411_958039263622046936_o.jpg?resize=350%2C200&ssl=1 1x, https:\/\/i0.wp.com\/www.grieta.org.mx\/wp-content\/uploads\/2018\/03\/14524434_1106112876131411_958039263622046936_o.jpg?resize=525%2C300&ssl=1 1.5x, https:\/\/i0.wp.com\/www.grieta.org.mx\/wp-content\/uploads\/2018\/03\/14524434_1106112876131411_958039263622046936_o.jpg?resize=700%2C400&ssl=1 2x"},"classes":[]},{"id":31356,"url":"https:\/\/www.grieta.org.mx\/index.php\/2019\/03\/18\/alertan-sobre-ola-de-despojos-de-mineras-y-petroleras-en-mexico\/","url_meta":{"origin":36709,"position":4},"title":"Alertan sobre ola de despojos de mineras y petroleras en M\u00e9xico","author":"grieta","date":"18 marzo, 2019","format":false,"excerpt":"Redacci\u00f3n \/ Vanguardia Zacatecas, Zac., M\u00e1s de 2 mil comunidades rurales de cerca de 50 municipios de Chiapas, Oaxaca, Veracruz, Puebla, Guerrero, Chihuahua y San Luis Potos\u00ed se han declarado libres de miner\u00eda con acciones legales, no pol\u00edticas, inform\u00f3 Miguel Mijangos Mart\u00ednez, vocero de la Red Mexicana de Afectados por\u2026","rel":"","context":"En &quot;CINTILLO&quot;","block_context":{"text":"CINTILLO","link":"https:\/\/www.grieta.org.mx\/index.php\/category\/cintillo\/"},"img":{"alt_text":"","src":"https:\/\/i0.wp.com\/www.grieta.org.mx\/wp-content\/uploads\/2019\/03\/protesta_de_campesinos_contra_el_proyecto_tia_maria_en_cocachacra_perufoto_ap.jpg?resize=350%2C200&ssl=1","width":350,"height":200,"srcset":"https:\/\/i0.wp.com\/www.grieta.org.mx\/wp-content\/uploads\/2019\/03\/protesta_de_campesinos_contra_el_proyecto_tia_maria_en_cocachacra_perufoto_ap.jpg?resize=350%2C200&ssl=1 1x, https:\/\/i0.wp.com\/www.grieta.org.mx\/wp-content\/uploads\/2019\/03\/protesta_de_campesinos_contra_el_proyecto_tia_maria_en_cocachacra_perufoto_ap.jpg?resize=525%2C300&ssl=1 1.5x, https:\/\/i0.wp.com\/www.grieta.org.mx\/wp-content\/uploads\/2019\/03\/protesta_de_campesinos_contra_el_proyecto_tia_maria_en_cocachacra_perufoto_ap.jpg?resize=700%2C400&ssl=1 2x"},"classes":[]},{"id":30331,"url":"https:\/\/www.grieta.org.mx\/index.php\/2019\/03\/06\/historico-indigenas-mexicanos-podrian-ganar-batalla-contra-gigante-minero-canadiense-puebla\/","url_meta":{"origin":36709,"position":5},"title":"Hist\u00f3rico: ind\u00edgenas mexicanos podr\u00edan ganar batalla contra gigante minero canadiense (Puebla)","author":"grieta","date":"6 marzo, 2019","format":false,"excerpt":"Redacci\u00f3n \/ Infobae Despu\u00e9s de casi 20 a\u00f1os de disputas, un grupo de aldeanos nahuas podr\u00eda hacer historia este mes en M\u00e9xico cuando un tribunal falle en una disputa por tierras en la que est\u00e1 involucrada una minera canadiense. Un abogado de los pobladores de Tecoltemi, en el estado de\u2026","rel":"","context":"En &quot;CINTILLO&quot;","block_context":{"text":"CINTILLO","link":"https:\/\/www.grieta.org.mx\/index.php\/category\/cintillo\/"},"img":{"alt_text":"","src":"https:\/\/i0.wp.com\/www.grieta.org.mx\/wp-content\/uploads\/2019\/03\/Captura-de-pantalla-2019-03-09-08.04.45.png?resize=350%2C200&ssl=1","width":350,"height":200,"srcset":"https:\/\/i0.wp.com\/www.grieta.org.mx\/wp-content\/uploads\/2019\/03\/Captura-de-pantalla-2019-03-09-08.04.45.png?resize=350%2C200&ssl=1 1x, https:\/\/i0.wp.com\/www.grieta.org.mx\/wp-content\/uploads\/2019\/03\/Captura-de-pantalla-2019-03-09-08.04.45.png?resize=525%2C300&ssl=1 1.5x, https:\/\/i0.wp.com\/www.grieta.org.mx\/wp-content\/uploads\/2019\/03\/Captura-de-pantalla-2019-03-09-08.04.45.png?resize=700%2C400&ssl=1 2x"},"classes":[]}],"_links":{"self":[{"href":"https:\/\/www.grieta.org.mx\/index.php\/wp-json\/wp\/v2\/posts\/36709","targetHints":{"allow":["GET"]}}],"collection":[{"href":"https:\/\/www.grieta.org.mx\/index.php\/wp-json\/wp\/v2\/posts"}],"about":[{"href":"https:\/\/www.grieta.org.mx\/index.php\/wp-json\/wp\/v2\/types\/post"}],"author":[{"embeddable":true,"href":"https:\/\/www.grieta.org.mx\/index.php\/wp-json\/wp\/v2\/users\/1"}],"replies":[{"embeddable":true,"href":"https:\/\/www.grieta.org.mx\/index.php\/wp-json\/wp\/v2\/comments?post=36709"}],"version-history":[{"count":1,"href":"https:\/\/www.grieta.org.mx\/index.php\/wp-json\/wp\/v2\/posts\/36709\/revisions"}],"predecessor-version":[{"id":36719,"href":"https:\/\/www.grieta.org.mx\/index.php\/wp-json\/wp\/v2\/posts\/36709\/revisions\/36719"}],"wp:featuredmedia":[{"embeddable":true,"href":"https:\/\/www.grieta.org.mx\/index.php\/wp-json\/wp\/v2\/media\/36715"}],"wp:attachment":[{"href":"https:\/\/www.grieta.org.mx\/index.php\/wp-json\/wp\/v2\/media?parent=36709"}],"wp:term":[{"taxonomy":"category","embeddable":true,"href":"https:\/\/www.grieta.org.mx\/index.php\/wp-json\/wp\/v2\/categories?post=36709"},{"taxonomy":"post_tag","embeddable":true,"href":"https:\/\/www.grieta.org.mx\/index.php\/wp-json\/wp\/v2\/tags?post=36709"}],"curies":[{"name":"wp","href":"https:\/\/api.w.org\/{rel}","templated":true}]}}