{"id":36681,"date":"2019-07-18T11:59:20","date_gmt":"2019-07-18T16:59:20","guid":{"rendered":"http:\/\/www.grieta.org.mx\/?p=36681"},"modified":"2019-07-20T12:13:38","modified_gmt":"2019-07-20T17:13:38","slug":"contaminacion-afecta-salud-en-michicayucan-puebla","status":"publish","type":"post","link":"https:\/\/www.grieta.org.mx\/index.php\/2019\/07\/18\/contaminacion-afecta-salud-en-michicayucan-puebla\/","title":{"rendered":"Contaminaci\u00f3n afecta salud en Michicayucan (Puebla)"},"content":{"rendered":"<p><a href=\"http:\/\/www.grieta.org.mx\/wp-content\/uploads\/2019\/07\/contaminacion-afecta-salud-en-michicayucan-78e55a536a8f5f882f768a6c2ade7cd1.png\"><img loading=\"lazy\" decoding=\"async\" data-attachment-id=\"36689\" data-permalink=\"https:\/\/www.grieta.org.mx\/index.php\/2019\/07\/18\/contaminacion-afecta-salud-en-michicayucan-puebla\/contaminacion-afecta-salud-en-michicayucan-78e55a536a8f5f882f768a6c2ade7cd1\/\" data-orig-file=\"https:\/\/www.grieta.org.mx\/wp-content\/uploads\/2019\/07\/contaminacion-afecta-salud-en-michicayucan-78e55a536a8f5f882f768a6c2ade7cd1.png\" data-orig-size=\"1000,600\" data-comments-opened=\"0\" data-image-meta=\"{&quot;aperture&quot;:&quot;0&quot;,&quot;credit&quot;:&quot;&quot;,&quot;camera&quot;:&quot;&quot;,&quot;caption&quot;:&quot;&quot;,&quot;created_timestamp&quot;:&quot;0&quot;,&quot;copyright&quot;:&quot;&quot;,&quot;focal_length&quot;:&quot;0&quot;,&quot;iso&quot;:&quot;0&quot;,&quot;shutter_speed&quot;:&quot;0&quot;,&quot;title&quot;:&quot;&quot;,&quot;orientation&quot;:&quot;0&quot;}\" data-image-title=\"contaminacion-afecta-salud-en-michicayucan-78e55a536a8f5f882f768a6c2ade7cd1\" data-image-description=\"\" data-image-caption=\"\" data-medium-file=\"https:\/\/www.grieta.org.mx\/wp-content\/uploads\/2019\/07\/contaminacion-afecta-salud-en-michicayucan-78e55a536a8f5f882f768a6c2ade7cd1-300x180.png\" data-large-file=\"https:\/\/www.grieta.org.mx\/wp-content\/uploads\/2019\/07\/contaminacion-afecta-salud-en-michicayucan-78e55a536a8f5f882f768a6c2ade7cd1.png\" class=\"aligncenter wp-image-36689\" src=\"http:\/\/www.grieta.org.mx\/wp-content\/uploads\/2019\/07\/contaminacion-afecta-salud-en-michicayucan-78e55a536a8f5f882f768a6c2ade7cd1-300x180.png\" alt=\"\" width=\"800\" height=\"480\" srcset=\"https:\/\/www.grieta.org.mx\/wp-content\/uploads\/2019\/07\/contaminacion-afecta-salud-en-michicayucan-78e55a536a8f5f882f768a6c2ade7cd1-300x180.png 300w, https:\/\/www.grieta.org.mx\/wp-content\/uploads\/2019\/07\/contaminacion-afecta-salud-en-michicayucan-78e55a536a8f5f882f768a6c2ade7cd1-768x461.png 768w, https:\/\/www.grieta.org.mx\/wp-content\/uploads\/2019\/07\/contaminacion-afecta-salud-en-michicayucan-78e55a536a8f5f882f768a6c2ade7cd1-833x500.png 833w, https:\/\/www.grieta.org.mx\/wp-content\/uploads\/2019\/07\/contaminacion-afecta-salud-en-michicayucan-78e55a536a8f5f882f768a6c2ade7cd1.png 1000w\" sizes=\"auto, (max-width: 800px) 100vw, 800px\" \/><\/a><\/p>\n<p>Juan Ascencio \/ El Popular<\/p>\n<p>Habitantes de la comunidad de Michicayucan, perteneciente al municipio de Tlatlauquitepec, denunciaron la contaminaci\u00f3n que sufre el r\u00edo que atraviesa por esta zona. Se\u00f1alaron que los desechos provienen de Zaragoza, pues descarga en este afluente aguas negras e infecta el caudal.<\/p>\n<p>Los vecinos de la zona informaron que hace 30 a\u00f1os, el agua del r\u00edo pod\u00eda utilizarse para consumo humano y actividades dentro de los hogares; sin embargo, por el desemboque de los drenajes, el agua ya no es apta ni para el consumo de los animales.<\/p>\n<p>Exhibieron que la contaminaci\u00f3n del r\u00edo ha causando enfermedades e infecciones entre quienes habitan en la zona, sobre todo en ni\u00f1os y hombres, quienes ante la necesidad de cruzar por la zona han registrado infecciones en la piel.<\/p>\n<p>Una de las preocupaciones m\u00e1s grandes es que algunos de los trabajadores del campo, que se dedican a la siembra y producci\u00f3n de papa, utilizan el agua contaminada para el riego de los sembrad\u00edos, lo que podr\u00eda causar enfermedades graves entre los consumidores.<\/p>\n<p>La situaci\u00f3n se torna preocupante ya que a diario el r\u00edo despide malos olores, por lo que pidieron a las autoridades municipales emprender acciones para evitar que el agua se siga contaminando.<\/p>\n<p><a href=\"https:\/\/www.elpopular.mx\/2019\/07\/18\/municipios\/contaminacion-afecta-salud-en-michicayucan-208902\">https:\/\/www.elpopular.mx\/2019\/07\/18\/municipios\/contaminacion-afecta-salud-en-michicayucan-208902<\/a><\/p>\n","protected":false},"excerpt":{"rendered":"<p>Juan Ascencio \/ El Popular Habitantes de la comunidad de Michicayucan, perteneciente al municipio de Tlatlauquitepec, denunciaron la contaminaci\u00f3n que sufre el r\u00edo que atraviesa por esta zona. Se\u00f1alaron que &hellip; <a href=\"https:\/\/www.grieta.org.mx\/index.php\/2019\/07\/18\/contaminacion-afecta-salud-en-michicayucan-puebla\/\" class=\"more-link\">Leer m\u00e1s<\/a><\/p>\n","protected":false},"author":1,"featured_media":36689,"comment_status":"closed","ping_status":"closed","sticky":false,"template":"","format":"standard","meta":{"ngg_post_thumbnail":0,"_jetpack_newsletter_access":"","_jetpack_dont_email_post_to_subs":false,"_jetpack_newsletter_tier_id":0,"_jetpack_memberships_contains_paywalled_content":false,"_jetpack_memberships_contains_paid_content":false,"footnotes":""},"categories":[80,1255,2703,2,26],"tags":[425,91],"class_list":["post-36681","post","type-post","status-publish","format-standard","has-post-thumbnail","hentry","category-cintillo","category-contaminacion-del-agua-por-industria-en-puebla","category-defensa-de-los-recursos-naturales-en-puebla","category-noticias-nacionales","category-puebla","tag-contaminacion-agua","tag-contaminacion-ambiental","entry"],"jetpack_featured_media_url":"https:\/\/www.grieta.org.mx\/wp-content\/uploads\/2019\/07\/contaminacion-afecta-salud-en-michicayucan-78e55a536a8f5f882f768a6c2ade7cd1.png","jetpack_sharing_enabled":true,"jetpack_shortlink":"https:\/\/wp.me\/p7ZJR4-9xD","jetpack_likes_enabled":false,"jetpack-related-posts":[{"id":12257,"url":"https:\/\/www.grieta.org.mx\/index.php\/2016\/07\/25\/danos-ambientales-por-industria-maquiladora-en-puebla\/","url_meta":{"origin":36681,"position":0},"title":"Contaminaci\u00f3n del agua por industria maquiladora en Puebla","author":"grieta","date":"25 julio, 2016","format":false,"excerpt":"26\/07\/16. No funcionan 20 plantas de tratamiento de aguas residuales en Puebla: Conagua Contraparte 18\/07\/16. R\u00edo Atoyac: responsabilidad compartida o corrupci\u00f3n ininterrumpida (Puebla) e-consulta 11\/05\/16. Lavander\u00eda contamina r\u00edo y tierras en comunidad de Huejotzingo (Puebla) Municipios Puebla","rel":"","context":"En &quot;NOTICIAS NACIONALES&quot;","block_context":{"text":"NOTICIAS NACIONALES","link":"https:\/\/www.grieta.org.mx\/index.php\/category\/noticias-nacionales\/"},"img":{"alt_text":"","src":"https:\/\/i0.wp.com\/www.grieta.org.mx\/wp-content\/uploads\/2018\/03\/14524434_1106112876131411_958039263622046936_o.jpg?resize=350%2C200&ssl=1","width":350,"height":200,"srcset":"https:\/\/i0.wp.com\/www.grieta.org.mx\/wp-content\/uploads\/2018\/03\/14524434_1106112876131411_958039263622046936_o.jpg?resize=350%2C200&ssl=1 1x, https:\/\/i0.wp.com\/www.grieta.org.mx\/wp-content\/uploads\/2018\/03\/14524434_1106112876131411_958039263622046936_o.jpg?resize=525%2C300&ssl=1 1.5x, https:\/\/i0.wp.com\/www.grieta.org.mx\/wp-content\/uploads\/2018\/03\/14524434_1106112876131411_958039263622046936_o.jpg?resize=700%2C400&ssl=1 2x"},"classes":[]},{"id":27736,"url":"https:\/\/www.grieta.org.mx\/index.php\/2018\/11\/22\/mueren-ninos-en-puebla-por-agua-contaminada\/","url_meta":{"origin":36681,"position":1},"title":"Mueren ni\u00f1os en Puebla por agua contaminada","author":"grieta","date":"22 noviembre, 2018","format":false,"excerpt":"Alba Espejel \/ El Popular Violeta Trinidad, directora ejecutiva de la organizaci\u00f3n Dale la Cara al Atoyac AC, inform\u00f3 que de acuerdo con cifras de la Comisi\u00f3n Nacional del Agua (Conagua), Puebla tiene el primer lugar en mortandad infantil por el contacto del agua contaminada; dijo que hay varios contaminantes\u2026","rel":"","context":"En &quot;CINTILLO&quot;","block_context":{"text":"CINTILLO","link":"https:\/\/www.grieta.org.mx\/index.php\/category\/cintillo\/"},"img":{"alt_text":"","src":"https:\/\/i0.wp.com\/www.grieta.org.mx\/wp-content\/uploads\/2018\/11\/Captura-de-pantalla-2018-11-29-10.02.11.png?resize=350%2C200&ssl=1","width":350,"height":200,"srcset":"https:\/\/i0.wp.com\/www.grieta.org.mx\/wp-content\/uploads\/2018\/11\/Captura-de-pantalla-2018-11-29-10.02.11.png?resize=350%2C200&ssl=1 1x, https:\/\/i0.wp.com\/www.grieta.org.mx\/wp-content\/uploads\/2018\/11\/Captura-de-pantalla-2018-11-29-10.02.11.png?resize=525%2C300&ssl=1 1.5x, https:\/\/i0.wp.com\/www.grieta.org.mx\/wp-content\/uploads\/2018\/11\/Captura-de-pantalla-2018-11-29-10.02.11.png?resize=700%2C400&ssl=1 2x"},"classes":[]},{"id":38118,"url":"https:\/\/www.grieta.org.mx\/index.php\/2019\/08\/21\/culpan-a-agua-de-puebla-de-nube-toxica-de-valsequillo\/","url_meta":{"origin":36681,"position":2},"title":"Culpan a Agua de Puebla de nube t\u00f3xica de Valsequillo","author":"Admin","date":"21 agosto, 2019","format":false,"excerpt":"Por Alejandro Camacho Fierro \/ El Popular La empresa Agua de Puebla es la culpable de permitir la grave contaminaci\u00f3n que hay en la presa de Valsequillo, donde se forma una nube t\u00f3xica. As\u00ed lo denunciaron integrantes del Observatorio Ciudadano de Gobierno, quienes exigieron interponer una denuncia penal en contra\u2026","rel":"","context":"En &quot;CINTILLO&quot;","block_context":{"text":"CINTILLO","link":"https:\/\/www.grieta.org.mx\/index.php\/category\/cintillo\/"},"img":{"alt_text":"","src":"https:\/\/i0.wp.com\/www.grieta.org.mx\/wp-content\/uploads\/2019\/08\/3abd9b09895d452b7af8dcdb12c943d7_nota_685x411_thumb.png?resize=350%2C200&ssl=1","width":350,"height":200,"srcset":"https:\/\/i0.wp.com\/www.grieta.org.mx\/wp-content\/uploads\/2019\/08\/3abd9b09895d452b7af8dcdb12c943d7_nota_685x411_thumb.png?resize=350%2C200&ssl=1 1x, https:\/\/i0.wp.com\/www.grieta.org.mx\/wp-content\/uploads\/2019\/08\/3abd9b09895d452b7af8dcdb12c943d7_nota_685x411_thumb.png?resize=525%2C300&ssl=1 1.5x"},"classes":[]},{"id":39913,"url":"https:\/\/www.grieta.org.mx\/index.php\/2019\/10\/01\/contaminacion-del-atoyac-por-corrupcion-en-puebla\/","url_meta":{"origin":36681,"position":3},"title":"Contaminaci\u00f3n del Atoyac, por corrupci\u00f3n en Puebla","author":"Admin","date":"1 octubre, 2019","format":false,"excerpt":"Redacci\u00f3n \/ El Popular Entre 2013 y 2017, el gobierno federal destin\u00f3 m\u00e1s de 940 millones de pesos para la instalaci\u00f3n de 16 plantas de tratamiento de agua en Puebla y Tlaxcala; sin embargo, esto ha propiciado casos de desv\u00edo de dinero y complejos construidos, pero sin entrar en operaciones\u2026","rel":"","context":"En &quot;CINTILLO&quot;","block_context":{"text":"CINTILLO","link":"https:\/\/www.grieta.org.mx\/index.php\/category\/cintillo\/"},"img":{"alt_text":"","src":"https:\/\/i0.wp.com\/www.grieta.org.mx\/wp-content\/uploads\/2019\/10\/efe4127836c64d4186b054b5aa0f69a1_nota_685x411_thumb.jpg?resize=350%2C200&ssl=1","width":350,"height":200,"srcset":"https:\/\/i0.wp.com\/www.grieta.org.mx\/wp-content\/uploads\/2019\/10\/efe4127836c64d4186b054b5aa0f69a1_nota_685x411_thumb.jpg?resize=350%2C200&ssl=1 1x, https:\/\/i0.wp.com\/www.grieta.org.mx\/wp-content\/uploads\/2019\/10\/efe4127836c64d4186b054b5aa0f69a1_nota_685x411_thumb.jpg?resize=525%2C300&ssl=1 1.5x"},"classes":[]},{"id":41362,"url":"https:\/\/www.grieta.org.mx\/index.php\/2019\/10\/20\/contaminacion-en-rio-atoyac-deja-mas-de-25-mil-muertos-puebla-y-tlaxcala\/","url_meta":{"origin":36681,"position":4},"title":"Contaminaci\u00f3n en r\u00edo Atoyac deja m\u00e1s de 25 mil muertos (Puebla y Tlaxcala)","author":"Admin","date":"20 octubre, 2019","format":false,"excerpt":"Redacci\u00f3n \/ Milenio digital PUEBLA.- A lo largo de su vida, Isabel Cano Flores no solo vio morir al r\u00edo Atoyac, tambi\u00e9n sufri\u00f3 la muerte de una de sus hijas a causa de c\u00e1ncer en la sangre que adquiri\u00f3 por la exposici\u00f3n a t\u00f3xicos como el benceno, plomo y ars\u00e9nico\u2026","rel":"","context":"En &quot;CINTILLO&quot;","block_context":{"text":"CINTILLO","link":"https:\/\/www.grieta.org.mx\/index.php\/category\/cintillo\/"},"img":{"alt_text":"","src":"https:\/\/i0.wp.com\/www.grieta.org.mx\/wp-content\/uploads\/2019\/11\/rio-atoyac-andres-lobato_0_28_640_398.jpg?resize=350%2C200&ssl=1","width":350,"height":200,"srcset":"https:\/\/i0.wp.com\/www.grieta.org.mx\/wp-content\/uploads\/2019\/11\/rio-atoyac-andres-lobato_0_28_640_398.jpg?resize=350%2C200&ssl=1 1x, https:\/\/i0.wp.com\/www.grieta.org.mx\/wp-content\/uploads\/2019\/11\/rio-atoyac-andres-lobato_0_28_640_398.jpg?resize=525%2C300&ssl=1 1.5x, https:\/\/i0.wp.com\/www.grieta.org.mx\/wp-content\/uploads\/2019\/11\/rio-atoyac-andres-lobato_0_28_640_398.jpg?resize=700%2C400&ssl=1 2x"},"classes":[]},{"id":38016,"url":"https:\/\/www.grieta.org.mx\/index.php\/2019\/08\/14\/rechazan-construccion-de-colector-en-juan-c-bonilla-puebla\/","url_meta":{"origin":36681,"position":5},"title":"Rechazan construcci\u00f3n de colector en Juan C. Bonilla (Puebla)","author":"Admin","date":"14 agosto, 2019","format":false,"excerpt":"Cecilia Espinoza Galindo \/ Municipios Puebla Juan C. Bonilla, Pue.- Habitantes del municipio de Juan C Bonilla, contin\u00faan las protestas para evitar que la construcci\u00f3n de un colector pluvial de la zona industrial de Huejotzingo, modifique el cauce del r\u00edo Metlalpalapan. En una asamblea realizada este mi\u00e9rcoles en la comunidad\u2026","rel":"","context":"En &quot;CINTILLO&quot;","block_context":{"text":"CINTILLO","link":"https:\/\/www.grieta.org.mx\/index.php\/category\/cintillo\/"},"img":{"alt_text":"","src":"https:\/\/i0.wp.com\/www.grieta.org.mx\/wp-content\/uploads\/2019\/08\/img-20190814-wa0047.jpg?resize=350%2C200&ssl=1","width":350,"height":200,"srcset":"https:\/\/i0.wp.com\/www.grieta.org.mx\/wp-content\/uploads\/2019\/08\/img-20190814-wa0047.jpg?resize=350%2C200&ssl=1 1x, https:\/\/i0.wp.com\/www.grieta.org.mx\/wp-content\/uploads\/2019\/08\/img-20190814-wa0047.jpg?resize=525%2C300&ssl=1 1.5x, https:\/\/i0.wp.com\/www.grieta.org.mx\/wp-content\/uploads\/2019\/08\/img-20190814-wa0047.jpg?resize=700%2C400&ssl=1 2x, https:\/\/i0.wp.com\/www.grieta.org.mx\/wp-content\/uploads\/2019\/08\/img-20190814-wa0047.jpg?resize=1050%2C600&ssl=1 3x"},"classes":[]}],"_links":{"self":[{"href":"https:\/\/www.grieta.org.mx\/index.php\/wp-json\/wp\/v2\/posts\/36681","targetHints":{"allow":["GET"]}}],"collection":[{"href":"https:\/\/www.grieta.org.mx\/index.php\/wp-json\/wp\/v2\/posts"}],"about":[{"href":"https:\/\/www.grieta.org.mx\/index.php\/wp-json\/wp\/v2\/types\/post"}],"author":[{"embeddable":true,"href":"https:\/\/www.grieta.org.mx\/index.php\/wp-json\/wp\/v2\/users\/1"}],"replies":[{"embeddable":true,"href":"https:\/\/www.grieta.org.mx\/index.php\/wp-json\/wp\/v2\/comments?post=36681"}],"version-history":[{"count":1,"href":"https:\/\/www.grieta.org.mx\/index.php\/wp-json\/wp\/v2\/posts\/36681\/revisions"}],"predecessor-version":[{"id":36691,"href":"https:\/\/www.grieta.org.mx\/index.php\/wp-json\/wp\/v2\/posts\/36681\/revisions\/36691"}],"wp:featuredmedia":[{"embeddable":true,"href":"https:\/\/www.grieta.org.mx\/index.php\/wp-json\/wp\/v2\/media\/36689"}],"wp:attachment":[{"href":"https:\/\/www.grieta.org.mx\/index.php\/wp-json\/wp\/v2\/media?parent=36681"}],"wp:term":[{"taxonomy":"category","embeddable":true,"href":"https:\/\/www.grieta.org.mx\/index.php\/wp-json\/wp\/v2\/categories?post=36681"},{"taxonomy":"post_tag","embeddable":true,"href":"https:\/\/www.grieta.org.mx\/index.php\/wp-json\/wp\/v2\/tags?post=36681"}],"curies":[{"name":"wp","href":"https:\/\/api.w.org\/{rel}","templated":true}]}}