{"id":36664,"date":"2019-07-15T10:12:35","date_gmt":"2019-07-15T15:12:35","guid":{"rendered":"http:\/\/www.grieta.org.mx\/?p=36664"},"modified":"2019-07-20T10:16:40","modified_gmt":"2019-07-20T15:16:40","slug":"en-salazar-edomex-guerra-campesina-contra-la-invasion-de-los-slim-los-azcarraga-los-bartlett","status":"publish","type":"post","link":"https:\/\/www.grieta.org.mx\/index.php\/2019\/07\/15\/en-salazar-edomex-guerra-campesina-contra-la-invasion-de-los-slim-los-azcarraga-los-bartlett\/","title":{"rendered":"En Salazar, Edomex, guerra campesina contra la invasi\u00f3n de los Slim, los Azc\u00e1rraga, los Bartlett\u2026"},"content":{"rendered":"<p>Rodrigo Vera\/Proceso TV<\/p>\n<div class=\"jetpack-video-wrapper\"><iframe loading=\"lazy\" title=\"En Salazar, Edomex, guerra campesina contra la invasi\u00f3n de los Slim, los Azc\u00e1rraga, los Bartlett\u2026\" width=\"1170\" height=\"658\" src=\"https:\/\/www.youtube.com\/embed\/Mivt37hWnYs?feature=oembed\" frameborder=\"0\" allow=\"accelerometer; autoplay; clipboard-write; encrypted-media; gyroscope; picture-in-picture\" allowfullscreen><\/iframe><\/div>\n<p>En el poblado mexiquense de Salazar, un grupo de pol\u00edticos y empresarios, de entre los que destacan los apellidos Slim, Azc\u00e1rraga Romand\u00eda, Bartlett \u00c1lvarez y El\u00edas Ayub, empez\u00f3 a construir fincas de lujo en tierras adquiridas ilegalmente. Los propietarios originales se est\u00e1n defendiendo de la invasi\u00f3n. Aqu\u00ed la historia.<\/p>\n<p><a href=\"https:\/\/www.proceso.com.mx\/592194\/en-salazar-edomex-guerra-campesina-contra-la-invasion-de-los-slim-los-azcarraga-los-bartlett-2\" rel=\"noopener noreferrer\" target=\"_blank\">https:\/\/www.proceso.com.mx\/592194\/en-salazar-edomex-guerra-campesina-contra-la-invasion-de-los-slim-los-azcarraga-los-bartlett-2<\/a><\/p>\n","protected":false},"excerpt":{"rendered":"<p>Rodrigo Vera\/Proceso TV En el poblado mexiquense de Salazar, un grupo de pol\u00edticos y empresarios, de entre los que destacan los apellidos Slim, Azc\u00e1rraga Romand\u00eda, Bartlett \u00c1lvarez y El\u00edas Ayub, &hellip; <a href=\"https:\/\/www.grieta.org.mx\/index.php\/2019\/07\/15\/en-salazar-edomex-guerra-campesina-contra-la-invasion-de-los-slim-los-azcarraga-los-bartlett\/\" class=\"more-link\">Leer m\u00e1s<\/a><\/p>\n","protected":false},"author":2,"featured_media":36439,"comment_status":"closed","ping_status":"closed","sticky":false,"template":"","format":"standard","meta":{"ngg_post_thumbnail":0,"_jetpack_newsletter_access":"","_jetpack_dont_email_post_to_subs":false,"_jetpack_newsletter_tier_id":0,"_jetpack_memberships_contains_paywalled_content":false,"_jetpack_memberships_contains_paid_content":false,"footnotes":""},"categories":[80,1278,16,2,1569,83],"tags":[1065,870],"class_list":["post-36664","post","type-post","status-publish","format-standard","has-post-thumbnail","hentry","category-cintillo","category-despojo-de-tierras-y-territorios","category-estado-de-mexico","category-noticias-nacionales","category-protestas-contra-la-destruccion-de-bosques-por-construccion-de-zona-residencial-en-el-estado-de-mexico","category-temas-nacionales","tag-despojo-de-agua-y-tierras","tag-gentrificacion","entry"],"jetpack_featured_media_url":"https:\/\/www.grieta.org.mx\/wp-content\/uploads\/2019\/07\/Salazar.jpg","jetpack_sharing_enabled":true,"jetpack_shortlink":"https:\/\/wp.me\/p7ZJR4-9xm","jetpack_likes_enabled":false,"jetpack-related-posts":[{"id":64546,"url":"https:\/\/www.grieta.org.mx\/index.php\/2022\/07\/04\/ganan-ejidatarios-juicio-millonario-a-slim-quintana-roo\/","url_meta":{"origin":36664,"position":0},"title":"Ganan ejidatarios juicio millonario a Slim (Quintana Roo)","author":"grieta","date":"4 julio, 2022","format":false,"excerpt":"Marleny Maga\u00f1a\/Quadrat\u00edn Quintana Roo CANCUN, QRoo, 4 de julio de 2022.- Que siempre s\u00ed, despu\u00e9s de un juicio agrario que tiene m\u00e1s de 32 a\u00f1os en Chetumal, Quintana Roo, entre el ejido Aar\u00f3n Merino Fern\u00e1ndez y la compa\u00f1\u00eda Telmex de Carlos Slim, finalmente se indemnizar\u00e1 a los hombres de campo.\u2026","rel":"","context":"En &quot;CINTILLO&quot;","block_context":{"text":"CINTILLO","link":"https:\/\/www.grieta.org.mx\/index.php\/category\/cintillo\/"},"img":{"alt_text":"","src":"https:\/\/i0.wp.com\/www.grieta.org.mx\/wp-content\/uploads\/2022\/07\/GananaSlim-e1657565791781.png?resize=350%2C200&ssl=1","width":350,"height":200,"srcset":"https:\/\/i0.wp.com\/www.grieta.org.mx\/wp-content\/uploads\/2022\/07\/GananaSlim-e1657565791781.png?resize=350%2C200&ssl=1 1x, https:\/\/i0.wp.com\/www.grieta.org.mx\/wp-content\/uploads\/2022\/07\/GananaSlim-e1657565791781.png?resize=525%2C300&ssl=1 1.5x, https:\/\/i0.wp.com\/www.grieta.org.mx\/wp-content\/uploads\/2022\/07\/GananaSlim-e1657565791781.png?resize=700%2C400&ssl=1 2x"},"classes":[]},{"id":60903,"url":"https:\/\/www.grieta.org.mx\/index.php\/2021\/07\/21\/denuncian-tala-inmoderada-de-bosque-en-valle-de-bravo-edomex\/","url_meta":{"origin":36664,"position":1},"title":"Denuncian tala inmoderada de bosque en Valle de Bravo (EdoMex)","author":"grieta","date":"21 julio, 2021","format":false,"excerpt":"Foto: Cortes\u00eda Comuneros de Acatl\u00e1n Rodrigo Miranda \/ El Sol de Toluca Comuneros de Acatitl\u00e1n denuncian que varios \u00e1rboles ubicados en una zona protegida, han sido derribados debido a varias obras que se realizan en la zona Comuneros de Acatitl\u00e1n, en Valle de Bravo, denunciaron una incontrolable tala de \u00e1rboles\u2026","rel":"","context":"En &quot;CINTILLO&quot;","block_context":{"text":"CINTILLO","link":"https:\/\/www.grieta.org.mx\/index.php\/category\/cintillo\/"},"img":{"alt_text":"","src":"https:\/\/i0.wp.com\/www.grieta.org.mx\/wp-content\/uploads\/2021\/08\/Denuncian-tala-inmoderada-de-bosque-en-Valle-de-Bravo-edomex-ago.jpg?resize=350%2C200&ssl=1","width":350,"height":200,"srcset":"https:\/\/i0.wp.com\/www.grieta.org.mx\/wp-content\/uploads\/2021\/08\/Denuncian-tala-inmoderada-de-bosque-en-Valle-de-Bravo-edomex-ago.jpg?resize=350%2C200&ssl=1 1x, https:\/\/i0.wp.com\/www.grieta.org.mx\/wp-content\/uploads\/2021\/08\/Denuncian-tala-inmoderada-de-bosque-en-Valle-de-Bravo-edomex-ago.jpg?resize=525%2C300&ssl=1 1.5x, https:\/\/i0.wp.com\/www.grieta.org.mx\/wp-content\/uploads\/2021\/08\/Denuncian-tala-inmoderada-de-bosque-en-Valle-de-Bravo-edomex-ago.jpg?resize=700%2C400&ssl=1 2x"},"classes":[]},{"id":68281,"url":"https:\/\/www.grieta.org.mx\/index.php\/2023\/11\/06\/nueva-denuncia-penal-contra-indigena-que-lucha-contra-parque-industrial-del-corredor-interoceanico-oaxaca\/","url_meta":{"origin":36664,"position":2},"title":"Nueva denuncia penal contra ind\u00edgena que lucha contra parque industrial del Corredor Interoce\u00e1nico (Oaxaca)","author":"grieta","date":"6 noviembre, 2023","format":false,"excerpt":"Foto: Aldo Santiago La Secretar\u00eda de Comunicaciones y Transporte inici\u00f3 una denuncia penal por el delito de ataque a las v\u00edas de comunicaci\u00f3n contra el ind\u00edgena binniz\u00e1, David Hern\u00e1ndez Salazar, quien lucha contra la construcci\u00f3n de un parque industrial del Corredor Interoce\u00e1nico en su comunidad Puente Madera, municipio de San\u2026","rel":"","context":"En &quot;5. Istmo&quot;","block_context":{"text":"5. Istmo","link":"https:\/\/www.grieta.org.mx\/index.php\/category\/espejos-de-la-resistencia\/5-istmo\/"},"img":{"alt_text":"","src":"https:\/\/i0.wp.com\/www.grieta.org.mx\/wp-content\/uploads\/2023\/12\/1080-721-max.jpg?resize=350%2C200&ssl=1","width":350,"height":200,"srcset":"https:\/\/i0.wp.com\/www.grieta.org.mx\/wp-content\/uploads\/2023\/12\/1080-721-max.jpg?resize=350%2C200&ssl=1 1x, https:\/\/i0.wp.com\/www.grieta.org.mx\/wp-content\/uploads\/2023\/12\/1080-721-max.jpg?resize=525%2C300&ssl=1 1.5x, https:\/\/i0.wp.com\/www.grieta.org.mx\/wp-content\/uploads\/2023\/12\/1080-721-max.jpg?resize=700%2C400&ssl=1 2x, https:\/\/i0.wp.com\/www.grieta.org.mx\/wp-content\/uploads\/2023\/12\/1080-721-max.jpg?resize=1050%2C600&ssl=1 3x"},"classes":[]},{"id":27235,"url":"https:\/\/www.grieta.org.mx\/index.php\/2018\/10\/15\/el-fpdt-denuncia-agresiones-en-asamblea-sobre-despojo-de-tierras-para-el-naim-estado-de-mexico\/","url_meta":{"origin":36664,"position":3},"title":"El FPDT denuncia agresiones en asamblea sobre despojo de tierras para el NAIM (Estado de M\u00e9xico)","author":"grieta","date":"15 octubre, 2018","format":false,"excerpt":"Veneranda Mendoza\/Proceso TOLUCA, Edomex. (apro).- Integrantes del Frente de Pueblos en Defensa de la Tierra (FPDT) fueron golpeados durante una asamblea ejidal celebrada la tarde del pasado domingo, por demandar la destituci\u00f3n del presidente del comisariado, Alejandro Santiago L\u00f3pez, a quien acusan de facilitar el despojo de tierras para la\u2026","rel":"","context":"En &quot;CINTILLO&quot;","block_context":{"text":"CINTILLO","link":"https:\/\/www.grieta.org.mx\/index.php\/category\/cintillo\/"},"img":{"alt_text":"","src":"https:\/\/i0.wp.com\/www.grieta.org.mx\/wp-content\/uploads\/2018\/10\/b9d492627ee30cef51-_dsc7232_1_-c-1078x801.jpg?resize=350%2C200&ssl=1","width":350,"height":200,"srcset":"https:\/\/i0.wp.com\/www.grieta.org.mx\/wp-content\/uploads\/2018\/10\/b9d492627ee30cef51-_dsc7232_1_-c-1078x801.jpg?resize=350%2C200&ssl=1 1x, https:\/\/i0.wp.com\/www.grieta.org.mx\/wp-content\/uploads\/2018\/10\/b9d492627ee30cef51-_dsc7232_1_-c-1078x801.jpg?resize=525%2C300&ssl=1 1.5x, https:\/\/i0.wp.com\/www.grieta.org.mx\/wp-content\/uploads\/2018\/10\/b9d492627ee30cef51-_dsc7232_1_-c-1078x801.jpg?resize=700%2C400&ssl=1 2x, https:\/\/i0.wp.com\/www.grieta.org.mx\/wp-content\/uploads\/2018\/10\/b9d492627ee30cef51-_dsc7232_1_-c-1078x801.jpg?resize=1050%2C600&ssl=1 3x"},"classes":[]},{"id":4152,"url":"https:\/\/www.grieta.org.mx\/index.php\/2016\/03\/21\/denuncias-de-despojo-y-proteccion-de-tierras-por-comuneros-de-milpa-alta\/","url_meta":{"origin":36664,"position":4},"title":"Denuncias de despojo y protecci\u00f3n de tierras por comuneros de Milpa Alta","author":"grieta","date":"21 marzo, 2016","format":false,"excerpt":"10\/03\/16. Guardia Forestal, defensa del pulm\u00f3n de la Ciudad de M\u00e9xicoDesinform\u00e9monos 25\/01\/16. La Marina insiste en levantar un cuartel sobre las tierras que quitan la sed a la Ciudad de M\u00e9xicoDesinform\u00e9monos 17\/01\/16. Crean en Xicomulco movimiento de resistencia contra la urbanizaci\u00f3nLa Jornada 21\/12\/15. Rechazan en Ciudad de M\u00e9xico la construcci\u00f3n\u2026","rel":"","context":"En &quot;Ciudad de M\u00e9xico&quot;","block_context":{"text":"Ciudad de M\u00e9xico","link":"https:\/\/www.grieta.org.mx\/index.php\/category\/noticias-nacionales\/ciudad-de-mexico\/"},"img":{"alt_text":"","src":"https:\/\/i0.wp.com\/www.grieta.org.mx\/wp-content\/uploads\/2018\/03\/14524434_1106112876131411_958039263622046936_o.jpg?resize=350%2C200&ssl=1","width":350,"height":200,"srcset":"https:\/\/i0.wp.com\/www.grieta.org.mx\/wp-content\/uploads\/2018\/03\/14524434_1106112876131411_958039263622046936_o.jpg?resize=350%2C200&ssl=1 1x, https:\/\/i0.wp.com\/www.grieta.org.mx\/wp-content\/uploads\/2018\/03\/14524434_1106112876131411_958039263622046936_o.jpg?resize=525%2C300&ssl=1 1.5x, https:\/\/i0.wp.com\/www.grieta.org.mx\/wp-content\/uploads\/2018\/03\/14524434_1106112876131411_958039263622046936_o.jpg?resize=700%2C400&ssl=1 2x"},"classes":[]},{"id":38818,"url":"https:\/\/www.grieta.org.mx\/index.php\/2019\/09\/01\/denuncian-despojo-de-tierras-en-el-ejido-mexico-sinaloa\/","url_meta":{"origin":36664,"position":5},"title":"Denuncian despojo de tierras en el ejido M\u00e9xico (Sinaloa)","author":"grieta","date":"1 septiembre, 2019","format":false,"excerpt":"Foto: Javier Padilla - EL Debate Hugo Mora \/ El Debate Los Mochis, Sinaloa.- Con una total indignaci\u00f3n y repudio, ejidatarios del M\u00e9xico denunciaron el despojo de una parte de sus tierras por parte de las autoridades ejidatarias desde hace dos semanas. El representante de los ejidatarios, Jes\u00fas Alberto Romero\u2026","rel":"","context":"En &quot;CINTILLO&quot;","block_context":{"text":"CINTILLO","link":"https:\/\/www.grieta.org.mx\/index.php\/category\/cintillo\/"},"img":{"alt_text":"","src":"https:\/\/i0.wp.com\/www.grieta.org.mx\/wp-content\/uploads\/2019\/09\/denuncian_despojo_de_tierras_en_ejido_mochis.jpg_219914347.jpg?resize=350%2C200&ssl=1","width":350,"height":200,"srcset":"https:\/\/i0.wp.com\/www.grieta.org.mx\/wp-content\/uploads\/2019\/09\/denuncian_despojo_de_tierras_en_ejido_mochis.jpg_219914347.jpg?resize=350%2C200&ssl=1 1x, https:\/\/i0.wp.com\/www.grieta.org.mx\/wp-content\/uploads\/2019\/09\/denuncian_despojo_de_tierras_en_ejido_mochis.jpg_219914347.jpg?resize=525%2C300&ssl=1 1.5x, https:\/\/i0.wp.com\/www.grieta.org.mx\/wp-content\/uploads\/2019\/09\/denuncian_despojo_de_tierras_en_ejido_mochis.jpg_219914347.jpg?resize=700%2C400&ssl=1 2x"},"classes":[]}],"_links":{"self":[{"href":"https:\/\/www.grieta.org.mx\/index.php\/wp-json\/wp\/v2\/posts\/36664","targetHints":{"allow":["GET"]}}],"collection":[{"href":"https:\/\/www.grieta.org.mx\/index.php\/wp-json\/wp\/v2\/posts"}],"about":[{"href":"https:\/\/www.grieta.org.mx\/index.php\/wp-json\/wp\/v2\/types\/post"}],"author":[{"embeddable":true,"href":"https:\/\/www.grieta.org.mx\/index.php\/wp-json\/wp\/v2\/users\/2"}],"replies":[{"embeddable":true,"href":"https:\/\/www.grieta.org.mx\/index.php\/wp-json\/wp\/v2\/comments?post=36664"}],"version-history":[{"count":1,"href":"https:\/\/www.grieta.org.mx\/index.php\/wp-json\/wp\/v2\/posts\/36664\/revisions"}],"predecessor-version":[{"id":36665,"href":"https:\/\/www.grieta.org.mx\/index.php\/wp-json\/wp\/v2\/posts\/36664\/revisions\/36665"}],"wp:featuredmedia":[{"embeddable":true,"href":"https:\/\/www.grieta.org.mx\/index.php\/wp-json\/wp\/v2\/media\/36439"}],"wp:attachment":[{"href":"https:\/\/www.grieta.org.mx\/index.php\/wp-json\/wp\/v2\/media?parent=36664"}],"wp:term":[{"taxonomy":"category","embeddable":true,"href":"https:\/\/www.grieta.org.mx\/index.php\/wp-json\/wp\/v2\/categories?post=36664"},{"taxonomy":"post_tag","embeddable":true,"href":"https:\/\/www.grieta.org.mx\/index.php\/wp-json\/wp\/v2\/tags?post=36664"}],"curies":[{"name":"wp","href":"https:\/\/api.w.org\/{rel}","templated":true}]}}