{"id":36647,"date":"2019-07-16T00:35:28","date_gmt":"2019-07-16T05:35:28","guid":{"rendered":"http:\/\/www.grieta.org.mx\/?p=36647"},"modified":"2019-07-20T00:46:56","modified_gmt":"2019-07-20T05:46:56","slug":"enfrentan-sindicalizados-a-delegado-del-issste-en-nayarit","status":"publish","type":"post","link":"https:\/\/www.grieta.org.mx\/index.php\/2019\/07\/16\/enfrentan-sindicalizados-a-delegado-del-issste-en-nayarit\/","title":{"rendered":"Enfrentan sindicalizados a delegado del ISSSTE en Nayarit"},"content":{"rendered":"<p><img loading=\"lazy\" decoding=\"async\" data-attachment-id=\"36648\" data-permalink=\"https:\/\/www.grieta.org.mx\/index.php\/2019\/07\/16\/enfrentan-sindicalizados-a-delegado-del-issste-en-nayarit\/attachment\/1563329747\/\" data-orig-file=\"https:\/\/www.grieta.org.mx\/wp-content\/uploads\/2019\/07\/1563329747.png\" data-orig-size=\"1055,552\" data-comments-opened=\"0\" data-image-meta=\"{&quot;aperture&quot;:&quot;0&quot;,&quot;credit&quot;:&quot;&quot;,&quot;camera&quot;:&quot;&quot;,&quot;caption&quot;:&quot;&quot;,&quot;created_timestamp&quot;:&quot;0&quot;,&quot;copyright&quot;:&quot;&quot;,&quot;focal_length&quot;:&quot;0&quot;,&quot;iso&quot;:&quot;0&quot;,&quot;shutter_speed&quot;:&quot;0&quot;,&quot;title&quot;:&quot;&quot;,&quot;orientation&quot;:&quot;0&quot;}\" data-image-title=\"1563329747\" data-image-description=\"\" data-image-caption=\"\" data-medium-file=\"https:\/\/www.grieta.org.mx\/wp-content\/uploads\/2019\/07\/1563329747-300x157.png\" data-large-file=\"https:\/\/www.grieta.org.mx\/wp-content\/uploads\/2019\/07\/1563329747-1024x536.png\" class=\" wp-image-36648 aligncenter\" src=\"http:\/\/www.grieta.org.mx\/wp-content\/uploads\/2019\/07\/1563329747.png\" alt=\"\" width=\"800\" height=\"418\" srcset=\"https:\/\/www.grieta.org.mx\/wp-content\/uploads\/2019\/07\/1563329747.png 1055w, https:\/\/www.grieta.org.mx\/wp-content\/uploads\/2019\/07\/1563329747-300x157.png 300w, https:\/\/www.grieta.org.mx\/wp-content\/uploads\/2019\/07\/1563329747-768x402.png 768w, https:\/\/www.grieta.org.mx\/wp-content\/uploads\/2019\/07\/1563329747-1024x536.png 1024w, https:\/\/www.grieta.org.mx\/wp-content\/uploads\/2019\/07\/1563329747-956x500.png 956w\" sizes=\"auto, (max-width: 800px) 100vw, 800px\" \/><\/p>\n<p><em>Ante la negativa del Delegado del ISSSTE en Nayarit, Guillermo Rubio de recibir al l\u00edder nacional del SNADTISSSTE, Rub\u00e9n Alvarado, sindicalizados y autoridades se enfrentaron.\u00a0<\/em><\/p>\n<p>Oscar Gil \/ NCC.MX<\/p>\n<p>Tepic, Nayarit, noticias.-Este martes 16 de julio, Rub\u00e9n Alvarado, Secretario General del Sindicato Nacional Aut\u00e9ntico y Democr\u00e1tico de los Trabajadores del ISSSTE, luego de su llegada a Nayarit y su encuentro con sus representados en su centro de trabajo, fue enfrentado por el Encargado de la Delegaci\u00f3n del ISSSTE, Guillermo Alberto Rubio, argumentando que no cuentan con la validez legal para ingresar -y que- \u00e9ste derecho, s\u00f3lo se le conceder\u00e1 al sindicato reconocido, argumentando, instrucciones superiores.<\/p>\n<p>\u201cAnte la negativa de recibirnos las autoridades encargadas de dirigir la instituci\u00f3n, donde pretend\u00edamos saludar y presentar copia del documento conocido como la toma de nota nacional que le fue otorgada a nuestro sindicato, decidimos conforme a nuestros derechos y sin interrumpir sus actividades, saludar a la base trabajadora en general y particularmente a nuestros afiliados que en apenas cuatro meses, ya suman alrededor de doscientos integrantes, cifra representa el 17 por ciento del padr\u00f3n estatal y n\u00famero que va en crecimiento, ante el hartazgo del atropello de los derechos laborales que han sufrido en Nayarit por casi cuarenta a\u00f1os\u201d, inform\u00f3.<\/p>\n<p>Por su parte, Sa\u00fal Robles Jaime, l\u00edder sindical del SNADTISSSTE en Nayarit, habl\u00f3 que este atropello a su dirigente nacional es una muestra del hostigamiento que se ha venido dando en Nayarit contra de aquellas trabajadoras y trabajadores que est\u00e1n en la b\u00fasqueda de un sindicato con claridad en sus objetivos, en su escalaf\u00f3n, en el respeto a los derechos de antig\u00fcedad y en el manejo de sus cuotas sindicales, pero afirm\u00f3 que esto les alienta a continuar con m\u00e1s ganas y anunci\u00f3 que durante esta semana, se estar\u00e1n visitando las instalaciones y unidades del ISSSTE en la capital nayarita y en los diferentes municipios, donde estar\u00e1n convocando a sumarse a este sindicato con representaci\u00f3n en trece entidades: \u201cA este sindicato ya no lo para nada ni nadie\u201d,apunt\u00f3.<\/p>\n<p><a href=\"https:\/\/nnc.mx\/articulo\/portada\/enfrentan-sindicalizados-a-delegado-del-issste-en-nayarit\/1563326443\">https:\/\/nnc.mx\/articulo\/portada\/enfrentan-sindicalizados-a-delegado-del-issste-en-nayarit\/1563326443<\/a><\/p>\n","protected":false},"excerpt":{"rendered":"<p>Ante la negativa del Delegado del ISSSTE en Nayarit, Guillermo Rubio de recibir al l\u00edder nacional del SNADTISSSTE, Rub\u00e9n Alvarado, sindicalizados y autoridades se enfrentaron.\u00a0 Oscar Gil \/ NCC.MX Tepic, &hellip; <a href=\"https:\/\/www.grieta.org.mx\/index.php\/2019\/07\/16\/enfrentan-sindicalizados-a-delegado-del-issste-en-nayarit\/\" class=\"more-link\">Leer m\u00e1s<\/a><\/p>\n","protected":false},"author":2,"featured_media":36648,"comment_status":"closed","ping_status":"closed","sticky":false,"template":"","format":"standard","meta":{"ngg_post_thumbnail":0,"_jetpack_newsletter_access":"","_jetpack_dont_email_post_to_subs":false,"_jetpack_newsletter_tier_id":0,"_jetpack_memberships_contains_paywalled_content":false,"_jetpack_memberships_contains_paid_content":false,"footnotes":""},"categories":[80,918,2573,23,2,83],"tags":[2367,1459,492],"class_list":["post-36647","post","type-post","status-publish","format-standard","has-post-thumbnail","hentry","category-cintillo","category-privatizacion-del-sector-salud","category-crisis-del-sector-salud-en-nayarit","category-nayarit","category-noticias-nacionales","category-temas-nacionales","tag-crisis-en-el-sector-salud","tag-crisis-sector-salud","tag-issste","entry"],"jetpack_featured_media_url":"https:\/\/www.grieta.org.mx\/wp-content\/uploads\/2019\/07\/1563329747.png","jetpack_sharing_enabled":true,"jetpack_shortlink":"https:\/\/wp.me\/p7ZJR4-9x5","jetpack_likes_enabled":false,"jetpack-related-posts":[{"id":37343,"url":"https:\/\/www.grieta.org.mx\/index.php\/2019\/07\/21\/el-issste-abandonado-nayarit\/","url_meta":{"origin":36647,"position":0},"title":"El ISSSTE abandonado (Nayarit)","author":"grieta","date":"21 julio, 2019","format":false,"excerpt":"Javier Rojo Fregoso \/ Realidades de Nayarit Tepic, Nayarit.- Domingo 21 de julio del 2019.- El ISSSTE en Nayarit cada d\u00eda est\u00e1 peor, lo han venido se\u00f1alando algunos profesionales de la medicina, doctores, enfermeras y hasta empresarios prestadores de diversos servicios a dicha instituci\u00f3n como las empresas que otorgan servicios\u2026","rel":"","context":"En &quot;CINTILLO&quot;","block_context":{"text":"CINTILLO","link":"https:\/\/www.grieta.org.mx\/index.php\/category\/cintillo\/"},"img":{"alt_text":"","src":"https:\/\/i0.wp.com\/www.grieta.org.mx\/wp-content\/uploads\/2019\/08\/gente.jpg?resize=350%2C200&ssl=1","width":350,"height":200,"srcset":"https:\/\/i0.wp.com\/www.grieta.org.mx\/wp-content\/uploads\/2019\/08\/gente.jpg?resize=350%2C200&ssl=1 1x, https:\/\/i0.wp.com\/www.grieta.org.mx\/wp-content\/uploads\/2019\/08\/gente.jpg?resize=525%2C300&ssl=1 1.5x, https:\/\/i0.wp.com\/www.grieta.org.mx\/wp-content\/uploads\/2019\/08\/gente.jpg?resize=700%2C400&ssl=1 2x"},"classes":[]},{"id":49322,"url":"https:\/\/www.grieta.org.mx\/index.php\/2020\/05\/10\/en-riesgo-trabajadores-suplentes-del-issste-nayarit\/","url_meta":{"origin":36647,"position":1},"title":"En riesgo trabajadores suplentes del ISSSTE (Nayarit)","author":"grieta","date":"10 mayo, 2020","format":false,"excerpt":"Foto: Realidades de Nayarit Denuncian que los mandan a trabajar sin ninguna protecci\u00f3n a lugares donde hay m\u00e1s riesgo de contraer el COVID-19 y adem\u00e1s, no cuentan con ninguna prestaci\u00f3n de Ley, vaya, ni siquiera tienen ISSSTE y les fallan con el pago de sus quincenas Arcelia Garc\u00eda Ortega \/\u2026","rel":"","context":"En &quot;CINTILLO&quot;","block_context":{"text":"CINTILLO","link":"https:\/\/www.grieta.org.mx\/index.php\/category\/cintillo\/"},"img":{"alt_text":"","src":"https:\/\/i0.wp.com\/www.grieta.org.mx\/wp-content\/uploads\/2020\/05\/ISSSTE-Tepic-768x576.jpg?resize=350%2C200&ssl=1","width":350,"height":200,"srcset":"https:\/\/i0.wp.com\/www.grieta.org.mx\/wp-content\/uploads\/2020\/05\/ISSSTE-Tepic-768x576.jpg?resize=350%2C200&ssl=1 1x, https:\/\/i0.wp.com\/www.grieta.org.mx\/wp-content\/uploads\/2020\/05\/ISSSTE-Tepic-768x576.jpg?resize=525%2C300&ssl=1 1.5x, https:\/\/i0.wp.com\/www.grieta.org.mx\/wp-content\/uploads\/2020\/05\/ISSSTE-Tepic-768x576.jpg?resize=700%2C400&ssl=1 2x"},"classes":[]},{"id":53003,"url":"https:\/\/www.grieta.org.mx\/index.php\/2020\/09\/04\/cierran-el-nuevo-hospital-del-issste-nayarit\/","url_meta":{"origin":36647,"position":2},"title":"Cierran el nuevo hospital del ISSSTE (Nayarit)","author":"grieta","date":"4 septiembre, 2020","format":false,"excerpt":"Foto: Realidades de Nayarit Durante 5 d\u00edas no funcionar\u00e1 porque culminaron los contratos del personal m\u00e9dico que laboran all\u00ed Mildra Ben\u00edtez Robledo \/ Realidades de Nayarit Tepic, Nayarit.- Viernes 04 de septiembre del 2020.- El hospital del ISSSTE ubicado en la zona de La Cantera, Tepic, mismo que atiende a\u2026","rel":"","context":"En &quot;CINTILLO&quot;","block_context":{"text":"CINTILLO","link":"https:\/\/www.grieta.org.mx\/index.php\/category\/cintillo\/"},"img":{"alt_text":"","src":"https:\/\/i0.wp.com\/www.grieta.org.mx\/wp-content\/uploads\/2020\/09\/hospital.jpg?resize=350%2C200&ssl=1","width":350,"height":200,"srcset":"https:\/\/i0.wp.com\/www.grieta.org.mx\/wp-content\/uploads\/2020\/09\/hospital.jpg?resize=350%2C200&ssl=1 1x, https:\/\/i0.wp.com\/www.grieta.org.mx\/wp-content\/uploads\/2020\/09\/hospital.jpg?resize=525%2C300&ssl=1 1.5x, https:\/\/i0.wp.com\/www.grieta.org.mx\/wp-content\/uploads\/2020\/09\/hospital.jpg?resize=700%2C400&ssl=1 2x"},"classes":[]},{"id":46525,"url":"https:\/\/www.grieta.org.mx\/index.php\/2020\/03\/13\/derechohabientes-del-issste-ven-en-riesgo-su-vida-por-la-falta-de-medicos-e-insumos-nayarit\/","url_meta":{"origin":36647,"position":3},"title":"Derechohabientes del ISSSTE ven en riesgo su vida por la falta de m\u00e9dicos e insumos (Nayarit)","author":"grieta","date":"13 marzo, 2020","format":false,"excerpt":"Foto: Ilustrativa Misael Santana Huerta \/ Realidades de Nayarit Tepic. Nayarit. A 13 de Marzo de 2020. Los pacientes que llegan al ISSSTE, al pisar el interior para ser valorado, ante la falta de medicamentos y atenci\u00f3n m\u00e9dica, no asegura salir con vida. Esta situaci\u00f3n se da m\u00e1s los s\u00e1bados\u2026","rel":"","context":"En &quot;CINTILLO&quot;","block_context":{"text":"CINTILLO","link":"https:\/\/www.grieta.org.mx\/index.php\/category\/cintillo\/"},"img":{"alt_text":"","src":"https:\/\/i0.wp.com\/www.grieta.org.mx\/wp-content\/uploads\/2020\/03\/ISSSTE-Tepic.jpg?resize=350%2C200&ssl=1","width":350,"height":200,"srcset":"https:\/\/i0.wp.com\/www.grieta.org.mx\/wp-content\/uploads\/2020\/03\/ISSSTE-Tepic.jpg?resize=350%2C200&ssl=1 1x, https:\/\/i0.wp.com\/www.grieta.org.mx\/wp-content\/uploads\/2020\/03\/ISSSTE-Tepic.jpg?resize=525%2C300&ssl=1 1.5x, https:\/\/i0.wp.com\/www.grieta.org.mx\/wp-content\/uploads\/2020\/03\/ISSSTE-Tepic.jpg?resize=700%2C400&ssl=1 2x"},"classes":[]},{"id":56632,"url":"https:\/\/www.grieta.org.mx\/index.php\/2021\/01\/29\/denuncia-trabajadores-issste-adscritos-a-la-clinica-catra-que-no-son-tomados-en-cuenta-para-vacuna-contra-el-covid-19-nayarit\/","url_meta":{"origin":36647,"position":4},"title":"Denuncia trabajadores ISSSTE adscritos a la Cl\u00ednica Catra que no son tomados en cuenta para vacuna contra el Covid-19 (Nayarit)","author":"grieta","date":"29 enero, 2021","format":false,"excerpt":"Foto: Realidades de Nayarit Al llegar la vacuna, fueron relegados\u2026\u2026. Y privilegiaron gente del Hospital, pero muchos de ellos confinados, sin tener contacto con pacientes del Instituto, otros con trabajo eventual, otros comisionados al sindicato sin tener el contacto a diario con pacientes que han sido infectados por la enfermedad\u2026","rel":"","context":"En &quot;CINTILLO&quot;","block_context":{"text":"CINTILLO","link":"https:\/\/www.grieta.org.mx\/index.php\/category\/cintillo\/"},"img":{"alt_text":"","src":"https:\/\/i0.wp.com\/www.grieta.org.mx\/wp-content\/uploads\/2021\/02\/CATRA-2.jpg?resize=350%2C200&ssl=1","width":350,"height":200,"srcset":"https:\/\/i0.wp.com\/www.grieta.org.mx\/wp-content\/uploads\/2021\/02\/CATRA-2.jpg?resize=350%2C200&ssl=1 1x, https:\/\/i0.wp.com\/www.grieta.org.mx\/wp-content\/uploads\/2021\/02\/CATRA-2.jpg?resize=525%2C300&ssl=1 1.5x, https:\/\/i0.wp.com\/www.grieta.org.mx\/wp-content\/uploads\/2021\/02\/CATRA-2.jpg?resize=700%2C400&ssl=1 2x"},"classes":[]},{"id":60258,"url":"https:\/\/www.grieta.org.mx\/index.php\/2021\/06\/27\/con-marcha-exigen-a-issste-en-nayarit-medicamentos-para-enfermos-de-cancer\/","url_meta":{"origin":36647,"position":5},"title":"Con marcha exigen a ISSSTE en Nayarit medicamentos para enfermos de c\u00e1ncer","author":"grieta","date":"27 junio, 2021","format":false,"excerpt":"Foto: Cris Ben\u00edtez Crys Ben\u00edtez \/ El Occidental TEPIC, Nayarit (OEM-Informex).- Este domingo por la ma\u00f1ana pese a la lluvia, decenas de familiares de enfermos de c\u00e1ncer y trasplantados, realizaron una marcha desde las instalaciones de Cancerolog\u00eda hasta el Catedral, deteni\u00e9ndose en Palacio de Gobierno, para exigir al Instituto de\u2026","rel":"","context":"En &quot;CINTILLO&quot;","block_context":{"text":"CINTILLO","link":"https:\/\/www.grieta.org.mx\/index.php\/category\/cintillo\/"},"img":{"alt_text":"","src":"https:\/\/i0.wp.com\/www.grieta.org.mx\/wp-content\/uploads\/2021\/07\/Marcha-para-exigir-medicamentos-para-enfermos-de-cancer-en-Nayarit.jpg?resize=350%2C200&ssl=1","width":350,"height":200,"srcset":"https:\/\/i0.wp.com\/www.grieta.org.mx\/wp-content\/uploads\/2021\/07\/Marcha-para-exigir-medicamentos-para-enfermos-de-cancer-en-Nayarit.jpg?resize=350%2C200&ssl=1 1x, https:\/\/i0.wp.com\/www.grieta.org.mx\/wp-content\/uploads\/2021\/07\/Marcha-para-exigir-medicamentos-para-enfermos-de-cancer-en-Nayarit.jpg?resize=525%2C300&ssl=1 1.5x, https:\/\/i0.wp.com\/www.grieta.org.mx\/wp-content\/uploads\/2021\/07\/Marcha-para-exigir-medicamentos-para-enfermos-de-cancer-en-Nayarit.jpg?resize=700%2C400&ssl=1 2x"},"classes":[]}],"_links":{"self":[{"href":"https:\/\/www.grieta.org.mx\/index.php\/wp-json\/wp\/v2\/posts\/36647","targetHints":{"allow":["GET"]}}],"collection":[{"href":"https:\/\/www.grieta.org.mx\/index.php\/wp-json\/wp\/v2\/posts"}],"about":[{"href":"https:\/\/www.grieta.org.mx\/index.php\/wp-json\/wp\/v2\/types\/post"}],"author":[{"embeddable":true,"href":"https:\/\/www.grieta.org.mx\/index.php\/wp-json\/wp\/v2\/users\/2"}],"replies":[{"embeddable":true,"href":"https:\/\/www.grieta.org.mx\/index.php\/wp-json\/wp\/v2\/comments?post=36647"}],"version-history":[{"count":1,"href":"https:\/\/www.grieta.org.mx\/index.php\/wp-json\/wp\/v2\/posts\/36647\/revisions"}],"predecessor-version":[{"id":36649,"href":"https:\/\/www.grieta.org.mx\/index.php\/wp-json\/wp\/v2\/posts\/36647\/revisions\/36649"}],"wp:featuredmedia":[{"embeddable":true,"href":"https:\/\/www.grieta.org.mx\/index.php\/wp-json\/wp\/v2\/media\/36648"}],"wp:attachment":[{"href":"https:\/\/www.grieta.org.mx\/index.php\/wp-json\/wp\/v2\/media?parent=36647"}],"wp:term":[{"taxonomy":"category","embeddable":true,"href":"https:\/\/www.grieta.org.mx\/index.php\/wp-json\/wp\/v2\/categories?post=36647"},{"taxonomy":"post_tag","embeddable":true,"href":"https:\/\/www.grieta.org.mx\/index.php\/wp-json\/wp\/v2\/tags?post=36647"}],"curies":[{"name":"wp","href":"https:\/\/api.w.org\/{rel}","templated":true}]}}