{"id":36610,"date":"2019-06-20T20:08:20","date_gmt":"2019-06-21T01:08:20","guid":{"rendered":"http:\/\/www.grieta.org.mx\/?p=36610"},"modified":"2019-07-19T20:20:25","modified_gmt":"2019-07-20T01:20:25","slug":"saquean-mineros-la-reserva-de-la-biosfera-guanajuato","status":"publish","type":"post","link":"https:\/\/www.grieta.org.mx\/index.php\/2019\/06\/20\/saquean-mineros-la-reserva-de-la-biosfera-guanajuato\/","title":{"rendered":"Saquean mineros la Reserva de la Bi\u00f3sfera (Guanajuato)"},"content":{"rendered":"<figure id=\"attachment_36611\" aria-describedby=\"caption-attachment-36611\" style=\"width: 800px\" class=\"wp-caption aligncenter\"><img loading=\"lazy\" decoding=\"async\" data-attachment-id=\"36611\" data-permalink=\"https:\/\/www.grieta.org.mx\/index.php\/2019\/06\/20\/saquean-mineros-la-reserva-de-la-biosfera-guanajuato\/portada-8\/\" data-orig-file=\"https:\/\/www.grieta.org.mx\/wp-content\/uploads\/2019\/07\/PORTADA-8.jpg\" data-orig-size=\"1200,620\" data-comments-opened=\"0\" data-image-meta=\"{&quot;aperture&quot;:&quot;0&quot;,&quot;credit&quot;:&quot;&quot;,&quot;camera&quot;:&quot;&quot;,&quot;caption&quot;:&quot;&quot;,&quot;created_timestamp&quot;:&quot;0&quot;,&quot;copyright&quot;:&quot;&quot;,&quot;focal_length&quot;:&quot;0&quot;,&quot;iso&quot;:&quot;0&quot;,&quot;shutter_speed&quot;:&quot;0&quot;,&quot;title&quot;:&quot;&quot;,&quot;orientation&quot;:&quot;0&quot;}\" data-image-title=\"PORTADA-8\" data-image-description=\"\" data-image-caption=\"&lt;p&gt;Operan en la clandestinidad y sin medidas de seguridad; extraen material p\u00e9treo de la regi\u00f3n con mayor grado de conservaci\u00f3n y diversidad en el estado. Imagen: Peri\u00f3dico Correo. &lt;\/p&gt;\n\" data-medium-file=\"https:\/\/www.grieta.org.mx\/wp-content\/uploads\/2019\/07\/PORTADA-8-300x155.jpg\" data-large-file=\"https:\/\/www.grieta.org.mx\/wp-content\/uploads\/2019\/07\/PORTADA-8-1024x529.jpg\" class=\"wp-image-36611\" src=\"http:\/\/www.grieta.org.mx\/wp-content\/uploads\/2019\/07\/PORTADA-8-300x155.jpg\" alt=\"\" width=\"800\" height=\"413\" srcset=\"https:\/\/www.grieta.org.mx\/wp-content\/uploads\/2019\/07\/PORTADA-8-300x155.jpg 300w, https:\/\/www.grieta.org.mx\/wp-content\/uploads\/2019\/07\/PORTADA-8-768x397.jpg 768w, https:\/\/www.grieta.org.mx\/wp-content\/uploads\/2019\/07\/PORTADA-8-1024x529.jpg 1024w, https:\/\/www.grieta.org.mx\/wp-content\/uploads\/2019\/07\/PORTADA-8-968x500.jpg 968w, https:\/\/www.grieta.org.mx\/wp-content\/uploads\/2019\/07\/PORTADA-8.jpg 1200w\" sizes=\"auto, (max-width: 800px) 100vw, 800px\" \/><figcaption id=\"caption-attachment-36611\" class=\"wp-caption-text\">Operan en la clandestinidad y sin medidas de seguridad; extraen material p\u00e9treo de la regi\u00f3n con mayor grado de conservaci\u00f3n y diversidad en el estado. Imagen: Peri\u00f3dico Correo.<\/figcaption><\/figure>\n<p>Staff Correo, 20 de junio de 2019<\/p>\n<p>Xich\u00fa.- Un grupo de trabajadores desde hace dos meses comenz\u00f3 a explotar la bocamina El Cristo, en la comunidad conocida como La Aurora, a cinco kil\u00f3metros de la cabecera de Xich\u00fa, dentro de la Reserva de la Bi\u00f3sfera Sierra Gorda de Guanajuato, la regi\u00f3n con mayor grado de conservaci\u00f3n de la diversidad en el estado.<\/p>\n<p>Correo corrobor\u00f3 que en relaci\u00f3n a esa mina existe el T\u00edtulo de Concesi\u00f3n n\u00famero 233899, correspondiente a una superficie de 298 hect\u00e1reas del lote \u201cLa Bonita\u201d, a nombre Ma. Luc\u00eda Rivera, Miguel Antonio Delgadillo Acu\u00f1a y J. Bel\u00e9n Orozco Vel\u00e1zquez, que tienen su domicilio en el estado vecino de San Lu\u00eds Potos\u00ed.<\/p>\n<figure id=\"attachment_36612\" aria-describedby=\"caption-attachment-36612\" style=\"width: 800px\" class=\"wp-caption aligncenter\"><img loading=\"lazy\" decoding=\"async\" data-attachment-id=\"36612\" data-permalink=\"https:\/\/www.grieta.org.mx\/index.php\/2019\/06\/20\/saquean-mineros-la-reserva-de-la-biosfera-guanajuato\/material\/\" data-orig-file=\"https:\/\/www.grieta.org.mx\/wp-content\/uploads\/2019\/07\/MATERIAL.jpg\" data-orig-size=\"1045,648\" data-comments-opened=\"0\" data-image-meta=\"{&quot;aperture&quot;:&quot;0&quot;,&quot;credit&quot;:&quot;&quot;,&quot;camera&quot;:&quot;&quot;,&quot;caption&quot;:&quot;&quot;,&quot;created_timestamp&quot;:&quot;0&quot;,&quot;copyright&quot;:&quot;&quot;,&quot;focal_length&quot;:&quot;0&quot;,&quot;iso&quot;:&quot;0&quot;,&quot;shutter_speed&quot;:&quot;0&quot;,&quot;title&quot;:&quot;&quot;,&quot;orientation&quot;:&quot;0&quot;}\" data-image-title=\"MATERIAL\" data-image-description=\"\" data-image-caption=\"&lt;p&gt;Foto: Peri\u00f3dico Correo&lt;\/p&gt;\n\" data-medium-file=\"https:\/\/www.grieta.org.mx\/wp-content\/uploads\/2019\/07\/MATERIAL-300x186.jpg\" data-large-file=\"https:\/\/www.grieta.org.mx\/wp-content\/uploads\/2019\/07\/MATERIAL-1024x635.jpg\" class=\"wp-image-36612\" src=\"http:\/\/www.grieta.org.mx\/wp-content\/uploads\/2019\/07\/MATERIAL-300x186.jpg\" alt=\"\" width=\"800\" height=\"496\" srcset=\"https:\/\/www.grieta.org.mx\/wp-content\/uploads\/2019\/07\/MATERIAL-300x186.jpg 300w, https:\/\/www.grieta.org.mx\/wp-content\/uploads\/2019\/07\/MATERIAL-768x476.jpg 768w, https:\/\/www.grieta.org.mx\/wp-content\/uploads\/2019\/07\/MATERIAL-1024x635.jpg 1024w, https:\/\/www.grieta.org.mx\/wp-content\/uploads\/2019\/07\/MATERIAL-806x500.jpg 806w, https:\/\/www.grieta.org.mx\/wp-content\/uploads\/2019\/07\/MATERIAL.jpg 1045w\" sizes=\"auto, (max-width: 800px) 100vw, 800px\" \/><figcaption id=\"caption-attachment-36612\" class=\"wp-caption-text\">Foto: Peri\u00f3dico Correo<\/figcaption><\/figure>\n<p>Existe el precedente de otros intentos recientes de explotaci\u00f3n ilegal por parte de personas provenientes de otras entidades, con el s\u00f3lo argumento de que los titulares de la concesi\u00f3n les rentan el documento. Todo esto ha sido tolerado por las autoridades ejidales.<\/p>\n<p>Dentro de sus actividades de vigilancia, la Comisi\u00f3n Nacional de \u00c1reas Naturales Protegidas ha detectado que en a\u00f1os recientes, personas presumiblemente allegadas a esos mismos concesionarios, han extra\u00eddo clandestinamente material de otras minas del municipio, como El Zopilote, muy cercana a la cabecera, y otra llamada Griselda, en el ejido El Rusio.<\/p>\n<figure id=\"attachment_36613\" aria-describedby=\"caption-attachment-36613\" style=\"width: 800px\" class=\"wp-caption aligncenter\"><img loading=\"lazy\" decoding=\"async\" data-attachment-id=\"36613\" data-permalink=\"https:\/\/www.grieta.org.mx\/index.php\/2019\/06\/20\/saquean-mineros-la-reserva-de-la-biosfera-guanajuato\/1-2-2\/\" data-orig-file=\"https:\/\/www.grieta.org.mx\/wp-content\/uploads\/2019\/07\/1-2.jpg\" data-orig-size=\"1490,435\" data-comments-opened=\"0\" data-image-meta=\"{&quot;aperture&quot;:&quot;0&quot;,&quot;credit&quot;:&quot;&quot;,&quot;camera&quot;:&quot;&quot;,&quot;caption&quot;:&quot;&quot;,&quot;created_timestamp&quot;:&quot;0&quot;,&quot;copyright&quot;:&quot;&quot;,&quot;focal_length&quot;:&quot;0&quot;,&quot;iso&quot;:&quot;0&quot;,&quot;shutter_speed&quot;:&quot;0&quot;,&quot;title&quot;:&quot;&quot;,&quot;orientation&quot;:&quot;0&quot;}\" data-image-title=\"1-2\" data-image-description=\"\" data-image-caption=\"&lt;p&gt;Cuadro: Peri\u00f3dico Correo.&lt;\/p&gt;\n\" data-medium-file=\"https:\/\/www.grieta.org.mx\/wp-content\/uploads\/2019\/07\/1-2-300x88.jpg\" data-large-file=\"https:\/\/www.grieta.org.mx\/wp-content\/uploads\/2019\/07\/1-2-1024x299.jpg\" class=\"wp-image-36613\" src=\"http:\/\/www.grieta.org.mx\/wp-content\/uploads\/2019\/07\/1-2-300x88.jpg\" alt=\"\" width=\"800\" height=\"234\" srcset=\"https:\/\/www.grieta.org.mx\/wp-content\/uploads\/2019\/07\/1-2-300x88.jpg 300w, https:\/\/www.grieta.org.mx\/wp-content\/uploads\/2019\/07\/1-2-768x224.jpg 768w, https:\/\/www.grieta.org.mx\/wp-content\/uploads\/2019\/07\/1-2-1024x299.jpg 1024w, https:\/\/www.grieta.org.mx\/wp-content\/uploads\/2019\/07\/1-2.jpg 1490w\" sizes=\"auto, (max-width: 800px) 100vw, 800px\" \/><figcaption id=\"caption-attachment-36613\" class=\"wp-caption-text\">Cuadro: Peri\u00f3dico Correo.<\/figcaption><\/figure>\n<p>La \u00faltima ocasi\u00f3n que se hab\u00eda documentado esta situaci\u00f3n en la bocamina El Cristo, autoridades de la Reserva de la Biosfera interpusieron en septiembre de 2017 una denuncia ante la Procuradur\u00eda Federal de Protecci\u00f3n al Ambiente, aunque a casi dos a\u00f1os a\u00fan no existe resolutivo.<\/p>\n<p>Con la anuencia de las autoridades ejidales, desde hace semanas personas procedentes de Sanciro, San Lu\u00eds Potos\u00ed, allegadas a J. Bel\u00e9n Orozco \u2013uno de los titulares de la concesi\u00f3n-, reclutaron a una veintena de trabajadores y comenzaron a sustraer material de la mina.<\/p>\n<p>Correo constat\u00f3 que las autoridades ejidales no cuentan con documentos que acrediten la existencia de los permisos que deben otorgar las autoridades ambientales federales para poder realizar ese tipo de actividades, pero aun as\u00ed lo han permitido.<\/p>\n<figure id=\"attachment_36614\" aria-describedby=\"caption-attachment-36614\" style=\"width: 800px\" class=\"wp-caption aligncenter\"><img loading=\"lazy\" decoding=\"async\" data-attachment-id=\"36614\" data-permalink=\"https:\/\/www.grieta.org.mx\/index.php\/2019\/06\/20\/saquean-mineros-la-reserva-de-la-biosfera-guanajuato\/barrenaciones\/\" data-orig-file=\"https:\/\/www.grieta.org.mx\/wp-content\/uploads\/2019\/07\/BARRENACIONES.jpg\" data-orig-size=\"1035,546\" data-comments-opened=\"0\" data-image-meta=\"{&quot;aperture&quot;:&quot;0&quot;,&quot;credit&quot;:&quot;&quot;,&quot;camera&quot;:&quot;&quot;,&quot;caption&quot;:&quot;&quot;,&quot;created_timestamp&quot;:&quot;0&quot;,&quot;copyright&quot;:&quot;&quot;,&quot;focal_length&quot;:&quot;0&quot;,&quot;iso&quot;:&quot;0&quot;,&quot;shutter_speed&quot;:&quot;0&quot;,&quot;title&quot;:&quot;&quot;,&quot;orientation&quot;:&quot;0&quot;}\" data-image-title=\"BARRENACIONES\" data-image-description=\"\" data-image-caption=\"&lt;p&gt;Foto: Peri\u00f3dico Correo&lt;\/p&gt;\n\" data-medium-file=\"https:\/\/www.grieta.org.mx\/wp-content\/uploads\/2019\/07\/BARRENACIONES-300x158.jpg\" data-large-file=\"https:\/\/www.grieta.org.mx\/wp-content\/uploads\/2019\/07\/BARRENACIONES-1024x540.jpg\" class=\"wp-image-36614\" src=\"http:\/\/www.grieta.org.mx\/wp-content\/uploads\/2019\/07\/BARRENACIONES-300x158.jpg\" alt=\"\" width=\"800\" height=\"422\" srcset=\"https:\/\/www.grieta.org.mx\/wp-content\/uploads\/2019\/07\/BARRENACIONES-300x158.jpg 300w, https:\/\/www.grieta.org.mx\/wp-content\/uploads\/2019\/07\/BARRENACIONES-768x405.jpg 768w, https:\/\/www.grieta.org.mx\/wp-content\/uploads\/2019\/07\/BARRENACIONES-1024x540.jpg 1024w, https:\/\/www.grieta.org.mx\/wp-content\/uploads\/2019\/07\/BARRENACIONES-948x500.jpg 948w, https:\/\/www.grieta.org.mx\/wp-content\/uploads\/2019\/07\/BARRENACIONES.jpg 1035w\" sizes=\"auto, (max-width: 800px) 100vw, 800px\" \/><figcaption id=\"caption-attachment-36614\" class=\"wp-caption-text\">Foto: Peri\u00f3dico Correo<\/figcaption><\/figure>\n<p>Violan leyes laborales<\/p>\n<p>Aparte de no contar con los permisos en materia medioambiental, Correo corrobor\u00f3 que las condiciones de trabajo violan las normas laborales. Entre los trabajadores, en su mayor\u00eda j\u00f3venes originarios de Sanciro, San Luis Potos\u00ed, y otros de Xich\u00fa, se ha observado que hay cuando menos un menor de edad, de nombre Sergio Jim\u00e9nez, con apenas 17 a\u00f1os cumplidos.<\/p>\n<p>Los trabajadores no cuentan con seguro, ni ning\u00fan tipo de prestaciones, y carecen de los elementos indispensables de seguridad. Ellos mismos han tenido que adquirir algunos tapabocas porque sus empleadores no les han dado equipo apropiado, ni siquiera mascarillas, por lo que respiran directamente los gases, la p\u00f3lvora de las barrenaciones, as\u00ed como los olores que desprende el metal. Y sumado a eso, en un tramo del recorrido tienen que sortear el fuerte olor a excremento de murci\u00e9lago (ese guano, seg\u00fan expertos, contiene el hongo que genera histoplasmosis, una enfermedad respiratoria).<\/p>\n<figure id=\"attachment_36615\" aria-describedby=\"caption-attachment-36615\" style=\"width: 300px\" class=\"wp-caption aligncenter\"><img loading=\"lazy\" decoding=\"async\" data-attachment-id=\"36615\" data-permalink=\"https:\/\/www.grieta.org.mx\/index.php\/2019\/06\/20\/saquean-mineros-la-reserva-de-la-biosfera-guanajuato\/importancia\/\" data-orig-file=\"https:\/\/www.grieta.org.mx\/wp-content\/uploads\/2019\/07\/Importancia.jpg\" data-orig-size=\"553,1887\" data-comments-opened=\"0\" data-image-meta=\"{&quot;aperture&quot;:&quot;0&quot;,&quot;credit&quot;:&quot;&quot;,&quot;camera&quot;:&quot;&quot;,&quot;caption&quot;:&quot;&quot;,&quot;created_timestamp&quot;:&quot;0&quot;,&quot;copyright&quot;:&quot;&quot;,&quot;focal_length&quot;:&quot;0&quot;,&quot;iso&quot;:&quot;0&quot;,&quot;shutter_speed&quot;:&quot;0&quot;,&quot;title&quot;:&quot;&quot;,&quot;orientation&quot;:&quot;0&quot;}\" data-image-title=\"Importancia\" data-image-description=\"\" data-image-caption=\"&lt;p&gt;Fuente: Peri\u00f3dico Correo&lt;\/p&gt;\n\" data-medium-file=\"https:\/\/www.grieta.org.mx\/wp-content\/uploads\/2019\/07\/Importancia-88x300.jpg\" data-large-file=\"https:\/\/www.grieta.org.mx\/wp-content\/uploads\/2019\/07\/Importancia-300x1024.jpg\" class=\"wp-image-36615 size-large\" src=\"http:\/\/www.grieta.org.mx\/wp-content\/uploads\/2019\/07\/Importancia-300x1024.jpg\" alt=\"\" width=\"300\" height=\"1024\" srcset=\"https:\/\/www.grieta.org.mx\/wp-content\/uploads\/2019\/07\/Importancia-300x1024.jpg 300w, https:\/\/www.grieta.org.mx\/wp-content\/uploads\/2019\/07\/Importancia-88x300.jpg 88w, https:\/\/www.grieta.org.mx\/wp-content\/uploads\/2019\/07\/Importancia.jpg 553w\" sizes=\"auto, (max-width: 300px) 100vw, 300px\" \/><figcaption id=\"caption-attachment-36615\" class=\"wp-caption-text\">Fuente: Peri\u00f3dico Correo<\/figcaption><\/figure>\n<p><a href=\"https:\/\/periodicocorreo.com.mx\/saquean-mineros-la-reserva-de-la-biosfera\/\">https:\/\/periodicocorreo.com.mx\/saquean-mineros-la-reserva-de-la-biosfera\/<\/a><\/p>\n","protected":false},"excerpt":{"rendered":"<p>Staff Correo, 20 de junio de 2019 Xich\u00fa.- Un grupo de trabajadores desde hace dos meses comenz\u00f3 a explotar la bocamina El Cristo, en la comunidad conocida como La Aurora, &hellip; <a href=\"https:\/\/www.grieta.org.mx\/index.php\/2019\/06\/20\/saquean-mineros-la-reserva-de-la-biosfera-guanajuato\/\" class=\"more-link\">Leer m\u00e1s<\/a><\/p>\n","protected":false},"author":2,"featured_media":36611,"comment_status":"closed","ping_status":"closed","sticky":false,"template":"","format":"standard","meta":{"ngg_post_thumbnail":0,"_jetpack_newsletter_access":"","_jetpack_dont_email_post_to_subs":false,"_jetpack_newsletter_tier_id":0,"_jetpack_memberships_contains_paywalled_content":false,"_jetpack_memberships_contains_paid_content":false,"footnotes":""},"categories":[80,2739,1776,2746,1258,17],"tags":[2216,1065,1178,1291,98],"class_list":["post-36610","post","type-post","status-publish","format-standard","has-post-thumbnail","hentry","category-cintillo","category-conflictos-por-mineria-en-guanajuato","category-despojo-de-tierras-y-territorio-en-guanajuato","category-destruccion-de-la-naturaleza-en-guanajuato","category-explotacion-y-precariedad-laboral-en-guanajuato","category-guanajuato","tag-conflictos-por-mineria","tag-despojo-de-agua-y-tierras","tag-destruccion-de-la-naturaleza","tag-explotacion-laboral","tag-mineras","entry"],"jetpack_featured_media_url":"https:\/\/www.grieta.org.mx\/wp-content\/uploads\/2019\/07\/PORTADA-8.jpg","jetpack_sharing_enabled":true,"jetpack_shortlink":"https:\/\/wp.me\/p7ZJR4-9wu","jetpack_likes_enabled":false,"jetpack-related-posts":[{"id":37311,"url":"https:\/\/www.grieta.org.mx\/index.php\/2019\/07\/17\/la-cuenca-de-la-independencia-amenazada-por-proyecto-minero-guanajuato\/","url_meta":{"origin":36610,"position":0},"title":"La Cuenca de la Independencia amenazada por proyecto minero (Guanajuato)","author":"grieta","date":"17 julio, 2019","format":false,"excerpt":"Se contaminar\u00eda el acu\u00edfero que surte a municipios como Dolores Hidalgo y San Miguel de Allende. \u00a0 Redacci\u00f3n La Coperacha Ciudad de M\u00e9xico \/\/ 17 de julio de 2019 a Coalici\u00f3n en Defensa de la Cuenca de la Independencia y el colectivo Guardianes de la Cuenca, advirtieron que el proyecto\u2026","rel":"","context":"En &quot;CINTILLO&quot;","block_context":{"text":"CINTILLO","link":"https:\/\/www.grieta.org.mx\/index.php\/category\/cintillo\/"},"img":{"alt_text":"","src":"https:\/\/i0.wp.com\/www.grieta.org.mx\/wp-content\/uploads\/2019\/08\/cuenca-independencia-amenazada-proyecto-minero.jpg?resize=350%2C200&ssl=1","width":350,"height":200,"srcset":"https:\/\/i0.wp.com\/www.grieta.org.mx\/wp-content\/uploads\/2019\/08\/cuenca-independencia-amenazada-proyecto-minero.jpg?resize=350%2C200&ssl=1 1x, https:\/\/i0.wp.com\/www.grieta.org.mx\/wp-content\/uploads\/2019\/08\/cuenca-independencia-amenazada-proyecto-minero.jpg?resize=525%2C300&ssl=1 1.5x, https:\/\/i0.wp.com\/www.grieta.org.mx\/wp-content\/uploads\/2019\/08\/cuenca-independencia-amenazada-proyecto-minero.jpg?resize=700%2C400&ssl=1 2x, https:\/\/i0.wp.com\/www.grieta.org.mx\/wp-content\/uploads\/2019\/08\/cuenca-independencia-amenazada-proyecto-minero.jpg?resize=1050%2C600&ssl=1 3x"},"classes":[]},{"id":41521,"url":"https:\/\/www.grieta.org.mx\/index.php\/2019\/11\/24\/advierten-crisis-hidrica-en-dolores-hidalgo-si-se-explota-mina-en-el-cerro-del-gallo-guanajuato\/","url_meta":{"origin":36610,"position":1},"title":"Advierten crisis h\u00eddrica en Dolores Hidalgo si se explota mina en el Cerro del Gallo (Guanajuato","author":"grieta","date":"24 noviembre, 2019","format":false,"excerpt":"En el conversatorio \u201cAgua y miner\u00eda\u201d realizado la tarde de este s\u00e1bado en el Museo Bicentenario, se habl\u00f3 sobre el problema existente del agua en la Cuenca de la Independencia, as\u00ed como aun la gran afectaci\u00f3n que sufrir\u00edan los pobladores si se llega a implementar la explotaci\u00f3n de la mina\u2026","rel":"","context":"En &quot;CINTILLO&quot;","block_context":{"text":"CINTILLO","link":"https:\/\/www.grieta.org.mx\/index.php\/category\/cintillo\/"},"img":{"alt_text":"","src":"https:\/\/i0.wp.com\/www.grieta.org.mx\/wp-content\/uploads\/2019\/11\/cerritodelgallo2-focus-0-0-983-557.jpg?resize=350%2C200&ssl=1","width":350,"height":200,"srcset":"https:\/\/i0.wp.com\/www.grieta.org.mx\/wp-content\/uploads\/2019\/11\/cerritodelgallo2-focus-0-0-983-557.jpg?resize=350%2C200&ssl=1 1x, https:\/\/i0.wp.com\/www.grieta.org.mx\/wp-content\/uploads\/2019\/11\/cerritodelgallo2-focus-0-0-983-557.jpg?resize=525%2C300&ssl=1 1.5x, https:\/\/i0.wp.com\/www.grieta.org.mx\/wp-content\/uploads\/2019\/11\/cerritodelgallo2-focus-0-0-983-557.jpg?resize=700%2C400&ssl=1 2x"},"classes":[]},{"id":52689,"url":"https:\/\/www.grieta.org.mx\/index.php\/2020\/07\/22\/manifestacion-virtual-no-a-la-mina-en-dolores-hidalgo-guanajuato\/","url_meta":{"origin":36610,"position":2},"title":"Manifestaci\u00f3n Virtual \u201cNo a la Mina\u201d En Dolores Hidalgo  (Guanajuato)","author":"grieta","date":"22 julio, 2020","format":false,"excerpt":"En conmemoraci\u00f3n del \u201cDia Mundial Contra la Miner\u00eda a Cielo Abierto\u201d, activistas se manifestaron virtualmente para reiterar su inconformidad por la pretensi\u00f3n de explotaci\u00f3n que tiene la minera canadiense Argonaut Gold, sobre la mina en el Cerro Del Gallo, en la comunidad de San Ant\u00f3n de las minas, en Dolores\u2026","rel":"","context":"En &quot;CINTILLO&quot;","block_context":{"text":"CINTILLO","link":"https:\/\/www.grieta.org.mx\/index.php\/category\/cintillo\/"},"img":{"alt_text":"","src":"https:\/\/i0.wp.com\/www.grieta.org.mx\/wp-content\/uploads\/2020\/08\/0p.jpg?resize=350%2C200&ssl=1","width":350,"height":200,"srcset":"https:\/\/i0.wp.com\/www.grieta.org.mx\/wp-content\/uploads\/2020\/08\/0p.jpg?resize=350%2C200&ssl=1 1x, https:\/\/i0.wp.com\/www.grieta.org.mx\/wp-content\/uploads\/2020\/08\/0p.jpg?resize=525%2C300&ssl=1 1.5x, https:\/\/i0.wp.com\/www.grieta.org.mx\/wp-content\/uploads\/2020\/08\/0p.jpg?resize=700%2C400&ssl=1 2x, https:\/\/i0.wp.com\/www.grieta.org.mx\/wp-content\/uploads\/2020\/08\/0p.jpg?resize=1050%2C600&ssl=1 3x"},"classes":[]},{"id":41518,"url":"https:\/\/www.grieta.org.mx\/index.php\/2019\/11\/21\/preparan-conversatorio-en-dolores-hidalgo-agua-y-mineria-guanajuato\/","url_meta":{"origin":36610,"position":3},"title":"Preparan conversatorio en Dolores Hidalgo \u201cAgua y Miner\u00eda\u201d (Guanajuato)","author":"grieta","date":"21 noviembre, 2019","format":false,"excerpt":"La Coalici\u00f3n en Defensa de la Cuenca de la Independencia CODECIN, Centro de Desarrollo Agropecuario A.C. CEDESA y el Colectivo Guardianes de la Cuenca convocan al conversatorio \u201cAgua y Miner\u00eda\u201d este s\u00e1bado 23 de Noviembre en el museo Bicentenario. Zona Franca, 21 de noviembre de 2019 Dolores Hidalgo Gto. Activistas\u2026","rel":"","context":"En &quot;CINTILLO&quot;","block_context":{"text":"CINTILLO","link":"https:\/\/www.grieta.org.mx\/index.php\/category\/cintillo\/"},"img":{"alt_text":"","src":"https:\/\/i0.wp.com\/www.grieta.org.mx\/wp-content\/uploads\/2019\/11\/h0.jpeg?resize=350%2C200&ssl=1","width":350,"height":200,"srcset":"https:\/\/i0.wp.com\/www.grieta.org.mx\/wp-content\/uploads\/2019\/11\/h0.jpeg?resize=350%2C200&ssl=1 1x, https:\/\/i0.wp.com\/www.grieta.org.mx\/wp-content\/uploads\/2019\/11\/h0.jpeg?resize=525%2C300&ssl=1 1.5x, https:\/\/i0.wp.com\/www.grieta.org.mx\/wp-content\/uploads\/2019\/11\/h0.jpeg?resize=700%2C400&ssl=1 2x"},"classes":[]},{"id":5839,"url":"https:\/\/www.grieta.org.mx\/index.php\/2016\/04\/15\/despojo-danos-ambientales-y-a-la-salud-por-mineria\/","url_meta":{"origin":36610,"position":4},"title":"Despojo, da\u00f1os ambientales y a la salud por miner\u00eda","author":"grieta","date":"15 abril, 2016","format":false,"excerpt":"15\/04\/2016. Comunidad de la Luz en Guanajuato denuncia da\u00f1os provocados por mineraZona Franca 03\/04\/2016. Minera canadiense explotar\u00e1 mina en Sierra del Cubo en GuanajuatoZona Franca 14\/02\/2016. Denuncias da\u00f1os en casas por explosivos de minera en Guanajuato Peri\u00f3dico Correo 25\/01\/2016. Anuncian nueva mina en el Cerro del Gigante en Guanajuato, ser\u00eda\u2026","rel":"","context":"En &quot;Guanajuato&quot;","block_context":{"text":"Guanajuato","link":"https:\/\/www.grieta.org.mx\/index.php\/category\/noticias-nacionales\/guanajuato\/"},"img":{"alt_text":"","src":"https:\/\/i0.wp.com\/www.grieta.org.mx\/wp-content\/uploads\/2018\/03\/14524434_1106112876131411_958039263622046936_o.jpg?resize=350%2C200&ssl=1","width":350,"height":200,"srcset":"https:\/\/i0.wp.com\/www.grieta.org.mx\/wp-content\/uploads\/2018\/03\/14524434_1106112876131411_958039263622046936_o.jpg?resize=350%2C200&ssl=1 1x, https:\/\/i0.wp.com\/www.grieta.org.mx\/wp-content\/uploads\/2018\/03\/14524434_1106112876131411_958039263622046936_o.jpg?resize=525%2C300&ssl=1 1.5x, https:\/\/i0.wp.com\/www.grieta.org.mx\/wp-content\/uploads\/2018\/03\/14524434_1106112876131411_958039263622046936_o.jpg?resize=700%2C400&ssl=1 2x"},"classes":[]},{"id":37306,"url":"https:\/\/www.grieta.org.mx\/index.php\/2019\/07\/22\/comunidades-de-guanajuato-se-movilizan-contra-minera-argonauta-gold\/","url_meta":{"origin":36610,"position":5},"title":"Comunidades de Guanajuato se movilizan contra minera Argonauta Gold","author":"grieta","date":"22 julio, 2019","format":false,"excerpt":"En el D\u00eda Mundial Contra la Miner\u00eda a Cielo Abierto rechazan el ecocidio que provocar\u00eda en la Cuenca de la Independencia. Redacci\u00f3n La Coperacha Ciudad de M\u00e9xico \/\/ 22 de julio de 2019 Cerca de dos mil personas provenientes de comunidades de la Cuenca de la Independencia, Guanajuato, se movilizaron\u2026","rel":"","context":"En &quot;CINTILLO&quot;","block_context":{"text":"CINTILLO","link":"https:\/\/www.grieta.org.mx\/index.php\/category\/cintillo\/"},"img":{"alt_text":"","src":"https:\/\/i0.wp.com\/www.grieta.org.mx\/wp-content\/uploads\/2019\/08\/Dolores-Hidalgo-mina-cielo-abierto-01.jpg?resize=350%2C200&ssl=1","width":350,"height":200,"srcset":"https:\/\/i0.wp.com\/www.grieta.org.mx\/wp-content\/uploads\/2019\/08\/Dolores-Hidalgo-mina-cielo-abierto-01.jpg?resize=350%2C200&ssl=1 1x, https:\/\/i0.wp.com\/www.grieta.org.mx\/wp-content\/uploads\/2019\/08\/Dolores-Hidalgo-mina-cielo-abierto-01.jpg?resize=525%2C300&ssl=1 1.5x, https:\/\/i0.wp.com\/www.grieta.org.mx\/wp-content\/uploads\/2019\/08\/Dolores-Hidalgo-mina-cielo-abierto-01.jpg?resize=700%2C400&ssl=1 2x, https:\/\/i0.wp.com\/www.grieta.org.mx\/wp-content\/uploads\/2019\/08\/Dolores-Hidalgo-mina-cielo-abierto-01.jpg?resize=1050%2C600&ssl=1 3x"},"classes":[]}],"_links":{"self":[{"href":"https:\/\/www.grieta.org.mx\/index.php\/wp-json\/wp\/v2\/posts\/36610","targetHints":{"allow":["GET"]}}],"collection":[{"href":"https:\/\/www.grieta.org.mx\/index.php\/wp-json\/wp\/v2\/posts"}],"about":[{"href":"https:\/\/www.grieta.org.mx\/index.php\/wp-json\/wp\/v2\/types\/post"}],"author":[{"embeddable":true,"href":"https:\/\/www.grieta.org.mx\/index.php\/wp-json\/wp\/v2\/users\/2"}],"replies":[{"embeddable":true,"href":"https:\/\/www.grieta.org.mx\/index.php\/wp-json\/wp\/v2\/comments?post=36610"}],"version-history":[{"count":1,"href":"https:\/\/www.grieta.org.mx\/index.php\/wp-json\/wp\/v2\/posts\/36610\/revisions"}],"predecessor-version":[{"id":36618,"href":"https:\/\/www.grieta.org.mx\/index.php\/wp-json\/wp\/v2\/posts\/36610\/revisions\/36618"}],"wp:featuredmedia":[{"embeddable":true,"href":"https:\/\/www.grieta.org.mx\/index.php\/wp-json\/wp\/v2\/media\/36611"}],"wp:attachment":[{"href":"https:\/\/www.grieta.org.mx\/index.php\/wp-json\/wp\/v2\/media?parent=36610"}],"wp:term":[{"taxonomy":"category","embeddable":true,"href":"https:\/\/www.grieta.org.mx\/index.php\/wp-json\/wp\/v2\/categories?post=36610"},{"taxonomy":"post_tag","embeddable":true,"href":"https:\/\/www.grieta.org.mx\/index.php\/wp-json\/wp\/v2\/tags?post=36610"}],"curies":[{"name":"wp","href":"https:\/\/api.w.org\/{rel}","templated":true}]}}