{"id":36590,"date":"2019-07-18T08:15:50","date_gmt":"2019-07-18T13:15:50","guid":{"rendered":"http:\/\/www.grieta.org.mx\/?p=36590"},"modified":"2019-07-19T20:07:56","modified_gmt":"2019-07-20T01:07:56","slug":"denuncian-despidos-a-la-mala-en-jobar-aguascalientes","status":"publish","type":"post","link":"https:\/\/www.grieta.org.mx\/index.php\/2019\/07\/18\/denuncian-despidos-a-la-mala-en-jobar-aguascalientes\/","title":{"rendered":"Denuncian despidos \u201ca la mala\u201d en Jobar (Aguascalientes)"},"content":{"rendered":"<blockquote><p><em>Les piden renuncia y no los liquidan conforme a derecho: Colectivo Ra\u00edz<\/em><\/p><\/blockquote>\n<figure id=\"attachment_36606\" aria-describedby=\"caption-attachment-36606\" style=\"width: 800px\" class=\"wp-caption aligncenter\"><img loading=\"lazy\" decoding=\"async\" data-attachment-id=\"36606\" data-permalink=\"https:\/\/www.grieta.org.mx\/index.php\/2019\/07\/18\/denuncian-despidos-a-la-mala-en-jobar-aguascalientes\/http-_www-heraldo-mx_wp-content_uploads_2019_07_jobar-696x464\/\" data-orig-file=\"https:\/\/www.grieta.org.mx\/wp-content\/uploads\/2019\/07\/http-_www.heraldo.mx_wp-content_uploads_2019_07_jobar-696x464.jpeg\" data-orig-size=\"696,464\" data-comments-opened=\"0\" data-image-meta=\"{&quot;aperture&quot;:&quot;0&quot;,&quot;credit&quot;:&quot;&quot;,&quot;camera&quot;:&quot;&quot;,&quot;caption&quot;:&quot;&quot;,&quot;created_timestamp&quot;:&quot;0&quot;,&quot;copyright&quot;:&quot;&quot;,&quot;focal_length&quot;:&quot;0&quot;,&quot;iso&quot;:&quot;0&quot;,&quot;shutter_speed&quot;:&quot;0&quot;,&quot;title&quot;:&quot;&quot;,&quot;orientation&quot;:&quot;0&quot;}\" data-image-title=\"http _www.heraldo.mx_wp-content_uploads_2019_07_jobar-696&amp;#215;464\" data-image-description=\"\" data-image-caption=\"&lt;p&gt;Foto: El Heraldo de Aguascalientes&lt;\/p&gt;\n\" data-medium-file=\"https:\/\/www.grieta.org.mx\/wp-content\/uploads\/2019\/07\/http-_www.heraldo.mx_wp-content_uploads_2019_07_jobar-696x464-300x200.jpeg\" data-large-file=\"https:\/\/www.grieta.org.mx\/wp-content\/uploads\/2019\/07\/http-_www.heraldo.mx_wp-content_uploads_2019_07_jobar-696x464.jpeg\" class=\"wp-image-36606\" src=\"http:\/\/www.grieta.org.mx\/wp-content\/uploads\/2019\/07\/http-_www.heraldo.mx_wp-content_uploads_2019_07_jobar-696x464-300x200.jpeg\" alt=\"\" width=\"800\" height=\"533\" srcset=\"https:\/\/www.grieta.org.mx\/wp-content\/uploads\/2019\/07\/http-_www.heraldo.mx_wp-content_uploads_2019_07_jobar-696x464-300x200.jpeg 300w, https:\/\/www.grieta.org.mx\/wp-content\/uploads\/2019\/07\/http-_www.heraldo.mx_wp-content_uploads_2019_07_jobar-696x464.jpeg 696w\" sizes=\"auto, (max-width: 800px) 100vw, 800px\" \/><figcaption id=\"caption-attachment-36606\" class=\"wp-caption-text\">Foto: El Heraldo de Aguascalientes<\/figcaption><\/figure>\n<p>EL Heraldo de Aguascalientes, 18 de julio de 2019<\/p>\n<p>Es ilegal la forma en c\u00f3mo Jobar realiza los despidos a sus trabajadores, al pagarles menos de lo que les corresponde, bajo la amenaza de que si no firman su renuncia, no los van a recomendar para acceder a otro trabajo, lo anterior fue denunciado por Sara Vel\u00e1squez, asesora jur\u00eddica de la Asociaci\u00f3n Colectivo Ra\u00edz.<br \/>\nEntrevistada por El Heraldo, aclar\u00f3 que dicha agrupaci\u00f3n trabaja en el respeto y la protecci\u00f3n de los derechos humanos y laborales de los trabajadores de la maquila, particularmente textil en el estado. Enfatiz\u00f3 que en el caso de Jobar, el despido del personal fue ilegal porque la empresa no respet\u00f3 las condiciones establecidas en el contrato colectivo de trabajo y mucho menos lo establecido por la Ley Federal del Trabajo. \u201cLe comunicaron al personal de la f\u00e1brica que la empresa est\u00e1 en quiebra. Esto es completamente irregular porque ellos no tienen una resoluci\u00f3n judicial que declare que se encuentre en tal situaci\u00f3n. Mientras no tengan eso, ellos no pueden aducir esa causa\u201d.<br \/>\nAfirm\u00f3 que de acuerdo a testimonios de los propios trabajadores de la f\u00e1brica, \u00e9stos fueron amenazados que si no firmaban su renuncia, no los iban a recomendar para poder acceder a otro trabajo. \u201cLos tienen en condiciones precarias laboralmente, despu\u00e9s los despiden y no quieren cumplir con los derechos m\u00ednimos que les corresponden a cada trabajador o trabajadora que es una indemnizaci\u00f3n justa por el tiempo trabajado ah\u00ed. Hay personas que ten\u00edan m\u00e1s de 40 a\u00f1os ah\u00ed laborando y les quieren dar muy poco, y todav\u00eda los presionan para firmar una renuncia y pagarles menos de lo que les corresponde por ley\u201d.<br \/>\nSe\u00f1al\u00f3 que entre la gente despedida hay muchas mujeres embarazadas o en periodo de posparto, as\u00ed como hombres y mujeres con incapacidades por salud, generadas por las condiciones de trabajo que ten\u00edan en la f\u00e1brica, por lo que ahora su futuro es incierto al no saber si se van a seguir atendiendo o c\u00f3mo van a pagar los gastos, porque simplemente la f\u00e1brica decidi\u00f3 cortar la relaci\u00f3n laboral de forma injustificada.<br \/>\nAnte tal situaci\u00f3n, dijo que muchos trabajadores han comenzado a acercarse a dicha asociaci\u00f3n para pedir la asesor\u00eda legal correspondiente, por lo que les recomiendan no firmar la renuncia, a fin de forzar a la empresa a que calcule adecuadamente la indemnizaci\u00f3n de lo que les corresponde por ley.<\/p>\n<p><a href=\"http:\/\/www.heraldo.mx\/denuncian-despidos-a-la-mala-en-jobar\/\">http:\/\/www.heraldo.mx\/denuncian-despidos-a-la-mala-en-jobar\/<\/a><\/p>\n","protected":false},"excerpt":{"rendered":"<p>Les piden renuncia y no los liquidan conforme a derecho: Colectivo Ra\u00edz EL Heraldo de Aguascalientes, 18 de julio de 2019 Es ilegal la forma en c\u00f3mo Jobar realiza los &hellip; <a href=\"https:\/\/www.grieta.org.mx\/index.php\/2019\/07\/18\/denuncian-despidos-a-la-mala-en-jobar-aguascalientes\/\" class=\"more-link\">Leer m\u00e1s<\/a><\/p>\n","protected":false},"author":2,"featured_media":36606,"comment_status":"closed","ping_status":"closed","sticky":false,"template":"","format":"standard","meta":{"ngg_post_thumbnail":0,"_jetpack_newsletter_access":"","_jetpack_dont_email_post_to_subs":false,"_jetpack_newsletter_tier_id":0,"_jetpack_memberships_contains_paywalled_content":false,"_jetpack_memberships_contains_paid_content":false,"footnotes":""},"categories":[4,80,1373],"tags":[113,1291,1290],"class_list":["post-36590","post","type-post","status-publish","format-standard","has-post-thumbnail","hentry","category-aguascalientes","category-cintillo","category-explotacion-y-precariedad-laboral-en-aguascalientes","tag-conflictos-laborales","tag-explotacion-laboral","tag-precariedad-laboral","entry"],"jetpack_featured_media_url":"https:\/\/www.grieta.org.mx\/wp-content\/uploads\/2019\/07\/http-_www.heraldo.mx_wp-content_uploads_2019_07_jobar-696x464.jpeg","jetpack_sharing_enabled":true,"jetpack_shortlink":"https:\/\/wp.me\/p7ZJR4-9wa","jetpack_likes_enabled":false,"jetpack-related-posts":[{"id":38843,"url":"https:\/\/www.grieta.org.mx\/index.php\/2019\/07\/22\/complicado-escenario-para-las-trabajadoras-de-limpieza-aguascalientes\/","url_meta":{"origin":36590,"position":0},"title":"Complicado escenario para las trabajadoras de limpieza (Aguascalientes)","author":"grieta","date":"22 julio, 2019","format":false,"excerpt":"Entre la explotaci\u00f3n y la vulnerabilidad El Heraldo de Aguascalientes, 22 de julio de 2019 Redacci\u00f3n Aguascalientes, Ags.- Las trabajadoras de limpieza son un gremio muy explotado, donde no se respetan sus derechos y son expuestas a jornadas laborales excesivas, y en ocasiones hasta son objeto de acoso sexual por\u2026","rel":"","context":"En &quot;Aguascalientes&quot;","block_context":{"text":"Aguascalientes","link":"https:\/\/www.grieta.org.mx\/index.php\/category\/noticias-nacionales\/aguascalientes\/"},"img":{"alt_text":"","src":"https:\/\/i0.wp.com\/www.grieta.org.mx\/wp-content\/uploads\/2019\/09\/http-_www.heraldo.mx_wp-content_uploads_2019_03_trabajadoras-del-hogar-aseo-limpieza-ASC_0749-696x442.jpg?resize=350%2C200&ssl=1","width":350,"height":200,"srcset":"https:\/\/i0.wp.com\/www.grieta.org.mx\/wp-content\/uploads\/2019\/09\/http-_www.heraldo.mx_wp-content_uploads_2019_03_trabajadoras-del-hogar-aseo-limpieza-ASC_0749-696x442.jpg?resize=350%2C200&ssl=1 1x, https:\/\/i0.wp.com\/www.grieta.org.mx\/wp-content\/uploads\/2019\/09\/http-_www.heraldo.mx_wp-content_uploads_2019_03_trabajadoras-del-hogar-aseo-limpieza-ASC_0749-696x442.jpg?resize=525%2C300&ssl=1 1.5x"},"classes":[]},{"id":47764,"url":"https:\/\/www.grieta.org.mx\/index.php\/2020\/04\/10\/en-aguascalientes-preocupan-condiciones-en-las-que-regresaran-los-trabajadores-de-maquila-a-sus-puestos-despues-de-la-pandemia\/","url_meta":{"origin":36590,"position":1},"title":"EN AGUASCALIENTES, PREOCUPAN CONDICIONES EN LAS QUE REGRESAR\u00c1N LOS TRABAJADORES DE MAQUILA A SUS PUESTOS DESPU\u00c9S DE LA PANDEMIA","author":"grieta","date":"10 abril, 2020","format":false,"excerpt":"Claudia Rodr\u00edguez Loera\/La Jornada Aguascalientes 10 abril 2020 Recurrente que sindicatos blancos negocien a espaldas de los obreros La autoridad deber\u00eda monitorear convenios laborales a partir de pandemia Trabajadores de las maquilas textiles de Aguascalientes se retiran a la cuarentena con salarios reducidos e incertidumbre sobre la conservaci\u00f3n de su\u2026","rel":"","context":"En &quot;Aguascalientes&quot;","block_context":{"text":"Aguascalientes","link":"https:\/\/www.grieta.org.mx\/index.php\/category\/noticias-nacionales\/aguascalientes\/"},"img":{"alt_text":"","src":"https:\/\/i0.wp.com\/www.grieta.org.mx\/wp-content\/uploads\/2020\/04\/45642668281_ae7ba30f30_c.jpg?resize=350%2C200&ssl=1","width":350,"height":200,"srcset":"https:\/\/i0.wp.com\/www.grieta.org.mx\/wp-content\/uploads\/2020\/04\/45642668281_ae7ba30f30_c.jpg?resize=350%2C200&ssl=1 1x, https:\/\/i0.wp.com\/www.grieta.org.mx\/wp-content\/uploads\/2020\/04\/45642668281_ae7ba30f30_c.jpg?resize=525%2C300&ssl=1 1.5x, https:\/\/i0.wp.com\/www.grieta.org.mx\/wp-content\/uploads\/2020\/04\/45642668281_ae7ba30f30_c.jpg?resize=700%2C400&ssl=1 2x"},"classes":[]},{"id":51268,"url":"https:\/\/www.grieta.org.mx\/index.php\/2020\/06\/16\/trabajadores-y-ex-empleados-protestan-en-planta-de-nissan-en-aguascalientes\/","url_meta":{"origin":36590,"position":2},"title":"Trabajadores y ex empleados protestan en planta de Nissan, en Aguascalientes","author":"grieta","date":"16 junio, 2020","format":false,"excerpt":"Liberto Ure\u00f1a\/Milenio 16 junio 2020 Los manifestantes impidieron el tr\u00e1nsito en la carretera 45 Sur; exigen libertad sindical, reajuste en salarios y horarios de funciones. Los manifestantes se instalaron frente a los accesos de la empresa en Aguascalientes. (Foto: Liberto Ure\u00f1a) Cerca de 100 trabajadores despedidos y algunos en activo\u2026","rel":"","context":"En &quot;Aguascalientes&quot;","block_context":{"text":"Aguascalientes","link":"https:\/\/www.grieta.org.mx\/index.php\/category\/noticias-nacionales\/aguascalientes\/"},"img":{"alt_text":"","src":"https:\/\/i0.wp.com\/www.grieta.org.mx\/wp-content\/uploads\/2020\/06\/manifestantes-instalaron-frente-accesos-empresa_0_27_1200_746.jpeg?resize=350%2C200&ssl=1","width":350,"height":200,"srcset":"https:\/\/i0.wp.com\/www.grieta.org.mx\/wp-content\/uploads\/2020\/06\/manifestantes-instalaron-frente-accesos-empresa_0_27_1200_746.jpeg?resize=350%2C200&ssl=1 1x, https:\/\/i0.wp.com\/www.grieta.org.mx\/wp-content\/uploads\/2020\/06\/manifestantes-instalaron-frente-accesos-empresa_0_27_1200_746.jpeg?resize=525%2C300&ssl=1 1.5x, https:\/\/i0.wp.com\/www.grieta.org.mx\/wp-content\/uploads\/2020\/06\/manifestantes-instalaron-frente-accesos-empresa_0_27_1200_746.jpeg?resize=700%2C400&ssl=1 2x"},"classes":[]},{"id":28058,"url":"https:\/\/www.grieta.org.mx\/index.php\/2018\/12\/19\/nissan-recorta-a-mil-trabajadores-en-aguascalientes-y-cuernavaca\/","url_meta":{"origin":36590,"position":3},"title":"Nissan recorta a mil trabajadores en Aguascalientes y Cuernavaca","author":"grieta","date":"19 diciembre, 2018","format":false,"excerpt":"AGUASCALIENTES, Ags., (apro).- La empresa automotriz Nissan Mexicana anunci\u00f3 un recorte de mil plazas en las plantas armadoras con las que cuenta, ubicadas en Aguascalientes y Cuernavaca, argumentando las cambiantes condiciones de mercado en M\u00e9xico y Estados Unidos. A trav\u00e9s de un comunicado oficial, Nissan explic\u00f3 que se ajustar\u00e1 a\u2026","rel":"","context":"En &quot;Aguascalientes&quot;","block_context":{"text":"Aguascalientes","link":"https:\/\/www.grieta.org.mx\/index.php\/category\/noticias-nacionales\/aguascalientes\/"},"img":{"alt_text":"","src":"https:\/\/i0.wp.com\/www.grieta.org.mx\/wp-content\/uploads\/2018\/03\/14524434_1106112876131411_958039263622046936_o.jpg?resize=350%2C200&ssl=1","width":350,"height":200,"srcset":"https:\/\/i0.wp.com\/www.grieta.org.mx\/wp-content\/uploads\/2018\/03\/14524434_1106112876131411_958039263622046936_o.jpg?resize=350%2C200&ssl=1 1x, https:\/\/i0.wp.com\/www.grieta.org.mx\/wp-content\/uploads\/2018\/03\/14524434_1106112876131411_958039263622046936_o.jpg?resize=525%2C300&ssl=1 1.5x, https:\/\/i0.wp.com\/www.grieta.org.mx\/wp-content\/uploads\/2018\/03\/14524434_1106112876131411_958039263622046936_o.jpg?resize=700%2C400&ssl=1 2x"},"classes":[]},{"id":49695,"url":"https:\/\/www.grieta.org.mx\/index.php\/2020\/05\/19\/se-manifiestan-trabajadores-de-nissan-por-pago-de-utilidades-en-aguascalientes\/","url_meta":{"origin":36590,"position":4},"title":"Se manifiestan trabajadores de Nissan por pago de utilidades en Aguascalientes","author":"grieta","date":"19 mayo, 2020","format":false,"excerpt":"Alejandro Romo\/Newsweek Aguascalientes 19 mayo 2020 Foto: Alejandro Romo M\u00e1s de 100 trabajadores de las plantas A-1 y A-2 de la empresa ensambladora japonesa Nissan se manifestaron la ma\u00f1ana de este martes en el Palacio de Gobierno Estatal para solicitar al gobierno encabezado por el panista Mart\u00edn Orozco Sandoval que\u2026","rel":"","context":"En &quot;Aguascalientes&quot;","block_context":{"text":"Aguascalientes","link":"https:\/\/www.grieta.org.mx\/index.php\/category\/noticias-nacionales\/aguascalientes\/"},"img":{"alt_text":"","src":"https:\/\/i0.wp.com\/www.grieta.org.mx\/wp-content\/uploads\/2020\/05\/05ebebb1-54fe-42d2-a174-17d147755e74-750x530.jpg?resize=350%2C200&ssl=1","width":350,"height":200,"srcset":"https:\/\/i0.wp.com\/www.grieta.org.mx\/wp-content\/uploads\/2020\/05\/05ebebb1-54fe-42d2-a174-17d147755e74-750x530.jpg?resize=350%2C200&ssl=1 1x, https:\/\/i0.wp.com\/www.grieta.org.mx\/wp-content\/uploads\/2020\/05\/05ebebb1-54fe-42d2-a174-17d147755e74-750x530.jpg?resize=525%2C300&ssl=1 1.5x, https:\/\/i0.wp.com\/www.grieta.org.mx\/wp-content\/uploads\/2020\/05\/05ebebb1-54fe-42d2-a174-17d147755e74-750x530.jpg?resize=700%2C400&ssl=1 2x"},"classes":[]},{"id":13894,"url":"https:\/\/www.grieta.org.mx\/index.php\/2016\/06\/09\/mineras-de-aguascalientes-no-dieron-utilidades-a-sus-trabajadores-stps\/","url_meta":{"origin":36590,"position":5},"title":"Mineras de Aguascalientes no dieron utilidades a sus trabajadores: STPS","author":"grieta","date":"9 junio, 2016","format":false,"excerpt":"Sara \u00c1lvarez Fern\u00e1ndez, Aguascalientes Las empresas mineras del estado no les dieron utilidades a sus trabajadores, por lo que los mineros acudieron a la delegaci\u00f3n de la Secretar\u00eda del Trabajo y Previsi\u00f3n Social (STPS) a levantar una queja para que se investigue el caso y reciban este derecho laboral los\u2026","rel":"","context":"En &quot;aguascalientes&quot;","block_context":{"text":"aguascalientes","link":"https:\/\/www.grieta.org.mx\/index.php\/category\/aguascalientes\/"},"img":{"alt_text":"","src":"https:\/\/i0.wp.com\/www.grieta.org.mx\/wp-content\/uploads\/2018\/03\/14524434_1106112876131411_958039263622046936_o.jpg?resize=350%2C200&ssl=1","width":350,"height":200,"srcset":"https:\/\/i0.wp.com\/www.grieta.org.mx\/wp-content\/uploads\/2018\/03\/14524434_1106112876131411_958039263622046936_o.jpg?resize=350%2C200&ssl=1 1x, https:\/\/i0.wp.com\/www.grieta.org.mx\/wp-content\/uploads\/2018\/03\/14524434_1106112876131411_958039263622046936_o.jpg?resize=525%2C300&ssl=1 1.5x, https:\/\/i0.wp.com\/www.grieta.org.mx\/wp-content\/uploads\/2018\/03\/14524434_1106112876131411_958039263622046936_o.jpg?resize=700%2C400&ssl=1 2x"},"classes":[]}],"_links":{"self":[{"href":"https:\/\/www.grieta.org.mx\/index.php\/wp-json\/wp\/v2\/posts\/36590","targetHints":{"allow":["GET"]}}],"collection":[{"href":"https:\/\/www.grieta.org.mx\/index.php\/wp-json\/wp\/v2\/posts"}],"about":[{"href":"https:\/\/www.grieta.org.mx\/index.php\/wp-json\/wp\/v2\/types\/post"}],"author":[{"embeddable":true,"href":"https:\/\/www.grieta.org.mx\/index.php\/wp-json\/wp\/v2\/users\/2"}],"replies":[{"embeddable":true,"href":"https:\/\/www.grieta.org.mx\/index.php\/wp-json\/wp\/v2\/comments?post=36590"}],"version-history":[{"count":1,"href":"https:\/\/www.grieta.org.mx\/index.php\/wp-json\/wp\/v2\/posts\/36590\/revisions"}],"predecessor-version":[{"id":36609,"href":"https:\/\/www.grieta.org.mx\/index.php\/wp-json\/wp\/v2\/posts\/36590\/revisions\/36609"}],"wp:featuredmedia":[{"embeddable":true,"href":"https:\/\/www.grieta.org.mx\/index.php\/wp-json\/wp\/v2\/media\/36606"}],"wp:attachment":[{"href":"https:\/\/www.grieta.org.mx\/index.php\/wp-json\/wp\/v2\/media?parent=36590"}],"wp:term":[{"taxonomy":"category","embeddable":true,"href":"https:\/\/www.grieta.org.mx\/index.php\/wp-json\/wp\/v2\/categories?post=36590"},{"taxonomy":"post_tag","embeddable":true,"href":"https:\/\/www.grieta.org.mx\/index.php\/wp-json\/wp\/v2\/tags?post=36590"}],"curies":[{"name":"wp","href":"https:\/\/api.w.org\/{rel}","templated":true}]}}