{"id":36573,"date":"2019-07-12T08:23:45","date_gmt":"2019-07-12T13:23:45","guid":{"rendered":"http:\/\/www.grieta.org.mx\/?p=36573"},"modified":"2019-07-18T08:39:27","modified_gmt":"2019-07-18T13:39:27","slug":"el-paraje-de-la-ciudad-donde-los-cuerpos-son-abandonados","status":"publish","type":"post","link":"https:\/\/www.grieta.org.mx\/index.php\/2019\/07\/12\/el-paraje-de-la-ciudad-donde-los-cuerpos-son-abandonados\/","title":{"rendered":"El paraje de la Ciudad donde los cuerpos son abandonados"},"content":{"rendered":"<figure id=\"attachment_36574\" aria-describedby=\"caption-attachment-36574\" style=\"width: 1140px\" class=\"wp-caption alignleft\"><img loading=\"lazy\" decoding=\"async\" data-attachment-id=\"36574\" data-permalink=\"https:\/\/www.grieta.org.mx\/index.php\/2019\/07\/12\/el-paraje-de-la-ciudad-donde-los-cuerpos-son-abandonados\/portada_pdp_ajuscoparrestopilejo_110719_mxn_5497-1140x570\/\" data-orig-file=\"https:\/\/www.grieta.org.mx\/wp-content\/uploads\/2019\/07\/Portada_PdP_AjuscoParresTopilejo_110719_MXN_5497-1140x570.jpg\" data-orig-size=\"1140,570\" data-comments-opened=\"0\" data-image-meta=\"{&quot;aperture&quot;:&quot;7.1&quot;,&quot;credit&quot;:&quot;XNATERA&quot;,&quot;camera&quot;:&quot;NIKON D750&quot;,&quot;caption&quot;:&quot;&quot;,&quot;created_timestamp&quot;:&quot;1557859285&quot;,&quot;copyright&quot;:&quot;&quot;,&quot;focal_length&quot;:&quot;35&quot;,&quot;iso&quot;:&quot;100&quot;,&quot;shutter_speed&quot;:&quot;0.01&quot;,&quot;title&quot;:&quot;&quot;,&quot;orientation&quot;:&quot;0&quot;}\" data-image-title=\"Portada_PdP_AjuscoParresTopilejo_110719_MXN_5497-1140&amp;#215;570\" data-image-description=\"\" data-image-caption=\"&lt;p&gt;Familiares de Daniela Ram\u00edrez identificaron los restos de la joven, hallados en un paraje cercano al poblado de Parres, al sur de la Ciudad de M\u00e9xico. En esta zona lim\u00edtrofe con el estado de Morelos es com\u00fan la aparici\u00f3n de cuerpos\/Foto: Ximena Natera&lt;\/p&gt;\n\" data-medium-file=\"https:\/\/www.grieta.org.mx\/wp-content\/uploads\/2019\/07\/Portada_PdP_AjuscoParresTopilejo_110719_MXN_5497-1140x570-300x150.jpg\" data-large-file=\"https:\/\/www.grieta.org.mx\/wp-content\/uploads\/2019\/07\/Portada_PdP_AjuscoParresTopilejo_110719_MXN_5497-1140x570-1024x512.jpg\" src=\"http:\/\/www.grieta.org.mx\/wp-content\/uploads\/2019\/07\/Portada_PdP_AjuscoParresTopilejo_110719_MXN_5497-1140x570.jpg\" alt=\"\" width=\"1140\" height=\"570\" class=\"size-full wp-image-36574\" srcset=\"https:\/\/www.grieta.org.mx\/wp-content\/uploads\/2019\/07\/Portada_PdP_AjuscoParresTopilejo_110719_MXN_5497-1140x570.jpg 1140w, https:\/\/www.grieta.org.mx\/wp-content\/uploads\/2019\/07\/Portada_PdP_AjuscoParresTopilejo_110719_MXN_5497-1140x570-300x150.jpg 300w, https:\/\/www.grieta.org.mx\/wp-content\/uploads\/2019\/07\/Portada_PdP_AjuscoParresTopilejo_110719_MXN_5497-1140x570-768x384.jpg 768w, https:\/\/www.grieta.org.mx\/wp-content\/uploads\/2019\/07\/Portada_PdP_AjuscoParresTopilejo_110719_MXN_5497-1140x570-1024x512.jpg 1024w, https:\/\/www.grieta.org.mx\/wp-content\/uploads\/2019\/07\/Portada_PdP_AjuscoParresTopilejo_110719_MXN_5497-1140x570-1000x500.jpg 1000w\" sizes=\"auto, (max-width: 1140px) 100vw, 1140px\" \/><figcaption id=\"caption-attachment-36574\" class=\"wp-caption-text\">Familiares de Daniela Ram\u00edrez identificaron los restos de la joven, hallados en un paraje cercano al poblado de Parres, al sur de la Ciudad de M\u00e9xico. En esta zona lim\u00edtrofe con el estado de Morelos es com\u00fan la aparici\u00f3n de cuerpos\/Foto: Ximena Natera<\/figcaption><\/figure>\n<p>Texto de Arturo Contreras Camero y Fotos de Ximena Natera\/Pie de P\u00e1gina<\/p>\n<p>El hallazgo de los restos de Daniela Ram\u00edrez, una joven de 18 a\u00f1os que desapareci\u00f3 hace casi dos meses despu\u00e9s de tomar un taxi, en las inmediaciones del poblado de Parres, al sur de la Ciudad de M\u00e9xico, es muestra de un fen\u00f3meno com\u00fan en estos parajes donde es frecuente el hallazgo de cuerpos y restos de personas sin identificar.<\/p>\n<p>El pasado mi\u00e9rcoles 11 de julio, medios de comunicaci\u00f3n capitalinos publicaron el hallazgo de dos osamentas, jirones de ropa y unas botas que fueron identificados por los familiares de Daniela, a\u00fan antes de que la Procuradur\u00eda les pidiera que los identificara.<\/p>\n<p>Daniela Ram\u00edrez desapareci\u00f3 alrededor de las nueve de la noche, despu\u00e9s de subir a un taxi con rumbo a una fiesta el pasado 19 de mayo. Durante el trayecto, la joven pidi\u00f3 ayuda a uno de sus amigos por un mensaje en Whatsapp cuando se percat\u00f3 que la ruta a la que enfilaba no era la de su destino. \u201cAyuda. Creo que el taxi me quiere secuestrar\u201d, dec\u00eda uno de los mensajes. Inmediatamente despu\u00e9s, su amigo inici\u00f3 una b\u00fasqueda a trav\u00e9s de redes sociales.<\/p>\n<p>El lugar donde desapareci\u00f3 Daniela es muy cercano al \u00faltimo lugar en el que se tiene registro de su presencia, muy cerca de Parres, un poblado rural al sur de la alcald\u00eda de Tlalpan, al pie de la carretera federal M\u00e9xico-Cuernavaca, casi en la frontera con ese estado. Esta carretera conecta tambi\u00e9n con el camino que baja del Ajusco. Es una zona boscosa, poco poblada y con muy poco tr\u00e1nsito. <\/p>\n<p>La otra osamenta que se encontr\u00f3 junto a la de Daniela a\u00fan no ha sido identificada, pero se cree que podr\u00edan pertenecer a Pamela Gallardo, otra joven desaparecida en la zona el 5 de noviembre de 2017. Pamela sali\u00f3 de una fiesta de m\u00fasica electr\u00f3nica, un rave, en el Ajusco a unos 20 kil\u00f3metros de donde se encontraron los restos. <\/p>\n<p>A partir del hallazgo de estos restos, los abogados del caso de Pamela solicitaron a la Procuradur\u00eda de Justicia de la Ciudad de M\u00e9xico que se realizara una confronta de ADN.<\/p>\n<p>\u201cSabemos que en esa zona operan distintos grupos delincuenciales. Hay varios conflictos comunitarios, varios grupos de secuestro. Es com\u00fan encontrar cuerpos. Hay una alto \u00edndice de violaciones, y tambi\u00e9n de trata. Todo eso que ha sido recopilado en la carpeta (del caso de Pamela)\u201d, dice en entrevista Karla Micheel Salas, abogada del Grupo de acci\u00f3n por los Derechos Humanos y la justicia social, que lleva el caso de Pamela.<\/p>\n<div class=\"jetpack-video-wrapper\"><iframe loading=\"lazy\" title=\"zonaSUR_PARRES_CDMX1\" src=\"https:\/\/player.vimeo.com\/video\/347672405?dnt=1&amp;app_id=122963\" width=\"1170\" height=\"677\" frameborder=\"0\" allow=\"autoplay; fullscreen; picture-in-picture\" allowfullscreen><\/iframe><\/div>\n<p>La abogada asegura que los pobladores de esta zona boscosa, remota y de dif\u00edcil acceso, le advierten a la gente que se acerca que no caminen solos por estos parajes, porque es una zona de alt\u00edsima inseguridad, en la que, por la lejan\u00eda, pareciera que no existiera autoridad. Adem\u00e1s, advierten que estos campos est\u00e1n en constante custodia por diferentes grupos delincuenciales. \u201cEs una zona tan grande que pareciera que no tiene fin\u201d, asegura la abogada salas.<\/p>\n<p>Ejidatarios del lugar confirman la versi\u00f3n de la abogada. Adem\u00e1s de la tala clandestina que persiste en estos bosques, entre sus claros hay casas de seguridad que son usadas por diferentes bandas de secuestro para mantener a las personas que capturan.<\/p>\n<p>A pesar de que ya se encontraron los restos de Daniela, la Procuradur\u00eda de la ciudad a\u00fan no publica ning\u00fan avance de la investigaci\u00f3n respecto a los responsables de su abducci\u00f3n y muerte. Sin embargo, la madre de Daniela, Margot Ortiz asegur\u00f3 a medios de comunicaci\u00f3n que se est\u00e1 haciendo un buen trabajo en las investigaciones. <\/p>\n<p>La b\u00fasqueda de Daniela se realiz\u00f3 cerca del kil\u00f3metro 42.5 de la carretera federal M\u00e9xico-Cuernavaca, y en ella participaron bomberos y polic\u00edas apoyados con drones, seg\u00fan datos de la Procuradur\u00eda.<\/p>\n<p>Esta carretera, desde hace m\u00e1s de cinco a\u00f1os, ha sido escenario de desapariciones y apariciones inesperadas de cuerpos.<\/p>\n<p>El 18 de marzo fue encontrada en la misma zona el cuerpo de Mar\u00eda del Rosario Fabi\u00e1n Montiel, mam\u00e1 de Bruno, un menor de edad que fue abandonado frente al centro comercial Perisur. Seg\u00fan las autoridades capitalinas, se trat\u00f3 de un secuestro. <\/p>\n<p>El pasado 23 de mayo, pobladores del Ajusco, Parres y Topilejo hicieron una manifestaci\u00f3n para reclamar a la alcaldesa de Tlalpan, Patricia Aceves, por la seguridad en la zona, sobre todo por las decenas de desapariciones que se quedan sin ninguna explicaci\u00f3n para la poblaci\u00f3n. \u201cAqu\u00ed simplemente desaparecen las personas, las mujeres y no se sabe nada m\u00e1s\u201d, reclamaron a la alcaldes. <\/p>\n<p>El 24 de agosto en Huitzilac, Morelos, un pueblo a escaso 17 kil\u00f3metros de Parres, los vecinos encontraron el cuerpo de una persona que estaba siendo devorada por los animales del lugar. Despu\u00e9s de que las autoridades de Morelos lo retiraran, no se supo m\u00e1s del caso. <\/p>\n<p>Hace un a\u00f1o, en esos mismos parajes, la polic\u00eda de la ciudad encontr\u00f3 con vida a C\u00e9sar Alejandro Rinc\u00f3n Orta, un acad\u00e9mico de la UNAM que desapareci\u00f3 en la colonia Tepepan, en la alcald\u00eda de Xochimilco.<\/p>\n<p>Especialmente, estos bosques fueron objeto de atenci\u00f3n hace cinco a\u00f1os por el caso de seis ciclistas secuestrados, tres de ellos triatletas de alto nivel. Poco tiempo despu\u00e9s de ese caso, llam\u00f3 la atenci\u00f3n el asesinato de Anayeli Bautista Tecpa, una estudiante de Qu\u00edmica de la UNAM, encontrada en la zona.<\/p>\n<p>Tlalpan no es una de las alcald\u00edas a las que llegar\u00e1 la Guardia Nacional, que lleg\u00f3 a la Ciudad de M\u00e9xico  la semana pasada. Seg\u00fan los planes anunciados, la Guardia patrullar\u00e1 la periferia de la ciudad en sus puntos m\u00e1s conflictivos, pero en su primera etapa s\u00f3lo abarcar\u00e1 Iztapalapa, Iztacalco, Venustiano Carranza y Gustavo A. Madero.<br \/>\n<figure id=\"attachment_36575\" aria-describedby=\"caption-attachment-36575\" style=\"width: 1200px\" class=\"wp-caption alignleft\"><img loading=\"lazy\" decoding=\"async\" data-attachment-id=\"36575\" data-permalink=\"https:\/\/www.grieta.org.mx\/index.php\/2019\/07\/12\/el-paraje-de-la-ciudad-donde-los-cuerpos-son-abandonados\/pdp_ajuscoparrestopilejo_110719_mxn_5452\/\" data-orig-file=\"https:\/\/www.grieta.org.mx\/wp-content\/uploads\/2019\/07\/PdP_AjuscoParresTopilejo_110719_MXN_5452.jpg\" data-orig-size=\"1200,800\" data-comments-opened=\"0\" data-image-meta=\"{&quot;aperture&quot;:&quot;7.1&quot;,&quot;credit&quot;:&quot;XNATERA&quot;,&quot;camera&quot;:&quot;NIKON D750&quot;,&quot;caption&quot;:&quot;&quot;,&quot;created_timestamp&quot;:&quot;1557858724&quot;,&quot;copyright&quot;:&quot;&quot;,&quot;focal_length&quot;:&quot;35&quot;,&quot;iso&quot;:&quot;100&quot;,&quot;shutter_speed&quot;:&quot;0.00125&quot;,&quot;title&quot;:&quot;&quot;,&quot;orientation&quot;:&quot;0&quot;}\" data-image-title=\"PdP_AjuscoParresTopilejo_110719_MXN_5452\" data-image-description=\"\" data-image-caption=\"&lt;p&gt;Bifurcaci\u00f3n en la carretera Circuito Ajusco. Este lugar marca la entrada a la zona de riesgo en la zona monta\u00f1osa de Tlalpan, donde en los \u00faltimos a\u00f1os, las personas que transitan el lugar han sido v\u00edctimas de asaltos, secuestros. Foto: Ximena Natera&lt;\/p&gt;\n\" data-medium-file=\"https:\/\/www.grieta.org.mx\/wp-content\/uploads\/2019\/07\/PdP_AjuscoParresTopilejo_110719_MXN_5452-300x200.jpg\" data-large-file=\"https:\/\/www.grieta.org.mx\/wp-content\/uploads\/2019\/07\/PdP_AjuscoParresTopilejo_110719_MXN_5452-1024x683.jpg\" src=\"http:\/\/www.grieta.org.mx\/wp-content\/uploads\/2019\/07\/PdP_AjuscoParresTopilejo_110719_MXN_5452.jpg\" alt=\"\" width=\"1200\" height=\"800\" class=\"size-full wp-image-36575\" srcset=\"https:\/\/www.grieta.org.mx\/wp-content\/uploads\/2019\/07\/PdP_AjuscoParresTopilejo_110719_MXN_5452.jpg 1200w, https:\/\/www.grieta.org.mx\/wp-content\/uploads\/2019\/07\/PdP_AjuscoParresTopilejo_110719_MXN_5452-300x200.jpg 300w, https:\/\/www.grieta.org.mx\/wp-content\/uploads\/2019\/07\/PdP_AjuscoParresTopilejo_110719_MXN_5452-768x512.jpg 768w, https:\/\/www.grieta.org.mx\/wp-content\/uploads\/2019\/07\/PdP_AjuscoParresTopilejo_110719_MXN_5452-1024x683.jpg 1024w, https:\/\/www.grieta.org.mx\/wp-content\/uploads\/2019\/07\/PdP_AjuscoParresTopilejo_110719_MXN_5452-750x500.jpg 750w\" sizes=\"auto, (max-width: 1200px) 100vw, 1200px\" \/><figcaption id=\"caption-attachment-36575\" class=\"wp-caption-text\">Bifurcaci\u00f3n en la carretera Circuito Ajusco. Este lugar marca la entrada a la zona de riesgo en la zona monta\u00f1osa de Tlalpan, donde en los \u00faltimos a\u00f1os, las personas que transitan el lugar han sido v\u00edctimas de asaltos, secuestros. Foto: Ximena Natera<\/figcaption><\/figure><\/p>\n<p><strong>Filtraciones que molestan<\/strong><br \/>\nLas fotograf\u00edas por medio de las cuales los familiares de Daniela reconocieron a la muchacha, as\u00ed como parte del expediente del caso, fueron filtradas por personal de la Procuradur\u00eda General de Justicia de la Ciudad de M\u00e9xico a los medios. Hecho que molest\u00f3 a sus familiares, quienes ahora se niegan a atender a los medios. <\/p>\n<p>\u201c\u00bfC\u00f3mo fue que ustedes como medios, profundamente irresponsables, se lanzaron a llamar por tel\u00e9fono a la madre de Daniela en su dolor?\u201d, cuestion\u00f3 ante c\u00e1maras de los medios, afuera de las oficinas centrales de la Procuradur\u00eda, Sergio Gonz\u00e1lez, t\u00edo de Daniela.<\/p>\n<p>\u201cEste es un llamado a ustedes como medios, sumamente irresponsables. C\u00f3mo se filtr\u00f3 la carpeta, es algo que la fiscal\u00eda tiene que investigar\u201d.<\/p>\n<p><a href=\"https:\/\/piedepagina.mx\/el-paraje-de-la-ciudad-donde-los-cuerpos-son-abandonados\/\" rel=\"noopener noreferrer\" target=\"_blank\">https:\/\/piedepagina.mx\/el-paraje-de-la-ciudad-donde-los-cuerpos-son-abandonados\/<\/a><\/p>\n","protected":false},"excerpt":{"rendered":"<p>Texto de Arturo Contreras Camero y Fotos de Ximena Natera\/Pie de P\u00e1gina El hallazgo de los restos de Daniela Ram\u00edrez, una joven de 18 a\u00f1os que desapareci\u00f3 hace casi dos &hellip; <a href=\"https:\/\/www.grieta.org.mx\/index.php\/2019\/07\/12\/el-paraje-de-la-ciudad-donde-los-cuerpos-son-abandonados\/\" class=\"more-link\">Leer m\u00e1s<\/a><\/p>\n","protected":false},"author":2,"featured_media":36574,"comment_status":"closed","ping_status":"closed","sticky":false,"template":"","format":"standard","meta":{"ngg_post_thumbnail":0,"_jetpack_newsletter_access":"","_jetpack_dont_email_post_to_subs":false,"_jetpack_newsletter_tier_id":0,"_jetpack_memberships_contains_paywalled_content":false,"_jetpack_memberships_contains_paid_content":false,"footnotes":""},"categories":[80,14,87,2745,84,1141,2,83],"tags":[121,81,94],"class_list":["post-36573","post","type-post","status-publish","format-standard","has-post-thumbnail","hentry","category-cintillo","category-ciudad-de-mexico","category-desaparecidos","category-desaparecidos-en-la-ciudad-de-mexico","category-feminicidios","category-feminicidios-en-la-ciudad-de-mexico","category-noticias-nacionales","category-temas-nacionales","tag-desaparecidos","tag-feminicidios","tag-violencia-contra-mujeres","entry"],"jetpack_featured_media_url":"https:\/\/www.grieta.org.mx\/wp-content\/uploads\/2019\/07\/Portada_PdP_AjuscoParresTopilejo_110719_MXN_5497-1140x570.jpg","jetpack_sharing_enabled":true,"jetpack_shortlink":"https:\/\/wp.me\/p7ZJR4-9vT","jetpack_likes_enabled":false,"jetpack-related-posts":[{"id":57808,"url":"https:\/\/www.grieta.org.mx\/index.php\/2021\/03\/20\/queremos-una-reunion-con-claudia-sheinbaum-ciudad-de-mexico\/","url_meta":{"origin":36573,"position":0},"title":"\u00abQueremos una reuni\u00f3n con Claudia Sheinbaum\u00bb (Ciudad de M\u00e9xico)","author":"grieta","date":"20 marzo, 2021","format":false,"excerpt":"Texto y foto: Arturo Contreras Camero Pie de P\u00e1gina Familiares de personas desaparecidas y v\u00edctimas de feminicidio en la Ciudad de M\u00e9xico caminaron del Palacio de Bellas Artes al edificio de gobierno de la capital, en el Z\u00f3calo, para protestar por la impunidad en sus casos, y reclamar la atenci\u00f3n\u2026","rel":"","context":"En &quot;Abuso policiaco y tortura en la Ciudad de M\u00e9xico&quot;","block_context":{"text":"Abuso policiaco y tortura en la Ciudad de M\u00e9xico","link":"https:\/\/www.grieta.org.mx\/index.php\/category\/noticias-nacionales\/ciudad-de-mexico\/abuso-policiaco-y-tortura-en-la-ciudad-de-mexico\/"},"img":{"alt_text":"","src":"https:\/\/i0.wp.com\/www.grieta.org.mx\/wp-content\/uploads\/2021\/03\/Queremos-una-reunion-con-Claudia-Sheinbaum-cdmx-mazo.jpg?resize=350%2C200&ssl=1","width":350,"height":200,"srcset":"https:\/\/i0.wp.com\/www.grieta.org.mx\/wp-content\/uploads\/2021\/03\/Queremos-una-reunion-con-Claudia-Sheinbaum-cdmx-mazo.jpg?resize=350%2C200&ssl=1 1x, https:\/\/i0.wp.com\/www.grieta.org.mx\/wp-content\/uploads\/2021\/03\/Queremos-una-reunion-con-Claudia-Sheinbaum-cdmx-mazo.jpg?resize=525%2C300&ssl=1 1.5x, https:\/\/i0.wp.com\/www.grieta.org.mx\/wp-content\/uploads\/2021\/03\/Queremos-una-reunion-con-Claudia-Sheinbaum-cdmx-mazo.jpg?resize=700%2C400&ssl=1 2x, https:\/\/i0.wp.com\/www.grieta.org.mx\/wp-content\/uploads\/2021\/03\/Queremos-una-reunion-con-Claudia-Sheinbaum-cdmx-mazo.jpg?resize=1050%2C600&ssl=1 3x"},"classes":[]},{"id":33352,"url":"https:\/\/www.grieta.org.mx\/index.php\/2019\/05\/10\/este-dia-de-las-madres-ellas-exigen-justicia-para-sus-hijos-ciudad-de-mexico\/","url_meta":{"origin":36573,"position":1},"title":"Este D\u00eda de las Madres ellas exigen justicia para sus hijos (Ciudad de M\u00e9xico)","author":"grieta","date":"10 mayo, 2019","format":false,"excerpt":"Daniela D\u00edaz\/Mexico.com En medio de los festejos, el dolor en M\u00e9xico se hace presente este 10 de mayo, D\u00eda de las Madres, pues hay m\u00e1s de 40 mil personas desaparecidas en el pa\u00eds y miles de personas que buscan hacer visible este problema ante la falta de acciones efectivas por\u2026","rel":"","context":"En &quot;CINTILLO&quot;","block_context":{"text":"CINTILLO","link":"https:\/\/www.grieta.org.mx\/index.php\/category\/cintillo\/"},"img":{"alt_text":"","src":"https:\/\/i0.wp.com\/www.grieta.org.mx\/wp-content\/uploads\/2019\/05\/NGV75NB7YNFJDMW3ZRRM5OTZCQ.jpg?resize=350%2C200&ssl=1","width":350,"height":200,"srcset":"https:\/\/i0.wp.com\/www.grieta.org.mx\/wp-content\/uploads\/2019\/05\/NGV75NB7YNFJDMW3ZRRM5OTZCQ.jpg?resize=350%2C200&ssl=1 1x, https:\/\/i0.wp.com\/www.grieta.org.mx\/wp-content\/uploads\/2019\/05\/NGV75NB7YNFJDMW3ZRRM5OTZCQ.jpg?resize=525%2C300&ssl=1 1.5x, https:\/\/i0.wp.com\/www.grieta.org.mx\/wp-content\/uploads\/2019\/05\/NGV75NB7YNFJDMW3ZRRM5OTZCQ.jpg?resize=700%2C400&ssl=1 2x, https:\/\/i0.wp.com\/www.grieta.org.mx\/wp-content\/uploads\/2019\/05\/NGV75NB7YNFJDMW3ZRRM5OTZCQ.jpg?resize=1050%2C600&ssl=1 3x"},"classes":[]},{"id":60862,"url":"https:\/\/www.grieta.org.mx\/index.php\/2021\/07\/31\/colectivo-de-busqueda-de-desaparecidos-halla-los-cuerpos-de-2-personas-en-culiacan\/","url_meta":{"origin":36573,"position":2},"title":"Colectivo de b\u00fasqueda de desaparecidos halla los cuerpos de 2 personas en Culiac\u00e1n","author":"grieta","date":"31 julio, 2021","format":false,"excerpt":"El colectivo de b\u00fasqueda de personas desaparecidas Sabuesos Guerreras encontr\u00f3 dos cuerpos en Culiac\u00e1n. Culiac\u00e1n, 29 de julio (EFE).- Un\u00a0colectivo de b\u00fasqueda de personas desaparecidas\u00a0de la ciudad sinaloense de\u00a0Culiac\u00e1n\u00a0hall\u00f3 este jueves dos cuerpos con signos de haber sido ejecutados, indicaron autoridades locales. Los cuerpos estaban boca abajo y presentaban impactos\u2026","rel":"","context":"En &quot;Desaparecidos en Sinaloa&quot;","block_context":{"text":"Desaparecidos en Sinaloa","link":"https:\/\/www.grieta.org.mx\/index.php\/category\/noticias-nacionales\/sinaloa\/desaparecidos-en-sinaloa\/"},"img":{"alt_text":"","src":"","width":0,"height":0},"classes":[]},{"id":27542,"url":"https:\/\/www.grieta.org.mx\/index.php\/2018\/11\/03\/en-la-cdmx-catrinas-marchan-contra-feminicidios\/","url_meta":{"origin":36573,"position":3},"title":"En la CDMX Catrinas marchan contra feminicidios","author":"grieta","date":"3 noviembre, 2018","format":false,"excerpt":"","rel":"","context":"En &quot;CINTILLO&quot;","block_context":{"text":"CINTILLO","link":"https:\/\/www.grieta.org.mx\/index.php\/category\/cintillo\/"},"img":{"alt_text":"","src":"https:\/\/i0.wp.com\/www.grieta.org.mx\/wp-content\/uploads\/2018\/11\/WhatsApp-Image-2018-11-03-at-10.51.40-2.jpeg?resize=350%2C200&ssl=1","width":350,"height":200,"srcset":"https:\/\/i0.wp.com\/www.grieta.org.mx\/wp-content\/uploads\/2018\/11\/WhatsApp-Image-2018-11-03-at-10.51.40-2.jpeg?resize=350%2C200&ssl=1 1x, https:\/\/i0.wp.com\/www.grieta.org.mx\/wp-content\/uploads\/2018\/11\/WhatsApp-Image-2018-11-03-at-10.51.40-2.jpeg?resize=525%2C300&ssl=1 1.5x, https:\/\/i0.wp.com\/www.grieta.org.mx\/wp-content\/uploads\/2018\/11\/WhatsApp-Image-2018-11-03-at-10.51.40-2.jpeg?resize=700%2C400&ssl=1 2x, https:\/\/i0.wp.com\/www.grieta.org.mx\/wp-content\/uploads\/2018\/11\/WhatsApp-Image-2018-11-03-at-10.51.40-2.jpeg?resize=1050%2C600&ssl=1 3x"},"classes":[]},{"id":38431,"url":"https:\/\/www.grieta.org.mx\/index.php\/2019\/08\/20\/registra-ciudad-de-mexico-21-feminicidios-en-siete-meses\/","url_meta":{"origin":36573,"position":4},"title":"Registra Ciudad de M\u00e9xico 21 feminicidios en siete meses","author":"grieta","date":"20 agosto, 2019","format":false,"excerpt":"Redacci\u00f3n\/Exc\u00e9lsior La capital concentr\u00f3 el 3% de los delitos cometidos en las 32 entidades federativas CIUDAD DE M\u00c9XICO. Datos del Secretariado Ejecutivo del Sistema Nacional de Seguridad P\u00fablica (SESNSP) establecen que, de diciembre de 2018 a junio de 2019, ocurrieron 21 feminicidios en la Ciudad de M\u00e9xico. Lo anterior quiere\u2026","rel":"","context":"En &quot;CINTILLO&quot;","block_context":{"text":"CINTILLO","link":"https:\/\/www.grieta.org.mx\/index.php\/category\/cintillo\/"},"img":{"alt_text":"","src":"https:\/\/i0.wp.com\/www.grieta.org.mx\/wp-content\/uploads\/2019\/08\/2204313.jpg?resize=350%2C200&ssl=1","width":350,"height":200,"srcset":"https:\/\/i0.wp.com\/www.grieta.org.mx\/wp-content\/uploads\/2019\/08\/2204313.jpg?resize=350%2C200&ssl=1 1x, https:\/\/i0.wp.com\/www.grieta.org.mx\/wp-content\/uploads\/2019\/08\/2204313.jpg?resize=525%2C300&ssl=1 1.5x"},"classes":[]},{"id":49000,"url":"https:\/\/www.grieta.org.mx\/index.php\/2020\/05\/11\/con-marcha-virtual-y-en-cdmx-madres-protestaron-por-sus-desaparecidos-este-10-de-mayo\/","url_meta":{"origin":36573,"position":5},"title":"Con marcha virtual y en CDMX, madres protestaron por sus desaparecidos este 10 de mayo","author":"grieta","date":"11 mayo, 2020","format":false,"excerpt":"Imagen tomada de: lostubos.com Los Tubos Este 10 de mayo, un grupo de madres march\u00f3 del Monumento a la Madre al \u00c1ngel de la Independencia en la Ciudad de M\u00e9xico para exigir la b\u00fasqueda de sus hijas e hijos desaparecidos, a pesar de las recomendaciones para quedarse en casa en\u2026","rel":"","context":"En &quot;CINTILLO&quot;","block_context":{"text":"CINTILLO","link":"https:\/\/www.grieta.org.mx\/index.php\/category\/cintillo\/"},"img":{"alt_text":"","src":"https:\/\/i0.wp.com\/www.grieta.org.mx\/wp-content\/uploads\/2020\/05\/Con-marcha-virtual-y-en-CDMX-madres-protestaron-por-sus-desaparecidos-este-10-de-mayo-cdmx-may.jpg?resize=350%2C200&ssl=1","width":350,"height":200,"srcset":"https:\/\/i0.wp.com\/www.grieta.org.mx\/wp-content\/uploads\/2020\/05\/Con-marcha-virtual-y-en-CDMX-madres-protestaron-por-sus-desaparecidos-este-10-de-mayo-cdmx-may.jpg?resize=350%2C200&ssl=1 1x, https:\/\/i0.wp.com\/www.grieta.org.mx\/wp-content\/uploads\/2020\/05\/Con-marcha-virtual-y-en-CDMX-madres-protestaron-por-sus-desaparecidos-este-10-de-mayo-cdmx-may.jpg?resize=525%2C300&ssl=1 1.5x, https:\/\/i0.wp.com\/www.grieta.org.mx\/wp-content\/uploads\/2020\/05\/Con-marcha-virtual-y-en-CDMX-madres-protestaron-por-sus-desaparecidos-este-10-de-mayo-cdmx-may.jpg?resize=700%2C400&ssl=1 2x"},"classes":[]}],"_links":{"self":[{"href":"https:\/\/www.grieta.org.mx\/index.php\/wp-json\/wp\/v2\/posts\/36573","targetHints":{"allow":["GET"]}}],"collection":[{"href":"https:\/\/www.grieta.org.mx\/index.php\/wp-json\/wp\/v2\/posts"}],"about":[{"href":"https:\/\/www.grieta.org.mx\/index.php\/wp-json\/wp\/v2\/types\/post"}],"author":[{"embeddable":true,"href":"https:\/\/www.grieta.org.mx\/index.php\/wp-json\/wp\/v2\/users\/2"}],"replies":[{"embeddable":true,"href":"https:\/\/www.grieta.org.mx\/index.php\/wp-json\/wp\/v2\/comments?post=36573"}],"version-history":[{"count":1,"href":"https:\/\/www.grieta.org.mx\/index.php\/wp-json\/wp\/v2\/posts\/36573\/revisions"}],"predecessor-version":[{"id":36576,"href":"https:\/\/www.grieta.org.mx\/index.php\/wp-json\/wp\/v2\/posts\/36573\/revisions\/36576"}],"wp:featuredmedia":[{"embeddable":true,"href":"https:\/\/www.grieta.org.mx\/index.php\/wp-json\/wp\/v2\/media\/36574"}],"wp:attachment":[{"href":"https:\/\/www.grieta.org.mx\/index.php\/wp-json\/wp\/v2\/media?parent=36573"}],"wp:term":[{"taxonomy":"category","embeddable":true,"href":"https:\/\/www.grieta.org.mx\/index.php\/wp-json\/wp\/v2\/categories?post=36573"},{"taxonomy":"post_tag","embeddable":true,"href":"https:\/\/www.grieta.org.mx\/index.php\/wp-json\/wp\/v2\/tags?post=36573"}],"curies":[{"name":"wp","href":"https:\/\/api.w.org\/{rel}","templated":true}]}}