{"id":36570,"date":"2019-07-11T02:52:41","date_gmt":"2019-07-11T07:52:41","guid":{"rendered":"http:\/\/www.grieta.org.mx\/?p=36570"},"modified":"2019-07-18T03:00:24","modified_gmt":"2019-07-18T08:00:24","slug":"protestan-contra-un-walmart-en-predio-de-los-bungalows-de-penafiel-puebla","status":"publish","type":"post","link":"https:\/\/www.grieta.org.mx\/index.php\/2019\/07\/11\/protestan-contra-un-walmart-en-predio-de-los-bungalows-de-penafiel-puebla\/","title":{"rendered":"Protestan contra un Walmart en predio de los bungalows de Pe\u00f1afiel (Puebla)"},"content":{"rendered":"<p><a href=\"http:\/\/www.grieta.org.mx\/wp-content\/uploads\/2019\/07\/WhatsApp-Image-2019-07-11-at-10.47.57.jpg\"><img loading=\"lazy\" decoding=\"async\" data-attachment-id=\"36571\" data-permalink=\"https:\/\/www.grieta.org.mx\/index.php\/2019\/07\/11\/protestan-contra-un-walmart-en-predio-de-los-bungalows-de-penafiel-puebla\/whatsapp-image-2019-07-11-at-10-47-57\/\" data-orig-file=\"https:\/\/www.grieta.org.mx\/wp-content\/uploads\/2019\/07\/WhatsApp-Image-2019-07-11-at-10.47.57.jpg\" data-orig-size=\"1040,780\" data-comments-opened=\"0\" data-image-meta=\"{&quot;aperture&quot;:&quot;0&quot;,&quot;credit&quot;:&quot;&quot;,&quot;camera&quot;:&quot;&quot;,&quot;caption&quot;:&quot;&quot;,&quot;created_timestamp&quot;:&quot;0&quot;,&quot;copyright&quot;:&quot;&quot;,&quot;focal_length&quot;:&quot;0&quot;,&quot;iso&quot;:&quot;0&quot;,&quot;shutter_speed&quot;:&quot;0&quot;,&quot;title&quot;:&quot;&quot;,&quot;orientation&quot;:&quot;0&quot;}\" data-image-title=\"WhatsApp-Image-2019-07-11-at-10.47.57\" data-image-description=\"\" data-image-caption=\"\" data-medium-file=\"https:\/\/www.grieta.org.mx\/wp-content\/uploads\/2019\/07\/WhatsApp-Image-2019-07-11-at-10.47.57-300x225.jpg\" data-large-file=\"https:\/\/www.grieta.org.mx\/wp-content\/uploads\/2019\/07\/WhatsApp-Image-2019-07-11-at-10.47.57-1024x768.jpg\" class=\"aligncenter wp-image-36571\" src=\"http:\/\/www.grieta.org.mx\/wp-content\/uploads\/2019\/07\/WhatsApp-Image-2019-07-11-at-10.47.57-300x225.jpg\" alt=\"\" width=\"800\" height=\"600\" srcset=\"https:\/\/www.grieta.org.mx\/wp-content\/uploads\/2019\/07\/WhatsApp-Image-2019-07-11-at-10.47.57-300x225.jpg 300w, https:\/\/www.grieta.org.mx\/wp-content\/uploads\/2019\/07\/WhatsApp-Image-2019-07-11-at-10.47.57-768x576.jpg 768w, https:\/\/www.grieta.org.mx\/wp-content\/uploads\/2019\/07\/WhatsApp-Image-2019-07-11-at-10.47.57-1024x768.jpg 1024w, https:\/\/www.grieta.org.mx\/wp-content\/uploads\/2019\/07\/WhatsApp-Image-2019-07-11-at-10.47.57-667x500.jpg 667w, https:\/\/www.grieta.org.mx\/wp-content\/uploads\/2019\/07\/WhatsApp-Image-2019-07-11-at-10.47.57.jpg 1040w\" sizes=\"auto, (max-width: 800px) 100vw, 800px\" \/><\/a><\/p>\n<p>Elizabeth Rodr\u00edguez Lezama \/ La Jornada de Oriente<\/p>\n<p>Tehuac\u00e1n. Vecinos de la junta auxiliar San Nicol\u00e1s Tetitzintla, cerraron la avenida Jos\u00e9 Garci Crespo, a la altura de la avenida Las Palmas, para manifestarse en contra del proyecto de instalaci\u00f3n de una tienda departamental de la cadena Wal Mart en la zona que ocupan los bungalows de Pe\u00f1afiel.<\/p>\n<p>Los inconformes expresaron su preocupaci\u00f3n por versiones en el sentido de que el ayuntamiento de Tehuac\u00e1n ha liberado permisos para que se lleve a cabo la construcci\u00f3n de esa tienda, lo cual implicar\u00e1 un grave da\u00f1o ecol\u00f3gico porque para ello se pretende derribar a m\u00e1s de 270 \u00e1rboles que est\u00e1n en esa zona de la ciudad.<\/p>\n<p>Seg\u00fan dijeron se trata de un pulm\u00f3n de Tehuac\u00e1n que el ayuntamiento no tiene derecho a quitarle a los ciudadanos, por lo cual exigieron que se cancele definitivamente ese proyecto por parte de las autoridades, porque es deber del gobierno anteponer el bienestar de la ciudadan\u00eda a los intereses econ\u00f3micos de los grandes monopolios.<\/p>\n<p>Fueron m\u00e1s de 100 personas las que respondieron a la convocatoria para defender los bungalows, un espacio que ha estado en medio de conflictos primero por su posesi\u00f3n y ahora por la posible construcci\u00f3n en de esa empresa, la cual se\u00f1alaron los inconformes no ser\u00e1 la propietaria del terreno, porque solo se le va a rentar.<\/p>\n<p>Ser\u00e1 un ecocidio el que se llevar\u00eda a cabo porque se derribar\u00e1n diversas especies como mezquites, laureles de la india, isotes y otros ejemplares, varios de ellos que tienen ya un tama\u00f1o superior a los 5 metros, por lo que advirtieron que van a defender esa riqueza del medio ambiente.<\/p>\n<p>Laura Castuera Arroyo, regidora de Ecolog\u00eda, junto con el director de \u00e1rea, Manuel Pereyra Estrada, se comprometieron con los inconformes a que desde ese departamento municipal no se va a liberar la factibilidad ambiental a favor de la empresa, de modo que incluso si se les dan otros permisos no habr\u00e1 aval para la construcci\u00f3n.<\/p>\n<p>Manuel Pereyra sostuvo que las autoridades municipales est\u00e1n totalmente comprometidas con el cuidado del medio ambiente por lo que no permitir\u00e1n que se cometa un ecocidio en esa zona, de modo que pidi\u00f3 el apoyo de los manifestantes para mantener comunicaci\u00f3n con el ayuntamiento y as\u00ed evitar cualquier derribo en el predio.<\/p>\n<p>Indic\u00f3 que por parte de Seguridad P\u00fablica se realizar\u00e1n rondines contantes en esa zona para vigilar que no se afecte; sin embargo, reconoci\u00f3 que es necesario contar con los vecinos para alertar ante cualquier acci\u00f3n sospechosa, de modo que solicit\u00f3 unir esfuerzos en ese objetivo.<\/p>\n<p><a href=\"http:\/\/www.lajornadadeoriente.com.mx\/puebla\/protestan-contra-un-walmart-en-predio-de-los-bungalows-de-penafiel\/\">http:\/\/www.lajornadadeoriente.com.mx\/puebla\/protestan-contra-un-walmart-en-predio-de-los-bungalows-de-penafiel\/<\/a><\/p>\n","protected":false},"excerpt":{"rendered":"<p>Elizabeth Rodr\u00edguez Lezama \/ La Jornada de Oriente Tehuac\u00e1n. Vecinos de la junta auxiliar San Nicol\u00e1s Tetitzintla, cerraron la avenida Jos\u00e9 Garci Crespo, a la altura de la avenida Las &hellip; <a href=\"https:\/\/www.grieta.org.mx\/index.php\/2019\/07\/11\/protestan-contra-un-walmart-en-predio-de-los-bungalows-de-penafiel-puebla\/\" class=\"more-link\">Leer m\u00e1s<\/a><\/p>\n","protected":false},"author":1,"featured_media":36571,"comment_status":"closed","ping_status":"closed","sticky":false,"template":"","format":"standard","meta":{"ngg_post_thumbnail":0,"_jetpack_newsletter_access":"","_jetpack_dont_email_post_to_subs":false,"_jetpack_newsletter_tier_id":0,"_jetpack_memberships_contains_paywalled_content":false,"_jetpack_memberships_contains_paid_content":false,"footnotes":""},"categories":[80,2756,2,34,1136],"tags":[223,171],"class_list":["post-36570","post","type-post","status-publish","format-standard","has-post-thumbnail","hentry","category-cintillo","category-defensa-del-medio-ambiente-en-tlaxcala","category-noticias-nacionales","category-tlaxcala","category-violencia-contra-periodistas-en-tamaulipas","tag-ecocidio","tag-walmart","entry"],"jetpack_featured_media_url":"https:\/\/www.grieta.org.mx\/wp-content\/uploads\/2019\/07\/WhatsApp-Image-2019-07-11-at-10.47.57.jpg","jetpack_sharing_enabled":true,"jetpack_shortlink":"https:\/\/wp.me\/p7ZJR4-9vQ","jetpack_likes_enabled":false,"jetpack-related-posts":[{"id":35647,"url":"https:\/\/www.grieta.org.mx\/index.php\/2019\/06\/12\/se-oponen-a-instalacion-de-walmart-en-san-nicolas-tetitzintla-puebla\/","url_meta":{"origin":36570,"position":0},"title":"Se oponen a instalaci\u00f3n de Walmart en San Nicol\u00e1s Tetitzintla (Puebla)","author":"Admin","date":"12 junio, 2019","format":false,"excerpt":"Enrique Hern\u00e1ndez \/ Municipios Puebla Tehuac\u00e1n, Pue.- Pobladores de la junta auxiliar de San Nicol\u00e1s Tetitzintla exigen que se cancelen los permisos para evitar la instalaci\u00f3n de la tienda Walmart, debido a que se cometer\u00eda un ecocidio ante la tala de unos 250 \u00e1rboles y una afectaci\u00f3n en la zona\u2026","rel":"","context":"En &quot;CINTILLO&quot;","block_context":{"text":"CINTILLO","link":"https:\/\/www.grieta.org.mx\/index.php\/category\/cintillo\/"},"img":{"alt_text":"","src":"https:\/\/i0.wp.com\/www.grieta.org.mx\/wp-content\/uploads\/2019\/06\/walmart.png?resize=350%2C200&ssl=1","width":350,"height":200,"srcset":"https:\/\/i0.wp.com\/www.grieta.org.mx\/wp-content\/uploads\/2019\/06\/walmart.png?resize=350%2C200&ssl=1 1x, https:\/\/i0.wp.com\/www.grieta.org.mx\/wp-content\/uploads\/2019\/06\/walmart.png?resize=525%2C300&ssl=1 1.5x, https:\/\/i0.wp.com\/www.grieta.org.mx\/wp-content\/uploads\/2019\/06\/walmart.png?resize=700%2C400&ssl=1 2x, https:\/\/i0.wp.com\/www.grieta.org.mx\/wp-content\/uploads\/2019\/06\/walmart.png?resize=1050%2C600&ssl=1 3x"},"classes":[]},{"id":45077,"url":"https:\/\/www.grieta.org.mx\/index.php\/2020\/01\/31\/proponen-construir-un-nuevo-gasoducto-entre-puebla-y-tlaxcala\/","url_meta":{"origin":36570,"position":1},"title":"Proponen construir un nuevo gasoducto entre Puebla y Tlaxcala","author":"Admin","date":"31 enero, 2020","format":false,"excerpt":"Berenice Mart\u00ednez \/ El Sol de Puebla La Agencia de Seguridad, Energ\u00eda y Ambiente (ASEA) del gobierno federal eval\u00faa autorizar la instalaci\u00f3n de un nuevo gasoducto en el Valle de Puebla y Tlaxcala, que contar\u00e1 con una tuber\u00eda de presi\u00f3n de 10 mil kil\u00f3metros para transportar gas natural a parques\u2026","rel":"","context":"En &quot;CINTILLO&quot;","block_context":{"text":"CINTILLO","link":"https:\/\/www.grieta.org.mx\/index.php\/category\/cintillo\/"},"img":{"alt_text":"","src":"https:\/\/i0.wp.com\/www.grieta.org.mx\/wp-content\/uploads\/2020\/02\/Foto-Cuartoscuro-1.jpg?resize=350%2C200&ssl=1","width":350,"height":200,"srcset":"https:\/\/i0.wp.com\/www.grieta.org.mx\/wp-content\/uploads\/2020\/02\/Foto-Cuartoscuro-1.jpg?resize=350%2C200&ssl=1 1x, https:\/\/i0.wp.com\/www.grieta.org.mx\/wp-content\/uploads\/2020\/02\/Foto-Cuartoscuro-1.jpg?resize=525%2C300&ssl=1 1.5x, https:\/\/i0.wp.com\/www.grieta.org.mx\/wp-content\/uploads\/2020\/02\/Foto-Cuartoscuro-1.jpg?resize=700%2C400&ssl=1 2x"},"classes":[]},{"id":6067,"url":"https:\/\/www.grieta.org.mx\/index.php\/2016\/01\/19\/mujeres-jovenes-perfil-de-desaparecidas-entre-puebla-y-tlaxcala-2\/","url_meta":{"origin":36570,"position":2},"title":"Mujeres j\u00f3venes, perfil de desaparecidas entre Puebla y Tlaxcala","author":"grieta","date":"19 enero, 2016","format":false,"excerpt":"Samantha P\u00e1ez\/e-tlaxcala El perfil de personas desaparecidas en Tlaxcala es de mujeres j\u00f3venes, de acuerdo con datos del Registro Nacional de Datos de Personas Extraviadas o Desaparecidas. De los 19 casos reportados, de 2009 a 2015, nueve son mujeres y siete de ellas tienen menos de 18 a\u00f1os de edad.\u2026","rel":"","context":"En &quot;CINTILLO&quot;","block_context":{"text":"CINTILLO","link":"https:\/\/www.grieta.org.mx\/index.php\/category\/cintillo\/"},"img":{"alt_text":"","src":"https:\/\/i0.wp.com\/www.grieta.org.mx\/wp-content\/uploads\/2018\/03\/14524434_1106112876131411_958039263622046936_o.jpg?resize=350%2C200&ssl=1","width":350,"height":200,"srcset":"https:\/\/i0.wp.com\/www.grieta.org.mx\/wp-content\/uploads\/2018\/03\/14524434_1106112876131411_958039263622046936_o.jpg?resize=350%2C200&ssl=1 1x, https:\/\/i0.wp.com\/www.grieta.org.mx\/wp-content\/uploads\/2018\/03\/14524434_1106112876131411_958039263622046936_o.jpg?resize=525%2C300&ssl=1 1.5x, https:\/\/i0.wp.com\/www.grieta.org.mx\/wp-content\/uploads\/2018\/03\/14524434_1106112876131411_958039263622046936_o.jpg?resize=700%2C400&ssl=1 2x"},"classes":[]},{"id":1698,"url":"https:\/\/www.grieta.org.mx\/index.php\/2015\/07\/17\/presenta-walmart-denuncia-penal-por-bloqueo-de-tienda-en-juchitan\/","url_meta":{"origin":36570,"position":3},"title":"Presenta Walmart denuncia penal por bloqueo de tienda en Juchit\u00e1n","author":"grieta","date":"17 julio, 2015","format":false,"excerpt":"Diario Marca, Redacci\u00f3n, Walmart de M\u00e9xico y Centroam\u00e9rica inform\u00f3 que present\u00f3 una denuncia penal contra quien resulte responsable ante el bloqueo de la tienda Bodega Aurrera ubicada en Juchit\u00e1n, Oaxaca. La tienda de conveniencia detalla en un comunicado que en el grupo que bloquea la unidad se encuentran ex empleados\u2026","rel":"","context":"En &quot;CINTILLO&quot;","block_context":{"text":"CINTILLO","link":"https:\/\/www.grieta.org.mx\/index.php\/category\/cintillo\/"},"img":{"alt_text":"","src":"https:\/\/i0.wp.com\/www.grieta.org.mx\/wp-content\/uploads\/2018\/03\/14524434_1106112876131411_958039263622046936_o.jpg?resize=350%2C200&ssl=1","width":350,"height":200,"srcset":"https:\/\/i0.wp.com\/www.grieta.org.mx\/wp-content\/uploads\/2018\/03\/14524434_1106112876131411_958039263622046936_o.jpg?resize=350%2C200&ssl=1 1x, https:\/\/i0.wp.com\/www.grieta.org.mx\/wp-content\/uploads\/2018\/03\/14524434_1106112876131411_958039263622046936_o.jpg?resize=525%2C300&ssl=1 1.5x, https:\/\/i0.wp.com\/www.grieta.org.mx\/wp-content\/uploads\/2018\/03\/14524434_1106112876131411_958039263622046936_o.jpg?resize=700%2C400&ssl=1 2x"},"classes":[]},{"id":52172,"url":"https:\/\/www.grieta.org.mx\/index.php\/2020\/07\/13\/jeidy-la-joven-indigena-que-sufrio-un-ataque-transfobico-en-puebla\/","url_meta":{"origin":36570,"position":4},"title":"Jeidy, la joven ind\u00edgena que sufri\u00f3 un ataque transf\u00f3bico en Puebla","author":"Admin","date":"13 julio, 2020","format":false,"excerpt":"Lucero Hern\u00e1ndez \/ Animal Pol\u00edtico A Jeidy le gusta lucir su cabello largo, pintarse sus labios y ojos, tomarse fotos; pero no pod\u00eda ser Jeidy todo el tiempo, se lo imped\u00edan los ojos de extra\u00f1os, en su trabajo y las miradas reprobatorias de la gente que transitaba a su lado\u2026","rel":"","context":"En &quot;CINTILLO&quot;","block_context":{"text":"CINTILLO","link":"https:\/\/www.grieta.org.mx\/index.php\/category\/cintillo\/"},"img":{"alt_text":"","src":"https:\/\/i0.wp.com\/www.grieta.org.mx\/wp-content\/uploads\/2020\/07\/jeidy-ataque-puebla.jpg?resize=350%2C200&ssl=1","width":350,"height":200,"srcset":"https:\/\/i0.wp.com\/www.grieta.org.mx\/wp-content\/uploads\/2020\/07\/jeidy-ataque-puebla.jpg?resize=350%2C200&ssl=1 1x, https:\/\/i0.wp.com\/www.grieta.org.mx\/wp-content\/uploads\/2020\/07\/jeidy-ataque-puebla.jpg?resize=525%2C300&ssl=1 1.5x, https:\/\/i0.wp.com\/www.grieta.org.mx\/wp-content\/uploads\/2020\/07\/jeidy-ataque-puebla.jpg?resize=700%2C400&ssl=1 2x"},"classes":[]},{"id":57532,"url":"https:\/\/www.grieta.org.mx\/index.php\/2021\/03\/09\/protestan-mujeres-contra-la-violencia-en-tlaxcala\/","url_meta":{"origin":36570,"position":5},"title":"Protestan mujeres contra la violencia en Tlaxcala","author":"Admin","date":"9 marzo, 2021","format":false,"excerpt":"Fabiola V\u00e1zquez \/ El Sol de Tlaxcala Cientos de mujeres alzaron la voz para pedir un alto a la violencia de g\u00e9nero en la entidad, exigir sean respetados sus derechos y cesen los feminicidios, pero en su trayecto dejaron pintas en la infraestructura hist\u00f3rica de la capital. La tarde de\u2026","rel":"","context":"En &quot;CINTILLO&quot;","block_context":{"text":"CINTILLO","link":"https:\/\/www.grieta.org.mx\/index.php\/category\/cintillo\/"},"img":{"alt_text":"","src":"https:\/\/i0.wp.com\/www.grieta.org.mx\/wp-content\/uploads\/2021\/03\/Las-manifestantes.jpg?resize=350%2C200&ssl=1","width":350,"height":200,"srcset":"https:\/\/i0.wp.com\/www.grieta.org.mx\/wp-content\/uploads\/2021\/03\/Las-manifestantes.jpg?resize=350%2C200&ssl=1 1x, https:\/\/i0.wp.com\/www.grieta.org.mx\/wp-content\/uploads\/2021\/03\/Las-manifestantes.jpg?resize=525%2C300&ssl=1 1.5x, https:\/\/i0.wp.com\/www.grieta.org.mx\/wp-content\/uploads\/2021\/03\/Las-manifestantes.jpg?resize=700%2C400&ssl=1 2x"},"classes":[]}],"_links":{"self":[{"href":"https:\/\/www.grieta.org.mx\/index.php\/wp-json\/wp\/v2\/posts\/36570","targetHints":{"allow":["GET"]}}],"collection":[{"href":"https:\/\/www.grieta.org.mx\/index.php\/wp-json\/wp\/v2\/posts"}],"about":[{"href":"https:\/\/www.grieta.org.mx\/index.php\/wp-json\/wp\/v2\/types\/post"}],"author":[{"embeddable":true,"href":"https:\/\/www.grieta.org.mx\/index.php\/wp-json\/wp\/v2\/users\/1"}],"replies":[{"embeddable":true,"href":"https:\/\/www.grieta.org.mx\/index.php\/wp-json\/wp\/v2\/comments?post=36570"}],"version-history":[{"count":1,"href":"https:\/\/www.grieta.org.mx\/index.php\/wp-json\/wp\/v2\/posts\/36570\/revisions"}],"predecessor-version":[{"id":36572,"href":"https:\/\/www.grieta.org.mx\/index.php\/wp-json\/wp\/v2\/posts\/36570\/revisions\/36572"}],"wp:featuredmedia":[{"embeddable":true,"href":"https:\/\/www.grieta.org.mx\/index.php\/wp-json\/wp\/v2\/media\/36571"}],"wp:attachment":[{"href":"https:\/\/www.grieta.org.mx\/index.php\/wp-json\/wp\/v2\/media?parent=36570"}],"wp:term":[{"taxonomy":"category","embeddable":true,"href":"https:\/\/www.grieta.org.mx\/index.php\/wp-json\/wp\/v2\/categories?post=36570"},{"taxonomy":"post_tag","embeddable":true,"href":"https:\/\/www.grieta.org.mx\/index.php\/wp-json\/wp\/v2\/tags?post=36570"}],"curies":[{"name":"wp","href":"https:\/\/api.w.org\/{rel}","templated":true}]}}