{"id":3655,"date":"2015-09-21T17:58:31","date_gmt":"2015-09-21T17:58:31","guid":{"rendered":"http:\/\/50.22.11.12\/~grietaor\/?p=3655"},"modified":"2016-03-16T18:11:51","modified_gmt":"2016-03-16T18:11:51","slug":"se-movilizan-contra-nuevos-impuestos-provocados-por-intereses-turisticos-en-bacalar-quintana-roo","status":"publish","type":"post","link":"https:\/\/www.grieta.org.mx\/index.php\/2015\/09\/21\/se-movilizan-contra-nuevos-impuestos-provocados-por-intereses-turisticos-en-bacalar-quintana-roo\/","title":{"rendered":"Se movilizan contra nuevos impuestos provocados por intereses tur\u00edsticos en Bacalar, Quintana Roo"},"content":{"rendered":"<p><strong>21\/09\/15. <\/strong><a href=\"http:\/\/grieta.org.mx\/index.php\/2015\/09\/21\/nuevos-impuestos-para-predios-costeros-en-bacalar-quintana-roo\/\">Nuevos impuestos para predios costeros en Bacalar, Quintana Roo<\/a><br \/><em>Luces del Siglo<\/em><\/p>\n","protected":false},"excerpt":{"rendered":"<p>21\/09\/15. Nuevos impuestos para predios costeros en Bacalar, Quintana RooLuces del Siglo<\/p>\n","protected":false},"author":2,"featured_media":21928,"comment_status":"closed","ping_status":"open","sticky":false,"template":"","format":"standard","meta":{"ngg_post_thumbnail":0,"_jetpack_newsletter_access":"","_jetpack_dont_email_post_to_subs":false,"_jetpack_newsletter_tier_id":0,"_jetpack_memberships_contains_paywalled_content":false,"_jetpack_memberships_contains_paid_content":false,"footnotes":""},"categories":[2,28],"tags":[],"class_list":["post-3655","post","type-post","status-publish","format-standard","has-post-thumbnail","hentry","category-noticias-nacionales","category-quintana-roo","entry"],"jetpack_featured_media_url":"https:\/\/www.grieta.org.mx\/wp-content\/uploads\/2018\/03\/14524434_1106112876131411_958039263622046936_o.jpg","jetpack_sharing_enabled":true,"jetpack_shortlink":"https:\/\/wp.me\/p7ZJR4-WX","jetpack_likes_enabled":false,"jetpack-related-posts":[{"id":3654,"url":"https:\/\/www.grieta.org.mx\/index.php\/2015\/09\/21\/nuevos-impuestos-para-predios-costeros-en-bacalar-quintana-roo\/","url_meta":{"origin":3655,"position":0},"title":"Nuevos impuestos para predios costeros en Bacalar, Quintana Roo","author":"grieta","date":"21 septiembre, 2015","format":false,"excerpt":"BACALAR, MX.- El proyecto del reglamento para el uso y explotaci\u00f3n de los m\u00e1s importantes espejos de agua del sur de Quintana Roo, contempla nuevos impuestos y derechos para todos aquellos propietarios de terrenos o casas sobre las m\u00e1rgenes de la Laguna de Bacalar, la Laguna Milagros, as\u00ed como el\u2026","rel":"","context":"En &quot;CINTILLO&quot;","block_context":{"text":"CINTILLO","link":"https:\/\/www.grieta.org.mx\/index.php\/category\/cintillo\/"},"img":{"alt_text":"","src":"https:\/\/i0.wp.com\/www.grieta.org.mx\/wp-content\/uploads\/2018\/03\/14524434_1106112876131411_958039263622046936_o.jpg?resize=350%2C200&ssl=1","width":350,"height":200,"srcset":"https:\/\/i0.wp.com\/www.grieta.org.mx\/wp-content\/uploads\/2018\/03\/14524434_1106112876131411_958039263622046936_o.jpg?resize=350%2C200&ssl=1 1x, https:\/\/i0.wp.com\/www.grieta.org.mx\/wp-content\/uploads\/2018\/03\/14524434_1106112876131411_958039263622046936_o.jpg?resize=525%2C300&ssl=1 1.5x, https:\/\/i0.wp.com\/www.grieta.org.mx\/wp-content\/uploads\/2018\/03\/14524434_1106112876131411_958039263622046936_o.jpg?resize=700%2C400&ssl=1 2x"},"classes":[]},{"id":67152,"url":"https:\/\/www.grieta.org.mx\/index.php\/2023\/07\/08\/ejercito-suspende-relleno-del-estero-de-chac-ante-quejas-de-habitantes-de-bacalar-quintana-roo\/","url_meta":{"origin":3655,"position":1},"title":"Ej\u00e9rcito suspende relleno del estero de Chac ante quejas de habitantes de Bacalar (Quintana Roo)","author":"grieta","date":"8 julio, 2023","format":false,"excerpt":"Emilio G\u00f3mez \/ Foto: Facebook Acci\u00f3n Juvenil Quintana Roo \/ La Jornada Maya Chetumal, Quintana Roo El Ej\u00e9rcito mexicano suspendi\u00f3 el relleno del estero de Chac, un canal de agua que parte de la ciudad de Chetumal, de norte a sur y que conecta a la laguna de Bacalar con\u2026","rel":"","context":"En &quot;CINTILLO&quot;","block_context":{"text":"CINTILLO","link":"https:\/\/www.grieta.org.mx\/index.php\/category\/cintillo\/"},"img":{"alt_text":"","src":"https:\/\/i0.wp.com\/www.grieta.org.mx\/wp-content\/uploads\/2023\/07\/RellenoChetumal-e1688839701794.jpg?resize=350%2C200&ssl=1","width":350,"height":200,"srcset":"https:\/\/i0.wp.com\/www.grieta.org.mx\/wp-content\/uploads\/2023\/07\/RellenoChetumal-e1688839701794.jpg?resize=350%2C200&ssl=1 1x, https:\/\/i0.wp.com\/www.grieta.org.mx\/wp-content\/uploads\/2023\/07\/RellenoChetumal-e1688839701794.jpg?resize=525%2C300&ssl=1 1.5x, https:\/\/i0.wp.com\/www.grieta.org.mx\/wp-content\/uploads\/2023\/07\/RellenoChetumal-e1688839701794.jpg?resize=700%2C400&ssl=1 2x"},"classes":[]},{"id":3010,"url":"https:\/\/www.grieta.org.mx\/index.php\/2015\/03\/11\/protestan-contra-cambio-de-horario-en-quintana-roo\/","url_meta":{"origin":3655,"position":2},"title":"Protestan contra cambio de horario en Quintana Roo","author":"grieta","date":"11 marzo, 2015","format":false,"excerpt":"11\/03\/15. Padres de familia se oponen a otro cambio de horarioNovedadedes Quintana Roo (Sipse) 21\/02\/15. Bacalar, recaban firmas para cancelar el nuevo uso horarioBacalar News 19\/02\/15. Promueven amparos masivos contra el cambio de horario en Quintana RooProceso","rel":"","context":"En &quot;NOTICIAS NACIONALES&quot;","block_context":{"text":"NOTICIAS NACIONALES","link":"https:\/\/www.grieta.org.mx\/index.php\/category\/noticias-nacionales\/"},"img":{"alt_text":"","src":"https:\/\/i0.wp.com\/www.grieta.org.mx\/wp-content\/uploads\/2018\/03\/14524434_1106112876131411_958039263622046936_o.jpg?resize=350%2C200&ssl=1","width":350,"height":200,"srcset":"https:\/\/i0.wp.com\/www.grieta.org.mx\/wp-content\/uploads\/2018\/03\/14524434_1106112876131411_958039263622046936_o.jpg?resize=350%2C200&ssl=1 1x, https:\/\/i0.wp.com\/www.grieta.org.mx\/wp-content\/uploads\/2018\/03\/14524434_1106112876131411_958039263622046936_o.jpg?resize=525%2C300&ssl=1 1.5x, https:\/\/i0.wp.com\/www.grieta.org.mx\/wp-content\/uploads\/2018\/03\/14524434_1106112876131411_958039263622046936_o.jpg?resize=700%2C400&ssl=1 2x"},"classes":[]},{"id":70049,"url":"https:\/\/www.grieta.org.mx\/index.php\/2024\/10\/06\/bacalar-bloquean-carretera-familiares-de-4-trabajadores-desaparecidos-quintana-roo\/","url_meta":{"origin":3655,"position":3},"title":"Bacalar: Bloquean carretera familiares de 4 trabajadores desaparecidos (Quintana Roo)","author":"grieta","date":"6 octubre, 2024","format":false,"excerpt":"Noticaribe BACALAR.- Familiares de los cuatro trabajadores de una empresa de carne que desaparecieron el jueves pasado en Bacalar bloquearon esta tarde la carretera Chetumal-Huaypix, para exigir a las autoridades la localizaci\u00f3n de estos hombres. Este bloqueo carretero comenz\u00f3 a las 5 de la tarde, cuando familiares y amigos de\u2026","rel":"","context":"En &quot;acciones por desaparecidos&quot;","block_context":{"text":"acciones por desaparecidos","link":"https:\/\/www.grieta.org.mx\/index.php\/category\/noticias-nacionales\/quintana-roo\/acciones-por-desaparecidos\/"},"img":{"alt_text":"","src":"https:\/\/i0.wp.com\/www.grieta.org.mx\/wp-content\/uploads\/2024\/10\/Bloqueo-e1728266620171.jpg?resize=350%2C200&ssl=1","width":350,"height":200,"srcset":"https:\/\/i0.wp.com\/www.grieta.org.mx\/wp-content\/uploads\/2024\/10\/Bloqueo-e1728266620171.jpg?resize=350%2C200&ssl=1 1x, https:\/\/i0.wp.com\/www.grieta.org.mx\/wp-content\/uploads\/2024\/10\/Bloqueo-e1728266620171.jpg?resize=525%2C300&ssl=1 1.5x, https:\/\/i0.wp.com\/www.grieta.org.mx\/wp-content\/uploads\/2024\/10\/Bloqueo-e1728266620171.jpg?resize=700%2C400&ssl=1 2x"},"classes":[]},{"id":71587,"url":"https:\/\/www.grieta.org.mx\/index.php\/2025\/04\/15\/juez-ordena-a-militares-detener-obra-en-bacalar-y-pide-a-la-semarnat-verificar-si-hay-afectaciones-quintana-roo\/","url_meta":{"origin":3655,"position":4},"title":"Juez ordena a militares detener obra en Bacalar y pide a la Semarnat verificar si hay afectaciones (Quintana Roo)","author":"grieta","date":"15 abril, 2025","format":false,"excerpt":"Claudia V. Arriaga Dur\u00e1n \/ Revista Proceso BACALAR, Q. Roo (apro).- Habitantes de Quintana Roo obtuvieron un amparo que ordena a la Secretar\u00eda de la Defensa Nacional (Sedena) detener la construcci\u00f3n que realiza frente a la Laguna de Bacalar, y solicita a la Secretar\u00eda del Medio Ambiente y Recursos Naturales\u2026","rel":"","context":"En &quot;CINTILLO&quot;","block_context":{"text":"CINTILLO","link":"https:\/\/www.grieta.org.mx\/index.php\/category\/cintillo\/"},"img":{"alt_text":"","src":"https:\/\/i0.wp.com\/www.grieta.org.mx\/wp-content\/uploads\/2025\/04\/BacalarDetenida-e1744757607259.jpg?resize=350%2C200&ssl=1","width":350,"height":200,"srcset":"https:\/\/i0.wp.com\/www.grieta.org.mx\/wp-content\/uploads\/2025\/04\/BacalarDetenida-e1744757607259.jpg?resize=350%2C200&ssl=1 1x, https:\/\/i0.wp.com\/www.grieta.org.mx\/wp-content\/uploads\/2025\/04\/BacalarDetenida-e1744757607259.jpg?resize=525%2C300&ssl=1 1.5x, https:\/\/i0.wp.com\/www.grieta.org.mx\/wp-content\/uploads\/2025\/04\/BacalarDetenida-e1744757607259.jpg?resize=700%2C400&ssl=1 2x"},"classes":[]},{"id":71727,"url":"https:\/\/www.grieta.org.mx\/index.php\/2025\/05\/16\/ejidatarios-rechazan-intento-de-imponer-area-natural-protegida-en-bacalar-quintana-roo\/","url_meta":{"origin":3655,"position":5},"title":"Ejidatarios rechazan intento de imponer \u00e1rea natural protegida en Bacalar (Quintana Roo)","author":"grieta","date":"16 mayo, 2025","format":false,"excerpt":"Efra\u00edn Castro \/ El Heraldo de M\u00e9xico QUINTANA ROO Se\u00f1alan antecedentes similares en Sian Ka\u2019an y acusan que este tipo de medidas frena el desarrollo econ\u00f3mico y desplaza a los habitantes locales bajo el pretexto de la conservaci\u00f3n ambiental. Representantes ejidales y organizaciones comunitarias del sur de Quintana Roo alertaron\u2026","rel":"","context":"En &quot;\u00c1reas naturales protegidas&quot;","block_context":{"text":"\u00c1reas naturales protegidas","link":"https:\/\/www.grieta.org.mx\/index.php\/category\/megaproyectos\/areas-naturales-protegidas\/"},"img":{"alt_text":"","src":"https:\/\/i0.wp.com\/www.grieta.org.mx\/wp-content\/uploads\/2025\/05\/Ejidos-e1747658089111.jpg?resize=350%2C200&ssl=1","width":350,"height":200,"srcset":"https:\/\/i0.wp.com\/www.grieta.org.mx\/wp-content\/uploads\/2025\/05\/Ejidos-e1747658089111.jpg?resize=350%2C200&ssl=1 1x, https:\/\/i0.wp.com\/www.grieta.org.mx\/wp-content\/uploads\/2025\/05\/Ejidos-e1747658089111.jpg?resize=525%2C300&ssl=1 1.5x, https:\/\/i0.wp.com\/www.grieta.org.mx\/wp-content\/uploads\/2025\/05\/Ejidos-e1747658089111.jpg?resize=700%2C400&ssl=1 2x"},"classes":[]}],"_links":{"self":[{"href":"https:\/\/www.grieta.org.mx\/index.php\/wp-json\/wp\/v2\/posts\/3655","targetHints":{"allow":["GET"]}}],"collection":[{"href":"https:\/\/www.grieta.org.mx\/index.php\/wp-json\/wp\/v2\/posts"}],"about":[{"href":"https:\/\/www.grieta.org.mx\/index.php\/wp-json\/wp\/v2\/types\/post"}],"author":[{"embeddable":true,"href":"https:\/\/www.grieta.org.mx\/index.php\/wp-json\/wp\/v2\/users\/2"}],"replies":[{"embeddable":true,"href":"https:\/\/www.grieta.org.mx\/index.php\/wp-json\/wp\/v2\/comments?post=3655"}],"version-history":[{"count":1,"href":"https:\/\/www.grieta.org.mx\/index.php\/wp-json\/wp\/v2\/posts\/3655\/revisions"}],"predecessor-version":[{"id":3658,"href":"https:\/\/www.grieta.org.mx\/index.php\/wp-json\/wp\/v2\/posts\/3655\/revisions\/3658"}],"wp:featuredmedia":[{"embeddable":true,"href":"https:\/\/www.grieta.org.mx\/index.php\/wp-json\/wp\/v2\/media\/21928"}],"wp:attachment":[{"href":"https:\/\/www.grieta.org.mx\/index.php\/wp-json\/wp\/v2\/media?parent=3655"}],"wp:term":[{"taxonomy":"category","embeddable":true,"href":"https:\/\/www.grieta.org.mx\/index.php\/wp-json\/wp\/v2\/categories?post=3655"},{"taxonomy":"post_tag","embeddable":true,"href":"https:\/\/www.grieta.org.mx\/index.php\/wp-json\/wp\/v2\/tags?post=3655"}],"curies":[{"name":"wp","href":"https:\/\/api.w.org\/{rel}","templated":true}]}}