{"id":3654,"date":"2015-09-21T17:37:53","date_gmt":"2015-09-21T17:37:53","guid":{"rendered":"http:\/\/50.22.11.12\/~grietaor\/?p=3654"},"modified":"2016-03-16T18:10:46","modified_gmt":"2016-03-16T18:10:46","slug":"nuevos-impuestos-para-predios-costeros-en-bacalar-quintana-roo","status":"publish","type":"post","link":"https:\/\/www.grieta.org.mx\/index.php\/2015\/09\/21\/nuevos-impuestos-para-predios-costeros-en-bacalar-quintana-roo\/","title":{"rendered":"Nuevos impuestos para predios costeros en Bacalar, Quintana Roo"},"content":{"rendered":"<p>BACALAR, MX.- El proyecto del reglamento para el uso y explotaci\u00f3n de los m\u00e1s importantes espejos de agua del sur de Quintana Roo, contempla nuevos impuestos y derechos para todos aquellos propietarios de terrenos o casas sobre las m\u00e1rgenes de la Laguna de Bacalar, la Laguna Milagros, as\u00ed como el R\u00edo Hondo, publica este lunes Luces del Siglo en su peri\u00f3dico digital.<\/p>\n<p>Dicho reglamento surge a ra\u00edz de la concesi\u00f3n que la Secretar\u00eda de Comunicaciones y Transportes (SCT) le otorg\u00f3 al gobierno del estado para el uso y explotaci\u00f3n de 16 mil 542 hect\u00e1reas de espejos de agua.<\/p>\n<p>La concesi\u00f3n qued\u00f3 en poder de la paraestatal Administraci\u00f3n Portuaria Integral de Quintana Roo (Apiqroo), que se encarg\u00f3 de la elaboraci\u00f3n del reglamento y ser\u00e1 la responsable de cobrar los nuevos impuestos y derechos.<\/p>\n<p>Ante un grupo de habitantes de Bacalar que temen ser despojados de sus terrenos, Erce Barr\u00f3n Barrera, director de Apiqroo, explic\u00f3 que se trata de regular el uso ordenado y la explotaci\u00f3n de los cuerpos de agua, no despojar de su propiedad a alguien.<\/p>\n<p>El funcionario adelant\u00f3 que a partir de la expedici\u00f3n del reglamento, programado para febrero de 2016, los habitantes con propiedades sobre las m\u00e1rgenes de estos espejos de agua, deber\u00e1n pagar por su aprovechamiento.<\/p>\n<p>Para ejemplificar su dicho, explic\u00f3 que por cada muelle construido dentro de la Laguna de Bacalar, los propietarios deber\u00e1n pagar 7.5 por ciento del avalu\u00f3 anual de la construcci\u00f3n,<\/p>\n<p>\u201cVan a pagar m\u00e1s o menos 3 mil pesos cada a\u00f1o por tener frente a sus predios dentro del agua un muelle valuado en alrededor en cincuenta mil pesos\u201d, cit\u00f3.<\/p>\n<p>Barr\u00f3n Barrera a\u00f1adi\u00f3 que dentro del reglamento tambi\u00e9n se estar\u00e1n emitiendo lineamientos y porcentajes para el cobro de introducci\u00f3n de lanchas, motos acu\u00e1ticas, construcci\u00f3n de palafitos y hasta balnearios concesionados que se utilicen con fines comerciales.<\/p>\n<p>La noticia sobre el proyecto del reglamento para los espejos de agua, moviliz\u00f3 a los habitantes de la Laguna Guerrero, la Laguna Milagros, la Ribera del Rio Hondo, as\u00ed como posesionarios de predios en los esteros tur\u00edsticos cercanos a la Laguna de Bacalar, para rechazar el pago de nuevos impuestos y derechos.<\/p>\n<p>Aglutinados en el Comit\u00e9 Pro Defensa de la Laguna de Bacalar y los predios costeros, reclamaron que el pretendido reglamento de Apiqroo permitir\u00e1 la explotaci\u00f3n irracional de los cuerpos de agua y provocar\u00e1 un desorden y devastaci\u00f3n del entorno ecol\u00f3gico.<\/p>\n<p>Pero su mayor temor es que podr\u00edan ser desplazados de sus propiedades ante el embate de los grandes capitales que buscar\u00edan desarrollar a gran escala los predios costeros, aumentando la afectaci\u00f3n a la flora y a la fauna del lugar.<\/p>\n<p><a href=\"http:\/\/www.lucesdelsiglo.com\/index.php\/noticias\/nuevos-impuestos-para-predios-costeros-en-bacalar\/12675\" target=\"_blank\">http:\/\/www.lucesdelsiglo.com\/index.php\/noticias\/nuevos-impuestos-para-predios-costeros-en-bacalar\/12675<\/a><\/p>\n","protected":false},"excerpt":{"rendered":"<p>BACALAR, MX.- El proyecto del reglamento para el uso y explotaci\u00f3n de los m\u00e1s importantes espejos de agua del sur de Quintana Roo, contempla nuevos impuestos y derechos para todos &hellip; <a href=\"https:\/\/www.grieta.org.mx\/index.php\/2015\/09\/21\/nuevos-impuestos-para-predios-costeros-en-bacalar-quintana-roo\/\" class=\"more-link\">Leer m\u00e1s<\/a><\/p>\n","protected":false},"author":2,"featured_media":21928,"comment_status":"closed","ping_status":"open","sticky":false,"template":"","format":"standard","meta":{"ngg_post_thumbnail":0,"_jetpack_newsletter_access":"","_jetpack_dont_email_post_to_subs":false,"_jetpack_newsletter_tier_id":0,"_jetpack_memberships_contains_paywalled_content":false,"_jetpack_memberships_contains_paid_content":false,"footnotes":""},"categories":[80,151],"tags":[315,314],"class_list":["post-3654","post","type-post","status-publish","format-standard","has-post-thumbnail","hentry","category-cintillo","category-quintana-roo","tag-bacalar","tag-impuestos","entry"],"jetpack_featured_media_url":"https:\/\/www.grieta.org.mx\/wp-content\/uploads\/2018\/03\/14524434_1106112876131411_958039263622046936_o.jpg","jetpack_sharing_enabled":true,"jetpack_shortlink":"https:\/\/wp.me\/p7ZJR4-WW","jetpack_likes_enabled":false,"jetpack-related-posts":[{"id":3655,"url":"https:\/\/www.grieta.org.mx\/index.php\/2015\/09\/21\/se-movilizan-contra-nuevos-impuestos-provocados-por-intereses-turisticos-en-bacalar-quintana-roo\/","url_meta":{"origin":3654,"position":0},"title":"Se movilizan contra nuevos impuestos provocados por intereses tur\u00edsticos en Bacalar, Quintana Roo","author":"grieta","date":"21 septiembre, 2015","format":false,"excerpt":"21\/09\/15. Nuevos impuestos para predios costeros en Bacalar, Quintana RooLuces del Siglo","rel":"","context":"En &quot;NOTICIAS NACIONALES&quot;","block_context":{"text":"NOTICIAS NACIONALES","link":"https:\/\/www.grieta.org.mx\/index.php\/category\/noticias-nacionales\/"},"img":{"alt_text":"","src":"https:\/\/i0.wp.com\/www.grieta.org.mx\/wp-content\/uploads\/2018\/03\/14524434_1106112876131411_958039263622046936_o.jpg?resize=350%2C200&ssl=1","width":350,"height":200,"srcset":"https:\/\/i0.wp.com\/www.grieta.org.mx\/wp-content\/uploads\/2018\/03\/14524434_1106112876131411_958039263622046936_o.jpg?resize=350%2C200&ssl=1 1x, https:\/\/i0.wp.com\/www.grieta.org.mx\/wp-content\/uploads\/2018\/03\/14524434_1106112876131411_958039263622046936_o.jpg?resize=525%2C300&ssl=1 1.5x, https:\/\/i0.wp.com\/www.grieta.org.mx\/wp-content\/uploads\/2018\/03\/14524434_1106112876131411_958039263622046936_o.jpg?resize=700%2C400&ssl=1 2x"},"classes":[]},{"id":67152,"url":"https:\/\/www.grieta.org.mx\/index.php\/2023\/07\/08\/ejercito-suspende-relleno-del-estero-de-chac-ante-quejas-de-habitantes-de-bacalar-quintana-roo\/","url_meta":{"origin":3654,"position":1},"title":"Ej\u00e9rcito suspende relleno del estero de Chac ante quejas de habitantes de Bacalar (Quintana Roo)","author":"grieta","date":"8 julio, 2023","format":false,"excerpt":"Emilio G\u00f3mez \/ Foto: Facebook Acci\u00f3n Juvenil Quintana Roo \/ La Jornada Maya Chetumal, Quintana Roo El Ej\u00e9rcito mexicano suspendi\u00f3 el relleno del estero de Chac, un canal de agua que parte de la ciudad de Chetumal, de norte a sur y que conecta a la laguna de Bacalar con\u2026","rel":"","context":"En &quot;CINTILLO&quot;","block_context":{"text":"CINTILLO","link":"https:\/\/www.grieta.org.mx\/index.php\/category\/cintillo\/"},"img":{"alt_text":"","src":"https:\/\/i0.wp.com\/www.grieta.org.mx\/wp-content\/uploads\/2023\/07\/RellenoChetumal-e1688839701794.jpg?resize=350%2C200&ssl=1","width":350,"height":200,"srcset":"https:\/\/i0.wp.com\/www.grieta.org.mx\/wp-content\/uploads\/2023\/07\/RellenoChetumal-e1688839701794.jpg?resize=350%2C200&ssl=1 1x, https:\/\/i0.wp.com\/www.grieta.org.mx\/wp-content\/uploads\/2023\/07\/RellenoChetumal-e1688839701794.jpg?resize=525%2C300&ssl=1 1.5x, https:\/\/i0.wp.com\/www.grieta.org.mx\/wp-content\/uploads\/2023\/07\/RellenoChetumal-e1688839701794.jpg?resize=700%2C400&ssl=1 2x"},"classes":[]},{"id":71587,"url":"https:\/\/www.grieta.org.mx\/index.php\/2025\/04\/15\/juez-ordena-a-militares-detener-obra-en-bacalar-y-pide-a-la-semarnat-verificar-si-hay-afectaciones-quintana-roo\/","url_meta":{"origin":3654,"position":2},"title":"Juez ordena a militares detener obra en Bacalar y pide a la Semarnat verificar si hay afectaciones (Quintana Roo)","author":"grieta","date":"15 abril, 2025","format":false,"excerpt":"Claudia V. Arriaga Dur\u00e1n \/ Revista Proceso BACALAR, Q. Roo (apro).- Habitantes de Quintana Roo obtuvieron un amparo que ordena a la Secretar\u00eda de la Defensa Nacional (Sedena) detener la construcci\u00f3n que realiza frente a la Laguna de Bacalar, y solicita a la Secretar\u00eda del Medio Ambiente y Recursos Naturales\u2026","rel":"","context":"En &quot;CINTILLO&quot;","block_context":{"text":"CINTILLO","link":"https:\/\/www.grieta.org.mx\/index.php\/category\/cintillo\/"},"img":{"alt_text":"","src":"https:\/\/i0.wp.com\/www.grieta.org.mx\/wp-content\/uploads\/2025\/04\/BacalarDetenida-e1744757607259.jpg?resize=350%2C200&ssl=1","width":350,"height":200,"srcset":"https:\/\/i0.wp.com\/www.grieta.org.mx\/wp-content\/uploads\/2025\/04\/BacalarDetenida-e1744757607259.jpg?resize=350%2C200&ssl=1 1x, https:\/\/i0.wp.com\/www.grieta.org.mx\/wp-content\/uploads\/2025\/04\/BacalarDetenida-e1744757607259.jpg?resize=525%2C300&ssl=1 1.5x, https:\/\/i0.wp.com\/www.grieta.org.mx\/wp-content\/uploads\/2025\/04\/BacalarDetenida-e1744757607259.jpg?resize=700%2C400&ssl=1 2x"},"classes":[]},{"id":3010,"url":"https:\/\/www.grieta.org.mx\/index.php\/2015\/03\/11\/protestan-contra-cambio-de-horario-en-quintana-roo\/","url_meta":{"origin":3654,"position":3},"title":"Protestan contra cambio de horario en Quintana Roo","author":"grieta","date":"11 marzo, 2015","format":false,"excerpt":"11\/03\/15. Padres de familia se oponen a otro cambio de horarioNovedadedes Quintana Roo (Sipse) 21\/02\/15. Bacalar, recaban firmas para cancelar el nuevo uso horarioBacalar News 19\/02\/15. Promueven amparos masivos contra el cambio de horario en Quintana RooProceso","rel":"","context":"En &quot;NOTICIAS NACIONALES&quot;","block_context":{"text":"NOTICIAS NACIONALES","link":"https:\/\/www.grieta.org.mx\/index.php\/category\/noticias-nacionales\/"},"img":{"alt_text":"","src":"https:\/\/i0.wp.com\/www.grieta.org.mx\/wp-content\/uploads\/2018\/03\/14524434_1106112876131411_958039263622046936_o.jpg?resize=350%2C200&ssl=1","width":350,"height":200,"srcset":"https:\/\/i0.wp.com\/www.grieta.org.mx\/wp-content\/uploads\/2018\/03\/14524434_1106112876131411_958039263622046936_o.jpg?resize=350%2C200&ssl=1 1x, https:\/\/i0.wp.com\/www.grieta.org.mx\/wp-content\/uploads\/2018\/03\/14524434_1106112876131411_958039263622046936_o.jpg?resize=525%2C300&ssl=1 1.5x, https:\/\/i0.wp.com\/www.grieta.org.mx\/wp-content\/uploads\/2018\/03\/14524434_1106112876131411_958039263622046936_o.jpg?resize=700%2C400&ssl=1 2x"},"classes":[]},{"id":69463,"url":"https:\/\/www.grieta.org.mx\/index.php\/2024\/08\/25\/alarman-danos-a-estero-de-chac-hay-visible-coloracion-de-agua-quintna-roo\/","url_meta":{"origin":3654,"position":4},"title":"Alarman da\u00f1os a Estero de Chac, hay visible coloraci\u00f3n de agua (Quintna Roo)","author":"grieta","date":"25 agosto, 2024","format":false,"excerpt":"REDACCI\u00d3N \/ GRUPO CANT\u00d3N \/ Quintana Roo Hoy Acusan expertos que los espacios para las obras interfieren con el flujo de agua, afectando al cauce y a la laguna CANC\u00daN.- Las obras del Tren Maya en Quintana Roo han sido se\u00f1aladas de afectar de nuevo los humedales, en este caso\u2026","rel":"","context":"En &quot;CINTILLO&quot;","block_context":{"text":"CINTILLO","link":"https:\/\/www.grieta.org.mx\/index.php\/category\/cintillo\/"},"img":{"alt_text":"","src":"https:\/\/i0.wp.com\/www.grieta.org.mx\/wp-content\/uploads\/2024\/08\/Estero-e1724699059158.jpg?resize=350%2C200&ssl=1","width":350,"height":200,"srcset":"https:\/\/i0.wp.com\/www.grieta.org.mx\/wp-content\/uploads\/2024\/08\/Estero-e1724699059158.jpg?resize=350%2C200&ssl=1 1x, https:\/\/i0.wp.com\/www.grieta.org.mx\/wp-content\/uploads\/2024\/08\/Estero-e1724699059158.jpg?resize=525%2C300&ssl=1 1.5x, https:\/\/i0.wp.com\/www.grieta.org.mx\/wp-content\/uploads\/2024\/08\/Estero-e1724699059158.jpg?resize=700%2C400&ssl=1 2x"},"classes":[]},{"id":71727,"url":"https:\/\/www.grieta.org.mx\/index.php\/2025\/05\/16\/ejidatarios-rechazan-intento-de-imponer-area-natural-protegida-en-bacalar-quintana-roo\/","url_meta":{"origin":3654,"position":5},"title":"Ejidatarios rechazan intento de imponer \u00e1rea natural protegida en Bacalar (Quintana Roo)","author":"grieta","date":"16 mayo, 2025","format":false,"excerpt":"Efra\u00edn Castro \/ El Heraldo de M\u00e9xico QUINTANA ROO Se\u00f1alan antecedentes similares en Sian Ka\u2019an y acusan que este tipo de medidas frena el desarrollo econ\u00f3mico y desplaza a los habitantes locales bajo el pretexto de la conservaci\u00f3n ambiental. Representantes ejidales y organizaciones comunitarias del sur de Quintana Roo alertaron\u2026","rel":"","context":"En &quot;\u00c1reas naturales protegidas&quot;","block_context":{"text":"\u00c1reas naturales protegidas","link":"https:\/\/www.grieta.org.mx\/index.php\/category\/megaproyectos\/areas-naturales-protegidas\/"},"img":{"alt_text":"","src":"https:\/\/i0.wp.com\/www.grieta.org.mx\/wp-content\/uploads\/2025\/05\/Ejidos-e1747658089111.jpg?resize=350%2C200&ssl=1","width":350,"height":200,"srcset":"https:\/\/i0.wp.com\/www.grieta.org.mx\/wp-content\/uploads\/2025\/05\/Ejidos-e1747658089111.jpg?resize=350%2C200&ssl=1 1x, https:\/\/i0.wp.com\/www.grieta.org.mx\/wp-content\/uploads\/2025\/05\/Ejidos-e1747658089111.jpg?resize=525%2C300&ssl=1 1.5x, https:\/\/i0.wp.com\/www.grieta.org.mx\/wp-content\/uploads\/2025\/05\/Ejidos-e1747658089111.jpg?resize=700%2C400&ssl=1 2x"},"classes":[]}],"_links":{"self":[{"href":"https:\/\/www.grieta.org.mx\/index.php\/wp-json\/wp\/v2\/posts\/3654","targetHints":{"allow":["GET"]}}],"collection":[{"href":"https:\/\/www.grieta.org.mx\/index.php\/wp-json\/wp\/v2\/posts"}],"about":[{"href":"https:\/\/www.grieta.org.mx\/index.php\/wp-json\/wp\/v2\/types\/post"}],"author":[{"embeddable":true,"href":"https:\/\/www.grieta.org.mx\/index.php\/wp-json\/wp\/v2\/users\/2"}],"replies":[{"embeddable":true,"href":"https:\/\/www.grieta.org.mx\/index.php\/wp-json\/wp\/v2\/comments?post=3654"}],"version-history":[{"count":1,"href":"https:\/\/www.grieta.org.mx\/index.php\/wp-json\/wp\/v2\/posts\/3654\/revisions"}],"predecessor-version":[{"id":3657,"href":"https:\/\/www.grieta.org.mx\/index.php\/wp-json\/wp\/v2\/posts\/3654\/revisions\/3657"}],"wp:featuredmedia":[{"embeddable":true,"href":"https:\/\/www.grieta.org.mx\/index.php\/wp-json\/wp\/v2\/media\/21928"}],"wp:attachment":[{"href":"https:\/\/www.grieta.org.mx\/index.php\/wp-json\/wp\/v2\/media?parent=3654"}],"wp:term":[{"taxonomy":"category","embeddable":true,"href":"https:\/\/www.grieta.org.mx\/index.php\/wp-json\/wp\/v2\/categories?post=3654"},{"taxonomy":"post_tag","embeddable":true,"href":"https:\/\/www.grieta.org.mx\/index.php\/wp-json\/wp\/v2\/tags?post=3654"}],"curies":[{"name":"wp","href":"https:\/\/api.w.org\/{rel}","templated":true}]}}