{"id":36463,"date":"2019-07-16T09:29:31","date_gmt":"2019-07-16T14:29:31","guid":{"rendered":"http:\/\/www.grieta.org.mx\/?p=36463"},"modified":"2019-07-17T09:38:56","modified_gmt":"2019-07-17T14:38:56","slug":"no-hay-buenas-noticias-para-michoacan-se-desploma-la-generacion-de-empleo","status":"publish","type":"post","link":"https:\/\/www.grieta.org.mx\/index.php\/2019\/07\/16\/no-hay-buenas-noticias-para-michoacan-se-desploma-la-generacion-de-empleo\/","title":{"rendered":"No hay buenas noticias para Michoac\u00e1n: Se desploma la generaci\u00f3n de empleo"},"content":{"rendered":"<figure id=\"attachment_36464\" aria-describedby=\"caption-attachment-36464\" style=\"width: 800px\" class=\"wp-caption aligncenter\"><img loading=\"lazy\" decoding=\"async\" data-attachment-id=\"36464\" data-permalink=\"https:\/\/www.grieta.org.mx\/index.php\/2019\/07\/16\/no-hay-buenas-noticias-para-michoacan-se-desploma-la-generacion-de-empleo\/desempleo-1024x683\/\" data-orig-file=\"https:\/\/www.grieta.org.mx\/wp-content\/uploads\/2019\/07\/DESEMPLEO-1024x683.jpg\" data-orig-size=\"1024,683\" data-comments-opened=\"0\" data-image-meta=\"{&quot;aperture&quot;:&quot;0&quot;,&quot;credit&quot;:&quot;&quot;,&quot;camera&quot;:&quot;&quot;,&quot;caption&quot;:&quot;&quot;,&quot;created_timestamp&quot;:&quot;0&quot;,&quot;copyright&quot;:&quot;&quot;,&quot;focal_length&quot;:&quot;0&quot;,&quot;iso&quot;:&quot;0&quot;,&quot;shutter_speed&quot;:&quot;0&quot;,&quot;title&quot;:&quot;&quot;,&quot;orientation&quot;:&quot;0&quot;}\" data-image-title=\"DESEMPLEO-1024&amp;#215;683\" data-image-description=\"\" data-image-caption=\"&lt;p&gt;Imagen: Enrique Santiago. En el primer semestre de este a\u00f1o se registr\u00f3 una importante p\u00e9rdida de empleo formal, este panorama no se hab\u00eda visto desde 2013. &lt;\/p&gt;\n\" data-medium-file=\"https:\/\/www.grieta.org.mx\/wp-content\/uploads\/2019\/07\/DESEMPLEO-1024x683-300x200.jpg\" data-large-file=\"https:\/\/www.grieta.org.mx\/wp-content\/uploads\/2019\/07\/DESEMPLEO-1024x683-1024x683.jpg\" class=\"wp-image-36464\" src=\"http:\/\/www.grieta.org.mx\/wp-content\/uploads\/2019\/07\/DESEMPLEO-1024x683-300x200.jpg\" alt=\"\" width=\"800\" height=\"534\" srcset=\"https:\/\/www.grieta.org.mx\/wp-content\/uploads\/2019\/07\/DESEMPLEO-1024x683-300x200.jpg 300w, https:\/\/www.grieta.org.mx\/wp-content\/uploads\/2019\/07\/DESEMPLEO-1024x683-768x512.jpg 768w, https:\/\/www.grieta.org.mx\/wp-content\/uploads\/2019\/07\/DESEMPLEO-1024x683.jpg 1024w, https:\/\/www.grieta.org.mx\/wp-content\/uploads\/2019\/07\/DESEMPLEO-1024x683-750x500.jpg 750w\" sizes=\"auto, (max-width: 800px) 100vw, 800px\" \/><figcaption id=\"caption-attachment-36464\" class=\"wp-caption-text\">Imagen: Enrique Santiago. En el primer semestre de este a\u00f1o se registr\u00f3 una importante p\u00e9rdida de empleo formal, este panorama no se hab\u00eda visto desde 2013.Foto: La Voz de Michoac\u00e1n<\/figcaption><\/figure>\n<p>&nbsp;<\/p>\n<p>Maricruz Rios\/ La Voz de Michoac\u00e1n, 16 de julio de 2019<\/p>\n<p>Morelia, Michoac\u00e1n. La desaceleraci\u00f3n en la generaci\u00f3n de empleos alcanz\u00f3 su cuota m\u00e1s preocupante en Michoac\u00e1n desde el 2013, al finalizar el primer semestre de este a\u00f1o.<\/p>\n<p>De acuerdo con la Secretar\u00eda de Trabajo y Previsi\u00f3n Social, actualmente hay en el estado 446 mil 900 trabajadores formales, contra los 447 mil 924 que hab\u00eda a finales del a\u00f1o pasado.<\/p>\n<p>Esto quiere decir que no s\u00f3lo no se est\u00e1n abriendo nuevas plazas, sino se est\u00e1n perdiendo, o no se est\u00e1n generando empleos en la misma medida en la que se est\u00e1n cerrando, por lo que hoy hay mil 024 menos trabajadores formalmente registrados ante el Instituto Mexicano del Seguro Social, menos que en diciembre de 2018.<\/p>\n<p>A manera de desglose y en comparativa, la STPS se\u00f1ala que en el primer semestre de 2018 se hab\u00edan concretado 7 mil 127 nuevas plazas de empleo, mientras que en los primeros 6 meses del 2019 se perdieron mil 024, lo que significa un desplome del 85 por ciento en la generaci\u00f3n de trabajos dentro del r\u00e9gimen formal.<\/p>\n<p>De acuerdo con las perspectivas originales, pese al cambio de r\u00e9gimen en el Gobierno Federal se esperaba que la entidad alcanzara una cuota de 15 mil empleos generados, hacia final de 2019.<\/p>\n<p>Tras un arranque incierto, la meta se redujo a 12 mil empleos para el mes de febrero. Tras la p\u00e9rdida de empleos entre abril y mayo, el Colegio de Economistas en el Estado de Michoac\u00e1n (CEEM) volvi\u00f3 a reducir su expectativa y calcul\u00f3 que se generar\u00edan unos 11 mil 260 empleos, cifra que probablemente sea nuevamente reajustada, ante el punto cr\u00edtico m\u00e1s bajo en los \u00faltimos a\u00f1os en cuanto a generaci\u00f3n de nuevas plazas.<\/p>\n<p>El desempe\u00f1o de las principales variables econ\u00f3micas se estima redunden en una reducci\u00f3n de las oportunidades del trabajo formal en la entidad, contribuyendo con ello a la contracci\u00f3n del mercado interno y a un menor crecimiento\u201d, puntualiz\u00f3 Heliodoro Gil Corona, l\u00edder de Proyectos Estrat\u00e9gicos del CEEM.<\/p>\n<p><strong>Panorama del pa\u00eds, complejo<\/strong><\/p>\n<p>El economista ha se\u00f1alado que diferentes factores convergen para el actual panorama, entre los se encuentran la pugna comercial entre Estados Unidos y China, que arrastra colateralmente a M\u00e9xico; la econom\u00eda proteccionista de Estados Unidos, y un eventual fortalecimiento de la misma, con miras a la reelecci\u00f3n de Donald Trump y una serie de decisiones y acciones del gobierno federal que han puesto a los mercados y las inversiones en la incertidumbre.<\/p>\n<p>El gobierno de la cuarta transformaci\u00f3n, en sus primeros siete meses, enfrenta una contracci\u00f3n de la econom\u00eda real mexicana\u201d, opin\u00f3 sobre este tema.<\/p>\n<p>Heliodoro Gil record\u00f3 que no s\u00f3lo las calificadores e instituciones financieras han reducido sus calificaciones y perspectivas de crecimiento econ\u00f3mica, a las cuales suele descalificar el presidente Andr\u00e9s Manuel L\u00f3pez Obrador, sino que la misma Secretar\u00eda de Hacienda y el Banco de M\u00e9xico han ajustado, todos, el panorama de crecimiento a la baja.<\/p>\n<p>El Banco de M\u00e9xico baj\u00f3 su proyecci\u00f3n de crecimiento econ\u00f3mico desde una inicial de 2.2 por ciento a 1.3 por ciento, y por su parte la Secretar\u00eda de Hacienda y Cr\u00e9dito P\u00fablico (SHCP) la disminuye de 2.0 a 1.6 por ciento.<\/p>\n<p>Esto finalmente ha repercutido en la confianza de las empresas en realizar inversiones, en la apertura de nuevas plantas, en la generaci\u00f3n de nuevas plazas y en la contracci\u00f3n de las ya existentes.<\/p>\n<p>A nivel nacional el panorama resulta similar. Pese a los dichos de que el presidente Andr\u00e9s Manuel L\u00f3pez Obrador tiene otros datos, lo que dicen sus instituciones oficiales retratan una ca\u00edda del 39 por ciento en la creaci\u00f3n nuevas plazas formales.<\/p>\n<p><a href=\"https:\/\/lavozdemichoacan.com.mx\/dinero\/se-desploma-la-generacion-de-empleo-en-michoacan\/\">https:\/\/lavozdemichoacan.com.mx\/dinero\/se-desploma-la-generacion-de-empleo-en-michoacan\/<\/a><\/p>\n","protected":false},"excerpt":{"rendered":"<p>&nbsp; Maricruz Rios\/ La Voz de Michoac\u00e1n, 16 de julio de 2019 Morelia, Michoac\u00e1n. La desaceleraci\u00f3n en la generaci\u00f3n de empleos alcanz\u00f3 su cuota m\u00e1s preocupante en Michoac\u00e1n desde el &hellip; <a href=\"https:\/\/www.grieta.org.mx\/index.php\/2019\/07\/16\/no-hay-buenas-noticias-para-michoacan-se-desploma-la-generacion-de-empleo\/\" class=\"more-link\">Leer m\u00e1s<\/a><\/p>\n","protected":false},"author":2,"featured_media":36464,"comment_status":"closed","ping_status":"closed","sticky":false,"template":"","format":"standard","meta":{"ngg_post_thumbnail":0,"_jetpack_newsletter_access":"","_jetpack_dont_email_post_to_subs":false,"_jetpack_newsletter_tier_id":0,"_jetpack_memberships_contains_paywalled_content":false,"_jetpack_memberships_contains_paid_content":false,"footnotes":""},"categories":[80,999,21,2752],"tags":[859,1291,1290],"class_list":["post-36463","post","type-post","status-publish","format-standard","has-post-thumbnail","hentry","category-cintillo","category-conflictos-laborales-en-michoacan","category-michoacan","category-precariedad-laboral-en-michoacan","tag-desempleo","tag-explotacion-laboral","tag-precariedad-laboral","entry"],"jetpack_featured_media_url":"https:\/\/www.grieta.org.mx\/wp-content\/uploads\/2019\/07\/DESEMPLEO-1024x683.jpg","jetpack_sharing_enabled":true,"jetpack_shortlink":"https:\/\/wp.me\/p7ZJR4-9u7","jetpack_likes_enabled":false,"jetpack-related-posts":[{"id":38702,"url":"https:\/\/www.grieta.org.mx\/index.php\/2019\/09\/02\/mas-de-82-bajo-en-michoacan-la-generacion-de-empleo\/","url_meta":{"origin":36463,"position":0},"title":"M\u00e1s de 82% baj\u00f3 en Michoac\u00e1n la generaci\u00f3n de empleo","author":"grieta","date":"2 septiembre, 2019","format":false,"excerpt":"Ireri Pi\u00f1a \/ Contramuro, Michoac\u00e1n, 02 de septiembre de 2019 En t\u00e9rminos acumulados de julio 2018 a julio 2019, se reporta un desplome de 61.9 por ciento Morelia, Michoac\u00e1n.- En los primeros sietes meses del a\u00f1o se registr\u00f3 una reducci\u00f3n de 82.8 por ciento en generaci\u00f3n de empleo, seg\u00fan datos\u2026","rel":"","context":"En &quot;CINTILLO&quot;","block_context":{"text":"CINTILLO","link":"https:\/\/www.grieta.org.mx\/index.php\/category\/cintillo\/"},"img":{"alt_text":"","src":"https:\/\/i0.wp.com\/www.grieta.org.mx\/wp-content\/uploads\/2019\/09\/2904681b-c08f-4fba-90b9-4611612c6ad6.jpg?resize=350%2C200&ssl=1","width":350,"height":200,"srcset":"https:\/\/i0.wp.com\/www.grieta.org.mx\/wp-content\/uploads\/2019\/09\/2904681b-c08f-4fba-90b9-4611612c6ad6.jpg?resize=350%2C200&ssl=1 1x, https:\/\/i0.wp.com\/www.grieta.org.mx\/wp-content\/uploads\/2019\/09\/2904681b-c08f-4fba-90b9-4611612c6ad6.jpg?resize=525%2C300&ssl=1 1.5x, https:\/\/i0.wp.com\/www.grieta.org.mx\/wp-content\/uploads\/2019\/09\/2904681b-c08f-4fba-90b9-4611612c6ad6.jpg?resize=700%2C400&ssl=1 2x, https:\/\/i0.wp.com\/www.grieta.org.mx\/wp-content\/uploads\/2019\/09\/2904681b-c08f-4fba-90b9-4611612c6ad6.jpg?resize=1050%2C600&ssl=1 3x"},"classes":[]},{"id":35442,"url":"https:\/\/www.grieta.org.mx\/index.php\/2019\/06\/24\/se-agudiza-crisis-en-sector-educativo-de-michoacan\/","url_meta":{"origin":36463,"position":1},"title":"Se agudiza crisis en sector educativo de Michoac\u00e1n","author":"grieta","date":"24 junio, 2019","format":false,"excerpt":"Desde este mes ya no habr\u00e1 recursos para el pago de salarios de profesores; UMSNH con una situaci\u00f3n similar Ireri Pi\u00f1a \/Contramuro, 24 de junio de 2019 Morelia, Michoac\u00e1n.- La crisis en el sector educativo de Michoac\u00e1n estaba prevista desde el principio de a\u00f1o, incluso, el magisterio michoacano pidi\u00f3 al\u2026","rel":"","context":"En &quot;CINTILLO&quot;","block_context":{"text":"CINTILLO","link":"https:\/\/www.grieta.org.mx\/index.php\/category\/cintillo\/"},"img":{"alt_text":"","src":"https:\/\/i0.wp.com\/www.grieta.org.mx\/wp-content\/uploads\/2019\/06\/533990b4-d945-4393-91ca-19347a4e7e92.jpg?resize=350%2C200&ssl=1","width":350,"height":200,"srcset":"https:\/\/i0.wp.com\/www.grieta.org.mx\/wp-content\/uploads\/2019\/06\/533990b4-d945-4393-91ca-19347a4e7e92.jpg?resize=350%2C200&ssl=1 1x, https:\/\/i0.wp.com\/www.grieta.org.mx\/wp-content\/uploads\/2019\/06\/533990b4-d945-4393-91ca-19347a4e7e92.jpg?resize=525%2C300&ssl=1 1.5x, https:\/\/i0.wp.com\/www.grieta.org.mx\/wp-content\/uploads\/2019\/06\/533990b4-d945-4393-91ca-19347a4e7e92.jpg?resize=700%2C400&ssl=1 2x, https:\/\/i0.wp.com\/www.grieta.org.mx\/wp-content\/uploads\/2019\/06\/533990b4-d945-4393-91ca-19347a4e7e92.jpg?resize=1050%2C600&ssl=1 3x"},"classes":[]},{"id":42851,"url":"https:\/\/www.grieta.org.mx\/index.php\/2019\/11\/29\/mas-de-la-mitad-de-los-michoacanos-gana-menos-de-6-mil-pesos-al-mes\/","url_meta":{"origin":36463,"position":2},"title":"M\u00e1s de la mitad de los michoacanos gana menos de 6 mil pesos al mes","author":"grieta","date":"29 noviembre, 2019","format":false,"excerpt":"A pesar que se mantiene la generaci\u00f3n de nuevas plazas laborales, buena parte de ellas no responden las necesidades de los michoacanos Maricruz Rios \/ La Voz de Michoac\u00e1n, 29 de noviembre de 2019 Morelia, Michoac\u00e1n. \u201cTanto los salarios como los trabajos formales e informales en el estado son excesivamente\u2026","rel":"","context":"En &quot;CINTILLO&quot;","block_context":{"text":"CINTILLO","link":"https:\/\/www.grieta.org.mx\/index.php\/category\/cintillo\/"},"img":{"alt_text":"","src":"https:\/\/i0.wp.com\/www.grieta.org.mx\/wp-content\/uploads\/2020\/01\/pobreza.jpg?resize=350%2C200&ssl=1","width":350,"height":200,"srcset":"https:\/\/i0.wp.com\/www.grieta.org.mx\/wp-content\/uploads\/2020\/01\/pobreza.jpg?resize=350%2C200&ssl=1 1x, https:\/\/i0.wp.com\/www.grieta.org.mx\/wp-content\/uploads\/2020\/01\/pobreza.jpg?resize=525%2C300&ssl=1 1.5x, https:\/\/i0.wp.com\/www.grieta.org.mx\/wp-content\/uploads\/2020\/01\/pobreza.jpg?resize=700%2C400&ssl=1 2x"},"classes":[]},{"id":67606,"url":"https:\/\/www.grieta.org.mx\/index.php\/2023\/05\/15\/insuficiente-el-incremento-salarial-a-los-maestros-cnte-michoacan\/","url_meta":{"origin":36463,"position":3},"title":"Insuficiente, el incremento salarial a los maestros: CNTE (Michoac\u00e1n)","author":"grieta","date":"15 mayo, 2023","format":false,"excerpt":"Dirigente de fracci\u00f3n magisterial se\u00f1ala que el aumento debe superar al 10 por ciento, dado que los aumentos no se aplican directa a ingresos","rel":"","context":"En &quot;CINTILLO&quot;","block_context":{"text":"CINTILLO","link":"https:\/\/www.grieta.org.mx\/index.php\/category\/cintillo\/"},"img":{"alt_text":"","src":"https:\/\/i0.wp.com\/www.grieta.org.mx\/wp-content\/uploads\/2023\/09\/CNTE-2-marcha-acg.jpg?resize=350%2C200&ssl=1","width":350,"height":200,"srcset":"https:\/\/i0.wp.com\/www.grieta.org.mx\/wp-content\/uploads\/2023\/09\/CNTE-2-marcha-acg.jpg?resize=350%2C200&ssl=1 1x, https:\/\/i0.wp.com\/www.grieta.org.mx\/wp-content\/uploads\/2023\/09\/CNTE-2-marcha-acg.jpg?resize=525%2C300&ssl=1 1.5x, https:\/\/i0.wp.com\/www.grieta.org.mx\/wp-content\/uploads\/2023\/09\/CNTE-2-marcha-acg.jpg?resize=700%2C400&ssl=1 2x, https:\/\/i0.wp.com\/www.grieta.org.mx\/wp-content\/uploads\/2023\/09\/CNTE-2-marcha-acg.jpg?resize=1050%2C600&ssl=1 3x, https:\/\/i0.wp.com\/www.grieta.org.mx\/wp-content\/uploads\/2023\/09\/CNTE-2-marcha-acg.jpg?resize=1400%2C800&ssl=1 4x"},"classes":[]},{"id":64297,"url":"https:\/\/www.grieta.org.mx\/index.php\/2022\/05\/12\/enfermeras-en-michoacan-entre-la-precariedad-laboral-la-inestabilidad-y-la-falta-de-insumos-para-trabajar\/","url_meta":{"origin":36463,"position":4},"title":"Enfermeras en Michoac\u00e1n: entre la precariedad laboral, la inestabilidad y la falta de insumos para trabajar","author":"grieta","date":"12 mayo, 2022","format":false,"excerpt":"En el D\u00eda de la Enfermera, profesionales de esta \u00e1rea de la medicina marcharon en Morelia para externar sus demandas de mejores condiciones laborales Juan Bustos \/ La Voz de Michoac\u00e1n, 12 de mayo de 2022 Morelia, Michoac\u00e1n. Las condiciones de las enfermeras tras la pandemia de COVID-19 son iguales\u2026","rel":"","context":"En &quot;CINTILLO&quot;","block_context":{"text":"CINTILLO","link":"https:\/\/www.grieta.org.mx\/index.php\/category\/cintillo\/"},"img":{"alt_text":"","src":"https:\/\/i0.wp.com\/www.grieta.org.mx\/wp-content\/uploads\/2022\/05\/manifestacio%CC%81n-enfermeras-1.jpeg?resize=350%2C200&ssl=1","width":350,"height":200,"srcset":"https:\/\/i0.wp.com\/www.grieta.org.mx\/wp-content\/uploads\/2022\/05\/manifestacio%CC%81n-enfermeras-1.jpeg?resize=350%2C200&ssl=1 1x, https:\/\/i0.wp.com\/www.grieta.org.mx\/wp-content\/uploads\/2022\/05\/manifestacio%CC%81n-enfermeras-1.jpeg?resize=525%2C300&ssl=1 1.5x, https:\/\/i0.wp.com\/www.grieta.org.mx\/wp-content\/uploads\/2022\/05\/manifestacio%CC%81n-enfermeras-1.jpeg?resize=700%2C400&ssl=1 2x"},"classes":[]},{"id":30180,"url":"https:\/\/www.grieta.org.mx\/index.php\/2019\/03\/04\/adeuda-see-4-mdp-a-126-trabajadores-del-telebachillerato-comunitario-de-michoacan\/","url_meta":{"origin":36463,"position":5},"title":"Adeuda SEE 4 mdp a 126 trabajadores del Telebachillerato Comunitario de Michoac\u00e1n","author":"grieta","date":"4 marzo, 2019","format":false,"excerpt":"Ernesto Hern\u00e1ndez Doblas \/Cambio de Michoac\u00e1n Morelia, Michoac\u00e1n, 04 de marzo de 2019.- Poco m\u00e1s de cuatro millones de pesos se les debe a 126 trabajadores del Telebachillerato Comunitario de Michoac\u00e1n. Esto, por salarios que desde comienzos del 2019 no se les han pagado adem\u00e1s del incremento salarial retroactivo del\u2026","rel":"","context":"En &quot;CINTILLO&quot;","block_context":{"text":"CINTILLO","link":"https:\/\/www.grieta.org.mx\/index.php\/category\/cintillo\/"},"img":{"alt_text":"","src":"https:\/\/i0.wp.com\/www.grieta.org.mx\/wp-content\/uploads\/2019\/03\/9a89105cdbaba3b2156f1cfc6a3c47d7webb.jpg?resize=350%2C200&ssl=1","width":350,"height":200,"srcset":"https:\/\/i0.wp.com\/www.grieta.org.mx\/wp-content\/uploads\/2019\/03\/9a89105cdbaba3b2156f1cfc6a3c47d7webb.jpg?resize=350%2C200&ssl=1 1x, https:\/\/i0.wp.com\/www.grieta.org.mx\/wp-content\/uploads\/2019\/03\/9a89105cdbaba3b2156f1cfc6a3c47d7webb.jpg?resize=525%2C300&ssl=1 1.5x, https:\/\/i0.wp.com\/www.grieta.org.mx\/wp-content\/uploads\/2019\/03\/9a89105cdbaba3b2156f1cfc6a3c47d7webb.jpg?resize=700%2C400&ssl=1 2x, https:\/\/i0.wp.com\/www.grieta.org.mx\/wp-content\/uploads\/2019\/03\/9a89105cdbaba3b2156f1cfc6a3c47d7webb.jpg?resize=1050%2C600&ssl=1 3x"},"classes":[]}],"_links":{"self":[{"href":"https:\/\/www.grieta.org.mx\/index.php\/wp-json\/wp\/v2\/posts\/36463","targetHints":{"allow":["GET"]}}],"collection":[{"href":"https:\/\/www.grieta.org.mx\/index.php\/wp-json\/wp\/v2\/posts"}],"about":[{"href":"https:\/\/www.grieta.org.mx\/index.php\/wp-json\/wp\/v2\/types\/post"}],"author":[{"embeddable":true,"href":"https:\/\/www.grieta.org.mx\/index.php\/wp-json\/wp\/v2\/users\/2"}],"replies":[{"embeddable":true,"href":"https:\/\/www.grieta.org.mx\/index.php\/wp-json\/wp\/v2\/comments?post=36463"}],"version-history":[{"count":1,"href":"https:\/\/www.grieta.org.mx\/index.php\/wp-json\/wp\/v2\/posts\/36463\/revisions"}],"predecessor-version":[{"id":36467,"href":"https:\/\/www.grieta.org.mx\/index.php\/wp-json\/wp\/v2\/posts\/36463\/revisions\/36467"}],"wp:featuredmedia":[{"embeddable":true,"href":"https:\/\/www.grieta.org.mx\/index.php\/wp-json\/wp\/v2\/media\/36464"}],"wp:attachment":[{"href":"https:\/\/www.grieta.org.mx\/index.php\/wp-json\/wp\/v2\/media?parent=36463"}],"wp:term":[{"taxonomy":"category","embeddable":true,"href":"https:\/\/www.grieta.org.mx\/index.php\/wp-json\/wp\/v2\/categories?post=36463"},{"taxonomy":"post_tag","embeddable":true,"href":"https:\/\/www.grieta.org.mx\/index.php\/wp-json\/wp\/v2\/tags?post=36463"}],"curies":[{"name":"wp","href":"https:\/\/api.w.org\/{rel}","templated":true}]}}