{"id":36430,"date":"2019-07-16T22:01:00","date_gmt":"2019-07-17T03:01:00","guid":{"rendered":"http:\/\/www.grieta.org.mx\/?p=36430"},"modified":"2019-07-16T23:57:27","modified_gmt":"2019-07-17T04:57:27","slug":"derrame-en-mar-de-cortes-seria-mayor-al-reportado-marcharan-contra-grupo-mexico-sonora","status":"publish","type":"post","link":"https:\/\/www.grieta.org.mx\/index.php\/2019\/07\/16\/derrame-en-mar-de-cortes-seria-mayor-al-reportado-marcharan-contra-grupo-mexico-sonora\/","title":{"rendered":"Derrame en Mar de Cort\u00e9s ser\u00eda mayor al reportado; marchar\u00e1n contra Grupo M\u00e9xico (Sonora)"},"content":{"rendered":"<p>Milton Mart\u00ednez \/ Proceso.<\/p>\n<p><img loading=\"lazy\" decoding=\"async\" data-attachment-id=\"36431\" data-permalink=\"https:\/\/www.grieta.org.mx\/index.php\/2019\/07\/16\/derrame-en-mar-de-cortes-seria-mayor-al-reportado-marcharan-contra-grupo-mexico-sonora\/derrame\/\" data-orig-file=\"https:\/\/www.grieta.org.mx\/wp-content\/uploads\/2019\/07\/Derrame.jpg\" data-orig-size=\"735,403\" data-comments-opened=\"0\" data-image-meta=\"{&quot;aperture&quot;:&quot;0&quot;,&quot;credit&quot;:&quot;&quot;,&quot;camera&quot;:&quot;&quot;,&quot;caption&quot;:&quot;&quot;,&quot;created_timestamp&quot;:&quot;0&quot;,&quot;copyright&quot;:&quot;&quot;,&quot;focal_length&quot;:&quot;0&quot;,&quot;iso&quot;:&quot;0&quot;,&quot;shutter_speed&quot;:&quot;0&quot;,&quot;title&quot;:&quot;&quot;,&quot;orientation&quot;:&quot;0&quot;}\" data-image-title=\"Derrame\" data-image-description=\"\" data-image-caption=\"\" data-medium-file=\"https:\/\/www.grieta.org.mx\/wp-content\/uploads\/2019\/07\/Derrame-300x164.jpg\" data-large-file=\"https:\/\/www.grieta.org.mx\/wp-content\/uploads\/2019\/07\/Derrame.jpg\" class=\"alignleft wp-image-36431\" src=\"http:\/\/www.grieta.org.mx\/wp-content\/uploads\/2019\/07\/Derrame-300x164.jpg\" alt=\"\" width=\"780\" height=\"428\" srcset=\"https:\/\/www.grieta.org.mx\/wp-content\/uploads\/2019\/07\/Derrame-300x164.jpg 300w, https:\/\/www.grieta.org.mx\/wp-content\/uploads\/2019\/07\/Derrame.jpg 735w\" sizes=\"auto, (max-width: 780px) 100vw, 780px\" \/><br \/>\nDerrame de \u00e1cido sulf\u00farico en el mar de Cort\u00e9s. Foto: Especial.<\/p>\n<p>GUAYMAS, Son. (apro).\u2013 El derrame de \u00e1cido sulf\u00farico en el Mar de Cort\u00e9s podr\u00eda haber sido superior al inicialmente reportado por Metal\u00fargica del Cobre SA de CV, subsidiaria de Grupo M\u00e9xico.<\/p>\n<p>Un empleado de la minera que solicit\u00f3 el anonimato dijo a Apro que la empresa no ha logrado precisar la cantidad de \u00e1cido derramado, pues el derrame se prolong\u00f3 por m\u00e1s de media hora.<\/p>\n<p>Explic\u00f3 que el \u00e1cido sulf\u00farico form\u00f3 una laguna en las instalaciones de la empresa y, eventualmente, alcanz\u00f3 un canal de drenaje pluvial que descarga directamente en el mar.<\/p>\n<p>Agreg\u00f3 que es normal que los empleados hagan las conexiones del trasvase y se retiren del lugar. Fue por ello que el derrame se prolong\u00f3 por m\u00e1s de media hora y no fueron s\u00f3lo tres metros c\u00fabicos, como asegura la minera.<\/p>\n<p>Por otra parte, se inform\u00f3 que, pese a la contingencia ambiental, Metal\u00fargica del Cobre orden\u00f3 que se cargaran los 18 mil litros de \u00e1cido sulf\u00farico y, al cabo de 24 horas, el nav\u00edo responsable del transporte ya hab\u00eda partido de la Terminal Mar\u00edtima de Guaymas.<\/p>\n<p>\u201cNo hay foco rojo\u201d<\/p>\n<p>El Administrador Portuario Integral de Guaymas (Apiguay), Abraham Larios, sostuvo que no hay \u201cfocos rojos\u201d en esta terminal mar\u00edtima.<\/p>\n<p>\u201cNo hay mayor afectaci\u00f3n, salvo el agua que pudiera estar contaminada, y hacia adentro, el derrame estuvo controlado r\u00e1pidamente, las instalaciones no tienen un foco rojo o una alerta y las operaciones se siguen manejando\u201d, dijo el directivo.<\/p>\n<p>En una reuni\u00f3n que sostuvo con los diputados del Congreso de Sonora, Carlos Navarrete y Magdalena Uribe, as\u00ed como con representantes de los medios de comunicaci\u00f3n, Larios adelant\u00f3 que si existieran irregularidades al interior del consorcio se suspender\u00eda la concesi\u00f3n que inici\u00f3 en 1993 y tiene como fecha final en 2035.<\/p>\n<p>\u201cSi nosotros encontr\u00e1ramos un riesgo para el personal y el medio ambiente, se puede hacer una suspensi\u00f3n de operaciones, y un poco m\u00e1s all\u00e1 de la suspensi\u00f3n, se tiene que iniciar un tr\u00e1mite de revocaci\u00f3n de la concesi\u00f3n parcial de derechos, con fundamentos y pruebas, en donde se establezca que no est\u00e1n cumpliendo con el contrato que se les dio\u201d, puntualiz\u00f3 el responsable de Apiguay.<\/p>\n<p>Convocan a una marcha<\/p>\n<p>En un recorrido realizado por los legisladores locales, un grupo de pescadores afirm\u00f3 que las ventas de mariscos descendieron 90% en los \u00faltimos siete d\u00edas, desde la fuga t\u00f3xica.<\/p>\n<p>Paralelamente, en Hermosillo, se convoc\u00f3 en redes sociales a una manifestaci\u00f3n ciudadana contra Grupo M\u00e9xico.<\/p>\n<p>Los inconformes citaron a la poblaci\u00f3n para el pr\u00f3ximo mi\u00e9rcoles 17, a las seis de la tarde, en las instalaciones del Grupo M\u00e9xico de Hermosillo.<\/p>\n<p>\u201cConvocamos a todas las personas con conciencia ecol\u00f3gica a manifestarnos para exigir que se retire la concesi\u00f3n minera a Grupo M\u00e9xico por su demostrada actitud criminal y ecocida\u201d, dice la convocatoria.<\/p>\n<p>Luego denuncia: \u201cGrupo M\u00e9xico de Germ\u00e1n Feliciano Larrea Mota Velasco ha mostrado de forma reiterada que no le importa nada, ni sus trabajadores, ni las comunidades donde invade, ni el medio ambiente. No podemos seguir permitiendo que estas empresas par\u00e1sitas y explotadora sigan destruyendo nuestro planeta impunemente\u201d.<\/p>\n<p>Y al final resalta: \u201cDemostremos que los hermosillenses no aceptamos la destrucci\u00f3n ecol\u00f3gica de nuestras playas, r\u00edos, desiertos y bosques \u00a1Fuera GRUPO M\u00e9xico de Sonora!\u201d.<\/p>\n<p><a href=\"https:\/\/www.proceso.com.mx\/592611\/derrame-en-mar-de-cortes-seria-mayor-al-reportado-marcharan-contra-grupo-mexico#\" target=\"_blank\" rel=\"noopener noreferrer\">https:\/\/www.proceso.com.mx\/592611\/derrame-en-mar-de-cortes-seria-mayor-al-reportado-marcharan-contra-grupo-mexico#<\/a><\/p>\n","protected":false},"excerpt":{"rendered":"<p>Milton Mart\u00ednez \/ Proceso. Derrame de \u00e1cido sulf\u00farico en el mar de Cort\u00e9s. Foto: Especial. GUAYMAS, Son. (apro).\u2013 El derrame de \u00e1cido sulf\u00farico en el Mar de Cort\u00e9s podr\u00eda haber &hellip; <a href=\"https:\/\/www.grieta.org.mx\/index.php\/2019\/07\/16\/derrame-en-mar-de-cortes-seria-mayor-al-reportado-marcharan-contra-grupo-mexico-sonora\/\" class=\"more-link\">Leer m\u00e1s<\/a><\/p>\n","protected":false},"author":2,"featured_media":36431,"comment_status":"closed","ping_status":"closed","sticky":false,"template":"","format":"standard","meta":{"ngg_post_thumbnail":0,"_jetpack_newsletter_access":"","_jetpack_dont_email_post_to_subs":false,"_jetpack_newsletter_tier_id":0,"_jetpack_memberships_contains_paywalled_content":false,"_jetpack_memberships_contains_paid_content":false,"footnotes":""},"categories":[80,2557,1462,2215,2,31],"tags":[1546,2733,485,2734],"class_list":["post-36430","post","type-post","status-publish","format-standard","has-post-thumbnail","hentry","category-cintillo","category-contaminacion-y-danos-a-la-naturaleza-por-megaproyectos","category-contaminacion-y-danos-a-la-salud-por-mineria-en-sonora","category-mineria-en-sonora","category-noticias-nacionales","category-sonora","tag-contaminacion-aguas-marinas","tag-contaminacion-marina-por-mineria","tag-grupo-mexico","tag-mar-de-cortes","entry"],"jetpack_featured_media_url":"https:\/\/www.grieta.org.mx\/wp-content\/uploads\/2019\/07\/Derrame.jpg","jetpack_sharing_enabled":true,"jetpack_shortlink":"https:\/\/wp.me\/p7ZJR4-9tA","jetpack_likes_enabled":false,"jetpack-related-posts":[{"id":36195,"url":"https:\/\/www.grieta.org.mx\/index.php\/2019\/07\/11\/derrame-de-acido-en-guaymas-provocara-muerte-de-fauna-y-flora-en-mar-de-cortes-investigador-sonora\/","url_meta":{"origin":36430,"position":0},"title":"Derrame de \u00e1cido en Guaymas provocar\u00e1 muerte de fauna y flora en Mar de Cort\u00e9s: Investigador (Sonora)","author":"grieta","date":"11 julio, 2019","format":false,"excerpt":"Ra\u00fal Flores Mart\u00ednezRa\u00fal Flores Mart\u00ednez El Mar de Cort\u00e9s vive una contingencia ambiental con el derrame de tres mil litros de \u00e1cido sulf\u00farico, ocasionado por la fuga de un tanque en la Terminal Mar\u00edtima de Guaymas, Sonora, lo que va a provocar afectaciones severas en la vida de la flora\u2026","rel":"","context":"En &quot;CINTILLO&quot;","block_context":{"text":"CINTILLO","link":"https:\/\/www.grieta.org.mx\/index.php\/category\/cintillo\/"},"img":{"alt_text":"","src":"https:\/\/i0.wp.com\/www.grieta.org.mx\/wp-content\/uploads\/2019\/07\/Mar-Cort%C3%A9s-1.jpg?resize=350%2C200&ssl=1","width":350,"height":200,"srcset":"https:\/\/i0.wp.com\/www.grieta.org.mx\/wp-content\/uploads\/2019\/07\/Mar-Cort%C3%A9s-1.jpg?resize=350%2C200&ssl=1 1x, https:\/\/i0.wp.com\/www.grieta.org.mx\/wp-content\/uploads\/2019\/07\/Mar-Cort%C3%A9s-1.jpg?resize=525%2C300&ssl=1 1.5x, https:\/\/i0.wp.com\/www.grieta.org.mx\/wp-content\/uploads\/2019\/07\/Mar-Cort%C3%A9s-1.jpg?resize=700%2C400&ssl=1 2x"},"classes":[]},{"id":36173,"url":"https:\/\/www.grieta.org.mx\/index.php\/2019\/07\/11\/grupo-mexico-de-german-larrea-derrama-ahora-3000-litros-de-acido-sulfurico-en-mar-de-cortes-sonora\/","url_meta":{"origin":36430,"position":1},"title":"Grupo M\u00e9xico, de Germ\u00e1n Larrea, derrama ahora 3,000 litros de \u00e1cido sulf\u00farico en Mar de Cort\u00e9s (Sonora)","author":"grieta","date":"11 julio, 2019","format":false,"excerpt":"Redacci\u00f3n\/ SIN EMBARGO La empresa asegur\u00f3 que dio aviso a la Administraci\u00f3n Portuaria Integral de Guaymas y a la Secretar\u00eda de Marina, dependencia que estuvo presente en el lugar y al constatar que la situaci\u00f3n estaba controlada determin\u00f3 que no era necesario activar un plan de emergencia. Ciudad de M\u00e9xico,\u2026","rel":"","context":"En &quot;CINTILLO&quot;","block_context":{"text":"CINTILLO","link":"https:\/\/www.grieta.org.mx\/index.php\/category\/cintillo\/"},"img":{"alt_text":"","src":"https:\/\/i0.wp.com\/www.grieta.org.mx\/wp-content\/uploads\/2019\/07\/grupo-mexico-mar-de-cortes.jpg?resize=350%2C200&ssl=1","width":350,"height":200,"srcset":"https:\/\/i0.wp.com\/www.grieta.org.mx\/wp-content\/uploads\/2019\/07\/grupo-mexico-mar-de-cortes.jpg?resize=350%2C200&ssl=1 1x, https:\/\/i0.wp.com\/www.grieta.org.mx\/wp-content\/uploads\/2019\/07\/grupo-mexico-mar-de-cortes.jpg?resize=525%2C300&ssl=1 1.5x, https:\/\/i0.wp.com\/www.grieta.org.mx\/wp-content\/uploads\/2019\/07\/grupo-mexico-mar-de-cortes.jpg?resize=700%2C400&ssl=1 2x, https:\/\/i0.wp.com\/www.grieta.org.mx\/wp-content\/uploads\/2019\/07\/grupo-mexico-mar-de-cortes.jpg?resize=1050%2C600&ssl=1 3x"},"classes":[]},{"id":36286,"url":"https:\/\/www.grieta.org.mx\/index.php\/2019\/07\/14\/aparecen-muertos-lobo-marino-tortuga-y-peces-en-playas-de-guaymas-usuarios-de-redes-lo-relacionan-con-derrame-de-acido-sulfurico-de-grupo-mexico-sonora\/","url_meta":{"origin":36430,"position":2},"title":"Aparecen muertos lobo marino, tortuga y peces en playas de Guaymas; usuarios de redes lo relacionan con derrame de \u00e1cido sulf\u00farico de Grupo M\u00e9xico (Sonora)","author":"grieta","date":"14 julio, 2019","format":false,"excerpt":"Astrid Arellano\/ PROYECTO PUENTE En las redes sociales ahora circulan las im\u00e1genes de un lobo marino muerto que la corriente arrastr\u00f3 hasta la orilla de la playa en San Carlos, hecho que la poblaci\u00f3n indignada asoci\u00f3 con los 3 mil litros de \u00e1cido sulf\u00farico que Grupo M\u00e9xico derram\u00f3 en el\u2026","rel":"","context":"En &quot;CINTILLO&quot;","block_context":{"text":"CINTILLO","link":"https:\/\/www.grieta.org.mx\/index.php\/category\/cintillo\/"},"img":{"alt_text":"","src":"https:\/\/i0.wp.com\/www.grieta.org.mx\/wp-content\/uploads\/2019\/07\/timthumb2.jpg?resize=350%2C200&ssl=1","width":350,"height":200,"srcset":"https:\/\/i0.wp.com\/www.grieta.org.mx\/wp-content\/uploads\/2019\/07\/timthumb2.jpg?resize=350%2C200&ssl=1 1x, https:\/\/i0.wp.com\/www.grieta.org.mx\/wp-content\/uploads\/2019\/07\/timthumb2.jpg?resize=525%2C300&ssl=1 1.5x, https:\/\/i0.wp.com\/www.grieta.org.mx\/wp-content\/uploads\/2019\/07\/timthumb2.jpg?resize=700%2C400&ssl=1 2x"},"classes":[]},{"id":36305,"url":"https:\/\/www.grieta.org.mx\/index.php\/2019\/07\/13\/grupo-mexico-impunidad-ante-graves-delitos-ambientales-sonora\/","url_meta":{"origin":36430,"position":3},"title":"Grupo M\u00e9xico: Impunidad ante graves delitos ambientales (Sonora)","author":"grieta","date":"13 julio, 2019","format":false,"excerpt":"HERMOSILLO, Son. (proceso.com.mx).- La imprudencia ambiental con la que opera Grupo M\u00e9xico est\u00e1 documentada en 127 infracciones federales que van desde derrumbes en sus minas hasta macroderrames de t\u00f3xicos. La organizaci\u00f3n de Grupo Poder ofrece un compilado de una catorcena de desastres ambientales registrados desde principios de este siglo. El\u2026","rel":"","context":"En &quot;CINTILLO&quot;","block_context":{"text":"CINTILLO","link":"https:\/\/www.grieta.org.mx\/index.php\/category\/cintillo\/"},"img":{"alt_text":"","src":"https:\/\/i0.wp.com\/www.grieta.org.mx\/wp-content\/uploads\/2019\/07\/Grupo-M%C3%A9xico-derrame.jpg?resize=350%2C200&ssl=1","width":350,"height":200,"srcset":"https:\/\/i0.wp.com\/www.grieta.org.mx\/wp-content\/uploads\/2019\/07\/Grupo-M%C3%A9xico-derrame.jpg?resize=350%2C200&ssl=1 1x, https:\/\/i0.wp.com\/www.grieta.org.mx\/wp-content\/uploads\/2019\/07\/Grupo-M%C3%A9xico-derrame.jpg?resize=525%2C300&ssl=1 1.5x, https:\/\/i0.wp.com\/www.grieta.org.mx\/wp-content\/uploads\/2019\/07\/Grupo-M%C3%A9xico-derrame.jpg?resize=700%2C400&ssl=1 2x"},"classes":[]},{"id":36073,"url":"https:\/\/www.grieta.org.mx\/index.php\/2019\/07\/05\/grupo-mexico-planea-construir-presa-de-jales-en-bacanuchi-ciudadanos-se-oponen-temen-otro-derrame-sonora\/","url_meta":{"origin":36430,"position":4},"title":"Grupo M\u00e9xico planea construir presa de jales en Bacanuchi, ciudadanos se oponen, temen otro derrame (Sonora)","author":"grieta","date":"5 julio, 2019","format":false,"excerpt":"https:\/\/proyectopuente.com.mx\/2019\/07\/05\/grupo-mexico-planea-construir-presa-de-jales-en-bacanuchi-ciudadanos-se-oponen-temen-otro-derrame-2\/","rel":"","context":"En &quot;Contaminaci\u00f3n ambiental por megaproyectos en Sonora&quot;","block_context":{"text":"Contaminaci\u00f3n ambiental por megaproyectos en Sonora","link":"https:\/\/www.grieta.org.mx\/index.php\/category\/noticias-nacionales\/sonora\/contaminacion-y-danos-a-la-naturaleza-por-megaproyectos\/"},"img":{"alt_text":"","src":"https:\/\/i0.wp.com\/www.grieta.org.mx\/wp-content\/uploads\/2018\/03\/14524434_1106112876131411_958039263622046936_o.jpg?resize=350%2C200&ssl=1","width":350,"height":200,"srcset":"https:\/\/i0.wp.com\/www.grieta.org.mx\/wp-content\/uploads\/2018\/03\/14524434_1106112876131411_958039263622046936_o.jpg?resize=350%2C200&ssl=1 1x, https:\/\/i0.wp.com\/www.grieta.org.mx\/wp-content\/uploads\/2018\/03\/14524434_1106112876131411_958039263622046936_o.jpg?resize=525%2C300&ssl=1 1.5x, https:\/\/i0.wp.com\/www.grieta.org.mx\/wp-content\/uploads\/2018\/03\/14524434_1106112876131411_958039263622046936_o.jpg?resize=700%2C400&ssl=1 2x"},"classes":[]},{"id":36918,"url":"https:\/\/www.grieta.org.mx\/index.php\/2019\/07\/23\/mineria-toxica-una-lacra-que-se-debe-exterminar-sonora\/","url_meta":{"origin":36430,"position":5},"title":"MINERIA T\u00d3XICA, UNA LACRA QUE SE DEBE EXTERMINAR (SONORA)","author":"grieta","date":"23 julio, 2019","format":false,"excerpt":"Celula Sergio Almaguer \/ El Partido de los Comunistas Guaymas, Sonora.- Grupo M\u00e9xico es un monopolio que opera en nuestro pa\u00eds con sus diferentes filiales, dedicados a la miner\u00eda, transporte ferroviario, log\u00edstica de transporte, planeaci\u00f3n de infraestructura energ\u00e9tica y se le puede identificar con los nombres de: America\u00b4s Mining Corporation,\u2026","rel":"","context":"En &quot;CINTILLO&quot;","block_context":{"text":"CINTILLO","link":"https:\/\/www.grieta.org.mx\/index.php\/category\/cintillo\/"},"img":{"alt_text":"","src":"https:\/\/i0.wp.com\/www.grieta.org.mx\/wp-content\/uploads\/2019\/07\/1.jpg?resize=350%2C200&ssl=1","width":350,"height":200,"srcset":"https:\/\/i0.wp.com\/www.grieta.org.mx\/wp-content\/uploads\/2019\/07\/1.jpg?resize=350%2C200&ssl=1 1x, https:\/\/i0.wp.com\/www.grieta.org.mx\/wp-content\/uploads\/2019\/07\/1.jpg?resize=525%2C300&ssl=1 1.5x"},"classes":[]}],"_links":{"self":[{"href":"https:\/\/www.grieta.org.mx\/index.php\/wp-json\/wp\/v2\/posts\/36430","targetHints":{"allow":["GET"]}}],"collection":[{"href":"https:\/\/www.grieta.org.mx\/index.php\/wp-json\/wp\/v2\/posts"}],"about":[{"href":"https:\/\/www.grieta.org.mx\/index.php\/wp-json\/wp\/v2\/types\/post"}],"author":[{"embeddable":true,"href":"https:\/\/www.grieta.org.mx\/index.php\/wp-json\/wp\/v2\/users\/2"}],"replies":[{"embeddable":true,"href":"https:\/\/www.grieta.org.mx\/index.php\/wp-json\/wp\/v2\/comments?post=36430"}],"version-history":[{"count":1,"href":"https:\/\/www.grieta.org.mx\/index.php\/wp-json\/wp\/v2\/posts\/36430\/revisions"}],"predecessor-version":[{"id":36434,"href":"https:\/\/www.grieta.org.mx\/index.php\/wp-json\/wp\/v2\/posts\/36430\/revisions\/36434"}],"wp:featuredmedia":[{"embeddable":true,"href":"https:\/\/www.grieta.org.mx\/index.php\/wp-json\/wp\/v2\/media\/36431"}],"wp:attachment":[{"href":"https:\/\/www.grieta.org.mx\/index.php\/wp-json\/wp\/v2\/media?parent=36430"}],"wp:term":[{"taxonomy":"category","embeddable":true,"href":"https:\/\/www.grieta.org.mx\/index.php\/wp-json\/wp\/v2\/categories?post=36430"},{"taxonomy":"post_tag","embeddable":true,"href":"https:\/\/www.grieta.org.mx\/index.php\/wp-json\/wp\/v2\/tags?post=36430"}],"curies":[{"name":"wp","href":"https:\/\/api.w.org\/{rel}","templated":true}]}}