{"id":36411,"date":"2019-07-14T13:23:45","date_gmt":"2019-07-14T18:23:45","guid":{"rendered":"http:\/\/www.grieta.org.mx\/?p=36411"},"modified":"2019-07-16T13:40:30","modified_gmt":"2019-07-16T18:40:30","slug":"sargazo-un-problema-planetario","status":"publish","type":"post","link":"https:\/\/www.grieta.org.mx\/index.php\/2019\/07\/14\/sargazo-un-problema-planetario\/","title":{"rendered":"Sargazo, un problema planetario"},"content":{"rendered":"<p><img loading=\"lazy\" decoding=\"async\" data-attachment-id=\"36408\" data-permalink=\"https:\/\/www.grieta.org.mx\/index.php\/2019\/06\/09\/la-amenaza-de-los-tiraderos-clandestinos-de-sargazo-quintana-roo\/06_pdp_vertederosdesargazo_090619_cs-19\/\" data-orig-file=\"https:\/\/www.grieta.org.mx\/wp-content\/uploads\/2019\/07\/06_PDP_VERTEDEROSDESARGAZO_090619_CS-19-e1563301052349.jpg\" data-orig-size=\"800,531\" data-comments-opened=\"0\" data-image-meta=\"{&quot;aperture&quot;:&quot;5&quot;,&quot;credit&quot;:&quot;&quot;,&quot;camera&quot;:&quot;CORPORATION&quot;,&quot;caption&quot;:&quot;&quot;,&quot;created_timestamp&quot;:&quot;1558782207&quot;,&quot;copyright&quot;:&quot;&quot;,&quot;focal_length&quot;:&quot;26&quot;,&quot;iso&quot;:&quot;200&quot;,&quot;shutter_speed&quot;:&quot;0.0015625&quot;,&quot;title&quot;:&quot;&quot;,&quot;orientation&quot;:&quot;1&quot;}\" data-image-title=\"06_PDP_VERTEDEROSDESARGAZO_090619_CS-19\" data-image-description=\"\" data-image-caption=\"\" data-medium-file=\"https:\/\/www.grieta.org.mx\/wp-content\/uploads\/2019\/07\/06_PDP_VERTEDEROSDESARGAZO_090619_CS-19-300x199.jpg\" data-large-file=\"https:\/\/www.grieta.org.mx\/wp-content\/uploads\/2019\/07\/06_PDP_VERTEDEROSDESARGAZO_090619_CS-19-1024x680.jpg\" src=\"http:\/\/www.grieta.org.mx\/wp-content\/uploads\/2019\/07\/06_PDP_VERTEDEROSDESARGAZO_090619_CS-19-e1563301052349.jpg\" alt=\"\" width=\"800\" height=\"531\" class=\"alignleft size-full wp-image-36408\" \/><\/p>\n<blockquote><p>El sargazo que se acumula en las playas del Caribe mexicano es un problema grave y es resultado en gran medida de la agroindustria y la deforestaci\u00f3n en regiones como la Amazonia o \u00c1frica. Sus peores consecuencias no son la merma al turismo mexicano, sino la afectaci\u00f3n de ecosistemas del Oc\u00e9ano Atl\u00e1ntico. La soluci\u00f3n, resumen especialistas, no es local, sino regional y planetaria<\/p><\/blockquote>\n<p>Por Lydiette Carri\u00f3n\/Pie de P\u00e1gina<br \/>\nFoto: Cecilia Su\u00e1rez \/ Archivo<\/p>\n<p>En M\u00e9xico, la discusi\u00f3n sobre el sargazo en las playas del Caribe se centra en las afectaciones al sector tur\u00edstico: las playas de arena blanca y mar celeste se tornan en mareas caf\u00e9s y costas pestilentes. Pero \u00e9ste no es un problema \u00fanicamente hotelero o econ\u00f3mico: las consecuencias m\u00e1s importantes son las ambientales que implican la contaminaci\u00f3n de playas, la destrucci\u00f3n de arrecifes, la muerte de fauna y flora marina de zonas enteras del mar.<\/p>\n<p>Su valor ambiental no tiene traducci\u00f3n en moneda alguna. Por eso, lo que ocurre en el Caribe \u201ces muy grave y requiere atenci\u00f3n urgente\u201d, concluye la doctora en Ciencias del Mar, Lorena Dur\u00e1n.<br \/>\nLa mec\u00e1nica del problema<\/p>\n<p>Mart\u00edn Merino Ibarra es investigador titular \u201cC\u201d del Instituto de Ciencias del Mar y Limnolog\u00eda de la UNAM. En entrevista telef\u00f3nica resume con sencillez la mec\u00e1nica que permite que se pase del mar celeste a la marea caf\u00e9.<\/p>\n<p>    \u201cPor irnos a la biolog\u00eda b\u00e1sica: las microalgas son productos primarios, es decir, fijan la luz [fotos\u00edntesis] y dan de comer al resto del ecosistema\u201d. <\/p>\n<p>Para que proliferen, se requiere b\u00e1sicamente dos cosas: luz y agua, ambos abundantes en el mar. \u201cLo \u00fanico que limita la proliferaci\u00f3n de algas son los nutrientes disponibles en el agua\u201d, y de \u00e9stos los principales son el nitr\u00f3geno y el f\u00f3sforo.<\/p>\n<p>En la capa superficial de los oc\u00e9anos tropicales, el nitr\u00f3geno y el f\u00f3sforo se encuentran de manera limitada. Pero, en todo el planeta, los seres humanos, \u201ccon nuestro consumo exacerbado, estamos a\u00f1adiendo nutrientes y haciendo a los ecosistemas acu\u00e1ticos m\u00e1s productivos\u201d, explica Merino.<\/p>\n<p>La palabra \u201cproductivo\u201d, en este contexto, significa lo siguiente: exceso de nitr\u00f3geno y f\u00f3sforo.<br \/>\nAguas fertilizadas<\/p>\n<p>Enormes regiones de bosques y selvas son desmontados para plantar monocultivos \u2013por ejemplo, la palma africana, en M\u00e9xico; la soja, en Sudam\u00e9rica, por nombrar unos\u2013 y \u00e9stos son fertilizados intensiva e indiscriminadamente con nitr\u00f3geno y f\u00f3sforo.<\/p>\n<p>Aqu\u00ed viene otro elemento clave: la deforestaci\u00f3n. Originalmente, los bosques y tierras previas reten\u00edan los nutrientes. Los \u00e1rboles mantienen una capa nutritiva arraigada en la tierra. Pero la agricultura intensiva y los monocultivos en general no constituyen un sistema saludable. Y \u00e9stos no s\u00f3lo representan p\u00e9rdida de biodiversidad y servicios ambientales en tierra. En estos terrenos erosionados o devastados, los nutrientes de la tierra son \u201clavados\u201d con cada lluvia y llegan, primero a los r\u00edos y luego al mar.<\/p>\n<p>El otro factor que llena de nutrientes el mar son los desag\u00fces. Las aguas negras, llenas de materia fecal y org\u00e1nica (pocas veces tratadas) se vierten a los r\u00edos y llegan al mar, donde las bacterias descomponen la materia org\u00e1nica liberando f\u00f3sforo y nitr\u00f3geno.<\/p>\n<p>Con todos esos nutrientes, las algas no tienen limitante para crecer. A este aumento significativo de nutrientes, en el lenguaje cient\u00edfico se le llama eutroficaci\u00f3n.<br \/>\nVeneno y asfixia<\/p>\n<p>En ambientes muy productivos, como puede ser la selva, donde hay muchos nutrientes y muchas especies compitiendo por espacio, las plantas se sienten atacadas entre s\u00ed, y algunas de ellas, para defenderse, despiden toxinas.<\/p>\n<p>Lo mismo ocurre en el mar y los lagos, cuando las algas crecen de forma indiscriminada. Algunas algas producen toxinas como elementos de defensa, explica Merino. Estas toxinas se pueden acumular en la cadena tr\u00f3fica, generando mortalidad de peces y causando afectaciones tambi\u00e9n a los humanos que consumen el agua y dichos organismos.<\/p>\n<p>Mientras tanto, la cobertura total de la superficie por las algas puede impedir que la luz del sol llegue al fondo del mar, y como  consecuencia se hace imposible la fotos\u00edntesis en pastos marinos y arrecifes, y \u00e9stos mueren. Al limitarse la producci\u00f3n de ox\u00edgeno disponible en el agua, tambi\u00e9n puede ocurrir que peces y otros organismos que requieren ox\u00edgeno tambi\u00e9n mueran.<\/p>\n<p>Pero \u00e9sta no es la \u00faltima fase del problema. Una vez que el mar est\u00e1 saturado de algas, \u00e9stas tambi\u00e9n comienzan a morir y a descomponerse. Y las bacterias que se alimentan de sus restos agotan a\u00fan m\u00e1s el ox\u00edgeno en el agua.<\/p>\n<p>Sin ox\u00edgeno en el agua no pueden vivir peces, ni arrecifes, ni algas, ni ning\u00fan organismo pluricelular. En otras palabras, el proceso de eutrofizaci\u00f3n puede ser devastador al excluir  la vida m\u00e1s compleja en el sistema en el que ocurre.<\/p>\n<p>\u2014\u00bfEntonces se podr\u00eda decir que el sargazo es ocasionado por la agroindustria y la contaminaci\u00f3n?\u2014  Es una pregunta para el investigador Mart\u00edn Merino. <\/p>\n<p>\u2014Esa es la ra\u00edz del problema.<br \/>\n<img loading=\"lazy\" decoding=\"async\" data-attachment-id=\"36405\" data-permalink=\"https:\/\/www.grieta.org.mx\/index.php\/2019\/06\/09\/la-amenaza-de-los-tiraderos-clandestinos-de-sargazo-quintana-roo\/sargazo3\/\" data-orig-file=\"https:\/\/www.grieta.org.mx\/wp-content\/uploads\/2019\/07\/Sargazo3.png\" data-orig-size=\"758,530\" data-comments-opened=\"0\" data-image-meta=\"{&quot;aperture&quot;:&quot;0&quot;,&quot;credit&quot;:&quot;&quot;,&quot;camera&quot;:&quot;&quot;,&quot;caption&quot;:&quot;&quot;,&quot;created_timestamp&quot;:&quot;0&quot;,&quot;copyright&quot;:&quot;&quot;,&quot;focal_length&quot;:&quot;0&quot;,&quot;iso&quot;:&quot;0&quot;,&quot;shutter_speed&quot;:&quot;0&quot;,&quot;title&quot;:&quot;&quot;,&quot;orientation&quot;:&quot;0&quot;}\" data-image-title=\"Sargazo3\" data-image-description=\"\" data-image-caption=\"\" data-medium-file=\"https:\/\/www.grieta.org.mx\/wp-content\/uploads\/2019\/07\/Sargazo3-300x210.png\" data-large-file=\"https:\/\/www.grieta.org.mx\/wp-content\/uploads\/2019\/07\/Sargazo3.png\" src=\"http:\/\/www.grieta.org.mx\/wp-content\/uploads\/2019\/07\/Sargazo3.png\" alt=\"\" width=\"758\" height=\"530\" class=\"alignleft size-full wp-image-36405\" srcset=\"https:\/\/www.grieta.org.mx\/wp-content\/uploads\/2019\/07\/Sargazo3.png 758w, https:\/\/www.grieta.org.mx\/wp-content\/uploads\/2019\/07\/Sargazo3-300x210.png 300w, https:\/\/www.grieta.org.mx\/wp-content\/uploads\/2019\/07\/Sargazo3-715x500.png 715w\" sizes=\"auto, (max-width: 758px) 100vw, 758px\" \/><\/p>\n<p>Zonas muertas<\/p>\n<p>Estos procesos de eutroficaci\u00f3n son m\u00e1s evidentes en cuerpos de agua peque\u00f1os. En el mar, por su tama\u00f1o, no es tan evidente. Pero ya hay algunas zonas muertas debido a la actividad humana. Una de ellas, por ejemplo, est\u00e1 en la desemboca el R\u00edo Mississippi, en el estado de Louisiana, en Estados Unidos. Al arrastrar los nutrientes de la agroindustria de pr\u00e1cticamente medio pa\u00eds, la descarga de este r\u00edo genera una de las zonas muertas m\u00e1s grandes del mundo.<\/p>\n<p>Otro punto rojo en el mapa de las zonas muertas en los mares es la descarga del R\u00edo Amazonas y del Orinoco. Ambos, cargados de nitr\u00f3geno y f\u00f3sforo producto de la deforestaci\u00f3n, los monocultivos.  En el caso del aumento del sargazo en el oc\u00e9ano Atl\u00e1ntico, se atribuye un papel importante a estos r\u00edos.<br \/>\nCaribe en peligro<\/p>\n<p>En 2017, Brigitta Van Tussenbroek, investigadora del Instituto de Ciencias del Mar y Limnolog\u00eda de la UNAM, public\u00f3 junto con otros colegas la investigaci\u00f3n:  \u201cImpactos severos de las mareas caf\u00e9s ocasionadas por Sargazo en las comunidades de pastos marinos cerca de la orilla\u201d (Severe impacts of brown tides caused by Sargassum spp. on near-shore Caribbean seagrass communities).<\/p>\n<p>En el art\u00edculo, se detalla que desde mediados de 2014 hasta el final de 2015, el Caribe mexicano experiment\u00f3 un mayor influjo de sargazo que se acumul\u00f3 en las orillas, lo que devino en material putrefacto en las playas, y mareas caf\u00e9s en la cercan\u00eda. Cuando las algas se pudren en el mar, disminuye sustancialmente el ox\u00edgeno en el mar, as\u00ed como la luz que se filtra y cambia el ph del agua. Adem\u00e1s aumentan las cantidades de nitr\u00f3geno y de f\u00f3sforo.<\/p>\n<p>De acuerdo al estudio, este cambio de las condiciones ocasion\u00f3  que los pastos marinos en las aguas someras del Caribe mexicano, que originalmente eran dominados por una variedad conocida como \u201chierba de tortuga\u201d (Thalassia testudinum),  fueran reemplazados por algas limosas o calc\u00e1reas. Con ello se perdi\u00f3 entre el 61 y el 99.5 por ciento de la biomasa de pastos marinos en las \u00e1reas investigadas.<\/p>\n<p>La hierba de tortuga alimenta tortugas, peces y otras especies. Realiza fotos\u00edntesis y carga de ox\u00edgeno el mar. Con la muerte de los pastizales, concluye el estudio, los arrecifes de coral cercanos murieron total o parcialmente. \u201cLa recuperaci\u00f3n de los pastos marinos puede llevar a\u00f1os o d\u00e9cadas\u201d; o los cambios pueden ser permanentes si la llegada masiva de sargazo prevalece, apunta.<br \/>\nProblema planetario, soluci\u00f3n planetaria<\/p>\n<p>En la prensa mexicana, y en las discusiones gubernamentales, el tema del sargazo se ha discutido \u00fanicamente como un atentado contra el turismo. Y la postura \u2013que fue duramente criticada\u2013 del presidente Manuel L\u00f3pez Obrador fue la de que no era un problema grave.<\/p>\n<p>Las propuestas giran en torno a retirar el alga que llega a las playas y aguas litorales, e incluso aprovechar econ\u00f3micamente esta materia para producir energ\u00eda, productos cosm\u00e9ticos y otras cosas m\u00e1s. Si bien es verdad que esto puede paliar el problema, no lo resuelve.<\/p>\n<p>\u201cEl sargazo no es solamente un problema local, sino de toda  la cuenca del Atl\u00e1ntico. La soluci\u00f3n debe ser planetaria\u201d, explica Mart\u00edn Merino. El investigador propone  \u201chacer un sistema mundial de control de descargas. Necesitamos administrar colectivamente cu\u00e1nto nitr\u00f3geno y f\u00f3sforo se puede arreojar al oc\u00e9ano\u201d.<\/p>\n<p>Referencias<\/p>\n<p>Para este reportaje, se cont\u00f3 con la ayuda de los siguientes investigadores, quienes proporcionaron no s\u00f3lo entrevistas, sino material cient\u00edfico.<\/p>\n<p>Mart\u00edn Merino (Investigador titular \u201cC\u201d. Instituto de Ciencias del MAr y Limnolog\u00eda, UNAM)<\/p>\n<p>Emiliano Monroy R\u00edos (Bioqu\u00edmico, investigador en cenotes)<\/p>\n<p>Lorena Dur\u00e1n (Instituto de Ciencias del Mar y Limnolog\u00eda, UNAM, Puerto Morelos) <\/p>\n<p><a href=\"https:\/\/piedepagina.mx\/sargazo-un-problema-planetario\/\" rel=\"noopener noreferrer\" target=\"_blank\">https:\/\/piedepagina.mx\/sargazo-un-problema-planetario\/<\/a><\/p>\n","protected":false},"excerpt":{"rendered":"<p>El sargazo que se acumula en las playas del Caribe mexicano es un problema grave y es resultado en gran medida de la agroindustria y la deforestaci\u00f3n en regiones como &hellip; <a href=\"https:\/\/www.grieta.org.mx\/index.php\/2019\/07\/14\/sargazo-un-problema-planetario\/\" class=\"more-link\">Leer m\u00e1s<\/a><\/p>\n","protected":false},"author":2,"featured_media":36408,"comment_status":"closed","ping_status":"closed","sticky":false,"template":"","format":"standard","meta":{"ngg_post_thumbnail":0,"_jetpack_newsletter_access":"","_jetpack_dont_email_post_to_subs":false,"_jetpack_newsletter_tier_id":0,"_jetpack_memberships_contains_paywalled_content":false,"_jetpack_memberships_contains_paid_content":false,"footnotes":""},"categories":[80,2749,2,28],"tags":[1546,2187,2750],"class_list":["post-36411","post","type-post","status-publish","format-standard","has-post-thumbnail","hentry","category-cintillo","category-destruccion-y-contaminacion-ambiental-en-quintana-roo","category-noticias-nacionales","category-quintana-roo","tag-contaminacion-aguas-marinas","tag-crisis-ambiental","tag-sargazo","entry"],"jetpack_featured_media_url":"https:\/\/www.grieta.org.mx\/wp-content\/uploads\/2019\/07\/06_PDP_VERTEDEROSDESARGAZO_090619_CS-19-e1563301052349.jpg","jetpack_sharing_enabled":true,"jetpack_shortlink":"https:\/\/wp.me\/p7ZJR4-9th","jetpack_likes_enabled":false,"jetpack-related-posts":[{"id":36402,"url":"https:\/\/www.grieta.org.mx\/index.php\/2019\/06\/09\/la-amenaza-de-los-tiraderos-clandestinos-de-sargazo-quintana-roo\/","url_meta":{"origin":36411,"position":0},"title":"La amenaza de los tiraderos clandestinos de sargazo (Quintana Roo)","author":"grieta","date":"9 junio, 2019","format":false,"excerpt":"Toneladas de sargazo terminan en tiraderos clandestinos que, por no contar con las medidas necesarias, ponen en peligro el medio ambiente. Hasta ahora, ninguna instancia de gobierno atiende este problema que atenta contra el mar, r\u00edos subterr\u00e1neos, arenales, fauna marina y a los arrecifes de corales. Es una cat\u00e1strofe, denuncian\u2026","rel":"","context":"En &quot;CINTILLO&quot;","block_context":{"text":"CINTILLO","link":"https:\/\/www.grieta.org.mx\/index.php\/category\/cintillo\/"},"img":{"alt_text":"","src":"https:\/\/i0.wp.com\/www.grieta.org.mx\/wp-content\/uploads\/2019\/07\/PDP_VERTEDEROSDESARGAZO_090619_CS-5-1-1140x570-e1563300346542.jpg?resize=350%2C200&ssl=1","width":350,"height":200,"srcset":"https:\/\/i0.wp.com\/www.grieta.org.mx\/wp-content\/uploads\/2019\/07\/PDP_VERTEDEROSDESARGAZO_090619_CS-5-1-1140x570-e1563300346542.jpg?resize=350%2C200&ssl=1 1x, https:\/\/i0.wp.com\/www.grieta.org.mx\/wp-content\/uploads\/2019\/07\/PDP_VERTEDEROSDESARGAZO_090619_CS-5-1-1140x570-e1563300346542.jpg?resize=525%2C300&ssl=1 1.5x, https:\/\/i0.wp.com\/www.grieta.org.mx\/wp-content\/uploads\/2019\/07\/PDP_VERTEDEROSDESARGAZO_090619_CS-5-1-1140x570-e1563300346542.jpg?resize=700%2C400&ssl=1 2x"},"classes":[]},{"id":42778,"url":"https:\/\/www.grieta.org.mx\/index.php\/2019\/12\/20\/playa-del-carmen-recogedores-de-sargazo-en-paro-de-labores\/","url_meta":{"origin":36411,"position":1},"title":"Playa del Carmen: recogedores de sargazo, en paro de labores","author":"grieta","date":"20 diciembre, 2019","format":false,"excerpt":"Octavio Mart\u00ednez\/SIPSE PLAYA DEL CARMEN, Q. Roo.- Un grupo de 70 trabajadores de la empresa Grupo ArCo, contratada por el ayuntamiento para recoger el sargazo en la playa, inici\u00f3 un paro de labores por incumplimiento en el pago de salarios. Fue alrededor de las 10 horas de ayer que el\u2026","rel":"","context":"En &quot;CINTILLO&quot;","block_context":{"text":"CINTILLO","link":"https:\/\/www.grieta.org.mx\/index.php\/category\/cintillo\/"},"img":{"alt_text":"","src":"https:\/\/i0.wp.com\/www.grieta.org.mx\/wp-content\/uploads\/2020\/01\/1576800257165-e1578345467332.jpg?resize=350%2C200&ssl=1","width":350,"height":200,"srcset":"https:\/\/i0.wp.com\/www.grieta.org.mx\/wp-content\/uploads\/2020\/01\/1576800257165-e1578345467332.jpg?resize=350%2C200&ssl=1 1x, https:\/\/i0.wp.com\/www.grieta.org.mx\/wp-content\/uploads\/2020\/01\/1576800257165-e1578345467332.jpg?resize=525%2C300&ssl=1 1.5x, https:\/\/i0.wp.com\/www.grieta.org.mx\/wp-content\/uploads\/2020\/01\/1576800257165-e1578345467332.jpg?resize=700%2C400&ssl=1 2x"},"classes":[]},{"id":37843,"url":"https:\/\/www.grieta.org.mx\/index.php\/2019\/08\/10\/barrera-antisargazo-dana-arrecife-en-puerto-morelos-quintana-roo\/","url_meta":{"origin":36411,"position":2},"title":"Barrera &#8216;antisargazo&#8217; da\u00f1a arrecife en Puerto Morelos (Quintana Roo)","author":"grieta","date":"10 agosto, 2019","format":false,"excerpt":"Dos estructuras de cemento conocidos como 'muertos' aplastaron coral y da\u00f1aron el lecho marino del Sistema Arrecifal Mesoamericano. Ya hay una denuncia ante la Profepa. Renan Quintal\/El Financiero Pen\u00ednsula Dos 'muertos' de concreto, utilizados para fijar barreras antisargazo, se encuentran sobre el lecho marino y aplastan parte de un \u00e1rea\u2026","rel":"","context":"En &quot;CINTILLO&quot;","block_context":{"text":"CINTILLO","link":"https:\/\/www.grieta.org.mx\/index.php\/category\/cintillo\/"},"img":{"alt_text":"","src":"https:\/\/i0.wp.com\/www.grieta.org.mx\/wp-content\/uploads\/2019\/08\/Sargazo-e1565667116123.jpeg?resize=350%2C200&ssl=1","width":350,"height":200,"srcset":"https:\/\/i0.wp.com\/www.grieta.org.mx\/wp-content\/uploads\/2019\/08\/Sargazo-e1565667116123.jpeg?resize=350%2C200&ssl=1 1x, https:\/\/i0.wp.com\/www.grieta.org.mx\/wp-content\/uploads\/2019\/08\/Sargazo-e1565667116123.jpeg?resize=525%2C300&ssl=1 1.5x, https:\/\/i0.wp.com\/www.grieta.org.mx\/wp-content\/uploads\/2019\/08\/Sargazo-e1565667116123.jpeg?resize=700%2C400&ssl=1 2x"},"classes":[]},{"id":68844,"url":"https:\/\/www.grieta.org.mx\/index.php\/2024\/04\/29\/ambientalistas-clausuran-las-oficinas-de-semarnat-tras-calificarla-de-ecocida-quintana-roo\/","url_meta":{"origin":36411,"position":3},"title":"Ambientalistas &#8220;clausuran&#8221; las oficinas de Semarnat tras calificarla de ecocida (Quintana Roo)","author":"grieta","date":"29 abril, 2024","format":false,"excerpt":"Leslie Gordillo \/ NOTICARIBE PENINSULAR CANC\u00daN.- Un grupo de ambientalistas, representante de diferentes organismos y asociaciones civiles, se manifestaron en la zona hotelera de Canc\u00fan y clausuraron de manera simb\u00f3lica las oficinas de la Secretar\u00eda de Medio Ambiente y Recursos Naturales (Semarnat). La denuncia es que la Semarnat ha sido\u2026","rel":"","context":"En &quot;Campeche&quot;","block_context":{"text":"Campeche","link":"https:\/\/www.grieta.org.mx\/index.php\/category\/noticias-nacionales\/campeche\/"},"img":{"alt_text":"","src":"https:\/\/i0.wp.com\/www.grieta.org.mx\/wp-content\/uploads\/2024\/04\/ambientalitas-e1715552774254.jpg?resize=350%2C200&ssl=1","width":350,"height":200,"srcset":"https:\/\/i0.wp.com\/www.grieta.org.mx\/wp-content\/uploads\/2024\/04\/ambientalitas-e1715552774254.jpg?resize=350%2C200&ssl=1 1x, https:\/\/i0.wp.com\/www.grieta.org.mx\/wp-content\/uploads\/2024\/04\/ambientalitas-e1715552774254.jpg?resize=525%2C300&ssl=1 1.5x, https:\/\/i0.wp.com\/www.grieta.org.mx\/wp-content\/uploads\/2024\/04\/ambientalitas-e1715552774254.jpg?resize=700%2C400&ssl=1 2x"},"classes":[]},{"id":50055,"url":"https:\/\/www.grieta.org.mx\/index.php\/2020\/05\/30\/una-mansion-y-la-tala-de-palma-en-hotel-de-palazuelos-amenazan-area-protegida-en-tulum-acusan\/","url_meta":{"origin":36411,"position":4},"title":"Una mansi\u00f3n y la tala de palma en hotel de Palazuelos amenazan \u00e1rea protegida en Tulum, acusan","author":"grieta","date":"30 mayo, 2020","format":false,"excerpt":"Dulce Olvera \/ Sin Embargo La temporada de anidaci\u00f3n de tortugas en el Caribe finaliz\u00f3 en noviembre del 2019, cuando guardaparques de la Comisi\u00f3n Nacional de \u00c1reas Naturales Protegidas encontraron una obra negra en construcci\u00f3n, pese a estar prohibido. Lo denunciaron ante la Profepa y la Fiscal\u00eda. A finales de\u2026","rel":"","context":"En &quot;CINTILLO&quot;","block_context":{"text":"CINTILLO","link":"https:\/\/www.grieta.org.mx\/index.php\/category\/cintillo\/"},"img":{"alt_text":"","src":"https:\/\/i0.wp.com\/www.grieta.org.mx\/wp-content\/uploads\/2020\/05\/tulum_protegida-e1590969810263.jpg?resize=350%2C200&ssl=1","width":350,"height":200,"srcset":"https:\/\/i0.wp.com\/www.grieta.org.mx\/wp-content\/uploads\/2020\/05\/tulum_protegida-e1590969810263.jpg?resize=350%2C200&ssl=1 1x, https:\/\/i0.wp.com\/www.grieta.org.mx\/wp-content\/uploads\/2020\/05\/tulum_protegida-e1590969810263.jpg?resize=525%2C300&ssl=1 1.5x, https:\/\/i0.wp.com\/www.grieta.org.mx\/wp-content\/uploads\/2020\/05\/tulum_protegida-e1590969810263.jpg?resize=700%2C400&ssl=1 2x"},"classes":[]},{"id":13247,"url":"https:\/\/www.grieta.org.mx\/index.php\/2016\/08\/12\/oposicion-a-la-creacion-de-la-reserva-de-la-biosfera-del-caribe-mexicano\/","url_meta":{"origin":36411,"position":5},"title":"Oposici\u00f3n a la creaci\u00f3n de la Reserva de la Bi\u00f3sfera del Caribe Mexicano","author":"grieta","date":"12 agosto, 2016","format":false,"excerpt":"12\/08\/16. Nueva \u00e1rea protegida desata ventarr\u00f3n en el Caribe Mexicano El Economista 30\/05\/16. Frente com\u00fan contra la RBCM (Quintana Roo) Por esto","rel":"","context":"En &quot;\u00c1reas naturales protegidas&quot;","block_context":{"text":"\u00c1reas naturales protegidas","link":"https:\/\/www.grieta.org.mx\/index.php\/category\/megaproyectos\/areas-naturales-protegidas\/"},"img":{"alt_text":"","src":"https:\/\/i0.wp.com\/www.grieta.org.mx\/wp-content\/uploads\/2018\/03\/14524434_1106112876131411_958039263622046936_o.jpg?resize=350%2C200&ssl=1","width":350,"height":200,"srcset":"https:\/\/i0.wp.com\/www.grieta.org.mx\/wp-content\/uploads\/2018\/03\/14524434_1106112876131411_958039263622046936_o.jpg?resize=350%2C200&ssl=1 1x, https:\/\/i0.wp.com\/www.grieta.org.mx\/wp-content\/uploads\/2018\/03\/14524434_1106112876131411_958039263622046936_o.jpg?resize=525%2C300&ssl=1 1.5x, https:\/\/i0.wp.com\/www.grieta.org.mx\/wp-content\/uploads\/2018\/03\/14524434_1106112876131411_958039263622046936_o.jpg?resize=700%2C400&ssl=1 2x"},"classes":[]}],"_links":{"self":[{"href":"https:\/\/www.grieta.org.mx\/index.php\/wp-json\/wp\/v2\/posts\/36411","targetHints":{"allow":["GET"]}}],"collection":[{"href":"https:\/\/www.grieta.org.mx\/index.php\/wp-json\/wp\/v2\/posts"}],"about":[{"href":"https:\/\/www.grieta.org.mx\/index.php\/wp-json\/wp\/v2\/types\/post"}],"author":[{"embeddable":true,"href":"https:\/\/www.grieta.org.mx\/index.php\/wp-json\/wp\/v2\/users\/2"}],"replies":[{"embeddable":true,"href":"https:\/\/www.grieta.org.mx\/index.php\/wp-json\/wp\/v2\/comments?post=36411"}],"version-history":[{"count":1,"href":"https:\/\/www.grieta.org.mx\/index.php\/wp-json\/wp\/v2\/posts\/36411\/revisions"}],"predecessor-version":[{"id":36412,"href":"https:\/\/www.grieta.org.mx\/index.php\/wp-json\/wp\/v2\/posts\/36411\/revisions\/36412"}],"wp:featuredmedia":[{"embeddable":true,"href":"https:\/\/www.grieta.org.mx\/index.php\/wp-json\/wp\/v2\/media\/36408"}],"wp:attachment":[{"href":"https:\/\/www.grieta.org.mx\/index.php\/wp-json\/wp\/v2\/media?parent=36411"}],"wp:term":[{"taxonomy":"category","embeddable":true,"href":"https:\/\/www.grieta.org.mx\/index.php\/wp-json\/wp\/v2\/categories?post=36411"},{"taxonomy":"post_tag","embeddable":true,"href":"https:\/\/www.grieta.org.mx\/index.php\/wp-json\/wp\/v2\/tags?post=36411"}],"curies":[{"name":"wp","href":"https:\/\/api.w.org\/{rel}","templated":true}]}}